{"id":24058,"date":"2025-04-28T19:41:19","date_gmt":"2025-04-28T16:41:19","guid":{"rendered":"https:\/\/kuzeyinsesi.org\/index.php\/2025\/04\/28\/basaran-duzgunun-yeni-kitabi-icin-tanitim-etkinligi-duzenleniyor\/"},"modified":"2025-04-28T19:41:19","modified_gmt":"2025-04-28T16:41:19","slug":"basaran-duzgunun-yeni-kitabi-icin-tanitim-etkinligi-duzenleniyor","status":"publish","type":"post","link":"https:\/\/kuzeyinsesi.org\/index.php\/2025\/04\/28\/basaran-duzgunun-yeni-kitabi-icin-tanitim-etkinligi-duzenleniyor\/","title":{"rendered":"Ba\u015faran D\u00fczg\u00fcn\u2019\u00fcn yeni kitab\u0131 i\u00e7in tan\u0131t\u0131m etkinli\u011fi d\u00fczenleniyor"},"content":{"rendered":"<div>\n<div class=\"mariselle-image-container center\">\n                                            <\/div>\n<p>Gazeteci-Yazar Ba\u015faran D\u00fczg\u00fcn\u2019\u00fcn \u201cPembe Boyal\u0131 Oda\u201d roman\u0131n\u0131n tan\u0131t\u0131m etkinli\u011fi yar\u0131n ak\u015fam I\u015f\u0131k Kitabevi\u2019nde yap\u0131lacak.<\/p>\n<p>Verilen bilgiye g\u00f6re, yar\u0131n saat 18.30\u2019da I\u015f\u0131k Kitabevi\u2019nin \u00fcst kat\u0131ndaki BlackBird Social Cafe\u2019de yap\u0131lacak tan\u0131t\u0131m etkinli\u011finde D\u00fczg\u00fcn kitab\u0131n\u0131 okuyucular\u0131 i\u00e7in imzalayacak.<\/p>\n<p>Etkinlikte roman\u0131n edit\u00f6r\u00fc Nurper Moreket ve Gazeteci-Yazar Ahmet Okan da birer konu\u015fma yapacak.<\/p>\n<p>Ba\u015faran D\u00fczg\u00fcn\u2019\u00fcn 358 sayfal\u0131k bireysel ve toplumsal belle\u011fi irdeleyen roman\u0131 \u201cPembe Boyal\u0131 Oda\u201d Ekinoks Yay\u0131nlar\u0131 taraf\u0131ndan yay\u0131mland\u0131.<\/p>\n<\/p><\/div>\n<p><script async\n                    defer\n                    crossorigin=\"anonymous\"\n                    src=\"https:\/\/connect.facebook.net\/tr_TR\/sdk.js#xfbml=1&#038;version=v3.3\"\n            ><\/script><\/p>\n","protected":false},"excerpt":{"rendered":"<p>Gazeteci-Yazar Ba\u015faran D\u00fczg\u00fcn\u2019\u00fcn \u201cPembe Boyal\u0131 Oda\u201d roman\u0131n\u0131n tan\u0131t\u0131m etkinli\u011fi yar\u0131n ak\u015fam I\u015f\u0131k Kitabevi\u2019nde yap\u0131lacak. Verilen bilgiye g\u00f6re, yar\u0131n saat 18.30\u2019da I\u015f\u0131k Kitabevi\u2019nin \u00fcst kat\u0131ndaki BlackBird Social Cafe\u2019de yap\u0131lacak tan\u0131t\u0131m etkinli\u011finde D\u00fczg\u00fcn kitab\u0131n\u0131 okuyucular\u0131 i\u00e7in imzalayacak. Etkinlikte roman\u0131n edit\u00f6r\u00fc Nurper Moreket ve Gazeteci-Yazar Ahmet Okan da birer konu\u015fma yapacak. Ba\u015faran D\u00fczg\u00fcn\u2019\u00fcn 358 sayfal\u0131k bireysel ve toplumsal [&hellip;]<\/p>\n","protected":false},"author":1,"featured_media":24059,"comment_status":"open","ping_status":"open","sticky":false,"template":"","format":"standard","meta":{"jnews-multi-image_gallery":[],"jnews_single_post":[],"jnews_primary_category":[],"jnews_social_meta":[],"jnews_override_counter":[],"footnotes":""},"categories":[6],"tags":[],"class_list":["post-24058","post","type-post","status-publish","format-standard","has-post-thumbnail","hentry","category-yasam"],"yoast_head":"<!-- This site is optimized with the Yoast SEO plugin v27.4 - https:\/\/yoast.com\/product\/yoast-seo-wordpress\/ -->\n<title>Ba\u015faran D\u00fczg\u00fcn\u2019\u00fcn yeni kitab\u0131 i\u00e7in tan\u0131t\u0131m etkinli\u011fi d\u00fczenleniyor - Kuzeyin Sesi<\/title>\n<meta name=\"robots\" content=\"index, follow, max-snippet:-1, max-image-preview:large, max-video-preview:-1\" \/>\n<link rel=\"canonical\" href=\"https:\/\/kuzeyinsesi.org\/index.php\/2025\/04\/28\/basaran-duzgunun-yeni-kitabi-icin-tanitim-etkinligi-duzenleniyor\/\" \/>\n<meta property=\"og:locale\" content=\"tr_TR\" \/>\n<meta property=\"og:type\" content=\"article\" \/>\n<meta property=\"og:title\" content=\"Ba\u015faran D\u00fczg\u00fcn\u2019\u00fcn yeni kitab\u0131 i\u00e7in tan\u0131t\u0131m etkinli\u011fi d\u00fczenleniyor - Kuzeyin Sesi\" \/>\n<meta property=\"og:description\" content=\"Gazeteci-Yazar Ba\u015faran D\u00fczg\u00fcn\u2019\u00fcn \u201cPembe Boyal\u0131 Oda\u201d roman\u0131n\u0131n tan\u0131t\u0131m etkinli\u011fi yar\u0131n ak\u015fam I\u015f\u0131k Kitabevi\u2019nde yap\u0131lacak. Verilen bilgiye g\u00f6re, yar\u0131n saat 18.30\u2019da I\u015f\u0131k Kitabevi\u2019nin \u00fcst kat\u0131ndaki BlackBird Social Cafe\u2019de yap\u0131lacak tan\u0131t\u0131m etkinli\u011finde D\u00fczg\u00fcn kitab\u0131n\u0131 okuyucular\u0131 i\u00e7in imzalayacak. Etkinlikte roman\u0131n edit\u00f6r\u00fc Nurper Moreket ve Gazeteci-Yazar Ahmet Okan da birer konu\u015fma yapacak. Ba\u015faran D\u00fczg\u00fcn\u2019\u00fcn 358 sayfal\u0131k bireysel ve toplumsal [&hellip;]\" \/>\n<meta property=\"og:url\" content=\"https:\/\/kuzeyinsesi.org\/index.php\/2025\/04\/28\/basaran-duzgunun-yeni-kitabi-icin-tanitim-etkinligi-duzenleniyor\/\" \/>\n<meta property=\"og:site_name\" content=\"Kuzeyin Sesi\" \/>\n<meta property=\"article:publisher\" content=\"https:\/\/www.facebook.com\/kuzeyinsesii\" \/>\n<meta property=\"article:published_time\" content=\"2025-04-28T16:41:19+00:00\" \/>\n<meta property=\"og:image\" content=\"https:\/\/brtk.net\/wp-content\/uploads\/2025\/04\/28\/pembe.jpg?ver=a9e0abf452833e97ef4a8a59298082a5\" \/>\n<meta name=\"author\" content=\"Kuzeyin Sesi\" \/>\n<meta name=\"twitter:card\" content=\"summary_large_image\" \/>\n<meta name=\"twitter:creator\" content=\"@kuzeyinsesii\" \/>\n<meta name=\"twitter:site\" content=\"@kuzeyinsesii\" \/>\n<meta name=\"twitter:label1\" content=\"Yazan:\" \/>\n\t<meta name=\"twitter:data1\" content=\"Kuzeyin Sesi\" \/>\n\t<meta name=\"twitter:label2\" content=\"Tahmini okuma s\u00fcresi\" \/>\n\t<meta name=\"twitter:data2\" content=\"1 dakika\" \/>\n<script type=\"application\/ld+json\" class=\"yoast-schema-graph\">{\"@context\":\"https:\\\/\\\/schema.org\",\"@graph\":[{\"@type\":\"Article\",\"@id\":\"https:\\\/\\\/kuzeyinsesi.org\\\/index.php\\\/2025\\\/04\\\/28\\\/basaran-duzgunun-yeni-kitabi-icin-tanitim-etkinligi-duzenleniyor\\\/#article\",\"isPartOf\":{\"@id\":\"https:\\\/\\\/kuzeyinsesi.org\\\/index.php\\\/2025\\\/04\\\/28\\\/basaran-duzgunun-yeni-kitabi-icin-tanitim-etkinligi-duzenleniyor\\\/\"},\"author\":{\"name\":\"Kuzeyin Sesi\",\"@id\":\"https:\\\/\\\/kuzeyinsesi.org\\\/#\\\/schema\\\/person\\\/9f859689cdf01485597712386e37f5aa\"},\"headline\":\"Ba\u015faran D\u00fczg\u00fcn\u2019\u00fcn yeni kitab\u0131 i\u00e7in tan\u0131t\u0131m etkinli\u011fi d\u00fczenleniyor\",\"datePublished\":\"2025-04-28T16:41:19+00:00\",\"mainEntityOfPage\":{\"@id\":\"https:\\\/\\\/kuzeyinsesi.org\\\/index.php\\\/2025\\\/04\\\/28\\\/basaran-duzgunun-yeni-kitabi-icin-tanitim-etkinligi-duzenleniyor\\\/\"},\"wordCount\":121,\"commentCount\":0,\"image\":{\"@id\":\"https:\\\/\\\/kuzeyinsesi.org\\\/index.php\\\/2025\\\/04\\\/28\\\/basaran-duzgunun-yeni-kitabi-icin-tanitim-etkinligi-duzenleniyor\\\/#primaryimage\"},\"thumbnailUrl\":\"https:\\\/\\\/kuzeyinsesi.org\\\/wp-content\\\/uploads\\\/2025\\\/04\\\/pembe.jpg\",\"articleSection\":[\"Ya\u015fam\"],\"inLanguage\":\"tr\",\"potentialAction\":[{\"@type\":\"CommentAction\",\"name\":\"Comment\",\"target\":[\"https:\\\/\\\/kuzeyinsesi.org\\\/index.php\\\/2025\\\/04\\\/28\\\/basaran-duzgunun-yeni-kitabi-icin-tanitim-etkinligi-duzenleniyor\\\/#respond\"]}]},{\"@type\":\"WebPage\",\"@id\":\"https:\\\/\\\/kuzeyinsesi.org\\\/index.php\\\/2025\\\/04\\\/28\\\/basaran-duzgunun-yeni-kitabi-icin-tanitim-etkinligi-duzenleniyor\\\/\",\"url\":\"https:\\\/\\\/kuzeyinsesi.org\\\/index.php\\\/2025\\\/04\\\/28\\\/basaran-duzgunun-yeni-kitabi-icin-tanitim-etkinligi-duzenleniyor\\\/\",\"name\":\"Ba\u015faran D\u00fczg\u00fcn\u2019\u00fcn yeni kitab\u0131 i\u00e7in tan\u0131t\u0131m etkinli\u011fi d\u00fczenleniyor - Kuzeyin Sesi\",\"isPartOf\":{\"@id\":\"https:\\\/\\\/kuzeyinsesi.org\\\/#website\"},\"primaryImageOfPage\":{\"@id\":\"https:\\\/\\\/kuzeyinsesi.org\\\/index.php\\\/2025\\\/04\\\/28\\\/basaran-duzgunun-yeni-kitabi-icin-tanitim-etkinligi-duzenleniyor\\\/#primaryimage\"},\"image\":{\"@id\":\"https:\\\/\\\/kuzeyinsesi.org\\\/index.php\\\/2025\\\/04\\\/28\\\/basaran-duzgunun-yeni-kitabi-icin-tanitim-etkinligi-duzenleniyor\\\/#primaryimage\"},\"thumbnailUrl\":\"https:\\\/\\\/kuzeyinsesi.org\\\/wp-content\\\/uploads\\\/2025\\\/04\\\/pembe.jpg\",\"datePublished\":\"2025-04-28T16:41:19+00:00\",\"author\":{\"@id\":\"https:\\\/\\\/kuzeyinsesi.org\\\/#\\\/schema\\\/person\\\/9f859689cdf01485597712386e37f5aa\"},\"breadcrumb\":{\"@id\":\"https:\\\/\\\/kuzeyinsesi.org\\\/index.php\\\/2025\\\/04\\\/28\\\/basaran-duzgunun-yeni-kitabi-icin-tanitim-etkinligi-duzenleniyor\\\/#breadcrumb\"},\"inLanguage\":\"tr\",\"potentialAction\":[{\"@type\":\"ReadAction\",\"target\":[\"https:\\\/\\\/kuzeyinsesi.org\\\/index.php\\\/2025\\\/04\\\/28\\\/basaran-duzgunun-yeni-kitabi-icin-tanitim-etkinligi-duzenleniyor\\\/\"]}]},{\"@type\":\"ImageObject\",\"inLanguage\":\"tr\",\"@id\":\"https:\\\/\\\/kuzeyinsesi.org\\\/index.php\\\/2025\\\/04\\\/28\\\/basaran-duzgunun-yeni-kitabi-icin-tanitim-etkinligi-duzenleniyor\\\/#primaryimage\",\"url\":\"https:\\\/\\\/kuzeyinsesi.org\\\/wp-content\\\/uploads\\\/2025\\\/04\\\/pembe.jpg\",\"contentUrl\":\"https:\\\/\\\/kuzeyinsesi.org\\\/wp-content\\\/uploads\\\/2025\\\/04\\\/pembe.jpg\",\"width\":971,\"height\":551},{\"@type\":\"BreadcrumbList\",\"@id\":\"https:\\\/\\\/kuzeyinsesi.org\\\/index.php\\\/2025\\\/04\\\/28\\\/basaran-duzgunun-yeni-kitabi-icin-tanitim-etkinligi-duzenleniyor\\\/#breadcrumb\",\"itemListElement\":[{\"@type\":\"ListItem\",\"position\":1,\"name\":\"Anasayfa\",\"item\":\"https:\\\/\\\/kuzeyinsesi.org\\\/\"},{\"@type\":\"ListItem\",\"position\":2,\"name\":\"Ba\u015faran D\u00fczg\u00fcn\u2019\u00fcn yeni kitab\u0131 i\u00e7in tan\u0131t\u0131m etkinli\u011fi d\u00fczenleniyor\"}]},{\"@type\":\"WebSite\",\"@id\":\"https:\\\/\\\/kuzeyinsesi.org\\\/#website\",\"url\":\"https:\\\/\\\/kuzeyinsesi.org\\\/\",\"name\":\"Kuzeyin Sesi\",\"description\":\"Do\u011fru Haberin Adresi\",\"potentialAction\":[{\"@type\":\"SearchAction\",\"target\":{\"@type\":\"EntryPoint\",\"urlTemplate\":\"https:\\\/\\\/kuzeyinsesi.org\\\/?s={search_term_string}\"},\"query-input\":{\"@type\":\"PropertyValueSpecification\",\"valueRequired\":true,\"valueName\":\"search_term_string\"}}],\"inLanguage\":\"tr\"},{\"@type\":\"Person\",\"@id\":\"https:\\\/\\\/kuzeyinsesi.org\\\/#\\\/schema\\\/person\\\/9f859689cdf01485597712386e37f5aa\",\"name\":\"Kuzeyin Sesi\",\"image\":{\"@type\":\"ImageObject\",\"inLanguage\":\"tr\",\"@id\":\"https:\\\/\\\/secure.gravatar.com\\\/avatar\\\/bab33852abfd8b282518d6ed81826833d77c3c882d9ab608add591ccace47a44?s=96&d=mm&r=g\",\"url\":\"https:\\\/\\\/secure.gravatar.com\\\/avatar\\\/bab33852abfd8b282518d6ed81826833d77c3c882d9ab608add591ccace47a44?s=96&d=mm&r=g\",\"contentUrl\":\"https:\\\/\\\/secure.gravatar.com\\\/avatar\\\/bab33852abfd8b282518d6ed81826833d77c3c882d9ab608add591ccace47a44?s=96&d=mm&r=g\",\"caption\":\"Kuzeyin Sesi\"},\"sameAs\":[\"https:\\\/\\\/kuzeyinsesi.org\"],\"url\":\"https:\\\/\\\/kuzeyinsesi.org\\\/index.php\\\/author\\\/guven\\\/\"}]}<\/script>\n<!-- \/ Yoast SEO plugin. -->","yoast_head_json":{"title":"Ba\u015faran D\u00fczg\u00fcn\u2019\u00fcn yeni kitab\u0131 i\u00e7in tan\u0131t\u0131m etkinli\u011fi d\u00fczenleniyor - Kuzeyin Sesi","robots":{"index":"index","follow":"follow","max-snippet":"max-snippet:-1","max-image-preview":"max-image-preview:large","max-video-preview":"max-video-preview:-1"},"canonical":"https:\/\/kuzeyinsesi.org\/index.php\/2025\/04\/28\/basaran-duzgunun-yeni-kitabi-icin-tanitim-etkinligi-duzenleniyor\/","og_locale":"tr_TR","og_type":"article","og_title":"Ba\u015faran D\u00fczg\u00fcn\u2019\u00fcn yeni kitab\u0131 i\u00e7in tan\u0131t\u0131m etkinli\u011fi d\u00fczenleniyor - Kuzeyin Sesi","og_description":"Gazeteci-Yazar Ba\u015faran D\u00fczg\u00fcn\u2019\u00fcn \u201cPembe Boyal\u0131 Oda\u201d roman\u0131n\u0131n tan\u0131t\u0131m etkinli\u011fi yar\u0131n ak\u015fam I\u015f\u0131k Kitabevi\u2019nde yap\u0131lacak. Verilen bilgiye g\u00f6re, yar\u0131n saat 18.30\u2019da I\u015f\u0131k Kitabevi\u2019nin \u00fcst kat\u0131ndaki BlackBird Social Cafe\u2019de yap\u0131lacak tan\u0131t\u0131m etkinli\u011finde D\u00fczg\u00fcn kitab\u0131n\u0131 okuyucular\u0131 i\u00e7in imzalayacak. Etkinlikte roman\u0131n edit\u00f6r\u00fc Nurper Moreket ve Gazeteci-Yazar Ahmet Okan da birer konu\u015fma yapacak. Ba\u015faran D\u00fczg\u00fcn\u2019\u00fcn 358 sayfal\u0131k bireysel ve toplumsal [&hellip;]","og_url":"https:\/\/kuzeyinsesi.org\/index.php\/2025\/04\/28\/basaran-duzgunun-yeni-kitabi-icin-tanitim-etkinligi-duzenleniyor\/","og_site_name":"Kuzeyin Sesi","article_publisher":"https:\/\/www.facebook.com\/kuzeyinsesii","article_published_time":"2025-04-28T16:41:19+00:00","og_image":[{"url":"https:\/\/brtk.net\/wp-content\/uploads\/2025\/04\/28\/pembe.jpg?ver=a9e0abf452833e97ef4a8a59298082a5","type":"","width":"","height":""}],"author":"Kuzeyin Sesi","twitter_card":"summary_large_image","twitter_creator":"@kuzeyinsesii","twitter_site":"@kuzeyinsesii","twitter_misc":{"Yazan:":"Kuzeyin Sesi","Tahmini okuma s\u00fcresi":"1 dakika"},"schema":{"@context":"https:\/\/schema.org","@graph":[{"@type":"Article","@id":"https:\/\/kuzeyinsesi.org\/index.php\/2025\/04\/28\/basaran-duzgunun-yeni-kitabi-icin-tanitim-etkinligi-duzenleniyor\/#article","isPartOf":{"@id":"https:\/\/kuzeyinsesi.org\/index.php\/2025\/04\/28\/basaran-duzgunun-yeni-kitabi-icin-tanitim-etkinligi-duzenleniyor\/"},"author":{"name":"Kuzeyin Sesi","@id":"https:\/\/kuzeyinsesi.org\/#\/schema\/person\/9f859689cdf01485597712386e37f5aa"},"headline":"Ba\u015faran D\u00fczg\u00fcn\u2019\u00fcn yeni kitab\u0131 i\u00e7in tan\u0131t\u0131m etkinli\u011fi d\u00fczenleniyor","datePublished":"2025-04-28T16:41:19+00:00","mainEntityOfPage":{"@id":"https:\/\/kuzeyinsesi.org\/index.php\/2025\/04\/28\/basaran-duzgunun-yeni-kitabi-icin-tanitim-etkinligi-duzenleniyor\/"},"wordCount":121,"commentCount":0,"image":{"@id":"https:\/\/kuzeyinsesi.org\/index.php\/2025\/04\/28\/basaran-duzgunun-yeni-kitabi-icin-tanitim-etkinligi-duzenleniyor\/#primaryimage"},"thumbnailUrl":"https:\/\/kuzeyinsesi.org\/wp-content\/uploads\/2025\/04\/pembe.jpg","articleSection":["Ya\u015fam"],"inLanguage":"tr","potentialAction":[{"@type":"CommentAction","name":"Comment","target":["https:\/\/kuzeyinsesi.org\/index.php\/2025\/04\/28\/basaran-duzgunun-yeni-kitabi-icin-tanitim-etkinligi-duzenleniyor\/#respond"]}]},{"@type":"WebPage","@id":"https:\/\/kuzeyinsesi.org\/index.php\/2025\/04\/28\/basaran-duzgunun-yeni-kitabi-icin-tanitim-etkinligi-duzenleniyor\/","url":"https:\/\/kuzeyinsesi.org\/index.php\/2025\/04\/28\/basaran-duzgunun-yeni-kitabi-icin-tanitim-etkinligi-duzenleniyor\/","name":"Ba\u015faran D\u00fczg\u00fcn\u2019\u00fcn yeni kitab\u0131 i\u00e7in tan\u0131t\u0131m etkinli\u011fi d\u00fczenleniyor - Kuzeyin Sesi","isPartOf":{"@id":"https:\/\/kuzeyinsesi.org\/#website"},"primaryImageOfPage":{"@id":"https:\/\/kuzeyinsesi.org\/index.php\/2025\/04\/28\/basaran-duzgunun-yeni-kitabi-icin-tanitim-etkinligi-duzenleniyor\/#primaryimage"},"image":{"@id":"https:\/\/kuzeyinsesi.org\/index.php\/2025\/04\/28\/basaran-duzgunun-yeni-kitabi-icin-tanitim-etkinligi-duzenleniyor\/#primaryimage"},"thumbnailUrl":"https:\/\/kuzeyinsesi.org\/wp-content\/uploads\/2025\/04\/pembe.jpg","datePublished":"2025-04-28T16:41:19+00:00","author":{"@id":"https:\/\/kuzeyinsesi.org\/#\/schema\/person\/9f859689cdf01485597712386e37f5aa"},"breadcrumb":{"@id":"https:\/\/kuzeyinsesi.org\/index.php\/2025\/04\/28\/basaran-duzgunun-yeni-kitabi-icin-tanitim-etkinligi-duzenleniyor\/#breadcrumb"},"inLanguage":"tr","potentialAction":[{"@type":"ReadAction","target":["https:\/\/kuzeyinsesi.org\/index.php\/2025\/04\/28\/basaran-duzgunun-yeni-kitabi-icin-tanitim-etkinligi-duzenleniyor\/"]}]},{"@type":"ImageObject","inLanguage":"tr","@id":"https:\/\/kuzeyinsesi.org\/index.php\/2025\/04\/28\/basaran-duzgunun-yeni-kitabi-icin-tanitim-etkinligi-duzenleniyor\/#primaryimage","url":"https:\/\/kuzeyinsesi.org\/wp-content\/uploads\/2025\/04\/pembe.jpg","contentUrl":"https:\/\/kuzeyinsesi.org\/wp-content\/uploads\/2025\/04\/pembe.jpg","width":971,"height":551},{"@type":"BreadcrumbList","@id":"https:\/\/kuzeyinsesi.org\/index.php\/2025\/04\/28\/basaran-duzgunun-yeni-kitabi-icin-tanitim-etkinligi-duzenleniyor\/#breadcrumb","itemListElement":[{"@type":"ListItem","position":1,"name":"Anasayfa","item":"https:\/\/kuzeyinsesi.org\/"},{"@type":"ListItem","position":2,"name":"Ba\u015faran D\u00fczg\u00fcn\u2019\u00fcn yeni kitab\u0131 i\u00e7in tan\u0131t\u0131m etkinli\u011fi d\u00fczenleniyor"}]},{"@type":"WebSite","@id":"https:\/\/kuzeyinsesi.org\/#website","url":"https:\/\/kuzeyinsesi.org\/","name":"Kuzeyin Sesi","description":"Do\u011fru Haberin Adresi","potentialAction":[{"@type":"SearchAction","target":{"@type":"EntryPoint","urlTemplate":"https:\/\/kuzeyinsesi.org\/?s={search_term_string}"},"query-input":{"@type":"PropertyValueSpecification","valueRequired":true,"valueName":"search_term_string"}}],"inLanguage":"tr"},{"@type":"Person","@id":"https:\/\/kuzeyinsesi.org\/#\/schema\/person\/9f859689cdf01485597712386e37f5aa","name":"Kuzeyin Sesi","image":{"@type":"ImageObject","inLanguage":"tr","@id":"https:\/\/secure.gravatar.com\/avatar\/bab33852abfd8b282518d6ed81826833d77c3c882d9ab608add591ccace47a44?s=96&d=mm&r=g","url":"https:\/\/secure.gravatar.com\/avatar\/bab33852abfd8b282518d6ed81826833d77c3c882d9ab608add591ccace47a44?s=96&d=mm&r=g","contentUrl":"https:\/\/secure.gravatar.com\/avatar\/bab33852abfd8b282518d6ed81826833d77c3c882d9ab608add591ccace47a44?s=96&d=mm&r=g","caption":"Kuzeyin Sesi"},"sameAs":["https:\/\/kuzeyinsesi.org"],"url":"https:\/\/kuzeyinsesi.org\/index.php\/author\/guven\/"}]}},"_links":{"self":[{"href":"https:\/\/kuzeyinsesi.org\/index.php\/wp-json\/wp\/v2\/posts\/24058","targetHints":{"allow":["GET"]}}],"collection":[{"href":"https:\/\/kuzeyinsesi.org\/index.php\/wp-json\/wp\/v2\/posts"}],"about":[{"href":"https:\/\/kuzeyinsesi.org\/index.php\/wp-json\/wp\/v2\/types\/post"}],"author":[{"embeddable":true,"href":"https:\/\/kuzeyinsesi.org\/index.php\/wp-json\/wp\/v2\/users\/1"}],"replies":[{"embeddable":true,"href":"https:\/\/kuzeyinsesi.org\/index.php\/wp-json\/wp\/v2\/comments?post=24058"}],"version-history":[{"count":0,"href":"https:\/\/kuzeyinsesi.org\/index.php\/wp-json\/wp\/v2\/posts\/24058\/revisions"}],"wp:featuredmedia":[{"embeddable":true,"href":"https:\/\/kuzeyinsesi.org\/index.php\/wp-json\/wp\/v2\/media\/24059"}],"wp:attachment":[{"href":"https:\/\/kuzeyinsesi.org\/index.php\/wp-json\/wp\/v2\/media?parent=24058"}],"wp:term":[{"taxonomy":"category","embeddable":true,"href":"https:\/\/kuzeyinsesi.org\/index.php\/wp-json\/wp\/v2\/categories?post=24058"},{"taxonomy":"post_tag","embeddable":true,"href":"https:\/\/kuzeyinsesi.org\/index.php\/wp-json\/wp\/v2\/tags?post=24058"}],"curies":[{"name":"wp","href":"https:\/\/api.w.org\/{rel}","templated":true}]}}