{"id":24007,"date":"2025-04-28T11:24:48","date_gmt":"2025-04-28T08:24:48","guid":{"rendered":"https:\/\/kuzeyinsesi.org\/index.php\/2025\/04\/28\/20-uluslararasi-bellapais-ilkbahar-muzik-festivalinde-13-yasindaki-piyanist-hasan-minalay-resital-verecek\/"},"modified":"2025-04-28T11:24:48","modified_gmt":"2025-04-28T08:24:48","slug":"20-uluslararasi-bellapais-ilkbahar-muzik-festivalinde-13-yasindaki-piyanist-hasan-minalay-resital-verecek","status":"publish","type":"post","link":"https:\/\/kuzeyinsesi.org\/index.php\/2025\/04\/28\/20-uluslararasi-bellapais-ilkbahar-muzik-festivalinde-13-yasindaki-piyanist-hasan-minalay-resital-verecek\/","title":{"rendered":"20. Uluslararas\u0131 Bellapais \u0130lkbahar M\u00fczik Festivali\u2019nde 13 Ya\u015f\u0131ndaki Piyanist Hasan Minalay Resital verecek"},"content":{"rendered":"<div>\n<div class=\"mariselle-image-container center\">\n                                            <\/div>\n<p> Kuzey K\u0131br\u0131s M\u00fczik Derne\u011fi\u2019nin bu y\u0131l Turizm Bakanl\u0131\u011f\u0131, Deniz Plaza, Bellapais Gardens, Kybele ve Huzur A\u011fa\u00e7 katk\u0131lar\u0131yla ger\u00e7ekle\u015ftirdi\u011fi 20. Uluslararas\u0131 Bellapais \u0130lkbahar M\u00fczik Festivali Hasan Minalay Piyano Resitali ile devam ediyor.<\/p>\n<p>13 ya\u015f\u0131ndaki KKTC\u2019li piyanist Hasan Minalay 20. Uluslararas\u0131 Bellapais \u0130lkbahar M\u00fczik Festivali \u00e7er\u00e7evesinde yar\u0131n ak\u015fam Piyano Resitali verecek.<\/p>\n<p>Piyano e\u011fitimine 7 ya\u015f\u0131nda ba\u015flayan ve halen e\u011fitimini piyanist Yuliya Y\u0131lmaz ile s\u00fcrd\u00fcren Hasan Minalay t\u00fcm kat\u0131ld\u0131\u011f\u0131 piyano yar\u0131\u015fmalar\u0131nda birincilik \u00f6d\u00fcl\u00fc kazanm\u0131\u015f, Enka Sanat Sahnesi, DA\u00dc R.R. Denkta\u015f K\u00fclt\u00fcr ve Kongre Saray\u0131, YD\u00dc Atat\u00fcrk K\u00fclt\u00fcr ve Kongre Merkezi, Naci Talat Vakf\u0131 ve Bellapais Manast\u0131r\u0131\u2019nda konserler verdi.<\/p>\n<p>Hasan Minalay yar\u0131n saat 20.00\u2019 de Bellapais Manast\u0131r\u0131\u2019nda verece\u011fi resitalinde; Beethoven, Liszt, Chopin, Rachmaninov ve Prokofiev\u2019 in yap\u0131tlar\u0131n\u0131 seslendirecek.<\/p>\n<p>Konsere giri\u015f biletleri (400 TL) Deniz Plazalar, Bellapais Gardens, Kybele, Bellapais Manast\u0131r giri\u015finden veya online olarak gi\u015fekibris.com ile kibrisbiletcim.com\u2019 dan sa\u011flanacak.<\/p>\n<p>Festival 2 May\u0131s\u2019 ta Bellapais Manast\u0131r\u0131\u2019nda yer alacak Barok Konseri ile devam edecek. Bu konserde kullan\u0131lacak Barok M\u00fczik \u00e7alg\u0131s\u0131 Klavsen (\u00c7embalo) ise Bellapais Manast\u0131r\u0131\u2019nda ilk kez sanatseverlerle bulu\u015facak.<\/p>\n<\/p><\/div>\n<p><script async\n                    defer\n                    crossorigin=\"anonymous\"\n                    src=\"https:\/\/connect.facebook.net\/tr_TR\/sdk.js#xfbml=1&#038;version=v3.3\"\n            ><\/script><\/p>\n","protected":false},"excerpt":{"rendered":"<p>Kuzey K\u0131br\u0131s M\u00fczik Derne\u011fi\u2019nin bu y\u0131l Turizm Bakanl\u0131\u011f\u0131, Deniz Plaza, Bellapais Gardens, Kybele ve Huzur A\u011fa\u00e7 katk\u0131lar\u0131yla ger\u00e7ekle\u015ftirdi\u011fi 20. Uluslararas\u0131 Bellapais \u0130lkbahar M\u00fczik Festivali Hasan Minalay Piyano Resitali ile devam ediyor. 13 ya\u015f\u0131ndaki KKTC\u2019li piyanist Hasan Minalay 20. Uluslararas\u0131 Bellapais \u0130lkbahar M\u00fczik Festivali \u00e7er\u00e7evesinde yar\u0131n ak\u015fam Piyano Resitali verecek. Piyano e\u011fitimine 7 ya\u015f\u0131nda ba\u015flayan ve [&hellip;]<\/p>\n","protected":false},"author":1,"featured_media":24008,"comment_status":"open","ping_status":"open","sticky":false,"template":"","format":"standard","meta":{"jnews-multi-image_gallery":[],"jnews_single_post":[],"jnews_primary_category":[],"jnews_social_meta":[],"jnews_override_counter":[],"footnotes":""},"categories":[6],"tags":[],"class_list":["post-24007","post","type-post","status-publish","format-standard","has-post-thumbnail","hentry","category-yasam"],"yoast_head":"<!-- This site is optimized with the Yoast SEO plugin v27.4 - https:\/\/yoast.com\/product\/yoast-seo-wordpress\/ -->\n<title>20. Uluslararas\u0131 Bellapais \u0130lkbahar M\u00fczik Festivali\u2019nde 13 Ya\u015f\u0131ndaki Piyanist Hasan Minalay Resital verecek - Kuzeyin Sesi<\/title>\n<meta name=\"robots\" content=\"index, follow, max-snippet:-1, max-image-preview:large, max-video-preview:-1\" \/>\n<link rel=\"canonical\" href=\"https:\/\/kuzeyinsesi.org\/index.php\/2025\/04\/28\/20-uluslararasi-bellapais-ilkbahar-muzik-festivalinde-13-yasindaki-piyanist-hasan-minalay-resital-verecek\/\" \/>\n<meta property=\"og:locale\" content=\"tr_TR\" \/>\n<meta property=\"og:type\" content=\"article\" \/>\n<meta property=\"og:title\" content=\"20. Uluslararas\u0131 Bellapais \u0130lkbahar M\u00fczik Festivali\u2019nde 13 Ya\u015f\u0131ndaki Piyanist Hasan Minalay Resital verecek - Kuzeyin Sesi\" \/>\n<meta property=\"og:description\" content=\"Kuzey K\u0131br\u0131s M\u00fczik Derne\u011fi\u2019nin bu y\u0131l Turizm Bakanl\u0131\u011f\u0131, Deniz Plaza, Bellapais Gardens, Kybele ve Huzur A\u011fa\u00e7 katk\u0131lar\u0131yla ger\u00e7ekle\u015ftirdi\u011fi 20. Uluslararas\u0131 Bellapais \u0130lkbahar M\u00fczik Festivali Hasan Minalay Piyano Resitali ile devam ediyor. 13 ya\u015f\u0131ndaki KKTC\u2019li piyanist Hasan Minalay 20. Uluslararas\u0131 Bellapais \u0130lkbahar M\u00fczik Festivali \u00e7er\u00e7evesinde yar\u0131n ak\u015fam Piyano Resitali verecek. Piyano e\u011fitimine 7 ya\u015f\u0131nda ba\u015flayan ve [&hellip;]\" \/>\n<meta property=\"og:url\" content=\"https:\/\/kuzeyinsesi.org\/index.php\/2025\/04\/28\/20-uluslararasi-bellapais-ilkbahar-muzik-festivalinde-13-yasindaki-piyanist-hasan-minalay-resital-verecek\/\" \/>\n<meta property=\"og:site_name\" content=\"Kuzeyin Sesi\" \/>\n<meta property=\"article:publisher\" content=\"https:\/\/www.facebook.com\/kuzeyinsesii\" \/>\n<meta property=\"article:published_time\" content=\"2025-04-28T08:24:48+00:00\" \/>\n<meta property=\"og:image\" content=\"https:\/\/brtk.net\/wp-content\/uploads\/2025\/04\/28\/hasan-minalay.jpeg?ver=fbcdc46e0a51e72ef1b2a659e1133c61\" \/>\n<meta name=\"author\" content=\"Kuzeyin Sesi\" \/>\n<meta name=\"twitter:card\" content=\"summary_large_image\" \/>\n<meta name=\"twitter:creator\" content=\"@kuzeyinsesii\" \/>\n<meta name=\"twitter:site\" content=\"@kuzeyinsesii\" \/>\n<meta name=\"twitter:label1\" content=\"Yazan:\" \/>\n\t<meta name=\"twitter:data1\" content=\"Kuzeyin Sesi\" \/>\n\t<meta name=\"twitter:label2\" content=\"Tahmini okuma s\u00fcresi\" \/>\n\t<meta name=\"twitter:data2\" content=\"1 dakika\" \/>\n<script type=\"application\/ld+json\" class=\"yoast-schema-graph\">{\"@context\":\"https:\\\/\\\/schema.org\",\"@graph\":[{\"@type\":\"Article\",\"@id\":\"https:\\\/\\\/kuzeyinsesi.org\\\/index.php\\\/2025\\\/04\\\/28\\\/20-uluslararasi-bellapais-ilkbahar-muzik-festivalinde-13-yasindaki-piyanist-hasan-minalay-resital-verecek\\\/#article\",\"isPartOf\":{\"@id\":\"https:\\\/\\\/kuzeyinsesi.org\\\/index.php\\\/2025\\\/04\\\/28\\\/20-uluslararasi-bellapais-ilkbahar-muzik-festivalinde-13-yasindaki-piyanist-hasan-minalay-resital-verecek\\\/\"},\"author\":{\"name\":\"Kuzeyin Sesi\",\"@id\":\"https:\\\/\\\/kuzeyinsesi.org\\\/#\\\/schema\\\/person\\\/9f859689cdf01485597712386e37f5aa\"},\"headline\":\"20. Uluslararas\u0131 Bellapais \u0130lkbahar M\u00fczik Festivali\u2019nde 13 Ya\u015f\u0131ndaki Piyanist Hasan Minalay Resital verecek\",\"datePublished\":\"2025-04-28T08:24:48+00:00\",\"mainEntityOfPage\":{\"@id\":\"https:\\\/\\\/kuzeyinsesi.org\\\/index.php\\\/2025\\\/04\\\/28\\\/20-uluslararasi-bellapais-ilkbahar-muzik-festivalinde-13-yasindaki-piyanist-hasan-minalay-resital-verecek\\\/\"},\"wordCount\":230,\"commentCount\":0,\"image\":{\"@id\":\"https:\\\/\\\/kuzeyinsesi.org\\\/index.php\\\/2025\\\/04\\\/28\\\/20-uluslararasi-bellapais-ilkbahar-muzik-festivalinde-13-yasindaki-piyanist-hasan-minalay-resital-verecek\\\/#primaryimage\"},\"thumbnailUrl\":\"https:\\\/\\\/kuzeyinsesi.org\\\/wp-content\\\/uploads\\\/2025\\\/04\\\/hasan-minalay.jpeg\",\"articleSection\":[\"Ya\u015fam\"],\"inLanguage\":\"tr\",\"potentialAction\":[{\"@type\":\"CommentAction\",\"name\":\"Comment\",\"target\":[\"https:\\\/\\\/kuzeyinsesi.org\\\/index.php\\\/2025\\\/04\\\/28\\\/20-uluslararasi-bellapais-ilkbahar-muzik-festivalinde-13-yasindaki-piyanist-hasan-minalay-resital-verecek\\\/#respond\"]}]},{\"@type\":\"WebPage\",\"@id\":\"https:\\\/\\\/kuzeyinsesi.org\\\/index.php\\\/2025\\\/04\\\/28\\\/20-uluslararasi-bellapais-ilkbahar-muzik-festivalinde-13-yasindaki-piyanist-hasan-minalay-resital-verecek\\\/\",\"url\":\"https:\\\/\\\/kuzeyinsesi.org\\\/index.php\\\/2025\\\/04\\\/28\\\/20-uluslararasi-bellapais-ilkbahar-muzik-festivalinde-13-yasindaki-piyanist-hasan-minalay-resital-verecek\\\/\",\"name\":\"20. Uluslararas\u0131 Bellapais \u0130lkbahar M\u00fczik Festivali\u2019nde 13 Ya\u015f\u0131ndaki Piyanist Hasan Minalay Resital verecek - Kuzeyin Sesi\",\"isPartOf\":{\"@id\":\"https:\\\/\\\/kuzeyinsesi.org\\\/#website\"},\"primaryImageOfPage\":{\"@id\":\"https:\\\/\\\/kuzeyinsesi.org\\\/index.php\\\/2025\\\/04\\\/28\\\/20-uluslararasi-bellapais-ilkbahar-muzik-festivalinde-13-yasindaki-piyanist-hasan-minalay-resital-verecek\\\/#primaryimage\"},\"image\":{\"@id\":\"https:\\\/\\\/kuzeyinsesi.org\\\/index.php\\\/2025\\\/04\\\/28\\\/20-uluslararasi-bellapais-ilkbahar-muzik-festivalinde-13-yasindaki-piyanist-hasan-minalay-resital-verecek\\\/#primaryimage\"},\"thumbnailUrl\":\"https:\\\/\\\/kuzeyinsesi.org\\\/wp-content\\\/uploads\\\/2025\\\/04\\\/hasan-minalay.jpeg\",\"datePublished\":\"2025-04-28T08:24:48+00:00\",\"author\":{\"@id\":\"https:\\\/\\\/kuzeyinsesi.org\\\/#\\\/schema\\\/person\\\/9f859689cdf01485597712386e37f5aa\"},\"breadcrumb\":{\"@id\":\"https:\\\/\\\/kuzeyinsesi.org\\\/index.php\\\/2025\\\/04\\\/28\\\/20-uluslararasi-bellapais-ilkbahar-muzik-festivalinde-13-yasindaki-piyanist-hasan-minalay-resital-verecek\\\/#breadcrumb\"},\"inLanguage\":\"tr\",\"potentialAction\":[{\"@type\":\"ReadAction\",\"target\":[\"https:\\\/\\\/kuzeyinsesi.org\\\/index.php\\\/2025\\\/04\\\/28\\\/20-uluslararasi-bellapais-ilkbahar-muzik-festivalinde-13-yasindaki-piyanist-hasan-minalay-resital-verecek\\\/\"]}]},{\"@type\":\"ImageObject\",\"inLanguage\":\"tr\",\"@id\":\"https:\\\/\\\/kuzeyinsesi.org\\\/index.php\\\/2025\\\/04\\\/28\\\/20-uluslararasi-bellapais-ilkbahar-muzik-festivalinde-13-yasindaki-piyanist-hasan-minalay-resital-verecek\\\/#primaryimage\",\"url\":\"https:\\\/\\\/kuzeyinsesi.org\\\/wp-content\\\/uploads\\\/2025\\\/04\\\/hasan-minalay.jpeg\",\"contentUrl\":\"https:\\\/\\\/kuzeyinsesi.org\\\/wp-content\\\/uploads\\\/2025\\\/04\\\/hasan-minalay.jpeg\",\"width\":1000,\"height\":1000},{\"@type\":\"BreadcrumbList\",\"@id\":\"https:\\\/\\\/kuzeyinsesi.org\\\/index.php\\\/2025\\\/04\\\/28\\\/20-uluslararasi-bellapais-ilkbahar-muzik-festivalinde-13-yasindaki-piyanist-hasan-minalay-resital-verecek\\\/#breadcrumb\",\"itemListElement\":[{\"@type\":\"ListItem\",\"position\":1,\"name\":\"Anasayfa\",\"item\":\"https:\\\/\\\/kuzeyinsesi.org\\\/\"},{\"@type\":\"ListItem\",\"position\":2,\"name\":\"20. Uluslararas\u0131 Bellapais \u0130lkbahar M\u00fczik Festivali\u2019nde 13 Ya\u015f\u0131ndaki Piyanist Hasan Minalay Resital verecek\"}]},{\"@type\":\"WebSite\",\"@id\":\"https:\\\/\\\/kuzeyinsesi.org\\\/#website\",\"url\":\"https:\\\/\\\/kuzeyinsesi.org\\\/\",\"name\":\"Kuzeyin Sesi\",\"description\":\"Do\u011fru Haberin Adresi\",\"potentialAction\":[{\"@type\":\"SearchAction\",\"target\":{\"@type\":\"EntryPoint\",\"urlTemplate\":\"https:\\\/\\\/kuzeyinsesi.org\\\/?s={search_term_string}\"},\"query-input\":{\"@type\":\"PropertyValueSpecification\",\"valueRequired\":true,\"valueName\":\"search_term_string\"}}],\"inLanguage\":\"tr\"},{\"@type\":\"Person\",\"@id\":\"https:\\\/\\\/kuzeyinsesi.org\\\/#\\\/schema\\\/person\\\/9f859689cdf01485597712386e37f5aa\",\"name\":\"Kuzeyin Sesi\",\"image\":{\"@type\":\"ImageObject\",\"inLanguage\":\"tr\",\"@id\":\"https:\\\/\\\/secure.gravatar.com\\\/avatar\\\/bab33852abfd8b282518d6ed81826833d77c3c882d9ab608add591ccace47a44?s=96&d=mm&r=g\",\"url\":\"https:\\\/\\\/secure.gravatar.com\\\/avatar\\\/bab33852abfd8b282518d6ed81826833d77c3c882d9ab608add591ccace47a44?s=96&d=mm&r=g\",\"contentUrl\":\"https:\\\/\\\/secure.gravatar.com\\\/avatar\\\/bab33852abfd8b282518d6ed81826833d77c3c882d9ab608add591ccace47a44?s=96&d=mm&r=g\",\"caption\":\"Kuzeyin Sesi\"},\"sameAs\":[\"https:\\\/\\\/kuzeyinsesi.org\"],\"url\":\"https:\\\/\\\/kuzeyinsesi.org\\\/index.php\\\/author\\\/guven\\\/\"}]}<\/script>\n<!-- \/ Yoast SEO plugin. -->","yoast_head_json":{"title":"20. Uluslararas\u0131 Bellapais \u0130lkbahar M\u00fczik Festivali\u2019nde 13 Ya\u015f\u0131ndaki Piyanist Hasan Minalay Resital verecek - Kuzeyin Sesi","robots":{"index":"index","follow":"follow","max-snippet":"max-snippet:-1","max-image-preview":"max-image-preview:large","max-video-preview":"max-video-preview:-1"},"canonical":"https:\/\/kuzeyinsesi.org\/index.php\/2025\/04\/28\/20-uluslararasi-bellapais-ilkbahar-muzik-festivalinde-13-yasindaki-piyanist-hasan-minalay-resital-verecek\/","og_locale":"tr_TR","og_type":"article","og_title":"20. Uluslararas\u0131 Bellapais \u0130lkbahar M\u00fczik Festivali\u2019nde 13 Ya\u015f\u0131ndaki Piyanist Hasan Minalay Resital verecek - Kuzeyin Sesi","og_description":"Kuzey K\u0131br\u0131s M\u00fczik Derne\u011fi\u2019nin bu y\u0131l Turizm Bakanl\u0131\u011f\u0131, Deniz Plaza, Bellapais Gardens, Kybele ve Huzur A\u011fa\u00e7 katk\u0131lar\u0131yla ger\u00e7ekle\u015ftirdi\u011fi 20. Uluslararas\u0131 Bellapais \u0130lkbahar M\u00fczik Festivali Hasan Minalay Piyano Resitali ile devam ediyor. 13 ya\u015f\u0131ndaki KKTC\u2019li piyanist Hasan Minalay 20. Uluslararas\u0131 Bellapais \u0130lkbahar M\u00fczik Festivali \u00e7er\u00e7evesinde yar\u0131n ak\u015fam Piyano Resitali verecek. Piyano e\u011fitimine 7 ya\u015f\u0131nda ba\u015flayan ve [&hellip;]","og_url":"https:\/\/kuzeyinsesi.org\/index.php\/2025\/04\/28\/20-uluslararasi-bellapais-ilkbahar-muzik-festivalinde-13-yasindaki-piyanist-hasan-minalay-resital-verecek\/","og_site_name":"Kuzeyin Sesi","article_publisher":"https:\/\/www.facebook.com\/kuzeyinsesii","article_published_time":"2025-04-28T08:24:48+00:00","og_image":[{"url":"https:\/\/brtk.net\/wp-content\/uploads\/2025\/04\/28\/hasan-minalay.jpeg?ver=fbcdc46e0a51e72ef1b2a659e1133c61","type":"","width":"","height":""}],"author":"Kuzeyin Sesi","twitter_card":"summary_large_image","twitter_creator":"@kuzeyinsesii","twitter_site":"@kuzeyinsesii","twitter_misc":{"Yazan:":"Kuzeyin Sesi","Tahmini okuma s\u00fcresi":"1 dakika"},"schema":{"@context":"https:\/\/schema.org","@graph":[{"@type":"Article","@id":"https:\/\/kuzeyinsesi.org\/index.php\/2025\/04\/28\/20-uluslararasi-bellapais-ilkbahar-muzik-festivalinde-13-yasindaki-piyanist-hasan-minalay-resital-verecek\/#article","isPartOf":{"@id":"https:\/\/kuzeyinsesi.org\/index.php\/2025\/04\/28\/20-uluslararasi-bellapais-ilkbahar-muzik-festivalinde-13-yasindaki-piyanist-hasan-minalay-resital-verecek\/"},"author":{"name":"Kuzeyin Sesi","@id":"https:\/\/kuzeyinsesi.org\/#\/schema\/person\/9f859689cdf01485597712386e37f5aa"},"headline":"20. Uluslararas\u0131 Bellapais \u0130lkbahar M\u00fczik Festivali\u2019nde 13 Ya\u015f\u0131ndaki Piyanist Hasan Minalay Resital verecek","datePublished":"2025-04-28T08:24:48+00:00","mainEntityOfPage":{"@id":"https:\/\/kuzeyinsesi.org\/index.php\/2025\/04\/28\/20-uluslararasi-bellapais-ilkbahar-muzik-festivalinde-13-yasindaki-piyanist-hasan-minalay-resital-verecek\/"},"wordCount":230,"commentCount":0,"image":{"@id":"https:\/\/kuzeyinsesi.org\/index.php\/2025\/04\/28\/20-uluslararasi-bellapais-ilkbahar-muzik-festivalinde-13-yasindaki-piyanist-hasan-minalay-resital-verecek\/#primaryimage"},"thumbnailUrl":"https:\/\/kuzeyinsesi.org\/wp-content\/uploads\/2025\/04\/hasan-minalay.jpeg","articleSection":["Ya\u015fam"],"inLanguage":"tr","potentialAction":[{"@type":"CommentAction","name":"Comment","target":["https:\/\/kuzeyinsesi.org\/index.php\/2025\/04\/28\/20-uluslararasi-bellapais-ilkbahar-muzik-festivalinde-13-yasindaki-piyanist-hasan-minalay-resital-verecek\/#respond"]}]},{"@type":"WebPage","@id":"https:\/\/kuzeyinsesi.org\/index.php\/2025\/04\/28\/20-uluslararasi-bellapais-ilkbahar-muzik-festivalinde-13-yasindaki-piyanist-hasan-minalay-resital-verecek\/","url":"https:\/\/kuzeyinsesi.org\/index.php\/2025\/04\/28\/20-uluslararasi-bellapais-ilkbahar-muzik-festivalinde-13-yasindaki-piyanist-hasan-minalay-resital-verecek\/","name":"20. Uluslararas\u0131 Bellapais \u0130lkbahar M\u00fczik Festivali\u2019nde 13 Ya\u015f\u0131ndaki Piyanist Hasan Minalay Resital verecek - Kuzeyin Sesi","isPartOf":{"@id":"https:\/\/kuzeyinsesi.org\/#website"},"primaryImageOfPage":{"@id":"https:\/\/kuzeyinsesi.org\/index.php\/2025\/04\/28\/20-uluslararasi-bellapais-ilkbahar-muzik-festivalinde-13-yasindaki-piyanist-hasan-minalay-resital-verecek\/#primaryimage"},"image":{"@id":"https:\/\/kuzeyinsesi.org\/index.php\/2025\/04\/28\/20-uluslararasi-bellapais-ilkbahar-muzik-festivalinde-13-yasindaki-piyanist-hasan-minalay-resital-verecek\/#primaryimage"},"thumbnailUrl":"https:\/\/kuzeyinsesi.org\/wp-content\/uploads\/2025\/04\/hasan-minalay.jpeg","datePublished":"2025-04-28T08:24:48+00:00","author":{"@id":"https:\/\/kuzeyinsesi.org\/#\/schema\/person\/9f859689cdf01485597712386e37f5aa"},"breadcrumb":{"@id":"https:\/\/kuzeyinsesi.org\/index.php\/2025\/04\/28\/20-uluslararasi-bellapais-ilkbahar-muzik-festivalinde-13-yasindaki-piyanist-hasan-minalay-resital-verecek\/#breadcrumb"},"inLanguage":"tr","potentialAction":[{"@type":"ReadAction","target":["https:\/\/kuzeyinsesi.org\/index.php\/2025\/04\/28\/20-uluslararasi-bellapais-ilkbahar-muzik-festivalinde-13-yasindaki-piyanist-hasan-minalay-resital-verecek\/"]}]},{"@type":"ImageObject","inLanguage":"tr","@id":"https:\/\/kuzeyinsesi.org\/index.php\/2025\/04\/28\/20-uluslararasi-bellapais-ilkbahar-muzik-festivalinde-13-yasindaki-piyanist-hasan-minalay-resital-verecek\/#primaryimage","url":"https:\/\/kuzeyinsesi.org\/wp-content\/uploads\/2025\/04\/hasan-minalay.jpeg","contentUrl":"https:\/\/kuzeyinsesi.org\/wp-content\/uploads\/2025\/04\/hasan-minalay.jpeg","width":1000,"height":1000},{"@type":"BreadcrumbList","@id":"https:\/\/kuzeyinsesi.org\/index.php\/2025\/04\/28\/20-uluslararasi-bellapais-ilkbahar-muzik-festivalinde-13-yasindaki-piyanist-hasan-minalay-resital-verecek\/#breadcrumb","itemListElement":[{"@type":"ListItem","position":1,"name":"Anasayfa","item":"https:\/\/kuzeyinsesi.org\/"},{"@type":"ListItem","position":2,"name":"20. Uluslararas\u0131 Bellapais \u0130lkbahar M\u00fczik Festivali\u2019nde 13 Ya\u015f\u0131ndaki Piyanist Hasan Minalay Resital verecek"}]},{"@type":"WebSite","@id":"https:\/\/kuzeyinsesi.org\/#website","url":"https:\/\/kuzeyinsesi.org\/","name":"Kuzeyin Sesi","description":"Do\u011fru Haberin Adresi","potentialAction":[{"@type":"SearchAction","target":{"@type":"EntryPoint","urlTemplate":"https:\/\/kuzeyinsesi.org\/?s={search_term_string}"},"query-input":{"@type":"PropertyValueSpecification","valueRequired":true,"valueName":"search_term_string"}}],"inLanguage":"tr"},{"@type":"Person","@id":"https:\/\/kuzeyinsesi.org\/#\/schema\/person\/9f859689cdf01485597712386e37f5aa","name":"Kuzeyin Sesi","image":{"@type":"ImageObject","inLanguage":"tr","@id":"https:\/\/secure.gravatar.com\/avatar\/bab33852abfd8b282518d6ed81826833d77c3c882d9ab608add591ccace47a44?s=96&d=mm&r=g","url":"https:\/\/secure.gravatar.com\/avatar\/bab33852abfd8b282518d6ed81826833d77c3c882d9ab608add591ccace47a44?s=96&d=mm&r=g","contentUrl":"https:\/\/secure.gravatar.com\/avatar\/bab33852abfd8b282518d6ed81826833d77c3c882d9ab608add591ccace47a44?s=96&d=mm&r=g","caption":"Kuzeyin Sesi"},"sameAs":["https:\/\/kuzeyinsesi.org"],"url":"https:\/\/kuzeyinsesi.org\/index.php\/author\/guven\/"}]}},"_links":{"self":[{"href":"https:\/\/kuzeyinsesi.org\/index.php\/wp-json\/wp\/v2\/posts\/24007","targetHints":{"allow":["GET"]}}],"collection":[{"href":"https:\/\/kuzeyinsesi.org\/index.php\/wp-json\/wp\/v2\/posts"}],"about":[{"href":"https:\/\/kuzeyinsesi.org\/index.php\/wp-json\/wp\/v2\/types\/post"}],"author":[{"embeddable":true,"href":"https:\/\/kuzeyinsesi.org\/index.php\/wp-json\/wp\/v2\/users\/1"}],"replies":[{"embeddable":true,"href":"https:\/\/kuzeyinsesi.org\/index.php\/wp-json\/wp\/v2\/comments?post=24007"}],"version-history":[{"count":0,"href":"https:\/\/kuzeyinsesi.org\/index.php\/wp-json\/wp\/v2\/posts\/24007\/revisions"}],"wp:featuredmedia":[{"embeddable":true,"href":"https:\/\/kuzeyinsesi.org\/index.php\/wp-json\/wp\/v2\/media\/24008"}],"wp:attachment":[{"href":"https:\/\/kuzeyinsesi.org\/index.php\/wp-json\/wp\/v2\/media?parent=24007"}],"wp:term":[{"taxonomy":"category","embeddable":true,"href":"https:\/\/kuzeyinsesi.org\/index.php\/wp-json\/wp\/v2\/categories?post=24007"},{"taxonomy":"post_tag","embeddable":true,"href":"https:\/\/kuzeyinsesi.org\/index.php\/wp-json\/wp\/v2\/tags?post=24007"}],"curies":[{"name":"wp","href":"https:\/\/api.w.org\/{rel}","templated":true}]}}