{"id":23980,"date":"2025-04-27T15:53:33","date_gmt":"2025-04-27T12:53:33","guid":{"rendered":"https:\/\/kuzeyinsesi.org\/index.php\/2025\/04\/27\/bellapais-manastirinda-muzik-ziyafeti-korolar-buyuledi\/"},"modified":"2025-04-27T15:53:33","modified_gmt":"2025-04-27T12:53:33","slug":"bellapais-manastirinda-muzik-ziyafeti-korolar-buyuledi","status":"publish","type":"post","link":"https:\/\/kuzeyinsesi.org\/index.php\/2025\/04\/27\/bellapais-manastirinda-muzik-ziyafeti-korolar-buyuledi\/","title":{"rendered":"Bellapais Manast\u0131r\u0131\u2019nda m\u00fczik ziyafeti: Korolar b\u00fcy\u00fcledi"},"content":{"rendered":"<div>\n<div class=\"mariselle-image-container center\">\n                                            <\/div>\n<p> 20. Uluslararas\u0131 Bellapais \u0130lkbahar M\u00fczik Festivali, Bellapais Manast\u0131r\u0131\u2019n\u0131n tarihi dokusunda ger\u00e7ekle\u015fen e\u015fsiz bir konserle ta\u00e7land\u0131. KoroPopsesli ve Sonare \u00c7ok Sesli Korosu\u2019nun birlikte sahne ald\u0131\u011f\u0131 etkinlik, dinleyicilere unutulmaz bir m\u00fczik deneyimi ya\u015fatt\u0131.<\/p>\n<p>\u015eef Erkan Da\u011fl\u0131\u2019n\u0131n y\u00f6netimindeki Sonare \u00c7ok Sesli Korosu, Mehmet Co\u015fkuner ve M\u00fcge Yorganc\u0131o\u011flu\u2019nun piyano, I\u015f\u0131l Akg\u00fc\u00e7\u2019\u00fcn fl\u00fct ve Aytekin \u00d6ztezer\u2019in cajon e\u015fli\u011finde sundu\u011fu birbirinden se\u00e7kin eserlerle dinleyicilerin be\u011fenisini kazand\u0131. Gecenin ilerleyen saatlerinde sahneye \u00e7\u0131kan KoroPopsesli ise \u015eef G\u00f6khan Kalender ve piyanist Levent Kent\u2019in enerjik performans\u0131yla izleyenlere hem duygusal hem de co\u015fkulu anlar ya\u015fatt\u0131.<\/p>\n<p>Konserin zengin repertuvar\u0131, K\u0131br\u0131s\u2019\u0131n geleneksel ezgilerinden g\u00fcn\u00fcm\u00fcz\u00fcn sevilen pop \u015fark\u0131lar\u0131na kadar geni\u015f bir yelpazeyi kapsad\u0131. Bellapais Manast\u0131r\u0131\u2019n\u0131n mistik atmosferinde yank\u0131lanan korolar\u0131n uyumu, izleyicilerden b\u00fcy\u00fck alk\u0131\u015f toplad\u0131. Performanslar\u0131n ard\u0131ndan sanat\u00e7\u0131lar, m\u00fczikseverler taraf\u0131ndan uzun s\u00fcre takdirle alk\u0131\u015fland\u0131.<\/p>\n<p>Bellapais \u0130lkbahar M\u00fczik Festivali\u2019nin bu g\u00f6z kama\u015ft\u0131r\u0131c\u0131 konseri, festivalin 14 May\u0131s 2025 tarihine kadar s\u00fcrecek olan \u00e7e\u015fitli etkinliklerinin sadece bir ba\u015flang\u0131c\u0131 oldu.<\/p>\n<\/p><\/div>\n<p><script async\n                    defer\n                    crossorigin=\"anonymous\"\n                    src=\"https:\/\/connect.facebook.net\/tr_TR\/sdk.js#xfbml=1&#038;version=v3.3\"\n            ><\/script><\/p>\n","protected":false},"excerpt":{"rendered":"<p>20. Uluslararas\u0131 Bellapais \u0130lkbahar M\u00fczik Festivali, Bellapais Manast\u0131r\u0131\u2019n\u0131n tarihi dokusunda ger\u00e7ekle\u015fen e\u015fsiz bir konserle ta\u00e7land\u0131. KoroPopsesli ve Sonare \u00c7ok Sesli Korosu\u2019nun birlikte sahne ald\u0131\u011f\u0131 etkinlik, dinleyicilere unutulmaz bir m\u00fczik deneyimi ya\u015fatt\u0131. \u015eef Erkan Da\u011fl\u0131\u2019n\u0131n y\u00f6netimindeki Sonare \u00c7ok Sesli Korosu, Mehmet Co\u015fkuner ve M\u00fcge Yorganc\u0131o\u011flu\u2019nun piyano, I\u015f\u0131l Akg\u00fc\u00e7\u2019\u00fcn fl\u00fct ve Aytekin \u00d6ztezer\u2019in cajon e\u015fli\u011finde sundu\u011fu birbirinden [&hellip;]<\/p>\n","protected":false},"author":1,"featured_media":23981,"comment_status":"open","ping_status":"open","sticky":false,"template":"","format":"standard","meta":{"jnews-multi-image_gallery":[],"jnews_single_post":[],"jnews_primary_category":[],"jnews_social_meta":[],"jnews_override_counter":[],"footnotes":""},"categories":[6],"tags":[],"class_list":["post-23980","post","type-post","status-publish","format-standard","has-post-thumbnail","hentry","category-yasam"],"yoast_head":"<!-- This site is optimized with the Yoast SEO plugin v27.4 - https:\/\/yoast.com\/product\/yoast-seo-wordpress\/ -->\n<title>Bellapais Manast\u0131r\u0131\u2019nda m\u00fczik ziyafeti: Korolar b\u00fcy\u00fcledi - Kuzeyin Sesi<\/title>\n<meta name=\"robots\" content=\"index, follow, max-snippet:-1, max-image-preview:large, max-video-preview:-1\" \/>\n<link rel=\"canonical\" href=\"https:\/\/kuzeyinsesi.org\/index.php\/2025\/04\/27\/bellapais-manastirinda-muzik-ziyafeti-korolar-buyuledi\/\" \/>\n<meta property=\"og:locale\" content=\"tr_TR\" \/>\n<meta property=\"og:type\" content=\"article\" \/>\n<meta property=\"og:title\" content=\"Bellapais Manast\u0131r\u0131\u2019nda m\u00fczik ziyafeti: Korolar b\u00fcy\u00fcledi - Kuzeyin Sesi\" \/>\n<meta property=\"og:description\" content=\"20. Uluslararas\u0131 Bellapais \u0130lkbahar M\u00fczik Festivali, Bellapais Manast\u0131r\u0131\u2019n\u0131n tarihi dokusunda ger\u00e7ekle\u015fen e\u015fsiz bir konserle ta\u00e7land\u0131. KoroPopsesli ve Sonare \u00c7ok Sesli Korosu\u2019nun birlikte sahne ald\u0131\u011f\u0131 etkinlik, dinleyicilere unutulmaz bir m\u00fczik deneyimi ya\u015fatt\u0131. \u015eef Erkan Da\u011fl\u0131\u2019n\u0131n y\u00f6netimindeki Sonare \u00c7ok Sesli Korosu, Mehmet Co\u015fkuner ve M\u00fcge Yorganc\u0131o\u011flu\u2019nun piyano, I\u015f\u0131l Akg\u00fc\u00e7\u2019\u00fcn fl\u00fct ve Aytekin \u00d6ztezer\u2019in cajon e\u015fli\u011finde sundu\u011fu birbirinden [&hellip;]\" \/>\n<meta property=\"og:url\" content=\"https:\/\/kuzeyinsesi.org\/index.php\/2025\/04\/27\/bellapais-manastirinda-muzik-ziyafeti-korolar-buyuledi\/\" \/>\n<meta property=\"og:site_name\" content=\"Kuzeyin Sesi\" \/>\n<meta property=\"article:publisher\" content=\"https:\/\/www.facebook.com\/kuzeyinsesii\" \/>\n<meta property=\"article:published_time\" content=\"2025-04-27T12:53:33+00:00\" \/>\n<meta property=\"og:image\" content=\"https:\/\/brtk.net\/wp-content\/uploads\/2025\/04\/27\/InShot_20250427_153212581-scaled.jpg?ver=56df34973063a79583a4f66a6e0f782d\" \/>\n<meta name=\"author\" content=\"Kuzeyin Sesi\" \/>\n<meta name=\"twitter:card\" content=\"summary_large_image\" \/>\n<meta name=\"twitter:creator\" content=\"@kuzeyinsesii\" \/>\n<meta name=\"twitter:site\" content=\"@kuzeyinsesii\" \/>\n<meta name=\"twitter:label1\" content=\"Yazan:\" \/>\n\t<meta name=\"twitter:data1\" content=\"Kuzeyin Sesi\" \/>\n\t<meta name=\"twitter:label2\" content=\"Tahmini okuma s\u00fcresi\" \/>\n\t<meta name=\"twitter:data2\" content=\"1 dakika\" \/>\n<script type=\"application\/ld+json\" class=\"yoast-schema-graph\">{\"@context\":\"https:\\\/\\\/schema.org\",\"@graph\":[{\"@type\":\"Article\",\"@id\":\"https:\\\/\\\/kuzeyinsesi.org\\\/index.php\\\/2025\\\/04\\\/27\\\/bellapais-manastirinda-muzik-ziyafeti-korolar-buyuledi\\\/#article\",\"isPartOf\":{\"@id\":\"https:\\\/\\\/kuzeyinsesi.org\\\/index.php\\\/2025\\\/04\\\/27\\\/bellapais-manastirinda-muzik-ziyafeti-korolar-buyuledi\\\/\"},\"author\":{\"name\":\"Kuzeyin Sesi\",\"@id\":\"https:\\\/\\\/kuzeyinsesi.org\\\/#\\\/schema\\\/person\\\/9f859689cdf01485597712386e37f5aa\"},\"headline\":\"Bellapais Manast\u0131r\u0131\u2019nda m\u00fczik ziyafeti: Korolar b\u00fcy\u00fcledi\",\"datePublished\":\"2025-04-27T12:53:33+00:00\",\"mainEntityOfPage\":{\"@id\":\"https:\\\/\\\/kuzeyinsesi.org\\\/index.php\\\/2025\\\/04\\\/27\\\/bellapais-manastirinda-muzik-ziyafeti-korolar-buyuledi\\\/\"},\"wordCount\":217,\"commentCount\":0,\"image\":{\"@id\":\"https:\\\/\\\/kuzeyinsesi.org\\\/index.php\\\/2025\\\/04\\\/27\\\/bellapais-manastirinda-muzik-ziyafeti-korolar-buyuledi\\\/#primaryimage\"},\"thumbnailUrl\":\"https:\\\/\\\/kuzeyinsesi.org\\\/wp-content\\\/uploads\\\/2025\\\/04\\\/InShot_20250427_153212581-scaled.jpg\",\"articleSection\":[\"Ya\u015fam\"],\"inLanguage\":\"tr\",\"potentialAction\":[{\"@type\":\"CommentAction\",\"name\":\"Comment\",\"target\":[\"https:\\\/\\\/kuzeyinsesi.org\\\/index.php\\\/2025\\\/04\\\/27\\\/bellapais-manastirinda-muzik-ziyafeti-korolar-buyuledi\\\/#respond\"]}]},{\"@type\":\"WebPage\",\"@id\":\"https:\\\/\\\/kuzeyinsesi.org\\\/index.php\\\/2025\\\/04\\\/27\\\/bellapais-manastirinda-muzik-ziyafeti-korolar-buyuledi\\\/\",\"url\":\"https:\\\/\\\/kuzeyinsesi.org\\\/index.php\\\/2025\\\/04\\\/27\\\/bellapais-manastirinda-muzik-ziyafeti-korolar-buyuledi\\\/\",\"name\":\"Bellapais Manast\u0131r\u0131\u2019nda m\u00fczik ziyafeti: Korolar b\u00fcy\u00fcledi - Kuzeyin Sesi\",\"isPartOf\":{\"@id\":\"https:\\\/\\\/kuzeyinsesi.org\\\/#website\"},\"primaryImageOfPage\":{\"@id\":\"https:\\\/\\\/kuzeyinsesi.org\\\/index.php\\\/2025\\\/04\\\/27\\\/bellapais-manastirinda-muzik-ziyafeti-korolar-buyuledi\\\/#primaryimage\"},\"image\":{\"@id\":\"https:\\\/\\\/kuzeyinsesi.org\\\/index.php\\\/2025\\\/04\\\/27\\\/bellapais-manastirinda-muzik-ziyafeti-korolar-buyuledi\\\/#primaryimage\"},\"thumbnailUrl\":\"https:\\\/\\\/kuzeyinsesi.org\\\/wp-content\\\/uploads\\\/2025\\\/04\\\/InShot_20250427_153212581-scaled.jpg\",\"datePublished\":\"2025-04-27T12:53:33+00:00\",\"author\":{\"@id\":\"https:\\\/\\\/kuzeyinsesi.org\\\/#\\\/schema\\\/person\\\/9f859689cdf01485597712386e37f5aa\"},\"breadcrumb\":{\"@id\":\"https:\\\/\\\/kuzeyinsesi.org\\\/index.php\\\/2025\\\/04\\\/27\\\/bellapais-manastirinda-muzik-ziyafeti-korolar-buyuledi\\\/#breadcrumb\"},\"inLanguage\":\"tr\",\"potentialAction\":[{\"@type\":\"ReadAction\",\"target\":[\"https:\\\/\\\/kuzeyinsesi.org\\\/index.php\\\/2025\\\/04\\\/27\\\/bellapais-manastirinda-muzik-ziyafeti-korolar-buyuledi\\\/\"]}]},{\"@type\":\"ImageObject\",\"inLanguage\":\"tr\",\"@id\":\"https:\\\/\\\/kuzeyinsesi.org\\\/index.php\\\/2025\\\/04\\\/27\\\/bellapais-manastirinda-muzik-ziyafeti-korolar-buyuledi\\\/#primaryimage\",\"url\":\"https:\\\/\\\/kuzeyinsesi.org\\\/wp-content\\\/uploads\\\/2025\\\/04\\\/InShot_20250427_153212581-scaled.jpg\",\"contentUrl\":\"https:\\\/\\\/kuzeyinsesi.org\\\/wp-content\\\/uploads\\\/2025\\\/04\\\/InShot_20250427_153212581-scaled.jpg\",\"width\":2560,\"height\":1439},{\"@type\":\"BreadcrumbList\",\"@id\":\"https:\\\/\\\/kuzeyinsesi.org\\\/index.php\\\/2025\\\/04\\\/27\\\/bellapais-manastirinda-muzik-ziyafeti-korolar-buyuledi\\\/#breadcrumb\",\"itemListElement\":[{\"@type\":\"ListItem\",\"position\":1,\"name\":\"Anasayfa\",\"item\":\"https:\\\/\\\/kuzeyinsesi.org\\\/\"},{\"@type\":\"ListItem\",\"position\":2,\"name\":\"Bellapais Manast\u0131r\u0131\u2019nda m\u00fczik ziyafeti: Korolar b\u00fcy\u00fcledi\"}]},{\"@type\":\"WebSite\",\"@id\":\"https:\\\/\\\/kuzeyinsesi.org\\\/#website\",\"url\":\"https:\\\/\\\/kuzeyinsesi.org\\\/\",\"name\":\"Kuzeyin Sesi\",\"description\":\"Do\u011fru Haberin Adresi\",\"potentialAction\":[{\"@type\":\"SearchAction\",\"target\":{\"@type\":\"EntryPoint\",\"urlTemplate\":\"https:\\\/\\\/kuzeyinsesi.org\\\/?s={search_term_string}\"},\"query-input\":{\"@type\":\"PropertyValueSpecification\",\"valueRequired\":true,\"valueName\":\"search_term_string\"}}],\"inLanguage\":\"tr\"},{\"@type\":\"Person\",\"@id\":\"https:\\\/\\\/kuzeyinsesi.org\\\/#\\\/schema\\\/person\\\/9f859689cdf01485597712386e37f5aa\",\"name\":\"Kuzeyin Sesi\",\"image\":{\"@type\":\"ImageObject\",\"inLanguage\":\"tr\",\"@id\":\"https:\\\/\\\/secure.gravatar.com\\\/avatar\\\/bab33852abfd8b282518d6ed81826833d77c3c882d9ab608add591ccace47a44?s=96&d=mm&r=g\",\"url\":\"https:\\\/\\\/secure.gravatar.com\\\/avatar\\\/bab33852abfd8b282518d6ed81826833d77c3c882d9ab608add591ccace47a44?s=96&d=mm&r=g\",\"contentUrl\":\"https:\\\/\\\/secure.gravatar.com\\\/avatar\\\/bab33852abfd8b282518d6ed81826833d77c3c882d9ab608add591ccace47a44?s=96&d=mm&r=g\",\"caption\":\"Kuzeyin Sesi\"},\"sameAs\":[\"https:\\\/\\\/kuzeyinsesi.org\"],\"url\":\"https:\\\/\\\/kuzeyinsesi.org\\\/index.php\\\/author\\\/guven\\\/\"}]}<\/script>\n<!-- \/ Yoast SEO plugin. -->","yoast_head_json":{"title":"Bellapais Manast\u0131r\u0131\u2019nda m\u00fczik ziyafeti: Korolar b\u00fcy\u00fcledi - Kuzeyin Sesi","robots":{"index":"index","follow":"follow","max-snippet":"max-snippet:-1","max-image-preview":"max-image-preview:large","max-video-preview":"max-video-preview:-1"},"canonical":"https:\/\/kuzeyinsesi.org\/index.php\/2025\/04\/27\/bellapais-manastirinda-muzik-ziyafeti-korolar-buyuledi\/","og_locale":"tr_TR","og_type":"article","og_title":"Bellapais Manast\u0131r\u0131\u2019nda m\u00fczik ziyafeti: Korolar b\u00fcy\u00fcledi - Kuzeyin Sesi","og_description":"20. Uluslararas\u0131 Bellapais \u0130lkbahar M\u00fczik Festivali, Bellapais Manast\u0131r\u0131\u2019n\u0131n tarihi dokusunda ger\u00e7ekle\u015fen e\u015fsiz bir konserle ta\u00e7land\u0131. KoroPopsesli ve Sonare \u00c7ok Sesli Korosu\u2019nun birlikte sahne ald\u0131\u011f\u0131 etkinlik, dinleyicilere unutulmaz bir m\u00fczik deneyimi ya\u015fatt\u0131. \u015eef Erkan Da\u011fl\u0131\u2019n\u0131n y\u00f6netimindeki Sonare \u00c7ok Sesli Korosu, Mehmet Co\u015fkuner ve M\u00fcge Yorganc\u0131o\u011flu\u2019nun piyano, I\u015f\u0131l Akg\u00fc\u00e7\u2019\u00fcn fl\u00fct ve Aytekin \u00d6ztezer\u2019in cajon e\u015fli\u011finde sundu\u011fu birbirinden [&hellip;]","og_url":"https:\/\/kuzeyinsesi.org\/index.php\/2025\/04\/27\/bellapais-manastirinda-muzik-ziyafeti-korolar-buyuledi\/","og_site_name":"Kuzeyin Sesi","article_publisher":"https:\/\/www.facebook.com\/kuzeyinsesii","article_published_time":"2025-04-27T12:53:33+00:00","og_image":[{"url":"https:\/\/brtk.net\/wp-content\/uploads\/2025\/04\/27\/InShot_20250427_153212581-scaled.jpg?ver=56df34973063a79583a4f66a6e0f782d","type":"","width":"","height":""}],"author":"Kuzeyin Sesi","twitter_card":"summary_large_image","twitter_creator":"@kuzeyinsesii","twitter_site":"@kuzeyinsesii","twitter_misc":{"Yazan:":"Kuzeyin Sesi","Tahmini okuma s\u00fcresi":"1 dakika"},"schema":{"@context":"https:\/\/schema.org","@graph":[{"@type":"Article","@id":"https:\/\/kuzeyinsesi.org\/index.php\/2025\/04\/27\/bellapais-manastirinda-muzik-ziyafeti-korolar-buyuledi\/#article","isPartOf":{"@id":"https:\/\/kuzeyinsesi.org\/index.php\/2025\/04\/27\/bellapais-manastirinda-muzik-ziyafeti-korolar-buyuledi\/"},"author":{"name":"Kuzeyin Sesi","@id":"https:\/\/kuzeyinsesi.org\/#\/schema\/person\/9f859689cdf01485597712386e37f5aa"},"headline":"Bellapais Manast\u0131r\u0131\u2019nda m\u00fczik ziyafeti: Korolar b\u00fcy\u00fcledi","datePublished":"2025-04-27T12:53:33+00:00","mainEntityOfPage":{"@id":"https:\/\/kuzeyinsesi.org\/index.php\/2025\/04\/27\/bellapais-manastirinda-muzik-ziyafeti-korolar-buyuledi\/"},"wordCount":217,"commentCount":0,"image":{"@id":"https:\/\/kuzeyinsesi.org\/index.php\/2025\/04\/27\/bellapais-manastirinda-muzik-ziyafeti-korolar-buyuledi\/#primaryimage"},"thumbnailUrl":"https:\/\/kuzeyinsesi.org\/wp-content\/uploads\/2025\/04\/InShot_20250427_153212581-scaled.jpg","articleSection":["Ya\u015fam"],"inLanguage":"tr","potentialAction":[{"@type":"CommentAction","name":"Comment","target":["https:\/\/kuzeyinsesi.org\/index.php\/2025\/04\/27\/bellapais-manastirinda-muzik-ziyafeti-korolar-buyuledi\/#respond"]}]},{"@type":"WebPage","@id":"https:\/\/kuzeyinsesi.org\/index.php\/2025\/04\/27\/bellapais-manastirinda-muzik-ziyafeti-korolar-buyuledi\/","url":"https:\/\/kuzeyinsesi.org\/index.php\/2025\/04\/27\/bellapais-manastirinda-muzik-ziyafeti-korolar-buyuledi\/","name":"Bellapais Manast\u0131r\u0131\u2019nda m\u00fczik ziyafeti: Korolar b\u00fcy\u00fcledi - Kuzeyin Sesi","isPartOf":{"@id":"https:\/\/kuzeyinsesi.org\/#website"},"primaryImageOfPage":{"@id":"https:\/\/kuzeyinsesi.org\/index.php\/2025\/04\/27\/bellapais-manastirinda-muzik-ziyafeti-korolar-buyuledi\/#primaryimage"},"image":{"@id":"https:\/\/kuzeyinsesi.org\/index.php\/2025\/04\/27\/bellapais-manastirinda-muzik-ziyafeti-korolar-buyuledi\/#primaryimage"},"thumbnailUrl":"https:\/\/kuzeyinsesi.org\/wp-content\/uploads\/2025\/04\/InShot_20250427_153212581-scaled.jpg","datePublished":"2025-04-27T12:53:33+00:00","author":{"@id":"https:\/\/kuzeyinsesi.org\/#\/schema\/person\/9f859689cdf01485597712386e37f5aa"},"breadcrumb":{"@id":"https:\/\/kuzeyinsesi.org\/index.php\/2025\/04\/27\/bellapais-manastirinda-muzik-ziyafeti-korolar-buyuledi\/#breadcrumb"},"inLanguage":"tr","potentialAction":[{"@type":"ReadAction","target":["https:\/\/kuzeyinsesi.org\/index.php\/2025\/04\/27\/bellapais-manastirinda-muzik-ziyafeti-korolar-buyuledi\/"]}]},{"@type":"ImageObject","inLanguage":"tr","@id":"https:\/\/kuzeyinsesi.org\/index.php\/2025\/04\/27\/bellapais-manastirinda-muzik-ziyafeti-korolar-buyuledi\/#primaryimage","url":"https:\/\/kuzeyinsesi.org\/wp-content\/uploads\/2025\/04\/InShot_20250427_153212581-scaled.jpg","contentUrl":"https:\/\/kuzeyinsesi.org\/wp-content\/uploads\/2025\/04\/InShot_20250427_153212581-scaled.jpg","width":2560,"height":1439},{"@type":"BreadcrumbList","@id":"https:\/\/kuzeyinsesi.org\/index.php\/2025\/04\/27\/bellapais-manastirinda-muzik-ziyafeti-korolar-buyuledi\/#breadcrumb","itemListElement":[{"@type":"ListItem","position":1,"name":"Anasayfa","item":"https:\/\/kuzeyinsesi.org\/"},{"@type":"ListItem","position":2,"name":"Bellapais Manast\u0131r\u0131\u2019nda m\u00fczik ziyafeti: Korolar b\u00fcy\u00fcledi"}]},{"@type":"WebSite","@id":"https:\/\/kuzeyinsesi.org\/#website","url":"https:\/\/kuzeyinsesi.org\/","name":"Kuzeyin Sesi","description":"Do\u011fru Haberin Adresi","potentialAction":[{"@type":"SearchAction","target":{"@type":"EntryPoint","urlTemplate":"https:\/\/kuzeyinsesi.org\/?s={search_term_string}"},"query-input":{"@type":"PropertyValueSpecification","valueRequired":true,"valueName":"search_term_string"}}],"inLanguage":"tr"},{"@type":"Person","@id":"https:\/\/kuzeyinsesi.org\/#\/schema\/person\/9f859689cdf01485597712386e37f5aa","name":"Kuzeyin Sesi","image":{"@type":"ImageObject","inLanguage":"tr","@id":"https:\/\/secure.gravatar.com\/avatar\/bab33852abfd8b282518d6ed81826833d77c3c882d9ab608add591ccace47a44?s=96&d=mm&r=g","url":"https:\/\/secure.gravatar.com\/avatar\/bab33852abfd8b282518d6ed81826833d77c3c882d9ab608add591ccace47a44?s=96&d=mm&r=g","contentUrl":"https:\/\/secure.gravatar.com\/avatar\/bab33852abfd8b282518d6ed81826833d77c3c882d9ab608add591ccace47a44?s=96&d=mm&r=g","caption":"Kuzeyin Sesi"},"sameAs":["https:\/\/kuzeyinsesi.org"],"url":"https:\/\/kuzeyinsesi.org\/index.php\/author\/guven\/"}]}},"_links":{"self":[{"href":"https:\/\/kuzeyinsesi.org\/index.php\/wp-json\/wp\/v2\/posts\/23980","targetHints":{"allow":["GET"]}}],"collection":[{"href":"https:\/\/kuzeyinsesi.org\/index.php\/wp-json\/wp\/v2\/posts"}],"about":[{"href":"https:\/\/kuzeyinsesi.org\/index.php\/wp-json\/wp\/v2\/types\/post"}],"author":[{"embeddable":true,"href":"https:\/\/kuzeyinsesi.org\/index.php\/wp-json\/wp\/v2\/users\/1"}],"replies":[{"embeddable":true,"href":"https:\/\/kuzeyinsesi.org\/index.php\/wp-json\/wp\/v2\/comments?post=23980"}],"version-history":[{"count":0,"href":"https:\/\/kuzeyinsesi.org\/index.php\/wp-json\/wp\/v2\/posts\/23980\/revisions"}],"wp:featuredmedia":[{"embeddable":true,"href":"https:\/\/kuzeyinsesi.org\/index.php\/wp-json\/wp\/v2\/media\/23981"}],"wp:attachment":[{"href":"https:\/\/kuzeyinsesi.org\/index.php\/wp-json\/wp\/v2\/media?parent=23980"}],"wp:term":[{"taxonomy":"category","embeddable":true,"href":"https:\/\/kuzeyinsesi.org\/index.php\/wp-json\/wp\/v2\/categories?post=23980"},{"taxonomy":"post_tag","embeddable":true,"href":"https:\/\/kuzeyinsesi.org\/index.php\/wp-json\/wp\/v2\/tags?post=23980"}],"curies":[{"name":"wp","href":"https:\/\/api.w.org\/{rel}","templated":true}]}}