{"id":23945,"date":"2025-04-26T21:27:07","date_gmt":"2025-04-26T18:27:07","guid":{"rendered":"https:\/\/kuzeyinsesi.org\/index.php\/2025\/04\/26\/genclik-merkezi-birliginin-duzenledigi-cemberde-kermesrenkli-goruntulere-sahne-oldu\/"},"modified":"2025-04-26T21:27:07","modified_gmt":"2025-04-26T18:27:07","slug":"genclik-merkezi-birliginin-duzenledigi-cemberde-kermesrenkli-goruntulere-sahne-oldu","status":"publish","type":"post","link":"https:\/\/kuzeyinsesi.org\/index.php\/2025\/04\/26\/genclik-merkezi-birliginin-duzenledigi-cemberde-kermesrenkli-goruntulere-sahne-oldu\/","title":{"rendered":"Gen\u00e7lik Merkezi Birli\u011fi\u2019nin d\u00fczenledi\u011fi \u201c\u00c7ember\u2019de Kermes\u201drenkli g\u00f6r\u00fcnt\u00fclere sahne oldu"},"content":{"rendered":"<div>\n<div class=\"mariselle-image-container center\">\n                                            <\/div>\n<p>Gen\u00e7lik Merkezi Birli\u011fi, Lefko\u015fa K\u0131z\u0131lba\u015f Gen\u00e7lik Merkezi\u2019nde kermes d\u00fczenledi.<\/p>\n<p>\u201c\u00c7ember\u2019de Kermes\u201d adl\u0131 etkinlik, gen\u00e7ler ve \u00e7ocuklar\u0131n dans g\u00f6sterileri ile renklendi.<\/p>\n<p>Canl\u0131 m\u00fczik ve DJ performans\u0131n\u0131n g\u00fcn boyu devam etti\u011fi kermeste; yeme, i\u00e7me, el i\u015fi \u00fcr\u00fcnleri gibi stantlar\u0131n yan\u0131 s\u0131ra; \u00e7ocuklar i\u00e7in de etkinlikler d\u00fczenlendi<\/p>\n<\/p><\/div>\n<p><script async\n                    defer\n                    crossorigin=\"anonymous\"\n                    src=\"https:\/\/connect.facebook.net\/tr_TR\/sdk.js#xfbml=1&#038;version=v3.3\"\n            ><\/script><\/p>\n","protected":false},"excerpt":{"rendered":"<p>Gen\u00e7lik Merkezi Birli\u011fi, Lefko\u015fa K\u0131z\u0131lba\u015f Gen\u00e7lik Merkezi\u2019nde kermes d\u00fczenledi. \u201c\u00c7ember\u2019de Kermes\u201d adl\u0131 etkinlik, gen\u00e7ler ve \u00e7ocuklar\u0131n dans g\u00f6sterileri ile renklendi. Canl\u0131 m\u00fczik ve DJ performans\u0131n\u0131n g\u00fcn boyu devam etti\u011fi kermeste; yeme, i\u00e7me, el i\u015fi \u00fcr\u00fcnleri gibi stantlar\u0131n yan\u0131 s\u0131ra; \u00e7ocuklar i\u00e7in de etkinlikler d\u00fczenlendi<\/p>\n","protected":false},"author":1,"featured_media":23946,"comment_status":"open","ping_status":"open","sticky":false,"template":"","format":"standard","meta":{"jnews-multi-image_gallery":[],"jnews_single_post":[],"jnews_primary_category":[],"jnews_social_meta":[],"jnews_override_counter":[],"footnotes":""},"categories":[6],"tags":[],"class_list":["post-23945","post","type-post","status-publish","format-standard","has-post-thumbnail","hentry","category-yasam"],"yoast_head":"<!-- This site is optimized with the Yoast SEO plugin v27.4 - https:\/\/yoast.com\/product\/yoast-seo-wordpress\/ -->\n<title>Gen\u00e7lik Merkezi Birli\u011fi\u2019nin d\u00fczenledi\u011fi \u201c\u00c7ember\u2019de Kermes\u201drenkli g\u00f6r\u00fcnt\u00fclere sahne oldu - Kuzeyin Sesi<\/title>\n<meta name=\"robots\" content=\"index, follow, max-snippet:-1, max-image-preview:large, max-video-preview:-1\" \/>\n<link rel=\"canonical\" href=\"https:\/\/kuzeyinsesi.org\/index.php\/2025\/04\/26\/genclik-merkezi-birliginin-duzenledigi-cemberde-kermesrenkli-goruntulere-sahne-oldu\/\" \/>\n<meta property=\"og:locale\" content=\"tr_TR\" \/>\n<meta property=\"og:type\" content=\"article\" \/>\n<meta property=\"og:title\" content=\"Gen\u00e7lik Merkezi Birli\u011fi\u2019nin d\u00fczenledi\u011fi \u201c\u00c7ember\u2019de Kermes\u201drenkli g\u00f6r\u00fcnt\u00fclere sahne oldu - Kuzeyin Sesi\" \/>\n<meta property=\"og:description\" content=\"Gen\u00e7lik Merkezi Birli\u011fi, Lefko\u015fa K\u0131z\u0131lba\u015f Gen\u00e7lik Merkezi\u2019nde kermes d\u00fczenledi. \u201c\u00c7ember\u2019de Kermes\u201d adl\u0131 etkinlik, gen\u00e7ler ve \u00e7ocuklar\u0131n dans g\u00f6sterileri ile renklendi. Canl\u0131 m\u00fczik ve DJ performans\u0131n\u0131n g\u00fcn boyu devam etti\u011fi kermeste; yeme, i\u00e7me, el i\u015fi \u00fcr\u00fcnleri gibi stantlar\u0131n yan\u0131 s\u0131ra; \u00e7ocuklar i\u00e7in de etkinlikler d\u00fczenlendi\" \/>\n<meta property=\"og:url\" content=\"https:\/\/kuzeyinsesi.org\/index.php\/2025\/04\/26\/genclik-merkezi-birliginin-duzenledigi-cemberde-kermesrenkli-goruntulere-sahne-oldu\/\" \/>\n<meta property=\"og:site_name\" content=\"Kuzeyin Sesi\" \/>\n<meta property=\"article:publisher\" content=\"https:\/\/www.facebook.com\/kuzeyinsesii\" \/>\n<meta property=\"article:published_time\" content=\"2025-04-26T18:27:07+00:00\" \/>\n<meta property=\"og:image\" content=\"https:\/\/brtk.net\/wp-content\/uploads\/2025\/04\/26\/asdslaskdja.jpg?ver=97bc2553564c52365d04a7d0359298de\" \/>\n<meta name=\"author\" content=\"Kuzeyin Sesi\" \/>\n<meta name=\"twitter:card\" content=\"summary_large_image\" \/>\n<meta name=\"twitter:creator\" content=\"@kuzeyinsesii\" \/>\n<meta name=\"twitter:site\" content=\"@kuzeyinsesii\" \/>\n<meta name=\"twitter:label1\" content=\"Yazan:\" \/>\n\t<meta name=\"twitter:data1\" content=\"Kuzeyin Sesi\" \/>\n<script type=\"application\/ld+json\" class=\"yoast-schema-graph\">{\"@context\":\"https:\\\/\\\/schema.org\",\"@graph\":[{\"@type\":\"Article\",\"@id\":\"https:\\\/\\\/kuzeyinsesi.org\\\/index.php\\\/2025\\\/04\\\/26\\\/genclik-merkezi-birliginin-duzenledigi-cemberde-kermesrenkli-goruntulere-sahne-oldu\\\/#article\",\"isPartOf\":{\"@id\":\"https:\\\/\\\/kuzeyinsesi.org\\\/index.php\\\/2025\\\/04\\\/26\\\/genclik-merkezi-birliginin-duzenledigi-cemberde-kermesrenkli-goruntulere-sahne-oldu\\\/\"},\"author\":{\"name\":\"Kuzeyin Sesi\",\"@id\":\"https:\\\/\\\/kuzeyinsesi.org\\\/#\\\/schema\\\/person\\\/9f859689cdf01485597712386e37f5aa\"},\"headline\":\"Gen\u00e7lik Merkezi Birli\u011fi\u2019nin d\u00fczenledi\u011fi \u201c\u00c7ember\u2019de Kermes\u201drenkli g\u00f6r\u00fcnt\u00fclere sahne oldu\",\"datePublished\":\"2025-04-26T18:27:07+00:00\",\"mainEntityOfPage\":{\"@id\":\"https:\\\/\\\/kuzeyinsesi.org\\\/index.php\\\/2025\\\/04\\\/26\\\/genclik-merkezi-birliginin-duzenledigi-cemberde-kermesrenkli-goruntulere-sahne-oldu\\\/\"},\"wordCount\":87,\"commentCount\":0,\"image\":{\"@id\":\"https:\\\/\\\/kuzeyinsesi.org\\\/index.php\\\/2025\\\/04\\\/26\\\/genclik-merkezi-birliginin-duzenledigi-cemberde-kermesrenkli-goruntulere-sahne-oldu\\\/#primaryimage\"},\"thumbnailUrl\":\"https:\\\/\\\/kuzeyinsesi.org\\\/wp-content\\\/uploads\\\/2025\\\/04\\\/asdslaskdja.jpg\",\"articleSection\":[\"Ya\u015fam\"],\"inLanguage\":\"tr\",\"potentialAction\":[{\"@type\":\"CommentAction\",\"name\":\"Comment\",\"target\":[\"https:\\\/\\\/kuzeyinsesi.org\\\/index.php\\\/2025\\\/04\\\/26\\\/genclik-merkezi-birliginin-duzenledigi-cemberde-kermesrenkli-goruntulere-sahne-oldu\\\/#respond\"]}]},{\"@type\":\"WebPage\",\"@id\":\"https:\\\/\\\/kuzeyinsesi.org\\\/index.php\\\/2025\\\/04\\\/26\\\/genclik-merkezi-birliginin-duzenledigi-cemberde-kermesrenkli-goruntulere-sahne-oldu\\\/\",\"url\":\"https:\\\/\\\/kuzeyinsesi.org\\\/index.php\\\/2025\\\/04\\\/26\\\/genclik-merkezi-birliginin-duzenledigi-cemberde-kermesrenkli-goruntulere-sahne-oldu\\\/\",\"name\":\"Gen\u00e7lik Merkezi Birli\u011fi\u2019nin d\u00fczenledi\u011fi \u201c\u00c7ember\u2019de Kermes\u201drenkli g\u00f6r\u00fcnt\u00fclere sahne oldu - Kuzeyin Sesi\",\"isPartOf\":{\"@id\":\"https:\\\/\\\/kuzeyinsesi.org\\\/#website\"},\"primaryImageOfPage\":{\"@id\":\"https:\\\/\\\/kuzeyinsesi.org\\\/index.php\\\/2025\\\/04\\\/26\\\/genclik-merkezi-birliginin-duzenledigi-cemberde-kermesrenkli-goruntulere-sahne-oldu\\\/#primaryimage\"},\"image\":{\"@id\":\"https:\\\/\\\/kuzeyinsesi.org\\\/index.php\\\/2025\\\/04\\\/26\\\/genclik-merkezi-birliginin-duzenledigi-cemberde-kermesrenkli-goruntulere-sahne-oldu\\\/#primaryimage\"},\"thumbnailUrl\":\"https:\\\/\\\/kuzeyinsesi.org\\\/wp-content\\\/uploads\\\/2025\\\/04\\\/asdslaskdja.jpg\",\"datePublished\":\"2025-04-26T18:27:07+00:00\",\"author\":{\"@id\":\"https:\\\/\\\/kuzeyinsesi.org\\\/#\\\/schema\\\/person\\\/9f859689cdf01485597712386e37f5aa\"},\"breadcrumb\":{\"@id\":\"https:\\\/\\\/kuzeyinsesi.org\\\/index.php\\\/2025\\\/04\\\/26\\\/genclik-merkezi-birliginin-duzenledigi-cemberde-kermesrenkli-goruntulere-sahne-oldu\\\/#breadcrumb\"},\"inLanguage\":\"tr\",\"potentialAction\":[{\"@type\":\"ReadAction\",\"target\":[\"https:\\\/\\\/kuzeyinsesi.org\\\/index.php\\\/2025\\\/04\\\/26\\\/genclik-merkezi-birliginin-duzenledigi-cemberde-kermesrenkli-goruntulere-sahne-oldu\\\/\"]}]},{\"@type\":\"ImageObject\",\"inLanguage\":\"tr\",\"@id\":\"https:\\\/\\\/kuzeyinsesi.org\\\/index.php\\\/2025\\\/04\\\/26\\\/genclik-merkezi-birliginin-duzenledigi-cemberde-kermesrenkli-goruntulere-sahne-oldu\\\/#primaryimage\",\"url\":\"https:\\\/\\\/kuzeyinsesi.org\\\/wp-content\\\/uploads\\\/2025\\\/04\\\/asdslaskdja.jpg\",\"contentUrl\":\"https:\\\/\\\/kuzeyinsesi.org\\\/wp-content\\\/uploads\\\/2025\\\/04\\\/asdslaskdja.jpg\",\"width\":597,\"height\":313},{\"@type\":\"BreadcrumbList\",\"@id\":\"https:\\\/\\\/kuzeyinsesi.org\\\/index.php\\\/2025\\\/04\\\/26\\\/genclik-merkezi-birliginin-duzenledigi-cemberde-kermesrenkli-goruntulere-sahne-oldu\\\/#breadcrumb\",\"itemListElement\":[{\"@type\":\"ListItem\",\"position\":1,\"name\":\"Anasayfa\",\"item\":\"https:\\\/\\\/kuzeyinsesi.org\\\/\"},{\"@type\":\"ListItem\",\"position\":2,\"name\":\"Gen\u00e7lik Merkezi Birli\u011fi\u2019nin d\u00fczenledi\u011fi \u201c\u00c7ember\u2019de Kermes\u201drenkli g\u00f6r\u00fcnt\u00fclere sahne oldu\"}]},{\"@type\":\"WebSite\",\"@id\":\"https:\\\/\\\/kuzeyinsesi.org\\\/#website\",\"url\":\"https:\\\/\\\/kuzeyinsesi.org\\\/\",\"name\":\"Kuzeyin Sesi\",\"description\":\"Do\u011fru Haberin Adresi\",\"potentialAction\":[{\"@type\":\"SearchAction\",\"target\":{\"@type\":\"EntryPoint\",\"urlTemplate\":\"https:\\\/\\\/kuzeyinsesi.org\\\/?s={search_term_string}\"},\"query-input\":{\"@type\":\"PropertyValueSpecification\",\"valueRequired\":true,\"valueName\":\"search_term_string\"}}],\"inLanguage\":\"tr\"},{\"@type\":\"Person\",\"@id\":\"https:\\\/\\\/kuzeyinsesi.org\\\/#\\\/schema\\\/person\\\/9f859689cdf01485597712386e37f5aa\",\"name\":\"Kuzeyin Sesi\",\"image\":{\"@type\":\"ImageObject\",\"inLanguage\":\"tr\",\"@id\":\"https:\\\/\\\/secure.gravatar.com\\\/avatar\\\/bab33852abfd8b282518d6ed81826833d77c3c882d9ab608add591ccace47a44?s=96&d=mm&r=g\",\"url\":\"https:\\\/\\\/secure.gravatar.com\\\/avatar\\\/bab33852abfd8b282518d6ed81826833d77c3c882d9ab608add591ccace47a44?s=96&d=mm&r=g\",\"contentUrl\":\"https:\\\/\\\/secure.gravatar.com\\\/avatar\\\/bab33852abfd8b282518d6ed81826833d77c3c882d9ab608add591ccace47a44?s=96&d=mm&r=g\",\"caption\":\"Kuzeyin Sesi\"},\"sameAs\":[\"https:\\\/\\\/kuzeyinsesi.org\"],\"url\":\"https:\\\/\\\/kuzeyinsesi.org\\\/index.php\\\/author\\\/guven\\\/\"}]}<\/script>\n<!-- \/ Yoast SEO plugin. -->","yoast_head_json":{"title":"Gen\u00e7lik Merkezi Birli\u011fi\u2019nin d\u00fczenledi\u011fi \u201c\u00c7ember\u2019de Kermes\u201drenkli g\u00f6r\u00fcnt\u00fclere sahne oldu - Kuzeyin Sesi","robots":{"index":"index","follow":"follow","max-snippet":"max-snippet:-1","max-image-preview":"max-image-preview:large","max-video-preview":"max-video-preview:-1"},"canonical":"https:\/\/kuzeyinsesi.org\/index.php\/2025\/04\/26\/genclik-merkezi-birliginin-duzenledigi-cemberde-kermesrenkli-goruntulere-sahne-oldu\/","og_locale":"tr_TR","og_type":"article","og_title":"Gen\u00e7lik Merkezi Birli\u011fi\u2019nin d\u00fczenledi\u011fi \u201c\u00c7ember\u2019de Kermes\u201drenkli g\u00f6r\u00fcnt\u00fclere sahne oldu - Kuzeyin Sesi","og_description":"Gen\u00e7lik Merkezi Birli\u011fi, Lefko\u015fa K\u0131z\u0131lba\u015f Gen\u00e7lik Merkezi\u2019nde kermes d\u00fczenledi. \u201c\u00c7ember\u2019de Kermes\u201d adl\u0131 etkinlik, gen\u00e7ler ve \u00e7ocuklar\u0131n dans g\u00f6sterileri ile renklendi. Canl\u0131 m\u00fczik ve DJ performans\u0131n\u0131n g\u00fcn boyu devam etti\u011fi kermeste; yeme, i\u00e7me, el i\u015fi \u00fcr\u00fcnleri gibi stantlar\u0131n yan\u0131 s\u0131ra; \u00e7ocuklar i\u00e7in de etkinlikler d\u00fczenlendi","og_url":"https:\/\/kuzeyinsesi.org\/index.php\/2025\/04\/26\/genclik-merkezi-birliginin-duzenledigi-cemberde-kermesrenkli-goruntulere-sahne-oldu\/","og_site_name":"Kuzeyin Sesi","article_publisher":"https:\/\/www.facebook.com\/kuzeyinsesii","article_published_time":"2025-04-26T18:27:07+00:00","og_image":[{"url":"https:\/\/brtk.net\/wp-content\/uploads\/2025\/04\/26\/asdslaskdja.jpg?ver=97bc2553564c52365d04a7d0359298de","type":"","width":"","height":""}],"author":"Kuzeyin Sesi","twitter_card":"summary_large_image","twitter_creator":"@kuzeyinsesii","twitter_site":"@kuzeyinsesii","twitter_misc":{"Yazan:":"Kuzeyin Sesi"},"schema":{"@context":"https:\/\/schema.org","@graph":[{"@type":"Article","@id":"https:\/\/kuzeyinsesi.org\/index.php\/2025\/04\/26\/genclik-merkezi-birliginin-duzenledigi-cemberde-kermesrenkli-goruntulere-sahne-oldu\/#article","isPartOf":{"@id":"https:\/\/kuzeyinsesi.org\/index.php\/2025\/04\/26\/genclik-merkezi-birliginin-duzenledigi-cemberde-kermesrenkli-goruntulere-sahne-oldu\/"},"author":{"name":"Kuzeyin Sesi","@id":"https:\/\/kuzeyinsesi.org\/#\/schema\/person\/9f859689cdf01485597712386e37f5aa"},"headline":"Gen\u00e7lik Merkezi Birli\u011fi\u2019nin d\u00fczenledi\u011fi \u201c\u00c7ember\u2019de Kermes\u201drenkli g\u00f6r\u00fcnt\u00fclere sahne oldu","datePublished":"2025-04-26T18:27:07+00:00","mainEntityOfPage":{"@id":"https:\/\/kuzeyinsesi.org\/index.php\/2025\/04\/26\/genclik-merkezi-birliginin-duzenledigi-cemberde-kermesrenkli-goruntulere-sahne-oldu\/"},"wordCount":87,"commentCount":0,"image":{"@id":"https:\/\/kuzeyinsesi.org\/index.php\/2025\/04\/26\/genclik-merkezi-birliginin-duzenledigi-cemberde-kermesrenkli-goruntulere-sahne-oldu\/#primaryimage"},"thumbnailUrl":"https:\/\/kuzeyinsesi.org\/wp-content\/uploads\/2025\/04\/asdslaskdja.jpg","articleSection":["Ya\u015fam"],"inLanguage":"tr","potentialAction":[{"@type":"CommentAction","name":"Comment","target":["https:\/\/kuzeyinsesi.org\/index.php\/2025\/04\/26\/genclik-merkezi-birliginin-duzenledigi-cemberde-kermesrenkli-goruntulere-sahne-oldu\/#respond"]}]},{"@type":"WebPage","@id":"https:\/\/kuzeyinsesi.org\/index.php\/2025\/04\/26\/genclik-merkezi-birliginin-duzenledigi-cemberde-kermesrenkli-goruntulere-sahne-oldu\/","url":"https:\/\/kuzeyinsesi.org\/index.php\/2025\/04\/26\/genclik-merkezi-birliginin-duzenledigi-cemberde-kermesrenkli-goruntulere-sahne-oldu\/","name":"Gen\u00e7lik Merkezi Birli\u011fi\u2019nin d\u00fczenledi\u011fi \u201c\u00c7ember\u2019de Kermes\u201drenkli g\u00f6r\u00fcnt\u00fclere sahne oldu - Kuzeyin Sesi","isPartOf":{"@id":"https:\/\/kuzeyinsesi.org\/#website"},"primaryImageOfPage":{"@id":"https:\/\/kuzeyinsesi.org\/index.php\/2025\/04\/26\/genclik-merkezi-birliginin-duzenledigi-cemberde-kermesrenkli-goruntulere-sahne-oldu\/#primaryimage"},"image":{"@id":"https:\/\/kuzeyinsesi.org\/index.php\/2025\/04\/26\/genclik-merkezi-birliginin-duzenledigi-cemberde-kermesrenkli-goruntulere-sahne-oldu\/#primaryimage"},"thumbnailUrl":"https:\/\/kuzeyinsesi.org\/wp-content\/uploads\/2025\/04\/asdslaskdja.jpg","datePublished":"2025-04-26T18:27:07+00:00","author":{"@id":"https:\/\/kuzeyinsesi.org\/#\/schema\/person\/9f859689cdf01485597712386e37f5aa"},"breadcrumb":{"@id":"https:\/\/kuzeyinsesi.org\/index.php\/2025\/04\/26\/genclik-merkezi-birliginin-duzenledigi-cemberde-kermesrenkli-goruntulere-sahne-oldu\/#breadcrumb"},"inLanguage":"tr","potentialAction":[{"@type":"ReadAction","target":["https:\/\/kuzeyinsesi.org\/index.php\/2025\/04\/26\/genclik-merkezi-birliginin-duzenledigi-cemberde-kermesrenkli-goruntulere-sahne-oldu\/"]}]},{"@type":"ImageObject","inLanguage":"tr","@id":"https:\/\/kuzeyinsesi.org\/index.php\/2025\/04\/26\/genclik-merkezi-birliginin-duzenledigi-cemberde-kermesrenkli-goruntulere-sahne-oldu\/#primaryimage","url":"https:\/\/kuzeyinsesi.org\/wp-content\/uploads\/2025\/04\/asdslaskdja.jpg","contentUrl":"https:\/\/kuzeyinsesi.org\/wp-content\/uploads\/2025\/04\/asdslaskdja.jpg","width":597,"height":313},{"@type":"BreadcrumbList","@id":"https:\/\/kuzeyinsesi.org\/index.php\/2025\/04\/26\/genclik-merkezi-birliginin-duzenledigi-cemberde-kermesrenkli-goruntulere-sahne-oldu\/#breadcrumb","itemListElement":[{"@type":"ListItem","position":1,"name":"Anasayfa","item":"https:\/\/kuzeyinsesi.org\/"},{"@type":"ListItem","position":2,"name":"Gen\u00e7lik Merkezi Birli\u011fi\u2019nin d\u00fczenledi\u011fi \u201c\u00c7ember\u2019de Kermes\u201drenkli g\u00f6r\u00fcnt\u00fclere sahne oldu"}]},{"@type":"WebSite","@id":"https:\/\/kuzeyinsesi.org\/#website","url":"https:\/\/kuzeyinsesi.org\/","name":"Kuzeyin Sesi","description":"Do\u011fru Haberin Adresi","potentialAction":[{"@type":"SearchAction","target":{"@type":"EntryPoint","urlTemplate":"https:\/\/kuzeyinsesi.org\/?s={search_term_string}"},"query-input":{"@type":"PropertyValueSpecification","valueRequired":true,"valueName":"search_term_string"}}],"inLanguage":"tr"},{"@type":"Person","@id":"https:\/\/kuzeyinsesi.org\/#\/schema\/person\/9f859689cdf01485597712386e37f5aa","name":"Kuzeyin Sesi","image":{"@type":"ImageObject","inLanguage":"tr","@id":"https:\/\/secure.gravatar.com\/avatar\/bab33852abfd8b282518d6ed81826833d77c3c882d9ab608add591ccace47a44?s=96&d=mm&r=g","url":"https:\/\/secure.gravatar.com\/avatar\/bab33852abfd8b282518d6ed81826833d77c3c882d9ab608add591ccace47a44?s=96&d=mm&r=g","contentUrl":"https:\/\/secure.gravatar.com\/avatar\/bab33852abfd8b282518d6ed81826833d77c3c882d9ab608add591ccace47a44?s=96&d=mm&r=g","caption":"Kuzeyin Sesi"},"sameAs":["https:\/\/kuzeyinsesi.org"],"url":"https:\/\/kuzeyinsesi.org\/index.php\/author\/guven\/"}]}},"_links":{"self":[{"href":"https:\/\/kuzeyinsesi.org\/index.php\/wp-json\/wp\/v2\/posts\/23945","targetHints":{"allow":["GET"]}}],"collection":[{"href":"https:\/\/kuzeyinsesi.org\/index.php\/wp-json\/wp\/v2\/posts"}],"about":[{"href":"https:\/\/kuzeyinsesi.org\/index.php\/wp-json\/wp\/v2\/types\/post"}],"author":[{"embeddable":true,"href":"https:\/\/kuzeyinsesi.org\/index.php\/wp-json\/wp\/v2\/users\/1"}],"replies":[{"embeddable":true,"href":"https:\/\/kuzeyinsesi.org\/index.php\/wp-json\/wp\/v2\/comments?post=23945"}],"version-history":[{"count":0,"href":"https:\/\/kuzeyinsesi.org\/index.php\/wp-json\/wp\/v2\/posts\/23945\/revisions"}],"wp:featuredmedia":[{"embeddable":true,"href":"https:\/\/kuzeyinsesi.org\/index.php\/wp-json\/wp\/v2\/media\/23946"}],"wp:attachment":[{"href":"https:\/\/kuzeyinsesi.org\/index.php\/wp-json\/wp\/v2\/media?parent=23945"}],"wp:term":[{"taxonomy":"category","embeddable":true,"href":"https:\/\/kuzeyinsesi.org\/index.php\/wp-json\/wp\/v2\/categories?post=23945"},{"taxonomy":"post_tag","embeddable":true,"href":"https:\/\/kuzeyinsesi.org\/index.php\/wp-json\/wp\/v2\/tags?post=23945"}],"curies":[{"name":"wp","href":"https:\/\/api.w.org\/{rel}","templated":true}]}}