{"id":23921,"date":"2025-04-26T14:20:41","date_gmt":"2025-04-26T11:20:41","guid":{"rendered":"https:\/\/kuzeyinsesi.org\/index.php\/2025\/04\/26\/sol-anahtarindan-1-mayis-klibi-kasiyerin-sarkisi\/"},"modified":"2025-04-26T14:20:41","modified_gmt":"2025-04-26T11:20:41","slug":"sol-anahtarindan-1-mayis-klibi-kasiyerin-sarkisi","status":"publish","type":"post","link":"https:\/\/kuzeyinsesi.org\/index.php\/2025\/04\/26\/sol-anahtarindan-1-mayis-klibi-kasiyerin-sarkisi\/","title":{"rendered":"Sol Anahtar\u0131\u2019ndan 1 May\u0131s klibi: Kasiyerin \u015eark\u0131s\u0131"},"content":{"rendered":"<div>\n<div class=\"mariselle-image-container none\">\n                                            <\/div>\n<p style=\"font-weight: 300;\"><span style=\"font-weight: 300 !important;\">Baraka K\u00fclt\u00fcr Merkezi m\u00fczik toplulu\u011fu Sol Anahtar\u0131, devrimci m\u00fczik gruplar\u0131n\u0131n olu\u015fturdu\u011fu Sol M\u00fczik Platformu\u2019nun \u201cElleri Var \u00d6zg\u00fcrl\u00fc\u011f\u00fcn\u201d isimli alb\u00fcm\u00fcnde yay\u0131nlad\u0131\u011f\u0131 \u201cKasiyerin \u015eark\u0131s\u0131\u201d eserine klip haz\u0131rlad\u0131.<\/span><\/p>\n<p style=\"font-weight: 300;\"><span style=\"font-weight: 300 !important;\">Baraka K\u00fclt\u00fcr Merkezi\u2019nden verilen bilgiye g\u00f6re klip, \u00f6zelde s\u00fcpermarket \u00e7al\u0131\u015fanlar\u0131n\u0131n, genelde ise \u00f6zel sekt\u00f6r emek\u00e7ilerinin ya\u015fad\u0131\u011f\u0131 sorunlara dikkat \u00e7eken \u201cKasiyerler Aya\u011fa!\u201d belgeselini \u00e7eken Ba\u011f\u0131ms\u0131zl\u0131k Yolu Partisi taraf\u0131ndan haz\u0131rlanarak Sol Anahtar\u0131\u2019na hediye edildi.<\/span><\/p>\n<p style=\"font-weight: 300;\"><span style=\"font-weight: 300 !important;\">A\u00e7\u0131klamada, \u201cBizler de Uluslararas\u0131 i\u015f\u00e7i s\u0131n\u0131f\u0131n\u0131n birlik, m\u00fccadele ve dayan\u0131\u015fma g\u00fcn\u00fc olan 1 May\u0131s\u2019ta s\u0131n\u0131fs\u0131z ve s\u00f6m\u00fcr\u00fcs\u00fcz bir d\u00fcnyaya olan co\u015fkumuzu inanc\u0131m\u0131z\u0131 ve isyan\u0131m\u0131z\u0131 art\u0131rmas\u0131 i\u00e7in halk\u0131m\u0131za arma\u011fan ediyoruz.\u201d ifadeleri kullan\u0131ld\u0131..<\/span><\/p>\n<p style=\"font-weight: 300;\"><span style=\"font-weight: 300 !important;\">Klip, 30 Nisan\u2019da Baraka K\u00fclt\u00fcr Merkezi\u2019nin sosyal medya hesaplar\u0131nda yay\u0131nlanacak.<\/span><\/p>\n<p>TAK\/BRT<\/p>\n<\/p><\/div>\n<p><script async\n                    defer\n                    crossorigin=\"anonymous\"\n                    src=\"https:\/\/connect.facebook.net\/tr_TR\/sdk.js#xfbml=1&#038;version=v3.3\"\n            ><\/script><\/p>\n","protected":false},"excerpt":{"rendered":"<p>Baraka K\u00fclt\u00fcr Merkezi m\u00fczik toplulu\u011fu Sol Anahtar\u0131, devrimci m\u00fczik gruplar\u0131n\u0131n olu\u015fturdu\u011fu Sol M\u00fczik Platformu\u2019nun \u201cElleri Var \u00d6zg\u00fcrl\u00fc\u011f\u00fcn\u201d isimli alb\u00fcm\u00fcnde yay\u0131nlad\u0131\u011f\u0131 \u201cKasiyerin \u015eark\u0131s\u0131\u201d eserine klip haz\u0131rlad\u0131. Baraka K\u00fclt\u00fcr Merkezi\u2019nden verilen bilgiye g\u00f6re klip, \u00f6zelde s\u00fcpermarket \u00e7al\u0131\u015fanlar\u0131n\u0131n, genelde ise \u00f6zel sekt\u00f6r emek\u00e7ilerinin ya\u015fad\u0131\u011f\u0131 sorunlara dikkat \u00e7eken \u201cKasiyerler Aya\u011fa!\u201d belgeselini \u00e7eken Ba\u011f\u0131ms\u0131zl\u0131k Yolu Partisi taraf\u0131ndan haz\u0131rlanarak Sol Anahtar\u0131\u2019na [&hellip;]<\/p>\n","protected":false},"author":1,"featured_media":23922,"comment_status":"open","ping_status":"open","sticky":false,"template":"","format":"standard","meta":{"jnews-multi-image_gallery":[],"jnews_single_post":[],"jnews_primary_category":[],"jnews_social_meta":[],"jnews_override_counter":[],"footnotes":""},"categories":[6],"tags":[],"class_list":["post-23921","post","type-post","status-publish","format-standard","has-post-thumbnail","hentry","category-yasam"],"yoast_head":"<!-- This site is optimized with the Yoast SEO plugin v27.4 - https:\/\/yoast.com\/product\/yoast-seo-wordpress\/ -->\n<title>Sol Anahtar\u0131\u2019ndan 1 May\u0131s klibi: Kasiyerin \u015eark\u0131s\u0131 - Kuzeyin Sesi<\/title>\n<meta name=\"robots\" content=\"index, follow, max-snippet:-1, max-image-preview:large, max-video-preview:-1\" \/>\n<link rel=\"canonical\" href=\"https:\/\/kuzeyinsesi.org\/index.php\/2025\/04\/26\/sol-anahtarindan-1-mayis-klibi-kasiyerin-sarkisi\/\" \/>\n<meta property=\"og:locale\" content=\"tr_TR\" \/>\n<meta property=\"og:type\" content=\"article\" \/>\n<meta property=\"og:title\" content=\"Sol Anahtar\u0131\u2019ndan 1 May\u0131s klibi: Kasiyerin \u015eark\u0131s\u0131 - Kuzeyin Sesi\" \/>\n<meta property=\"og:description\" content=\"Baraka K\u00fclt\u00fcr Merkezi m\u00fczik toplulu\u011fu Sol Anahtar\u0131, devrimci m\u00fczik gruplar\u0131n\u0131n olu\u015fturdu\u011fu Sol M\u00fczik Platformu\u2019nun \u201cElleri Var \u00d6zg\u00fcrl\u00fc\u011f\u00fcn\u201d isimli alb\u00fcm\u00fcnde yay\u0131nlad\u0131\u011f\u0131 \u201cKasiyerin \u015eark\u0131s\u0131\u201d eserine klip haz\u0131rlad\u0131. Baraka K\u00fclt\u00fcr Merkezi\u2019nden verilen bilgiye g\u00f6re klip, \u00f6zelde s\u00fcpermarket \u00e7al\u0131\u015fanlar\u0131n\u0131n, genelde ise \u00f6zel sekt\u00f6r emek\u00e7ilerinin ya\u015fad\u0131\u011f\u0131 sorunlara dikkat \u00e7eken \u201cKasiyerler Aya\u011fa!\u201d belgeselini \u00e7eken Ba\u011f\u0131ms\u0131zl\u0131k Yolu Partisi taraf\u0131ndan haz\u0131rlanarak Sol Anahtar\u0131\u2019na [&hellip;]\" \/>\n<meta property=\"og:url\" content=\"https:\/\/kuzeyinsesi.org\/index.php\/2025\/04\/26\/sol-anahtarindan-1-mayis-klibi-kasiyerin-sarkisi\/\" \/>\n<meta property=\"og:site_name\" content=\"Kuzeyin Sesi\" \/>\n<meta property=\"article:publisher\" content=\"https:\/\/www.facebook.com\/kuzeyinsesii\" \/>\n<meta property=\"article:published_time\" content=\"2025-04-26T11:20:41+00:00\" \/>\n<meta property=\"og:image\" content=\"https:\/\/brtk.net\/wp-content\/uploads\/2025\/04\/26\/sol-anahtari.jpg?ver=1c793df43b3404aadd5e612c0f4d2d0f\" \/>\n<meta name=\"author\" content=\"Kuzeyin Sesi\" \/>\n<meta name=\"twitter:card\" content=\"summary_large_image\" \/>\n<meta name=\"twitter:creator\" content=\"@kuzeyinsesii\" \/>\n<meta name=\"twitter:site\" content=\"@kuzeyinsesii\" \/>\n<meta name=\"twitter:label1\" content=\"Yazan:\" \/>\n\t<meta name=\"twitter:data1\" content=\"Kuzeyin Sesi\" \/>\n\t<meta name=\"twitter:label2\" content=\"Tahmini okuma s\u00fcresi\" \/>\n\t<meta name=\"twitter:data2\" content=\"1 dakika\" \/>\n<script type=\"application\/ld+json\" class=\"yoast-schema-graph\">{\"@context\":\"https:\\\/\\\/schema.org\",\"@graph\":[{\"@type\":\"Article\",\"@id\":\"https:\\\/\\\/kuzeyinsesi.org\\\/index.php\\\/2025\\\/04\\\/26\\\/sol-anahtarindan-1-mayis-klibi-kasiyerin-sarkisi\\\/#article\",\"isPartOf\":{\"@id\":\"https:\\\/\\\/kuzeyinsesi.org\\\/index.php\\\/2025\\\/04\\\/26\\\/sol-anahtarindan-1-mayis-klibi-kasiyerin-sarkisi\\\/\"},\"author\":{\"name\":\"Kuzeyin Sesi\",\"@id\":\"https:\\\/\\\/kuzeyinsesi.org\\\/#\\\/schema\\\/person\\\/9f859689cdf01485597712386e37f5aa\"},\"headline\":\"Sol Anahtar\u0131\u2019ndan 1 May\u0131s klibi: Kasiyerin \u015eark\u0131s\u0131\",\"datePublished\":\"2025-04-26T11:20:41+00:00\",\"mainEntityOfPage\":{\"@id\":\"https:\\\/\\\/kuzeyinsesi.org\\\/index.php\\\/2025\\\/04\\\/26\\\/sol-anahtarindan-1-mayis-klibi-kasiyerin-sarkisi\\\/\"},\"wordCount\":179,\"commentCount\":0,\"image\":{\"@id\":\"https:\\\/\\\/kuzeyinsesi.org\\\/index.php\\\/2025\\\/04\\\/26\\\/sol-anahtarindan-1-mayis-klibi-kasiyerin-sarkisi\\\/#primaryimage\"},\"thumbnailUrl\":\"https:\\\/\\\/kuzeyinsesi.org\\\/wp-content\\\/uploads\\\/2025\\\/04\\\/sol-anahtari.jpg\",\"articleSection\":[\"Ya\u015fam\"],\"inLanguage\":\"tr\",\"potentialAction\":[{\"@type\":\"CommentAction\",\"name\":\"Comment\",\"target\":[\"https:\\\/\\\/kuzeyinsesi.org\\\/index.php\\\/2025\\\/04\\\/26\\\/sol-anahtarindan-1-mayis-klibi-kasiyerin-sarkisi\\\/#respond\"]}]},{\"@type\":\"WebPage\",\"@id\":\"https:\\\/\\\/kuzeyinsesi.org\\\/index.php\\\/2025\\\/04\\\/26\\\/sol-anahtarindan-1-mayis-klibi-kasiyerin-sarkisi\\\/\",\"url\":\"https:\\\/\\\/kuzeyinsesi.org\\\/index.php\\\/2025\\\/04\\\/26\\\/sol-anahtarindan-1-mayis-klibi-kasiyerin-sarkisi\\\/\",\"name\":\"Sol Anahtar\u0131\u2019ndan 1 May\u0131s klibi: Kasiyerin \u015eark\u0131s\u0131 - Kuzeyin Sesi\",\"isPartOf\":{\"@id\":\"https:\\\/\\\/kuzeyinsesi.org\\\/#website\"},\"primaryImageOfPage\":{\"@id\":\"https:\\\/\\\/kuzeyinsesi.org\\\/index.php\\\/2025\\\/04\\\/26\\\/sol-anahtarindan-1-mayis-klibi-kasiyerin-sarkisi\\\/#primaryimage\"},\"image\":{\"@id\":\"https:\\\/\\\/kuzeyinsesi.org\\\/index.php\\\/2025\\\/04\\\/26\\\/sol-anahtarindan-1-mayis-klibi-kasiyerin-sarkisi\\\/#primaryimage\"},\"thumbnailUrl\":\"https:\\\/\\\/kuzeyinsesi.org\\\/wp-content\\\/uploads\\\/2025\\\/04\\\/sol-anahtari.jpg\",\"datePublished\":\"2025-04-26T11:20:41+00:00\",\"author\":{\"@id\":\"https:\\\/\\\/kuzeyinsesi.org\\\/#\\\/schema\\\/person\\\/9f859689cdf01485597712386e37f5aa\"},\"breadcrumb\":{\"@id\":\"https:\\\/\\\/kuzeyinsesi.org\\\/index.php\\\/2025\\\/04\\\/26\\\/sol-anahtarindan-1-mayis-klibi-kasiyerin-sarkisi\\\/#breadcrumb\"},\"inLanguage\":\"tr\",\"potentialAction\":[{\"@type\":\"ReadAction\",\"target\":[\"https:\\\/\\\/kuzeyinsesi.org\\\/index.php\\\/2025\\\/04\\\/26\\\/sol-anahtarindan-1-mayis-klibi-kasiyerin-sarkisi\\\/\"]}]},{\"@type\":\"ImageObject\",\"inLanguage\":\"tr\",\"@id\":\"https:\\\/\\\/kuzeyinsesi.org\\\/index.php\\\/2025\\\/04\\\/26\\\/sol-anahtarindan-1-mayis-klibi-kasiyerin-sarkisi\\\/#primaryimage\",\"url\":\"https:\\\/\\\/kuzeyinsesi.org\\\/wp-content\\\/uploads\\\/2025\\\/04\\\/sol-anahtari.jpg\",\"contentUrl\":\"https:\\\/\\\/kuzeyinsesi.org\\\/wp-content\\\/uploads\\\/2025\\\/04\\\/sol-anahtari.jpg\",\"width\":926,\"height\":555},{\"@type\":\"BreadcrumbList\",\"@id\":\"https:\\\/\\\/kuzeyinsesi.org\\\/index.php\\\/2025\\\/04\\\/26\\\/sol-anahtarindan-1-mayis-klibi-kasiyerin-sarkisi\\\/#breadcrumb\",\"itemListElement\":[{\"@type\":\"ListItem\",\"position\":1,\"name\":\"Anasayfa\",\"item\":\"https:\\\/\\\/kuzeyinsesi.org\\\/\"},{\"@type\":\"ListItem\",\"position\":2,\"name\":\"Sol Anahtar\u0131\u2019ndan 1 May\u0131s klibi: Kasiyerin \u015eark\u0131s\u0131\"}]},{\"@type\":\"WebSite\",\"@id\":\"https:\\\/\\\/kuzeyinsesi.org\\\/#website\",\"url\":\"https:\\\/\\\/kuzeyinsesi.org\\\/\",\"name\":\"Kuzeyin Sesi\",\"description\":\"Do\u011fru Haberin Adresi\",\"potentialAction\":[{\"@type\":\"SearchAction\",\"target\":{\"@type\":\"EntryPoint\",\"urlTemplate\":\"https:\\\/\\\/kuzeyinsesi.org\\\/?s={search_term_string}\"},\"query-input\":{\"@type\":\"PropertyValueSpecification\",\"valueRequired\":true,\"valueName\":\"search_term_string\"}}],\"inLanguage\":\"tr\"},{\"@type\":\"Person\",\"@id\":\"https:\\\/\\\/kuzeyinsesi.org\\\/#\\\/schema\\\/person\\\/9f859689cdf01485597712386e37f5aa\",\"name\":\"Kuzeyin Sesi\",\"image\":{\"@type\":\"ImageObject\",\"inLanguage\":\"tr\",\"@id\":\"https:\\\/\\\/secure.gravatar.com\\\/avatar\\\/bab33852abfd8b282518d6ed81826833d77c3c882d9ab608add591ccace47a44?s=96&d=mm&r=g\",\"url\":\"https:\\\/\\\/secure.gravatar.com\\\/avatar\\\/bab33852abfd8b282518d6ed81826833d77c3c882d9ab608add591ccace47a44?s=96&d=mm&r=g\",\"contentUrl\":\"https:\\\/\\\/secure.gravatar.com\\\/avatar\\\/bab33852abfd8b282518d6ed81826833d77c3c882d9ab608add591ccace47a44?s=96&d=mm&r=g\",\"caption\":\"Kuzeyin Sesi\"},\"sameAs\":[\"https:\\\/\\\/kuzeyinsesi.org\"],\"url\":\"https:\\\/\\\/kuzeyinsesi.org\\\/index.php\\\/author\\\/guven\\\/\"}]}<\/script>\n<!-- \/ Yoast SEO plugin. -->","yoast_head_json":{"title":"Sol Anahtar\u0131\u2019ndan 1 May\u0131s klibi: Kasiyerin \u015eark\u0131s\u0131 - Kuzeyin Sesi","robots":{"index":"index","follow":"follow","max-snippet":"max-snippet:-1","max-image-preview":"max-image-preview:large","max-video-preview":"max-video-preview:-1"},"canonical":"https:\/\/kuzeyinsesi.org\/index.php\/2025\/04\/26\/sol-anahtarindan-1-mayis-klibi-kasiyerin-sarkisi\/","og_locale":"tr_TR","og_type":"article","og_title":"Sol Anahtar\u0131\u2019ndan 1 May\u0131s klibi: Kasiyerin \u015eark\u0131s\u0131 - Kuzeyin Sesi","og_description":"Baraka K\u00fclt\u00fcr Merkezi m\u00fczik toplulu\u011fu Sol Anahtar\u0131, devrimci m\u00fczik gruplar\u0131n\u0131n olu\u015fturdu\u011fu Sol M\u00fczik Platformu\u2019nun \u201cElleri Var \u00d6zg\u00fcrl\u00fc\u011f\u00fcn\u201d isimli alb\u00fcm\u00fcnde yay\u0131nlad\u0131\u011f\u0131 \u201cKasiyerin \u015eark\u0131s\u0131\u201d eserine klip haz\u0131rlad\u0131. Baraka K\u00fclt\u00fcr Merkezi\u2019nden verilen bilgiye g\u00f6re klip, \u00f6zelde s\u00fcpermarket \u00e7al\u0131\u015fanlar\u0131n\u0131n, genelde ise \u00f6zel sekt\u00f6r emek\u00e7ilerinin ya\u015fad\u0131\u011f\u0131 sorunlara dikkat \u00e7eken \u201cKasiyerler Aya\u011fa!\u201d belgeselini \u00e7eken Ba\u011f\u0131ms\u0131zl\u0131k Yolu Partisi taraf\u0131ndan haz\u0131rlanarak Sol Anahtar\u0131\u2019na [&hellip;]","og_url":"https:\/\/kuzeyinsesi.org\/index.php\/2025\/04\/26\/sol-anahtarindan-1-mayis-klibi-kasiyerin-sarkisi\/","og_site_name":"Kuzeyin Sesi","article_publisher":"https:\/\/www.facebook.com\/kuzeyinsesii","article_published_time":"2025-04-26T11:20:41+00:00","og_image":[{"url":"https:\/\/brtk.net\/wp-content\/uploads\/2025\/04\/26\/sol-anahtari.jpg?ver=1c793df43b3404aadd5e612c0f4d2d0f","type":"","width":"","height":""}],"author":"Kuzeyin Sesi","twitter_card":"summary_large_image","twitter_creator":"@kuzeyinsesii","twitter_site":"@kuzeyinsesii","twitter_misc":{"Yazan:":"Kuzeyin Sesi","Tahmini okuma s\u00fcresi":"1 dakika"},"schema":{"@context":"https:\/\/schema.org","@graph":[{"@type":"Article","@id":"https:\/\/kuzeyinsesi.org\/index.php\/2025\/04\/26\/sol-anahtarindan-1-mayis-klibi-kasiyerin-sarkisi\/#article","isPartOf":{"@id":"https:\/\/kuzeyinsesi.org\/index.php\/2025\/04\/26\/sol-anahtarindan-1-mayis-klibi-kasiyerin-sarkisi\/"},"author":{"name":"Kuzeyin Sesi","@id":"https:\/\/kuzeyinsesi.org\/#\/schema\/person\/9f859689cdf01485597712386e37f5aa"},"headline":"Sol Anahtar\u0131\u2019ndan 1 May\u0131s klibi: Kasiyerin \u015eark\u0131s\u0131","datePublished":"2025-04-26T11:20:41+00:00","mainEntityOfPage":{"@id":"https:\/\/kuzeyinsesi.org\/index.php\/2025\/04\/26\/sol-anahtarindan-1-mayis-klibi-kasiyerin-sarkisi\/"},"wordCount":179,"commentCount":0,"image":{"@id":"https:\/\/kuzeyinsesi.org\/index.php\/2025\/04\/26\/sol-anahtarindan-1-mayis-klibi-kasiyerin-sarkisi\/#primaryimage"},"thumbnailUrl":"https:\/\/kuzeyinsesi.org\/wp-content\/uploads\/2025\/04\/sol-anahtari.jpg","articleSection":["Ya\u015fam"],"inLanguage":"tr","potentialAction":[{"@type":"CommentAction","name":"Comment","target":["https:\/\/kuzeyinsesi.org\/index.php\/2025\/04\/26\/sol-anahtarindan-1-mayis-klibi-kasiyerin-sarkisi\/#respond"]}]},{"@type":"WebPage","@id":"https:\/\/kuzeyinsesi.org\/index.php\/2025\/04\/26\/sol-anahtarindan-1-mayis-klibi-kasiyerin-sarkisi\/","url":"https:\/\/kuzeyinsesi.org\/index.php\/2025\/04\/26\/sol-anahtarindan-1-mayis-klibi-kasiyerin-sarkisi\/","name":"Sol Anahtar\u0131\u2019ndan 1 May\u0131s klibi: Kasiyerin \u015eark\u0131s\u0131 - Kuzeyin Sesi","isPartOf":{"@id":"https:\/\/kuzeyinsesi.org\/#website"},"primaryImageOfPage":{"@id":"https:\/\/kuzeyinsesi.org\/index.php\/2025\/04\/26\/sol-anahtarindan-1-mayis-klibi-kasiyerin-sarkisi\/#primaryimage"},"image":{"@id":"https:\/\/kuzeyinsesi.org\/index.php\/2025\/04\/26\/sol-anahtarindan-1-mayis-klibi-kasiyerin-sarkisi\/#primaryimage"},"thumbnailUrl":"https:\/\/kuzeyinsesi.org\/wp-content\/uploads\/2025\/04\/sol-anahtari.jpg","datePublished":"2025-04-26T11:20:41+00:00","author":{"@id":"https:\/\/kuzeyinsesi.org\/#\/schema\/person\/9f859689cdf01485597712386e37f5aa"},"breadcrumb":{"@id":"https:\/\/kuzeyinsesi.org\/index.php\/2025\/04\/26\/sol-anahtarindan-1-mayis-klibi-kasiyerin-sarkisi\/#breadcrumb"},"inLanguage":"tr","potentialAction":[{"@type":"ReadAction","target":["https:\/\/kuzeyinsesi.org\/index.php\/2025\/04\/26\/sol-anahtarindan-1-mayis-klibi-kasiyerin-sarkisi\/"]}]},{"@type":"ImageObject","inLanguage":"tr","@id":"https:\/\/kuzeyinsesi.org\/index.php\/2025\/04\/26\/sol-anahtarindan-1-mayis-klibi-kasiyerin-sarkisi\/#primaryimage","url":"https:\/\/kuzeyinsesi.org\/wp-content\/uploads\/2025\/04\/sol-anahtari.jpg","contentUrl":"https:\/\/kuzeyinsesi.org\/wp-content\/uploads\/2025\/04\/sol-anahtari.jpg","width":926,"height":555},{"@type":"BreadcrumbList","@id":"https:\/\/kuzeyinsesi.org\/index.php\/2025\/04\/26\/sol-anahtarindan-1-mayis-klibi-kasiyerin-sarkisi\/#breadcrumb","itemListElement":[{"@type":"ListItem","position":1,"name":"Anasayfa","item":"https:\/\/kuzeyinsesi.org\/"},{"@type":"ListItem","position":2,"name":"Sol Anahtar\u0131\u2019ndan 1 May\u0131s klibi: Kasiyerin \u015eark\u0131s\u0131"}]},{"@type":"WebSite","@id":"https:\/\/kuzeyinsesi.org\/#website","url":"https:\/\/kuzeyinsesi.org\/","name":"Kuzeyin Sesi","description":"Do\u011fru Haberin Adresi","potentialAction":[{"@type":"SearchAction","target":{"@type":"EntryPoint","urlTemplate":"https:\/\/kuzeyinsesi.org\/?s={search_term_string}"},"query-input":{"@type":"PropertyValueSpecification","valueRequired":true,"valueName":"search_term_string"}}],"inLanguage":"tr"},{"@type":"Person","@id":"https:\/\/kuzeyinsesi.org\/#\/schema\/person\/9f859689cdf01485597712386e37f5aa","name":"Kuzeyin Sesi","image":{"@type":"ImageObject","inLanguage":"tr","@id":"https:\/\/secure.gravatar.com\/avatar\/bab33852abfd8b282518d6ed81826833d77c3c882d9ab608add591ccace47a44?s=96&d=mm&r=g","url":"https:\/\/secure.gravatar.com\/avatar\/bab33852abfd8b282518d6ed81826833d77c3c882d9ab608add591ccace47a44?s=96&d=mm&r=g","contentUrl":"https:\/\/secure.gravatar.com\/avatar\/bab33852abfd8b282518d6ed81826833d77c3c882d9ab608add591ccace47a44?s=96&d=mm&r=g","caption":"Kuzeyin Sesi"},"sameAs":["https:\/\/kuzeyinsesi.org"],"url":"https:\/\/kuzeyinsesi.org\/index.php\/author\/guven\/"}]}},"_links":{"self":[{"href":"https:\/\/kuzeyinsesi.org\/index.php\/wp-json\/wp\/v2\/posts\/23921","targetHints":{"allow":["GET"]}}],"collection":[{"href":"https:\/\/kuzeyinsesi.org\/index.php\/wp-json\/wp\/v2\/posts"}],"about":[{"href":"https:\/\/kuzeyinsesi.org\/index.php\/wp-json\/wp\/v2\/types\/post"}],"author":[{"embeddable":true,"href":"https:\/\/kuzeyinsesi.org\/index.php\/wp-json\/wp\/v2\/users\/1"}],"replies":[{"embeddable":true,"href":"https:\/\/kuzeyinsesi.org\/index.php\/wp-json\/wp\/v2\/comments?post=23921"}],"version-history":[{"count":0,"href":"https:\/\/kuzeyinsesi.org\/index.php\/wp-json\/wp\/v2\/posts\/23921\/revisions"}],"wp:featuredmedia":[{"embeddable":true,"href":"https:\/\/kuzeyinsesi.org\/index.php\/wp-json\/wp\/v2\/media\/23922"}],"wp:attachment":[{"href":"https:\/\/kuzeyinsesi.org\/index.php\/wp-json\/wp\/v2\/media?parent=23921"}],"wp:term":[{"taxonomy":"category","embeddable":true,"href":"https:\/\/kuzeyinsesi.org\/index.php\/wp-json\/wp\/v2\/categories?post=23921"},{"taxonomy":"post_tag","embeddable":true,"href":"https:\/\/kuzeyinsesi.org\/index.php\/wp-json\/wp\/v2\/tags?post=23921"}],"curies":[{"name":"wp","href":"https:\/\/api.w.org\/{rel}","templated":true}]}}