{"id":23911,"date":"2025-04-25T23:05:39","date_gmt":"2025-04-25T20:05:39","guid":{"rendered":"https:\/\/kuzeyinsesi.org\/index.php\/2025\/04\/25\/gazi-yuksel-retrospektif-sergisinin-acilisi-12-mayisa-ertelendi\/"},"modified":"2025-04-25T23:05:39","modified_gmt":"2025-04-25T20:05:39","slug":"gazi-yuksel-retrospektif-sergisinin-acilisi-12-mayisa-ertelendi","status":"publish","type":"post","link":"https:\/\/kuzeyinsesi.org\/index.php\/2025\/04\/25\/gazi-yuksel-retrospektif-sergisinin-acilisi-12-mayisa-ertelendi\/","title":{"rendered":"Gazi Y\u00fcksel Retrospektif Sergisi\u2019nin a\u00e7\u0131l\u0131\u015f\u0131 12 May\u0131s\u2019a ertelendi"},"content":{"rendered":"<div>\n<div class=\"mariselle-image-container center\">\n                                            <\/div>\n<p>Foto muhabiri, ara\u015ft\u0131rmac\u0131 yazar ve \u00f6\u011fretim g\u00f6revlisi Gazi Y\u00fcksel\u2019in \u201c40 Y\u0131ll\u0131k Yolculuk\u2026 Retrospektif Sergisi\u201dnin a\u00e7\u0131l\u0131\u015f\u0131 12 May\u0131s Pazartesi g\u00fcn\u00fc saat 16.00\u2019ya ertelendi.<\/p>\n<p>Daha \u00f6nce 28 Nisan\u2019da yap\u0131laca\u011f\u0131 duyurulan sergi, YD\u00dc \u0130leti\u015fim Fak\u00fcltesi fuayesinde a\u00e7\u0131lacak.<\/p>\n<p>Y\u00fcksel\u2019in 40 y\u0131ll\u0131k meslek hayat\u0131na yay\u0131lan eserlerinden olu\u015fan sergide, haber ve spor foto\u011fraflar\u0131n\u0131n yan\u0131 s\u0131ra karanl\u0131k oda teknikleriyle haz\u0131rlanm\u0131\u015f siyah-beyaz g\u00f6r\u00fcnt\u00fcler, kavramsal makro \u00e7ekimler ve dijital ortamda \u00fcretilmi\u015f deneysel kompozisyonlar yer alacak.<\/p>\n<\/p><\/div>\n<p><script async\n                    defer\n                    crossorigin=\"anonymous\"\n                    src=\"https:\/\/connect.facebook.net\/tr_TR\/sdk.js#xfbml=1&#038;version=v3.3\"\n            ><\/script><\/p>\n","protected":false},"excerpt":{"rendered":"<p>Foto muhabiri, ara\u015ft\u0131rmac\u0131 yazar ve \u00f6\u011fretim g\u00f6revlisi Gazi Y\u00fcksel\u2019in \u201c40 Y\u0131ll\u0131k Yolculuk\u2026 Retrospektif Sergisi\u201dnin a\u00e7\u0131l\u0131\u015f\u0131 12 May\u0131s Pazartesi g\u00fcn\u00fc saat 16.00\u2019ya ertelendi. Daha \u00f6nce 28 Nisan\u2019da yap\u0131laca\u011f\u0131 duyurulan sergi, YD\u00dc \u0130leti\u015fim Fak\u00fcltesi fuayesinde a\u00e7\u0131lacak. Y\u00fcksel\u2019in 40 y\u0131ll\u0131k meslek hayat\u0131na yay\u0131lan eserlerinden olu\u015fan sergide, haber ve spor foto\u011fraflar\u0131n\u0131n yan\u0131 s\u0131ra karanl\u0131k oda teknikleriyle haz\u0131rlanm\u0131\u015f siyah-beyaz g\u00f6r\u00fcnt\u00fcler, [&hellip;]<\/p>\n","protected":false},"author":1,"featured_media":23912,"comment_status":"open","ping_status":"open","sticky":false,"template":"","format":"standard","meta":{"jnews-multi-image_gallery":[],"jnews_single_post":[],"jnews_primary_category":[],"jnews_social_meta":[],"jnews_override_counter":[],"footnotes":""},"categories":[6],"tags":[],"class_list":["post-23911","post","type-post","status-publish","format-standard","has-post-thumbnail","hentry","category-yasam"],"yoast_head":"<!-- This site is optimized with the Yoast SEO plugin v27.4 - https:\/\/yoast.com\/product\/yoast-seo-wordpress\/ -->\n<title>Gazi Y\u00fcksel Retrospektif Sergisi\u2019nin a\u00e7\u0131l\u0131\u015f\u0131 12 May\u0131s\u2019a ertelendi - Kuzeyin Sesi<\/title>\n<meta name=\"robots\" content=\"index, follow, max-snippet:-1, max-image-preview:large, max-video-preview:-1\" \/>\n<link rel=\"canonical\" href=\"https:\/\/kuzeyinsesi.org\/index.php\/2025\/04\/25\/gazi-yuksel-retrospektif-sergisinin-acilisi-12-mayisa-ertelendi\/\" \/>\n<meta property=\"og:locale\" content=\"tr_TR\" \/>\n<meta property=\"og:type\" content=\"article\" \/>\n<meta property=\"og:title\" content=\"Gazi Y\u00fcksel Retrospektif Sergisi\u2019nin a\u00e7\u0131l\u0131\u015f\u0131 12 May\u0131s\u2019a ertelendi - Kuzeyin Sesi\" \/>\n<meta property=\"og:description\" content=\"Foto muhabiri, ara\u015ft\u0131rmac\u0131 yazar ve \u00f6\u011fretim g\u00f6revlisi Gazi Y\u00fcksel\u2019in \u201c40 Y\u0131ll\u0131k Yolculuk\u2026 Retrospektif Sergisi\u201dnin a\u00e7\u0131l\u0131\u015f\u0131 12 May\u0131s Pazartesi g\u00fcn\u00fc saat 16.00\u2019ya ertelendi. Daha \u00f6nce 28 Nisan\u2019da yap\u0131laca\u011f\u0131 duyurulan sergi, YD\u00dc \u0130leti\u015fim Fak\u00fcltesi fuayesinde a\u00e7\u0131lacak. Y\u00fcksel\u2019in 40 y\u0131ll\u0131k meslek hayat\u0131na yay\u0131lan eserlerinden olu\u015fan sergide, haber ve spor foto\u011fraflar\u0131n\u0131n yan\u0131 s\u0131ra karanl\u0131k oda teknikleriyle haz\u0131rlanm\u0131\u015f siyah-beyaz g\u00f6r\u00fcnt\u00fcler, [&hellip;]\" \/>\n<meta property=\"og:url\" content=\"https:\/\/kuzeyinsesi.org\/index.php\/2025\/04\/25\/gazi-yuksel-retrospektif-sergisinin-acilisi-12-mayisa-ertelendi\/\" \/>\n<meta property=\"og:site_name\" content=\"Kuzeyin Sesi\" \/>\n<meta property=\"article:publisher\" content=\"https:\/\/www.facebook.com\/kuzeyinsesii\" \/>\n<meta property=\"article:published_time\" content=\"2025-04-25T20:05:39+00:00\" \/>\n<meta property=\"og:image\" content=\"https:\/\/brtk.net\/wp-content\/uploads\/2025\/04\/25\/yuksel.jpg?ver=165909619a98844ecf408c26b5ae28b7\" \/>\n<meta name=\"author\" content=\"Kuzeyin Sesi\" \/>\n<meta name=\"twitter:card\" content=\"summary_large_image\" \/>\n<meta name=\"twitter:creator\" content=\"@kuzeyinsesii\" \/>\n<meta name=\"twitter:site\" content=\"@kuzeyinsesii\" \/>\n<meta name=\"twitter:label1\" content=\"Yazan:\" \/>\n\t<meta name=\"twitter:data1\" content=\"Kuzeyin Sesi\" \/>\n<script type=\"application\/ld+json\" class=\"yoast-schema-graph\">{\"@context\":\"https:\\\/\\\/schema.org\",\"@graph\":[{\"@type\":\"Article\",\"@id\":\"https:\\\/\\\/kuzeyinsesi.org\\\/index.php\\\/2025\\\/04\\\/25\\\/gazi-yuksel-retrospektif-sergisinin-acilisi-12-mayisa-ertelendi\\\/#article\",\"isPartOf\":{\"@id\":\"https:\\\/\\\/kuzeyinsesi.org\\\/index.php\\\/2025\\\/04\\\/25\\\/gazi-yuksel-retrospektif-sergisinin-acilisi-12-mayisa-ertelendi\\\/\"},\"author\":{\"name\":\"Kuzeyin Sesi\",\"@id\":\"https:\\\/\\\/kuzeyinsesi.org\\\/#\\\/schema\\\/person\\\/9f859689cdf01485597712386e37f5aa\"},\"headline\":\"Gazi Y\u00fcksel Retrospektif Sergisi\u2019nin a\u00e7\u0131l\u0131\u015f\u0131 12 May\u0131s\u2019a ertelendi\",\"datePublished\":\"2025-04-25T20:05:39+00:00\",\"mainEntityOfPage\":{\"@id\":\"https:\\\/\\\/kuzeyinsesi.org\\\/index.php\\\/2025\\\/04\\\/25\\\/gazi-yuksel-retrospektif-sergisinin-acilisi-12-mayisa-ertelendi\\\/\"},\"wordCount\":106,\"commentCount\":0,\"image\":{\"@id\":\"https:\\\/\\\/kuzeyinsesi.org\\\/index.php\\\/2025\\\/04\\\/25\\\/gazi-yuksel-retrospektif-sergisinin-acilisi-12-mayisa-ertelendi\\\/#primaryimage\"},\"thumbnailUrl\":\"https:\\\/\\\/kuzeyinsesi.org\\\/wp-content\\\/uploads\\\/2025\\\/04\\\/yuksel.jpg\",\"articleSection\":[\"Ya\u015fam\"],\"inLanguage\":\"tr\",\"potentialAction\":[{\"@type\":\"CommentAction\",\"name\":\"Comment\",\"target\":[\"https:\\\/\\\/kuzeyinsesi.org\\\/index.php\\\/2025\\\/04\\\/25\\\/gazi-yuksel-retrospektif-sergisinin-acilisi-12-mayisa-ertelendi\\\/#respond\"]}]},{\"@type\":\"WebPage\",\"@id\":\"https:\\\/\\\/kuzeyinsesi.org\\\/index.php\\\/2025\\\/04\\\/25\\\/gazi-yuksel-retrospektif-sergisinin-acilisi-12-mayisa-ertelendi\\\/\",\"url\":\"https:\\\/\\\/kuzeyinsesi.org\\\/index.php\\\/2025\\\/04\\\/25\\\/gazi-yuksel-retrospektif-sergisinin-acilisi-12-mayisa-ertelendi\\\/\",\"name\":\"Gazi Y\u00fcksel Retrospektif Sergisi\u2019nin a\u00e7\u0131l\u0131\u015f\u0131 12 May\u0131s\u2019a ertelendi - Kuzeyin Sesi\",\"isPartOf\":{\"@id\":\"https:\\\/\\\/kuzeyinsesi.org\\\/#website\"},\"primaryImageOfPage\":{\"@id\":\"https:\\\/\\\/kuzeyinsesi.org\\\/index.php\\\/2025\\\/04\\\/25\\\/gazi-yuksel-retrospektif-sergisinin-acilisi-12-mayisa-ertelendi\\\/#primaryimage\"},\"image\":{\"@id\":\"https:\\\/\\\/kuzeyinsesi.org\\\/index.php\\\/2025\\\/04\\\/25\\\/gazi-yuksel-retrospektif-sergisinin-acilisi-12-mayisa-ertelendi\\\/#primaryimage\"},\"thumbnailUrl\":\"https:\\\/\\\/kuzeyinsesi.org\\\/wp-content\\\/uploads\\\/2025\\\/04\\\/yuksel.jpg\",\"datePublished\":\"2025-04-25T20:05:39+00:00\",\"author\":{\"@id\":\"https:\\\/\\\/kuzeyinsesi.org\\\/#\\\/schema\\\/person\\\/9f859689cdf01485597712386e37f5aa\"},\"breadcrumb\":{\"@id\":\"https:\\\/\\\/kuzeyinsesi.org\\\/index.php\\\/2025\\\/04\\\/25\\\/gazi-yuksel-retrospektif-sergisinin-acilisi-12-mayisa-ertelendi\\\/#breadcrumb\"},\"inLanguage\":\"tr\",\"potentialAction\":[{\"@type\":\"ReadAction\",\"target\":[\"https:\\\/\\\/kuzeyinsesi.org\\\/index.php\\\/2025\\\/04\\\/25\\\/gazi-yuksel-retrospektif-sergisinin-acilisi-12-mayisa-ertelendi\\\/\"]}]},{\"@type\":\"ImageObject\",\"inLanguage\":\"tr\",\"@id\":\"https:\\\/\\\/kuzeyinsesi.org\\\/index.php\\\/2025\\\/04\\\/25\\\/gazi-yuksel-retrospektif-sergisinin-acilisi-12-mayisa-ertelendi\\\/#primaryimage\",\"url\":\"https:\\\/\\\/kuzeyinsesi.org\\\/wp-content\\\/uploads\\\/2025\\\/04\\\/yuksel.jpg\",\"contentUrl\":\"https:\\\/\\\/kuzeyinsesi.org\\\/wp-content\\\/uploads\\\/2025\\\/04\\\/yuksel.jpg\",\"width\":910,\"height\":430},{\"@type\":\"BreadcrumbList\",\"@id\":\"https:\\\/\\\/kuzeyinsesi.org\\\/index.php\\\/2025\\\/04\\\/25\\\/gazi-yuksel-retrospektif-sergisinin-acilisi-12-mayisa-ertelendi\\\/#breadcrumb\",\"itemListElement\":[{\"@type\":\"ListItem\",\"position\":1,\"name\":\"Anasayfa\",\"item\":\"https:\\\/\\\/kuzeyinsesi.org\\\/\"},{\"@type\":\"ListItem\",\"position\":2,\"name\":\"Gazi Y\u00fcksel Retrospektif Sergisi\u2019nin a\u00e7\u0131l\u0131\u015f\u0131 12 May\u0131s\u2019a ertelendi\"}]},{\"@type\":\"WebSite\",\"@id\":\"https:\\\/\\\/kuzeyinsesi.org\\\/#website\",\"url\":\"https:\\\/\\\/kuzeyinsesi.org\\\/\",\"name\":\"Kuzeyin Sesi\",\"description\":\"Do\u011fru Haberin Adresi\",\"potentialAction\":[{\"@type\":\"SearchAction\",\"target\":{\"@type\":\"EntryPoint\",\"urlTemplate\":\"https:\\\/\\\/kuzeyinsesi.org\\\/?s={search_term_string}\"},\"query-input\":{\"@type\":\"PropertyValueSpecification\",\"valueRequired\":true,\"valueName\":\"search_term_string\"}}],\"inLanguage\":\"tr\"},{\"@type\":\"Person\",\"@id\":\"https:\\\/\\\/kuzeyinsesi.org\\\/#\\\/schema\\\/person\\\/9f859689cdf01485597712386e37f5aa\",\"name\":\"Kuzeyin Sesi\",\"image\":{\"@type\":\"ImageObject\",\"inLanguage\":\"tr\",\"@id\":\"https:\\\/\\\/secure.gravatar.com\\\/avatar\\\/bab33852abfd8b282518d6ed81826833d77c3c882d9ab608add591ccace47a44?s=96&d=mm&r=g\",\"url\":\"https:\\\/\\\/secure.gravatar.com\\\/avatar\\\/bab33852abfd8b282518d6ed81826833d77c3c882d9ab608add591ccace47a44?s=96&d=mm&r=g\",\"contentUrl\":\"https:\\\/\\\/secure.gravatar.com\\\/avatar\\\/bab33852abfd8b282518d6ed81826833d77c3c882d9ab608add591ccace47a44?s=96&d=mm&r=g\",\"caption\":\"Kuzeyin Sesi\"},\"sameAs\":[\"https:\\\/\\\/kuzeyinsesi.org\"],\"url\":\"https:\\\/\\\/kuzeyinsesi.org\\\/index.php\\\/author\\\/guven\\\/\"}]}<\/script>\n<!-- \/ Yoast SEO plugin. -->","yoast_head_json":{"title":"Gazi Y\u00fcksel Retrospektif Sergisi\u2019nin a\u00e7\u0131l\u0131\u015f\u0131 12 May\u0131s\u2019a ertelendi - Kuzeyin Sesi","robots":{"index":"index","follow":"follow","max-snippet":"max-snippet:-1","max-image-preview":"max-image-preview:large","max-video-preview":"max-video-preview:-1"},"canonical":"https:\/\/kuzeyinsesi.org\/index.php\/2025\/04\/25\/gazi-yuksel-retrospektif-sergisinin-acilisi-12-mayisa-ertelendi\/","og_locale":"tr_TR","og_type":"article","og_title":"Gazi Y\u00fcksel Retrospektif Sergisi\u2019nin a\u00e7\u0131l\u0131\u015f\u0131 12 May\u0131s\u2019a ertelendi - Kuzeyin Sesi","og_description":"Foto muhabiri, ara\u015ft\u0131rmac\u0131 yazar ve \u00f6\u011fretim g\u00f6revlisi Gazi Y\u00fcksel\u2019in \u201c40 Y\u0131ll\u0131k Yolculuk\u2026 Retrospektif Sergisi\u201dnin a\u00e7\u0131l\u0131\u015f\u0131 12 May\u0131s Pazartesi g\u00fcn\u00fc saat 16.00\u2019ya ertelendi. Daha \u00f6nce 28 Nisan\u2019da yap\u0131laca\u011f\u0131 duyurulan sergi, YD\u00dc \u0130leti\u015fim Fak\u00fcltesi fuayesinde a\u00e7\u0131lacak. Y\u00fcksel\u2019in 40 y\u0131ll\u0131k meslek hayat\u0131na yay\u0131lan eserlerinden olu\u015fan sergide, haber ve spor foto\u011fraflar\u0131n\u0131n yan\u0131 s\u0131ra karanl\u0131k oda teknikleriyle haz\u0131rlanm\u0131\u015f siyah-beyaz g\u00f6r\u00fcnt\u00fcler, [&hellip;]","og_url":"https:\/\/kuzeyinsesi.org\/index.php\/2025\/04\/25\/gazi-yuksel-retrospektif-sergisinin-acilisi-12-mayisa-ertelendi\/","og_site_name":"Kuzeyin Sesi","article_publisher":"https:\/\/www.facebook.com\/kuzeyinsesii","article_published_time":"2025-04-25T20:05:39+00:00","og_image":[{"url":"https:\/\/brtk.net\/wp-content\/uploads\/2025\/04\/25\/yuksel.jpg?ver=165909619a98844ecf408c26b5ae28b7","type":"","width":"","height":""}],"author":"Kuzeyin Sesi","twitter_card":"summary_large_image","twitter_creator":"@kuzeyinsesii","twitter_site":"@kuzeyinsesii","twitter_misc":{"Yazan:":"Kuzeyin Sesi"},"schema":{"@context":"https:\/\/schema.org","@graph":[{"@type":"Article","@id":"https:\/\/kuzeyinsesi.org\/index.php\/2025\/04\/25\/gazi-yuksel-retrospektif-sergisinin-acilisi-12-mayisa-ertelendi\/#article","isPartOf":{"@id":"https:\/\/kuzeyinsesi.org\/index.php\/2025\/04\/25\/gazi-yuksel-retrospektif-sergisinin-acilisi-12-mayisa-ertelendi\/"},"author":{"name":"Kuzeyin Sesi","@id":"https:\/\/kuzeyinsesi.org\/#\/schema\/person\/9f859689cdf01485597712386e37f5aa"},"headline":"Gazi Y\u00fcksel Retrospektif Sergisi\u2019nin a\u00e7\u0131l\u0131\u015f\u0131 12 May\u0131s\u2019a ertelendi","datePublished":"2025-04-25T20:05:39+00:00","mainEntityOfPage":{"@id":"https:\/\/kuzeyinsesi.org\/index.php\/2025\/04\/25\/gazi-yuksel-retrospektif-sergisinin-acilisi-12-mayisa-ertelendi\/"},"wordCount":106,"commentCount":0,"image":{"@id":"https:\/\/kuzeyinsesi.org\/index.php\/2025\/04\/25\/gazi-yuksel-retrospektif-sergisinin-acilisi-12-mayisa-ertelendi\/#primaryimage"},"thumbnailUrl":"https:\/\/kuzeyinsesi.org\/wp-content\/uploads\/2025\/04\/yuksel.jpg","articleSection":["Ya\u015fam"],"inLanguage":"tr","potentialAction":[{"@type":"CommentAction","name":"Comment","target":["https:\/\/kuzeyinsesi.org\/index.php\/2025\/04\/25\/gazi-yuksel-retrospektif-sergisinin-acilisi-12-mayisa-ertelendi\/#respond"]}]},{"@type":"WebPage","@id":"https:\/\/kuzeyinsesi.org\/index.php\/2025\/04\/25\/gazi-yuksel-retrospektif-sergisinin-acilisi-12-mayisa-ertelendi\/","url":"https:\/\/kuzeyinsesi.org\/index.php\/2025\/04\/25\/gazi-yuksel-retrospektif-sergisinin-acilisi-12-mayisa-ertelendi\/","name":"Gazi Y\u00fcksel Retrospektif Sergisi\u2019nin a\u00e7\u0131l\u0131\u015f\u0131 12 May\u0131s\u2019a ertelendi - Kuzeyin Sesi","isPartOf":{"@id":"https:\/\/kuzeyinsesi.org\/#website"},"primaryImageOfPage":{"@id":"https:\/\/kuzeyinsesi.org\/index.php\/2025\/04\/25\/gazi-yuksel-retrospektif-sergisinin-acilisi-12-mayisa-ertelendi\/#primaryimage"},"image":{"@id":"https:\/\/kuzeyinsesi.org\/index.php\/2025\/04\/25\/gazi-yuksel-retrospektif-sergisinin-acilisi-12-mayisa-ertelendi\/#primaryimage"},"thumbnailUrl":"https:\/\/kuzeyinsesi.org\/wp-content\/uploads\/2025\/04\/yuksel.jpg","datePublished":"2025-04-25T20:05:39+00:00","author":{"@id":"https:\/\/kuzeyinsesi.org\/#\/schema\/person\/9f859689cdf01485597712386e37f5aa"},"breadcrumb":{"@id":"https:\/\/kuzeyinsesi.org\/index.php\/2025\/04\/25\/gazi-yuksel-retrospektif-sergisinin-acilisi-12-mayisa-ertelendi\/#breadcrumb"},"inLanguage":"tr","potentialAction":[{"@type":"ReadAction","target":["https:\/\/kuzeyinsesi.org\/index.php\/2025\/04\/25\/gazi-yuksel-retrospektif-sergisinin-acilisi-12-mayisa-ertelendi\/"]}]},{"@type":"ImageObject","inLanguage":"tr","@id":"https:\/\/kuzeyinsesi.org\/index.php\/2025\/04\/25\/gazi-yuksel-retrospektif-sergisinin-acilisi-12-mayisa-ertelendi\/#primaryimage","url":"https:\/\/kuzeyinsesi.org\/wp-content\/uploads\/2025\/04\/yuksel.jpg","contentUrl":"https:\/\/kuzeyinsesi.org\/wp-content\/uploads\/2025\/04\/yuksel.jpg","width":910,"height":430},{"@type":"BreadcrumbList","@id":"https:\/\/kuzeyinsesi.org\/index.php\/2025\/04\/25\/gazi-yuksel-retrospektif-sergisinin-acilisi-12-mayisa-ertelendi\/#breadcrumb","itemListElement":[{"@type":"ListItem","position":1,"name":"Anasayfa","item":"https:\/\/kuzeyinsesi.org\/"},{"@type":"ListItem","position":2,"name":"Gazi Y\u00fcksel Retrospektif Sergisi\u2019nin a\u00e7\u0131l\u0131\u015f\u0131 12 May\u0131s\u2019a ertelendi"}]},{"@type":"WebSite","@id":"https:\/\/kuzeyinsesi.org\/#website","url":"https:\/\/kuzeyinsesi.org\/","name":"Kuzeyin Sesi","description":"Do\u011fru Haberin Adresi","potentialAction":[{"@type":"SearchAction","target":{"@type":"EntryPoint","urlTemplate":"https:\/\/kuzeyinsesi.org\/?s={search_term_string}"},"query-input":{"@type":"PropertyValueSpecification","valueRequired":true,"valueName":"search_term_string"}}],"inLanguage":"tr"},{"@type":"Person","@id":"https:\/\/kuzeyinsesi.org\/#\/schema\/person\/9f859689cdf01485597712386e37f5aa","name":"Kuzeyin Sesi","image":{"@type":"ImageObject","inLanguage":"tr","@id":"https:\/\/secure.gravatar.com\/avatar\/bab33852abfd8b282518d6ed81826833d77c3c882d9ab608add591ccace47a44?s=96&d=mm&r=g","url":"https:\/\/secure.gravatar.com\/avatar\/bab33852abfd8b282518d6ed81826833d77c3c882d9ab608add591ccace47a44?s=96&d=mm&r=g","contentUrl":"https:\/\/secure.gravatar.com\/avatar\/bab33852abfd8b282518d6ed81826833d77c3c882d9ab608add591ccace47a44?s=96&d=mm&r=g","caption":"Kuzeyin Sesi"},"sameAs":["https:\/\/kuzeyinsesi.org"],"url":"https:\/\/kuzeyinsesi.org\/index.php\/author\/guven\/"}]}},"_links":{"self":[{"href":"https:\/\/kuzeyinsesi.org\/index.php\/wp-json\/wp\/v2\/posts\/23911","targetHints":{"allow":["GET"]}}],"collection":[{"href":"https:\/\/kuzeyinsesi.org\/index.php\/wp-json\/wp\/v2\/posts"}],"about":[{"href":"https:\/\/kuzeyinsesi.org\/index.php\/wp-json\/wp\/v2\/types\/post"}],"author":[{"embeddable":true,"href":"https:\/\/kuzeyinsesi.org\/index.php\/wp-json\/wp\/v2\/users\/1"}],"replies":[{"embeddable":true,"href":"https:\/\/kuzeyinsesi.org\/index.php\/wp-json\/wp\/v2\/comments?post=23911"}],"version-history":[{"count":0,"href":"https:\/\/kuzeyinsesi.org\/index.php\/wp-json\/wp\/v2\/posts\/23911\/revisions"}],"wp:featuredmedia":[{"embeddable":true,"href":"https:\/\/kuzeyinsesi.org\/index.php\/wp-json\/wp\/v2\/media\/23912"}],"wp:attachment":[{"href":"https:\/\/kuzeyinsesi.org\/index.php\/wp-json\/wp\/v2\/media?parent=23911"}],"wp:term":[{"taxonomy":"category","embeddable":true,"href":"https:\/\/kuzeyinsesi.org\/index.php\/wp-json\/wp\/v2\/categories?post=23911"},{"taxonomy":"post_tag","embeddable":true,"href":"https:\/\/kuzeyinsesi.org\/index.php\/wp-json\/wp\/v2\/tags?post=23911"}],"curies":[{"name":"wp","href":"https:\/\/api.w.org\/{rel}","templated":true}]}}