{"id":23905,"date":"2025-04-25T21:03:35","date_gmt":"2025-04-25T18:03:35","guid":{"rendered":"https:\/\/kuzeyinsesi.org\/index.php\/2025\/04\/25\/fogem-istanbulda-23-nisan-kutlamalarina-katildi\/"},"modified":"2025-04-25T21:03:35","modified_gmt":"2025-04-25T18:03:35","slug":"fogem-istanbulda-23-nisan-kutlamalarina-katildi","status":"publish","type":"post","link":"https:\/\/kuzeyinsesi.org\/index.php\/2025\/04\/25\/fogem-istanbulda-23-nisan-kutlamalarina-katildi\/","title":{"rendered":"FOGEM \u0130stanbul\u2019da 23 Nisan kutlamalar\u0131na kat\u0131ld\u0131"},"content":{"rendered":"<div>\n<div class=\"mariselle-image-container center\">\n                                            <\/div>\n<p>Lefko\u015fa Folklor ve Gen\u00e7lik Merkezi (FOGEM), 23 Nisan Ulusal Egemenlik ve \u00c7ocuk Bayram\u0131 kapsam\u0131nda Ey\u00fcpsultan Belediyesi\u2019nin organize etti\u011fi \u00c7ocuk Festivali\u2019ne kat\u0131larak Kuzey K\u0131br\u0131s T\u00fcrk Cumhuriyeti\u2019ni temsil etti.<\/p>\n<p>FOGEM\u2019den yap\u0131lan a\u00e7\u0131klamaya g\u00f6re 22 dans\u00e7\u0131, 3 e\u011fitmen ve 2 y\u00f6neticiyle \u0130stanbul\u2019a giden FOGEM kafilesi, \u015fehrin farkl\u0131 b\u00f6lgelerinde kurulan sahnelerde performans sergiledi.<\/p>\n<p>A\u00e7\u0131klamada \u201cK\u0131br\u0131s k\u00fclt\u00fcr\u00fcn\u00fc yans\u0131tan halk danslar\u0131, \u0130stanbul\u2019un d\u00f6rt bir yan\u0131nda izleyiciler taraf\u0131ndan ilgiyle kar\u015f\u0131land\u0131 ve alk\u0131\u015flarla \u00f6d\u00fcllendirildi.\u201d denildi.<\/p>\n<p>A\u00e7\u0131klamaya g\u00f6re gezi program\u0131 kapsam\u0131nda \u00e7ocuklar kentin \u00f6nemli simgelerini de ziyaret etti.<\/p>\n<\/p><\/div>\n<p><script async\n                    defer\n                    crossorigin=\"anonymous\"\n                    src=\"https:\/\/connect.facebook.net\/tr_TR\/sdk.js#xfbml=1&#038;version=v3.3\"\n            ><\/script><\/p>\n","protected":false},"excerpt":{"rendered":"<p>Lefko\u015fa Folklor ve Gen\u00e7lik Merkezi (FOGEM), 23 Nisan Ulusal Egemenlik ve \u00c7ocuk Bayram\u0131 kapsam\u0131nda Ey\u00fcpsultan Belediyesi\u2019nin organize etti\u011fi \u00c7ocuk Festivali\u2019ne kat\u0131larak Kuzey K\u0131br\u0131s T\u00fcrk Cumhuriyeti\u2019ni temsil etti. FOGEM\u2019den yap\u0131lan a\u00e7\u0131klamaya g\u00f6re 22 dans\u00e7\u0131, 3 e\u011fitmen ve 2 y\u00f6neticiyle \u0130stanbul\u2019a giden FOGEM kafilesi, \u015fehrin farkl\u0131 b\u00f6lgelerinde kurulan sahnelerde performans sergiledi. A\u00e7\u0131klamada \u201cK\u0131br\u0131s k\u00fclt\u00fcr\u00fcn\u00fc yans\u0131tan halk danslar\u0131, [&hellip;]<\/p>\n","protected":false},"author":1,"featured_media":23906,"comment_status":"open","ping_status":"open","sticky":false,"template":"","format":"standard","meta":{"jnews-multi-image_gallery":[],"jnews_single_post":[],"jnews_primary_category":[],"jnews_social_meta":[],"jnews_override_counter":[],"footnotes":""},"categories":[6],"tags":[],"class_list":["post-23905","post","type-post","status-publish","format-standard","has-post-thumbnail","hentry","category-yasam"],"yoast_head":"<!-- This site is optimized with the Yoast SEO plugin v27.4 - https:\/\/yoast.com\/product\/yoast-seo-wordpress\/ -->\n<title>FOGEM \u0130stanbul\u2019da 23 Nisan kutlamalar\u0131na kat\u0131ld\u0131 - Kuzeyin Sesi<\/title>\n<meta name=\"robots\" content=\"index, follow, max-snippet:-1, max-image-preview:large, max-video-preview:-1\" \/>\n<link rel=\"canonical\" href=\"https:\/\/kuzeyinsesi.org\/index.php\/2025\/04\/25\/fogem-istanbulda-23-nisan-kutlamalarina-katildi\/\" \/>\n<meta property=\"og:locale\" content=\"tr_TR\" \/>\n<meta property=\"og:type\" content=\"article\" \/>\n<meta property=\"og:title\" content=\"FOGEM \u0130stanbul\u2019da 23 Nisan kutlamalar\u0131na kat\u0131ld\u0131 - Kuzeyin Sesi\" \/>\n<meta property=\"og:description\" content=\"Lefko\u015fa Folklor ve Gen\u00e7lik Merkezi (FOGEM), 23 Nisan Ulusal Egemenlik ve \u00c7ocuk Bayram\u0131 kapsam\u0131nda Ey\u00fcpsultan Belediyesi\u2019nin organize etti\u011fi \u00c7ocuk Festivali\u2019ne kat\u0131larak Kuzey K\u0131br\u0131s T\u00fcrk Cumhuriyeti\u2019ni temsil etti. FOGEM\u2019den yap\u0131lan a\u00e7\u0131klamaya g\u00f6re 22 dans\u00e7\u0131, 3 e\u011fitmen ve 2 y\u00f6neticiyle \u0130stanbul\u2019a giden FOGEM kafilesi, \u015fehrin farkl\u0131 b\u00f6lgelerinde kurulan sahnelerde performans sergiledi. A\u00e7\u0131klamada \u201cK\u0131br\u0131s k\u00fclt\u00fcr\u00fcn\u00fc yans\u0131tan halk danslar\u0131, [&hellip;]\" \/>\n<meta property=\"og:url\" content=\"https:\/\/kuzeyinsesi.org\/index.php\/2025\/04\/25\/fogem-istanbulda-23-nisan-kutlamalarina-katildi\/\" \/>\n<meta property=\"og:site_name\" content=\"Kuzeyin Sesi\" \/>\n<meta property=\"article:publisher\" content=\"https:\/\/www.facebook.com\/kuzeyinsesii\" \/>\n<meta property=\"article:published_time\" content=\"2025-04-25T18:03:35+00:00\" \/>\n<meta property=\"og:image\" content=\"https:\/\/brtk.net\/wp-content\/uploads\/2025\/04\/25\/1745598445033FOGEM-1.jpg?ver=db4c78d853f26a074e4019d7d94d8a91\" \/>\n<meta name=\"author\" content=\"Kuzeyin Sesi\" \/>\n<meta name=\"twitter:card\" content=\"summary_large_image\" \/>\n<meta name=\"twitter:creator\" content=\"@kuzeyinsesii\" \/>\n<meta name=\"twitter:site\" content=\"@kuzeyinsesii\" \/>\n<meta name=\"twitter:label1\" content=\"Yazan:\" \/>\n\t<meta name=\"twitter:data1\" content=\"Kuzeyin Sesi\" \/>\n\t<meta name=\"twitter:label2\" content=\"Tahmini okuma s\u00fcresi\" \/>\n\t<meta name=\"twitter:data2\" content=\"1 dakika\" \/>\n<script type=\"application\/ld+json\" class=\"yoast-schema-graph\">{\"@context\":\"https:\\\/\\\/schema.org\",\"@graph\":[{\"@type\":\"Article\",\"@id\":\"https:\\\/\\\/kuzeyinsesi.org\\\/index.php\\\/2025\\\/04\\\/25\\\/fogem-istanbulda-23-nisan-kutlamalarina-katildi\\\/#article\",\"isPartOf\":{\"@id\":\"https:\\\/\\\/kuzeyinsesi.org\\\/index.php\\\/2025\\\/04\\\/25\\\/fogem-istanbulda-23-nisan-kutlamalarina-katildi\\\/\"},\"author\":{\"name\":\"Kuzeyin Sesi\",\"@id\":\"https:\\\/\\\/kuzeyinsesi.org\\\/#\\\/schema\\\/person\\\/9f859689cdf01485597712386e37f5aa\"},\"headline\":\"FOGEM \u0130stanbul\u2019da 23 Nisan kutlamalar\u0131na kat\u0131ld\u0131\",\"datePublished\":\"2025-04-25T18:03:35+00:00\",\"mainEntityOfPage\":{\"@id\":\"https:\\\/\\\/kuzeyinsesi.org\\\/index.php\\\/2025\\\/04\\\/25\\\/fogem-istanbulda-23-nisan-kutlamalarina-katildi\\\/\"},\"wordCount\":120,\"commentCount\":0,\"image\":{\"@id\":\"https:\\\/\\\/kuzeyinsesi.org\\\/index.php\\\/2025\\\/04\\\/25\\\/fogem-istanbulda-23-nisan-kutlamalarina-katildi\\\/#primaryimage\"},\"thumbnailUrl\":\"https:\\\/\\\/kuzeyinsesi.org\\\/wp-content\\\/uploads\\\/2025\\\/04\\\/1745598445033FOGEM-1.jpg\",\"articleSection\":[\"Ya\u015fam\"],\"inLanguage\":\"tr\",\"potentialAction\":[{\"@type\":\"CommentAction\",\"name\":\"Comment\",\"target\":[\"https:\\\/\\\/kuzeyinsesi.org\\\/index.php\\\/2025\\\/04\\\/25\\\/fogem-istanbulda-23-nisan-kutlamalarina-katildi\\\/#respond\"]}]},{\"@type\":\"WebPage\",\"@id\":\"https:\\\/\\\/kuzeyinsesi.org\\\/index.php\\\/2025\\\/04\\\/25\\\/fogem-istanbulda-23-nisan-kutlamalarina-katildi\\\/\",\"url\":\"https:\\\/\\\/kuzeyinsesi.org\\\/index.php\\\/2025\\\/04\\\/25\\\/fogem-istanbulda-23-nisan-kutlamalarina-katildi\\\/\",\"name\":\"FOGEM \u0130stanbul\u2019da 23 Nisan kutlamalar\u0131na kat\u0131ld\u0131 - Kuzeyin Sesi\",\"isPartOf\":{\"@id\":\"https:\\\/\\\/kuzeyinsesi.org\\\/#website\"},\"primaryImageOfPage\":{\"@id\":\"https:\\\/\\\/kuzeyinsesi.org\\\/index.php\\\/2025\\\/04\\\/25\\\/fogem-istanbulda-23-nisan-kutlamalarina-katildi\\\/#primaryimage\"},\"image\":{\"@id\":\"https:\\\/\\\/kuzeyinsesi.org\\\/index.php\\\/2025\\\/04\\\/25\\\/fogem-istanbulda-23-nisan-kutlamalarina-katildi\\\/#primaryimage\"},\"thumbnailUrl\":\"https:\\\/\\\/kuzeyinsesi.org\\\/wp-content\\\/uploads\\\/2025\\\/04\\\/1745598445033FOGEM-1.jpg\",\"datePublished\":\"2025-04-25T18:03:35+00:00\",\"author\":{\"@id\":\"https:\\\/\\\/kuzeyinsesi.org\\\/#\\\/schema\\\/person\\\/9f859689cdf01485597712386e37f5aa\"},\"breadcrumb\":{\"@id\":\"https:\\\/\\\/kuzeyinsesi.org\\\/index.php\\\/2025\\\/04\\\/25\\\/fogem-istanbulda-23-nisan-kutlamalarina-katildi\\\/#breadcrumb\"},\"inLanguage\":\"tr\",\"potentialAction\":[{\"@type\":\"ReadAction\",\"target\":[\"https:\\\/\\\/kuzeyinsesi.org\\\/index.php\\\/2025\\\/04\\\/25\\\/fogem-istanbulda-23-nisan-kutlamalarina-katildi\\\/\"]}]},{\"@type\":\"ImageObject\",\"inLanguage\":\"tr\",\"@id\":\"https:\\\/\\\/kuzeyinsesi.org\\\/index.php\\\/2025\\\/04\\\/25\\\/fogem-istanbulda-23-nisan-kutlamalarina-katildi\\\/#primaryimage\",\"url\":\"https:\\\/\\\/kuzeyinsesi.org\\\/wp-content\\\/uploads\\\/2025\\\/04\\\/1745598445033FOGEM-1.jpg\",\"contentUrl\":\"https:\\\/\\\/kuzeyinsesi.org\\\/wp-content\\\/uploads\\\/2025\\\/04\\\/1745598445033FOGEM-1.jpg\",\"width\":1600,\"height\":1200},{\"@type\":\"BreadcrumbList\",\"@id\":\"https:\\\/\\\/kuzeyinsesi.org\\\/index.php\\\/2025\\\/04\\\/25\\\/fogem-istanbulda-23-nisan-kutlamalarina-katildi\\\/#breadcrumb\",\"itemListElement\":[{\"@type\":\"ListItem\",\"position\":1,\"name\":\"Anasayfa\",\"item\":\"https:\\\/\\\/kuzeyinsesi.org\\\/\"},{\"@type\":\"ListItem\",\"position\":2,\"name\":\"FOGEM \u0130stanbul\u2019da 23 Nisan kutlamalar\u0131na kat\u0131ld\u0131\"}]},{\"@type\":\"WebSite\",\"@id\":\"https:\\\/\\\/kuzeyinsesi.org\\\/#website\",\"url\":\"https:\\\/\\\/kuzeyinsesi.org\\\/\",\"name\":\"Kuzeyin Sesi\",\"description\":\"Do\u011fru Haberin Adresi\",\"potentialAction\":[{\"@type\":\"SearchAction\",\"target\":{\"@type\":\"EntryPoint\",\"urlTemplate\":\"https:\\\/\\\/kuzeyinsesi.org\\\/?s={search_term_string}\"},\"query-input\":{\"@type\":\"PropertyValueSpecification\",\"valueRequired\":true,\"valueName\":\"search_term_string\"}}],\"inLanguage\":\"tr\"},{\"@type\":\"Person\",\"@id\":\"https:\\\/\\\/kuzeyinsesi.org\\\/#\\\/schema\\\/person\\\/9f859689cdf01485597712386e37f5aa\",\"name\":\"Kuzeyin Sesi\",\"image\":{\"@type\":\"ImageObject\",\"inLanguage\":\"tr\",\"@id\":\"https:\\\/\\\/secure.gravatar.com\\\/avatar\\\/bab33852abfd8b282518d6ed81826833d77c3c882d9ab608add591ccace47a44?s=96&d=mm&r=g\",\"url\":\"https:\\\/\\\/secure.gravatar.com\\\/avatar\\\/bab33852abfd8b282518d6ed81826833d77c3c882d9ab608add591ccace47a44?s=96&d=mm&r=g\",\"contentUrl\":\"https:\\\/\\\/secure.gravatar.com\\\/avatar\\\/bab33852abfd8b282518d6ed81826833d77c3c882d9ab608add591ccace47a44?s=96&d=mm&r=g\",\"caption\":\"Kuzeyin Sesi\"},\"sameAs\":[\"https:\\\/\\\/kuzeyinsesi.org\"],\"url\":\"https:\\\/\\\/kuzeyinsesi.org\\\/index.php\\\/author\\\/guven\\\/\"}]}<\/script>\n<!-- \/ Yoast SEO plugin. -->","yoast_head_json":{"title":"FOGEM \u0130stanbul\u2019da 23 Nisan kutlamalar\u0131na kat\u0131ld\u0131 - Kuzeyin Sesi","robots":{"index":"index","follow":"follow","max-snippet":"max-snippet:-1","max-image-preview":"max-image-preview:large","max-video-preview":"max-video-preview:-1"},"canonical":"https:\/\/kuzeyinsesi.org\/index.php\/2025\/04\/25\/fogem-istanbulda-23-nisan-kutlamalarina-katildi\/","og_locale":"tr_TR","og_type":"article","og_title":"FOGEM \u0130stanbul\u2019da 23 Nisan kutlamalar\u0131na kat\u0131ld\u0131 - Kuzeyin Sesi","og_description":"Lefko\u015fa Folklor ve Gen\u00e7lik Merkezi (FOGEM), 23 Nisan Ulusal Egemenlik ve \u00c7ocuk Bayram\u0131 kapsam\u0131nda Ey\u00fcpsultan Belediyesi\u2019nin organize etti\u011fi \u00c7ocuk Festivali\u2019ne kat\u0131larak Kuzey K\u0131br\u0131s T\u00fcrk Cumhuriyeti\u2019ni temsil etti. FOGEM\u2019den yap\u0131lan a\u00e7\u0131klamaya g\u00f6re 22 dans\u00e7\u0131, 3 e\u011fitmen ve 2 y\u00f6neticiyle \u0130stanbul\u2019a giden FOGEM kafilesi, \u015fehrin farkl\u0131 b\u00f6lgelerinde kurulan sahnelerde performans sergiledi. A\u00e7\u0131klamada \u201cK\u0131br\u0131s k\u00fclt\u00fcr\u00fcn\u00fc yans\u0131tan halk danslar\u0131, [&hellip;]","og_url":"https:\/\/kuzeyinsesi.org\/index.php\/2025\/04\/25\/fogem-istanbulda-23-nisan-kutlamalarina-katildi\/","og_site_name":"Kuzeyin Sesi","article_publisher":"https:\/\/www.facebook.com\/kuzeyinsesii","article_published_time":"2025-04-25T18:03:35+00:00","og_image":[{"url":"https:\/\/brtk.net\/wp-content\/uploads\/2025\/04\/25\/1745598445033FOGEM-1.jpg?ver=db4c78d853f26a074e4019d7d94d8a91","type":"","width":"","height":""}],"author":"Kuzeyin Sesi","twitter_card":"summary_large_image","twitter_creator":"@kuzeyinsesii","twitter_site":"@kuzeyinsesii","twitter_misc":{"Yazan:":"Kuzeyin Sesi","Tahmini okuma s\u00fcresi":"1 dakika"},"schema":{"@context":"https:\/\/schema.org","@graph":[{"@type":"Article","@id":"https:\/\/kuzeyinsesi.org\/index.php\/2025\/04\/25\/fogem-istanbulda-23-nisan-kutlamalarina-katildi\/#article","isPartOf":{"@id":"https:\/\/kuzeyinsesi.org\/index.php\/2025\/04\/25\/fogem-istanbulda-23-nisan-kutlamalarina-katildi\/"},"author":{"name":"Kuzeyin Sesi","@id":"https:\/\/kuzeyinsesi.org\/#\/schema\/person\/9f859689cdf01485597712386e37f5aa"},"headline":"FOGEM \u0130stanbul\u2019da 23 Nisan kutlamalar\u0131na kat\u0131ld\u0131","datePublished":"2025-04-25T18:03:35+00:00","mainEntityOfPage":{"@id":"https:\/\/kuzeyinsesi.org\/index.php\/2025\/04\/25\/fogem-istanbulda-23-nisan-kutlamalarina-katildi\/"},"wordCount":120,"commentCount":0,"image":{"@id":"https:\/\/kuzeyinsesi.org\/index.php\/2025\/04\/25\/fogem-istanbulda-23-nisan-kutlamalarina-katildi\/#primaryimage"},"thumbnailUrl":"https:\/\/kuzeyinsesi.org\/wp-content\/uploads\/2025\/04\/1745598445033FOGEM-1.jpg","articleSection":["Ya\u015fam"],"inLanguage":"tr","potentialAction":[{"@type":"CommentAction","name":"Comment","target":["https:\/\/kuzeyinsesi.org\/index.php\/2025\/04\/25\/fogem-istanbulda-23-nisan-kutlamalarina-katildi\/#respond"]}]},{"@type":"WebPage","@id":"https:\/\/kuzeyinsesi.org\/index.php\/2025\/04\/25\/fogem-istanbulda-23-nisan-kutlamalarina-katildi\/","url":"https:\/\/kuzeyinsesi.org\/index.php\/2025\/04\/25\/fogem-istanbulda-23-nisan-kutlamalarina-katildi\/","name":"FOGEM \u0130stanbul\u2019da 23 Nisan kutlamalar\u0131na kat\u0131ld\u0131 - Kuzeyin Sesi","isPartOf":{"@id":"https:\/\/kuzeyinsesi.org\/#website"},"primaryImageOfPage":{"@id":"https:\/\/kuzeyinsesi.org\/index.php\/2025\/04\/25\/fogem-istanbulda-23-nisan-kutlamalarina-katildi\/#primaryimage"},"image":{"@id":"https:\/\/kuzeyinsesi.org\/index.php\/2025\/04\/25\/fogem-istanbulda-23-nisan-kutlamalarina-katildi\/#primaryimage"},"thumbnailUrl":"https:\/\/kuzeyinsesi.org\/wp-content\/uploads\/2025\/04\/1745598445033FOGEM-1.jpg","datePublished":"2025-04-25T18:03:35+00:00","author":{"@id":"https:\/\/kuzeyinsesi.org\/#\/schema\/person\/9f859689cdf01485597712386e37f5aa"},"breadcrumb":{"@id":"https:\/\/kuzeyinsesi.org\/index.php\/2025\/04\/25\/fogem-istanbulda-23-nisan-kutlamalarina-katildi\/#breadcrumb"},"inLanguage":"tr","potentialAction":[{"@type":"ReadAction","target":["https:\/\/kuzeyinsesi.org\/index.php\/2025\/04\/25\/fogem-istanbulda-23-nisan-kutlamalarina-katildi\/"]}]},{"@type":"ImageObject","inLanguage":"tr","@id":"https:\/\/kuzeyinsesi.org\/index.php\/2025\/04\/25\/fogem-istanbulda-23-nisan-kutlamalarina-katildi\/#primaryimage","url":"https:\/\/kuzeyinsesi.org\/wp-content\/uploads\/2025\/04\/1745598445033FOGEM-1.jpg","contentUrl":"https:\/\/kuzeyinsesi.org\/wp-content\/uploads\/2025\/04\/1745598445033FOGEM-1.jpg","width":1600,"height":1200},{"@type":"BreadcrumbList","@id":"https:\/\/kuzeyinsesi.org\/index.php\/2025\/04\/25\/fogem-istanbulda-23-nisan-kutlamalarina-katildi\/#breadcrumb","itemListElement":[{"@type":"ListItem","position":1,"name":"Anasayfa","item":"https:\/\/kuzeyinsesi.org\/"},{"@type":"ListItem","position":2,"name":"FOGEM \u0130stanbul\u2019da 23 Nisan kutlamalar\u0131na kat\u0131ld\u0131"}]},{"@type":"WebSite","@id":"https:\/\/kuzeyinsesi.org\/#website","url":"https:\/\/kuzeyinsesi.org\/","name":"Kuzeyin Sesi","description":"Do\u011fru Haberin Adresi","potentialAction":[{"@type":"SearchAction","target":{"@type":"EntryPoint","urlTemplate":"https:\/\/kuzeyinsesi.org\/?s={search_term_string}"},"query-input":{"@type":"PropertyValueSpecification","valueRequired":true,"valueName":"search_term_string"}}],"inLanguage":"tr"},{"@type":"Person","@id":"https:\/\/kuzeyinsesi.org\/#\/schema\/person\/9f859689cdf01485597712386e37f5aa","name":"Kuzeyin Sesi","image":{"@type":"ImageObject","inLanguage":"tr","@id":"https:\/\/secure.gravatar.com\/avatar\/bab33852abfd8b282518d6ed81826833d77c3c882d9ab608add591ccace47a44?s=96&d=mm&r=g","url":"https:\/\/secure.gravatar.com\/avatar\/bab33852abfd8b282518d6ed81826833d77c3c882d9ab608add591ccace47a44?s=96&d=mm&r=g","contentUrl":"https:\/\/secure.gravatar.com\/avatar\/bab33852abfd8b282518d6ed81826833d77c3c882d9ab608add591ccace47a44?s=96&d=mm&r=g","caption":"Kuzeyin Sesi"},"sameAs":["https:\/\/kuzeyinsesi.org"],"url":"https:\/\/kuzeyinsesi.org\/index.php\/author\/guven\/"}]}},"_links":{"self":[{"href":"https:\/\/kuzeyinsesi.org\/index.php\/wp-json\/wp\/v2\/posts\/23905","targetHints":{"allow":["GET"]}}],"collection":[{"href":"https:\/\/kuzeyinsesi.org\/index.php\/wp-json\/wp\/v2\/posts"}],"about":[{"href":"https:\/\/kuzeyinsesi.org\/index.php\/wp-json\/wp\/v2\/types\/post"}],"author":[{"embeddable":true,"href":"https:\/\/kuzeyinsesi.org\/index.php\/wp-json\/wp\/v2\/users\/1"}],"replies":[{"embeddable":true,"href":"https:\/\/kuzeyinsesi.org\/index.php\/wp-json\/wp\/v2\/comments?post=23905"}],"version-history":[{"count":0,"href":"https:\/\/kuzeyinsesi.org\/index.php\/wp-json\/wp\/v2\/posts\/23905\/revisions"}],"wp:featuredmedia":[{"embeddable":true,"href":"https:\/\/kuzeyinsesi.org\/index.php\/wp-json\/wp\/v2\/media\/23906"}],"wp:attachment":[{"href":"https:\/\/kuzeyinsesi.org\/index.php\/wp-json\/wp\/v2\/media?parent=23905"}],"wp:term":[{"taxonomy":"category","embeddable":true,"href":"https:\/\/kuzeyinsesi.org\/index.php\/wp-json\/wp\/v2\/categories?post=23905"},{"taxonomy":"post_tag","embeddable":true,"href":"https:\/\/kuzeyinsesi.org\/index.php\/wp-json\/wp\/v2\/tags?post=23905"}],"curies":[{"name":"wp","href":"https:\/\/api.w.org\/{rel}","templated":true}]}}