{"id":23860,"date":"2025-04-25T12:53:34","date_gmt":"2025-04-25T09:53:34","guid":{"rendered":"https:\/\/kuzeyinsesi.org\/index.php\/2025\/04\/25\/guzelyurt-belediyesinden-bir-heyet-mesir-festivaline-katilmak-amaciyla-manisaya-gitti\/"},"modified":"2025-04-25T12:53:34","modified_gmt":"2025-04-25T09:53:34","slug":"guzelyurt-belediyesinden-bir-heyet-mesir-festivaline-katilmak-amaciyla-manisaya-gitti","status":"publish","type":"post","link":"https:\/\/kuzeyinsesi.org\/index.php\/2025\/04\/25\/guzelyurt-belediyesinden-bir-heyet-mesir-festivaline-katilmak-amaciyla-manisaya-gitti\/","title":{"rendered":"G\u00fczelyurt Belediyesi\u2019nden bir heyet Mesir Festivali\u2019ne kat\u0131lmak amac\u0131yla Manisa\u2019ya gitti"},"content":{"rendered":"<div>\n<div class=\"mariselle-image-container center\">\n                                            <\/div>\n<p>G\u00fczelyurt Belediye Ba\u015fkan\u0131 Mahmut \u00d6z\u00e7\u0131nar ve meclis \u00fcyelerinden olu\u015fan bir heyet 485. Uluslararas\u0131 Mesir Macunu Festivali\u2019ne kat\u0131lmak amac\u0131yla Manisa\u2019ya gitti. <\/p>\n<p>Belediyeden yap\u0131lan a\u00e7\u0131klamaya g\u00f6re, karde\u015f Belediye Manisa B\u00fcy\u00fck\u015fehir Belediyesi\u2019nin daveti \u00fczerine 24-27 Nisan tarihleri aras\u0131nda \u00e7e\u015fitli temaslarda bulunacak heyette Belediye Meclis \u00dcyesi Aliye Gilanl\u0131o\u011fullar\u0131, \u00d6zda\u015f T\u00fcm, U\u011fur Sayg\u0131l\u0131 ve Cemal \u0130neci yer al\u0131yor. <\/p>\n<p>Uluslararas\u0131 misafir ve kat\u0131l\u0131mc\u0131lara y\u00f6nelik etkinlik programlar\u0131na kat\u0131lacak G\u00fczelyurt Belediyesi heyeti yar\u0131n Valilik ve mesir komitesindeki kurumlar ile hediyele\u015fme t\u00f6renine, pazar g\u00fcn\u00fc de geleneksel mesir kortej y\u00fcr\u00fcy\u00fc\u015f\u00fc ve geleneksel mesir macunu sa\u00e7\u0131m t\u00f6renine kat\u0131lacak.<\/p>\n<\/p><\/div>\n<p><script async\n                    defer\n                    crossorigin=\"anonymous\"\n                    src=\"https:\/\/connect.facebook.net\/tr_TR\/sdk.js#xfbml=1&#038;version=v3.3\"\n            ><\/script><\/p>\n","protected":false},"excerpt":{"rendered":"<p>G\u00fczelyurt Belediye Ba\u015fkan\u0131 Mahmut \u00d6z\u00e7\u0131nar ve meclis \u00fcyelerinden olu\u015fan bir heyet 485. Uluslararas\u0131 Mesir Macunu Festivali\u2019ne kat\u0131lmak amac\u0131yla Manisa\u2019ya gitti. Belediyeden yap\u0131lan a\u00e7\u0131klamaya g\u00f6re, karde\u015f Belediye Manisa B\u00fcy\u00fck\u015fehir Belediyesi\u2019nin daveti \u00fczerine 24-27 Nisan tarihleri aras\u0131nda \u00e7e\u015fitli temaslarda bulunacak heyette Belediye Meclis \u00dcyesi Aliye Gilanl\u0131o\u011fullar\u0131, \u00d6zda\u015f T\u00fcm, U\u011fur Sayg\u0131l\u0131 ve Cemal \u0130neci yer al\u0131yor. Uluslararas\u0131 misafir [&hellip;]<\/p>\n","protected":false},"author":1,"featured_media":23861,"comment_status":"open","ping_status":"open","sticky":false,"template":"","format":"standard","meta":{"jnews-multi-image_gallery":[],"jnews_single_post":[],"jnews_primary_category":[],"jnews_social_meta":[],"jnews_override_counter":[],"footnotes":""},"categories":[6],"tags":[],"class_list":["post-23860","post","type-post","status-publish","format-standard","has-post-thumbnail","hentry","category-yasam"],"yoast_head":"<!-- This site is optimized with the Yoast SEO plugin v27.4 - https:\/\/yoast.com\/product\/yoast-seo-wordpress\/ -->\n<title>G\u00fczelyurt Belediyesi\u2019nden bir heyet Mesir Festivali\u2019ne kat\u0131lmak amac\u0131yla Manisa\u2019ya gitti - Kuzeyin Sesi<\/title>\n<meta name=\"robots\" content=\"index, follow, max-snippet:-1, max-image-preview:large, max-video-preview:-1\" \/>\n<link rel=\"canonical\" href=\"https:\/\/kuzeyinsesi.org\/index.php\/2025\/04\/25\/guzelyurt-belediyesinden-bir-heyet-mesir-festivaline-katilmak-amaciyla-manisaya-gitti\/\" \/>\n<meta property=\"og:locale\" content=\"tr_TR\" \/>\n<meta property=\"og:type\" content=\"article\" \/>\n<meta property=\"og:title\" content=\"G\u00fczelyurt Belediyesi\u2019nden bir heyet Mesir Festivali\u2019ne kat\u0131lmak amac\u0131yla Manisa\u2019ya gitti - Kuzeyin Sesi\" \/>\n<meta property=\"og:description\" content=\"G\u00fczelyurt Belediye Ba\u015fkan\u0131 Mahmut \u00d6z\u00e7\u0131nar ve meclis \u00fcyelerinden olu\u015fan bir heyet 485. Uluslararas\u0131 Mesir Macunu Festivali\u2019ne kat\u0131lmak amac\u0131yla Manisa\u2019ya gitti. Belediyeden yap\u0131lan a\u00e7\u0131klamaya g\u00f6re, karde\u015f Belediye Manisa B\u00fcy\u00fck\u015fehir Belediyesi\u2019nin daveti \u00fczerine 24-27 Nisan tarihleri aras\u0131nda \u00e7e\u015fitli temaslarda bulunacak heyette Belediye Meclis \u00dcyesi Aliye Gilanl\u0131o\u011fullar\u0131, \u00d6zda\u015f T\u00fcm, U\u011fur Sayg\u0131l\u0131 ve Cemal \u0130neci yer al\u0131yor. Uluslararas\u0131 misafir [&hellip;]\" \/>\n<meta property=\"og:url\" content=\"https:\/\/kuzeyinsesi.org\/index.php\/2025\/04\/25\/guzelyurt-belediyesinden-bir-heyet-mesir-festivaline-katilmak-amaciyla-manisaya-gitti\/\" \/>\n<meta property=\"og:site_name\" content=\"Kuzeyin Sesi\" \/>\n<meta property=\"article:publisher\" content=\"https:\/\/www.facebook.com\/kuzeyinsesii\" \/>\n<meta property=\"article:published_time\" content=\"2025-04-25T09:53:34+00:00\" \/>\n<meta property=\"og:image\" content=\"https:\/\/brtk.net\/wp-content\/uploads\/2025\/04\/25\/1745571894158guzelyurt-mesir-festivali.jpeg?ver=95aae2ec09ca2c4536556e179cab7569\" \/>\n<meta name=\"author\" content=\"Kuzeyin Sesi\" \/>\n<meta name=\"twitter:card\" content=\"summary_large_image\" \/>\n<meta name=\"twitter:creator\" content=\"@kuzeyinsesii\" \/>\n<meta name=\"twitter:site\" content=\"@kuzeyinsesii\" \/>\n<meta name=\"twitter:label1\" content=\"Yazan:\" \/>\n\t<meta name=\"twitter:data1\" content=\"Kuzeyin Sesi\" \/>\n\t<meta name=\"twitter:label2\" content=\"Tahmini okuma s\u00fcresi\" \/>\n\t<meta name=\"twitter:data2\" content=\"1 dakika\" \/>\n<script type=\"application\/ld+json\" class=\"yoast-schema-graph\">{\"@context\":\"https:\\\/\\\/schema.org\",\"@graph\":[{\"@type\":\"Article\",\"@id\":\"https:\\\/\\\/kuzeyinsesi.org\\\/index.php\\\/2025\\\/04\\\/25\\\/guzelyurt-belediyesinden-bir-heyet-mesir-festivaline-katilmak-amaciyla-manisaya-gitti\\\/#article\",\"isPartOf\":{\"@id\":\"https:\\\/\\\/kuzeyinsesi.org\\\/index.php\\\/2025\\\/04\\\/25\\\/guzelyurt-belediyesinden-bir-heyet-mesir-festivaline-katilmak-amaciyla-manisaya-gitti\\\/\"},\"author\":{\"name\":\"Kuzeyin Sesi\",\"@id\":\"https:\\\/\\\/kuzeyinsesi.org\\\/#\\\/schema\\\/person\\\/9f859689cdf01485597712386e37f5aa\"},\"headline\":\"G\u00fczelyurt Belediyesi\u2019nden bir heyet Mesir Festivali\u2019ne kat\u0131lmak amac\u0131yla Manisa\u2019ya gitti\",\"datePublished\":\"2025-04-25T09:53:34+00:00\",\"mainEntityOfPage\":{\"@id\":\"https:\\\/\\\/kuzeyinsesi.org\\\/index.php\\\/2025\\\/04\\\/25\\\/guzelyurt-belediyesinden-bir-heyet-mesir-festivaline-katilmak-amaciyla-manisaya-gitti\\\/\"},\"wordCount\":141,\"commentCount\":0,\"image\":{\"@id\":\"https:\\\/\\\/kuzeyinsesi.org\\\/index.php\\\/2025\\\/04\\\/25\\\/guzelyurt-belediyesinden-bir-heyet-mesir-festivaline-katilmak-amaciyla-manisaya-gitti\\\/#primaryimage\"},\"thumbnailUrl\":\"https:\\\/\\\/kuzeyinsesi.org\\\/wp-content\\\/uploads\\\/2025\\\/04\\\/1745571894158guzelyurt-mesir-festivali.jpeg\",\"articleSection\":[\"Ya\u015fam\"],\"inLanguage\":\"tr\",\"potentialAction\":[{\"@type\":\"CommentAction\",\"name\":\"Comment\",\"target\":[\"https:\\\/\\\/kuzeyinsesi.org\\\/index.php\\\/2025\\\/04\\\/25\\\/guzelyurt-belediyesinden-bir-heyet-mesir-festivaline-katilmak-amaciyla-manisaya-gitti\\\/#respond\"]}]},{\"@type\":\"WebPage\",\"@id\":\"https:\\\/\\\/kuzeyinsesi.org\\\/index.php\\\/2025\\\/04\\\/25\\\/guzelyurt-belediyesinden-bir-heyet-mesir-festivaline-katilmak-amaciyla-manisaya-gitti\\\/\",\"url\":\"https:\\\/\\\/kuzeyinsesi.org\\\/index.php\\\/2025\\\/04\\\/25\\\/guzelyurt-belediyesinden-bir-heyet-mesir-festivaline-katilmak-amaciyla-manisaya-gitti\\\/\",\"name\":\"G\u00fczelyurt Belediyesi\u2019nden bir heyet Mesir Festivali\u2019ne kat\u0131lmak amac\u0131yla Manisa\u2019ya gitti - Kuzeyin Sesi\",\"isPartOf\":{\"@id\":\"https:\\\/\\\/kuzeyinsesi.org\\\/#website\"},\"primaryImageOfPage\":{\"@id\":\"https:\\\/\\\/kuzeyinsesi.org\\\/index.php\\\/2025\\\/04\\\/25\\\/guzelyurt-belediyesinden-bir-heyet-mesir-festivaline-katilmak-amaciyla-manisaya-gitti\\\/#primaryimage\"},\"image\":{\"@id\":\"https:\\\/\\\/kuzeyinsesi.org\\\/index.php\\\/2025\\\/04\\\/25\\\/guzelyurt-belediyesinden-bir-heyet-mesir-festivaline-katilmak-amaciyla-manisaya-gitti\\\/#primaryimage\"},\"thumbnailUrl\":\"https:\\\/\\\/kuzeyinsesi.org\\\/wp-content\\\/uploads\\\/2025\\\/04\\\/1745571894158guzelyurt-mesir-festivali.jpeg\",\"datePublished\":\"2025-04-25T09:53:34+00:00\",\"author\":{\"@id\":\"https:\\\/\\\/kuzeyinsesi.org\\\/#\\\/schema\\\/person\\\/9f859689cdf01485597712386e37f5aa\"},\"breadcrumb\":{\"@id\":\"https:\\\/\\\/kuzeyinsesi.org\\\/index.php\\\/2025\\\/04\\\/25\\\/guzelyurt-belediyesinden-bir-heyet-mesir-festivaline-katilmak-amaciyla-manisaya-gitti\\\/#breadcrumb\"},\"inLanguage\":\"tr\",\"potentialAction\":[{\"@type\":\"ReadAction\",\"target\":[\"https:\\\/\\\/kuzeyinsesi.org\\\/index.php\\\/2025\\\/04\\\/25\\\/guzelyurt-belediyesinden-bir-heyet-mesir-festivaline-katilmak-amaciyla-manisaya-gitti\\\/\"]}]},{\"@type\":\"ImageObject\",\"inLanguage\":\"tr\",\"@id\":\"https:\\\/\\\/kuzeyinsesi.org\\\/index.php\\\/2025\\\/04\\\/25\\\/guzelyurt-belediyesinden-bir-heyet-mesir-festivaline-katilmak-amaciyla-manisaya-gitti\\\/#primaryimage\",\"url\":\"https:\\\/\\\/kuzeyinsesi.org\\\/wp-content\\\/uploads\\\/2025\\\/04\\\/1745571894158guzelyurt-mesir-festivali.jpeg\",\"contentUrl\":\"https:\\\/\\\/kuzeyinsesi.org\\\/wp-content\\\/uploads\\\/2025\\\/04\\\/1745571894158guzelyurt-mesir-festivali.jpeg\",\"width\":1536,\"height\":2048},{\"@type\":\"BreadcrumbList\",\"@id\":\"https:\\\/\\\/kuzeyinsesi.org\\\/index.php\\\/2025\\\/04\\\/25\\\/guzelyurt-belediyesinden-bir-heyet-mesir-festivaline-katilmak-amaciyla-manisaya-gitti\\\/#breadcrumb\",\"itemListElement\":[{\"@type\":\"ListItem\",\"position\":1,\"name\":\"Anasayfa\",\"item\":\"https:\\\/\\\/kuzeyinsesi.org\\\/\"},{\"@type\":\"ListItem\",\"position\":2,\"name\":\"G\u00fczelyurt Belediyesi\u2019nden bir heyet Mesir Festivali\u2019ne kat\u0131lmak amac\u0131yla Manisa\u2019ya gitti\"}]},{\"@type\":\"WebSite\",\"@id\":\"https:\\\/\\\/kuzeyinsesi.org\\\/#website\",\"url\":\"https:\\\/\\\/kuzeyinsesi.org\\\/\",\"name\":\"Kuzeyin Sesi\",\"description\":\"Do\u011fru Haberin Adresi\",\"potentialAction\":[{\"@type\":\"SearchAction\",\"target\":{\"@type\":\"EntryPoint\",\"urlTemplate\":\"https:\\\/\\\/kuzeyinsesi.org\\\/?s={search_term_string}\"},\"query-input\":{\"@type\":\"PropertyValueSpecification\",\"valueRequired\":true,\"valueName\":\"search_term_string\"}}],\"inLanguage\":\"tr\"},{\"@type\":\"Person\",\"@id\":\"https:\\\/\\\/kuzeyinsesi.org\\\/#\\\/schema\\\/person\\\/9f859689cdf01485597712386e37f5aa\",\"name\":\"Kuzeyin Sesi\",\"image\":{\"@type\":\"ImageObject\",\"inLanguage\":\"tr\",\"@id\":\"https:\\\/\\\/secure.gravatar.com\\\/avatar\\\/bab33852abfd8b282518d6ed81826833d77c3c882d9ab608add591ccace47a44?s=96&d=mm&r=g\",\"url\":\"https:\\\/\\\/secure.gravatar.com\\\/avatar\\\/bab33852abfd8b282518d6ed81826833d77c3c882d9ab608add591ccace47a44?s=96&d=mm&r=g\",\"contentUrl\":\"https:\\\/\\\/secure.gravatar.com\\\/avatar\\\/bab33852abfd8b282518d6ed81826833d77c3c882d9ab608add591ccace47a44?s=96&d=mm&r=g\",\"caption\":\"Kuzeyin Sesi\"},\"sameAs\":[\"https:\\\/\\\/kuzeyinsesi.org\"],\"url\":\"https:\\\/\\\/kuzeyinsesi.org\\\/index.php\\\/author\\\/guven\\\/\"}]}<\/script>\n<!-- \/ Yoast SEO plugin. -->","yoast_head_json":{"title":"G\u00fczelyurt Belediyesi\u2019nden bir heyet Mesir Festivali\u2019ne kat\u0131lmak amac\u0131yla Manisa\u2019ya gitti - Kuzeyin Sesi","robots":{"index":"index","follow":"follow","max-snippet":"max-snippet:-1","max-image-preview":"max-image-preview:large","max-video-preview":"max-video-preview:-1"},"canonical":"https:\/\/kuzeyinsesi.org\/index.php\/2025\/04\/25\/guzelyurt-belediyesinden-bir-heyet-mesir-festivaline-katilmak-amaciyla-manisaya-gitti\/","og_locale":"tr_TR","og_type":"article","og_title":"G\u00fczelyurt Belediyesi\u2019nden bir heyet Mesir Festivali\u2019ne kat\u0131lmak amac\u0131yla Manisa\u2019ya gitti - Kuzeyin Sesi","og_description":"G\u00fczelyurt Belediye Ba\u015fkan\u0131 Mahmut \u00d6z\u00e7\u0131nar ve meclis \u00fcyelerinden olu\u015fan bir heyet 485. Uluslararas\u0131 Mesir Macunu Festivali\u2019ne kat\u0131lmak amac\u0131yla Manisa\u2019ya gitti. Belediyeden yap\u0131lan a\u00e7\u0131klamaya g\u00f6re, karde\u015f Belediye Manisa B\u00fcy\u00fck\u015fehir Belediyesi\u2019nin daveti \u00fczerine 24-27 Nisan tarihleri aras\u0131nda \u00e7e\u015fitli temaslarda bulunacak heyette Belediye Meclis \u00dcyesi Aliye Gilanl\u0131o\u011fullar\u0131, \u00d6zda\u015f T\u00fcm, U\u011fur Sayg\u0131l\u0131 ve Cemal \u0130neci yer al\u0131yor. Uluslararas\u0131 misafir [&hellip;]","og_url":"https:\/\/kuzeyinsesi.org\/index.php\/2025\/04\/25\/guzelyurt-belediyesinden-bir-heyet-mesir-festivaline-katilmak-amaciyla-manisaya-gitti\/","og_site_name":"Kuzeyin Sesi","article_publisher":"https:\/\/www.facebook.com\/kuzeyinsesii","article_published_time":"2025-04-25T09:53:34+00:00","og_image":[{"url":"https:\/\/brtk.net\/wp-content\/uploads\/2025\/04\/25\/1745571894158guzelyurt-mesir-festivali.jpeg?ver=95aae2ec09ca2c4536556e179cab7569","type":"","width":"","height":""}],"author":"Kuzeyin Sesi","twitter_card":"summary_large_image","twitter_creator":"@kuzeyinsesii","twitter_site":"@kuzeyinsesii","twitter_misc":{"Yazan:":"Kuzeyin Sesi","Tahmini okuma s\u00fcresi":"1 dakika"},"schema":{"@context":"https:\/\/schema.org","@graph":[{"@type":"Article","@id":"https:\/\/kuzeyinsesi.org\/index.php\/2025\/04\/25\/guzelyurt-belediyesinden-bir-heyet-mesir-festivaline-katilmak-amaciyla-manisaya-gitti\/#article","isPartOf":{"@id":"https:\/\/kuzeyinsesi.org\/index.php\/2025\/04\/25\/guzelyurt-belediyesinden-bir-heyet-mesir-festivaline-katilmak-amaciyla-manisaya-gitti\/"},"author":{"name":"Kuzeyin Sesi","@id":"https:\/\/kuzeyinsesi.org\/#\/schema\/person\/9f859689cdf01485597712386e37f5aa"},"headline":"G\u00fczelyurt Belediyesi\u2019nden bir heyet Mesir Festivali\u2019ne kat\u0131lmak amac\u0131yla Manisa\u2019ya gitti","datePublished":"2025-04-25T09:53:34+00:00","mainEntityOfPage":{"@id":"https:\/\/kuzeyinsesi.org\/index.php\/2025\/04\/25\/guzelyurt-belediyesinden-bir-heyet-mesir-festivaline-katilmak-amaciyla-manisaya-gitti\/"},"wordCount":141,"commentCount":0,"image":{"@id":"https:\/\/kuzeyinsesi.org\/index.php\/2025\/04\/25\/guzelyurt-belediyesinden-bir-heyet-mesir-festivaline-katilmak-amaciyla-manisaya-gitti\/#primaryimage"},"thumbnailUrl":"https:\/\/kuzeyinsesi.org\/wp-content\/uploads\/2025\/04\/1745571894158guzelyurt-mesir-festivali.jpeg","articleSection":["Ya\u015fam"],"inLanguage":"tr","potentialAction":[{"@type":"CommentAction","name":"Comment","target":["https:\/\/kuzeyinsesi.org\/index.php\/2025\/04\/25\/guzelyurt-belediyesinden-bir-heyet-mesir-festivaline-katilmak-amaciyla-manisaya-gitti\/#respond"]}]},{"@type":"WebPage","@id":"https:\/\/kuzeyinsesi.org\/index.php\/2025\/04\/25\/guzelyurt-belediyesinden-bir-heyet-mesir-festivaline-katilmak-amaciyla-manisaya-gitti\/","url":"https:\/\/kuzeyinsesi.org\/index.php\/2025\/04\/25\/guzelyurt-belediyesinden-bir-heyet-mesir-festivaline-katilmak-amaciyla-manisaya-gitti\/","name":"G\u00fczelyurt Belediyesi\u2019nden bir heyet Mesir Festivali\u2019ne kat\u0131lmak amac\u0131yla Manisa\u2019ya gitti - Kuzeyin Sesi","isPartOf":{"@id":"https:\/\/kuzeyinsesi.org\/#website"},"primaryImageOfPage":{"@id":"https:\/\/kuzeyinsesi.org\/index.php\/2025\/04\/25\/guzelyurt-belediyesinden-bir-heyet-mesir-festivaline-katilmak-amaciyla-manisaya-gitti\/#primaryimage"},"image":{"@id":"https:\/\/kuzeyinsesi.org\/index.php\/2025\/04\/25\/guzelyurt-belediyesinden-bir-heyet-mesir-festivaline-katilmak-amaciyla-manisaya-gitti\/#primaryimage"},"thumbnailUrl":"https:\/\/kuzeyinsesi.org\/wp-content\/uploads\/2025\/04\/1745571894158guzelyurt-mesir-festivali.jpeg","datePublished":"2025-04-25T09:53:34+00:00","author":{"@id":"https:\/\/kuzeyinsesi.org\/#\/schema\/person\/9f859689cdf01485597712386e37f5aa"},"breadcrumb":{"@id":"https:\/\/kuzeyinsesi.org\/index.php\/2025\/04\/25\/guzelyurt-belediyesinden-bir-heyet-mesir-festivaline-katilmak-amaciyla-manisaya-gitti\/#breadcrumb"},"inLanguage":"tr","potentialAction":[{"@type":"ReadAction","target":["https:\/\/kuzeyinsesi.org\/index.php\/2025\/04\/25\/guzelyurt-belediyesinden-bir-heyet-mesir-festivaline-katilmak-amaciyla-manisaya-gitti\/"]}]},{"@type":"ImageObject","inLanguage":"tr","@id":"https:\/\/kuzeyinsesi.org\/index.php\/2025\/04\/25\/guzelyurt-belediyesinden-bir-heyet-mesir-festivaline-katilmak-amaciyla-manisaya-gitti\/#primaryimage","url":"https:\/\/kuzeyinsesi.org\/wp-content\/uploads\/2025\/04\/1745571894158guzelyurt-mesir-festivali.jpeg","contentUrl":"https:\/\/kuzeyinsesi.org\/wp-content\/uploads\/2025\/04\/1745571894158guzelyurt-mesir-festivali.jpeg","width":1536,"height":2048},{"@type":"BreadcrumbList","@id":"https:\/\/kuzeyinsesi.org\/index.php\/2025\/04\/25\/guzelyurt-belediyesinden-bir-heyet-mesir-festivaline-katilmak-amaciyla-manisaya-gitti\/#breadcrumb","itemListElement":[{"@type":"ListItem","position":1,"name":"Anasayfa","item":"https:\/\/kuzeyinsesi.org\/"},{"@type":"ListItem","position":2,"name":"G\u00fczelyurt Belediyesi\u2019nden bir heyet Mesir Festivali\u2019ne kat\u0131lmak amac\u0131yla Manisa\u2019ya gitti"}]},{"@type":"WebSite","@id":"https:\/\/kuzeyinsesi.org\/#website","url":"https:\/\/kuzeyinsesi.org\/","name":"Kuzeyin Sesi","description":"Do\u011fru Haberin Adresi","potentialAction":[{"@type":"SearchAction","target":{"@type":"EntryPoint","urlTemplate":"https:\/\/kuzeyinsesi.org\/?s={search_term_string}"},"query-input":{"@type":"PropertyValueSpecification","valueRequired":true,"valueName":"search_term_string"}}],"inLanguage":"tr"},{"@type":"Person","@id":"https:\/\/kuzeyinsesi.org\/#\/schema\/person\/9f859689cdf01485597712386e37f5aa","name":"Kuzeyin Sesi","image":{"@type":"ImageObject","inLanguage":"tr","@id":"https:\/\/secure.gravatar.com\/avatar\/bab33852abfd8b282518d6ed81826833d77c3c882d9ab608add591ccace47a44?s=96&d=mm&r=g","url":"https:\/\/secure.gravatar.com\/avatar\/bab33852abfd8b282518d6ed81826833d77c3c882d9ab608add591ccace47a44?s=96&d=mm&r=g","contentUrl":"https:\/\/secure.gravatar.com\/avatar\/bab33852abfd8b282518d6ed81826833d77c3c882d9ab608add591ccace47a44?s=96&d=mm&r=g","caption":"Kuzeyin Sesi"},"sameAs":["https:\/\/kuzeyinsesi.org"],"url":"https:\/\/kuzeyinsesi.org\/index.php\/author\/guven\/"}]}},"_links":{"self":[{"href":"https:\/\/kuzeyinsesi.org\/index.php\/wp-json\/wp\/v2\/posts\/23860","targetHints":{"allow":["GET"]}}],"collection":[{"href":"https:\/\/kuzeyinsesi.org\/index.php\/wp-json\/wp\/v2\/posts"}],"about":[{"href":"https:\/\/kuzeyinsesi.org\/index.php\/wp-json\/wp\/v2\/types\/post"}],"author":[{"embeddable":true,"href":"https:\/\/kuzeyinsesi.org\/index.php\/wp-json\/wp\/v2\/users\/1"}],"replies":[{"embeddable":true,"href":"https:\/\/kuzeyinsesi.org\/index.php\/wp-json\/wp\/v2\/comments?post=23860"}],"version-history":[{"count":0,"href":"https:\/\/kuzeyinsesi.org\/index.php\/wp-json\/wp\/v2\/posts\/23860\/revisions"}],"wp:featuredmedia":[{"embeddable":true,"href":"https:\/\/kuzeyinsesi.org\/index.php\/wp-json\/wp\/v2\/media\/23861"}],"wp:attachment":[{"href":"https:\/\/kuzeyinsesi.org\/index.php\/wp-json\/wp\/v2\/media?parent=23860"}],"wp:term":[{"taxonomy":"category","embeddable":true,"href":"https:\/\/kuzeyinsesi.org\/index.php\/wp-json\/wp\/v2\/categories?post=23860"},{"taxonomy":"post_tag","embeddable":true,"href":"https:\/\/kuzeyinsesi.org\/index.php\/wp-json\/wp\/v2\/tags?post=23860"}],"curies":[{"name":"wp","href":"https:\/\/api.w.org\/{rel}","templated":true}]}}