{"id":23843,"date":"2025-04-24T21:36:42","date_gmt":"2025-04-24T18:36:42","guid":{"rendered":"https:\/\/kuzeyinsesi.org\/index.php\/2025\/04\/24\/silahtardan-metehana-kktc-cumhurbaskanligi-yeni-yerleskesi-kitabinin-tanitimi-yapildi\/"},"modified":"2025-04-24T21:36:42","modified_gmt":"2025-04-24T18:36:42","slug":"silahtardan-metehana-kktc-cumhurbaskanligi-yeni-yerleskesi-kitabinin-tanitimi-yapildi","status":"publish","type":"post","link":"https:\/\/kuzeyinsesi.org\/index.php\/2025\/04\/24\/silahtardan-metehana-kktc-cumhurbaskanligi-yeni-yerleskesi-kitabinin-tanitimi-yapildi\/","title":{"rendered":"\u201cSilahtar\u2019dan Metehan\u2019a KKTC Cumhurba\u015fkanl\u0131\u011f\u0131 Yeni Yerle\u015fkesi\u201d kitab\u0131n\u0131n tan\u0131t\u0131m\u0131 yap\u0131ld\u0131"},"content":{"rendered":"<div>\n<div class=\"mariselle-image-container none\">\n                                            <\/div>\n<p>Cumhurba\u015fkan\u0131 Ersin Tatar, \u201cSilahtar\u2019dan Metehan\u2019a KKTC Cumhurba\u015fkanl\u0131\u011f\u0131 Yeni Yerle\u015fkesi\u201d kitab\u0131n\u0131n tan\u0131t\u0131m\u0131n\u0131, bug\u00fcn yeni makam odas\u0131nda yapt\u0131.<\/p>\n<p>\u201cK\u0131br\u0131s T\u00fcrk halk\u0131n\u0131n varolu\u015f ve \u00f6zg\u00fcrl\u00fck m\u00fccadelesinde Ba\u015fkanl\u0131k binalar\u0131ndan KKTC Cumhurba\u015fkanl\u0131\u011f\u0131 yeni yerle\u015fkesine giden tarihsel s\u00fcre\u00e7\u201d hakk\u0131ndaki kitap Cumhurba\u015fkan\u0131 Tatar\u2019\u0131n talimat\u0131 \u00fczerine\u00a0Mustafa Ha\u015fim Altan ve G\u00f6khan G\u00fcler taraf\u0131ndan kaleme al\u0131nd\u0131.<\/p>\n<p>Cumhurba\u015fkanl\u0131\u011f\u0131 yeni yerle\u015fkesinde Cumhurba\u015fkan\u0131 Ersin Tatar\u2019\u0131n makam odas\u0131nda ger\u00e7ekle\u015ftirilen kitap tan\u0131t\u0131m\u0131nda, Mustafa Ha\u015fim Altan ve G\u00f6khan G\u00fcler de haz\u0131r bulundu.<\/p>\n<p>-Tatar: \u201c\u00dclkeye KKTC\u2019nin imaj\u0131na ve itibar\u0131na yak\u0131\u015f\u0131r bir eser kazand\u0131r\u0131lm\u0131\u015ft\u0131r\u201d<\/p>\n<p>Cumhurba\u015fkan\u0131 Ersin Tatar yapt\u0131\u011f\u0131 konu\u015fmada kitapta Cumhurba\u015fkanl\u0131\u011f\u0131 Saray\u0131\u2019n\u0131n ge\u00e7mi\u015finin, tarihinin ve Dr. Faz\u0131l K\u00fc\u00e7\u00fck\u2019ten \u015fimdiye kadar o binada neler ya\u015fand\u0131\u011f\u0131n\u0131n anlat\u0131ld\u0131\u011f\u0131n\u0131 s\u00f6yledi.\u00a0\u00a0Cumhurba\u015fkan\u0131 se\u00e7ildikten sonra, 15 Kas\u0131m 2020\u2019de\u00a0 TC Cumhurba\u015fkan\u0131 Recep Tayyip Erdo\u011fan\u2019\u0131n ilk ziyareti s\u0131ras\u0131nda yeni bina ihtiyac\u0131ndan\u00a0bahsetti\u011fini aktaran Cumhurba\u015fkan\u0131 Tatar, o g\u00fcn ya\u011fmur sebebiyle bina s\u0131\u011fmad\u0131\u011f\u0131 i\u00e7in d\u0131\u015far\u0131da beklemek zorunda kalan ekipler ve bas\u0131n\u0131n \u0131sland\u0131\u011f\u0131n\u0131 anlatt\u0131.<\/p>\n<p>Ya\u015fanan durum \u00fczerine, Erdo\u011fan\u2019\u0131n, \u201cUygun bir yer bulunabilirse biz oraya yeni bir cumhurba\u015fkanl\u0131\u011f\u0131 binas\u0131 yapal\u0131m\u201d dedi\u011fini kaydeden Tatar, d\u00f6rt y\u0131l\u0131n ard\u0131ndan binalar\u0131n tamamland\u0131\u011f\u0131n\u0131 ve 3 May\u0131s tarihinde a\u00e7\u0131laca\u011f\u0131n\u0131 s\u00f6yledi.<\/p>\n<p>\u0130n\u015faat s\u0131ras\u0131nda, \u201c\u00fclkede Cumhurba\u015fkanl\u0131\u011f\u0131 Yerle\u015fkesi\u2019ne ihtiya\u00e7 olmad\u0131\u011f\u0131\u201d gerek\u00e7esiyle muhalif \u00e7evreler taraf\u0131ndan eylemler ve protestolar yap\u0131ld\u0131\u011f\u0131n\u0131 hat\u0131rlatan Tatar, protestolar s\u0131ras\u0131nda TC Cumhurba\u015fkan\u0131 Erdo\u011fan\u2019a, Cumhuriyet Meclisi binas\u0131n\u0131n da eski bir bina oldu\u011funu ve arazide yeterli bir alan olmas\u0131 sebebiyle bir de meclis binas\u0131 in\u015fa edilmesi \u00f6nerisini g\u00f6t\u00fcrd\u00fc\u011f\u00fcn\u00fc kaydetti.<\/p>\n<p>Tatar, \u201c\u00dclkeye KKTC\u2019nin imaj\u0131na ve itibar\u0131na yak\u0131\u015f\u0131r bir eser kazand\u0131r\u0131lm\u0131\u015ft\u0131r.\u201d dedi.<\/p>\n<p>Talat, yakla\u015f\u0131k bir y\u0131l kadar \u00f6nce Y\u00fcksek Mahkeme binas\u0131n\u0131n da yetersiz olmas\u0131 nedeniyle\u00a0 yine TC Cumhurba\u015fkan\u0131 Erdo\u011fan\u2019a \u00f6neri g\u00f6t\u00fcrd\u00fc\u011f\u00fcn\u00fc s\u00f6yledi. Meclisin do\u011fu taraf\u0131nda y\u00fckselen yeni Y\u00fcksek Mahkeme binas\u0131na ek olarak, yerle\u015fkenin g\u00fcneyinde de ve bisiklet yollar\u0131, y\u00fcr\u00fcy\u00fc\u015f yollar\u0131 ve amfitiyatrolar bulunan 400 d\u00f6n\u00fcml\u00fck bir park yap\u0131ld\u0131\u011f\u0131n\u0131 belirten Tatar, park\u0131n, a\u011fa\u00e7land\u0131r\u0131lmas\u0131n\u0131n ard\u0131ndan yaz aylar\u0131nda tamamlanaca\u011f\u0131n\u0131 s\u00f6yledi.<\/p>\n<p>TC Cumhurba\u015fkan\u0131 Erdo\u011fan ve y\u00fcklenici firma sahiplerine, m\u00fchendislerine, mimarlar\u0131na, ustalar\u0131na ve \u00e7al\u0131\u015fan herkese te\u015fekk\u00fcr eden Tatar, projede \u00e7ok say\u0131da K\u0131br\u0131sl\u0131 T\u00fcrk firman\u0131n da yer ald\u0131\u011f\u0131n\u0131 vurgulad\u0131.<\/p>\n<p><em>-\u201cBiz bu kitab\u0131 yay\u0131nlad\u0131\u011f\u0131m\u0131zda bunlar bir hayaldi, ger\u00e7ek oldu\u201d<\/em><\/p>\n<p>Bu hikayeyi anlatan ve belgeleyen kitap i\u00e7in yazarlar, tarih\u00e7i Mustafa Ha\u015fim Altan ve Dan\u0131\u015fman\u0131 G\u00f6khan G\u00fcler\u2019e te\u015fekk\u00fcr eden Cumhurba\u015fkan\u0131 Tatar, kitab\u0131n, tarihi bir belge niteli\u011finde oldu\u011funu vurgulad\u0131.<\/p>\n<p>Da\u011f\u0131t\u0131m\u0131na ba\u015flanan kitab\u0131n yerle\u015fme a\u00e7\u0131l\u0131\u015f\u0131n\u0131n ard\u0131ndan g\u00fcncellenece\u011fini ve ikinci bask\u0131s\u0131n\u0131n yap\u0131laca\u011f\u0131n\u0131 s\u00f6yleyen Tatar, \u201c\u015eimdi biz bu kitab\u0131 yay\u0131nlad\u0131\u011f\u0131m\u0131zda bunlar bir hayaldi. Bu hayal ger\u00e7ek oldu. \u00d6nemli olan hayatta bir \u015feyi d\u00fc\u015f\u00fcneceksiniz, hayal edeceksiniz, projelendireceksiniz, sonra ger\u00e7ekle\u015ftireceksiniz.\u201d dedi.<\/p>\n<p>Kitab\u0131n, yerle\u015fkeyle ilgili ya\u015fananlar\u0131 ve verilen m\u00fccadeleyi y\u0131llar sonra da okuma f\u0131rsat\u0131 sunaca\u011f\u0131n\u0131 vurgulayan Tatar, mevcut Cumhurba\u015fkanl\u0131\u011f\u0131ndaki personelin baraka diye nitelendirilebilecek binalara \u00e7al\u0131\u015fmak zorunda oldu\u011funu da anlatt\u0131.<\/p>\n<p>Mustafa Ha\u015fim Altan da Cumhurba\u015fkanl\u0131\u011f\u0131\u2019n\u0131n tarihi s\u00fcreci ve kitap hakk\u0131nda bilgiler vererek, bu projenin K\u0131br\u0131s T\u00fcrk halk\u0131n\u0131n gurur kayna\u011f\u0131 olaca\u011f\u0131n\u0131 belirtti.<\/p>\n<\/p><\/div>\n<p><script async\n                    defer\n                    crossorigin=\"anonymous\"\n                    src=\"https:\/\/connect.facebook.net\/tr_TR\/sdk.js#xfbml=1&#038;version=v3.3\"\n            ><\/script><\/p>\n","protected":false},"excerpt":{"rendered":"<p>Cumhurba\u015fkan\u0131 Ersin Tatar, \u201cSilahtar\u2019dan Metehan\u2019a KKTC Cumhurba\u015fkanl\u0131\u011f\u0131 Yeni Yerle\u015fkesi\u201d kitab\u0131n\u0131n tan\u0131t\u0131m\u0131n\u0131, bug\u00fcn yeni makam odas\u0131nda yapt\u0131. \u201cK\u0131br\u0131s T\u00fcrk halk\u0131n\u0131n varolu\u015f ve \u00f6zg\u00fcrl\u00fck m\u00fccadelesinde Ba\u015fkanl\u0131k binalar\u0131ndan KKTC Cumhurba\u015fkanl\u0131\u011f\u0131 yeni yerle\u015fkesine giden tarihsel s\u00fcre\u00e7\u201d hakk\u0131ndaki kitap Cumhurba\u015fkan\u0131 Tatar\u2019\u0131n talimat\u0131 \u00fczerine\u00a0Mustafa Ha\u015fim Altan ve G\u00f6khan G\u00fcler taraf\u0131ndan kaleme al\u0131nd\u0131. Cumhurba\u015fkanl\u0131\u011f\u0131 yeni yerle\u015fkesinde Cumhurba\u015fkan\u0131 Ersin Tatar\u2019\u0131n makam odas\u0131nda ger\u00e7ekle\u015ftirilen [&hellip;]<\/p>\n","protected":false},"author":1,"featured_media":23844,"comment_status":"open","ping_status":"open","sticky":false,"template":"","format":"standard","meta":{"jnews-multi-image_gallery":[],"jnews_single_post":[],"jnews_primary_category":[],"jnews_social_meta":[],"jnews_override_counter":[],"footnotes":""},"categories":[6],"tags":[],"class_list":["post-23843","post","type-post","status-publish","format-standard","has-post-thumbnail","hentry","category-yasam"],"yoast_head":"<!-- This site is optimized with the Yoast SEO plugin v27.4 - https:\/\/yoast.com\/product\/yoast-seo-wordpress\/ -->\n<title>\u201cSilahtar\u2019dan Metehan\u2019a KKTC Cumhurba\u015fkanl\u0131\u011f\u0131 Yeni Yerle\u015fkesi\u201d kitab\u0131n\u0131n tan\u0131t\u0131m\u0131 yap\u0131ld\u0131 - Kuzeyin Sesi<\/title>\n<meta name=\"robots\" content=\"index, follow, max-snippet:-1, max-image-preview:large, max-video-preview:-1\" \/>\n<link rel=\"canonical\" href=\"https:\/\/kuzeyinsesi.org\/index.php\/2025\/04\/24\/silahtardan-metehana-kktc-cumhurbaskanligi-yeni-yerleskesi-kitabinin-tanitimi-yapildi\/\" \/>\n<meta property=\"og:locale\" content=\"tr_TR\" \/>\n<meta property=\"og:type\" content=\"article\" \/>\n<meta property=\"og:title\" content=\"\u201cSilahtar\u2019dan Metehan\u2019a KKTC Cumhurba\u015fkanl\u0131\u011f\u0131 Yeni Yerle\u015fkesi\u201d kitab\u0131n\u0131n tan\u0131t\u0131m\u0131 yap\u0131ld\u0131 - Kuzeyin Sesi\" \/>\n<meta property=\"og:description\" content=\"Cumhurba\u015fkan\u0131 Ersin Tatar, \u201cSilahtar\u2019dan Metehan\u2019a KKTC Cumhurba\u015fkanl\u0131\u011f\u0131 Yeni Yerle\u015fkesi\u201d kitab\u0131n\u0131n tan\u0131t\u0131m\u0131n\u0131, bug\u00fcn yeni makam odas\u0131nda yapt\u0131. \u201cK\u0131br\u0131s T\u00fcrk halk\u0131n\u0131n varolu\u015f ve \u00f6zg\u00fcrl\u00fck m\u00fccadelesinde Ba\u015fkanl\u0131k binalar\u0131ndan KKTC Cumhurba\u015fkanl\u0131\u011f\u0131 yeni yerle\u015fkesine giden tarihsel s\u00fcre\u00e7\u201d hakk\u0131ndaki kitap Cumhurba\u015fkan\u0131 Tatar\u2019\u0131n talimat\u0131 \u00fczerine\u00a0Mustafa Ha\u015fim Altan ve G\u00f6khan G\u00fcler taraf\u0131ndan kaleme al\u0131nd\u0131. Cumhurba\u015fkanl\u0131\u011f\u0131 yeni yerle\u015fkesinde Cumhurba\u015fkan\u0131 Ersin Tatar\u2019\u0131n makam odas\u0131nda ger\u00e7ekle\u015ftirilen [&hellip;]\" \/>\n<meta property=\"og:url\" content=\"https:\/\/kuzeyinsesi.org\/index.php\/2025\/04\/24\/silahtardan-metehana-kktc-cumhurbaskanligi-yeni-yerleskesi-kitabinin-tanitimi-yapildi\/\" \/>\n<meta property=\"og:site_name\" content=\"Kuzeyin Sesi\" \/>\n<meta property=\"article:publisher\" content=\"https:\/\/www.facebook.com\/kuzeyinsesii\" \/>\n<meta property=\"article:published_time\" content=\"2025-04-24T18:36:42+00:00\" \/>\n<meta property=\"og:image\" content=\"https:\/\/brtk.net\/wp-content\/uploads\/2025\/04\/24\/KKTC-Cumhurbaskanligi-kitabi-tanitildi-4-so.jpg?ver=89e7b6bb0a5a191f7b7bf34ed319c7ac\" \/>\n<meta name=\"author\" content=\"Kuzeyin Sesi\" \/>\n<meta name=\"twitter:card\" content=\"summary_large_image\" \/>\n<meta name=\"twitter:creator\" content=\"@kuzeyinsesii\" \/>\n<meta name=\"twitter:site\" content=\"@kuzeyinsesii\" \/>\n<meta name=\"twitter:label1\" content=\"Yazan:\" \/>\n\t<meta name=\"twitter:data1\" content=\"Kuzeyin Sesi\" \/>\n\t<meta name=\"twitter:label2\" content=\"Tahmini okuma s\u00fcresi\" \/>\n\t<meta name=\"twitter:data2\" content=\"3 dakika\" \/>\n<script type=\"application\/ld+json\" class=\"yoast-schema-graph\">{\"@context\":\"https:\\\/\\\/schema.org\",\"@graph\":[{\"@type\":\"Article\",\"@id\":\"https:\\\/\\\/kuzeyinsesi.org\\\/index.php\\\/2025\\\/04\\\/24\\\/silahtardan-metehana-kktc-cumhurbaskanligi-yeni-yerleskesi-kitabinin-tanitimi-yapildi\\\/#article\",\"isPartOf\":{\"@id\":\"https:\\\/\\\/kuzeyinsesi.org\\\/index.php\\\/2025\\\/04\\\/24\\\/silahtardan-metehana-kktc-cumhurbaskanligi-yeni-yerleskesi-kitabinin-tanitimi-yapildi\\\/\"},\"author\":{\"name\":\"Kuzeyin Sesi\",\"@id\":\"https:\\\/\\\/kuzeyinsesi.org\\\/#\\\/schema\\\/person\\\/9f859689cdf01485597712386e37f5aa\"},\"headline\":\"\u201cSilahtar\u2019dan Metehan\u2019a KKTC Cumhurba\u015fkanl\u0131\u011f\u0131 Yeni Yerle\u015fkesi\u201d kitab\u0131n\u0131n tan\u0131t\u0131m\u0131 yap\u0131ld\u0131\",\"datePublished\":\"2025-04-24T18:36:42+00:00\",\"mainEntityOfPage\":{\"@id\":\"https:\\\/\\\/kuzeyinsesi.org\\\/index.php\\\/2025\\\/04\\\/24\\\/silahtardan-metehana-kktc-cumhurbaskanligi-yeni-yerleskesi-kitabinin-tanitimi-yapildi\\\/\"},\"wordCount\":696,\"commentCount\":0,\"image\":{\"@id\":\"https:\\\/\\\/kuzeyinsesi.org\\\/index.php\\\/2025\\\/04\\\/24\\\/silahtardan-metehana-kktc-cumhurbaskanligi-yeni-yerleskesi-kitabinin-tanitimi-yapildi\\\/#primaryimage\"},\"thumbnailUrl\":\"https:\\\/\\\/kuzeyinsesi.org\\\/wp-content\\\/uploads\\\/2025\\\/04\\\/KKTC-Cumhurbaskanligi-kitabi-tanitildi-4-so.jpg\",\"articleSection\":[\"Ya\u015fam\"],\"inLanguage\":\"tr\",\"potentialAction\":[{\"@type\":\"CommentAction\",\"name\":\"Comment\",\"target\":[\"https:\\\/\\\/kuzeyinsesi.org\\\/index.php\\\/2025\\\/04\\\/24\\\/silahtardan-metehana-kktc-cumhurbaskanligi-yeni-yerleskesi-kitabinin-tanitimi-yapildi\\\/#respond\"]}]},{\"@type\":\"WebPage\",\"@id\":\"https:\\\/\\\/kuzeyinsesi.org\\\/index.php\\\/2025\\\/04\\\/24\\\/silahtardan-metehana-kktc-cumhurbaskanligi-yeni-yerleskesi-kitabinin-tanitimi-yapildi\\\/\",\"url\":\"https:\\\/\\\/kuzeyinsesi.org\\\/index.php\\\/2025\\\/04\\\/24\\\/silahtardan-metehana-kktc-cumhurbaskanligi-yeni-yerleskesi-kitabinin-tanitimi-yapildi\\\/\",\"name\":\"\u201cSilahtar\u2019dan Metehan\u2019a KKTC Cumhurba\u015fkanl\u0131\u011f\u0131 Yeni Yerle\u015fkesi\u201d kitab\u0131n\u0131n tan\u0131t\u0131m\u0131 yap\u0131ld\u0131 - Kuzeyin Sesi\",\"isPartOf\":{\"@id\":\"https:\\\/\\\/kuzeyinsesi.org\\\/#website\"},\"primaryImageOfPage\":{\"@id\":\"https:\\\/\\\/kuzeyinsesi.org\\\/index.php\\\/2025\\\/04\\\/24\\\/silahtardan-metehana-kktc-cumhurbaskanligi-yeni-yerleskesi-kitabinin-tanitimi-yapildi\\\/#primaryimage\"},\"image\":{\"@id\":\"https:\\\/\\\/kuzeyinsesi.org\\\/index.php\\\/2025\\\/04\\\/24\\\/silahtardan-metehana-kktc-cumhurbaskanligi-yeni-yerleskesi-kitabinin-tanitimi-yapildi\\\/#primaryimage\"},\"thumbnailUrl\":\"https:\\\/\\\/kuzeyinsesi.org\\\/wp-content\\\/uploads\\\/2025\\\/04\\\/KKTC-Cumhurbaskanligi-kitabi-tanitildi-4-so.jpg\",\"datePublished\":\"2025-04-24T18:36:42+00:00\",\"author\":{\"@id\":\"https:\\\/\\\/kuzeyinsesi.org\\\/#\\\/schema\\\/person\\\/9f859689cdf01485597712386e37f5aa\"},\"breadcrumb\":{\"@id\":\"https:\\\/\\\/kuzeyinsesi.org\\\/index.php\\\/2025\\\/04\\\/24\\\/silahtardan-metehana-kktc-cumhurbaskanligi-yeni-yerleskesi-kitabinin-tanitimi-yapildi\\\/#breadcrumb\"},\"inLanguage\":\"tr\",\"potentialAction\":[{\"@type\":\"ReadAction\",\"target\":[\"https:\\\/\\\/kuzeyinsesi.org\\\/index.php\\\/2025\\\/04\\\/24\\\/silahtardan-metehana-kktc-cumhurbaskanligi-yeni-yerleskesi-kitabinin-tanitimi-yapildi\\\/\"]}]},{\"@type\":\"ImageObject\",\"inLanguage\":\"tr\",\"@id\":\"https:\\\/\\\/kuzeyinsesi.org\\\/index.php\\\/2025\\\/04\\\/24\\\/silahtardan-metehana-kktc-cumhurbaskanligi-yeni-yerleskesi-kitabinin-tanitimi-yapildi\\\/#primaryimage\",\"url\":\"https:\\\/\\\/kuzeyinsesi.org\\\/wp-content\\\/uploads\\\/2025\\\/04\\\/KKTC-Cumhurbaskanligi-kitabi-tanitildi-4-so.jpg\",\"contentUrl\":\"https:\\\/\\\/kuzeyinsesi.org\\\/wp-content\\\/uploads\\\/2025\\\/04\\\/KKTC-Cumhurbaskanligi-kitabi-tanitildi-4-so.jpg\",\"width\":927,\"height\":580},{\"@type\":\"BreadcrumbList\",\"@id\":\"https:\\\/\\\/kuzeyinsesi.org\\\/index.php\\\/2025\\\/04\\\/24\\\/silahtardan-metehana-kktc-cumhurbaskanligi-yeni-yerleskesi-kitabinin-tanitimi-yapildi\\\/#breadcrumb\",\"itemListElement\":[{\"@type\":\"ListItem\",\"position\":1,\"name\":\"Anasayfa\",\"item\":\"https:\\\/\\\/kuzeyinsesi.org\\\/\"},{\"@type\":\"ListItem\",\"position\":2,\"name\":\"\u201cSilahtar\u2019dan Metehan\u2019a KKTC Cumhurba\u015fkanl\u0131\u011f\u0131 Yeni Yerle\u015fkesi\u201d kitab\u0131n\u0131n tan\u0131t\u0131m\u0131 yap\u0131ld\u0131\"}]},{\"@type\":\"WebSite\",\"@id\":\"https:\\\/\\\/kuzeyinsesi.org\\\/#website\",\"url\":\"https:\\\/\\\/kuzeyinsesi.org\\\/\",\"name\":\"Kuzeyin Sesi\",\"description\":\"Do\u011fru Haberin Adresi\",\"potentialAction\":[{\"@type\":\"SearchAction\",\"target\":{\"@type\":\"EntryPoint\",\"urlTemplate\":\"https:\\\/\\\/kuzeyinsesi.org\\\/?s={search_term_string}\"},\"query-input\":{\"@type\":\"PropertyValueSpecification\",\"valueRequired\":true,\"valueName\":\"search_term_string\"}}],\"inLanguage\":\"tr\"},{\"@type\":\"Person\",\"@id\":\"https:\\\/\\\/kuzeyinsesi.org\\\/#\\\/schema\\\/person\\\/9f859689cdf01485597712386e37f5aa\",\"name\":\"Kuzeyin Sesi\",\"image\":{\"@type\":\"ImageObject\",\"inLanguage\":\"tr\",\"@id\":\"https:\\\/\\\/secure.gravatar.com\\\/avatar\\\/bab33852abfd8b282518d6ed81826833d77c3c882d9ab608add591ccace47a44?s=96&d=mm&r=g\",\"url\":\"https:\\\/\\\/secure.gravatar.com\\\/avatar\\\/bab33852abfd8b282518d6ed81826833d77c3c882d9ab608add591ccace47a44?s=96&d=mm&r=g\",\"contentUrl\":\"https:\\\/\\\/secure.gravatar.com\\\/avatar\\\/bab33852abfd8b282518d6ed81826833d77c3c882d9ab608add591ccace47a44?s=96&d=mm&r=g\",\"caption\":\"Kuzeyin Sesi\"},\"sameAs\":[\"https:\\\/\\\/kuzeyinsesi.org\"],\"url\":\"https:\\\/\\\/kuzeyinsesi.org\\\/index.php\\\/author\\\/guven\\\/\"}]}<\/script>\n<!-- \/ Yoast SEO plugin. -->","yoast_head_json":{"title":"\u201cSilahtar\u2019dan Metehan\u2019a KKTC Cumhurba\u015fkanl\u0131\u011f\u0131 Yeni Yerle\u015fkesi\u201d kitab\u0131n\u0131n tan\u0131t\u0131m\u0131 yap\u0131ld\u0131 - Kuzeyin Sesi","robots":{"index":"index","follow":"follow","max-snippet":"max-snippet:-1","max-image-preview":"max-image-preview:large","max-video-preview":"max-video-preview:-1"},"canonical":"https:\/\/kuzeyinsesi.org\/index.php\/2025\/04\/24\/silahtardan-metehana-kktc-cumhurbaskanligi-yeni-yerleskesi-kitabinin-tanitimi-yapildi\/","og_locale":"tr_TR","og_type":"article","og_title":"\u201cSilahtar\u2019dan Metehan\u2019a KKTC Cumhurba\u015fkanl\u0131\u011f\u0131 Yeni Yerle\u015fkesi\u201d kitab\u0131n\u0131n tan\u0131t\u0131m\u0131 yap\u0131ld\u0131 - Kuzeyin Sesi","og_description":"Cumhurba\u015fkan\u0131 Ersin Tatar, \u201cSilahtar\u2019dan Metehan\u2019a KKTC Cumhurba\u015fkanl\u0131\u011f\u0131 Yeni Yerle\u015fkesi\u201d kitab\u0131n\u0131n tan\u0131t\u0131m\u0131n\u0131, bug\u00fcn yeni makam odas\u0131nda yapt\u0131. \u201cK\u0131br\u0131s T\u00fcrk halk\u0131n\u0131n varolu\u015f ve \u00f6zg\u00fcrl\u00fck m\u00fccadelesinde Ba\u015fkanl\u0131k binalar\u0131ndan KKTC Cumhurba\u015fkanl\u0131\u011f\u0131 yeni yerle\u015fkesine giden tarihsel s\u00fcre\u00e7\u201d hakk\u0131ndaki kitap Cumhurba\u015fkan\u0131 Tatar\u2019\u0131n talimat\u0131 \u00fczerine\u00a0Mustafa Ha\u015fim Altan ve G\u00f6khan G\u00fcler taraf\u0131ndan kaleme al\u0131nd\u0131. Cumhurba\u015fkanl\u0131\u011f\u0131 yeni yerle\u015fkesinde Cumhurba\u015fkan\u0131 Ersin Tatar\u2019\u0131n makam odas\u0131nda ger\u00e7ekle\u015ftirilen [&hellip;]","og_url":"https:\/\/kuzeyinsesi.org\/index.php\/2025\/04\/24\/silahtardan-metehana-kktc-cumhurbaskanligi-yeni-yerleskesi-kitabinin-tanitimi-yapildi\/","og_site_name":"Kuzeyin Sesi","article_publisher":"https:\/\/www.facebook.com\/kuzeyinsesii","article_published_time":"2025-04-24T18:36:42+00:00","og_image":[{"url":"https:\/\/brtk.net\/wp-content\/uploads\/2025\/04\/24\/KKTC-Cumhurbaskanligi-kitabi-tanitildi-4-so.jpg?ver=89e7b6bb0a5a191f7b7bf34ed319c7ac","type":"","width":"","height":""}],"author":"Kuzeyin Sesi","twitter_card":"summary_large_image","twitter_creator":"@kuzeyinsesii","twitter_site":"@kuzeyinsesii","twitter_misc":{"Yazan:":"Kuzeyin Sesi","Tahmini okuma s\u00fcresi":"3 dakika"},"schema":{"@context":"https:\/\/schema.org","@graph":[{"@type":"Article","@id":"https:\/\/kuzeyinsesi.org\/index.php\/2025\/04\/24\/silahtardan-metehana-kktc-cumhurbaskanligi-yeni-yerleskesi-kitabinin-tanitimi-yapildi\/#article","isPartOf":{"@id":"https:\/\/kuzeyinsesi.org\/index.php\/2025\/04\/24\/silahtardan-metehana-kktc-cumhurbaskanligi-yeni-yerleskesi-kitabinin-tanitimi-yapildi\/"},"author":{"name":"Kuzeyin Sesi","@id":"https:\/\/kuzeyinsesi.org\/#\/schema\/person\/9f859689cdf01485597712386e37f5aa"},"headline":"\u201cSilahtar\u2019dan Metehan\u2019a KKTC Cumhurba\u015fkanl\u0131\u011f\u0131 Yeni Yerle\u015fkesi\u201d kitab\u0131n\u0131n tan\u0131t\u0131m\u0131 yap\u0131ld\u0131","datePublished":"2025-04-24T18:36:42+00:00","mainEntityOfPage":{"@id":"https:\/\/kuzeyinsesi.org\/index.php\/2025\/04\/24\/silahtardan-metehana-kktc-cumhurbaskanligi-yeni-yerleskesi-kitabinin-tanitimi-yapildi\/"},"wordCount":696,"commentCount":0,"image":{"@id":"https:\/\/kuzeyinsesi.org\/index.php\/2025\/04\/24\/silahtardan-metehana-kktc-cumhurbaskanligi-yeni-yerleskesi-kitabinin-tanitimi-yapildi\/#primaryimage"},"thumbnailUrl":"https:\/\/kuzeyinsesi.org\/wp-content\/uploads\/2025\/04\/KKTC-Cumhurbaskanligi-kitabi-tanitildi-4-so.jpg","articleSection":["Ya\u015fam"],"inLanguage":"tr","potentialAction":[{"@type":"CommentAction","name":"Comment","target":["https:\/\/kuzeyinsesi.org\/index.php\/2025\/04\/24\/silahtardan-metehana-kktc-cumhurbaskanligi-yeni-yerleskesi-kitabinin-tanitimi-yapildi\/#respond"]}]},{"@type":"WebPage","@id":"https:\/\/kuzeyinsesi.org\/index.php\/2025\/04\/24\/silahtardan-metehana-kktc-cumhurbaskanligi-yeni-yerleskesi-kitabinin-tanitimi-yapildi\/","url":"https:\/\/kuzeyinsesi.org\/index.php\/2025\/04\/24\/silahtardan-metehana-kktc-cumhurbaskanligi-yeni-yerleskesi-kitabinin-tanitimi-yapildi\/","name":"\u201cSilahtar\u2019dan Metehan\u2019a KKTC Cumhurba\u015fkanl\u0131\u011f\u0131 Yeni Yerle\u015fkesi\u201d kitab\u0131n\u0131n tan\u0131t\u0131m\u0131 yap\u0131ld\u0131 - Kuzeyin Sesi","isPartOf":{"@id":"https:\/\/kuzeyinsesi.org\/#website"},"primaryImageOfPage":{"@id":"https:\/\/kuzeyinsesi.org\/index.php\/2025\/04\/24\/silahtardan-metehana-kktc-cumhurbaskanligi-yeni-yerleskesi-kitabinin-tanitimi-yapildi\/#primaryimage"},"image":{"@id":"https:\/\/kuzeyinsesi.org\/index.php\/2025\/04\/24\/silahtardan-metehana-kktc-cumhurbaskanligi-yeni-yerleskesi-kitabinin-tanitimi-yapildi\/#primaryimage"},"thumbnailUrl":"https:\/\/kuzeyinsesi.org\/wp-content\/uploads\/2025\/04\/KKTC-Cumhurbaskanligi-kitabi-tanitildi-4-so.jpg","datePublished":"2025-04-24T18:36:42+00:00","author":{"@id":"https:\/\/kuzeyinsesi.org\/#\/schema\/person\/9f859689cdf01485597712386e37f5aa"},"breadcrumb":{"@id":"https:\/\/kuzeyinsesi.org\/index.php\/2025\/04\/24\/silahtardan-metehana-kktc-cumhurbaskanligi-yeni-yerleskesi-kitabinin-tanitimi-yapildi\/#breadcrumb"},"inLanguage":"tr","potentialAction":[{"@type":"ReadAction","target":["https:\/\/kuzeyinsesi.org\/index.php\/2025\/04\/24\/silahtardan-metehana-kktc-cumhurbaskanligi-yeni-yerleskesi-kitabinin-tanitimi-yapildi\/"]}]},{"@type":"ImageObject","inLanguage":"tr","@id":"https:\/\/kuzeyinsesi.org\/index.php\/2025\/04\/24\/silahtardan-metehana-kktc-cumhurbaskanligi-yeni-yerleskesi-kitabinin-tanitimi-yapildi\/#primaryimage","url":"https:\/\/kuzeyinsesi.org\/wp-content\/uploads\/2025\/04\/KKTC-Cumhurbaskanligi-kitabi-tanitildi-4-so.jpg","contentUrl":"https:\/\/kuzeyinsesi.org\/wp-content\/uploads\/2025\/04\/KKTC-Cumhurbaskanligi-kitabi-tanitildi-4-so.jpg","width":927,"height":580},{"@type":"BreadcrumbList","@id":"https:\/\/kuzeyinsesi.org\/index.php\/2025\/04\/24\/silahtardan-metehana-kktc-cumhurbaskanligi-yeni-yerleskesi-kitabinin-tanitimi-yapildi\/#breadcrumb","itemListElement":[{"@type":"ListItem","position":1,"name":"Anasayfa","item":"https:\/\/kuzeyinsesi.org\/"},{"@type":"ListItem","position":2,"name":"\u201cSilahtar\u2019dan Metehan\u2019a KKTC Cumhurba\u015fkanl\u0131\u011f\u0131 Yeni Yerle\u015fkesi\u201d kitab\u0131n\u0131n tan\u0131t\u0131m\u0131 yap\u0131ld\u0131"}]},{"@type":"WebSite","@id":"https:\/\/kuzeyinsesi.org\/#website","url":"https:\/\/kuzeyinsesi.org\/","name":"Kuzeyin Sesi","description":"Do\u011fru Haberin Adresi","potentialAction":[{"@type":"SearchAction","target":{"@type":"EntryPoint","urlTemplate":"https:\/\/kuzeyinsesi.org\/?s={search_term_string}"},"query-input":{"@type":"PropertyValueSpecification","valueRequired":true,"valueName":"search_term_string"}}],"inLanguage":"tr"},{"@type":"Person","@id":"https:\/\/kuzeyinsesi.org\/#\/schema\/person\/9f859689cdf01485597712386e37f5aa","name":"Kuzeyin Sesi","image":{"@type":"ImageObject","inLanguage":"tr","@id":"https:\/\/secure.gravatar.com\/avatar\/bab33852abfd8b282518d6ed81826833d77c3c882d9ab608add591ccace47a44?s=96&d=mm&r=g","url":"https:\/\/secure.gravatar.com\/avatar\/bab33852abfd8b282518d6ed81826833d77c3c882d9ab608add591ccace47a44?s=96&d=mm&r=g","contentUrl":"https:\/\/secure.gravatar.com\/avatar\/bab33852abfd8b282518d6ed81826833d77c3c882d9ab608add591ccace47a44?s=96&d=mm&r=g","caption":"Kuzeyin Sesi"},"sameAs":["https:\/\/kuzeyinsesi.org"],"url":"https:\/\/kuzeyinsesi.org\/index.php\/author\/guven\/"}]}},"_links":{"self":[{"href":"https:\/\/kuzeyinsesi.org\/index.php\/wp-json\/wp\/v2\/posts\/23843","targetHints":{"allow":["GET"]}}],"collection":[{"href":"https:\/\/kuzeyinsesi.org\/index.php\/wp-json\/wp\/v2\/posts"}],"about":[{"href":"https:\/\/kuzeyinsesi.org\/index.php\/wp-json\/wp\/v2\/types\/post"}],"author":[{"embeddable":true,"href":"https:\/\/kuzeyinsesi.org\/index.php\/wp-json\/wp\/v2\/users\/1"}],"replies":[{"embeddable":true,"href":"https:\/\/kuzeyinsesi.org\/index.php\/wp-json\/wp\/v2\/comments?post=23843"}],"version-history":[{"count":0,"href":"https:\/\/kuzeyinsesi.org\/index.php\/wp-json\/wp\/v2\/posts\/23843\/revisions"}],"wp:featuredmedia":[{"embeddable":true,"href":"https:\/\/kuzeyinsesi.org\/index.php\/wp-json\/wp\/v2\/media\/23844"}],"wp:attachment":[{"href":"https:\/\/kuzeyinsesi.org\/index.php\/wp-json\/wp\/v2\/media?parent=23843"}],"wp:term":[{"taxonomy":"category","embeddable":true,"href":"https:\/\/kuzeyinsesi.org\/index.php\/wp-json\/wp\/v2\/categories?post=23843"},{"taxonomy":"post_tag","embeddable":true,"href":"https:\/\/kuzeyinsesi.org\/index.php\/wp-json\/wp\/v2\/tags?post=23843"}],"curies":[{"name":"wp","href":"https:\/\/api.w.org\/{rel}","templated":true}]}}