{"id":23841,"date":"2025-04-24T20:36:07","date_gmt":"2025-04-24T17:36:07","guid":{"rendered":"https:\/\/kuzeyinsesi.org\/index.php\/2025\/04\/24\/mersin-baskonsoloslugu-fotograf-sergisi-duzenledi\/"},"modified":"2025-04-24T20:36:07","modified_gmt":"2025-04-24T17:36:07","slug":"mersin-baskonsoloslugu-fotograf-sergisi-duzenledi","status":"publish","type":"post","link":"https:\/\/kuzeyinsesi.org\/index.php\/2025\/04\/24\/mersin-baskonsoloslugu-fotograf-sergisi-duzenledi\/","title":{"rendered":"Mersin Ba\u015fkonsoloslu\u011fu foto\u011fraf sergisi d\u00fczenledi"},"content":{"rendered":"<div>\n<div class=\"mariselle-image-container none\">\n                                            <\/div>\n<p style=\"font-weight: 300;\"><span style=\"font-weight: 300 !important;\">Mersin Ba\u015fkonsoloslu\u011fu foto\u011fraf sergisi d\u00fczenledi.\u00a0<\/span><span style=\"font-weight: 300 !important;\">Mersin Ba\u015fkonsoloslu\u011fu\u2019nun Gazima\u011fusa Belediyesi ve Gazima\u011fusa Foto\u011fraf B\u00fcy\u00fcs\u00fc Dostlar\u0131 Derne\u011fi i\u015f birli\u011finde d\u00fczenledi\u011fi sergide Gazima\u011fusa\u2019n\u0131n tarihi ve k\u00fclt\u00fcrel ya\u015fam\u0131n\u0131 yans\u0131tan foto\u011fraflar yer ald\u0131.\u00a0<\/span><\/p>\n<p style=\"font-weight: 300;\"><span style=\"font-weight: 300 !important;\">Mersin Ba\u015fkonsoloslu\u011fu\u2019ndan yap\u0131lan a\u00e7\u0131klamaya g\u00f6re,\u00a0<\/span><span style=\"font-weight: 300 !important;\">Foto\u011fraf B\u00fcy\u00fcs\u00fc Dostlar\u0131 Derne\u011fi \u00fcyelerinin eserlerinden se\u00e7ilen 35 foto\u011fraf, \u00f6zel bir bask\u0131 tekni\u011fiyle haz\u0131rlanarak Toros \u00dcniversitesi\u2019nin ev sahipli\u011finde G\u00fczel Sanatlar, Tasar\u0131m ve Mimarl\u0131k Fak\u00fcltesi\u2019ne ba\u011fl\u0131 G\u00fcl\u00fcm \u00d6zveren Sanat Galerisi\u2019nde Mersinli sanatseverlerin be\u011fenisine sunuldu.<\/span><\/p>\n<p style=\"font-weight: 300;\"><span style=\"font-weight: 300 !important;\">Gazima\u011fusa Belediyesi Halk Danslar\u0131 Toplulu\u011fu\u2019nun folklor g\u00f6sterisiyle ba\u015flayan a\u00e7\u0131l\u0131\u015f program\u0131nda Mersin Konsolosu \u00d6zg\u00fcr Ezel de konu\u015fma yapt\u0131. Ezel, Mersin\u2019in Kuzey K\u0131br\u0131s ile tarihi, k\u00fclt\u00fcrel ve ticari ba\u011flar\u0131n\u0131n k\u00f6kl\u00fc bir ge\u00e7mi\u015fe dayand\u0131\u011f\u0131n\u0131 belirtti. Ezel, Kuzey K\u0131br\u0131s T\u00fcrk Cumhuriyeti\u2019nin kar\u015f\u0131 kar\u015f\u0131ya bulundu\u011fu haks\u0131z ve adil olmayan izolasyonlar nedeniyle d\u00fcnyaya a\u00e7\u0131lmas\u0131nda Mersin\u2019in \u00e7ok \u00f6nemli bir rol \u00fcstlendi\u011fini s\u00f6yledi.<\/span><\/p>\n<p style=\"font-weight: 300;\"><span style=\"font-weight: 300 !important;\">Sergi, 16 May\u0131s tarihine kadar ziyaret\u00e7ilere a\u00e7\u0131k olacak.\u00a0\u00a0<\/span><\/p>\n<p>\u00a0<\/p>\n<p>\u00a0<\/p>\n<\/p><\/div>\n<p><script async\n                    defer\n                    crossorigin=\"anonymous\"\n                    src=\"https:\/\/connect.facebook.net\/tr_TR\/sdk.js#xfbml=1&#038;version=v3.3\"\n            ><\/script><\/p>\n","protected":false},"excerpt":{"rendered":"<p>Mersin Ba\u015fkonsoloslu\u011fu foto\u011fraf sergisi d\u00fczenledi.\u00a0Mersin Ba\u015fkonsoloslu\u011fu\u2019nun Gazima\u011fusa Belediyesi ve Gazima\u011fusa Foto\u011fraf B\u00fcy\u00fcs\u00fc Dostlar\u0131 Derne\u011fi i\u015f birli\u011finde d\u00fczenledi\u011fi sergide Gazima\u011fusa\u2019n\u0131n tarihi ve k\u00fclt\u00fcrel ya\u015fam\u0131n\u0131 yans\u0131tan foto\u011fraflar yer ald\u0131.\u00a0 Mersin Ba\u015fkonsoloslu\u011fu\u2019ndan yap\u0131lan a\u00e7\u0131klamaya g\u00f6re,\u00a0Foto\u011fraf B\u00fcy\u00fcs\u00fc Dostlar\u0131 Derne\u011fi \u00fcyelerinin eserlerinden se\u00e7ilen 35 foto\u011fraf, \u00f6zel bir bask\u0131 tekni\u011fiyle haz\u0131rlanarak Toros \u00dcniversitesi\u2019nin ev sahipli\u011finde G\u00fczel Sanatlar, Tasar\u0131m ve Mimarl\u0131k Fak\u00fcltesi\u2019ne [&hellip;]<\/p>\n","protected":false},"author":1,"featured_media":23842,"comment_status":"open","ping_status":"open","sticky":false,"template":"","format":"standard","meta":{"jnews-multi-image_gallery":[],"jnews_single_post":[],"jnews_primary_category":[],"jnews_social_meta":[],"jnews_override_counter":[],"footnotes":""},"categories":[6],"tags":[],"class_list":["post-23841","post","type-post","status-publish","format-standard","has-post-thumbnail","hentry","category-yasam"],"yoast_head":"<!-- This site is optimized with the Yoast SEO plugin v27.4 - https:\/\/yoast.com\/product\/yoast-seo-wordpress\/ -->\n<title>Mersin Ba\u015fkonsoloslu\u011fu foto\u011fraf sergisi d\u00fczenledi - Kuzeyin Sesi<\/title>\n<meta name=\"robots\" content=\"index, follow, max-snippet:-1, max-image-preview:large, max-video-preview:-1\" \/>\n<link rel=\"canonical\" href=\"https:\/\/kuzeyinsesi.org\/index.php\/2025\/04\/24\/mersin-baskonsoloslugu-fotograf-sergisi-duzenledi\/\" \/>\n<meta property=\"og:locale\" content=\"tr_TR\" \/>\n<meta property=\"og:type\" content=\"article\" \/>\n<meta property=\"og:title\" content=\"Mersin Ba\u015fkonsoloslu\u011fu foto\u011fraf sergisi d\u00fczenledi - Kuzeyin Sesi\" \/>\n<meta property=\"og:description\" content=\"Mersin Ba\u015fkonsoloslu\u011fu foto\u011fraf sergisi d\u00fczenledi.\u00a0Mersin Ba\u015fkonsoloslu\u011fu\u2019nun Gazima\u011fusa Belediyesi ve Gazima\u011fusa Foto\u011fraf B\u00fcy\u00fcs\u00fc Dostlar\u0131 Derne\u011fi i\u015f birli\u011finde d\u00fczenledi\u011fi sergide Gazima\u011fusa\u2019n\u0131n tarihi ve k\u00fclt\u00fcrel ya\u015fam\u0131n\u0131 yans\u0131tan foto\u011fraflar yer ald\u0131.\u00a0 Mersin Ba\u015fkonsoloslu\u011fu\u2019ndan yap\u0131lan a\u00e7\u0131klamaya g\u00f6re,\u00a0Foto\u011fraf B\u00fcy\u00fcs\u00fc Dostlar\u0131 Derne\u011fi \u00fcyelerinin eserlerinden se\u00e7ilen 35 foto\u011fraf, \u00f6zel bir bask\u0131 tekni\u011fiyle haz\u0131rlanarak Toros \u00dcniversitesi\u2019nin ev sahipli\u011finde G\u00fczel Sanatlar, Tasar\u0131m ve Mimarl\u0131k Fak\u00fcltesi\u2019ne [&hellip;]\" \/>\n<meta property=\"og:url\" content=\"https:\/\/kuzeyinsesi.org\/index.php\/2025\/04\/24\/mersin-baskonsoloslugu-fotograf-sergisi-duzenledi\/\" \/>\n<meta property=\"og:site_name\" content=\"Kuzeyin Sesi\" \/>\n<meta property=\"article:publisher\" content=\"https:\/\/www.facebook.com\/kuzeyinsesii\" \/>\n<meta property=\"article:published_time\" content=\"2025-04-24T17:36:07+00:00\" \/>\n<meta property=\"og:image\" content=\"https:\/\/brtk.net\/wp-content\/uploads\/2025\/04\/24\/MERSIN-BASKONSOLOSLUGU-SERGI-1.jpg?ver=4d8d1717e4d694811d52456e9a2cbbd4\" \/>\n<meta name=\"author\" content=\"Kuzeyin Sesi\" \/>\n<meta name=\"twitter:card\" content=\"summary_large_image\" \/>\n<meta name=\"twitter:creator\" content=\"@kuzeyinsesii\" \/>\n<meta name=\"twitter:site\" content=\"@kuzeyinsesii\" \/>\n<meta name=\"twitter:label1\" content=\"Yazan:\" \/>\n\t<meta name=\"twitter:data1\" content=\"Kuzeyin Sesi\" \/>\n\t<meta name=\"twitter:label2\" content=\"Tahmini okuma s\u00fcresi\" \/>\n\t<meta name=\"twitter:data2\" content=\"1 dakika\" \/>\n<script type=\"application\/ld+json\" class=\"yoast-schema-graph\">{\"@context\":\"https:\\\/\\\/schema.org\",\"@graph\":[{\"@type\":\"Article\",\"@id\":\"https:\\\/\\\/kuzeyinsesi.org\\\/index.php\\\/2025\\\/04\\\/24\\\/mersin-baskonsoloslugu-fotograf-sergisi-duzenledi\\\/#article\",\"isPartOf\":{\"@id\":\"https:\\\/\\\/kuzeyinsesi.org\\\/index.php\\\/2025\\\/04\\\/24\\\/mersin-baskonsoloslugu-fotograf-sergisi-duzenledi\\\/\"},\"author\":{\"name\":\"Kuzeyin Sesi\",\"@id\":\"https:\\\/\\\/kuzeyinsesi.org\\\/#\\\/schema\\\/person\\\/9f859689cdf01485597712386e37f5aa\"},\"headline\":\"Mersin Ba\u015fkonsoloslu\u011fu foto\u011fraf sergisi d\u00fczenledi\",\"datePublished\":\"2025-04-24T17:36:07+00:00\",\"mainEntityOfPage\":{\"@id\":\"https:\\\/\\\/kuzeyinsesi.org\\\/index.php\\\/2025\\\/04\\\/24\\\/mersin-baskonsoloslugu-fotograf-sergisi-duzenledi\\\/\"},\"wordCount\":224,\"commentCount\":0,\"image\":{\"@id\":\"https:\\\/\\\/kuzeyinsesi.org\\\/index.php\\\/2025\\\/04\\\/24\\\/mersin-baskonsoloslugu-fotograf-sergisi-duzenledi\\\/#primaryimage\"},\"thumbnailUrl\":\"https:\\\/\\\/kuzeyinsesi.org\\\/wp-content\\\/uploads\\\/2025\\\/04\\\/MERSIN-BASKONSOLOSLUGU-SERGI-1.jpg\",\"articleSection\":[\"Ya\u015fam\"],\"inLanguage\":\"tr\",\"potentialAction\":[{\"@type\":\"CommentAction\",\"name\":\"Comment\",\"target\":[\"https:\\\/\\\/kuzeyinsesi.org\\\/index.php\\\/2025\\\/04\\\/24\\\/mersin-baskonsoloslugu-fotograf-sergisi-duzenledi\\\/#respond\"]}]},{\"@type\":\"WebPage\",\"@id\":\"https:\\\/\\\/kuzeyinsesi.org\\\/index.php\\\/2025\\\/04\\\/24\\\/mersin-baskonsoloslugu-fotograf-sergisi-duzenledi\\\/\",\"url\":\"https:\\\/\\\/kuzeyinsesi.org\\\/index.php\\\/2025\\\/04\\\/24\\\/mersin-baskonsoloslugu-fotograf-sergisi-duzenledi\\\/\",\"name\":\"Mersin Ba\u015fkonsoloslu\u011fu foto\u011fraf sergisi d\u00fczenledi - Kuzeyin Sesi\",\"isPartOf\":{\"@id\":\"https:\\\/\\\/kuzeyinsesi.org\\\/#website\"},\"primaryImageOfPage\":{\"@id\":\"https:\\\/\\\/kuzeyinsesi.org\\\/index.php\\\/2025\\\/04\\\/24\\\/mersin-baskonsoloslugu-fotograf-sergisi-duzenledi\\\/#primaryimage\"},\"image\":{\"@id\":\"https:\\\/\\\/kuzeyinsesi.org\\\/index.php\\\/2025\\\/04\\\/24\\\/mersin-baskonsoloslugu-fotograf-sergisi-duzenledi\\\/#primaryimage\"},\"thumbnailUrl\":\"https:\\\/\\\/kuzeyinsesi.org\\\/wp-content\\\/uploads\\\/2025\\\/04\\\/MERSIN-BASKONSOLOSLUGU-SERGI-1.jpg\",\"datePublished\":\"2025-04-24T17:36:07+00:00\",\"author\":{\"@id\":\"https:\\\/\\\/kuzeyinsesi.org\\\/#\\\/schema\\\/person\\\/9f859689cdf01485597712386e37f5aa\"},\"breadcrumb\":{\"@id\":\"https:\\\/\\\/kuzeyinsesi.org\\\/index.php\\\/2025\\\/04\\\/24\\\/mersin-baskonsoloslugu-fotograf-sergisi-duzenledi\\\/#breadcrumb\"},\"inLanguage\":\"tr\",\"potentialAction\":[{\"@type\":\"ReadAction\",\"target\":[\"https:\\\/\\\/kuzeyinsesi.org\\\/index.php\\\/2025\\\/04\\\/24\\\/mersin-baskonsoloslugu-fotograf-sergisi-duzenledi\\\/\"]}]},{\"@type\":\"ImageObject\",\"inLanguage\":\"tr\",\"@id\":\"https:\\\/\\\/kuzeyinsesi.org\\\/index.php\\\/2025\\\/04\\\/24\\\/mersin-baskonsoloslugu-fotograf-sergisi-duzenledi\\\/#primaryimage\",\"url\":\"https:\\\/\\\/kuzeyinsesi.org\\\/wp-content\\\/uploads\\\/2025\\\/04\\\/MERSIN-BASKONSOLOSLUGU-SERGI-1.jpg\",\"contentUrl\":\"https:\\\/\\\/kuzeyinsesi.org\\\/wp-content\\\/uploads\\\/2025\\\/04\\\/MERSIN-BASKONSOLOSLUGU-SERGI-1.jpg\",\"width\":930,\"height\":410},{\"@type\":\"BreadcrumbList\",\"@id\":\"https:\\\/\\\/kuzeyinsesi.org\\\/index.php\\\/2025\\\/04\\\/24\\\/mersin-baskonsoloslugu-fotograf-sergisi-duzenledi\\\/#breadcrumb\",\"itemListElement\":[{\"@type\":\"ListItem\",\"position\":1,\"name\":\"Anasayfa\",\"item\":\"https:\\\/\\\/kuzeyinsesi.org\\\/\"},{\"@type\":\"ListItem\",\"position\":2,\"name\":\"Mersin Ba\u015fkonsoloslu\u011fu foto\u011fraf sergisi d\u00fczenledi\"}]},{\"@type\":\"WebSite\",\"@id\":\"https:\\\/\\\/kuzeyinsesi.org\\\/#website\",\"url\":\"https:\\\/\\\/kuzeyinsesi.org\\\/\",\"name\":\"Kuzeyin Sesi\",\"description\":\"Do\u011fru Haberin Adresi\",\"potentialAction\":[{\"@type\":\"SearchAction\",\"target\":{\"@type\":\"EntryPoint\",\"urlTemplate\":\"https:\\\/\\\/kuzeyinsesi.org\\\/?s={search_term_string}\"},\"query-input\":{\"@type\":\"PropertyValueSpecification\",\"valueRequired\":true,\"valueName\":\"search_term_string\"}}],\"inLanguage\":\"tr\"},{\"@type\":\"Person\",\"@id\":\"https:\\\/\\\/kuzeyinsesi.org\\\/#\\\/schema\\\/person\\\/9f859689cdf01485597712386e37f5aa\",\"name\":\"Kuzeyin Sesi\",\"image\":{\"@type\":\"ImageObject\",\"inLanguage\":\"tr\",\"@id\":\"https:\\\/\\\/secure.gravatar.com\\\/avatar\\\/bab33852abfd8b282518d6ed81826833d77c3c882d9ab608add591ccace47a44?s=96&d=mm&r=g\",\"url\":\"https:\\\/\\\/secure.gravatar.com\\\/avatar\\\/bab33852abfd8b282518d6ed81826833d77c3c882d9ab608add591ccace47a44?s=96&d=mm&r=g\",\"contentUrl\":\"https:\\\/\\\/secure.gravatar.com\\\/avatar\\\/bab33852abfd8b282518d6ed81826833d77c3c882d9ab608add591ccace47a44?s=96&d=mm&r=g\",\"caption\":\"Kuzeyin Sesi\"},\"sameAs\":[\"https:\\\/\\\/kuzeyinsesi.org\"],\"url\":\"https:\\\/\\\/kuzeyinsesi.org\\\/index.php\\\/author\\\/guven\\\/\"}]}<\/script>\n<!-- \/ Yoast SEO plugin. -->","yoast_head_json":{"title":"Mersin Ba\u015fkonsoloslu\u011fu foto\u011fraf sergisi d\u00fczenledi - Kuzeyin Sesi","robots":{"index":"index","follow":"follow","max-snippet":"max-snippet:-1","max-image-preview":"max-image-preview:large","max-video-preview":"max-video-preview:-1"},"canonical":"https:\/\/kuzeyinsesi.org\/index.php\/2025\/04\/24\/mersin-baskonsoloslugu-fotograf-sergisi-duzenledi\/","og_locale":"tr_TR","og_type":"article","og_title":"Mersin Ba\u015fkonsoloslu\u011fu foto\u011fraf sergisi d\u00fczenledi - Kuzeyin Sesi","og_description":"Mersin Ba\u015fkonsoloslu\u011fu foto\u011fraf sergisi d\u00fczenledi.\u00a0Mersin Ba\u015fkonsoloslu\u011fu\u2019nun Gazima\u011fusa Belediyesi ve Gazima\u011fusa Foto\u011fraf B\u00fcy\u00fcs\u00fc Dostlar\u0131 Derne\u011fi i\u015f birli\u011finde d\u00fczenledi\u011fi sergide Gazima\u011fusa\u2019n\u0131n tarihi ve k\u00fclt\u00fcrel ya\u015fam\u0131n\u0131 yans\u0131tan foto\u011fraflar yer ald\u0131.\u00a0 Mersin Ba\u015fkonsoloslu\u011fu\u2019ndan yap\u0131lan a\u00e7\u0131klamaya g\u00f6re,\u00a0Foto\u011fraf B\u00fcy\u00fcs\u00fc Dostlar\u0131 Derne\u011fi \u00fcyelerinin eserlerinden se\u00e7ilen 35 foto\u011fraf, \u00f6zel bir bask\u0131 tekni\u011fiyle haz\u0131rlanarak Toros \u00dcniversitesi\u2019nin ev sahipli\u011finde G\u00fczel Sanatlar, Tasar\u0131m ve Mimarl\u0131k Fak\u00fcltesi\u2019ne [&hellip;]","og_url":"https:\/\/kuzeyinsesi.org\/index.php\/2025\/04\/24\/mersin-baskonsoloslugu-fotograf-sergisi-duzenledi\/","og_site_name":"Kuzeyin Sesi","article_publisher":"https:\/\/www.facebook.com\/kuzeyinsesii","article_published_time":"2025-04-24T17:36:07+00:00","og_image":[{"url":"https:\/\/brtk.net\/wp-content\/uploads\/2025\/04\/24\/MERSIN-BASKONSOLOSLUGU-SERGI-1.jpg?ver=4d8d1717e4d694811d52456e9a2cbbd4","type":"","width":"","height":""}],"author":"Kuzeyin Sesi","twitter_card":"summary_large_image","twitter_creator":"@kuzeyinsesii","twitter_site":"@kuzeyinsesii","twitter_misc":{"Yazan:":"Kuzeyin Sesi","Tahmini okuma s\u00fcresi":"1 dakika"},"schema":{"@context":"https:\/\/schema.org","@graph":[{"@type":"Article","@id":"https:\/\/kuzeyinsesi.org\/index.php\/2025\/04\/24\/mersin-baskonsoloslugu-fotograf-sergisi-duzenledi\/#article","isPartOf":{"@id":"https:\/\/kuzeyinsesi.org\/index.php\/2025\/04\/24\/mersin-baskonsoloslugu-fotograf-sergisi-duzenledi\/"},"author":{"name":"Kuzeyin Sesi","@id":"https:\/\/kuzeyinsesi.org\/#\/schema\/person\/9f859689cdf01485597712386e37f5aa"},"headline":"Mersin Ba\u015fkonsoloslu\u011fu foto\u011fraf sergisi d\u00fczenledi","datePublished":"2025-04-24T17:36:07+00:00","mainEntityOfPage":{"@id":"https:\/\/kuzeyinsesi.org\/index.php\/2025\/04\/24\/mersin-baskonsoloslugu-fotograf-sergisi-duzenledi\/"},"wordCount":224,"commentCount":0,"image":{"@id":"https:\/\/kuzeyinsesi.org\/index.php\/2025\/04\/24\/mersin-baskonsoloslugu-fotograf-sergisi-duzenledi\/#primaryimage"},"thumbnailUrl":"https:\/\/kuzeyinsesi.org\/wp-content\/uploads\/2025\/04\/MERSIN-BASKONSOLOSLUGU-SERGI-1.jpg","articleSection":["Ya\u015fam"],"inLanguage":"tr","potentialAction":[{"@type":"CommentAction","name":"Comment","target":["https:\/\/kuzeyinsesi.org\/index.php\/2025\/04\/24\/mersin-baskonsoloslugu-fotograf-sergisi-duzenledi\/#respond"]}]},{"@type":"WebPage","@id":"https:\/\/kuzeyinsesi.org\/index.php\/2025\/04\/24\/mersin-baskonsoloslugu-fotograf-sergisi-duzenledi\/","url":"https:\/\/kuzeyinsesi.org\/index.php\/2025\/04\/24\/mersin-baskonsoloslugu-fotograf-sergisi-duzenledi\/","name":"Mersin Ba\u015fkonsoloslu\u011fu foto\u011fraf sergisi d\u00fczenledi - Kuzeyin Sesi","isPartOf":{"@id":"https:\/\/kuzeyinsesi.org\/#website"},"primaryImageOfPage":{"@id":"https:\/\/kuzeyinsesi.org\/index.php\/2025\/04\/24\/mersin-baskonsoloslugu-fotograf-sergisi-duzenledi\/#primaryimage"},"image":{"@id":"https:\/\/kuzeyinsesi.org\/index.php\/2025\/04\/24\/mersin-baskonsoloslugu-fotograf-sergisi-duzenledi\/#primaryimage"},"thumbnailUrl":"https:\/\/kuzeyinsesi.org\/wp-content\/uploads\/2025\/04\/MERSIN-BASKONSOLOSLUGU-SERGI-1.jpg","datePublished":"2025-04-24T17:36:07+00:00","author":{"@id":"https:\/\/kuzeyinsesi.org\/#\/schema\/person\/9f859689cdf01485597712386e37f5aa"},"breadcrumb":{"@id":"https:\/\/kuzeyinsesi.org\/index.php\/2025\/04\/24\/mersin-baskonsoloslugu-fotograf-sergisi-duzenledi\/#breadcrumb"},"inLanguage":"tr","potentialAction":[{"@type":"ReadAction","target":["https:\/\/kuzeyinsesi.org\/index.php\/2025\/04\/24\/mersin-baskonsoloslugu-fotograf-sergisi-duzenledi\/"]}]},{"@type":"ImageObject","inLanguage":"tr","@id":"https:\/\/kuzeyinsesi.org\/index.php\/2025\/04\/24\/mersin-baskonsoloslugu-fotograf-sergisi-duzenledi\/#primaryimage","url":"https:\/\/kuzeyinsesi.org\/wp-content\/uploads\/2025\/04\/MERSIN-BASKONSOLOSLUGU-SERGI-1.jpg","contentUrl":"https:\/\/kuzeyinsesi.org\/wp-content\/uploads\/2025\/04\/MERSIN-BASKONSOLOSLUGU-SERGI-1.jpg","width":930,"height":410},{"@type":"BreadcrumbList","@id":"https:\/\/kuzeyinsesi.org\/index.php\/2025\/04\/24\/mersin-baskonsoloslugu-fotograf-sergisi-duzenledi\/#breadcrumb","itemListElement":[{"@type":"ListItem","position":1,"name":"Anasayfa","item":"https:\/\/kuzeyinsesi.org\/"},{"@type":"ListItem","position":2,"name":"Mersin Ba\u015fkonsoloslu\u011fu foto\u011fraf sergisi d\u00fczenledi"}]},{"@type":"WebSite","@id":"https:\/\/kuzeyinsesi.org\/#website","url":"https:\/\/kuzeyinsesi.org\/","name":"Kuzeyin Sesi","description":"Do\u011fru Haberin Adresi","potentialAction":[{"@type":"SearchAction","target":{"@type":"EntryPoint","urlTemplate":"https:\/\/kuzeyinsesi.org\/?s={search_term_string}"},"query-input":{"@type":"PropertyValueSpecification","valueRequired":true,"valueName":"search_term_string"}}],"inLanguage":"tr"},{"@type":"Person","@id":"https:\/\/kuzeyinsesi.org\/#\/schema\/person\/9f859689cdf01485597712386e37f5aa","name":"Kuzeyin Sesi","image":{"@type":"ImageObject","inLanguage":"tr","@id":"https:\/\/secure.gravatar.com\/avatar\/bab33852abfd8b282518d6ed81826833d77c3c882d9ab608add591ccace47a44?s=96&d=mm&r=g","url":"https:\/\/secure.gravatar.com\/avatar\/bab33852abfd8b282518d6ed81826833d77c3c882d9ab608add591ccace47a44?s=96&d=mm&r=g","contentUrl":"https:\/\/secure.gravatar.com\/avatar\/bab33852abfd8b282518d6ed81826833d77c3c882d9ab608add591ccace47a44?s=96&d=mm&r=g","caption":"Kuzeyin Sesi"},"sameAs":["https:\/\/kuzeyinsesi.org"],"url":"https:\/\/kuzeyinsesi.org\/index.php\/author\/guven\/"}]}},"_links":{"self":[{"href":"https:\/\/kuzeyinsesi.org\/index.php\/wp-json\/wp\/v2\/posts\/23841","targetHints":{"allow":["GET"]}}],"collection":[{"href":"https:\/\/kuzeyinsesi.org\/index.php\/wp-json\/wp\/v2\/posts"}],"about":[{"href":"https:\/\/kuzeyinsesi.org\/index.php\/wp-json\/wp\/v2\/types\/post"}],"author":[{"embeddable":true,"href":"https:\/\/kuzeyinsesi.org\/index.php\/wp-json\/wp\/v2\/users\/1"}],"replies":[{"embeddable":true,"href":"https:\/\/kuzeyinsesi.org\/index.php\/wp-json\/wp\/v2\/comments?post=23841"}],"version-history":[{"count":0,"href":"https:\/\/kuzeyinsesi.org\/index.php\/wp-json\/wp\/v2\/posts\/23841\/revisions"}],"wp:featuredmedia":[{"embeddable":true,"href":"https:\/\/kuzeyinsesi.org\/index.php\/wp-json\/wp\/v2\/media\/23842"}],"wp:attachment":[{"href":"https:\/\/kuzeyinsesi.org\/index.php\/wp-json\/wp\/v2\/media?parent=23841"}],"wp:term":[{"taxonomy":"category","embeddable":true,"href":"https:\/\/kuzeyinsesi.org\/index.php\/wp-json\/wp\/v2\/categories?post=23841"},{"taxonomy":"post_tag","embeddable":true,"href":"https:\/\/kuzeyinsesi.org\/index.php\/wp-json\/wp\/v2\/tags?post=23841"}],"curies":[{"name":"wp","href":"https:\/\/api.w.org\/{rel}","templated":true}]}}