{"id":23823,"date":"2025-04-24T19:35:37","date_gmt":"2025-04-24T16:35:37","guid":{"rendered":"https:\/\/kuzeyinsesi.org\/index.php\/2025\/04\/24\/trautmannin-adieu-isimli-sergisi-ismet-vehit-guney-sergi-salonunda-acildi\/"},"modified":"2025-04-24T19:35:37","modified_gmt":"2025-04-24T16:35:37","slug":"trautmannin-adieu-isimli-sergisi-ismet-vehit-guney-sergi-salonunda-acildi","status":"publish","type":"post","link":"https:\/\/kuzeyinsesi.org\/index.php\/2025\/04\/24\/trautmannin-adieu-isimli-sergisi-ismet-vehit-guney-sergi-salonunda-acildi\/","title":{"rendered":"Trautmann\u2019\u0131n \u201cAdieu\u201d isimli sergisi, \u0130smet Vehit G\u00fcney Sergi Salonu\u2019nda a\u00e7\u0131ld\u0131"},"content":{"rendered":"<div>\n<div class=\"mariselle-image-container center\">\n                                            <\/div>\n<p> Sanat\u00e7\u0131 Heidi Trautmann\u2019\u0131n \u201cAdieu\u201d isimli resim sergisi, bug\u00fcn izlenime sunuldu.<\/p>\n<p>Lefko\u015fa\u2019da \u0130smet Vehit G\u00fcney Sanat Merkezi\u2019nde yer alan ve sanat\u00e7\u0131n\u0131n son sergisi oldu\u011fu belirtilen serginin a\u00e7\u0131l\u0131\u015f\u0131na, sanatseverler kat\u0131ld\u0131. Sergide; Opera Sanat\u00e7\u0131s\u0131, Soprano Laden \u0130nce de m\u00fczik dinletisi sundu.<\/p>\n<p>Serginin 30 Nisan \u00c7ar\u015famba g\u00fcne kadar mesai saatlerinde gezilebilece\u011fi belirtildi.<\/p>\n<p>-Trautmann<\/p>\n<p>Sanat\u00e7\u0131 Heidi Trautmann sergisinin a\u00e7\u0131l\u0131\u015f\u0131nda yapt\u0131\u011f\u0131 konu\u015fmada, 1963\u2019te Angola\u2019dayken bir a\u00e7\u0131k hava sinemas\u0131nda dev ekranda K\u0131br\u0131s\u2019ta \u00e7at\u0131\u015fma haberlerini izlerken \u015fok oldu\u011funu ve bir g\u00fcn bu aday\u0131 ziyaret etme karar\u0131 ald\u0131\u011f\u0131n\u0131 belirterek 1999\u2019da e\u015fiyle birlikte tekneyle Girne eski liman\u0131na geldiklerini ve adaya a\u015f\u0131k olduklar\u0131n\u0131 anlatt\u0131.<\/p>\n<p>Trautmann, \u201cB\u00f6ylece K\u0131br\u0131s kitab\u0131n\u0131 a\u00e7t\u0131k ve kalbimize dokunan tarihini ve insanlar\u0131n\u0131 okumaya ba\u015flad\u0131k.\u201d diye konu\u015ftu.<\/p>\n<p>Adada ilk arad\u0131\u011f\u0131 \u015feyin sanat ve sanatsal etkinlikler oldu\u011funu kaydederek kat\u0131ld\u0131\u011f\u0131 etkinliklere de\u011finen Heidi Trautmann, hem kuzeyde hem g\u00fcneyde sanat\u00e7\u0131larla tan\u0131\u015f\u0131p dostluklar kurdu\u011funu, r\u00f6portajlar yapt\u0131\u011f\u0131n\u0131 anlatt\u0131.<\/p>\n<p>Heidi Trautmann, \u00fclkedeki sanat faaliyetlerini 2005\u2019ten beri kitaplar\u0131na kaydetti\u011fini belirterek tan\u0131\u015ft\u0131\u011f\u0131 t\u00fcm sanat\u00e7\u0131lara ve yarat\u0131c\u0131 insanlara te\u015fekk\u00fcr etti; onlar\u0131 tan\u0131maktan mutluluk ve gurur duydu\u011funu s\u00f6yledi.<\/p>\n<p>Trautmann, \u201cBir \u015feye y\u00fcrekten ilgi duydu\u011funuzda, yollar kendili\u011finden a\u00e7\u0131l\u0131r. T\u00fcm sanat\u00e7\u0131lar\u0131, tiyatrocular\u0131, \u015fairleri ve yazarlar\u0131 tan\u0131d\u0131m ve onlarla birlikte geli\u015fmekte olan etkinlikleri de\u2026\u201d ifadelerine yer verdi.<\/p>\n<p>\u201cAncak art\u0131k yava\u015flama zaman\u0131 geldi; do\u011fa bana ya\u015f\u0131m\u0131 kabul ettiriyor. Eski g\u00fcnlerdeki hareketlili\u011fim art\u0131k yok. ama bu, sanat\u0131 uzaktan takip etmeyece\u011fim anlam\u0131na gelmiyor; her zaman sanat \u00fczerine konu\u015fmalara a\u00e7\u0131\u011f\u0131m.\u201d diyen Trautmann, son 25 y\u0131lda yolunun kesi\u015fti\u011fi t\u00fcm sanat\u00e7\u0131lara ve yarat\u0131c\u0131 insanlara duydu\u011fu sayg\u0131y\u0131 ve sevgiyi ifade ederek te\u015fekk\u00fcrlerini belirtti.<br \/>\u201cSon sergimi kurarken bana destek olan herkese ayr\u0131ca te\u015fekk\u00fcr ederim, siz olmasayd\u0131n\u0131z ba\u015faramazd\u0131m.\u201d diyen Trautmann; dile\u011finin yerel sanat\u00e7\u0131lara adanm\u0131\u015f, t\u00fcm sanat dallar\u0131na ayr\u0131lm\u0131\u015f b\u00f6l\u00fcmleri olan ve g\u00fczel i\u015flerin i\u00e7inde yer ald\u0131\u011f\u0131 bir m\u00fcze oldu\u011funu dile getirdi.<\/p>\n<\/p><\/div>\n<p><script async\n                    defer\n                    crossorigin=\"anonymous\"\n                    src=\"https:\/\/connect.facebook.net\/tr_TR\/sdk.js#xfbml=1&#038;version=v3.3\"\n            ><\/script><\/p>\n","protected":false},"excerpt":{"rendered":"<p>Sanat\u00e7\u0131 Heidi Trautmann\u2019\u0131n \u201cAdieu\u201d isimli resim sergisi, bug\u00fcn izlenime sunuldu. Lefko\u015fa\u2019da \u0130smet Vehit G\u00fcney Sanat Merkezi\u2019nde yer alan ve sanat\u00e7\u0131n\u0131n son sergisi oldu\u011fu belirtilen serginin a\u00e7\u0131l\u0131\u015f\u0131na, sanatseverler kat\u0131ld\u0131. Sergide; Opera Sanat\u00e7\u0131s\u0131, Soprano Laden \u0130nce de m\u00fczik dinletisi sundu. Serginin 30 Nisan \u00c7ar\u015famba g\u00fcne kadar mesai saatlerinde gezilebilece\u011fi belirtildi. -Trautmann Sanat\u00e7\u0131 Heidi Trautmann sergisinin a\u00e7\u0131l\u0131\u015f\u0131nda yapt\u0131\u011f\u0131 [&hellip;]<\/p>\n","protected":false},"author":1,"featured_media":23824,"comment_status":"open","ping_status":"open","sticky":false,"template":"","format":"standard","meta":{"jnews-multi-image_gallery":[],"jnews_single_post":[],"jnews_primary_category":[],"jnews_social_meta":[],"jnews_override_counter":[],"footnotes":""},"categories":[6],"tags":[],"class_list":["post-23823","post","type-post","status-publish","format-standard","has-post-thumbnail","hentry","category-yasam"],"yoast_head":"<!-- This site is optimized with the Yoast SEO plugin v27.4 - https:\/\/yoast.com\/product\/yoast-seo-wordpress\/ -->\n<title>Trautmann\u2019\u0131n \u201cAdieu\u201d isimli sergisi, \u0130smet Vehit G\u00fcney Sergi Salonu\u2019nda a\u00e7\u0131ld\u0131 - Kuzeyin Sesi<\/title>\n<meta name=\"robots\" content=\"index, follow, max-snippet:-1, max-image-preview:large, max-video-preview:-1\" \/>\n<link rel=\"canonical\" href=\"https:\/\/kuzeyinsesi.org\/index.php\/2025\/04\/24\/trautmannin-adieu-isimli-sergisi-ismet-vehit-guney-sergi-salonunda-acildi\/\" \/>\n<meta property=\"og:locale\" content=\"tr_TR\" \/>\n<meta property=\"og:type\" content=\"article\" \/>\n<meta property=\"og:title\" content=\"Trautmann\u2019\u0131n \u201cAdieu\u201d isimli sergisi, \u0130smet Vehit G\u00fcney Sergi Salonu\u2019nda a\u00e7\u0131ld\u0131 - Kuzeyin Sesi\" \/>\n<meta property=\"og:description\" content=\"Sanat\u00e7\u0131 Heidi Trautmann\u2019\u0131n \u201cAdieu\u201d isimli resim sergisi, bug\u00fcn izlenime sunuldu. Lefko\u015fa\u2019da \u0130smet Vehit G\u00fcney Sanat Merkezi\u2019nde yer alan ve sanat\u00e7\u0131n\u0131n son sergisi oldu\u011fu belirtilen serginin a\u00e7\u0131l\u0131\u015f\u0131na, sanatseverler kat\u0131ld\u0131. Sergide; Opera Sanat\u00e7\u0131s\u0131, Soprano Laden \u0130nce de m\u00fczik dinletisi sundu. Serginin 30 Nisan \u00c7ar\u015famba g\u00fcne kadar mesai saatlerinde gezilebilece\u011fi belirtildi. -Trautmann Sanat\u00e7\u0131 Heidi Trautmann sergisinin a\u00e7\u0131l\u0131\u015f\u0131nda yapt\u0131\u011f\u0131 [&hellip;]\" \/>\n<meta property=\"og:url\" content=\"https:\/\/kuzeyinsesi.org\/index.php\/2025\/04\/24\/trautmannin-adieu-isimli-sergisi-ismet-vehit-guney-sergi-salonunda-acildi\/\" \/>\n<meta property=\"og:site_name\" content=\"Kuzeyin Sesi\" \/>\n<meta property=\"article:publisher\" content=\"https:\/\/www.facebook.com\/kuzeyinsesii\" \/>\n<meta property=\"article:published_time\" content=\"2025-04-24T16:35:37+00:00\" \/>\n<meta property=\"og:image\" content=\"https:\/\/brtk.net\/wp-content\/uploads\/2025\/04\/24\/84019840189.jpeg?ver=a7937464d34dec207f899e3293fea22e\" \/>\n<meta name=\"author\" content=\"Kuzeyin Sesi\" \/>\n<meta name=\"twitter:card\" content=\"summary_large_image\" \/>\n<meta name=\"twitter:creator\" content=\"@kuzeyinsesii\" \/>\n<meta name=\"twitter:site\" content=\"@kuzeyinsesii\" \/>\n<meta name=\"twitter:label1\" content=\"Yazan:\" \/>\n\t<meta name=\"twitter:data1\" content=\"Kuzeyin Sesi\" \/>\n\t<meta name=\"twitter:label2\" content=\"Tahmini okuma s\u00fcresi\" \/>\n\t<meta name=\"twitter:data2\" content=\"2 dakika\" \/>\n<script type=\"application\/ld+json\" class=\"yoast-schema-graph\">{\"@context\":\"https:\\\/\\\/schema.org\",\"@graph\":[{\"@type\":\"Article\",\"@id\":\"https:\\\/\\\/kuzeyinsesi.org\\\/index.php\\\/2025\\\/04\\\/24\\\/trautmannin-adieu-isimli-sergisi-ismet-vehit-guney-sergi-salonunda-acildi\\\/#article\",\"isPartOf\":{\"@id\":\"https:\\\/\\\/kuzeyinsesi.org\\\/index.php\\\/2025\\\/04\\\/24\\\/trautmannin-adieu-isimli-sergisi-ismet-vehit-guney-sergi-salonunda-acildi\\\/\"},\"author\":{\"name\":\"Kuzeyin Sesi\",\"@id\":\"https:\\\/\\\/kuzeyinsesi.org\\\/#\\\/schema\\\/person\\\/9f859689cdf01485597712386e37f5aa\"},\"headline\":\"Trautmann\u2019\u0131n \u201cAdieu\u201d isimli sergisi, \u0130smet Vehit G\u00fcney Sergi Salonu\u2019nda a\u00e7\u0131ld\u0131\",\"datePublished\":\"2025-04-24T16:35:37+00:00\",\"mainEntityOfPage\":{\"@id\":\"https:\\\/\\\/kuzeyinsesi.org\\\/index.php\\\/2025\\\/04\\\/24\\\/trautmannin-adieu-isimli-sergisi-ismet-vehit-guney-sergi-salonunda-acildi\\\/\"},\"wordCount\":396,\"commentCount\":0,\"image\":{\"@id\":\"https:\\\/\\\/kuzeyinsesi.org\\\/index.php\\\/2025\\\/04\\\/24\\\/trautmannin-adieu-isimli-sergisi-ismet-vehit-guney-sergi-salonunda-acildi\\\/#primaryimage\"},\"thumbnailUrl\":\"https:\\\/\\\/kuzeyinsesi.org\\\/wp-content\\\/uploads\\\/2025\\\/04\\\/84019840189.jpeg\",\"articleSection\":[\"Ya\u015fam\"],\"inLanguage\":\"tr\",\"potentialAction\":[{\"@type\":\"CommentAction\",\"name\":\"Comment\",\"target\":[\"https:\\\/\\\/kuzeyinsesi.org\\\/index.php\\\/2025\\\/04\\\/24\\\/trautmannin-adieu-isimli-sergisi-ismet-vehit-guney-sergi-salonunda-acildi\\\/#respond\"]}]},{\"@type\":\"WebPage\",\"@id\":\"https:\\\/\\\/kuzeyinsesi.org\\\/index.php\\\/2025\\\/04\\\/24\\\/trautmannin-adieu-isimli-sergisi-ismet-vehit-guney-sergi-salonunda-acildi\\\/\",\"url\":\"https:\\\/\\\/kuzeyinsesi.org\\\/index.php\\\/2025\\\/04\\\/24\\\/trautmannin-adieu-isimli-sergisi-ismet-vehit-guney-sergi-salonunda-acildi\\\/\",\"name\":\"Trautmann\u2019\u0131n \u201cAdieu\u201d isimli sergisi, \u0130smet Vehit G\u00fcney Sergi Salonu\u2019nda a\u00e7\u0131ld\u0131 - Kuzeyin Sesi\",\"isPartOf\":{\"@id\":\"https:\\\/\\\/kuzeyinsesi.org\\\/#website\"},\"primaryImageOfPage\":{\"@id\":\"https:\\\/\\\/kuzeyinsesi.org\\\/index.php\\\/2025\\\/04\\\/24\\\/trautmannin-adieu-isimli-sergisi-ismet-vehit-guney-sergi-salonunda-acildi\\\/#primaryimage\"},\"image\":{\"@id\":\"https:\\\/\\\/kuzeyinsesi.org\\\/index.php\\\/2025\\\/04\\\/24\\\/trautmannin-adieu-isimli-sergisi-ismet-vehit-guney-sergi-salonunda-acildi\\\/#primaryimage\"},\"thumbnailUrl\":\"https:\\\/\\\/kuzeyinsesi.org\\\/wp-content\\\/uploads\\\/2025\\\/04\\\/84019840189.jpeg\",\"datePublished\":\"2025-04-24T16:35:37+00:00\",\"author\":{\"@id\":\"https:\\\/\\\/kuzeyinsesi.org\\\/#\\\/schema\\\/person\\\/9f859689cdf01485597712386e37f5aa\"},\"breadcrumb\":{\"@id\":\"https:\\\/\\\/kuzeyinsesi.org\\\/index.php\\\/2025\\\/04\\\/24\\\/trautmannin-adieu-isimli-sergisi-ismet-vehit-guney-sergi-salonunda-acildi\\\/#breadcrumb\"},\"inLanguage\":\"tr\",\"potentialAction\":[{\"@type\":\"ReadAction\",\"target\":[\"https:\\\/\\\/kuzeyinsesi.org\\\/index.php\\\/2025\\\/04\\\/24\\\/trautmannin-adieu-isimli-sergisi-ismet-vehit-guney-sergi-salonunda-acildi\\\/\"]}]},{\"@type\":\"ImageObject\",\"inLanguage\":\"tr\",\"@id\":\"https:\\\/\\\/kuzeyinsesi.org\\\/index.php\\\/2025\\\/04\\\/24\\\/trautmannin-adieu-isimli-sergisi-ismet-vehit-guney-sergi-salonunda-acildi\\\/#primaryimage\",\"url\":\"https:\\\/\\\/kuzeyinsesi.org\\\/wp-content\\\/uploads\\\/2025\\\/04\\\/84019840189.jpeg\",\"contentUrl\":\"https:\\\/\\\/kuzeyinsesi.org\\\/wp-content\\\/uploads\\\/2025\\\/04\\\/84019840189.jpeg\",\"width\":1600,\"height\":1200},{\"@type\":\"BreadcrumbList\",\"@id\":\"https:\\\/\\\/kuzeyinsesi.org\\\/index.php\\\/2025\\\/04\\\/24\\\/trautmannin-adieu-isimli-sergisi-ismet-vehit-guney-sergi-salonunda-acildi\\\/#breadcrumb\",\"itemListElement\":[{\"@type\":\"ListItem\",\"position\":1,\"name\":\"Anasayfa\",\"item\":\"https:\\\/\\\/kuzeyinsesi.org\\\/\"},{\"@type\":\"ListItem\",\"position\":2,\"name\":\"Trautmann\u2019\u0131n \u201cAdieu\u201d isimli sergisi, \u0130smet Vehit G\u00fcney Sergi Salonu\u2019nda a\u00e7\u0131ld\u0131\"}]},{\"@type\":\"WebSite\",\"@id\":\"https:\\\/\\\/kuzeyinsesi.org\\\/#website\",\"url\":\"https:\\\/\\\/kuzeyinsesi.org\\\/\",\"name\":\"Kuzeyin Sesi\",\"description\":\"Do\u011fru Haberin Adresi\",\"potentialAction\":[{\"@type\":\"SearchAction\",\"target\":{\"@type\":\"EntryPoint\",\"urlTemplate\":\"https:\\\/\\\/kuzeyinsesi.org\\\/?s={search_term_string}\"},\"query-input\":{\"@type\":\"PropertyValueSpecification\",\"valueRequired\":true,\"valueName\":\"search_term_string\"}}],\"inLanguage\":\"tr\"},{\"@type\":\"Person\",\"@id\":\"https:\\\/\\\/kuzeyinsesi.org\\\/#\\\/schema\\\/person\\\/9f859689cdf01485597712386e37f5aa\",\"name\":\"Kuzeyin Sesi\",\"image\":{\"@type\":\"ImageObject\",\"inLanguage\":\"tr\",\"@id\":\"https:\\\/\\\/secure.gravatar.com\\\/avatar\\\/bab33852abfd8b282518d6ed81826833d77c3c882d9ab608add591ccace47a44?s=96&d=mm&r=g\",\"url\":\"https:\\\/\\\/secure.gravatar.com\\\/avatar\\\/bab33852abfd8b282518d6ed81826833d77c3c882d9ab608add591ccace47a44?s=96&d=mm&r=g\",\"contentUrl\":\"https:\\\/\\\/secure.gravatar.com\\\/avatar\\\/bab33852abfd8b282518d6ed81826833d77c3c882d9ab608add591ccace47a44?s=96&d=mm&r=g\",\"caption\":\"Kuzeyin Sesi\"},\"sameAs\":[\"https:\\\/\\\/kuzeyinsesi.org\"],\"url\":\"https:\\\/\\\/kuzeyinsesi.org\\\/index.php\\\/author\\\/guven\\\/\"}]}<\/script>\n<!-- \/ Yoast SEO plugin. -->","yoast_head_json":{"title":"Trautmann\u2019\u0131n \u201cAdieu\u201d isimli sergisi, \u0130smet Vehit G\u00fcney Sergi Salonu\u2019nda a\u00e7\u0131ld\u0131 - Kuzeyin Sesi","robots":{"index":"index","follow":"follow","max-snippet":"max-snippet:-1","max-image-preview":"max-image-preview:large","max-video-preview":"max-video-preview:-1"},"canonical":"https:\/\/kuzeyinsesi.org\/index.php\/2025\/04\/24\/trautmannin-adieu-isimli-sergisi-ismet-vehit-guney-sergi-salonunda-acildi\/","og_locale":"tr_TR","og_type":"article","og_title":"Trautmann\u2019\u0131n \u201cAdieu\u201d isimli sergisi, \u0130smet Vehit G\u00fcney Sergi Salonu\u2019nda a\u00e7\u0131ld\u0131 - Kuzeyin Sesi","og_description":"Sanat\u00e7\u0131 Heidi Trautmann\u2019\u0131n \u201cAdieu\u201d isimli resim sergisi, bug\u00fcn izlenime sunuldu. Lefko\u015fa\u2019da \u0130smet Vehit G\u00fcney Sanat Merkezi\u2019nde yer alan ve sanat\u00e7\u0131n\u0131n son sergisi oldu\u011fu belirtilen serginin a\u00e7\u0131l\u0131\u015f\u0131na, sanatseverler kat\u0131ld\u0131. Sergide; Opera Sanat\u00e7\u0131s\u0131, Soprano Laden \u0130nce de m\u00fczik dinletisi sundu. Serginin 30 Nisan \u00c7ar\u015famba g\u00fcne kadar mesai saatlerinde gezilebilece\u011fi belirtildi. -Trautmann Sanat\u00e7\u0131 Heidi Trautmann sergisinin a\u00e7\u0131l\u0131\u015f\u0131nda yapt\u0131\u011f\u0131 [&hellip;]","og_url":"https:\/\/kuzeyinsesi.org\/index.php\/2025\/04\/24\/trautmannin-adieu-isimli-sergisi-ismet-vehit-guney-sergi-salonunda-acildi\/","og_site_name":"Kuzeyin Sesi","article_publisher":"https:\/\/www.facebook.com\/kuzeyinsesii","article_published_time":"2025-04-24T16:35:37+00:00","og_image":[{"url":"https:\/\/brtk.net\/wp-content\/uploads\/2025\/04\/24\/84019840189.jpeg?ver=a7937464d34dec207f899e3293fea22e","type":"","width":"","height":""}],"author":"Kuzeyin Sesi","twitter_card":"summary_large_image","twitter_creator":"@kuzeyinsesii","twitter_site":"@kuzeyinsesii","twitter_misc":{"Yazan:":"Kuzeyin Sesi","Tahmini okuma s\u00fcresi":"2 dakika"},"schema":{"@context":"https:\/\/schema.org","@graph":[{"@type":"Article","@id":"https:\/\/kuzeyinsesi.org\/index.php\/2025\/04\/24\/trautmannin-adieu-isimli-sergisi-ismet-vehit-guney-sergi-salonunda-acildi\/#article","isPartOf":{"@id":"https:\/\/kuzeyinsesi.org\/index.php\/2025\/04\/24\/trautmannin-adieu-isimli-sergisi-ismet-vehit-guney-sergi-salonunda-acildi\/"},"author":{"name":"Kuzeyin Sesi","@id":"https:\/\/kuzeyinsesi.org\/#\/schema\/person\/9f859689cdf01485597712386e37f5aa"},"headline":"Trautmann\u2019\u0131n \u201cAdieu\u201d isimli sergisi, \u0130smet Vehit G\u00fcney Sergi Salonu\u2019nda a\u00e7\u0131ld\u0131","datePublished":"2025-04-24T16:35:37+00:00","mainEntityOfPage":{"@id":"https:\/\/kuzeyinsesi.org\/index.php\/2025\/04\/24\/trautmannin-adieu-isimli-sergisi-ismet-vehit-guney-sergi-salonunda-acildi\/"},"wordCount":396,"commentCount":0,"image":{"@id":"https:\/\/kuzeyinsesi.org\/index.php\/2025\/04\/24\/trautmannin-adieu-isimli-sergisi-ismet-vehit-guney-sergi-salonunda-acildi\/#primaryimage"},"thumbnailUrl":"https:\/\/kuzeyinsesi.org\/wp-content\/uploads\/2025\/04\/84019840189.jpeg","articleSection":["Ya\u015fam"],"inLanguage":"tr","potentialAction":[{"@type":"CommentAction","name":"Comment","target":["https:\/\/kuzeyinsesi.org\/index.php\/2025\/04\/24\/trautmannin-adieu-isimli-sergisi-ismet-vehit-guney-sergi-salonunda-acildi\/#respond"]}]},{"@type":"WebPage","@id":"https:\/\/kuzeyinsesi.org\/index.php\/2025\/04\/24\/trautmannin-adieu-isimli-sergisi-ismet-vehit-guney-sergi-salonunda-acildi\/","url":"https:\/\/kuzeyinsesi.org\/index.php\/2025\/04\/24\/trautmannin-adieu-isimli-sergisi-ismet-vehit-guney-sergi-salonunda-acildi\/","name":"Trautmann\u2019\u0131n \u201cAdieu\u201d isimli sergisi, \u0130smet Vehit G\u00fcney Sergi Salonu\u2019nda a\u00e7\u0131ld\u0131 - Kuzeyin Sesi","isPartOf":{"@id":"https:\/\/kuzeyinsesi.org\/#website"},"primaryImageOfPage":{"@id":"https:\/\/kuzeyinsesi.org\/index.php\/2025\/04\/24\/trautmannin-adieu-isimli-sergisi-ismet-vehit-guney-sergi-salonunda-acildi\/#primaryimage"},"image":{"@id":"https:\/\/kuzeyinsesi.org\/index.php\/2025\/04\/24\/trautmannin-adieu-isimli-sergisi-ismet-vehit-guney-sergi-salonunda-acildi\/#primaryimage"},"thumbnailUrl":"https:\/\/kuzeyinsesi.org\/wp-content\/uploads\/2025\/04\/84019840189.jpeg","datePublished":"2025-04-24T16:35:37+00:00","author":{"@id":"https:\/\/kuzeyinsesi.org\/#\/schema\/person\/9f859689cdf01485597712386e37f5aa"},"breadcrumb":{"@id":"https:\/\/kuzeyinsesi.org\/index.php\/2025\/04\/24\/trautmannin-adieu-isimli-sergisi-ismet-vehit-guney-sergi-salonunda-acildi\/#breadcrumb"},"inLanguage":"tr","potentialAction":[{"@type":"ReadAction","target":["https:\/\/kuzeyinsesi.org\/index.php\/2025\/04\/24\/trautmannin-adieu-isimli-sergisi-ismet-vehit-guney-sergi-salonunda-acildi\/"]}]},{"@type":"ImageObject","inLanguage":"tr","@id":"https:\/\/kuzeyinsesi.org\/index.php\/2025\/04\/24\/trautmannin-adieu-isimli-sergisi-ismet-vehit-guney-sergi-salonunda-acildi\/#primaryimage","url":"https:\/\/kuzeyinsesi.org\/wp-content\/uploads\/2025\/04\/84019840189.jpeg","contentUrl":"https:\/\/kuzeyinsesi.org\/wp-content\/uploads\/2025\/04\/84019840189.jpeg","width":1600,"height":1200},{"@type":"BreadcrumbList","@id":"https:\/\/kuzeyinsesi.org\/index.php\/2025\/04\/24\/trautmannin-adieu-isimli-sergisi-ismet-vehit-guney-sergi-salonunda-acildi\/#breadcrumb","itemListElement":[{"@type":"ListItem","position":1,"name":"Anasayfa","item":"https:\/\/kuzeyinsesi.org\/"},{"@type":"ListItem","position":2,"name":"Trautmann\u2019\u0131n \u201cAdieu\u201d isimli sergisi, \u0130smet Vehit G\u00fcney Sergi Salonu\u2019nda a\u00e7\u0131ld\u0131"}]},{"@type":"WebSite","@id":"https:\/\/kuzeyinsesi.org\/#website","url":"https:\/\/kuzeyinsesi.org\/","name":"Kuzeyin Sesi","description":"Do\u011fru Haberin Adresi","potentialAction":[{"@type":"SearchAction","target":{"@type":"EntryPoint","urlTemplate":"https:\/\/kuzeyinsesi.org\/?s={search_term_string}"},"query-input":{"@type":"PropertyValueSpecification","valueRequired":true,"valueName":"search_term_string"}}],"inLanguage":"tr"},{"@type":"Person","@id":"https:\/\/kuzeyinsesi.org\/#\/schema\/person\/9f859689cdf01485597712386e37f5aa","name":"Kuzeyin Sesi","image":{"@type":"ImageObject","inLanguage":"tr","@id":"https:\/\/secure.gravatar.com\/avatar\/bab33852abfd8b282518d6ed81826833d77c3c882d9ab608add591ccace47a44?s=96&d=mm&r=g","url":"https:\/\/secure.gravatar.com\/avatar\/bab33852abfd8b282518d6ed81826833d77c3c882d9ab608add591ccace47a44?s=96&d=mm&r=g","contentUrl":"https:\/\/secure.gravatar.com\/avatar\/bab33852abfd8b282518d6ed81826833d77c3c882d9ab608add591ccace47a44?s=96&d=mm&r=g","caption":"Kuzeyin Sesi"},"sameAs":["https:\/\/kuzeyinsesi.org"],"url":"https:\/\/kuzeyinsesi.org\/index.php\/author\/guven\/"}]}},"_links":{"self":[{"href":"https:\/\/kuzeyinsesi.org\/index.php\/wp-json\/wp\/v2\/posts\/23823","targetHints":{"allow":["GET"]}}],"collection":[{"href":"https:\/\/kuzeyinsesi.org\/index.php\/wp-json\/wp\/v2\/posts"}],"about":[{"href":"https:\/\/kuzeyinsesi.org\/index.php\/wp-json\/wp\/v2\/types\/post"}],"author":[{"embeddable":true,"href":"https:\/\/kuzeyinsesi.org\/index.php\/wp-json\/wp\/v2\/users\/1"}],"replies":[{"embeddable":true,"href":"https:\/\/kuzeyinsesi.org\/index.php\/wp-json\/wp\/v2\/comments?post=23823"}],"version-history":[{"count":0,"href":"https:\/\/kuzeyinsesi.org\/index.php\/wp-json\/wp\/v2\/posts\/23823\/revisions"}],"wp:featuredmedia":[{"embeddable":true,"href":"https:\/\/kuzeyinsesi.org\/index.php\/wp-json\/wp\/v2\/media\/23824"}],"wp:attachment":[{"href":"https:\/\/kuzeyinsesi.org\/index.php\/wp-json\/wp\/v2\/media?parent=23823"}],"wp:term":[{"taxonomy":"category","embeddable":true,"href":"https:\/\/kuzeyinsesi.org\/index.php\/wp-json\/wp\/v2\/categories?post=23823"},{"taxonomy":"post_tag","embeddable":true,"href":"https:\/\/kuzeyinsesi.org\/index.php\/wp-json\/wp\/v2\/tags?post=23823"}],"curies":[{"name":"wp","href":"https:\/\/api.w.org\/{rel}","templated":true}]}}