{"id":23816,"date":"2025-04-24T18:34:35","date_gmt":"2025-04-24T15:34:35","guid":{"rendered":"https:\/\/kuzeyinsesi.org\/index.php\/2025\/04\/24\/en-guzel-parcam-2042-gaude-sahne-aliyor\/"},"modified":"2025-04-24T18:34:35","modified_gmt":"2025-04-24T15:34:35","slug":"en-guzel-parcam-2042-gaude-sahne-aliyor","status":"publish","type":"post","link":"https:\/\/kuzeyinsesi.org\/index.php\/2025\/04\/24\/en-guzel-parcam-2042-gaude-sahne-aliyor\/","title":{"rendered":"\u201cEn G\u00fczel Par\u00e7am 2042\u201d GA\u00dc\u2019de sahne al\u0131yor"},"content":{"rendered":"<div>\n<div class=\"mariselle-image-container center\">\n                                            <\/div>\n<p>K\u0131br\u0131s T\u00fcrk Giri\u015fimci Kad\u0131nlar Derne\u011fi\u2019nin katk\u0131lar\u0131yla sahnelenecek olan \u201cEn G\u00fczel Par\u00e7am 2042\u201d adl\u0131 trajikomik dansl\u0131 oyun, 29 Nisan 2025 Sal\u0131 g\u00fcn\u00fc saat 19:30\u2019da GAU Spectrum\u2019da izleyiciyle bulu\u015fuyor.<\/p>\n<p>\u0130ki perdeden olu\u015fan oyunun yazar\u0131 ve oyuncusu Zeynep \u00d6zya\u011fc\u0131lar. Y\u00f6netmen koltu\u011funda Kayhan Berkin otururken, yard\u0131mc\u0131 y\u00f6netmenlik g\u00f6revini G\u00f6zde \u00c7etiner \u00fcstleniyor.<\/p>\n<p>Yapay zeka temal\u0131 bu \u00e7arp\u0131c\u0131 hik\u00e2ye, bir kad\u0131n\u0131n a\u015fk ve teknolojiyle d\u00f6n\u00fc\u015f\u00fcm\u00fcn\u00fc konu al\u0131yor. Biletler 1000 TL\u2019den sat\u0131\u015fa sunulurken, detayl\u0131 bilgi ve ileti\u015fim i\u00e7in 0546 999 2021 numaras\u0131 aranabiliyor.<\/p>\n<p>Oyun, G\u0130KAD, Tiyatro Mart\u0131 ve Girne Amerikan \u00dcniversitesi i\u015f birli\u011fiyle sahneye ta\u015f\u0131n\u0131yor.<\/p>\n<\/p><\/div>\n<p><script async\n                    defer\n                    crossorigin=\"anonymous\"\n                    src=\"https:\/\/connect.facebook.net\/tr_TR\/sdk.js#xfbml=1&#038;version=v3.3\"\n            ><\/script><\/p>\n","protected":false},"excerpt":{"rendered":"<p>K\u0131br\u0131s T\u00fcrk Giri\u015fimci Kad\u0131nlar Derne\u011fi\u2019nin katk\u0131lar\u0131yla sahnelenecek olan \u201cEn G\u00fczel Par\u00e7am 2042\u201d adl\u0131 trajikomik dansl\u0131 oyun, 29 Nisan 2025 Sal\u0131 g\u00fcn\u00fc saat 19:30\u2019da GAU Spectrum\u2019da izleyiciyle bulu\u015fuyor. \u0130ki perdeden olu\u015fan oyunun yazar\u0131 ve oyuncusu Zeynep \u00d6zya\u011fc\u0131lar. Y\u00f6netmen koltu\u011funda Kayhan Berkin otururken, yard\u0131mc\u0131 y\u00f6netmenlik g\u00f6revini G\u00f6zde \u00c7etiner \u00fcstleniyor. Yapay zeka temal\u0131 bu \u00e7arp\u0131c\u0131 hik\u00e2ye, bir kad\u0131n\u0131n [&hellip;]<\/p>\n","protected":false},"author":1,"featured_media":23817,"comment_status":"open","ping_status":"open","sticky":false,"template":"","format":"standard","meta":{"jnews-multi-image_gallery":[],"jnews_single_post":[],"jnews_primary_category":[],"jnews_social_meta":[],"jnews_override_counter":[],"footnotes":""},"categories":[6],"tags":[],"class_list":["post-23816","post","type-post","status-publish","format-standard","has-post-thumbnail","hentry","category-yasam"],"yoast_head":"<!-- This site is optimized with the Yoast SEO plugin v27.4 - https:\/\/yoast.com\/product\/yoast-seo-wordpress\/ -->\n<title>\u201cEn G\u00fczel Par\u00e7am 2042\u201d GA\u00dc\u2019de sahne al\u0131yor - Kuzeyin Sesi<\/title>\n<meta name=\"robots\" content=\"index, follow, max-snippet:-1, max-image-preview:large, max-video-preview:-1\" \/>\n<link rel=\"canonical\" href=\"https:\/\/kuzeyinsesi.org\/index.php\/2025\/04\/24\/en-guzel-parcam-2042-gaude-sahne-aliyor\/\" \/>\n<meta property=\"og:locale\" content=\"tr_TR\" \/>\n<meta property=\"og:type\" content=\"article\" \/>\n<meta property=\"og:title\" content=\"\u201cEn G\u00fczel Par\u00e7am 2042\u201d GA\u00dc\u2019de sahne al\u0131yor - Kuzeyin Sesi\" \/>\n<meta property=\"og:description\" content=\"K\u0131br\u0131s T\u00fcrk Giri\u015fimci Kad\u0131nlar Derne\u011fi\u2019nin katk\u0131lar\u0131yla sahnelenecek olan \u201cEn G\u00fczel Par\u00e7am 2042\u201d adl\u0131 trajikomik dansl\u0131 oyun, 29 Nisan 2025 Sal\u0131 g\u00fcn\u00fc saat 19:30\u2019da GAU Spectrum\u2019da izleyiciyle bulu\u015fuyor. \u0130ki perdeden olu\u015fan oyunun yazar\u0131 ve oyuncusu Zeynep \u00d6zya\u011fc\u0131lar. Y\u00f6netmen koltu\u011funda Kayhan Berkin otururken, yard\u0131mc\u0131 y\u00f6netmenlik g\u00f6revini G\u00f6zde \u00c7etiner \u00fcstleniyor. Yapay zeka temal\u0131 bu \u00e7arp\u0131c\u0131 hik\u00e2ye, bir kad\u0131n\u0131n [&hellip;]\" \/>\n<meta property=\"og:url\" content=\"https:\/\/kuzeyinsesi.org\/index.php\/2025\/04\/24\/en-guzel-parcam-2042-gaude-sahne-aliyor\/\" \/>\n<meta property=\"og:site_name\" content=\"Kuzeyin Sesi\" \/>\n<meta property=\"article:publisher\" content=\"https:\/\/www.facebook.com\/kuzeyinsesii\" \/>\n<meta property=\"article:published_time\" content=\"2025-04-24T15:34:35+00:00\" \/>\n<meta property=\"og:image\" content=\"https:\/\/brtk.net\/wp-content\/uploads\/2025\/04\/24\/IMG-20250424-WA0071.jpg?ver=98a009089ff9c15a1d6c236148853e3e\" \/>\n<meta name=\"author\" content=\"Kuzeyin Sesi\" \/>\n<meta name=\"twitter:card\" content=\"summary_large_image\" \/>\n<meta name=\"twitter:creator\" content=\"@kuzeyinsesii\" \/>\n<meta name=\"twitter:site\" content=\"@kuzeyinsesii\" \/>\n<meta name=\"twitter:label1\" content=\"Yazan:\" \/>\n\t<meta name=\"twitter:data1\" content=\"Kuzeyin Sesi\" \/>\n\t<meta name=\"twitter:label2\" content=\"Tahmini okuma s\u00fcresi\" \/>\n\t<meta name=\"twitter:data2\" content=\"1 dakika\" \/>\n<script type=\"application\/ld+json\" class=\"yoast-schema-graph\">{\"@context\":\"https:\\\/\\\/schema.org\",\"@graph\":[{\"@type\":\"Article\",\"@id\":\"https:\\\/\\\/kuzeyinsesi.org\\\/index.php\\\/2025\\\/04\\\/24\\\/en-guzel-parcam-2042-gaude-sahne-aliyor\\\/#article\",\"isPartOf\":{\"@id\":\"https:\\\/\\\/kuzeyinsesi.org\\\/index.php\\\/2025\\\/04\\\/24\\\/en-guzel-parcam-2042-gaude-sahne-aliyor\\\/\"},\"author\":{\"name\":\"Kuzeyin Sesi\",\"@id\":\"https:\\\/\\\/kuzeyinsesi.org\\\/#\\\/schema\\\/person\\\/9f859689cdf01485597712386e37f5aa\"},\"headline\":\"\u201cEn G\u00fczel Par\u00e7am 2042\u201d GA\u00dc\u2019de sahne al\u0131yor\",\"datePublished\":\"2025-04-24T15:34:35+00:00\",\"mainEntityOfPage\":{\"@id\":\"https:\\\/\\\/kuzeyinsesi.org\\\/index.php\\\/2025\\\/04\\\/24\\\/en-guzel-parcam-2042-gaude-sahne-aliyor\\\/\"},\"wordCount\":131,\"commentCount\":0,\"image\":{\"@id\":\"https:\\\/\\\/kuzeyinsesi.org\\\/index.php\\\/2025\\\/04\\\/24\\\/en-guzel-parcam-2042-gaude-sahne-aliyor\\\/#primaryimage\"},\"thumbnailUrl\":\"https:\\\/\\\/kuzeyinsesi.org\\\/wp-content\\\/uploads\\\/2025\\\/04\\\/IMG-20250424-WA0071.jpg\",\"articleSection\":[\"Ya\u015fam\"],\"inLanguage\":\"tr\",\"potentialAction\":[{\"@type\":\"CommentAction\",\"name\":\"Comment\",\"target\":[\"https:\\\/\\\/kuzeyinsesi.org\\\/index.php\\\/2025\\\/04\\\/24\\\/en-guzel-parcam-2042-gaude-sahne-aliyor\\\/#respond\"]}]},{\"@type\":\"WebPage\",\"@id\":\"https:\\\/\\\/kuzeyinsesi.org\\\/index.php\\\/2025\\\/04\\\/24\\\/en-guzel-parcam-2042-gaude-sahne-aliyor\\\/\",\"url\":\"https:\\\/\\\/kuzeyinsesi.org\\\/index.php\\\/2025\\\/04\\\/24\\\/en-guzel-parcam-2042-gaude-sahne-aliyor\\\/\",\"name\":\"\u201cEn G\u00fczel Par\u00e7am 2042\u201d GA\u00dc\u2019de sahne al\u0131yor - Kuzeyin Sesi\",\"isPartOf\":{\"@id\":\"https:\\\/\\\/kuzeyinsesi.org\\\/#website\"},\"primaryImageOfPage\":{\"@id\":\"https:\\\/\\\/kuzeyinsesi.org\\\/index.php\\\/2025\\\/04\\\/24\\\/en-guzel-parcam-2042-gaude-sahne-aliyor\\\/#primaryimage\"},\"image\":{\"@id\":\"https:\\\/\\\/kuzeyinsesi.org\\\/index.php\\\/2025\\\/04\\\/24\\\/en-guzel-parcam-2042-gaude-sahne-aliyor\\\/#primaryimage\"},\"thumbnailUrl\":\"https:\\\/\\\/kuzeyinsesi.org\\\/wp-content\\\/uploads\\\/2025\\\/04\\\/IMG-20250424-WA0071.jpg\",\"datePublished\":\"2025-04-24T15:34:35+00:00\",\"author\":{\"@id\":\"https:\\\/\\\/kuzeyinsesi.org\\\/#\\\/schema\\\/person\\\/9f859689cdf01485597712386e37f5aa\"},\"breadcrumb\":{\"@id\":\"https:\\\/\\\/kuzeyinsesi.org\\\/index.php\\\/2025\\\/04\\\/24\\\/en-guzel-parcam-2042-gaude-sahne-aliyor\\\/#breadcrumb\"},\"inLanguage\":\"tr\",\"potentialAction\":[{\"@type\":\"ReadAction\",\"target\":[\"https:\\\/\\\/kuzeyinsesi.org\\\/index.php\\\/2025\\\/04\\\/24\\\/en-guzel-parcam-2042-gaude-sahne-aliyor\\\/\"]}]},{\"@type\":\"ImageObject\",\"inLanguage\":\"tr\",\"@id\":\"https:\\\/\\\/kuzeyinsesi.org\\\/index.php\\\/2025\\\/04\\\/24\\\/en-guzel-parcam-2042-gaude-sahne-aliyor\\\/#primaryimage\",\"url\":\"https:\\\/\\\/kuzeyinsesi.org\\\/wp-content\\\/uploads\\\/2025\\\/04\\\/IMG-20250424-WA0071.jpg\",\"contentUrl\":\"https:\\\/\\\/kuzeyinsesi.org\\\/wp-content\\\/uploads\\\/2025\\\/04\\\/IMG-20250424-WA0071.jpg\",\"width\":1599,\"height\":1600},{\"@type\":\"BreadcrumbList\",\"@id\":\"https:\\\/\\\/kuzeyinsesi.org\\\/index.php\\\/2025\\\/04\\\/24\\\/en-guzel-parcam-2042-gaude-sahne-aliyor\\\/#breadcrumb\",\"itemListElement\":[{\"@type\":\"ListItem\",\"position\":1,\"name\":\"Anasayfa\",\"item\":\"https:\\\/\\\/kuzeyinsesi.org\\\/\"},{\"@type\":\"ListItem\",\"position\":2,\"name\":\"\u201cEn G\u00fczel Par\u00e7am 2042\u201d GA\u00dc\u2019de sahne al\u0131yor\"}]},{\"@type\":\"WebSite\",\"@id\":\"https:\\\/\\\/kuzeyinsesi.org\\\/#website\",\"url\":\"https:\\\/\\\/kuzeyinsesi.org\\\/\",\"name\":\"Kuzeyin Sesi\",\"description\":\"Do\u011fru Haberin Adresi\",\"potentialAction\":[{\"@type\":\"SearchAction\",\"target\":{\"@type\":\"EntryPoint\",\"urlTemplate\":\"https:\\\/\\\/kuzeyinsesi.org\\\/?s={search_term_string}\"},\"query-input\":{\"@type\":\"PropertyValueSpecification\",\"valueRequired\":true,\"valueName\":\"search_term_string\"}}],\"inLanguage\":\"tr\"},{\"@type\":\"Person\",\"@id\":\"https:\\\/\\\/kuzeyinsesi.org\\\/#\\\/schema\\\/person\\\/9f859689cdf01485597712386e37f5aa\",\"name\":\"Kuzeyin Sesi\",\"image\":{\"@type\":\"ImageObject\",\"inLanguage\":\"tr\",\"@id\":\"https:\\\/\\\/secure.gravatar.com\\\/avatar\\\/bab33852abfd8b282518d6ed81826833d77c3c882d9ab608add591ccace47a44?s=96&d=mm&r=g\",\"url\":\"https:\\\/\\\/secure.gravatar.com\\\/avatar\\\/bab33852abfd8b282518d6ed81826833d77c3c882d9ab608add591ccace47a44?s=96&d=mm&r=g\",\"contentUrl\":\"https:\\\/\\\/secure.gravatar.com\\\/avatar\\\/bab33852abfd8b282518d6ed81826833d77c3c882d9ab608add591ccace47a44?s=96&d=mm&r=g\",\"caption\":\"Kuzeyin Sesi\"},\"sameAs\":[\"https:\\\/\\\/kuzeyinsesi.org\"],\"url\":\"https:\\\/\\\/kuzeyinsesi.org\\\/index.php\\\/author\\\/guven\\\/\"}]}<\/script>\n<!-- \/ Yoast SEO plugin. -->","yoast_head_json":{"title":"\u201cEn G\u00fczel Par\u00e7am 2042\u201d GA\u00dc\u2019de sahne al\u0131yor - Kuzeyin Sesi","robots":{"index":"index","follow":"follow","max-snippet":"max-snippet:-1","max-image-preview":"max-image-preview:large","max-video-preview":"max-video-preview:-1"},"canonical":"https:\/\/kuzeyinsesi.org\/index.php\/2025\/04\/24\/en-guzel-parcam-2042-gaude-sahne-aliyor\/","og_locale":"tr_TR","og_type":"article","og_title":"\u201cEn G\u00fczel Par\u00e7am 2042\u201d GA\u00dc\u2019de sahne al\u0131yor - Kuzeyin Sesi","og_description":"K\u0131br\u0131s T\u00fcrk Giri\u015fimci Kad\u0131nlar Derne\u011fi\u2019nin katk\u0131lar\u0131yla sahnelenecek olan \u201cEn G\u00fczel Par\u00e7am 2042\u201d adl\u0131 trajikomik dansl\u0131 oyun, 29 Nisan 2025 Sal\u0131 g\u00fcn\u00fc saat 19:30\u2019da GAU Spectrum\u2019da izleyiciyle bulu\u015fuyor. \u0130ki perdeden olu\u015fan oyunun yazar\u0131 ve oyuncusu Zeynep \u00d6zya\u011fc\u0131lar. Y\u00f6netmen koltu\u011funda Kayhan Berkin otururken, yard\u0131mc\u0131 y\u00f6netmenlik g\u00f6revini G\u00f6zde \u00c7etiner \u00fcstleniyor. Yapay zeka temal\u0131 bu \u00e7arp\u0131c\u0131 hik\u00e2ye, bir kad\u0131n\u0131n [&hellip;]","og_url":"https:\/\/kuzeyinsesi.org\/index.php\/2025\/04\/24\/en-guzel-parcam-2042-gaude-sahne-aliyor\/","og_site_name":"Kuzeyin Sesi","article_publisher":"https:\/\/www.facebook.com\/kuzeyinsesii","article_published_time":"2025-04-24T15:34:35+00:00","og_image":[{"url":"https:\/\/brtk.net\/wp-content\/uploads\/2025\/04\/24\/IMG-20250424-WA0071.jpg?ver=98a009089ff9c15a1d6c236148853e3e","type":"","width":"","height":""}],"author":"Kuzeyin Sesi","twitter_card":"summary_large_image","twitter_creator":"@kuzeyinsesii","twitter_site":"@kuzeyinsesii","twitter_misc":{"Yazan:":"Kuzeyin Sesi","Tahmini okuma s\u00fcresi":"1 dakika"},"schema":{"@context":"https:\/\/schema.org","@graph":[{"@type":"Article","@id":"https:\/\/kuzeyinsesi.org\/index.php\/2025\/04\/24\/en-guzel-parcam-2042-gaude-sahne-aliyor\/#article","isPartOf":{"@id":"https:\/\/kuzeyinsesi.org\/index.php\/2025\/04\/24\/en-guzel-parcam-2042-gaude-sahne-aliyor\/"},"author":{"name":"Kuzeyin Sesi","@id":"https:\/\/kuzeyinsesi.org\/#\/schema\/person\/9f859689cdf01485597712386e37f5aa"},"headline":"\u201cEn G\u00fczel Par\u00e7am 2042\u201d GA\u00dc\u2019de sahne al\u0131yor","datePublished":"2025-04-24T15:34:35+00:00","mainEntityOfPage":{"@id":"https:\/\/kuzeyinsesi.org\/index.php\/2025\/04\/24\/en-guzel-parcam-2042-gaude-sahne-aliyor\/"},"wordCount":131,"commentCount":0,"image":{"@id":"https:\/\/kuzeyinsesi.org\/index.php\/2025\/04\/24\/en-guzel-parcam-2042-gaude-sahne-aliyor\/#primaryimage"},"thumbnailUrl":"https:\/\/kuzeyinsesi.org\/wp-content\/uploads\/2025\/04\/IMG-20250424-WA0071.jpg","articleSection":["Ya\u015fam"],"inLanguage":"tr","potentialAction":[{"@type":"CommentAction","name":"Comment","target":["https:\/\/kuzeyinsesi.org\/index.php\/2025\/04\/24\/en-guzel-parcam-2042-gaude-sahne-aliyor\/#respond"]}]},{"@type":"WebPage","@id":"https:\/\/kuzeyinsesi.org\/index.php\/2025\/04\/24\/en-guzel-parcam-2042-gaude-sahne-aliyor\/","url":"https:\/\/kuzeyinsesi.org\/index.php\/2025\/04\/24\/en-guzel-parcam-2042-gaude-sahne-aliyor\/","name":"\u201cEn G\u00fczel Par\u00e7am 2042\u201d GA\u00dc\u2019de sahne al\u0131yor - Kuzeyin Sesi","isPartOf":{"@id":"https:\/\/kuzeyinsesi.org\/#website"},"primaryImageOfPage":{"@id":"https:\/\/kuzeyinsesi.org\/index.php\/2025\/04\/24\/en-guzel-parcam-2042-gaude-sahne-aliyor\/#primaryimage"},"image":{"@id":"https:\/\/kuzeyinsesi.org\/index.php\/2025\/04\/24\/en-guzel-parcam-2042-gaude-sahne-aliyor\/#primaryimage"},"thumbnailUrl":"https:\/\/kuzeyinsesi.org\/wp-content\/uploads\/2025\/04\/IMG-20250424-WA0071.jpg","datePublished":"2025-04-24T15:34:35+00:00","author":{"@id":"https:\/\/kuzeyinsesi.org\/#\/schema\/person\/9f859689cdf01485597712386e37f5aa"},"breadcrumb":{"@id":"https:\/\/kuzeyinsesi.org\/index.php\/2025\/04\/24\/en-guzel-parcam-2042-gaude-sahne-aliyor\/#breadcrumb"},"inLanguage":"tr","potentialAction":[{"@type":"ReadAction","target":["https:\/\/kuzeyinsesi.org\/index.php\/2025\/04\/24\/en-guzel-parcam-2042-gaude-sahne-aliyor\/"]}]},{"@type":"ImageObject","inLanguage":"tr","@id":"https:\/\/kuzeyinsesi.org\/index.php\/2025\/04\/24\/en-guzel-parcam-2042-gaude-sahne-aliyor\/#primaryimage","url":"https:\/\/kuzeyinsesi.org\/wp-content\/uploads\/2025\/04\/IMG-20250424-WA0071.jpg","contentUrl":"https:\/\/kuzeyinsesi.org\/wp-content\/uploads\/2025\/04\/IMG-20250424-WA0071.jpg","width":1599,"height":1600},{"@type":"BreadcrumbList","@id":"https:\/\/kuzeyinsesi.org\/index.php\/2025\/04\/24\/en-guzel-parcam-2042-gaude-sahne-aliyor\/#breadcrumb","itemListElement":[{"@type":"ListItem","position":1,"name":"Anasayfa","item":"https:\/\/kuzeyinsesi.org\/"},{"@type":"ListItem","position":2,"name":"\u201cEn G\u00fczel Par\u00e7am 2042\u201d GA\u00dc\u2019de sahne al\u0131yor"}]},{"@type":"WebSite","@id":"https:\/\/kuzeyinsesi.org\/#website","url":"https:\/\/kuzeyinsesi.org\/","name":"Kuzeyin Sesi","description":"Do\u011fru Haberin Adresi","potentialAction":[{"@type":"SearchAction","target":{"@type":"EntryPoint","urlTemplate":"https:\/\/kuzeyinsesi.org\/?s={search_term_string}"},"query-input":{"@type":"PropertyValueSpecification","valueRequired":true,"valueName":"search_term_string"}}],"inLanguage":"tr"},{"@type":"Person","@id":"https:\/\/kuzeyinsesi.org\/#\/schema\/person\/9f859689cdf01485597712386e37f5aa","name":"Kuzeyin Sesi","image":{"@type":"ImageObject","inLanguage":"tr","@id":"https:\/\/secure.gravatar.com\/avatar\/bab33852abfd8b282518d6ed81826833d77c3c882d9ab608add591ccace47a44?s=96&d=mm&r=g","url":"https:\/\/secure.gravatar.com\/avatar\/bab33852abfd8b282518d6ed81826833d77c3c882d9ab608add591ccace47a44?s=96&d=mm&r=g","contentUrl":"https:\/\/secure.gravatar.com\/avatar\/bab33852abfd8b282518d6ed81826833d77c3c882d9ab608add591ccace47a44?s=96&d=mm&r=g","caption":"Kuzeyin Sesi"},"sameAs":["https:\/\/kuzeyinsesi.org"],"url":"https:\/\/kuzeyinsesi.org\/index.php\/author\/guven\/"}]}},"_links":{"self":[{"href":"https:\/\/kuzeyinsesi.org\/index.php\/wp-json\/wp\/v2\/posts\/23816","targetHints":{"allow":["GET"]}}],"collection":[{"href":"https:\/\/kuzeyinsesi.org\/index.php\/wp-json\/wp\/v2\/posts"}],"about":[{"href":"https:\/\/kuzeyinsesi.org\/index.php\/wp-json\/wp\/v2\/types\/post"}],"author":[{"embeddable":true,"href":"https:\/\/kuzeyinsesi.org\/index.php\/wp-json\/wp\/v2\/users\/1"}],"replies":[{"embeddable":true,"href":"https:\/\/kuzeyinsesi.org\/index.php\/wp-json\/wp\/v2\/comments?post=23816"}],"version-history":[{"count":0,"href":"https:\/\/kuzeyinsesi.org\/index.php\/wp-json\/wp\/v2\/posts\/23816\/revisions"}],"wp:featuredmedia":[{"embeddable":true,"href":"https:\/\/kuzeyinsesi.org\/index.php\/wp-json\/wp\/v2\/media\/23817"}],"wp:attachment":[{"href":"https:\/\/kuzeyinsesi.org\/index.php\/wp-json\/wp\/v2\/media?parent=23816"}],"wp:term":[{"taxonomy":"category","embeddable":true,"href":"https:\/\/kuzeyinsesi.org\/index.php\/wp-json\/wp\/v2\/categories?post=23816"},{"taxonomy":"post_tag","embeddable":true,"href":"https:\/\/kuzeyinsesi.org\/index.php\/wp-json\/wp\/v2\/tags?post=23816"}],"curies":[{"name":"wp","href":"https:\/\/api.w.org\/{rel}","templated":true}]}}