{"id":23734,"date":"2025-04-23T19:18:39","date_gmt":"2025-04-23T16:18:39","guid":{"rendered":"https:\/\/kuzeyinsesi.org\/index.php\/2025\/04\/23\/tcg-meltem-hucumbotu-gazimagusa-limaninda-halkin-ziyaretine-acildi\/"},"modified":"2025-04-23T19:18:39","modified_gmt":"2025-04-23T16:18:39","slug":"tcg-meltem-hucumbotu-gazimagusa-limaninda-halkin-ziyaretine-acildi","status":"publish","type":"post","link":"https:\/\/kuzeyinsesi.org\/index.php\/2025\/04\/23\/tcg-meltem-hucumbotu-gazimagusa-limaninda-halkin-ziyaretine-acildi\/","title":{"rendered":"TCG Meltem H\u00fccumbotu Gazima\u011fusa Liman\u0131\u2019nda halk\u0131n ziyaretine a\u00e7\u0131ld\u0131"},"content":{"rendered":"<div>\n<div class=\"mariselle-image-container center\">\n                                            <\/div>\n<p>T\u00fcrk Deniz Kuvvetleri Komutanl\u0131\u011f\u0131 muharip unsurlar\u0131ndan TCG Meltem H\u00fccumbotu 23 Nisan Ulusal Egemenlik ve \u00c7ocuk Bayram\u0131 dolay\u0131s\u0131yla Gazima\u011fusa Liman\u0131\u2019n\u0131 ziyaret ediyor.<\/p>\n<p>H\u00fccumbot Gazima\u011fusa Liman\u0131\u2019nda halk\u0131n ziyaretine a\u00e7\u0131ld\u0131.<\/p>\n<div class=\"mariselle-image-container center\">\n                <img decoding=\"async\" width=\"1920\" height=\"1080\" class=\"lazy-image\" alt=\"\" sizes=\"(max-width: 1920px) 100vw, 1920px\" src=\"https:\/\/brtk.net\/wp-content\/uploads\/2025\/04\/23\/vlcsnap-2025-04-23-19h09m06s228.png?ver=3b49998597096b588eb26dd156313ad8\" srcset=\"https:\/\/brtk.net\/wp-content\/uploads\/2025\/04\/23\/vlcsnap-2025-04-23-19h09m06s228.png?ver=3b49998597096b588eb26dd156313ad8 1920w, https:\/\/brtk.net\/wp-content\/uploads\/2025\/04\/23\/vlcsnap-2025-04-23-19h09m06s228-300x169.png?ver=33c2e30040d0c505c18ce281118ffcfa 300w, https:\/\/brtk.net\/wp-content\/uploads\/2025\/04\/23\/vlcsnap-2025-04-23-19h09m06s228-1024x576.png?ver=8b904d46fcb1cf18313fddd8417a1ea7 1024w, https:\/\/brtk.net\/wp-content\/uploads\/2025\/04\/23\/vlcsnap-2025-04-23-19h09m06s228-768x432.png?ver=4e5154a0bcd97d29e8d007593dad61df 768w, https:\/\/brtk.net\/wp-content\/uploads\/2025\/04\/23\/vlcsnap-2025-04-23-19h09m06s228-1536x864.png?ver=437bca5778ee9b1ab9589353d9277789 1536w\"\/>                            <\/div>\n<p>T\u00fcrk Deniz Kuvvetleri Komutanl\u0131\u011f\u0131 muharip unsurlar\u0131ndan TCG Meltem H\u00fccumbotu 23 Nisan Ulusal Egemenlik ve \u00c7ocuk Bayram\u0131 dolay\u0131s\u0131yla Gazima\u011fusa Liman\u0131\u2019na demirledi.<\/p>\n<div class=\"mariselle-image-container center\">\n                <img decoding=\"async\" width=\"1920\" height=\"1080\" class=\"lazy-image\" alt=\"\" sizes=\"(max-width: 1920px) 100vw, 1920px\" src=\"https:\/\/brtk.net\/wp-content\/uploads\/2025\/04\/23\/vlcsnap-2025-04-23-19h15m44s131.png?ver=17d890af32375018848f7d02c66acb48\" srcset=\"https:\/\/brtk.net\/wp-content\/uploads\/2025\/04\/23\/vlcsnap-2025-04-23-19h15m44s131.png?ver=17d890af32375018848f7d02c66acb48 1920w, https:\/\/brtk.net\/wp-content\/uploads\/2025\/04\/23\/vlcsnap-2025-04-23-19h15m44s131-300x169.png?ver=e0788eab15cff3e8a45c26a997560fd6 300w, https:\/\/brtk.net\/wp-content\/uploads\/2025\/04\/23\/vlcsnap-2025-04-23-19h15m44s131-1024x576.png?ver=461087e0084a9d664bd5eaccb4400e41 1024w, https:\/\/brtk.net\/wp-content\/uploads\/2025\/04\/23\/vlcsnap-2025-04-23-19h15m44s131-768x432.png?ver=aee22264bacb1a13616ae4528a4ed09a 768w, https:\/\/brtk.net\/wp-content\/uploads\/2025\/04\/23\/vlcsnap-2025-04-23-19h15m44s131-1536x864.png?ver=c554251b165476067ecb40b6f0066794 1536w\"\/>                            <\/div>\n<p>TCG Meltem H\u00fccumbotu 10.00-12.00 ve 14.00-17.00 saatleri aras\u0131nda halk\u0131n ziyaretine a\u00e7\u0131ld\u0131.<\/p>\n<p>Gazima\u011fusa Liman\u0131\u2019na demirleyen H\u00fccumbotu \u00e7ocuklar\u0131yla birlikte \u00e7ok say\u0131da vatanda\u015f ziyaret etti.<\/p>\n<\/p><\/div>\n<p><script async\n                    defer\n                    crossorigin=\"anonymous\"\n                    src=\"https:\/\/connect.facebook.net\/tr_TR\/sdk.js#xfbml=1&#038;version=v3.3\"\n            ><\/script><\/p>\n","protected":false},"excerpt":{"rendered":"<p>T\u00fcrk Deniz Kuvvetleri Komutanl\u0131\u011f\u0131 muharip unsurlar\u0131ndan TCG Meltem H\u00fccumbotu 23 Nisan Ulusal Egemenlik ve \u00c7ocuk Bayram\u0131 dolay\u0131s\u0131yla Gazima\u011fusa Liman\u0131\u2019n\u0131 ziyaret ediyor. H\u00fccumbot Gazima\u011fusa Liman\u0131\u2019nda halk\u0131n ziyaretine a\u00e7\u0131ld\u0131. T\u00fcrk Deniz Kuvvetleri Komutanl\u0131\u011f\u0131 muharip unsurlar\u0131ndan TCG Meltem H\u00fccumbotu 23 Nisan Ulusal Egemenlik ve \u00c7ocuk Bayram\u0131 dolay\u0131s\u0131yla Gazima\u011fusa Liman\u0131\u2019na demirledi. TCG Meltem H\u00fccumbotu 10.00-12.00 ve 14.00-17.00 saatleri aras\u0131nda [&hellip;]<\/p>\n","protected":false},"author":1,"featured_media":23735,"comment_status":"open","ping_status":"open","sticky":false,"template":"","format":"standard","meta":{"jnews-multi-image_gallery":[],"jnews_single_post":[],"jnews_primary_category":[],"jnews_social_meta":[],"jnews_override_counter":[],"footnotes":""},"categories":[1],"tags":[],"class_list":["post-23734","post","type-post","status-publish","format-standard","has-post-thumbnail","hentry","category-kibris"],"yoast_head":"<!-- This site is optimized with the Yoast SEO plugin v27.5 - https:\/\/yoast.com\/product\/yoast-seo-wordpress\/ -->\n<title>TCG Meltem H\u00fccumbotu Gazima\u011fusa Liman\u0131\u2019nda halk\u0131n ziyaretine a\u00e7\u0131ld\u0131 - Kuzeyin Sesi<\/title>\n<meta name=\"robots\" content=\"index, follow, max-snippet:-1, max-image-preview:large, max-video-preview:-1\" \/>\n<link rel=\"canonical\" href=\"https:\/\/kuzeyinsesi.org\/index.php\/2025\/04\/23\/tcg-meltem-hucumbotu-gazimagusa-limaninda-halkin-ziyaretine-acildi\/\" \/>\n<meta property=\"og:locale\" content=\"tr_TR\" \/>\n<meta property=\"og:type\" content=\"article\" \/>\n<meta property=\"og:title\" content=\"TCG Meltem H\u00fccumbotu Gazima\u011fusa Liman\u0131\u2019nda halk\u0131n ziyaretine a\u00e7\u0131ld\u0131 - Kuzeyin Sesi\" \/>\n<meta property=\"og:description\" content=\"T\u00fcrk Deniz Kuvvetleri Komutanl\u0131\u011f\u0131 muharip unsurlar\u0131ndan TCG Meltem H\u00fccumbotu 23 Nisan Ulusal Egemenlik ve \u00c7ocuk Bayram\u0131 dolay\u0131s\u0131yla Gazima\u011fusa Liman\u0131\u2019n\u0131 ziyaret ediyor. H\u00fccumbot Gazima\u011fusa Liman\u0131\u2019nda halk\u0131n ziyaretine a\u00e7\u0131ld\u0131. T\u00fcrk Deniz Kuvvetleri Komutanl\u0131\u011f\u0131 muharip unsurlar\u0131ndan TCG Meltem H\u00fccumbotu 23 Nisan Ulusal Egemenlik ve \u00c7ocuk Bayram\u0131 dolay\u0131s\u0131yla Gazima\u011fusa Liman\u0131\u2019na demirledi. TCG Meltem H\u00fccumbotu 10.00-12.00 ve 14.00-17.00 saatleri aras\u0131nda [&hellip;]\" \/>\n<meta property=\"og:url\" content=\"https:\/\/kuzeyinsesi.org\/index.php\/2025\/04\/23\/tcg-meltem-hucumbotu-gazimagusa-limaninda-halkin-ziyaretine-acildi\/\" \/>\n<meta property=\"og:site_name\" content=\"Kuzeyin Sesi\" \/>\n<meta property=\"article:publisher\" content=\"https:\/\/www.facebook.com\/kuzeyinsesii\" \/>\n<meta property=\"article:published_time\" content=\"2025-04-23T16:18:39+00:00\" \/>\n<meta property=\"og:image\" content=\"https:\/\/brtk.net\/wp-content\/uploads\/2025\/04\/23\/hucumbot.jpg?ver=feb95d1d5949a3df0e0b0e6638939aa0\" \/>\n<meta name=\"author\" content=\"Kuzeyin Sesi\" \/>\n<meta name=\"twitter:card\" content=\"summary_large_image\" \/>\n<meta name=\"twitter:creator\" content=\"@kuzeyinsesii\" \/>\n<meta name=\"twitter:site\" content=\"@kuzeyinsesii\" \/>\n<meta name=\"twitter:label1\" content=\"Yazan:\" \/>\n\t<meta name=\"twitter:data1\" content=\"Kuzeyin Sesi\" \/>\n<script type=\"application\/ld+json\" class=\"yoast-schema-graph\">{\"@context\":\"https:\\\/\\\/schema.org\",\"@graph\":[{\"@type\":\"Article\",\"@id\":\"https:\\\/\\\/kuzeyinsesi.org\\\/index.php\\\/2025\\\/04\\\/23\\\/tcg-meltem-hucumbotu-gazimagusa-limaninda-halkin-ziyaretine-acildi\\\/#article\",\"isPartOf\":{\"@id\":\"https:\\\/\\\/kuzeyinsesi.org\\\/index.php\\\/2025\\\/04\\\/23\\\/tcg-meltem-hucumbotu-gazimagusa-limaninda-halkin-ziyaretine-acildi\\\/\"},\"author\":{\"name\":\"Kuzeyin Sesi\",\"@id\":\"https:\\\/\\\/kuzeyinsesi.org\\\/#\\\/schema\\\/person\\\/9f859689cdf01485597712386e37f5aa\"},\"headline\":\"TCG Meltem H\u00fccumbotu Gazima\u011fusa Liman\u0131\u2019nda halk\u0131n ziyaretine a\u00e7\u0131ld\u0131\",\"datePublished\":\"2025-04-23T16:18:39+00:00\",\"mainEntityOfPage\":{\"@id\":\"https:\\\/\\\/kuzeyinsesi.org\\\/index.php\\\/2025\\\/04\\\/23\\\/tcg-meltem-hucumbotu-gazimagusa-limaninda-halkin-ziyaretine-acildi\\\/\"},\"wordCount\":108,\"commentCount\":0,\"image\":{\"@id\":\"https:\\\/\\\/kuzeyinsesi.org\\\/index.php\\\/2025\\\/04\\\/23\\\/tcg-meltem-hucumbotu-gazimagusa-limaninda-halkin-ziyaretine-acildi\\\/#primaryimage\"},\"thumbnailUrl\":\"https:\\\/\\\/kuzeyinsesi.org\\\/wp-content\\\/uploads\\\/2025\\\/04\\\/vlcsnap-2025-04-23-19h15m44s131.png\",\"articleSection\":[\"K\u0131br\u0131s\"],\"inLanguage\":\"tr\",\"potentialAction\":[{\"@type\":\"CommentAction\",\"name\":\"Comment\",\"target\":[\"https:\\\/\\\/kuzeyinsesi.org\\\/index.php\\\/2025\\\/04\\\/23\\\/tcg-meltem-hucumbotu-gazimagusa-limaninda-halkin-ziyaretine-acildi\\\/#respond\"]}]},{\"@type\":\"WebPage\",\"@id\":\"https:\\\/\\\/kuzeyinsesi.org\\\/index.php\\\/2025\\\/04\\\/23\\\/tcg-meltem-hucumbotu-gazimagusa-limaninda-halkin-ziyaretine-acildi\\\/\",\"url\":\"https:\\\/\\\/kuzeyinsesi.org\\\/index.php\\\/2025\\\/04\\\/23\\\/tcg-meltem-hucumbotu-gazimagusa-limaninda-halkin-ziyaretine-acildi\\\/\",\"name\":\"TCG Meltem H\u00fccumbotu Gazima\u011fusa Liman\u0131\u2019nda halk\u0131n ziyaretine a\u00e7\u0131ld\u0131 - Kuzeyin Sesi\",\"isPartOf\":{\"@id\":\"https:\\\/\\\/kuzeyinsesi.org\\\/#website\"},\"primaryImageOfPage\":{\"@id\":\"https:\\\/\\\/kuzeyinsesi.org\\\/index.php\\\/2025\\\/04\\\/23\\\/tcg-meltem-hucumbotu-gazimagusa-limaninda-halkin-ziyaretine-acildi\\\/#primaryimage\"},\"image\":{\"@id\":\"https:\\\/\\\/kuzeyinsesi.org\\\/index.php\\\/2025\\\/04\\\/23\\\/tcg-meltem-hucumbotu-gazimagusa-limaninda-halkin-ziyaretine-acildi\\\/#primaryimage\"},\"thumbnailUrl\":\"https:\\\/\\\/kuzeyinsesi.org\\\/wp-content\\\/uploads\\\/2025\\\/04\\\/vlcsnap-2025-04-23-19h15m44s131.png\",\"datePublished\":\"2025-04-23T16:18:39+00:00\",\"author\":{\"@id\":\"https:\\\/\\\/kuzeyinsesi.org\\\/#\\\/schema\\\/person\\\/9f859689cdf01485597712386e37f5aa\"},\"breadcrumb\":{\"@id\":\"https:\\\/\\\/kuzeyinsesi.org\\\/index.php\\\/2025\\\/04\\\/23\\\/tcg-meltem-hucumbotu-gazimagusa-limaninda-halkin-ziyaretine-acildi\\\/#breadcrumb\"},\"inLanguage\":\"tr\",\"potentialAction\":[{\"@type\":\"ReadAction\",\"target\":[\"https:\\\/\\\/kuzeyinsesi.org\\\/index.php\\\/2025\\\/04\\\/23\\\/tcg-meltem-hucumbotu-gazimagusa-limaninda-halkin-ziyaretine-acildi\\\/\"]}]},{\"@type\":\"ImageObject\",\"inLanguage\":\"tr\",\"@id\":\"https:\\\/\\\/kuzeyinsesi.org\\\/index.php\\\/2025\\\/04\\\/23\\\/tcg-meltem-hucumbotu-gazimagusa-limaninda-halkin-ziyaretine-acildi\\\/#primaryimage\",\"url\":\"https:\\\/\\\/kuzeyinsesi.org\\\/wp-content\\\/uploads\\\/2025\\\/04\\\/vlcsnap-2025-04-23-19h15m44s131.png\",\"contentUrl\":\"https:\\\/\\\/kuzeyinsesi.org\\\/wp-content\\\/uploads\\\/2025\\\/04\\\/vlcsnap-2025-04-23-19h15m44s131.png\",\"width\":1920,\"height\":1080},{\"@type\":\"BreadcrumbList\",\"@id\":\"https:\\\/\\\/kuzeyinsesi.org\\\/index.php\\\/2025\\\/04\\\/23\\\/tcg-meltem-hucumbotu-gazimagusa-limaninda-halkin-ziyaretine-acildi\\\/#breadcrumb\",\"itemListElement\":[{\"@type\":\"ListItem\",\"position\":1,\"name\":\"Anasayfa\",\"item\":\"https:\\\/\\\/kuzeyinsesi.org\\\/\"},{\"@type\":\"ListItem\",\"position\":2,\"name\":\"TCG Meltem H\u00fccumbotu Gazima\u011fusa Liman\u0131\u2019nda halk\u0131n ziyaretine a\u00e7\u0131ld\u0131\"}]},{\"@type\":\"WebSite\",\"@id\":\"https:\\\/\\\/kuzeyinsesi.org\\\/#website\",\"url\":\"https:\\\/\\\/kuzeyinsesi.org\\\/\",\"name\":\"Kuzeyin Sesi\",\"description\":\"Do\u011fru Haberin Adresi\",\"potentialAction\":[{\"@type\":\"SearchAction\",\"target\":{\"@type\":\"EntryPoint\",\"urlTemplate\":\"https:\\\/\\\/kuzeyinsesi.org\\\/?s={search_term_string}\"},\"query-input\":{\"@type\":\"PropertyValueSpecification\",\"valueRequired\":true,\"valueName\":\"search_term_string\"}}],\"inLanguage\":\"tr\"},{\"@type\":\"Person\",\"@id\":\"https:\\\/\\\/kuzeyinsesi.org\\\/#\\\/schema\\\/person\\\/9f859689cdf01485597712386e37f5aa\",\"name\":\"Kuzeyin Sesi\",\"image\":{\"@type\":\"ImageObject\",\"inLanguage\":\"tr\",\"@id\":\"https:\\\/\\\/secure.gravatar.com\\\/avatar\\\/bab33852abfd8b282518d6ed81826833d77c3c882d9ab608add591ccace47a44?s=96&d=mm&r=g\",\"url\":\"https:\\\/\\\/secure.gravatar.com\\\/avatar\\\/bab33852abfd8b282518d6ed81826833d77c3c882d9ab608add591ccace47a44?s=96&d=mm&r=g\",\"contentUrl\":\"https:\\\/\\\/secure.gravatar.com\\\/avatar\\\/bab33852abfd8b282518d6ed81826833d77c3c882d9ab608add591ccace47a44?s=96&d=mm&r=g\",\"caption\":\"Kuzeyin Sesi\"},\"sameAs\":[\"https:\\\/\\\/kuzeyinsesi.org\"],\"url\":\"https:\\\/\\\/kuzeyinsesi.org\\\/index.php\\\/author\\\/guven\\\/\"}]}<\/script>\n<!-- \/ Yoast SEO plugin. -->","yoast_head_json":{"title":"TCG Meltem H\u00fccumbotu Gazima\u011fusa Liman\u0131\u2019nda halk\u0131n ziyaretine a\u00e7\u0131ld\u0131 - Kuzeyin Sesi","robots":{"index":"index","follow":"follow","max-snippet":"max-snippet:-1","max-image-preview":"max-image-preview:large","max-video-preview":"max-video-preview:-1"},"canonical":"https:\/\/kuzeyinsesi.org\/index.php\/2025\/04\/23\/tcg-meltem-hucumbotu-gazimagusa-limaninda-halkin-ziyaretine-acildi\/","og_locale":"tr_TR","og_type":"article","og_title":"TCG Meltem H\u00fccumbotu Gazima\u011fusa Liman\u0131\u2019nda halk\u0131n ziyaretine a\u00e7\u0131ld\u0131 - Kuzeyin Sesi","og_description":"T\u00fcrk Deniz Kuvvetleri Komutanl\u0131\u011f\u0131 muharip unsurlar\u0131ndan TCG Meltem H\u00fccumbotu 23 Nisan Ulusal Egemenlik ve \u00c7ocuk Bayram\u0131 dolay\u0131s\u0131yla Gazima\u011fusa Liman\u0131\u2019n\u0131 ziyaret ediyor. H\u00fccumbot Gazima\u011fusa Liman\u0131\u2019nda halk\u0131n ziyaretine a\u00e7\u0131ld\u0131. T\u00fcrk Deniz Kuvvetleri Komutanl\u0131\u011f\u0131 muharip unsurlar\u0131ndan TCG Meltem H\u00fccumbotu 23 Nisan Ulusal Egemenlik ve \u00c7ocuk Bayram\u0131 dolay\u0131s\u0131yla Gazima\u011fusa Liman\u0131\u2019na demirledi. TCG Meltem H\u00fccumbotu 10.00-12.00 ve 14.00-17.00 saatleri aras\u0131nda [&hellip;]","og_url":"https:\/\/kuzeyinsesi.org\/index.php\/2025\/04\/23\/tcg-meltem-hucumbotu-gazimagusa-limaninda-halkin-ziyaretine-acildi\/","og_site_name":"Kuzeyin Sesi","article_publisher":"https:\/\/www.facebook.com\/kuzeyinsesii","article_published_time":"2025-04-23T16:18:39+00:00","og_image":[{"url":"https:\/\/brtk.net\/wp-content\/uploads\/2025\/04\/23\/hucumbot.jpg?ver=feb95d1d5949a3df0e0b0e6638939aa0","type":"","width":"","height":""}],"author":"Kuzeyin Sesi","twitter_card":"summary_large_image","twitter_creator":"@kuzeyinsesii","twitter_site":"@kuzeyinsesii","twitter_misc":{"Yazan:":"Kuzeyin Sesi"},"schema":{"@context":"https:\/\/schema.org","@graph":[{"@type":"Article","@id":"https:\/\/kuzeyinsesi.org\/index.php\/2025\/04\/23\/tcg-meltem-hucumbotu-gazimagusa-limaninda-halkin-ziyaretine-acildi\/#article","isPartOf":{"@id":"https:\/\/kuzeyinsesi.org\/index.php\/2025\/04\/23\/tcg-meltem-hucumbotu-gazimagusa-limaninda-halkin-ziyaretine-acildi\/"},"author":{"name":"Kuzeyin Sesi","@id":"https:\/\/kuzeyinsesi.org\/#\/schema\/person\/9f859689cdf01485597712386e37f5aa"},"headline":"TCG Meltem H\u00fccumbotu Gazima\u011fusa Liman\u0131\u2019nda halk\u0131n ziyaretine a\u00e7\u0131ld\u0131","datePublished":"2025-04-23T16:18:39+00:00","mainEntityOfPage":{"@id":"https:\/\/kuzeyinsesi.org\/index.php\/2025\/04\/23\/tcg-meltem-hucumbotu-gazimagusa-limaninda-halkin-ziyaretine-acildi\/"},"wordCount":108,"commentCount":0,"image":{"@id":"https:\/\/kuzeyinsesi.org\/index.php\/2025\/04\/23\/tcg-meltem-hucumbotu-gazimagusa-limaninda-halkin-ziyaretine-acildi\/#primaryimage"},"thumbnailUrl":"https:\/\/kuzeyinsesi.org\/wp-content\/uploads\/2025\/04\/vlcsnap-2025-04-23-19h15m44s131.png","articleSection":["K\u0131br\u0131s"],"inLanguage":"tr","potentialAction":[{"@type":"CommentAction","name":"Comment","target":["https:\/\/kuzeyinsesi.org\/index.php\/2025\/04\/23\/tcg-meltem-hucumbotu-gazimagusa-limaninda-halkin-ziyaretine-acildi\/#respond"]}]},{"@type":"WebPage","@id":"https:\/\/kuzeyinsesi.org\/index.php\/2025\/04\/23\/tcg-meltem-hucumbotu-gazimagusa-limaninda-halkin-ziyaretine-acildi\/","url":"https:\/\/kuzeyinsesi.org\/index.php\/2025\/04\/23\/tcg-meltem-hucumbotu-gazimagusa-limaninda-halkin-ziyaretine-acildi\/","name":"TCG Meltem H\u00fccumbotu Gazima\u011fusa Liman\u0131\u2019nda halk\u0131n ziyaretine a\u00e7\u0131ld\u0131 - Kuzeyin Sesi","isPartOf":{"@id":"https:\/\/kuzeyinsesi.org\/#website"},"primaryImageOfPage":{"@id":"https:\/\/kuzeyinsesi.org\/index.php\/2025\/04\/23\/tcg-meltem-hucumbotu-gazimagusa-limaninda-halkin-ziyaretine-acildi\/#primaryimage"},"image":{"@id":"https:\/\/kuzeyinsesi.org\/index.php\/2025\/04\/23\/tcg-meltem-hucumbotu-gazimagusa-limaninda-halkin-ziyaretine-acildi\/#primaryimage"},"thumbnailUrl":"https:\/\/kuzeyinsesi.org\/wp-content\/uploads\/2025\/04\/vlcsnap-2025-04-23-19h15m44s131.png","datePublished":"2025-04-23T16:18:39+00:00","author":{"@id":"https:\/\/kuzeyinsesi.org\/#\/schema\/person\/9f859689cdf01485597712386e37f5aa"},"breadcrumb":{"@id":"https:\/\/kuzeyinsesi.org\/index.php\/2025\/04\/23\/tcg-meltem-hucumbotu-gazimagusa-limaninda-halkin-ziyaretine-acildi\/#breadcrumb"},"inLanguage":"tr","potentialAction":[{"@type":"ReadAction","target":["https:\/\/kuzeyinsesi.org\/index.php\/2025\/04\/23\/tcg-meltem-hucumbotu-gazimagusa-limaninda-halkin-ziyaretine-acildi\/"]}]},{"@type":"ImageObject","inLanguage":"tr","@id":"https:\/\/kuzeyinsesi.org\/index.php\/2025\/04\/23\/tcg-meltem-hucumbotu-gazimagusa-limaninda-halkin-ziyaretine-acildi\/#primaryimage","url":"https:\/\/kuzeyinsesi.org\/wp-content\/uploads\/2025\/04\/vlcsnap-2025-04-23-19h15m44s131.png","contentUrl":"https:\/\/kuzeyinsesi.org\/wp-content\/uploads\/2025\/04\/vlcsnap-2025-04-23-19h15m44s131.png","width":1920,"height":1080},{"@type":"BreadcrumbList","@id":"https:\/\/kuzeyinsesi.org\/index.php\/2025\/04\/23\/tcg-meltem-hucumbotu-gazimagusa-limaninda-halkin-ziyaretine-acildi\/#breadcrumb","itemListElement":[{"@type":"ListItem","position":1,"name":"Anasayfa","item":"https:\/\/kuzeyinsesi.org\/"},{"@type":"ListItem","position":2,"name":"TCG Meltem H\u00fccumbotu Gazima\u011fusa Liman\u0131\u2019nda halk\u0131n ziyaretine a\u00e7\u0131ld\u0131"}]},{"@type":"WebSite","@id":"https:\/\/kuzeyinsesi.org\/#website","url":"https:\/\/kuzeyinsesi.org\/","name":"Kuzeyin Sesi","description":"Do\u011fru Haberin Adresi","potentialAction":[{"@type":"SearchAction","target":{"@type":"EntryPoint","urlTemplate":"https:\/\/kuzeyinsesi.org\/?s={search_term_string}"},"query-input":{"@type":"PropertyValueSpecification","valueRequired":true,"valueName":"search_term_string"}}],"inLanguage":"tr"},{"@type":"Person","@id":"https:\/\/kuzeyinsesi.org\/#\/schema\/person\/9f859689cdf01485597712386e37f5aa","name":"Kuzeyin Sesi","image":{"@type":"ImageObject","inLanguage":"tr","@id":"https:\/\/secure.gravatar.com\/avatar\/bab33852abfd8b282518d6ed81826833d77c3c882d9ab608add591ccace47a44?s=96&d=mm&r=g","url":"https:\/\/secure.gravatar.com\/avatar\/bab33852abfd8b282518d6ed81826833d77c3c882d9ab608add591ccace47a44?s=96&d=mm&r=g","contentUrl":"https:\/\/secure.gravatar.com\/avatar\/bab33852abfd8b282518d6ed81826833d77c3c882d9ab608add591ccace47a44?s=96&d=mm&r=g","caption":"Kuzeyin Sesi"},"sameAs":["https:\/\/kuzeyinsesi.org"],"url":"https:\/\/kuzeyinsesi.org\/index.php\/author\/guven\/"}]}},"_links":{"self":[{"href":"https:\/\/kuzeyinsesi.org\/index.php\/wp-json\/wp\/v2\/posts\/23734","targetHints":{"allow":["GET"]}}],"collection":[{"href":"https:\/\/kuzeyinsesi.org\/index.php\/wp-json\/wp\/v2\/posts"}],"about":[{"href":"https:\/\/kuzeyinsesi.org\/index.php\/wp-json\/wp\/v2\/types\/post"}],"author":[{"embeddable":true,"href":"https:\/\/kuzeyinsesi.org\/index.php\/wp-json\/wp\/v2\/users\/1"}],"replies":[{"embeddable":true,"href":"https:\/\/kuzeyinsesi.org\/index.php\/wp-json\/wp\/v2\/comments?post=23734"}],"version-history":[{"count":0,"href":"https:\/\/kuzeyinsesi.org\/index.php\/wp-json\/wp\/v2\/posts\/23734\/revisions"}],"wp:featuredmedia":[{"embeddable":true,"href":"https:\/\/kuzeyinsesi.org\/index.php\/wp-json\/wp\/v2\/media\/23735"}],"wp:attachment":[{"href":"https:\/\/kuzeyinsesi.org\/index.php\/wp-json\/wp\/v2\/media?parent=23734"}],"wp:term":[{"taxonomy":"category","embeddable":true,"href":"https:\/\/kuzeyinsesi.org\/index.php\/wp-json\/wp\/v2\/categories?post=23734"},{"taxonomy":"post_tag","embeddable":true,"href":"https:\/\/kuzeyinsesi.org\/index.php\/wp-json\/wp\/v2\/tags?post=23734"}],"curies":[{"name":"wp","href":"https:\/\/api.w.org\/{rel}","templated":true}]}}