{"id":2364,"date":"2024-05-13T20:11:10","date_gmt":"2024-05-13T17:11:10","guid":{"rendered":"https:\/\/kuzeyinsesi.com\/index.php\/2024\/05\/13\/32-devlet-fotograf-yarismasina-55-kisi-1091-fotografla-katildi\/"},"modified":"2024-05-13T20:11:10","modified_gmt":"2024-05-13T17:11:10","slug":"32-devlet-fotograf-yarismasina-55-kisi-1091-fotografla-katildi","status":"publish","type":"post","link":"https:\/\/kuzeyinsesi.org\/index.php\/2024\/05\/13\/32-devlet-fotograf-yarismasina-55-kisi-1091-fotografla-katildi\/","title":{"rendered":"32. Devlet Foto\u011fraf Yar\u0131\u015fmas\u0131\u2019na 55 ki\u015fi 1091 foto\u011frafla kat\u0131ld\u0131"},"content":{"rendered":"<div>\n<div class=\"mariselle-image-container center\">\n                                            <\/div>\n<p>Ba\u015fbakan Yard\u0131mc\u0131l\u0131\u011f\u0131 Turizm, K\u00fclt\u00fcr, Gen\u00e7lik ve \u00c7evre Bakanl\u0131\u011f\u0131\u2019na ba\u011fl\u0131 K\u00fclt\u00fcr Dairesi\u2019nin d\u00fczenledi\u011fi XXXII. Devlet Foto\u011fraf Yar\u0131\u015fmas\u0131\u2019na 55 ki\u015fi 1091 foto\u011frafla kat\u0131ld\u0131.<\/p>\n<p>Kat\u0131l\u0131mc\u0131 listesi kulturdairesi.gov.ct.tr adresinden duyurular ba\u015fl\u0131\u011f\u0131 alt\u0131nda payla\u015f\u0131lan yar\u0131\u015fman\u0131n de\u011ferlendirmeleri haziran ay\u0131n\u0131n ikinci haftas\u0131 yap\u0131lacak.<\/p>\n<p>Yar\u0131\u015fman\u0131n se\u00e7ici kurulu Prof. Dr. Osman \u00dcrper, Prof. Dr. Ali Muhammet Bayraktar ve \u00d6\u011fr. G\u00f6r. Mert Yusuf \u00d6zl\u00fck\u2019ten olu\u015fuyor.<\/p>\n<p>K\u00fclt\u00fcr Dairesi\u2019nden verilen bilgiye g\u00f6re, ge\u00e7en y\u0131ldan ba\u015flayarak alt\u0131 kategoride d\u00fczenlenen Devlet Foto\u011fraf Yar\u0131\u015fmas\u0131 Sergisi\u2019nin, Serbest (Siyah&amp;Beyaz) kategorisine 48 foto\u011fraf\u00e7\u0131 230 foto\u011fraf ile, Serbest (Renkli) kategorisine 49 foto\u011fraf\u00e7\u0131 240 foto\u011fraf ile ve Do\u011fa (Renkli-Siyah&amp;Beyaz) kategorisine 47 foto\u011fraf\u00e7\u0131 221 foto\u011fraf ile kat\u0131ld\u0131.<\/p>\n<p>Yar\u0131\u015fman\u0131n kategorilerine ge\u00e7en y\u0131l eklenmi\u015f olan; Kavramsal (Serbest) kategorisine 28 foto\u011fraf\u00e7\u0131 133 foto\u011fraf ile, \u201cBenim \u015eehrim G\u00fczelyurt\u2019um\u201d (Renkli-Siyah&amp;Beyaz) kategorisine 29 foto\u011fraf\u00e7\u0131 136 foto\u011fraf ile ve Mimari (Siyah&amp;Beyaz): Abdullah Onar\u2019\u0131n Eserleri kategorisine de 27 foto\u011fraf\u00e7\u0131 131 foto\u011fraf ile kat\u0131ld\u0131.<\/p>\n<p>Se\u00e7ici kurul \u00fcyelerinin de\u011ferlendirme toplant\u0131s\u0131na g\u00f6zlemci \u00fcye olarak K\u00fclt\u00fcr Dairesi K\u00fclt\u00fcr Merkezi Y\u00f6netmeni ve Foto\u011fraf Sanat\u00e7\u0131s\u0131 Ceyhan \u00d6zy\u0131ld\u0131z ile yar\u0131\u015fman\u0131n Mimari kategorisinde Dan\u0131\u015fman \u00dcye olarak g\u00f6rev alacak olan Mimar Abdullah Onar\u2019\u0131n k\u0131z\u0131 Sanat\u00e7\u0131 Anber Onar da kat\u0131lacaklar.<\/p>\n<p>Se\u00e7ici Kurul\u2019un de\u011ferlendirmelerinin ard\u0131ndan belirlenecek olan yar\u0131\u015fma sonu\u00e7lar\u0131, 14 Haziran Cuma g\u00fcn\u00fc kamuoyu ile payla\u015f\u0131lacak.<\/p>\n<p>K\u00fclt\u00fcr Dairesi yar\u0131\u015fman\u0131n \u00f6d\u00fcl t\u00f6reni ve sergi a\u00e7\u0131l\u0131\u015f\u0131n\u0131, 19 A\u011fustos\u2019ta D\u00fcnya Foto\u011fraf\u00e7\u0131l\u0131k G\u00fcn\u00fc\u2019nde Atat\u00fcrk K\u00fclt\u00fcr Merkezi\u2019nde yap\u0131lacak.<\/p>\n<\/p><\/div>\n<p><script async\n                    defer\n                    crossorigin=\"anonymous\"\n                    src=\"https:\/\/connect.facebook.net\/tr_TR\/sdk.js#xfbml=1&#038;version=v3.3\"\n            ><\/script><\/p>\n","protected":false},"excerpt":{"rendered":"<p>Ba\u015fbakan Yard\u0131mc\u0131l\u0131\u011f\u0131 Turizm, K\u00fclt\u00fcr, Gen\u00e7lik ve \u00c7evre Bakanl\u0131\u011f\u0131\u2019na ba\u011fl\u0131 K\u00fclt\u00fcr Dairesi\u2019nin d\u00fczenledi\u011fi XXXII. Devlet Foto\u011fraf Yar\u0131\u015fmas\u0131\u2019na 55 ki\u015fi 1091 foto\u011frafla kat\u0131ld\u0131. Kat\u0131l\u0131mc\u0131 listesi kulturdairesi.gov.ct.tr adresinden duyurular ba\u015fl\u0131\u011f\u0131 alt\u0131nda payla\u015f\u0131lan yar\u0131\u015fman\u0131n de\u011ferlendirmeleri haziran ay\u0131n\u0131n ikinci haftas\u0131 yap\u0131lacak. Yar\u0131\u015fman\u0131n se\u00e7ici kurulu Prof. Dr. Osman \u00dcrper, Prof. Dr. Ali Muhammet Bayraktar ve \u00d6\u011fr. G\u00f6r. Mert Yusuf \u00d6zl\u00fck\u2019ten olu\u015fuyor. [&hellip;]<\/p>\n","protected":false},"author":1,"featured_media":2365,"comment_status":"open","ping_status":"open","sticky":false,"template":"","format":"standard","meta":{"jnews-multi-image_gallery":[],"jnews_single_post":[],"jnews_primary_category":[],"jnews_social_meta":[],"jnews_override_counter":[],"footnotes":""},"categories":[6],"tags":[],"class_list":["post-2364","post","type-post","status-publish","format-standard","has-post-thumbnail","hentry","category-yasam"],"yoast_head":"<!-- This site is optimized with the Yoast SEO plugin v27.5 - https:\/\/yoast.com\/product\/yoast-seo-wordpress\/ -->\n<title>32. Devlet Foto\u011fraf Yar\u0131\u015fmas\u0131\u2019na 55 ki\u015fi 1091 foto\u011frafla kat\u0131ld\u0131 - Kuzeyin Sesi<\/title>\n<meta name=\"robots\" content=\"index, follow, max-snippet:-1, max-image-preview:large, max-video-preview:-1\" \/>\n<link rel=\"canonical\" href=\"https:\/\/kuzeyinsesi.org\/index.php\/2024\/05\/13\/32-devlet-fotograf-yarismasina-55-kisi-1091-fotografla-katildi\/\" \/>\n<meta property=\"og:locale\" content=\"tr_TR\" \/>\n<meta property=\"og:type\" content=\"article\" \/>\n<meta property=\"og:title\" content=\"32. Devlet Foto\u011fraf Yar\u0131\u015fmas\u0131\u2019na 55 ki\u015fi 1091 foto\u011frafla kat\u0131ld\u0131 - Kuzeyin Sesi\" \/>\n<meta property=\"og:description\" content=\"Ba\u015fbakan Yard\u0131mc\u0131l\u0131\u011f\u0131 Turizm, K\u00fclt\u00fcr, Gen\u00e7lik ve \u00c7evre Bakanl\u0131\u011f\u0131\u2019na ba\u011fl\u0131 K\u00fclt\u00fcr Dairesi\u2019nin d\u00fczenledi\u011fi XXXII. Devlet Foto\u011fraf Yar\u0131\u015fmas\u0131\u2019na 55 ki\u015fi 1091 foto\u011frafla kat\u0131ld\u0131. Kat\u0131l\u0131mc\u0131 listesi kulturdairesi.gov.ct.tr adresinden duyurular ba\u015fl\u0131\u011f\u0131 alt\u0131nda payla\u015f\u0131lan yar\u0131\u015fman\u0131n de\u011ferlendirmeleri haziran ay\u0131n\u0131n ikinci haftas\u0131 yap\u0131lacak. Yar\u0131\u015fman\u0131n se\u00e7ici kurulu Prof. Dr. Osman \u00dcrper, Prof. Dr. Ali Muhammet Bayraktar ve \u00d6\u011fr. G\u00f6r. Mert Yusuf \u00d6zl\u00fck\u2019ten olu\u015fuyor. [&hellip;]\" \/>\n<meta property=\"og:url\" content=\"https:\/\/kuzeyinsesi.org\/index.php\/2024\/05\/13\/32-devlet-fotograf-yarismasina-55-kisi-1091-fotografla-katildi\/\" \/>\n<meta property=\"og:site_name\" content=\"Kuzeyin Sesi\" \/>\n<meta property=\"article:publisher\" content=\"https:\/\/www.facebook.com\/kuzeyinsesii\" \/>\n<meta property=\"article:published_time\" content=\"2024-05-13T17:11:10+00:00\" \/>\n<meta property=\"og:image\" content=\"https:\/\/kuzeyinsesi.org\/wp-content\/uploads\/2024\/05\/32-devletfotoyar-logo3.jpeg\" \/>\n\t<meta property=\"og:image:width\" content=\"1600\" \/>\n\t<meta property=\"og:image:height\" content=\"1600\" \/>\n\t<meta property=\"og:image:type\" content=\"image\/jpeg\" \/>\n<meta name=\"author\" content=\"Kuzeyin Sesi\" \/>\n<meta name=\"twitter:card\" content=\"summary_large_image\" \/>\n<meta name=\"twitter:creator\" content=\"@kuzeyinsesii\" \/>\n<meta name=\"twitter:site\" content=\"@kuzeyinsesii\" \/>\n<meta name=\"twitter:label1\" content=\"Yazan:\" \/>\n\t<meta name=\"twitter:data1\" content=\"Kuzeyin Sesi\" \/>\n\t<meta name=\"twitter:label2\" content=\"Tahmini okuma s\u00fcresi\" \/>\n\t<meta name=\"twitter:data2\" content=\"2 dakika\" \/>\n<script type=\"application\/ld+json\" class=\"yoast-schema-graph\">{\"@context\":\"https:\\\/\\\/schema.org\",\"@graph\":[{\"@type\":\"Article\",\"@id\":\"https:\\\/\\\/kuzeyinsesi.org\\\/index.php\\\/2024\\\/05\\\/13\\\/32-devlet-fotograf-yarismasina-55-kisi-1091-fotografla-katildi\\\/#article\",\"isPartOf\":{\"@id\":\"https:\\\/\\\/kuzeyinsesi.org\\\/index.php\\\/2024\\\/05\\\/13\\\/32-devlet-fotograf-yarismasina-55-kisi-1091-fotografla-katildi\\\/\"},\"author\":{\"name\":\"Kuzeyin Sesi\",\"@id\":\"https:\\\/\\\/kuzeyinsesi.org\\\/#\\\/schema\\\/person\\\/9f859689cdf01485597712386e37f5aa\"},\"headline\":\"32. Devlet Foto\u011fraf Yar\u0131\u015fmas\u0131\u2019na 55 ki\u015fi 1091 foto\u011frafla kat\u0131ld\u0131\",\"datePublished\":\"2024-05-13T17:11:10+00:00\",\"mainEntityOfPage\":{\"@id\":\"https:\\\/\\\/kuzeyinsesi.org\\\/index.php\\\/2024\\\/05\\\/13\\\/32-devlet-fotograf-yarismasina-55-kisi-1091-fotografla-katildi\\\/\"},\"wordCount\":330,\"commentCount\":0,\"image\":{\"@id\":\"https:\\\/\\\/kuzeyinsesi.org\\\/index.php\\\/2024\\\/05\\\/13\\\/32-devlet-fotograf-yarismasina-55-kisi-1091-fotografla-katildi\\\/#primaryimage\"},\"thumbnailUrl\":\"https:\\\/\\\/kuzeyinsesi.org\\\/wp-content\\\/uploads\\\/2024\\\/05\\\/32-devletfotoyar-logo3.jpeg\",\"articleSection\":[\"Ya\u015fam\"],\"inLanguage\":\"tr\",\"potentialAction\":[{\"@type\":\"CommentAction\",\"name\":\"Comment\",\"target\":[\"https:\\\/\\\/kuzeyinsesi.org\\\/index.php\\\/2024\\\/05\\\/13\\\/32-devlet-fotograf-yarismasina-55-kisi-1091-fotografla-katildi\\\/#respond\"]}]},{\"@type\":\"WebPage\",\"@id\":\"https:\\\/\\\/kuzeyinsesi.org\\\/index.php\\\/2024\\\/05\\\/13\\\/32-devlet-fotograf-yarismasina-55-kisi-1091-fotografla-katildi\\\/\",\"url\":\"https:\\\/\\\/kuzeyinsesi.org\\\/index.php\\\/2024\\\/05\\\/13\\\/32-devlet-fotograf-yarismasina-55-kisi-1091-fotografla-katildi\\\/\",\"name\":\"32. Devlet Foto\u011fraf Yar\u0131\u015fmas\u0131\u2019na 55 ki\u015fi 1091 foto\u011frafla kat\u0131ld\u0131 - Kuzeyin Sesi\",\"isPartOf\":{\"@id\":\"https:\\\/\\\/kuzeyinsesi.org\\\/#website\"},\"primaryImageOfPage\":{\"@id\":\"https:\\\/\\\/kuzeyinsesi.org\\\/index.php\\\/2024\\\/05\\\/13\\\/32-devlet-fotograf-yarismasina-55-kisi-1091-fotografla-katildi\\\/#primaryimage\"},\"image\":{\"@id\":\"https:\\\/\\\/kuzeyinsesi.org\\\/index.php\\\/2024\\\/05\\\/13\\\/32-devlet-fotograf-yarismasina-55-kisi-1091-fotografla-katildi\\\/#primaryimage\"},\"thumbnailUrl\":\"https:\\\/\\\/kuzeyinsesi.org\\\/wp-content\\\/uploads\\\/2024\\\/05\\\/32-devletfotoyar-logo3.jpeg\",\"datePublished\":\"2024-05-13T17:11:10+00:00\",\"author\":{\"@id\":\"https:\\\/\\\/kuzeyinsesi.org\\\/#\\\/schema\\\/person\\\/9f859689cdf01485597712386e37f5aa\"},\"breadcrumb\":{\"@id\":\"https:\\\/\\\/kuzeyinsesi.org\\\/index.php\\\/2024\\\/05\\\/13\\\/32-devlet-fotograf-yarismasina-55-kisi-1091-fotografla-katildi\\\/#breadcrumb\"},\"inLanguage\":\"tr\",\"potentialAction\":[{\"@type\":\"ReadAction\",\"target\":[\"https:\\\/\\\/kuzeyinsesi.org\\\/index.php\\\/2024\\\/05\\\/13\\\/32-devlet-fotograf-yarismasina-55-kisi-1091-fotografla-katildi\\\/\"]}]},{\"@type\":\"ImageObject\",\"inLanguage\":\"tr\",\"@id\":\"https:\\\/\\\/kuzeyinsesi.org\\\/index.php\\\/2024\\\/05\\\/13\\\/32-devlet-fotograf-yarismasina-55-kisi-1091-fotografla-katildi\\\/#primaryimage\",\"url\":\"https:\\\/\\\/kuzeyinsesi.org\\\/wp-content\\\/uploads\\\/2024\\\/05\\\/32-devletfotoyar-logo3.jpeg\",\"contentUrl\":\"https:\\\/\\\/kuzeyinsesi.org\\\/wp-content\\\/uploads\\\/2024\\\/05\\\/32-devletfotoyar-logo3.jpeg\",\"width\":1600,\"height\":1600},{\"@type\":\"BreadcrumbList\",\"@id\":\"https:\\\/\\\/kuzeyinsesi.org\\\/index.php\\\/2024\\\/05\\\/13\\\/32-devlet-fotograf-yarismasina-55-kisi-1091-fotografla-katildi\\\/#breadcrumb\",\"itemListElement\":[{\"@type\":\"ListItem\",\"position\":1,\"name\":\"Anasayfa\",\"item\":\"https:\\\/\\\/kuzeyinsesi.org\\\/\"},{\"@type\":\"ListItem\",\"position\":2,\"name\":\"32. Devlet Foto\u011fraf Yar\u0131\u015fmas\u0131\u2019na 55 ki\u015fi 1091 foto\u011frafla kat\u0131ld\u0131\"}]},{\"@type\":\"WebSite\",\"@id\":\"https:\\\/\\\/kuzeyinsesi.org\\\/#website\",\"url\":\"https:\\\/\\\/kuzeyinsesi.org\\\/\",\"name\":\"Kuzeyin Sesi\",\"description\":\"Do\u011fru Haberin Adresi\",\"potentialAction\":[{\"@type\":\"SearchAction\",\"target\":{\"@type\":\"EntryPoint\",\"urlTemplate\":\"https:\\\/\\\/kuzeyinsesi.org\\\/?s={search_term_string}\"},\"query-input\":{\"@type\":\"PropertyValueSpecification\",\"valueRequired\":true,\"valueName\":\"search_term_string\"}}],\"inLanguage\":\"tr\"},{\"@type\":\"Person\",\"@id\":\"https:\\\/\\\/kuzeyinsesi.org\\\/#\\\/schema\\\/person\\\/9f859689cdf01485597712386e37f5aa\",\"name\":\"Kuzeyin Sesi\",\"image\":{\"@type\":\"ImageObject\",\"inLanguage\":\"tr\",\"@id\":\"https:\\\/\\\/secure.gravatar.com\\\/avatar\\\/bab33852abfd8b282518d6ed81826833d77c3c882d9ab608add591ccace47a44?s=96&d=mm&r=g\",\"url\":\"https:\\\/\\\/secure.gravatar.com\\\/avatar\\\/bab33852abfd8b282518d6ed81826833d77c3c882d9ab608add591ccace47a44?s=96&d=mm&r=g\",\"contentUrl\":\"https:\\\/\\\/secure.gravatar.com\\\/avatar\\\/bab33852abfd8b282518d6ed81826833d77c3c882d9ab608add591ccace47a44?s=96&d=mm&r=g\",\"caption\":\"Kuzeyin Sesi\"},\"sameAs\":[\"https:\\\/\\\/kuzeyinsesi.org\"],\"url\":\"https:\\\/\\\/kuzeyinsesi.org\\\/index.php\\\/author\\\/guven\\\/\"}]}<\/script>\n<!-- \/ Yoast SEO plugin. -->","yoast_head_json":{"title":"32. Devlet Foto\u011fraf Yar\u0131\u015fmas\u0131\u2019na 55 ki\u015fi 1091 foto\u011frafla kat\u0131ld\u0131 - Kuzeyin Sesi","robots":{"index":"index","follow":"follow","max-snippet":"max-snippet:-1","max-image-preview":"max-image-preview:large","max-video-preview":"max-video-preview:-1"},"canonical":"https:\/\/kuzeyinsesi.org\/index.php\/2024\/05\/13\/32-devlet-fotograf-yarismasina-55-kisi-1091-fotografla-katildi\/","og_locale":"tr_TR","og_type":"article","og_title":"32. Devlet Foto\u011fraf Yar\u0131\u015fmas\u0131\u2019na 55 ki\u015fi 1091 foto\u011frafla kat\u0131ld\u0131 - Kuzeyin Sesi","og_description":"Ba\u015fbakan Yard\u0131mc\u0131l\u0131\u011f\u0131 Turizm, K\u00fclt\u00fcr, Gen\u00e7lik ve \u00c7evre Bakanl\u0131\u011f\u0131\u2019na ba\u011fl\u0131 K\u00fclt\u00fcr Dairesi\u2019nin d\u00fczenledi\u011fi XXXII. Devlet Foto\u011fraf Yar\u0131\u015fmas\u0131\u2019na 55 ki\u015fi 1091 foto\u011frafla kat\u0131ld\u0131. Kat\u0131l\u0131mc\u0131 listesi kulturdairesi.gov.ct.tr adresinden duyurular ba\u015fl\u0131\u011f\u0131 alt\u0131nda payla\u015f\u0131lan yar\u0131\u015fman\u0131n de\u011ferlendirmeleri haziran ay\u0131n\u0131n ikinci haftas\u0131 yap\u0131lacak. Yar\u0131\u015fman\u0131n se\u00e7ici kurulu Prof. Dr. Osman \u00dcrper, Prof. Dr. Ali Muhammet Bayraktar ve \u00d6\u011fr. G\u00f6r. Mert Yusuf \u00d6zl\u00fck\u2019ten olu\u015fuyor. [&hellip;]","og_url":"https:\/\/kuzeyinsesi.org\/index.php\/2024\/05\/13\/32-devlet-fotograf-yarismasina-55-kisi-1091-fotografla-katildi\/","og_site_name":"Kuzeyin Sesi","article_publisher":"https:\/\/www.facebook.com\/kuzeyinsesii","article_published_time":"2024-05-13T17:11:10+00:00","og_image":[{"width":1600,"height":1600,"url":"https:\/\/kuzeyinsesi.org\/wp-content\/uploads\/2024\/05\/32-devletfotoyar-logo3.jpeg","type":"image\/jpeg"}],"author":"Kuzeyin Sesi","twitter_card":"summary_large_image","twitter_creator":"@kuzeyinsesii","twitter_site":"@kuzeyinsesii","twitter_misc":{"Yazan:":"Kuzeyin Sesi","Tahmini okuma s\u00fcresi":"2 dakika"},"schema":{"@context":"https:\/\/schema.org","@graph":[{"@type":"Article","@id":"https:\/\/kuzeyinsesi.org\/index.php\/2024\/05\/13\/32-devlet-fotograf-yarismasina-55-kisi-1091-fotografla-katildi\/#article","isPartOf":{"@id":"https:\/\/kuzeyinsesi.org\/index.php\/2024\/05\/13\/32-devlet-fotograf-yarismasina-55-kisi-1091-fotografla-katildi\/"},"author":{"name":"Kuzeyin Sesi","@id":"https:\/\/kuzeyinsesi.org\/#\/schema\/person\/9f859689cdf01485597712386e37f5aa"},"headline":"32. Devlet Foto\u011fraf Yar\u0131\u015fmas\u0131\u2019na 55 ki\u015fi 1091 foto\u011frafla kat\u0131ld\u0131","datePublished":"2024-05-13T17:11:10+00:00","mainEntityOfPage":{"@id":"https:\/\/kuzeyinsesi.org\/index.php\/2024\/05\/13\/32-devlet-fotograf-yarismasina-55-kisi-1091-fotografla-katildi\/"},"wordCount":330,"commentCount":0,"image":{"@id":"https:\/\/kuzeyinsesi.org\/index.php\/2024\/05\/13\/32-devlet-fotograf-yarismasina-55-kisi-1091-fotografla-katildi\/#primaryimage"},"thumbnailUrl":"https:\/\/kuzeyinsesi.org\/wp-content\/uploads\/2024\/05\/32-devletfotoyar-logo3.jpeg","articleSection":["Ya\u015fam"],"inLanguage":"tr","potentialAction":[{"@type":"CommentAction","name":"Comment","target":["https:\/\/kuzeyinsesi.org\/index.php\/2024\/05\/13\/32-devlet-fotograf-yarismasina-55-kisi-1091-fotografla-katildi\/#respond"]}]},{"@type":"WebPage","@id":"https:\/\/kuzeyinsesi.org\/index.php\/2024\/05\/13\/32-devlet-fotograf-yarismasina-55-kisi-1091-fotografla-katildi\/","url":"https:\/\/kuzeyinsesi.org\/index.php\/2024\/05\/13\/32-devlet-fotograf-yarismasina-55-kisi-1091-fotografla-katildi\/","name":"32. Devlet Foto\u011fraf Yar\u0131\u015fmas\u0131\u2019na 55 ki\u015fi 1091 foto\u011frafla kat\u0131ld\u0131 - Kuzeyin Sesi","isPartOf":{"@id":"https:\/\/kuzeyinsesi.org\/#website"},"primaryImageOfPage":{"@id":"https:\/\/kuzeyinsesi.org\/index.php\/2024\/05\/13\/32-devlet-fotograf-yarismasina-55-kisi-1091-fotografla-katildi\/#primaryimage"},"image":{"@id":"https:\/\/kuzeyinsesi.org\/index.php\/2024\/05\/13\/32-devlet-fotograf-yarismasina-55-kisi-1091-fotografla-katildi\/#primaryimage"},"thumbnailUrl":"https:\/\/kuzeyinsesi.org\/wp-content\/uploads\/2024\/05\/32-devletfotoyar-logo3.jpeg","datePublished":"2024-05-13T17:11:10+00:00","author":{"@id":"https:\/\/kuzeyinsesi.org\/#\/schema\/person\/9f859689cdf01485597712386e37f5aa"},"breadcrumb":{"@id":"https:\/\/kuzeyinsesi.org\/index.php\/2024\/05\/13\/32-devlet-fotograf-yarismasina-55-kisi-1091-fotografla-katildi\/#breadcrumb"},"inLanguage":"tr","potentialAction":[{"@type":"ReadAction","target":["https:\/\/kuzeyinsesi.org\/index.php\/2024\/05\/13\/32-devlet-fotograf-yarismasina-55-kisi-1091-fotografla-katildi\/"]}]},{"@type":"ImageObject","inLanguage":"tr","@id":"https:\/\/kuzeyinsesi.org\/index.php\/2024\/05\/13\/32-devlet-fotograf-yarismasina-55-kisi-1091-fotografla-katildi\/#primaryimage","url":"https:\/\/kuzeyinsesi.org\/wp-content\/uploads\/2024\/05\/32-devletfotoyar-logo3.jpeg","contentUrl":"https:\/\/kuzeyinsesi.org\/wp-content\/uploads\/2024\/05\/32-devletfotoyar-logo3.jpeg","width":1600,"height":1600},{"@type":"BreadcrumbList","@id":"https:\/\/kuzeyinsesi.org\/index.php\/2024\/05\/13\/32-devlet-fotograf-yarismasina-55-kisi-1091-fotografla-katildi\/#breadcrumb","itemListElement":[{"@type":"ListItem","position":1,"name":"Anasayfa","item":"https:\/\/kuzeyinsesi.org\/"},{"@type":"ListItem","position":2,"name":"32. Devlet Foto\u011fraf Yar\u0131\u015fmas\u0131\u2019na 55 ki\u015fi 1091 foto\u011frafla kat\u0131ld\u0131"}]},{"@type":"WebSite","@id":"https:\/\/kuzeyinsesi.org\/#website","url":"https:\/\/kuzeyinsesi.org\/","name":"Kuzeyin Sesi","description":"Do\u011fru Haberin Adresi","potentialAction":[{"@type":"SearchAction","target":{"@type":"EntryPoint","urlTemplate":"https:\/\/kuzeyinsesi.org\/?s={search_term_string}"},"query-input":{"@type":"PropertyValueSpecification","valueRequired":true,"valueName":"search_term_string"}}],"inLanguage":"tr"},{"@type":"Person","@id":"https:\/\/kuzeyinsesi.org\/#\/schema\/person\/9f859689cdf01485597712386e37f5aa","name":"Kuzeyin Sesi","image":{"@type":"ImageObject","inLanguage":"tr","@id":"https:\/\/secure.gravatar.com\/avatar\/bab33852abfd8b282518d6ed81826833d77c3c882d9ab608add591ccace47a44?s=96&d=mm&r=g","url":"https:\/\/secure.gravatar.com\/avatar\/bab33852abfd8b282518d6ed81826833d77c3c882d9ab608add591ccace47a44?s=96&d=mm&r=g","contentUrl":"https:\/\/secure.gravatar.com\/avatar\/bab33852abfd8b282518d6ed81826833d77c3c882d9ab608add591ccace47a44?s=96&d=mm&r=g","caption":"Kuzeyin Sesi"},"sameAs":["https:\/\/kuzeyinsesi.org"],"url":"https:\/\/kuzeyinsesi.org\/index.php\/author\/guven\/"}]}},"_links":{"self":[{"href":"https:\/\/kuzeyinsesi.org\/index.php\/wp-json\/wp\/v2\/posts\/2364","targetHints":{"allow":["GET"]}}],"collection":[{"href":"https:\/\/kuzeyinsesi.org\/index.php\/wp-json\/wp\/v2\/posts"}],"about":[{"href":"https:\/\/kuzeyinsesi.org\/index.php\/wp-json\/wp\/v2\/types\/post"}],"author":[{"embeddable":true,"href":"https:\/\/kuzeyinsesi.org\/index.php\/wp-json\/wp\/v2\/users\/1"}],"replies":[{"embeddable":true,"href":"https:\/\/kuzeyinsesi.org\/index.php\/wp-json\/wp\/v2\/comments?post=2364"}],"version-history":[{"count":0,"href":"https:\/\/kuzeyinsesi.org\/index.php\/wp-json\/wp\/v2\/posts\/2364\/revisions"}],"wp:featuredmedia":[{"embeddable":true,"href":"https:\/\/kuzeyinsesi.org\/index.php\/wp-json\/wp\/v2\/media\/2365"}],"wp:attachment":[{"href":"https:\/\/kuzeyinsesi.org\/index.php\/wp-json\/wp\/v2\/media?parent=2364"}],"wp:term":[{"taxonomy":"category","embeddable":true,"href":"https:\/\/kuzeyinsesi.org\/index.php\/wp-json\/wp\/v2\/categories?post=2364"},{"taxonomy":"post_tag","embeddable":true,"href":"https:\/\/kuzeyinsesi.org\/index.php\/wp-json\/wp\/v2\/tags?post=2364"}],"curies":[{"name":"wp","href":"https:\/\/api.w.org\/{rel}","templated":true}]}}