{"id":2232,"date":"2024-05-12T22:44:44","date_gmt":"2024-05-12T19:44:44","guid":{"rendered":"https:\/\/kuzeyinsesi.com\/index.php\/2024\/05\/12\/luna-tulay-arthome-atolyesi-yeniden-dogus-karma-sergisi-19-mayis-gunu-bellapais-manastirinda-aciliyor\/"},"modified":"2024-05-12T22:44:44","modified_gmt":"2024-05-12T19:44:44","slug":"luna-tulay-arthome-atolyesi-yeniden-dogus-karma-sergisi-19-mayis-gunu-bellapais-manastirinda-aciliyor","status":"publish","type":"post","link":"https:\/\/kuzeyinsesi.org\/index.php\/2024\/05\/12\/luna-tulay-arthome-atolyesi-yeniden-dogus-karma-sergisi-19-mayis-gunu-bellapais-manastirinda-aciliyor\/","title":{"rendered":"Luna T\u00fclay Arthome At\u00f6lyesi \u201cYeniden Do\u011fu\u015f\u201d karma sergisi 19 May\u0131s g\u00fcn\u00fc Bellapais Manast\u0131r\u0131nda a\u00e7\u0131l\u0131yor"},"content":{"rendered":"<div>\n<div class=\"mariselle-image-container none\">\n                                            <\/div>\n<p>Luna T\u00fclay Art Home At\u00f6lyesi, ge\u00e7en y\u0131l oldu\u011fu gibi bu y\u0131l da 19 May\u0131s Pazar g\u00fcn\u00fc saat 19.00 da at\u00f6lye kurucusu Okan\u2019\u0131n yapaca\u011f\u0131 bilgi payla\u015f\u0131m\u0131n\u0131n ard\u0131ndan serginin kap\u0131lar\u0131n\u0131 sanatseverlere a\u00e7\u0131yor.<\/p>\n<p>Luna T\u00fclay Art Home kurucusu Ressam, Sanat E\u011fitmeni; T\u00fclay Okan, At\u00f6lyesi b\u00fcnyesinde e\u011fitim g\u00f6ren kat\u0131l\u0131mc\u0131lar\u0131n herbirinin kendilerine \u00f6zg\u00fc yakla\u015f\u0131mlar\u0131n\u0131 ke\u015ffetmelerine ve geli\u015ftirmelerine \u00f6zen g\u00f6sterdi\u011fi; Alexandra Parashiv, Ay\u015fenaz Can, Ay\u015fe Uluca, Alisa \u00dcng\u00f6r, Bartu Sad\u0131ko\u011flu, B\u00fc\u015fra Akbulut, Beren \u0130ncekalan, Deniz Fafal, Elif Y\u00fcksekba\u015f, Feride \u00d6z\u00f6ren, Gaye Azizo\u011flu, G\u00fclce \u00dcng\u00f6r, Jale P\u0131nar, Kayra Bilge, Nigar G\u00fcne\u015f, Nil Soykara, Pembe G\u00fcne\u015fer, Sahra \u00d6z\u00f6ren, Su Erhun, Sim Y\u00fccel\u2019in \u00e7al\u0131\u015fmalar\u0131 ile sergi olu\u015fumu tamamland\u0131. \u00a0Bellapais Manast\u0131r\u0131\u2019n\u0131n etkileyici atmosferinde biraraya gelen 20kat\u0131l\u0131mc\u0131n\u0131n eserlerinden olu\u015fan karma sergi KKTC Turizm K\u00fclt\u00fcr Bakanl\u0131\u011f\u0131 taraf\u0131ndan desteklenen sergi 22 May\u0131s\u2019a kadar g\u00f6r\u00fclebilecek.<\/p>\n<\/p><\/div>\n<p><script async\n                    defer\n                    crossorigin=\"anonymous\"\n                    src=\"https:\/\/connect.facebook.net\/tr_TR\/sdk.js#xfbml=1&#038;version=v3.3\"\n            ><\/script><\/p>\n","protected":false},"excerpt":{"rendered":"<p>Luna T\u00fclay Art Home At\u00f6lyesi, ge\u00e7en y\u0131l oldu\u011fu gibi bu y\u0131l da 19 May\u0131s Pazar g\u00fcn\u00fc saat 19.00 da at\u00f6lye kurucusu Okan\u2019\u0131n yapaca\u011f\u0131 bilgi payla\u015f\u0131m\u0131n\u0131n ard\u0131ndan serginin kap\u0131lar\u0131n\u0131 sanatseverlere a\u00e7\u0131yor. Luna T\u00fclay Art Home kurucusu Ressam, Sanat E\u011fitmeni; T\u00fclay Okan, At\u00f6lyesi b\u00fcnyesinde e\u011fitim g\u00f6ren kat\u0131l\u0131mc\u0131lar\u0131n herbirinin kendilerine \u00f6zg\u00fc yakla\u015f\u0131mlar\u0131n\u0131 ke\u015ffetmelerine ve geli\u015ftirmelerine \u00f6zen g\u00f6sterdi\u011fi; Alexandra [&hellip;]<\/p>\n","protected":false},"author":1,"featured_media":2233,"comment_status":"open","ping_status":"open","sticky":false,"template":"","format":"standard","meta":{"jnews-multi-image_gallery":[],"jnews_single_post":[],"jnews_primary_category":[],"jnews_social_meta":[],"jnews_override_counter":[],"footnotes":""},"categories":[6],"tags":[],"class_list":["post-2232","post","type-post","status-publish","format-standard","has-post-thumbnail","hentry","category-yasam"],"yoast_head":"<!-- This site is optimized with the Yoast SEO plugin v27.5 - https:\/\/yoast.com\/product\/yoast-seo-wordpress\/ -->\n<title>Luna T\u00fclay Arthome At\u00f6lyesi \u201cYeniden Do\u011fu\u015f\u201d karma sergisi 19 May\u0131s g\u00fcn\u00fc Bellapais Manast\u0131r\u0131nda a\u00e7\u0131l\u0131yor - Kuzeyin Sesi<\/title>\n<meta name=\"robots\" content=\"index, follow, max-snippet:-1, max-image-preview:large, max-video-preview:-1\" \/>\n<link rel=\"canonical\" href=\"https:\/\/kuzeyinsesi.org\/index.php\/2024\/05\/12\/luna-tulay-arthome-atolyesi-yeniden-dogus-karma-sergisi-19-mayis-gunu-bellapais-manastirinda-aciliyor\/\" \/>\n<meta property=\"og:locale\" content=\"tr_TR\" \/>\n<meta property=\"og:type\" content=\"article\" \/>\n<meta property=\"og:title\" content=\"Luna T\u00fclay Arthome At\u00f6lyesi \u201cYeniden Do\u011fu\u015f\u201d karma sergisi 19 May\u0131s g\u00fcn\u00fc Bellapais Manast\u0131r\u0131nda a\u00e7\u0131l\u0131yor - Kuzeyin Sesi\" \/>\n<meta property=\"og:description\" content=\"Luna T\u00fclay Art Home At\u00f6lyesi, ge\u00e7en y\u0131l oldu\u011fu gibi bu y\u0131l da 19 May\u0131s Pazar g\u00fcn\u00fc saat 19.00 da at\u00f6lye kurucusu Okan\u2019\u0131n yapaca\u011f\u0131 bilgi payla\u015f\u0131m\u0131n\u0131n ard\u0131ndan serginin kap\u0131lar\u0131n\u0131 sanatseverlere a\u00e7\u0131yor. Luna T\u00fclay Art Home kurucusu Ressam, Sanat E\u011fitmeni; T\u00fclay Okan, At\u00f6lyesi b\u00fcnyesinde e\u011fitim g\u00f6ren kat\u0131l\u0131mc\u0131lar\u0131n herbirinin kendilerine \u00f6zg\u00fc yakla\u015f\u0131mlar\u0131n\u0131 ke\u015ffetmelerine ve geli\u015ftirmelerine \u00f6zen g\u00f6sterdi\u011fi; Alexandra [&hellip;]\" \/>\n<meta property=\"og:url\" content=\"https:\/\/kuzeyinsesi.org\/index.php\/2024\/05\/12\/luna-tulay-arthome-atolyesi-yeniden-dogus-karma-sergisi-19-mayis-gunu-bellapais-manastirinda-aciliyor\/\" \/>\n<meta property=\"og:site_name\" content=\"Kuzeyin Sesi\" \/>\n<meta property=\"article:publisher\" content=\"https:\/\/www.facebook.com\/kuzeyinsesii\" \/>\n<meta property=\"article:published_time\" content=\"2024-05-12T19:44:44+00:00\" \/>\n<meta property=\"og:image\" content=\"https:\/\/kuzeyinsesi.org\/wp-content\/uploads\/2024\/05\/tulay.jpg\" \/>\n\t<meta property=\"og:image:width\" content=\"900\" \/>\n\t<meta property=\"og:image:height\" content=\"1600\" \/>\n\t<meta property=\"og:image:type\" content=\"image\/jpeg\" \/>\n<meta name=\"author\" content=\"Kuzeyin Sesi\" \/>\n<meta name=\"twitter:card\" content=\"summary_large_image\" \/>\n<meta name=\"twitter:creator\" content=\"@kuzeyinsesii\" \/>\n<meta name=\"twitter:site\" content=\"@kuzeyinsesii\" \/>\n<meta name=\"twitter:label1\" content=\"Yazan:\" \/>\n\t<meta name=\"twitter:data1\" content=\"Kuzeyin Sesi\" \/>\n\t<meta name=\"twitter:label2\" content=\"Tahmini okuma s\u00fcresi\" \/>\n\t<meta name=\"twitter:data2\" content=\"1 dakika\" \/>\n<script type=\"application\/ld+json\" class=\"yoast-schema-graph\">{\"@context\":\"https:\\\/\\\/schema.org\",\"@graph\":[{\"@type\":\"Article\",\"@id\":\"https:\\\/\\\/kuzeyinsesi.org\\\/index.php\\\/2024\\\/05\\\/12\\\/luna-tulay-arthome-atolyesi-yeniden-dogus-karma-sergisi-19-mayis-gunu-bellapais-manastirinda-aciliyor\\\/#article\",\"isPartOf\":{\"@id\":\"https:\\\/\\\/kuzeyinsesi.org\\\/index.php\\\/2024\\\/05\\\/12\\\/luna-tulay-arthome-atolyesi-yeniden-dogus-karma-sergisi-19-mayis-gunu-bellapais-manastirinda-aciliyor\\\/\"},\"author\":{\"name\":\"Kuzeyin Sesi\",\"@id\":\"https:\\\/\\\/kuzeyinsesi.org\\\/#\\\/schema\\\/person\\\/9f859689cdf01485597712386e37f5aa\"},\"headline\":\"Luna T\u00fclay Arthome At\u00f6lyesi \u201cYeniden Do\u011fu\u015f\u201d karma sergisi 19 May\u0131s g\u00fcn\u00fc Bellapais Manast\u0131r\u0131nda a\u00e7\u0131l\u0131yor\",\"datePublished\":\"2024-05-12T19:44:44+00:00\",\"mainEntityOfPage\":{\"@id\":\"https:\\\/\\\/kuzeyinsesi.org\\\/index.php\\\/2024\\\/05\\\/12\\\/luna-tulay-arthome-atolyesi-yeniden-dogus-karma-sergisi-19-mayis-gunu-bellapais-manastirinda-aciliyor\\\/\"},\"wordCount\":209,\"commentCount\":0,\"image\":{\"@id\":\"https:\\\/\\\/kuzeyinsesi.org\\\/index.php\\\/2024\\\/05\\\/12\\\/luna-tulay-arthome-atolyesi-yeniden-dogus-karma-sergisi-19-mayis-gunu-bellapais-manastirinda-aciliyor\\\/#primaryimage\"},\"thumbnailUrl\":\"https:\\\/\\\/kuzeyinsesi.org\\\/wp-content\\\/uploads\\\/2024\\\/05\\\/tulay.jpg\",\"articleSection\":[\"Ya\u015fam\"],\"inLanguage\":\"tr\",\"potentialAction\":[{\"@type\":\"CommentAction\",\"name\":\"Comment\",\"target\":[\"https:\\\/\\\/kuzeyinsesi.org\\\/index.php\\\/2024\\\/05\\\/12\\\/luna-tulay-arthome-atolyesi-yeniden-dogus-karma-sergisi-19-mayis-gunu-bellapais-manastirinda-aciliyor\\\/#respond\"]}]},{\"@type\":\"WebPage\",\"@id\":\"https:\\\/\\\/kuzeyinsesi.org\\\/index.php\\\/2024\\\/05\\\/12\\\/luna-tulay-arthome-atolyesi-yeniden-dogus-karma-sergisi-19-mayis-gunu-bellapais-manastirinda-aciliyor\\\/\",\"url\":\"https:\\\/\\\/kuzeyinsesi.org\\\/index.php\\\/2024\\\/05\\\/12\\\/luna-tulay-arthome-atolyesi-yeniden-dogus-karma-sergisi-19-mayis-gunu-bellapais-manastirinda-aciliyor\\\/\",\"name\":\"Luna T\u00fclay Arthome At\u00f6lyesi \u201cYeniden Do\u011fu\u015f\u201d karma sergisi 19 May\u0131s g\u00fcn\u00fc Bellapais Manast\u0131r\u0131nda a\u00e7\u0131l\u0131yor - Kuzeyin Sesi\",\"isPartOf\":{\"@id\":\"https:\\\/\\\/kuzeyinsesi.org\\\/#website\"},\"primaryImageOfPage\":{\"@id\":\"https:\\\/\\\/kuzeyinsesi.org\\\/index.php\\\/2024\\\/05\\\/12\\\/luna-tulay-arthome-atolyesi-yeniden-dogus-karma-sergisi-19-mayis-gunu-bellapais-manastirinda-aciliyor\\\/#primaryimage\"},\"image\":{\"@id\":\"https:\\\/\\\/kuzeyinsesi.org\\\/index.php\\\/2024\\\/05\\\/12\\\/luna-tulay-arthome-atolyesi-yeniden-dogus-karma-sergisi-19-mayis-gunu-bellapais-manastirinda-aciliyor\\\/#primaryimage\"},\"thumbnailUrl\":\"https:\\\/\\\/kuzeyinsesi.org\\\/wp-content\\\/uploads\\\/2024\\\/05\\\/tulay.jpg\",\"datePublished\":\"2024-05-12T19:44:44+00:00\",\"author\":{\"@id\":\"https:\\\/\\\/kuzeyinsesi.org\\\/#\\\/schema\\\/person\\\/9f859689cdf01485597712386e37f5aa\"},\"breadcrumb\":{\"@id\":\"https:\\\/\\\/kuzeyinsesi.org\\\/index.php\\\/2024\\\/05\\\/12\\\/luna-tulay-arthome-atolyesi-yeniden-dogus-karma-sergisi-19-mayis-gunu-bellapais-manastirinda-aciliyor\\\/#breadcrumb\"},\"inLanguage\":\"tr\",\"potentialAction\":[{\"@type\":\"ReadAction\",\"target\":[\"https:\\\/\\\/kuzeyinsesi.org\\\/index.php\\\/2024\\\/05\\\/12\\\/luna-tulay-arthome-atolyesi-yeniden-dogus-karma-sergisi-19-mayis-gunu-bellapais-manastirinda-aciliyor\\\/\"]}]},{\"@type\":\"ImageObject\",\"inLanguage\":\"tr\",\"@id\":\"https:\\\/\\\/kuzeyinsesi.org\\\/index.php\\\/2024\\\/05\\\/12\\\/luna-tulay-arthome-atolyesi-yeniden-dogus-karma-sergisi-19-mayis-gunu-bellapais-manastirinda-aciliyor\\\/#primaryimage\",\"url\":\"https:\\\/\\\/kuzeyinsesi.org\\\/wp-content\\\/uploads\\\/2024\\\/05\\\/tulay.jpg\",\"contentUrl\":\"https:\\\/\\\/kuzeyinsesi.org\\\/wp-content\\\/uploads\\\/2024\\\/05\\\/tulay.jpg\",\"width\":900,\"height\":1600},{\"@type\":\"BreadcrumbList\",\"@id\":\"https:\\\/\\\/kuzeyinsesi.org\\\/index.php\\\/2024\\\/05\\\/12\\\/luna-tulay-arthome-atolyesi-yeniden-dogus-karma-sergisi-19-mayis-gunu-bellapais-manastirinda-aciliyor\\\/#breadcrumb\",\"itemListElement\":[{\"@type\":\"ListItem\",\"position\":1,\"name\":\"Anasayfa\",\"item\":\"https:\\\/\\\/kuzeyinsesi.org\\\/\"},{\"@type\":\"ListItem\",\"position\":2,\"name\":\"Luna T\u00fclay Arthome At\u00f6lyesi \u201cYeniden Do\u011fu\u015f\u201d karma sergisi 19 May\u0131s g\u00fcn\u00fc Bellapais Manast\u0131r\u0131nda a\u00e7\u0131l\u0131yor\"}]},{\"@type\":\"WebSite\",\"@id\":\"https:\\\/\\\/kuzeyinsesi.org\\\/#website\",\"url\":\"https:\\\/\\\/kuzeyinsesi.org\\\/\",\"name\":\"Kuzeyin Sesi\",\"description\":\"Do\u011fru Haberin Adresi\",\"potentialAction\":[{\"@type\":\"SearchAction\",\"target\":{\"@type\":\"EntryPoint\",\"urlTemplate\":\"https:\\\/\\\/kuzeyinsesi.org\\\/?s={search_term_string}\"},\"query-input\":{\"@type\":\"PropertyValueSpecification\",\"valueRequired\":true,\"valueName\":\"search_term_string\"}}],\"inLanguage\":\"tr\"},{\"@type\":\"Person\",\"@id\":\"https:\\\/\\\/kuzeyinsesi.org\\\/#\\\/schema\\\/person\\\/9f859689cdf01485597712386e37f5aa\",\"name\":\"Kuzeyin Sesi\",\"image\":{\"@type\":\"ImageObject\",\"inLanguage\":\"tr\",\"@id\":\"https:\\\/\\\/secure.gravatar.com\\\/avatar\\\/bab33852abfd8b282518d6ed81826833d77c3c882d9ab608add591ccace47a44?s=96&d=mm&r=g\",\"url\":\"https:\\\/\\\/secure.gravatar.com\\\/avatar\\\/bab33852abfd8b282518d6ed81826833d77c3c882d9ab608add591ccace47a44?s=96&d=mm&r=g\",\"contentUrl\":\"https:\\\/\\\/secure.gravatar.com\\\/avatar\\\/bab33852abfd8b282518d6ed81826833d77c3c882d9ab608add591ccace47a44?s=96&d=mm&r=g\",\"caption\":\"Kuzeyin Sesi\"},\"sameAs\":[\"https:\\\/\\\/kuzeyinsesi.org\"],\"url\":\"https:\\\/\\\/kuzeyinsesi.org\\\/index.php\\\/author\\\/guven\\\/\"}]}<\/script>\n<!-- \/ Yoast SEO plugin. -->","yoast_head_json":{"title":"Luna T\u00fclay Arthome At\u00f6lyesi \u201cYeniden Do\u011fu\u015f\u201d karma sergisi 19 May\u0131s g\u00fcn\u00fc Bellapais Manast\u0131r\u0131nda a\u00e7\u0131l\u0131yor - Kuzeyin Sesi","robots":{"index":"index","follow":"follow","max-snippet":"max-snippet:-1","max-image-preview":"max-image-preview:large","max-video-preview":"max-video-preview:-1"},"canonical":"https:\/\/kuzeyinsesi.org\/index.php\/2024\/05\/12\/luna-tulay-arthome-atolyesi-yeniden-dogus-karma-sergisi-19-mayis-gunu-bellapais-manastirinda-aciliyor\/","og_locale":"tr_TR","og_type":"article","og_title":"Luna T\u00fclay Arthome At\u00f6lyesi \u201cYeniden Do\u011fu\u015f\u201d karma sergisi 19 May\u0131s g\u00fcn\u00fc Bellapais Manast\u0131r\u0131nda a\u00e7\u0131l\u0131yor - Kuzeyin Sesi","og_description":"Luna T\u00fclay Art Home At\u00f6lyesi, ge\u00e7en y\u0131l oldu\u011fu gibi bu y\u0131l da 19 May\u0131s Pazar g\u00fcn\u00fc saat 19.00 da at\u00f6lye kurucusu Okan\u2019\u0131n yapaca\u011f\u0131 bilgi payla\u015f\u0131m\u0131n\u0131n ard\u0131ndan serginin kap\u0131lar\u0131n\u0131 sanatseverlere a\u00e7\u0131yor. Luna T\u00fclay Art Home kurucusu Ressam, Sanat E\u011fitmeni; T\u00fclay Okan, At\u00f6lyesi b\u00fcnyesinde e\u011fitim g\u00f6ren kat\u0131l\u0131mc\u0131lar\u0131n herbirinin kendilerine \u00f6zg\u00fc yakla\u015f\u0131mlar\u0131n\u0131 ke\u015ffetmelerine ve geli\u015ftirmelerine \u00f6zen g\u00f6sterdi\u011fi; Alexandra [&hellip;]","og_url":"https:\/\/kuzeyinsesi.org\/index.php\/2024\/05\/12\/luna-tulay-arthome-atolyesi-yeniden-dogus-karma-sergisi-19-mayis-gunu-bellapais-manastirinda-aciliyor\/","og_site_name":"Kuzeyin Sesi","article_publisher":"https:\/\/www.facebook.com\/kuzeyinsesii","article_published_time":"2024-05-12T19:44:44+00:00","og_image":[{"width":900,"height":1600,"url":"https:\/\/kuzeyinsesi.org\/wp-content\/uploads\/2024\/05\/tulay.jpg","type":"image\/jpeg"}],"author":"Kuzeyin Sesi","twitter_card":"summary_large_image","twitter_creator":"@kuzeyinsesii","twitter_site":"@kuzeyinsesii","twitter_misc":{"Yazan:":"Kuzeyin Sesi","Tahmini okuma s\u00fcresi":"1 dakika"},"schema":{"@context":"https:\/\/schema.org","@graph":[{"@type":"Article","@id":"https:\/\/kuzeyinsesi.org\/index.php\/2024\/05\/12\/luna-tulay-arthome-atolyesi-yeniden-dogus-karma-sergisi-19-mayis-gunu-bellapais-manastirinda-aciliyor\/#article","isPartOf":{"@id":"https:\/\/kuzeyinsesi.org\/index.php\/2024\/05\/12\/luna-tulay-arthome-atolyesi-yeniden-dogus-karma-sergisi-19-mayis-gunu-bellapais-manastirinda-aciliyor\/"},"author":{"name":"Kuzeyin Sesi","@id":"https:\/\/kuzeyinsesi.org\/#\/schema\/person\/9f859689cdf01485597712386e37f5aa"},"headline":"Luna T\u00fclay Arthome At\u00f6lyesi \u201cYeniden Do\u011fu\u015f\u201d karma sergisi 19 May\u0131s g\u00fcn\u00fc Bellapais Manast\u0131r\u0131nda a\u00e7\u0131l\u0131yor","datePublished":"2024-05-12T19:44:44+00:00","mainEntityOfPage":{"@id":"https:\/\/kuzeyinsesi.org\/index.php\/2024\/05\/12\/luna-tulay-arthome-atolyesi-yeniden-dogus-karma-sergisi-19-mayis-gunu-bellapais-manastirinda-aciliyor\/"},"wordCount":209,"commentCount":0,"image":{"@id":"https:\/\/kuzeyinsesi.org\/index.php\/2024\/05\/12\/luna-tulay-arthome-atolyesi-yeniden-dogus-karma-sergisi-19-mayis-gunu-bellapais-manastirinda-aciliyor\/#primaryimage"},"thumbnailUrl":"https:\/\/kuzeyinsesi.org\/wp-content\/uploads\/2024\/05\/tulay.jpg","articleSection":["Ya\u015fam"],"inLanguage":"tr","potentialAction":[{"@type":"CommentAction","name":"Comment","target":["https:\/\/kuzeyinsesi.org\/index.php\/2024\/05\/12\/luna-tulay-arthome-atolyesi-yeniden-dogus-karma-sergisi-19-mayis-gunu-bellapais-manastirinda-aciliyor\/#respond"]}]},{"@type":"WebPage","@id":"https:\/\/kuzeyinsesi.org\/index.php\/2024\/05\/12\/luna-tulay-arthome-atolyesi-yeniden-dogus-karma-sergisi-19-mayis-gunu-bellapais-manastirinda-aciliyor\/","url":"https:\/\/kuzeyinsesi.org\/index.php\/2024\/05\/12\/luna-tulay-arthome-atolyesi-yeniden-dogus-karma-sergisi-19-mayis-gunu-bellapais-manastirinda-aciliyor\/","name":"Luna T\u00fclay Arthome At\u00f6lyesi \u201cYeniden Do\u011fu\u015f\u201d karma sergisi 19 May\u0131s g\u00fcn\u00fc Bellapais Manast\u0131r\u0131nda a\u00e7\u0131l\u0131yor - Kuzeyin Sesi","isPartOf":{"@id":"https:\/\/kuzeyinsesi.org\/#website"},"primaryImageOfPage":{"@id":"https:\/\/kuzeyinsesi.org\/index.php\/2024\/05\/12\/luna-tulay-arthome-atolyesi-yeniden-dogus-karma-sergisi-19-mayis-gunu-bellapais-manastirinda-aciliyor\/#primaryimage"},"image":{"@id":"https:\/\/kuzeyinsesi.org\/index.php\/2024\/05\/12\/luna-tulay-arthome-atolyesi-yeniden-dogus-karma-sergisi-19-mayis-gunu-bellapais-manastirinda-aciliyor\/#primaryimage"},"thumbnailUrl":"https:\/\/kuzeyinsesi.org\/wp-content\/uploads\/2024\/05\/tulay.jpg","datePublished":"2024-05-12T19:44:44+00:00","author":{"@id":"https:\/\/kuzeyinsesi.org\/#\/schema\/person\/9f859689cdf01485597712386e37f5aa"},"breadcrumb":{"@id":"https:\/\/kuzeyinsesi.org\/index.php\/2024\/05\/12\/luna-tulay-arthome-atolyesi-yeniden-dogus-karma-sergisi-19-mayis-gunu-bellapais-manastirinda-aciliyor\/#breadcrumb"},"inLanguage":"tr","potentialAction":[{"@type":"ReadAction","target":["https:\/\/kuzeyinsesi.org\/index.php\/2024\/05\/12\/luna-tulay-arthome-atolyesi-yeniden-dogus-karma-sergisi-19-mayis-gunu-bellapais-manastirinda-aciliyor\/"]}]},{"@type":"ImageObject","inLanguage":"tr","@id":"https:\/\/kuzeyinsesi.org\/index.php\/2024\/05\/12\/luna-tulay-arthome-atolyesi-yeniden-dogus-karma-sergisi-19-mayis-gunu-bellapais-manastirinda-aciliyor\/#primaryimage","url":"https:\/\/kuzeyinsesi.org\/wp-content\/uploads\/2024\/05\/tulay.jpg","contentUrl":"https:\/\/kuzeyinsesi.org\/wp-content\/uploads\/2024\/05\/tulay.jpg","width":900,"height":1600},{"@type":"BreadcrumbList","@id":"https:\/\/kuzeyinsesi.org\/index.php\/2024\/05\/12\/luna-tulay-arthome-atolyesi-yeniden-dogus-karma-sergisi-19-mayis-gunu-bellapais-manastirinda-aciliyor\/#breadcrumb","itemListElement":[{"@type":"ListItem","position":1,"name":"Anasayfa","item":"https:\/\/kuzeyinsesi.org\/"},{"@type":"ListItem","position":2,"name":"Luna T\u00fclay Arthome At\u00f6lyesi \u201cYeniden Do\u011fu\u015f\u201d karma sergisi 19 May\u0131s g\u00fcn\u00fc Bellapais Manast\u0131r\u0131nda a\u00e7\u0131l\u0131yor"}]},{"@type":"WebSite","@id":"https:\/\/kuzeyinsesi.org\/#website","url":"https:\/\/kuzeyinsesi.org\/","name":"Kuzeyin Sesi","description":"Do\u011fru Haberin Adresi","potentialAction":[{"@type":"SearchAction","target":{"@type":"EntryPoint","urlTemplate":"https:\/\/kuzeyinsesi.org\/?s={search_term_string}"},"query-input":{"@type":"PropertyValueSpecification","valueRequired":true,"valueName":"search_term_string"}}],"inLanguage":"tr"},{"@type":"Person","@id":"https:\/\/kuzeyinsesi.org\/#\/schema\/person\/9f859689cdf01485597712386e37f5aa","name":"Kuzeyin Sesi","image":{"@type":"ImageObject","inLanguage":"tr","@id":"https:\/\/secure.gravatar.com\/avatar\/bab33852abfd8b282518d6ed81826833d77c3c882d9ab608add591ccace47a44?s=96&d=mm&r=g","url":"https:\/\/secure.gravatar.com\/avatar\/bab33852abfd8b282518d6ed81826833d77c3c882d9ab608add591ccace47a44?s=96&d=mm&r=g","contentUrl":"https:\/\/secure.gravatar.com\/avatar\/bab33852abfd8b282518d6ed81826833d77c3c882d9ab608add591ccace47a44?s=96&d=mm&r=g","caption":"Kuzeyin Sesi"},"sameAs":["https:\/\/kuzeyinsesi.org"],"url":"https:\/\/kuzeyinsesi.org\/index.php\/author\/guven\/"}]}},"_links":{"self":[{"href":"https:\/\/kuzeyinsesi.org\/index.php\/wp-json\/wp\/v2\/posts\/2232","targetHints":{"allow":["GET"]}}],"collection":[{"href":"https:\/\/kuzeyinsesi.org\/index.php\/wp-json\/wp\/v2\/posts"}],"about":[{"href":"https:\/\/kuzeyinsesi.org\/index.php\/wp-json\/wp\/v2\/types\/post"}],"author":[{"embeddable":true,"href":"https:\/\/kuzeyinsesi.org\/index.php\/wp-json\/wp\/v2\/users\/1"}],"replies":[{"embeddable":true,"href":"https:\/\/kuzeyinsesi.org\/index.php\/wp-json\/wp\/v2\/comments?post=2232"}],"version-history":[{"count":0,"href":"https:\/\/kuzeyinsesi.org\/index.php\/wp-json\/wp\/v2\/posts\/2232\/revisions"}],"wp:featuredmedia":[{"embeddable":true,"href":"https:\/\/kuzeyinsesi.org\/index.php\/wp-json\/wp\/v2\/media\/2233"}],"wp:attachment":[{"href":"https:\/\/kuzeyinsesi.org\/index.php\/wp-json\/wp\/v2\/media?parent=2232"}],"wp:term":[{"taxonomy":"category","embeddable":true,"href":"https:\/\/kuzeyinsesi.org\/index.php\/wp-json\/wp\/v2\/categories?post=2232"},{"taxonomy":"post_tag","embeddable":true,"href":"https:\/\/kuzeyinsesi.org\/index.php\/wp-json\/wp\/v2\/tags?post=2232"}],"curies":[{"name":"wp","href":"https:\/\/api.w.org\/{rel}","templated":true}]}}