{"id":2220,"date":"2024-05-12T21:42:11","date_gmt":"2024-05-12T18:42:11","guid":{"rendered":"https:\/\/kuzeyinsesi.com\/index.php\/2024\/05\/12\/akademi-sanat-derneginin-anka-ii-defilesi-gerceklestirildi\/"},"modified":"2024-05-12T21:42:11","modified_gmt":"2024-05-12T18:42:11","slug":"akademi-sanat-derneginin-anka-ii-defilesi-gerceklestirildi","status":"publish","type":"post","link":"https:\/\/kuzeyinsesi.org\/index.php\/2024\/05\/12\/akademi-sanat-derneginin-anka-ii-defilesi-gerceklestirildi\/","title":{"rendered":"Akademi Sanat Derne\u011fi\u2019nin \u2018Anka II\u2019 defilesi ger\u00e7ekle\u015ftirildi"},"content":{"rendered":"<div>\n<div class=\"mariselle-image-container center\">\n                                            <\/div>\n<p>            Akademi Sanat Derne\u011fi\u2019nin \u201cAnne ve Ninelerimize Sayg\u0131\u201d slogan\u0131n\u0131 ta\u015f\u0131yan ve K\u0131br\u0131s k\u00fclt\u00fcr\u00fcn\u00fc yans\u0131tan \u2018Anka II\u2019 defilesi d\u00fcn ak\u015fam Bellapais Manast\u0131r\u0131\u2019nda ger\u00e7ekle\u015fti.<\/p>\n<p>Ninelerimizn sand\u0131klar\u0131ndan \u00e7\u0131kan, K\u0131br\u0131s k\u00fclt\u00fcr\u00fcn\u00fcn motifleri ve kuma\u015flar\u0131n birle\u015ftirildi\u011fi, dokumalar, \u00e7e\u015fitli dantel ve farkl\u0131 i\u015flemelerle s\u00fcslenmi\u015f  \u00e7ar\u015faflar,  masa,sehpa \u00f6rg\u00fctleri ve perdelerden olu\u015fturulan 26 tasar\u0131m\u0131n yer ald\u0131\u011f\u0131 defile b\u00fcy\u00fck be\u011feni toplad\u0131.<\/p>\n<p>TC K\u00fclt\u00fcr  ve Turizm  Bakanl\u0131\u011f\u0131 , T\u0130KAve Akademi Sanat \u0130\u015fbirli\u011finde,\u00e7e\u015fitli kuurlu\u015flar ve  derneklerin katk\u0131lar\u0131yla  hayat bulan  \u2018Anka II\u2019 koleksiyonu  Gencay Ero\u011flu ve Adem \u00d6ks\u00fczo\u011flu taraf\u0131ndan haz\u0131rland\u0131.<\/p>\n<p>Defilede, Akademi Sanat Derne\u011fi b\u00fcnyesindeki halk danslar\u0131 ekiplerinin gen\u00e7 \u00fcyeleri ve  G\u00fcnkut Ajans\u2019a ba\u011fl\u0131 mankenler podyuma \u00e7\u0131karak koleksiyonu tan\u0131tt\u0131.<\/p>\n<p>Akademi Sanat Derne\u011fi Ba\u015fkan\u0131 Gencay Ero\u011flu gecede yapt\u0131\u011f\u0131 konu\u015fmada,  Akademi Sanat Derne\u011fi, 2008 y\u0131l\u0131nda Atat\u00fcrk \u00d6\u011fretmen Akademisi okulunun halk danslar\u0131 ekibinde oynayan \u00f6\u011frencileriyle birlikte kuruldu\u011funu an\u0131msatarak, \u00e7ocuklar, kad\u0131nlar ve yeti\u015fkinlerle birlikte farkl\u0131 alanda  \u00e7al\u0131\u015fmalar yaparak yollar\u0131na devam ettiklerini kaydetti.<\/p>\n<p>Derne\u011fin, b\u00fcnyesinde, bale, halk danslar\u0131 ekipleri yan\u0131 s\u0131ra kaybolan K\u0131br\u0131s T\u00fcrk K\u00fclt\u00fcr\u00fcn\u00fc ara\u015ft\u0131ran komitesi ile K\u0131br\u0131s T\u00fcrk K\u00fclt\u00fcr\u00fcn\u00fc ya\u015fatmak ve gelece\u011fe aktarmak amac\u0131yla \u00e7al\u0131\u015ft\u0131\u011f\u0131n\u0131 vurgulayan Ero\u011flu,bir di\u011fer misyonlar\u0131n\u0131n da bu k\u00fclt\u00fcre sahip \u00e7\u0131kacak gen\u00e7ler yeti\u015ftirmek oldu\u011funu kaydetti.<\/p>\n<p> ANKA 2 koleksiyonunun, ninelerin sand\u0131klar\u0131ndan  \u00e7\u0131kan , dantel ve di\u011fer el sanatlar\u0131yla bezenmi\u015f  masa \u00f6rt\u00fcleri , perdeler ,dokuma \u00e7ar\u015faflardan tasarland\u0131\u011f\u0131n\u0131 s\u00f6yleyen Ero\u011flu defile ve koleksiyonun hayat bulmas\u0131na katk\u0131 sa\u011flayan ba\u015fta T\u0130KA olmak \u00fczere herkese te\u015fekk\u00fcrlerini sundu.<\/p>\n<p>Cumhurba\u015fkan\u0131 Ersin Tatar da yapt\u0131\u011f\u0131 konu\u015fmada, Akademi Sanat derne\u011fi ve defileye eme\u011fi ge\u00e7en herkesi bu de\u011ferli \u00e7al\u0131\u015fmalar\u0131ndan  dolay\u0131 kutlad\u0131.<\/p>\n<p>K\u0131br\u0131s T\u00fcrk K\u00fclt\u00fcr\u00fc Sanat\u0131 , geleneklerinin ve K\u0131br\u0131s T\u00fcrk insan\u0131n\u0131n bu topraklarda verdi\u011fi  m\u00fccadeleyi  yans\u0131tmak ve gelece\u011fe ta\u015f\u0131man\u0131n bir zenginlik ve ba\u015far\u0131 oldu\u011funu kaydeden Tatar,Gencay Ero\u011flu ve ekibini kutlad\u0131.<\/p>\n<p>K\u0131br\u0131s T\u00fcrk\u00fc\u2019n\u00fcn bu topraklarda kendi \u00f6z k\u00fclt\u00fcr\u00fcyle , yapt\u0131klar\u0131yla , b\u00fct\u00fcn de\u011ferleriyle  var olmaya devam edece\u011fini vurgulayan Tatar, \u201cBu g\u00fczellikleri payla\u015f\u0131rken buradan b\u00fct\u00fcn d\u00fcnyaya  \u015funu da s\u00f6ylemek istiyorum;K\u0131br\u0131s T\u00fcrk\u00fc ayr\u0131 bir halkt\u0131r, ayr\u0131 k\u00fclt\u00fcr\u00fc, gelenekleri, maneviyat\u0131  ve  tabiat\u0131yla  egemenli\u011fi  vard\u0131r. Bizim m\u00fccadelemizin esas\u0131 egemenli\u011fimizdir. Kar\u015f\u0131 taraf bize bu  egemenli\u011fi  vermek istemiyor ,siz egemen  de\u011filsiniz demeye  getiriyor i\u015fte benim m\u00fccadelem arkada\u015flar\u0131m\u0131z\u0131n  m\u00fccadelesi  egemenlik temelinde  bir \u00e7\u00f6z\u00fcm ve anla\u015fmad\u0131r. ve bunun  i\u00e7in t\u00fcm bunlar  bizlere g\u00fc\u00e7 vermektedir. \u00e7\u00fcnk\u00fc  biz \u00e7ok de\u011fere sahibiz ve  b\u00fct\u00fcn bunlar da o m\u00fccadelenin  ger\u00e7ekten \u015ferefli bir par\u00e7as\u0131d\u0131r\u201ddiye konu\u015ftu.<\/p>\n<p>Konu\u015fmalar\u0131n ard\u0131ndan  defileye eme\u011fi ge\u00e7enlere te\u015fekk\u00fcr plaketleri sunuldu.<\/p>\n<p>Defilede, Akademi Sanat Derne\u011fi b\u00fcnyesindeki halk danslar\u0131 ekiplerinin gen\u00e7 \u00fcyeleri ve  G\u00fcnkut Ajans\u2019a ba\u011fl\u0131 mankenler podyuma \u00e7\u0131karak koleksiyonu tan\u0131tt\u0131.<\/p>\n<\/p><\/div>\n<p><script async\n                    defer\n                    crossorigin=\"anonymous\"\n                    src=\"https:\/\/connect.facebook.net\/tr_TR\/sdk.js#xfbml=1&#038;version=v3.3\"\n            ><\/script><\/p>\n","protected":false},"excerpt":{"rendered":"<p>Akademi Sanat Derne\u011fi\u2019nin \u201cAnne ve Ninelerimize Sayg\u0131\u201d slogan\u0131n\u0131 ta\u015f\u0131yan ve K\u0131br\u0131s k\u00fclt\u00fcr\u00fcn\u00fc yans\u0131tan \u2018Anka II\u2019 defilesi d\u00fcn ak\u015fam Bellapais Manast\u0131r\u0131\u2019nda ger\u00e7ekle\u015fti. Ninelerimizn sand\u0131klar\u0131ndan \u00e7\u0131kan, K\u0131br\u0131s k\u00fclt\u00fcr\u00fcn\u00fcn motifleri ve kuma\u015flar\u0131n birle\u015ftirildi\u011fi, dokumalar, \u00e7e\u015fitli dantel ve farkl\u0131 i\u015flemelerle s\u00fcslenmi\u015f \u00e7ar\u015faflar, masa,sehpa \u00f6rg\u00fctleri ve perdelerden olu\u015fturulan 26 tasar\u0131m\u0131n yer ald\u0131\u011f\u0131 defile b\u00fcy\u00fck be\u011feni toplad\u0131. TC K\u00fclt\u00fcr ve Turizm [&hellip;]<\/p>\n","protected":false},"author":1,"featured_media":2221,"comment_status":"open","ping_status":"open","sticky":false,"template":"","format":"standard","meta":{"jnews-multi-image_gallery":[],"jnews_single_post":[],"jnews_primary_category":[],"jnews_social_meta":[],"jnews_override_counter":[],"footnotes":""},"categories":[6],"tags":[],"class_list":["post-2220","post","type-post","status-publish","format-standard","has-post-thumbnail","hentry","category-yasam"],"yoast_head":"<!-- This site is optimized with the Yoast SEO plugin v27.5 - https:\/\/yoast.com\/product\/yoast-seo-wordpress\/ -->\n<title>Akademi Sanat Derne\u011fi\u2019nin \u2018Anka II\u2019 defilesi ger\u00e7ekle\u015ftirildi - Kuzeyin Sesi<\/title>\n<meta name=\"robots\" content=\"index, follow, max-snippet:-1, max-image-preview:large, max-video-preview:-1\" \/>\n<link rel=\"canonical\" href=\"https:\/\/kuzeyinsesi.org\/index.php\/2024\/05\/12\/akademi-sanat-derneginin-anka-ii-defilesi-gerceklestirildi\/\" \/>\n<meta property=\"og:locale\" content=\"tr_TR\" \/>\n<meta property=\"og:type\" content=\"article\" \/>\n<meta property=\"og:title\" content=\"Akademi Sanat Derne\u011fi\u2019nin \u2018Anka II\u2019 defilesi ger\u00e7ekle\u015ftirildi - Kuzeyin Sesi\" \/>\n<meta property=\"og:description\" content=\"Akademi Sanat Derne\u011fi\u2019nin \u201cAnne ve Ninelerimize Sayg\u0131\u201d slogan\u0131n\u0131 ta\u015f\u0131yan ve K\u0131br\u0131s k\u00fclt\u00fcr\u00fcn\u00fc yans\u0131tan \u2018Anka II\u2019 defilesi d\u00fcn ak\u015fam Bellapais Manast\u0131r\u0131\u2019nda ger\u00e7ekle\u015fti. Ninelerimizn sand\u0131klar\u0131ndan \u00e7\u0131kan, K\u0131br\u0131s k\u00fclt\u00fcr\u00fcn\u00fcn motifleri ve kuma\u015flar\u0131n birle\u015ftirildi\u011fi, dokumalar, \u00e7e\u015fitli dantel ve farkl\u0131 i\u015flemelerle s\u00fcslenmi\u015f \u00e7ar\u015faflar, masa,sehpa \u00f6rg\u00fctleri ve perdelerden olu\u015fturulan 26 tasar\u0131m\u0131n yer ald\u0131\u011f\u0131 defile b\u00fcy\u00fck be\u011feni toplad\u0131. TC K\u00fclt\u00fcr ve Turizm [&hellip;]\" \/>\n<meta property=\"og:url\" content=\"https:\/\/kuzeyinsesi.org\/index.php\/2024\/05\/12\/akademi-sanat-derneginin-anka-ii-defilesi-gerceklestirildi\/\" \/>\n<meta property=\"og:site_name\" content=\"Kuzeyin Sesi\" \/>\n<meta property=\"article:publisher\" content=\"https:\/\/www.facebook.com\/kuzeyinsesii\" \/>\n<meta property=\"article:published_time\" content=\"2024-05-12T18:42:11+00:00\" \/>\n<meta property=\"og:image\" content=\"https:\/\/kuzeyinsesi.org\/wp-content\/uploads\/2024\/05\/Screenshot_20240512_214129_Facebook.jpg\" \/>\n\t<meta property=\"og:image:width\" content=\"966\" \/>\n\t<meta property=\"og:image:height\" content=\"469\" \/>\n\t<meta property=\"og:image:type\" content=\"image\/jpeg\" \/>\n<meta name=\"author\" content=\"Kuzeyin Sesi\" \/>\n<meta name=\"twitter:card\" content=\"summary_large_image\" \/>\n<meta name=\"twitter:creator\" content=\"@kuzeyinsesii\" \/>\n<meta name=\"twitter:site\" content=\"@kuzeyinsesii\" \/>\n<meta name=\"twitter:label1\" content=\"Yazan:\" \/>\n\t<meta name=\"twitter:data1\" content=\"Kuzeyin Sesi\" \/>\n\t<meta name=\"twitter:label2\" content=\"Tahmini okuma s\u00fcresi\" \/>\n\t<meta name=\"twitter:data2\" content=\"3 dakika\" \/>\n<script type=\"application\/ld+json\" class=\"yoast-schema-graph\">{\"@context\":\"https:\\\/\\\/schema.org\",\"@graph\":[{\"@type\":\"Article\",\"@id\":\"https:\\\/\\\/kuzeyinsesi.org\\\/index.php\\\/2024\\\/05\\\/12\\\/akademi-sanat-derneginin-anka-ii-defilesi-gerceklestirildi\\\/#article\",\"isPartOf\":{\"@id\":\"https:\\\/\\\/kuzeyinsesi.org\\\/index.php\\\/2024\\\/05\\\/12\\\/akademi-sanat-derneginin-anka-ii-defilesi-gerceklestirildi\\\/\"},\"author\":{\"name\":\"Kuzeyin Sesi\",\"@id\":\"https:\\\/\\\/kuzeyinsesi.org\\\/#\\\/schema\\\/person\\\/9f859689cdf01485597712386e37f5aa\"},\"headline\":\"Akademi Sanat Derne\u011fi\u2019nin \u2018Anka II\u2019 defilesi ger\u00e7ekle\u015ftirildi\",\"datePublished\":\"2024-05-12T18:42:11+00:00\",\"mainEntityOfPage\":{\"@id\":\"https:\\\/\\\/kuzeyinsesi.org\\\/index.php\\\/2024\\\/05\\\/12\\\/akademi-sanat-derneginin-anka-ii-defilesi-gerceklestirildi\\\/\"},\"wordCount\":594,\"commentCount\":0,\"image\":{\"@id\":\"https:\\\/\\\/kuzeyinsesi.org\\\/index.php\\\/2024\\\/05\\\/12\\\/akademi-sanat-derneginin-anka-ii-defilesi-gerceklestirildi\\\/#primaryimage\"},\"thumbnailUrl\":\"https:\\\/\\\/kuzeyinsesi.org\\\/wp-content\\\/uploads\\\/2024\\\/05\\\/Screenshot_20240512_214129_Facebook.jpg\",\"articleSection\":[\"Ya\u015fam\"],\"inLanguage\":\"tr\",\"potentialAction\":[{\"@type\":\"CommentAction\",\"name\":\"Comment\",\"target\":[\"https:\\\/\\\/kuzeyinsesi.org\\\/index.php\\\/2024\\\/05\\\/12\\\/akademi-sanat-derneginin-anka-ii-defilesi-gerceklestirildi\\\/#respond\"]}]},{\"@type\":\"WebPage\",\"@id\":\"https:\\\/\\\/kuzeyinsesi.org\\\/index.php\\\/2024\\\/05\\\/12\\\/akademi-sanat-derneginin-anka-ii-defilesi-gerceklestirildi\\\/\",\"url\":\"https:\\\/\\\/kuzeyinsesi.org\\\/index.php\\\/2024\\\/05\\\/12\\\/akademi-sanat-derneginin-anka-ii-defilesi-gerceklestirildi\\\/\",\"name\":\"Akademi Sanat Derne\u011fi\u2019nin \u2018Anka II\u2019 defilesi ger\u00e7ekle\u015ftirildi - Kuzeyin Sesi\",\"isPartOf\":{\"@id\":\"https:\\\/\\\/kuzeyinsesi.org\\\/#website\"},\"primaryImageOfPage\":{\"@id\":\"https:\\\/\\\/kuzeyinsesi.org\\\/index.php\\\/2024\\\/05\\\/12\\\/akademi-sanat-derneginin-anka-ii-defilesi-gerceklestirildi\\\/#primaryimage\"},\"image\":{\"@id\":\"https:\\\/\\\/kuzeyinsesi.org\\\/index.php\\\/2024\\\/05\\\/12\\\/akademi-sanat-derneginin-anka-ii-defilesi-gerceklestirildi\\\/#primaryimage\"},\"thumbnailUrl\":\"https:\\\/\\\/kuzeyinsesi.org\\\/wp-content\\\/uploads\\\/2024\\\/05\\\/Screenshot_20240512_214129_Facebook.jpg\",\"datePublished\":\"2024-05-12T18:42:11+00:00\",\"author\":{\"@id\":\"https:\\\/\\\/kuzeyinsesi.org\\\/#\\\/schema\\\/person\\\/9f859689cdf01485597712386e37f5aa\"},\"breadcrumb\":{\"@id\":\"https:\\\/\\\/kuzeyinsesi.org\\\/index.php\\\/2024\\\/05\\\/12\\\/akademi-sanat-derneginin-anka-ii-defilesi-gerceklestirildi\\\/#breadcrumb\"},\"inLanguage\":\"tr\",\"potentialAction\":[{\"@type\":\"ReadAction\",\"target\":[\"https:\\\/\\\/kuzeyinsesi.org\\\/index.php\\\/2024\\\/05\\\/12\\\/akademi-sanat-derneginin-anka-ii-defilesi-gerceklestirildi\\\/\"]}]},{\"@type\":\"ImageObject\",\"inLanguage\":\"tr\",\"@id\":\"https:\\\/\\\/kuzeyinsesi.org\\\/index.php\\\/2024\\\/05\\\/12\\\/akademi-sanat-derneginin-anka-ii-defilesi-gerceklestirildi\\\/#primaryimage\",\"url\":\"https:\\\/\\\/kuzeyinsesi.org\\\/wp-content\\\/uploads\\\/2024\\\/05\\\/Screenshot_20240512_214129_Facebook.jpg\",\"contentUrl\":\"https:\\\/\\\/kuzeyinsesi.org\\\/wp-content\\\/uploads\\\/2024\\\/05\\\/Screenshot_20240512_214129_Facebook.jpg\",\"width\":966,\"height\":469},{\"@type\":\"BreadcrumbList\",\"@id\":\"https:\\\/\\\/kuzeyinsesi.org\\\/index.php\\\/2024\\\/05\\\/12\\\/akademi-sanat-derneginin-anka-ii-defilesi-gerceklestirildi\\\/#breadcrumb\",\"itemListElement\":[{\"@type\":\"ListItem\",\"position\":1,\"name\":\"Anasayfa\",\"item\":\"https:\\\/\\\/kuzeyinsesi.org\\\/\"},{\"@type\":\"ListItem\",\"position\":2,\"name\":\"Akademi Sanat Derne\u011fi\u2019nin \u2018Anka II\u2019 defilesi ger\u00e7ekle\u015ftirildi\"}]},{\"@type\":\"WebSite\",\"@id\":\"https:\\\/\\\/kuzeyinsesi.org\\\/#website\",\"url\":\"https:\\\/\\\/kuzeyinsesi.org\\\/\",\"name\":\"Kuzeyin Sesi\",\"description\":\"Do\u011fru Haberin Adresi\",\"potentialAction\":[{\"@type\":\"SearchAction\",\"target\":{\"@type\":\"EntryPoint\",\"urlTemplate\":\"https:\\\/\\\/kuzeyinsesi.org\\\/?s={search_term_string}\"},\"query-input\":{\"@type\":\"PropertyValueSpecification\",\"valueRequired\":true,\"valueName\":\"search_term_string\"}}],\"inLanguage\":\"tr\"},{\"@type\":\"Person\",\"@id\":\"https:\\\/\\\/kuzeyinsesi.org\\\/#\\\/schema\\\/person\\\/9f859689cdf01485597712386e37f5aa\",\"name\":\"Kuzeyin Sesi\",\"image\":{\"@type\":\"ImageObject\",\"inLanguage\":\"tr\",\"@id\":\"https:\\\/\\\/secure.gravatar.com\\\/avatar\\\/bab33852abfd8b282518d6ed81826833d77c3c882d9ab608add591ccace47a44?s=96&d=mm&r=g\",\"url\":\"https:\\\/\\\/secure.gravatar.com\\\/avatar\\\/bab33852abfd8b282518d6ed81826833d77c3c882d9ab608add591ccace47a44?s=96&d=mm&r=g\",\"contentUrl\":\"https:\\\/\\\/secure.gravatar.com\\\/avatar\\\/bab33852abfd8b282518d6ed81826833d77c3c882d9ab608add591ccace47a44?s=96&d=mm&r=g\",\"caption\":\"Kuzeyin Sesi\"},\"sameAs\":[\"https:\\\/\\\/kuzeyinsesi.org\"],\"url\":\"https:\\\/\\\/kuzeyinsesi.org\\\/index.php\\\/author\\\/guven\\\/\"}]}<\/script>\n<!-- \/ Yoast SEO plugin. -->","yoast_head_json":{"title":"Akademi Sanat Derne\u011fi\u2019nin \u2018Anka II\u2019 defilesi ger\u00e7ekle\u015ftirildi - Kuzeyin Sesi","robots":{"index":"index","follow":"follow","max-snippet":"max-snippet:-1","max-image-preview":"max-image-preview:large","max-video-preview":"max-video-preview:-1"},"canonical":"https:\/\/kuzeyinsesi.org\/index.php\/2024\/05\/12\/akademi-sanat-derneginin-anka-ii-defilesi-gerceklestirildi\/","og_locale":"tr_TR","og_type":"article","og_title":"Akademi Sanat Derne\u011fi\u2019nin \u2018Anka II\u2019 defilesi ger\u00e7ekle\u015ftirildi - Kuzeyin Sesi","og_description":"Akademi Sanat Derne\u011fi\u2019nin \u201cAnne ve Ninelerimize Sayg\u0131\u201d slogan\u0131n\u0131 ta\u015f\u0131yan ve K\u0131br\u0131s k\u00fclt\u00fcr\u00fcn\u00fc yans\u0131tan \u2018Anka II\u2019 defilesi d\u00fcn ak\u015fam Bellapais Manast\u0131r\u0131\u2019nda ger\u00e7ekle\u015fti. Ninelerimizn sand\u0131klar\u0131ndan \u00e7\u0131kan, K\u0131br\u0131s k\u00fclt\u00fcr\u00fcn\u00fcn motifleri ve kuma\u015flar\u0131n birle\u015ftirildi\u011fi, dokumalar, \u00e7e\u015fitli dantel ve farkl\u0131 i\u015flemelerle s\u00fcslenmi\u015f \u00e7ar\u015faflar, masa,sehpa \u00f6rg\u00fctleri ve perdelerden olu\u015fturulan 26 tasar\u0131m\u0131n yer ald\u0131\u011f\u0131 defile b\u00fcy\u00fck be\u011feni toplad\u0131. TC K\u00fclt\u00fcr ve Turizm [&hellip;]","og_url":"https:\/\/kuzeyinsesi.org\/index.php\/2024\/05\/12\/akademi-sanat-derneginin-anka-ii-defilesi-gerceklestirildi\/","og_site_name":"Kuzeyin Sesi","article_publisher":"https:\/\/www.facebook.com\/kuzeyinsesii","article_published_time":"2024-05-12T18:42:11+00:00","og_image":[{"width":966,"height":469,"url":"https:\/\/kuzeyinsesi.org\/wp-content\/uploads\/2024\/05\/Screenshot_20240512_214129_Facebook.jpg","type":"image\/jpeg"}],"author":"Kuzeyin Sesi","twitter_card":"summary_large_image","twitter_creator":"@kuzeyinsesii","twitter_site":"@kuzeyinsesii","twitter_misc":{"Yazan:":"Kuzeyin Sesi","Tahmini okuma s\u00fcresi":"3 dakika"},"schema":{"@context":"https:\/\/schema.org","@graph":[{"@type":"Article","@id":"https:\/\/kuzeyinsesi.org\/index.php\/2024\/05\/12\/akademi-sanat-derneginin-anka-ii-defilesi-gerceklestirildi\/#article","isPartOf":{"@id":"https:\/\/kuzeyinsesi.org\/index.php\/2024\/05\/12\/akademi-sanat-derneginin-anka-ii-defilesi-gerceklestirildi\/"},"author":{"name":"Kuzeyin Sesi","@id":"https:\/\/kuzeyinsesi.org\/#\/schema\/person\/9f859689cdf01485597712386e37f5aa"},"headline":"Akademi Sanat Derne\u011fi\u2019nin \u2018Anka II\u2019 defilesi ger\u00e7ekle\u015ftirildi","datePublished":"2024-05-12T18:42:11+00:00","mainEntityOfPage":{"@id":"https:\/\/kuzeyinsesi.org\/index.php\/2024\/05\/12\/akademi-sanat-derneginin-anka-ii-defilesi-gerceklestirildi\/"},"wordCount":594,"commentCount":0,"image":{"@id":"https:\/\/kuzeyinsesi.org\/index.php\/2024\/05\/12\/akademi-sanat-derneginin-anka-ii-defilesi-gerceklestirildi\/#primaryimage"},"thumbnailUrl":"https:\/\/kuzeyinsesi.org\/wp-content\/uploads\/2024\/05\/Screenshot_20240512_214129_Facebook.jpg","articleSection":["Ya\u015fam"],"inLanguage":"tr","potentialAction":[{"@type":"CommentAction","name":"Comment","target":["https:\/\/kuzeyinsesi.org\/index.php\/2024\/05\/12\/akademi-sanat-derneginin-anka-ii-defilesi-gerceklestirildi\/#respond"]}]},{"@type":"WebPage","@id":"https:\/\/kuzeyinsesi.org\/index.php\/2024\/05\/12\/akademi-sanat-derneginin-anka-ii-defilesi-gerceklestirildi\/","url":"https:\/\/kuzeyinsesi.org\/index.php\/2024\/05\/12\/akademi-sanat-derneginin-anka-ii-defilesi-gerceklestirildi\/","name":"Akademi Sanat Derne\u011fi\u2019nin \u2018Anka II\u2019 defilesi ger\u00e7ekle\u015ftirildi - Kuzeyin Sesi","isPartOf":{"@id":"https:\/\/kuzeyinsesi.org\/#website"},"primaryImageOfPage":{"@id":"https:\/\/kuzeyinsesi.org\/index.php\/2024\/05\/12\/akademi-sanat-derneginin-anka-ii-defilesi-gerceklestirildi\/#primaryimage"},"image":{"@id":"https:\/\/kuzeyinsesi.org\/index.php\/2024\/05\/12\/akademi-sanat-derneginin-anka-ii-defilesi-gerceklestirildi\/#primaryimage"},"thumbnailUrl":"https:\/\/kuzeyinsesi.org\/wp-content\/uploads\/2024\/05\/Screenshot_20240512_214129_Facebook.jpg","datePublished":"2024-05-12T18:42:11+00:00","author":{"@id":"https:\/\/kuzeyinsesi.org\/#\/schema\/person\/9f859689cdf01485597712386e37f5aa"},"breadcrumb":{"@id":"https:\/\/kuzeyinsesi.org\/index.php\/2024\/05\/12\/akademi-sanat-derneginin-anka-ii-defilesi-gerceklestirildi\/#breadcrumb"},"inLanguage":"tr","potentialAction":[{"@type":"ReadAction","target":["https:\/\/kuzeyinsesi.org\/index.php\/2024\/05\/12\/akademi-sanat-derneginin-anka-ii-defilesi-gerceklestirildi\/"]}]},{"@type":"ImageObject","inLanguage":"tr","@id":"https:\/\/kuzeyinsesi.org\/index.php\/2024\/05\/12\/akademi-sanat-derneginin-anka-ii-defilesi-gerceklestirildi\/#primaryimage","url":"https:\/\/kuzeyinsesi.org\/wp-content\/uploads\/2024\/05\/Screenshot_20240512_214129_Facebook.jpg","contentUrl":"https:\/\/kuzeyinsesi.org\/wp-content\/uploads\/2024\/05\/Screenshot_20240512_214129_Facebook.jpg","width":966,"height":469},{"@type":"BreadcrumbList","@id":"https:\/\/kuzeyinsesi.org\/index.php\/2024\/05\/12\/akademi-sanat-derneginin-anka-ii-defilesi-gerceklestirildi\/#breadcrumb","itemListElement":[{"@type":"ListItem","position":1,"name":"Anasayfa","item":"https:\/\/kuzeyinsesi.org\/"},{"@type":"ListItem","position":2,"name":"Akademi Sanat Derne\u011fi\u2019nin \u2018Anka II\u2019 defilesi ger\u00e7ekle\u015ftirildi"}]},{"@type":"WebSite","@id":"https:\/\/kuzeyinsesi.org\/#website","url":"https:\/\/kuzeyinsesi.org\/","name":"Kuzeyin Sesi","description":"Do\u011fru Haberin Adresi","potentialAction":[{"@type":"SearchAction","target":{"@type":"EntryPoint","urlTemplate":"https:\/\/kuzeyinsesi.org\/?s={search_term_string}"},"query-input":{"@type":"PropertyValueSpecification","valueRequired":true,"valueName":"search_term_string"}}],"inLanguage":"tr"},{"@type":"Person","@id":"https:\/\/kuzeyinsesi.org\/#\/schema\/person\/9f859689cdf01485597712386e37f5aa","name":"Kuzeyin Sesi","image":{"@type":"ImageObject","inLanguage":"tr","@id":"https:\/\/secure.gravatar.com\/avatar\/bab33852abfd8b282518d6ed81826833d77c3c882d9ab608add591ccace47a44?s=96&d=mm&r=g","url":"https:\/\/secure.gravatar.com\/avatar\/bab33852abfd8b282518d6ed81826833d77c3c882d9ab608add591ccace47a44?s=96&d=mm&r=g","contentUrl":"https:\/\/secure.gravatar.com\/avatar\/bab33852abfd8b282518d6ed81826833d77c3c882d9ab608add591ccace47a44?s=96&d=mm&r=g","caption":"Kuzeyin Sesi"},"sameAs":["https:\/\/kuzeyinsesi.org"],"url":"https:\/\/kuzeyinsesi.org\/index.php\/author\/guven\/"}]}},"_links":{"self":[{"href":"https:\/\/kuzeyinsesi.org\/index.php\/wp-json\/wp\/v2\/posts\/2220","targetHints":{"allow":["GET"]}}],"collection":[{"href":"https:\/\/kuzeyinsesi.org\/index.php\/wp-json\/wp\/v2\/posts"}],"about":[{"href":"https:\/\/kuzeyinsesi.org\/index.php\/wp-json\/wp\/v2\/types\/post"}],"author":[{"embeddable":true,"href":"https:\/\/kuzeyinsesi.org\/index.php\/wp-json\/wp\/v2\/users\/1"}],"replies":[{"embeddable":true,"href":"https:\/\/kuzeyinsesi.org\/index.php\/wp-json\/wp\/v2\/comments?post=2220"}],"version-history":[{"count":0,"href":"https:\/\/kuzeyinsesi.org\/index.php\/wp-json\/wp\/v2\/posts\/2220\/revisions"}],"wp:featuredmedia":[{"embeddable":true,"href":"https:\/\/kuzeyinsesi.org\/index.php\/wp-json\/wp\/v2\/media\/2221"}],"wp:attachment":[{"href":"https:\/\/kuzeyinsesi.org\/index.php\/wp-json\/wp\/v2\/media?parent=2220"}],"wp:term":[{"taxonomy":"category","embeddable":true,"href":"https:\/\/kuzeyinsesi.org\/index.php\/wp-json\/wp\/v2\/categories?post=2220"},{"taxonomy":"post_tag","embeddable":true,"href":"https:\/\/kuzeyinsesi.org\/index.php\/wp-json\/wp\/v2\/tags?post=2220"}],"curies":[{"name":"wp","href":"https:\/\/api.w.org\/{rel}","templated":true}]}}