{"id":2194,"date":"2024-05-12T15:31:53","date_gmt":"2024-05-12T12:31:53","guid":{"rendered":"https:\/\/kuzeyinsesi.com\/index.php\/2024\/05\/12\/ummanelin-kibris-uclemesi-uc-birlik-kurali-bozulan-tragedya-kitabi-tanitildi\/"},"modified":"2024-05-12T15:31:53","modified_gmt":"2024-05-12T12:31:53","slug":"ummanelin-kibris-uclemesi-uc-birlik-kurali-bozulan-tragedya-kitabi-tanitildi","status":"publish","type":"post","link":"https:\/\/kuzeyinsesi.org\/index.php\/2024\/05\/12\/ummanelin-kibris-uclemesi-uc-birlik-kurali-bozulan-tragedya-kitabi-tanitildi\/","title":{"rendered":"Ummanel\u2019in \u201cK\u0131br\u0131s \u00dc\u00e7lemesi: \u00dc\u00e7 Birlik Kural\u0131 Bozulan Tragedya\u201d kitab\u0131 tan\u0131t\u0131ld\u0131"},"content":{"rendered":"<div>\n<div class=\"mariselle-image-container none\">\n                                            <\/div>\n<p style=\"font-weight: 300;\">Aliye Ummanel\u2019in \u201cPassa Tempo\u201d, \u201cKay\u0131p\u201d ve \u201cEv\u201d oyunlar\u0131ndan olu\u015fan ve I\u015f\u0131k Kitabevi taraf\u0131ndan yay\u0131mlanan \u201cK\u0131br\u0131s \u00dc\u00e7lemesi: \u00dc\u00e7 Birlik Kural\u0131 Bozulan Tragedya\u201d isimli kitab\u0131 Cuma ak\u015fam\u0131 d\u00fczenlenen etkinlikte tan\u0131t\u0131ld\u0131.<\/p>\n<p style=\"font-weight: 300;\">I\u015f\u0131k Kitabevi ile K\u0131br\u0131s Sanat\u00e7\u0131 ve Yazarlar Birli\u011fi taraf\u0131ndan d\u00fczenlenen etkinli\u011fe K\u0131br\u0131s Sanat\u00e7\u0131 ve Yazarlar Birli\u011fi E\u015f Ba\u015fkan\u0131 \u015fair Ne\u015fe Ya\u015f\u0131n, ara\u015ft\u0131rmac\u0131 yazar Mete Hatay ve tiyatro sanat\u00e7\u0131s\u0131 Hatice Tezcan konu\u015fmac\u0131 olarak yer ald\u0131.<\/p>\n<p style=\"font-weight: 300;\">I\u015f\u0131k Kitabevi\u2019nden yap\u0131lan a\u00e7\u0131klamaya g\u00f6re, Ne\u015fe Ya\u015f\u0131n konu\u015fmas\u0131nda yazar\u0131n oyunlar\u0131na sava\u015f\u0131 deneyimlememi\u015f ku\u015fa\u011f\u0131n aktar\u0131m\u0131 ve aktar\u0131lan hikayelerde kad\u0131n\u0131n sava\u015fla ili\u015fkisi gibi a\u00e7\u0131lardan yakla\u015f\u0131rken, Mete Hatay oyunlar\u0131 bellek, tan\u0131kl\u0131k ve aidiyet kavramlar\u0131 temelinde, resmi tarih d\u0131\u015f\u0131nda sanat\u0131n tarih anlat\u0131m\u0131 gibi a\u00e7\u0131lardan ele ald\u0131. Hatice Tezcan ise konu\u015fmas\u0131nda Aliye Ummanel\u2019in oyun metinlerinde karakteristik bir \u00f6zellik olarak ritmi irdeledi, metnin sesi ve oyuncuyla ili\u015fkisine odakland\u0131.<\/p>\n<p style=\"font-weight: 300;\">Konu\u015fmalar\u0131n ard\u0131ndan tiyatro sanat\u00e7\u0131lar\u0131 Deniz \u00c7ak\u0131r, Erdo\u011fan Kavaz, Hatice Tezcan ve A\u00e7elya B\u00fck\u00fclmez taraf\u0131ndan kitapta yer alan oyunlardan b\u00f6l\u00fcmler okundu. Etkinlik, kitaplar\u0131n yazar taraf\u0131ndan imzalanmas\u0131yla son buldu.<\/p>\n<\/p><\/div>\n<p><script async\n                    defer\n                    crossorigin=\"anonymous\"\n                    src=\"https:\/\/connect.facebook.net\/tr_TR\/sdk.js#xfbml=1&#038;version=v3.3\"\n            ><\/script><\/p>\n","protected":false},"excerpt":{"rendered":"<p>Aliye Ummanel\u2019in \u201cPassa Tempo\u201d, \u201cKay\u0131p\u201d ve \u201cEv\u201d oyunlar\u0131ndan olu\u015fan ve I\u015f\u0131k Kitabevi taraf\u0131ndan yay\u0131mlanan \u201cK\u0131br\u0131s \u00dc\u00e7lemesi: \u00dc\u00e7 Birlik Kural\u0131 Bozulan Tragedya\u201d isimli kitab\u0131 Cuma ak\u015fam\u0131 d\u00fczenlenen etkinlikte tan\u0131t\u0131ld\u0131. I\u015f\u0131k Kitabevi ile K\u0131br\u0131s Sanat\u00e7\u0131 ve Yazarlar Birli\u011fi taraf\u0131ndan d\u00fczenlenen etkinli\u011fe K\u0131br\u0131s Sanat\u00e7\u0131 ve Yazarlar Birli\u011fi E\u015f Ba\u015fkan\u0131 \u015fair Ne\u015fe Ya\u015f\u0131n, ara\u015ft\u0131rmac\u0131 yazar Mete Hatay ve tiyatro [&hellip;]<\/p>\n","protected":false},"author":1,"featured_media":2195,"comment_status":"open","ping_status":"open","sticky":false,"template":"","format":"standard","meta":{"jnews-multi-image_gallery":[],"jnews_single_post":[],"jnews_primary_category":[],"jnews_social_meta":[],"jnews_override_counter":[],"footnotes":""},"categories":[6],"tags":[],"class_list":["post-2194","post","type-post","status-publish","format-standard","has-post-thumbnail","hentry","category-yasam"],"yoast_head":"<!-- This site is optimized with the Yoast SEO plugin v27.5 - https:\/\/yoast.com\/product\/yoast-seo-wordpress\/ -->\n<title>Ummanel\u2019in \u201cK\u0131br\u0131s \u00dc\u00e7lemesi: \u00dc\u00e7 Birlik Kural\u0131 Bozulan Tragedya\u201d kitab\u0131 tan\u0131t\u0131ld\u0131 - Kuzeyin Sesi<\/title>\n<meta name=\"robots\" content=\"index, follow, max-snippet:-1, max-image-preview:large, max-video-preview:-1\" \/>\n<link rel=\"canonical\" href=\"https:\/\/kuzeyinsesi.org\/index.php\/2024\/05\/12\/ummanelin-kibris-uclemesi-uc-birlik-kurali-bozulan-tragedya-kitabi-tanitildi\/\" \/>\n<meta property=\"og:locale\" content=\"tr_TR\" \/>\n<meta property=\"og:type\" content=\"article\" \/>\n<meta property=\"og:title\" content=\"Ummanel\u2019in \u201cK\u0131br\u0131s \u00dc\u00e7lemesi: \u00dc\u00e7 Birlik Kural\u0131 Bozulan Tragedya\u201d kitab\u0131 tan\u0131t\u0131ld\u0131 - Kuzeyin Sesi\" \/>\n<meta property=\"og:description\" content=\"Aliye Ummanel\u2019in \u201cPassa Tempo\u201d, \u201cKay\u0131p\u201d ve \u201cEv\u201d oyunlar\u0131ndan olu\u015fan ve I\u015f\u0131k Kitabevi taraf\u0131ndan yay\u0131mlanan \u201cK\u0131br\u0131s \u00dc\u00e7lemesi: \u00dc\u00e7 Birlik Kural\u0131 Bozulan Tragedya\u201d isimli kitab\u0131 Cuma ak\u015fam\u0131 d\u00fczenlenen etkinlikte tan\u0131t\u0131ld\u0131. I\u015f\u0131k Kitabevi ile K\u0131br\u0131s Sanat\u00e7\u0131 ve Yazarlar Birli\u011fi taraf\u0131ndan d\u00fczenlenen etkinli\u011fe K\u0131br\u0131s Sanat\u00e7\u0131 ve Yazarlar Birli\u011fi E\u015f Ba\u015fkan\u0131 \u015fair Ne\u015fe Ya\u015f\u0131n, ara\u015ft\u0131rmac\u0131 yazar Mete Hatay ve tiyatro [&hellip;]\" \/>\n<meta property=\"og:url\" content=\"https:\/\/kuzeyinsesi.org\/index.php\/2024\/05\/12\/ummanelin-kibris-uclemesi-uc-birlik-kurali-bozulan-tragedya-kitabi-tanitildi\/\" \/>\n<meta property=\"og:site_name\" content=\"Kuzeyin Sesi\" \/>\n<meta property=\"article:publisher\" content=\"https:\/\/www.facebook.com\/kuzeyinsesii\" \/>\n<meta property=\"article:published_time\" content=\"2024-05-12T12:31:53+00:00\" \/>\n<meta property=\"og:image\" content=\"https:\/\/kuzeyinsesi.org\/wp-content\/uploads\/2024\/05\/tanitim1.jpeg\" \/>\n\t<meta property=\"og:image:width\" content=\"1600\" \/>\n\t<meta property=\"og:image:height\" content=\"1200\" \/>\n\t<meta property=\"og:image:type\" content=\"image\/jpeg\" \/>\n<meta name=\"author\" content=\"Kuzeyin Sesi\" \/>\n<meta name=\"twitter:card\" content=\"summary_large_image\" \/>\n<meta name=\"twitter:creator\" content=\"@kuzeyinsesii\" \/>\n<meta name=\"twitter:site\" content=\"@kuzeyinsesii\" \/>\n<meta name=\"twitter:label1\" content=\"Yazan:\" \/>\n\t<meta name=\"twitter:data1\" content=\"Kuzeyin Sesi\" \/>\n\t<meta name=\"twitter:label2\" content=\"Tahmini okuma s\u00fcresi\" \/>\n\t<meta name=\"twitter:data2\" content=\"1 dakika\" \/>\n<script type=\"application\/ld+json\" class=\"yoast-schema-graph\">{\"@context\":\"https:\\\/\\\/schema.org\",\"@graph\":[{\"@type\":\"Article\",\"@id\":\"https:\\\/\\\/kuzeyinsesi.org\\\/index.php\\\/2024\\\/05\\\/12\\\/ummanelin-kibris-uclemesi-uc-birlik-kurali-bozulan-tragedya-kitabi-tanitildi\\\/#article\",\"isPartOf\":{\"@id\":\"https:\\\/\\\/kuzeyinsesi.org\\\/index.php\\\/2024\\\/05\\\/12\\\/ummanelin-kibris-uclemesi-uc-birlik-kurali-bozulan-tragedya-kitabi-tanitildi\\\/\"},\"author\":{\"name\":\"Kuzeyin Sesi\",\"@id\":\"https:\\\/\\\/kuzeyinsesi.org\\\/#\\\/schema\\\/person\\\/9f859689cdf01485597712386e37f5aa\"},\"headline\":\"Ummanel\u2019in \u201cK\u0131br\u0131s \u00dc\u00e7lemesi: \u00dc\u00e7 Birlik Kural\u0131 Bozulan Tragedya\u201d kitab\u0131 tan\u0131t\u0131ld\u0131\",\"datePublished\":\"2024-05-12T12:31:53+00:00\",\"mainEntityOfPage\":{\"@id\":\"https:\\\/\\\/kuzeyinsesi.org\\\/index.php\\\/2024\\\/05\\\/12\\\/ummanelin-kibris-uclemesi-uc-birlik-kurali-bozulan-tragedya-kitabi-tanitildi\\\/\"},\"wordCount\":240,\"commentCount\":0,\"image\":{\"@id\":\"https:\\\/\\\/kuzeyinsesi.org\\\/index.php\\\/2024\\\/05\\\/12\\\/ummanelin-kibris-uclemesi-uc-birlik-kurali-bozulan-tragedya-kitabi-tanitildi\\\/#primaryimage\"},\"thumbnailUrl\":\"https:\\\/\\\/kuzeyinsesi.org\\\/wp-content\\\/uploads\\\/2024\\\/05\\\/tanitim1.jpeg\",\"articleSection\":[\"Ya\u015fam\"],\"inLanguage\":\"tr\",\"potentialAction\":[{\"@type\":\"CommentAction\",\"name\":\"Comment\",\"target\":[\"https:\\\/\\\/kuzeyinsesi.org\\\/index.php\\\/2024\\\/05\\\/12\\\/ummanelin-kibris-uclemesi-uc-birlik-kurali-bozulan-tragedya-kitabi-tanitildi\\\/#respond\"]}]},{\"@type\":\"WebPage\",\"@id\":\"https:\\\/\\\/kuzeyinsesi.org\\\/index.php\\\/2024\\\/05\\\/12\\\/ummanelin-kibris-uclemesi-uc-birlik-kurali-bozulan-tragedya-kitabi-tanitildi\\\/\",\"url\":\"https:\\\/\\\/kuzeyinsesi.org\\\/index.php\\\/2024\\\/05\\\/12\\\/ummanelin-kibris-uclemesi-uc-birlik-kurali-bozulan-tragedya-kitabi-tanitildi\\\/\",\"name\":\"Ummanel\u2019in \u201cK\u0131br\u0131s \u00dc\u00e7lemesi: \u00dc\u00e7 Birlik Kural\u0131 Bozulan Tragedya\u201d kitab\u0131 tan\u0131t\u0131ld\u0131 - Kuzeyin Sesi\",\"isPartOf\":{\"@id\":\"https:\\\/\\\/kuzeyinsesi.org\\\/#website\"},\"primaryImageOfPage\":{\"@id\":\"https:\\\/\\\/kuzeyinsesi.org\\\/index.php\\\/2024\\\/05\\\/12\\\/ummanelin-kibris-uclemesi-uc-birlik-kurali-bozulan-tragedya-kitabi-tanitildi\\\/#primaryimage\"},\"image\":{\"@id\":\"https:\\\/\\\/kuzeyinsesi.org\\\/index.php\\\/2024\\\/05\\\/12\\\/ummanelin-kibris-uclemesi-uc-birlik-kurali-bozulan-tragedya-kitabi-tanitildi\\\/#primaryimage\"},\"thumbnailUrl\":\"https:\\\/\\\/kuzeyinsesi.org\\\/wp-content\\\/uploads\\\/2024\\\/05\\\/tanitim1.jpeg\",\"datePublished\":\"2024-05-12T12:31:53+00:00\",\"author\":{\"@id\":\"https:\\\/\\\/kuzeyinsesi.org\\\/#\\\/schema\\\/person\\\/9f859689cdf01485597712386e37f5aa\"},\"breadcrumb\":{\"@id\":\"https:\\\/\\\/kuzeyinsesi.org\\\/index.php\\\/2024\\\/05\\\/12\\\/ummanelin-kibris-uclemesi-uc-birlik-kurali-bozulan-tragedya-kitabi-tanitildi\\\/#breadcrumb\"},\"inLanguage\":\"tr\",\"potentialAction\":[{\"@type\":\"ReadAction\",\"target\":[\"https:\\\/\\\/kuzeyinsesi.org\\\/index.php\\\/2024\\\/05\\\/12\\\/ummanelin-kibris-uclemesi-uc-birlik-kurali-bozulan-tragedya-kitabi-tanitildi\\\/\"]}]},{\"@type\":\"ImageObject\",\"inLanguage\":\"tr\",\"@id\":\"https:\\\/\\\/kuzeyinsesi.org\\\/index.php\\\/2024\\\/05\\\/12\\\/ummanelin-kibris-uclemesi-uc-birlik-kurali-bozulan-tragedya-kitabi-tanitildi\\\/#primaryimage\",\"url\":\"https:\\\/\\\/kuzeyinsesi.org\\\/wp-content\\\/uploads\\\/2024\\\/05\\\/tanitim1.jpeg\",\"contentUrl\":\"https:\\\/\\\/kuzeyinsesi.org\\\/wp-content\\\/uploads\\\/2024\\\/05\\\/tanitim1.jpeg\",\"width\":1600,\"height\":1200},{\"@type\":\"BreadcrumbList\",\"@id\":\"https:\\\/\\\/kuzeyinsesi.org\\\/index.php\\\/2024\\\/05\\\/12\\\/ummanelin-kibris-uclemesi-uc-birlik-kurali-bozulan-tragedya-kitabi-tanitildi\\\/#breadcrumb\",\"itemListElement\":[{\"@type\":\"ListItem\",\"position\":1,\"name\":\"Anasayfa\",\"item\":\"https:\\\/\\\/kuzeyinsesi.org\\\/\"},{\"@type\":\"ListItem\",\"position\":2,\"name\":\"Ummanel\u2019in \u201cK\u0131br\u0131s \u00dc\u00e7lemesi: \u00dc\u00e7 Birlik Kural\u0131 Bozulan Tragedya\u201d kitab\u0131 tan\u0131t\u0131ld\u0131\"}]},{\"@type\":\"WebSite\",\"@id\":\"https:\\\/\\\/kuzeyinsesi.org\\\/#website\",\"url\":\"https:\\\/\\\/kuzeyinsesi.org\\\/\",\"name\":\"Kuzeyin Sesi\",\"description\":\"Do\u011fru Haberin Adresi\",\"potentialAction\":[{\"@type\":\"SearchAction\",\"target\":{\"@type\":\"EntryPoint\",\"urlTemplate\":\"https:\\\/\\\/kuzeyinsesi.org\\\/?s={search_term_string}\"},\"query-input\":{\"@type\":\"PropertyValueSpecification\",\"valueRequired\":true,\"valueName\":\"search_term_string\"}}],\"inLanguage\":\"tr\"},{\"@type\":\"Person\",\"@id\":\"https:\\\/\\\/kuzeyinsesi.org\\\/#\\\/schema\\\/person\\\/9f859689cdf01485597712386e37f5aa\",\"name\":\"Kuzeyin Sesi\",\"image\":{\"@type\":\"ImageObject\",\"inLanguage\":\"tr\",\"@id\":\"https:\\\/\\\/secure.gravatar.com\\\/avatar\\\/bab33852abfd8b282518d6ed81826833d77c3c882d9ab608add591ccace47a44?s=96&d=mm&r=g\",\"url\":\"https:\\\/\\\/secure.gravatar.com\\\/avatar\\\/bab33852abfd8b282518d6ed81826833d77c3c882d9ab608add591ccace47a44?s=96&d=mm&r=g\",\"contentUrl\":\"https:\\\/\\\/secure.gravatar.com\\\/avatar\\\/bab33852abfd8b282518d6ed81826833d77c3c882d9ab608add591ccace47a44?s=96&d=mm&r=g\",\"caption\":\"Kuzeyin Sesi\"},\"sameAs\":[\"https:\\\/\\\/kuzeyinsesi.org\"],\"url\":\"https:\\\/\\\/kuzeyinsesi.org\\\/index.php\\\/author\\\/guven\\\/\"}]}<\/script>\n<!-- \/ Yoast SEO plugin. -->","yoast_head_json":{"title":"Ummanel\u2019in \u201cK\u0131br\u0131s \u00dc\u00e7lemesi: \u00dc\u00e7 Birlik Kural\u0131 Bozulan Tragedya\u201d kitab\u0131 tan\u0131t\u0131ld\u0131 - Kuzeyin Sesi","robots":{"index":"index","follow":"follow","max-snippet":"max-snippet:-1","max-image-preview":"max-image-preview:large","max-video-preview":"max-video-preview:-1"},"canonical":"https:\/\/kuzeyinsesi.org\/index.php\/2024\/05\/12\/ummanelin-kibris-uclemesi-uc-birlik-kurali-bozulan-tragedya-kitabi-tanitildi\/","og_locale":"tr_TR","og_type":"article","og_title":"Ummanel\u2019in \u201cK\u0131br\u0131s \u00dc\u00e7lemesi: \u00dc\u00e7 Birlik Kural\u0131 Bozulan Tragedya\u201d kitab\u0131 tan\u0131t\u0131ld\u0131 - Kuzeyin Sesi","og_description":"Aliye Ummanel\u2019in \u201cPassa Tempo\u201d, \u201cKay\u0131p\u201d ve \u201cEv\u201d oyunlar\u0131ndan olu\u015fan ve I\u015f\u0131k Kitabevi taraf\u0131ndan yay\u0131mlanan \u201cK\u0131br\u0131s \u00dc\u00e7lemesi: \u00dc\u00e7 Birlik Kural\u0131 Bozulan Tragedya\u201d isimli kitab\u0131 Cuma ak\u015fam\u0131 d\u00fczenlenen etkinlikte tan\u0131t\u0131ld\u0131. I\u015f\u0131k Kitabevi ile K\u0131br\u0131s Sanat\u00e7\u0131 ve Yazarlar Birli\u011fi taraf\u0131ndan d\u00fczenlenen etkinli\u011fe K\u0131br\u0131s Sanat\u00e7\u0131 ve Yazarlar Birli\u011fi E\u015f Ba\u015fkan\u0131 \u015fair Ne\u015fe Ya\u015f\u0131n, ara\u015ft\u0131rmac\u0131 yazar Mete Hatay ve tiyatro [&hellip;]","og_url":"https:\/\/kuzeyinsesi.org\/index.php\/2024\/05\/12\/ummanelin-kibris-uclemesi-uc-birlik-kurali-bozulan-tragedya-kitabi-tanitildi\/","og_site_name":"Kuzeyin Sesi","article_publisher":"https:\/\/www.facebook.com\/kuzeyinsesii","article_published_time":"2024-05-12T12:31:53+00:00","og_image":[{"width":1600,"height":1200,"url":"https:\/\/kuzeyinsesi.org\/wp-content\/uploads\/2024\/05\/tanitim1.jpeg","type":"image\/jpeg"}],"author":"Kuzeyin Sesi","twitter_card":"summary_large_image","twitter_creator":"@kuzeyinsesii","twitter_site":"@kuzeyinsesii","twitter_misc":{"Yazan:":"Kuzeyin Sesi","Tahmini okuma s\u00fcresi":"1 dakika"},"schema":{"@context":"https:\/\/schema.org","@graph":[{"@type":"Article","@id":"https:\/\/kuzeyinsesi.org\/index.php\/2024\/05\/12\/ummanelin-kibris-uclemesi-uc-birlik-kurali-bozulan-tragedya-kitabi-tanitildi\/#article","isPartOf":{"@id":"https:\/\/kuzeyinsesi.org\/index.php\/2024\/05\/12\/ummanelin-kibris-uclemesi-uc-birlik-kurali-bozulan-tragedya-kitabi-tanitildi\/"},"author":{"name":"Kuzeyin Sesi","@id":"https:\/\/kuzeyinsesi.org\/#\/schema\/person\/9f859689cdf01485597712386e37f5aa"},"headline":"Ummanel\u2019in \u201cK\u0131br\u0131s \u00dc\u00e7lemesi: \u00dc\u00e7 Birlik Kural\u0131 Bozulan Tragedya\u201d kitab\u0131 tan\u0131t\u0131ld\u0131","datePublished":"2024-05-12T12:31:53+00:00","mainEntityOfPage":{"@id":"https:\/\/kuzeyinsesi.org\/index.php\/2024\/05\/12\/ummanelin-kibris-uclemesi-uc-birlik-kurali-bozulan-tragedya-kitabi-tanitildi\/"},"wordCount":240,"commentCount":0,"image":{"@id":"https:\/\/kuzeyinsesi.org\/index.php\/2024\/05\/12\/ummanelin-kibris-uclemesi-uc-birlik-kurali-bozulan-tragedya-kitabi-tanitildi\/#primaryimage"},"thumbnailUrl":"https:\/\/kuzeyinsesi.org\/wp-content\/uploads\/2024\/05\/tanitim1.jpeg","articleSection":["Ya\u015fam"],"inLanguage":"tr","potentialAction":[{"@type":"CommentAction","name":"Comment","target":["https:\/\/kuzeyinsesi.org\/index.php\/2024\/05\/12\/ummanelin-kibris-uclemesi-uc-birlik-kurali-bozulan-tragedya-kitabi-tanitildi\/#respond"]}]},{"@type":"WebPage","@id":"https:\/\/kuzeyinsesi.org\/index.php\/2024\/05\/12\/ummanelin-kibris-uclemesi-uc-birlik-kurali-bozulan-tragedya-kitabi-tanitildi\/","url":"https:\/\/kuzeyinsesi.org\/index.php\/2024\/05\/12\/ummanelin-kibris-uclemesi-uc-birlik-kurali-bozulan-tragedya-kitabi-tanitildi\/","name":"Ummanel\u2019in \u201cK\u0131br\u0131s \u00dc\u00e7lemesi: \u00dc\u00e7 Birlik Kural\u0131 Bozulan Tragedya\u201d kitab\u0131 tan\u0131t\u0131ld\u0131 - Kuzeyin Sesi","isPartOf":{"@id":"https:\/\/kuzeyinsesi.org\/#website"},"primaryImageOfPage":{"@id":"https:\/\/kuzeyinsesi.org\/index.php\/2024\/05\/12\/ummanelin-kibris-uclemesi-uc-birlik-kurali-bozulan-tragedya-kitabi-tanitildi\/#primaryimage"},"image":{"@id":"https:\/\/kuzeyinsesi.org\/index.php\/2024\/05\/12\/ummanelin-kibris-uclemesi-uc-birlik-kurali-bozulan-tragedya-kitabi-tanitildi\/#primaryimage"},"thumbnailUrl":"https:\/\/kuzeyinsesi.org\/wp-content\/uploads\/2024\/05\/tanitim1.jpeg","datePublished":"2024-05-12T12:31:53+00:00","author":{"@id":"https:\/\/kuzeyinsesi.org\/#\/schema\/person\/9f859689cdf01485597712386e37f5aa"},"breadcrumb":{"@id":"https:\/\/kuzeyinsesi.org\/index.php\/2024\/05\/12\/ummanelin-kibris-uclemesi-uc-birlik-kurali-bozulan-tragedya-kitabi-tanitildi\/#breadcrumb"},"inLanguage":"tr","potentialAction":[{"@type":"ReadAction","target":["https:\/\/kuzeyinsesi.org\/index.php\/2024\/05\/12\/ummanelin-kibris-uclemesi-uc-birlik-kurali-bozulan-tragedya-kitabi-tanitildi\/"]}]},{"@type":"ImageObject","inLanguage":"tr","@id":"https:\/\/kuzeyinsesi.org\/index.php\/2024\/05\/12\/ummanelin-kibris-uclemesi-uc-birlik-kurali-bozulan-tragedya-kitabi-tanitildi\/#primaryimage","url":"https:\/\/kuzeyinsesi.org\/wp-content\/uploads\/2024\/05\/tanitim1.jpeg","contentUrl":"https:\/\/kuzeyinsesi.org\/wp-content\/uploads\/2024\/05\/tanitim1.jpeg","width":1600,"height":1200},{"@type":"BreadcrumbList","@id":"https:\/\/kuzeyinsesi.org\/index.php\/2024\/05\/12\/ummanelin-kibris-uclemesi-uc-birlik-kurali-bozulan-tragedya-kitabi-tanitildi\/#breadcrumb","itemListElement":[{"@type":"ListItem","position":1,"name":"Anasayfa","item":"https:\/\/kuzeyinsesi.org\/"},{"@type":"ListItem","position":2,"name":"Ummanel\u2019in \u201cK\u0131br\u0131s \u00dc\u00e7lemesi: \u00dc\u00e7 Birlik Kural\u0131 Bozulan Tragedya\u201d kitab\u0131 tan\u0131t\u0131ld\u0131"}]},{"@type":"WebSite","@id":"https:\/\/kuzeyinsesi.org\/#website","url":"https:\/\/kuzeyinsesi.org\/","name":"Kuzeyin Sesi","description":"Do\u011fru Haberin Adresi","potentialAction":[{"@type":"SearchAction","target":{"@type":"EntryPoint","urlTemplate":"https:\/\/kuzeyinsesi.org\/?s={search_term_string}"},"query-input":{"@type":"PropertyValueSpecification","valueRequired":true,"valueName":"search_term_string"}}],"inLanguage":"tr"},{"@type":"Person","@id":"https:\/\/kuzeyinsesi.org\/#\/schema\/person\/9f859689cdf01485597712386e37f5aa","name":"Kuzeyin Sesi","image":{"@type":"ImageObject","inLanguage":"tr","@id":"https:\/\/secure.gravatar.com\/avatar\/bab33852abfd8b282518d6ed81826833d77c3c882d9ab608add591ccace47a44?s=96&d=mm&r=g","url":"https:\/\/secure.gravatar.com\/avatar\/bab33852abfd8b282518d6ed81826833d77c3c882d9ab608add591ccace47a44?s=96&d=mm&r=g","contentUrl":"https:\/\/secure.gravatar.com\/avatar\/bab33852abfd8b282518d6ed81826833d77c3c882d9ab608add591ccace47a44?s=96&d=mm&r=g","caption":"Kuzeyin Sesi"},"sameAs":["https:\/\/kuzeyinsesi.org"],"url":"https:\/\/kuzeyinsesi.org\/index.php\/author\/guven\/"}]}},"_links":{"self":[{"href":"https:\/\/kuzeyinsesi.org\/index.php\/wp-json\/wp\/v2\/posts\/2194","targetHints":{"allow":["GET"]}}],"collection":[{"href":"https:\/\/kuzeyinsesi.org\/index.php\/wp-json\/wp\/v2\/posts"}],"about":[{"href":"https:\/\/kuzeyinsesi.org\/index.php\/wp-json\/wp\/v2\/types\/post"}],"author":[{"embeddable":true,"href":"https:\/\/kuzeyinsesi.org\/index.php\/wp-json\/wp\/v2\/users\/1"}],"replies":[{"embeddable":true,"href":"https:\/\/kuzeyinsesi.org\/index.php\/wp-json\/wp\/v2\/comments?post=2194"}],"version-history":[{"count":0,"href":"https:\/\/kuzeyinsesi.org\/index.php\/wp-json\/wp\/v2\/posts\/2194\/revisions"}],"wp:featuredmedia":[{"embeddable":true,"href":"https:\/\/kuzeyinsesi.org\/index.php\/wp-json\/wp\/v2\/media\/2195"}],"wp:attachment":[{"href":"https:\/\/kuzeyinsesi.org\/index.php\/wp-json\/wp\/v2\/media?parent=2194"}],"wp:term":[{"taxonomy":"category","embeddable":true,"href":"https:\/\/kuzeyinsesi.org\/index.php\/wp-json\/wp\/v2\/categories?post=2194"},{"taxonomy":"post_tag","embeddable":true,"href":"https:\/\/kuzeyinsesi.org\/index.php\/wp-json\/wp\/v2\/tags?post=2194"}],"curies":[{"name":"wp","href":"https:\/\/api.w.org\/{rel}","templated":true}]}}