{"id":21589,"date":"2025-03-22T16:24:29","date_gmt":"2025-03-22T14:24:29","guid":{"rendered":"https:\/\/kuzeyinsesi.org\/index.php\/2025\/03\/22\/lirik-siir-grubundan-dunya-sairlerinden-siirler-etkinligi\/"},"modified":"2025-03-22T16:24:29","modified_gmt":"2025-03-22T14:24:29","slug":"lirik-siir-grubundan-dunya-sairlerinden-siirler-etkinligi","status":"publish","type":"post","link":"https:\/\/kuzeyinsesi.org\/index.php\/2025\/03\/22\/lirik-siir-grubundan-dunya-sairlerinden-siirler-etkinligi\/","title":{"rendered":"Lirik \u015eiir Grubu\u2019ndan \u201cD\u00fcnya \u015eairlerinden \u015eiirler\u201d etkinli\u011fi"},"content":{"rendered":"<div>\n<div class=\"mariselle-image-container center\">\n                                            <\/div>\n<p>\nK\u0131br\u0131s Edebiyat Derne\u011fi (KED) \u00e7at\u0131s\u0131 alt\u0131nda faaliyetlerini s\u00fcrd\u00fcren Lirik \u015eiir Grubu, 21 Mart D\u00fcnya \u015eiir G\u00fcn\u00fc\u2019nde \u201cD\u00fcnya \u015eairlerinden \u015eiirler\u201d etkinli\u011fi d\u00fczenledi.<\/p>\n<p>Dernekten yap\u0131lan a\u00e7\u0131klamaya g\u00f6re, Lefko\u015fa Sanat Merkezi\u2019nde (LESAM) yer alan etkinli\u011fe, \u00e7ok say\u0131da ki\u015fi kat\u0131ld\u0131.<\/p>\n<p>Etkinli\u011fin a\u00e7\u0131l\u0131\u015f konu\u015fmas\u0131n\u0131 yapan KED Asba\u015fkan\u0131 ve Lirik \u015eiir Grubu \u00fcyesi Serkan Soyalan, 2012 y\u0131l\u0131nda kurulan Lirik \u015eiir Grubu\u2019nun, ellinin \u00fczerinde etkinlik d\u00fczenledi\u011fini kaydetti.<\/p>\n<p>\u0130\u00e7inden ge\u00e7ilen g\u00fcnlerin, toplumu karamsarl\u0131\u011fa s\u00fcr\u00fckledi\u011fini ifade eden Soyalan, \u015fiirin bir direni\u015f oldu\u011funu, \u015fiirler ile ses y\u00fckseltemeye devam edeceklerini belirtti.<\/p>\n<p>Merter Refiko\u011flu, \u015eehbal Hamzao\u011fullar\u0131, Serkan Soyalan, Kemal Ta\u015f\u00e7\u0131 ve Y\u0131ltan Ta\u015f\u00e7\u0131\u2019dan olu\u015fan Lirik \u015eiir Grubu, etkinlik kapsam\u0131nda d\u00fcnya \u015fairlerinden se\u00e7tikleri \u015fiirleri okudu, ayr\u0131ca m\u00fczik dinletisi sundu.<\/p>\n<\/p><\/div>\n<p><script async\n                    defer\n                    crossorigin=\"anonymous\"\n                    src=\"https:\/\/connect.facebook.net\/tr_TR\/sdk.js#xfbml=1&#038;version=v3.3\"\n            ><\/script><\/p>\n","protected":false},"excerpt":{"rendered":"<p>K\u0131br\u0131s Edebiyat Derne\u011fi (KED) \u00e7at\u0131s\u0131 alt\u0131nda faaliyetlerini s\u00fcrd\u00fcren Lirik \u015eiir Grubu, 21 Mart D\u00fcnya \u015eiir G\u00fcn\u00fc\u2019nde \u201cD\u00fcnya \u015eairlerinden \u015eiirler\u201d etkinli\u011fi d\u00fczenledi. Dernekten yap\u0131lan a\u00e7\u0131klamaya g\u00f6re, Lefko\u015fa Sanat Merkezi\u2019nde (LESAM) yer alan etkinli\u011fe, \u00e7ok say\u0131da ki\u015fi kat\u0131ld\u0131. Etkinli\u011fin a\u00e7\u0131l\u0131\u015f konu\u015fmas\u0131n\u0131 yapan KED Asba\u015fkan\u0131 ve Lirik \u015eiir Grubu \u00fcyesi Serkan Soyalan, 2012 y\u0131l\u0131nda kurulan Lirik \u015eiir Grubu\u2019nun, [&hellip;]<\/p>\n","protected":false},"author":1,"featured_media":21590,"comment_status":"open","ping_status":"open","sticky":false,"template":"","format":"standard","meta":{"jnews-multi-image_gallery":[],"jnews_single_post":[],"jnews_primary_category":[],"jnews_social_meta":[],"jnews_override_counter":[],"footnotes":""},"categories":[6],"tags":[],"class_list":["post-21589","post","type-post","status-publish","format-standard","has-post-thumbnail","hentry","category-yasam"],"yoast_head":"<!-- This site is optimized with the Yoast SEO plugin v27.4 - https:\/\/yoast.com\/product\/yoast-seo-wordpress\/ -->\n<title>Lirik \u015eiir Grubu\u2019ndan \u201cD\u00fcnya \u015eairlerinden \u015eiirler\u201d etkinli\u011fi - Kuzeyin Sesi<\/title>\n<meta name=\"robots\" content=\"index, follow, max-snippet:-1, max-image-preview:large, max-video-preview:-1\" \/>\n<link rel=\"canonical\" href=\"https:\/\/kuzeyinsesi.org\/index.php\/2025\/03\/22\/lirik-siir-grubundan-dunya-sairlerinden-siirler-etkinligi\/\" \/>\n<meta property=\"og:locale\" content=\"tr_TR\" \/>\n<meta property=\"og:type\" content=\"article\" \/>\n<meta property=\"og:title\" content=\"Lirik \u015eiir Grubu\u2019ndan \u201cD\u00fcnya \u015eairlerinden \u015eiirler\u201d etkinli\u011fi - Kuzeyin Sesi\" \/>\n<meta property=\"og:description\" content=\"K\u0131br\u0131s Edebiyat Derne\u011fi (KED) \u00e7at\u0131s\u0131 alt\u0131nda faaliyetlerini s\u00fcrd\u00fcren Lirik \u015eiir Grubu, 21 Mart D\u00fcnya \u015eiir G\u00fcn\u00fc\u2019nde \u201cD\u00fcnya \u015eairlerinden \u015eiirler\u201d etkinli\u011fi d\u00fczenledi. Dernekten yap\u0131lan a\u00e7\u0131klamaya g\u00f6re, Lefko\u015fa Sanat Merkezi\u2019nde (LESAM) yer alan etkinli\u011fe, \u00e7ok say\u0131da ki\u015fi kat\u0131ld\u0131. Etkinli\u011fin a\u00e7\u0131l\u0131\u015f konu\u015fmas\u0131n\u0131 yapan KED Asba\u015fkan\u0131 ve Lirik \u015eiir Grubu \u00fcyesi Serkan Soyalan, 2012 y\u0131l\u0131nda kurulan Lirik \u015eiir Grubu\u2019nun, [&hellip;]\" \/>\n<meta property=\"og:url\" content=\"https:\/\/kuzeyinsesi.org\/index.php\/2025\/03\/22\/lirik-siir-grubundan-dunya-sairlerinden-siirler-etkinligi\/\" \/>\n<meta property=\"og:site_name\" content=\"Kuzeyin Sesi\" \/>\n<meta property=\"article:publisher\" content=\"https:\/\/www.facebook.com\/kuzeyinsesii\" \/>\n<meta property=\"article:published_time\" content=\"2025-03-22T14:24:29+00:00\" \/>\n<meta property=\"og:image\" content=\"https:\/\/brtk.net\/wp-content\/uploads\/2025\/03\/22\/1742643752723LSG-2.jpg?ver=a45df4fb9f13b7d29da894d29f216f09\" \/>\n<meta name=\"author\" content=\"Kuzeyin Sesi\" \/>\n<meta name=\"twitter:card\" content=\"summary_large_image\" \/>\n<meta name=\"twitter:creator\" content=\"@kuzeyinsesii\" \/>\n<meta name=\"twitter:site\" content=\"@kuzeyinsesii\" \/>\n<meta name=\"twitter:label1\" content=\"Yazan:\" \/>\n\t<meta name=\"twitter:data1\" content=\"Kuzeyin Sesi\" \/>\n\t<meta name=\"twitter:label2\" content=\"Tahmini okuma s\u00fcresi\" \/>\n\t<meta name=\"twitter:data2\" content=\"1 dakika\" \/>\n<script type=\"application\/ld+json\" class=\"yoast-schema-graph\">{\"@context\":\"https:\\\/\\\/schema.org\",\"@graph\":[{\"@type\":\"Article\",\"@id\":\"https:\\\/\\\/kuzeyinsesi.org\\\/index.php\\\/2025\\\/03\\\/22\\\/lirik-siir-grubundan-dunya-sairlerinden-siirler-etkinligi\\\/#article\",\"isPartOf\":{\"@id\":\"https:\\\/\\\/kuzeyinsesi.org\\\/index.php\\\/2025\\\/03\\\/22\\\/lirik-siir-grubundan-dunya-sairlerinden-siirler-etkinligi\\\/\"},\"author\":{\"name\":\"Kuzeyin Sesi\",\"@id\":\"https:\\\/\\\/kuzeyinsesi.org\\\/#\\\/schema\\\/person\\\/9f859689cdf01485597712386e37f5aa\"},\"headline\":\"Lirik \u015eiir Grubu\u2019ndan \u201cD\u00fcnya \u015eairlerinden \u015eiirler\u201d etkinli\u011fi\",\"datePublished\":\"2025-03-22T14:24:29+00:00\",\"mainEntityOfPage\":{\"@id\":\"https:\\\/\\\/kuzeyinsesi.org\\\/index.php\\\/2025\\\/03\\\/22\\\/lirik-siir-grubundan-dunya-sairlerinden-siirler-etkinligi\\\/\"},\"wordCount\":164,\"commentCount\":0,\"image\":{\"@id\":\"https:\\\/\\\/kuzeyinsesi.org\\\/index.php\\\/2025\\\/03\\\/22\\\/lirik-siir-grubundan-dunya-sairlerinden-siirler-etkinligi\\\/#primaryimage\"},\"thumbnailUrl\":\"https:\\\/\\\/kuzeyinsesi.org\\\/wp-content\\\/uploads\\\/2025\\\/03\\\/1742643752723LSG-2.jpg\",\"articleSection\":[\"Ya\u015fam\"],\"inLanguage\":\"tr\",\"potentialAction\":[{\"@type\":\"CommentAction\",\"name\":\"Comment\",\"target\":[\"https:\\\/\\\/kuzeyinsesi.org\\\/index.php\\\/2025\\\/03\\\/22\\\/lirik-siir-grubundan-dunya-sairlerinden-siirler-etkinligi\\\/#respond\"]}]},{\"@type\":\"WebPage\",\"@id\":\"https:\\\/\\\/kuzeyinsesi.org\\\/index.php\\\/2025\\\/03\\\/22\\\/lirik-siir-grubundan-dunya-sairlerinden-siirler-etkinligi\\\/\",\"url\":\"https:\\\/\\\/kuzeyinsesi.org\\\/index.php\\\/2025\\\/03\\\/22\\\/lirik-siir-grubundan-dunya-sairlerinden-siirler-etkinligi\\\/\",\"name\":\"Lirik \u015eiir Grubu\u2019ndan \u201cD\u00fcnya \u015eairlerinden \u015eiirler\u201d etkinli\u011fi - Kuzeyin Sesi\",\"isPartOf\":{\"@id\":\"https:\\\/\\\/kuzeyinsesi.org\\\/#website\"},\"primaryImageOfPage\":{\"@id\":\"https:\\\/\\\/kuzeyinsesi.org\\\/index.php\\\/2025\\\/03\\\/22\\\/lirik-siir-grubundan-dunya-sairlerinden-siirler-etkinligi\\\/#primaryimage\"},\"image\":{\"@id\":\"https:\\\/\\\/kuzeyinsesi.org\\\/index.php\\\/2025\\\/03\\\/22\\\/lirik-siir-grubundan-dunya-sairlerinden-siirler-etkinligi\\\/#primaryimage\"},\"thumbnailUrl\":\"https:\\\/\\\/kuzeyinsesi.org\\\/wp-content\\\/uploads\\\/2025\\\/03\\\/1742643752723LSG-2.jpg\",\"datePublished\":\"2025-03-22T14:24:29+00:00\",\"author\":{\"@id\":\"https:\\\/\\\/kuzeyinsesi.org\\\/#\\\/schema\\\/person\\\/9f859689cdf01485597712386e37f5aa\"},\"breadcrumb\":{\"@id\":\"https:\\\/\\\/kuzeyinsesi.org\\\/index.php\\\/2025\\\/03\\\/22\\\/lirik-siir-grubundan-dunya-sairlerinden-siirler-etkinligi\\\/#breadcrumb\"},\"inLanguage\":\"tr\",\"potentialAction\":[{\"@type\":\"ReadAction\",\"target\":[\"https:\\\/\\\/kuzeyinsesi.org\\\/index.php\\\/2025\\\/03\\\/22\\\/lirik-siir-grubundan-dunya-sairlerinden-siirler-etkinligi\\\/\"]}]},{\"@type\":\"ImageObject\",\"inLanguage\":\"tr\",\"@id\":\"https:\\\/\\\/kuzeyinsesi.org\\\/index.php\\\/2025\\\/03\\\/22\\\/lirik-siir-grubundan-dunya-sairlerinden-siirler-etkinligi\\\/#primaryimage\",\"url\":\"https:\\\/\\\/kuzeyinsesi.org\\\/wp-content\\\/uploads\\\/2025\\\/03\\\/1742643752723LSG-2.jpg\",\"contentUrl\":\"https:\\\/\\\/kuzeyinsesi.org\\\/wp-content\\\/uploads\\\/2025\\\/03\\\/1742643752723LSG-2.jpg\",\"width\":1600,\"height\":897},{\"@type\":\"BreadcrumbList\",\"@id\":\"https:\\\/\\\/kuzeyinsesi.org\\\/index.php\\\/2025\\\/03\\\/22\\\/lirik-siir-grubundan-dunya-sairlerinden-siirler-etkinligi\\\/#breadcrumb\",\"itemListElement\":[{\"@type\":\"ListItem\",\"position\":1,\"name\":\"Anasayfa\",\"item\":\"https:\\\/\\\/kuzeyinsesi.org\\\/\"},{\"@type\":\"ListItem\",\"position\":2,\"name\":\"Lirik \u015eiir Grubu\u2019ndan \u201cD\u00fcnya \u015eairlerinden \u015eiirler\u201d etkinli\u011fi\"}]},{\"@type\":\"WebSite\",\"@id\":\"https:\\\/\\\/kuzeyinsesi.org\\\/#website\",\"url\":\"https:\\\/\\\/kuzeyinsesi.org\\\/\",\"name\":\"Kuzeyin Sesi\",\"description\":\"Do\u011fru Haberin Adresi\",\"potentialAction\":[{\"@type\":\"SearchAction\",\"target\":{\"@type\":\"EntryPoint\",\"urlTemplate\":\"https:\\\/\\\/kuzeyinsesi.org\\\/?s={search_term_string}\"},\"query-input\":{\"@type\":\"PropertyValueSpecification\",\"valueRequired\":true,\"valueName\":\"search_term_string\"}}],\"inLanguage\":\"tr\"},{\"@type\":\"Person\",\"@id\":\"https:\\\/\\\/kuzeyinsesi.org\\\/#\\\/schema\\\/person\\\/9f859689cdf01485597712386e37f5aa\",\"name\":\"Kuzeyin Sesi\",\"image\":{\"@type\":\"ImageObject\",\"inLanguage\":\"tr\",\"@id\":\"https:\\\/\\\/secure.gravatar.com\\\/avatar\\\/bab33852abfd8b282518d6ed81826833d77c3c882d9ab608add591ccace47a44?s=96&d=mm&r=g\",\"url\":\"https:\\\/\\\/secure.gravatar.com\\\/avatar\\\/bab33852abfd8b282518d6ed81826833d77c3c882d9ab608add591ccace47a44?s=96&d=mm&r=g\",\"contentUrl\":\"https:\\\/\\\/secure.gravatar.com\\\/avatar\\\/bab33852abfd8b282518d6ed81826833d77c3c882d9ab608add591ccace47a44?s=96&d=mm&r=g\",\"caption\":\"Kuzeyin Sesi\"},\"sameAs\":[\"https:\\\/\\\/kuzeyinsesi.org\"],\"url\":\"https:\\\/\\\/kuzeyinsesi.org\\\/index.php\\\/author\\\/guven\\\/\"}]}<\/script>\n<!-- \/ Yoast SEO plugin. -->","yoast_head_json":{"title":"Lirik \u015eiir Grubu\u2019ndan \u201cD\u00fcnya \u015eairlerinden \u015eiirler\u201d etkinli\u011fi - Kuzeyin Sesi","robots":{"index":"index","follow":"follow","max-snippet":"max-snippet:-1","max-image-preview":"max-image-preview:large","max-video-preview":"max-video-preview:-1"},"canonical":"https:\/\/kuzeyinsesi.org\/index.php\/2025\/03\/22\/lirik-siir-grubundan-dunya-sairlerinden-siirler-etkinligi\/","og_locale":"tr_TR","og_type":"article","og_title":"Lirik \u015eiir Grubu\u2019ndan \u201cD\u00fcnya \u015eairlerinden \u015eiirler\u201d etkinli\u011fi - Kuzeyin Sesi","og_description":"K\u0131br\u0131s Edebiyat Derne\u011fi (KED) \u00e7at\u0131s\u0131 alt\u0131nda faaliyetlerini s\u00fcrd\u00fcren Lirik \u015eiir Grubu, 21 Mart D\u00fcnya \u015eiir G\u00fcn\u00fc\u2019nde \u201cD\u00fcnya \u015eairlerinden \u015eiirler\u201d etkinli\u011fi d\u00fczenledi. Dernekten yap\u0131lan a\u00e7\u0131klamaya g\u00f6re, Lefko\u015fa Sanat Merkezi\u2019nde (LESAM) yer alan etkinli\u011fe, \u00e7ok say\u0131da ki\u015fi kat\u0131ld\u0131. Etkinli\u011fin a\u00e7\u0131l\u0131\u015f konu\u015fmas\u0131n\u0131 yapan KED Asba\u015fkan\u0131 ve Lirik \u015eiir Grubu \u00fcyesi Serkan Soyalan, 2012 y\u0131l\u0131nda kurulan Lirik \u015eiir Grubu\u2019nun, [&hellip;]","og_url":"https:\/\/kuzeyinsesi.org\/index.php\/2025\/03\/22\/lirik-siir-grubundan-dunya-sairlerinden-siirler-etkinligi\/","og_site_name":"Kuzeyin Sesi","article_publisher":"https:\/\/www.facebook.com\/kuzeyinsesii","article_published_time":"2025-03-22T14:24:29+00:00","og_image":[{"url":"https:\/\/brtk.net\/wp-content\/uploads\/2025\/03\/22\/1742643752723LSG-2.jpg?ver=a45df4fb9f13b7d29da894d29f216f09","type":"","width":"","height":""}],"author":"Kuzeyin Sesi","twitter_card":"summary_large_image","twitter_creator":"@kuzeyinsesii","twitter_site":"@kuzeyinsesii","twitter_misc":{"Yazan:":"Kuzeyin Sesi","Tahmini okuma s\u00fcresi":"1 dakika"},"schema":{"@context":"https:\/\/schema.org","@graph":[{"@type":"Article","@id":"https:\/\/kuzeyinsesi.org\/index.php\/2025\/03\/22\/lirik-siir-grubundan-dunya-sairlerinden-siirler-etkinligi\/#article","isPartOf":{"@id":"https:\/\/kuzeyinsesi.org\/index.php\/2025\/03\/22\/lirik-siir-grubundan-dunya-sairlerinden-siirler-etkinligi\/"},"author":{"name":"Kuzeyin Sesi","@id":"https:\/\/kuzeyinsesi.org\/#\/schema\/person\/9f859689cdf01485597712386e37f5aa"},"headline":"Lirik \u015eiir Grubu\u2019ndan \u201cD\u00fcnya \u015eairlerinden \u015eiirler\u201d etkinli\u011fi","datePublished":"2025-03-22T14:24:29+00:00","mainEntityOfPage":{"@id":"https:\/\/kuzeyinsesi.org\/index.php\/2025\/03\/22\/lirik-siir-grubundan-dunya-sairlerinden-siirler-etkinligi\/"},"wordCount":164,"commentCount":0,"image":{"@id":"https:\/\/kuzeyinsesi.org\/index.php\/2025\/03\/22\/lirik-siir-grubundan-dunya-sairlerinden-siirler-etkinligi\/#primaryimage"},"thumbnailUrl":"https:\/\/kuzeyinsesi.org\/wp-content\/uploads\/2025\/03\/1742643752723LSG-2.jpg","articleSection":["Ya\u015fam"],"inLanguage":"tr","potentialAction":[{"@type":"CommentAction","name":"Comment","target":["https:\/\/kuzeyinsesi.org\/index.php\/2025\/03\/22\/lirik-siir-grubundan-dunya-sairlerinden-siirler-etkinligi\/#respond"]}]},{"@type":"WebPage","@id":"https:\/\/kuzeyinsesi.org\/index.php\/2025\/03\/22\/lirik-siir-grubundan-dunya-sairlerinden-siirler-etkinligi\/","url":"https:\/\/kuzeyinsesi.org\/index.php\/2025\/03\/22\/lirik-siir-grubundan-dunya-sairlerinden-siirler-etkinligi\/","name":"Lirik \u015eiir Grubu\u2019ndan \u201cD\u00fcnya \u015eairlerinden \u015eiirler\u201d etkinli\u011fi - Kuzeyin Sesi","isPartOf":{"@id":"https:\/\/kuzeyinsesi.org\/#website"},"primaryImageOfPage":{"@id":"https:\/\/kuzeyinsesi.org\/index.php\/2025\/03\/22\/lirik-siir-grubundan-dunya-sairlerinden-siirler-etkinligi\/#primaryimage"},"image":{"@id":"https:\/\/kuzeyinsesi.org\/index.php\/2025\/03\/22\/lirik-siir-grubundan-dunya-sairlerinden-siirler-etkinligi\/#primaryimage"},"thumbnailUrl":"https:\/\/kuzeyinsesi.org\/wp-content\/uploads\/2025\/03\/1742643752723LSG-2.jpg","datePublished":"2025-03-22T14:24:29+00:00","author":{"@id":"https:\/\/kuzeyinsesi.org\/#\/schema\/person\/9f859689cdf01485597712386e37f5aa"},"breadcrumb":{"@id":"https:\/\/kuzeyinsesi.org\/index.php\/2025\/03\/22\/lirik-siir-grubundan-dunya-sairlerinden-siirler-etkinligi\/#breadcrumb"},"inLanguage":"tr","potentialAction":[{"@type":"ReadAction","target":["https:\/\/kuzeyinsesi.org\/index.php\/2025\/03\/22\/lirik-siir-grubundan-dunya-sairlerinden-siirler-etkinligi\/"]}]},{"@type":"ImageObject","inLanguage":"tr","@id":"https:\/\/kuzeyinsesi.org\/index.php\/2025\/03\/22\/lirik-siir-grubundan-dunya-sairlerinden-siirler-etkinligi\/#primaryimage","url":"https:\/\/kuzeyinsesi.org\/wp-content\/uploads\/2025\/03\/1742643752723LSG-2.jpg","contentUrl":"https:\/\/kuzeyinsesi.org\/wp-content\/uploads\/2025\/03\/1742643752723LSG-2.jpg","width":1600,"height":897},{"@type":"BreadcrumbList","@id":"https:\/\/kuzeyinsesi.org\/index.php\/2025\/03\/22\/lirik-siir-grubundan-dunya-sairlerinden-siirler-etkinligi\/#breadcrumb","itemListElement":[{"@type":"ListItem","position":1,"name":"Anasayfa","item":"https:\/\/kuzeyinsesi.org\/"},{"@type":"ListItem","position":2,"name":"Lirik \u015eiir Grubu\u2019ndan \u201cD\u00fcnya \u015eairlerinden \u015eiirler\u201d etkinli\u011fi"}]},{"@type":"WebSite","@id":"https:\/\/kuzeyinsesi.org\/#website","url":"https:\/\/kuzeyinsesi.org\/","name":"Kuzeyin Sesi","description":"Do\u011fru Haberin Adresi","potentialAction":[{"@type":"SearchAction","target":{"@type":"EntryPoint","urlTemplate":"https:\/\/kuzeyinsesi.org\/?s={search_term_string}"},"query-input":{"@type":"PropertyValueSpecification","valueRequired":true,"valueName":"search_term_string"}}],"inLanguage":"tr"},{"@type":"Person","@id":"https:\/\/kuzeyinsesi.org\/#\/schema\/person\/9f859689cdf01485597712386e37f5aa","name":"Kuzeyin Sesi","image":{"@type":"ImageObject","inLanguage":"tr","@id":"https:\/\/secure.gravatar.com\/avatar\/bab33852abfd8b282518d6ed81826833d77c3c882d9ab608add591ccace47a44?s=96&d=mm&r=g","url":"https:\/\/secure.gravatar.com\/avatar\/bab33852abfd8b282518d6ed81826833d77c3c882d9ab608add591ccace47a44?s=96&d=mm&r=g","contentUrl":"https:\/\/secure.gravatar.com\/avatar\/bab33852abfd8b282518d6ed81826833d77c3c882d9ab608add591ccace47a44?s=96&d=mm&r=g","caption":"Kuzeyin Sesi"},"sameAs":["https:\/\/kuzeyinsesi.org"],"url":"https:\/\/kuzeyinsesi.org\/index.php\/author\/guven\/"}]}},"_links":{"self":[{"href":"https:\/\/kuzeyinsesi.org\/index.php\/wp-json\/wp\/v2\/posts\/21589","targetHints":{"allow":["GET"]}}],"collection":[{"href":"https:\/\/kuzeyinsesi.org\/index.php\/wp-json\/wp\/v2\/posts"}],"about":[{"href":"https:\/\/kuzeyinsesi.org\/index.php\/wp-json\/wp\/v2\/types\/post"}],"author":[{"embeddable":true,"href":"https:\/\/kuzeyinsesi.org\/index.php\/wp-json\/wp\/v2\/users\/1"}],"replies":[{"embeddable":true,"href":"https:\/\/kuzeyinsesi.org\/index.php\/wp-json\/wp\/v2\/comments?post=21589"}],"version-history":[{"count":0,"href":"https:\/\/kuzeyinsesi.org\/index.php\/wp-json\/wp\/v2\/posts\/21589\/revisions"}],"wp:featuredmedia":[{"embeddable":true,"href":"https:\/\/kuzeyinsesi.org\/index.php\/wp-json\/wp\/v2\/media\/21590"}],"wp:attachment":[{"href":"https:\/\/kuzeyinsesi.org\/index.php\/wp-json\/wp\/v2\/media?parent=21589"}],"wp:term":[{"taxonomy":"category","embeddable":true,"href":"https:\/\/kuzeyinsesi.org\/index.php\/wp-json\/wp\/v2\/categories?post=21589"},{"taxonomy":"post_tag","embeddable":true,"href":"https:\/\/kuzeyinsesi.org\/index.php\/wp-json\/wp\/v2\/tags?post=21589"}],"curies":[{"name":"wp","href":"https:\/\/api.w.org\/{rel}","templated":true}]}}