{"id":21556,"date":"2025-03-22T10:07:22","date_gmt":"2025-03-22T08:07:22","guid":{"rendered":"https:\/\/kuzeyinsesi.org\/index.php\/2025\/03\/22\/dau-tiyatro-toplulugu-2-temasa-gecesi-adli-oyunu-sahneleyecek\/"},"modified":"2025-03-22T10:07:22","modified_gmt":"2025-03-22T08:07:22","slug":"dau-tiyatro-toplulugu-2-temasa-gecesi-adli-oyunu-sahneleyecek","status":"publish","type":"post","link":"https:\/\/kuzeyinsesi.org\/index.php\/2025\/03\/22\/dau-tiyatro-toplulugu-2-temasa-gecesi-adli-oyunu-sahneleyecek\/","title":{"rendered":"DA\u00dc Tiyatro Toplulu\u011fu, \u201c2. Tema\u015fa Gecesi\u201d adl\u0131 oyunu sahneleyecek"},"content":{"rendered":"<div>\n<div class=\"mariselle-image-container center\">\n                                            <\/div>\n<p>\nDo\u011fu Akdeniz \u00dcniversitesi (DA\u00dc) Tiyatro Toplulu\u011fu, D\u00fcnya Tiyatrolar G\u00fcn\u00fc kapsam\u0131nda \u201cTema\u015fa Gecesi 2\u201d adl\u0131 oyununu, 24 ve 25 Mart tarihlerinde saat 20.00\u2019de DA\u00dc Aktivite Salonu\u2019nda sahneleyecek.<\/p>\n<p>DA\u00dc\u2019den yap\u0131lan a\u00e7\u0131klamaya g\u00f6re, oyunda, \u201cPamuk Prenses ve Yedi C\u00fcceler\u201d, \u201cPelinsu\u201d ve \u201cHastane\u201d isimli \u00fc\u00e7 ske\u00e7 izleyicilerle bulu\u015facak. <\/p>\n<p>Ekin Karabulut\u2019un y\u00f6netmenli\u011fini yapt\u0131\u011f\u0131 tiyatro oyununun y\u00f6netmen yard\u0131mc\u0131l\u0131\u011f\u0131n\u0131 Ahmet Emre Topalo\u011flu \u00fcstlenirken, oyunun rejisinde Gizem Sa\u011falt\u0131c\u0131, Kemal Toprak \u00d6zbak\u0131r, Senanur Kayal\u0131, Sevgi G\u00fcne\u015f, Tahsin Efe Y\u00fcksel, Yelda Adaylar yer alacak. <\/p>\n<p>Tema\u015fa Gecesi 2 adl\u0131 oyunun senaryosu Ahmet Emre Topalo\u011flu, Can Birlik, Ekin Karabulut, Kardelen \u00c7ilingir, Senanur Kayal\u0131, Tuna A\u00e7\u0131ky\u00f6r\u00fck ve Yi\u011fit Karg\u0131n taraf\u0131ndan kaleme al\u0131nd\u0131.<\/p>\n<p>DA\u00dc Tiyatro Toplulu\u011fu\u2019ndan; Ahmet Emre Topalo\u011flu, Akbar Altay, Ay\u015fe Arma\u011fan, Ay\u015feg\u00fcl Kara, Berke Y\u00f6r\u00fcs\u00fcn, Can Birlik, Dilara Mirio\u011flu, Ekin Karabulut, Esma Cihan, Furkan S\u0131rakaya, Gencer Hakan Gencer, Kardelen \u00c7ilingir, Lina Sivri, Nihal Kaya, Polat Emence, \u00d6zkan Alp \u0130\u015fbi\u00e7er, Selin \u0130pek Aknar, Sena Nur Kayal\u0131, Sevgi G\u00fcne\u015f, Sude Karakurt, Tuna A\u00e7\u0131ky\u00f6r\u00fck, Tuna Tuzcu, Yi\u011fit Karg\u0131n, Yi\u011fit Kibar ve Yi\u011fithan Y\u0131lmaz ise oyunculuklar\u0131yla tiyatro severlerin kar\u015f\u0131s\u0131na \u00e7\u0131kacak. <\/p>\n<p>\u0130lk g\u00f6sterimi Aral\u0131k ay\u0131nda yo\u011fun bir ilgiyle kar\u015f\u0131lanan Tema\u015fa Gecesi, ikincisiyle de tiyatro severlere kahkaha dolu bir gece ya\u015fatmay\u0131 hedefliyor.<\/p>\n<\/p><\/div>\n<p><script async\n                    defer\n                    crossorigin=\"anonymous\"\n                    src=\"https:\/\/connect.facebook.net\/tr_TR\/sdk.js#xfbml=1&#038;version=v3.3\"\n            ><\/script><\/p>\n","protected":false},"excerpt":{"rendered":"<p>Do\u011fu Akdeniz \u00dcniversitesi (DA\u00dc) Tiyatro Toplulu\u011fu, D\u00fcnya Tiyatrolar G\u00fcn\u00fc kapsam\u0131nda \u201cTema\u015fa Gecesi 2\u201d adl\u0131 oyununu, 24 ve 25 Mart tarihlerinde saat 20.00\u2019de DA\u00dc Aktivite Salonu\u2019nda sahneleyecek. DA\u00dc\u2019den yap\u0131lan a\u00e7\u0131klamaya g\u00f6re, oyunda, \u201cPamuk Prenses ve Yedi C\u00fcceler\u201d, \u201cPelinsu\u201d ve \u201cHastane\u201d isimli \u00fc\u00e7 ske\u00e7 izleyicilerle bulu\u015facak. Ekin Karabulut\u2019un y\u00f6netmenli\u011fini yapt\u0131\u011f\u0131 tiyatro oyununun y\u00f6netmen yard\u0131mc\u0131l\u0131\u011f\u0131n\u0131 Ahmet Emre Topalo\u011flu [&hellip;]<\/p>\n","protected":false},"author":1,"featured_media":21557,"comment_status":"open","ping_status":"open","sticky":false,"template":"","format":"standard","meta":{"jnews-multi-image_gallery":[],"jnews_single_post":[],"jnews_primary_category":[],"jnews_social_meta":[],"jnews_override_counter":[],"footnotes":""},"categories":[6],"tags":[],"class_list":["post-21556","post","type-post","status-publish","format-standard","has-post-thumbnail","hentry","category-yasam"],"yoast_head":"<!-- This site is optimized with the Yoast SEO plugin v27.4 - https:\/\/yoast.com\/product\/yoast-seo-wordpress\/ -->\n<title>DA\u00dc Tiyatro Toplulu\u011fu, \u201c2. Tema\u015fa Gecesi\u201d adl\u0131 oyunu sahneleyecek - Kuzeyin Sesi<\/title>\n<meta name=\"robots\" content=\"index, follow, max-snippet:-1, max-image-preview:large, max-video-preview:-1\" \/>\n<link rel=\"canonical\" href=\"https:\/\/kuzeyinsesi.org\/index.php\/2025\/03\/22\/dau-tiyatro-toplulugu-2-temasa-gecesi-adli-oyunu-sahneleyecek\/\" \/>\n<meta property=\"og:locale\" content=\"tr_TR\" \/>\n<meta property=\"og:type\" content=\"article\" \/>\n<meta property=\"og:title\" content=\"DA\u00dc Tiyatro Toplulu\u011fu, \u201c2. Tema\u015fa Gecesi\u201d adl\u0131 oyunu sahneleyecek - Kuzeyin Sesi\" \/>\n<meta property=\"og:description\" content=\"Do\u011fu Akdeniz \u00dcniversitesi (DA\u00dc) Tiyatro Toplulu\u011fu, D\u00fcnya Tiyatrolar G\u00fcn\u00fc kapsam\u0131nda \u201cTema\u015fa Gecesi 2\u201d adl\u0131 oyununu, 24 ve 25 Mart tarihlerinde saat 20.00\u2019de DA\u00dc Aktivite Salonu\u2019nda sahneleyecek. DA\u00dc\u2019den yap\u0131lan a\u00e7\u0131klamaya g\u00f6re, oyunda, \u201cPamuk Prenses ve Yedi C\u00fcceler\u201d, \u201cPelinsu\u201d ve \u201cHastane\u201d isimli \u00fc\u00e7 ske\u00e7 izleyicilerle bulu\u015facak. Ekin Karabulut\u2019un y\u00f6netmenli\u011fini yapt\u0131\u011f\u0131 tiyatro oyununun y\u00f6netmen yard\u0131mc\u0131l\u0131\u011f\u0131n\u0131 Ahmet Emre Topalo\u011flu [&hellip;]\" \/>\n<meta property=\"og:url\" content=\"https:\/\/kuzeyinsesi.org\/index.php\/2025\/03\/22\/dau-tiyatro-toplulugu-2-temasa-gecesi-adli-oyunu-sahneleyecek\/\" \/>\n<meta property=\"og:site_name\" content=\"Kuzeyin Sesi\" \/>\n<meta property=\"article:publisher\" content=\"https:\/\/www.facebook.com\/kuzeyinsesii\" \/>\n<meta property=\"article:published_time\" content=\"2025-03-22T08:07:22+00:00\" \/>\n<meta property=\"og:image\" content=\"https:\/\/brtk.net\/wp-content\/uploads\/2025\/03\/22\/1742629065706Temasa-Gecesi-2.jpeg?ver=61b49a0e2a212d06e0ab79c40b053866\" \/>\n<meta name=\"author\" content=\"Kuzeyin Sesi\" \/>\n<meta name=\"twitter:card\" content=\"summary_large_image\" \/>\n<meta name=\"twitter:creator\" content=\"@kuzeyinsesii\" \/>\n<meta name=\"twitter:site\" content=\"@kuzeyinsesii\" \/>\n<meta name=\"twitter:label1\" content=\"Yazan:\" \/>\n\t<meta name=\"twitter:data1\" content=\"Kuzeyin Sesi\" \/>\n\t<meta name=\"twitter:label2\" content=\"Tahmini okuma s\u00fcresi\" \/>\n\t<meta name=\"twitter:data2\" content=\"1 dakika\" \/>\n<script type=\"application\/ld+json\" class=\"yoast-schema-graph\">{\"@context\":\"https:\\\/\\\/schema.org\",\"@graph\":[{\"@type\":\"Article\",\"@id\":\"https:\\\/\\\/kuzeyinsesi.org\\\/index.php\\\/2025\\\/03\\\/22\\\/dau-tiyatro-toplulugu-2-temasa-gecesi-adli-oyunu-sahneleyecek\\\/#article\",\"isPartOf\":{\"@id\":\"https:\\\/\\\/kuzeyinsesi.org\\\/index.php\\\/2025\\\/03\\\/22\\\/dau-tiyatro-toplulugu-2-temasa-gecesi-adli-oyunu-sahneleyecek\\\/\"},\"author\":{\"name\":\"Kuzeyin Sesi\",\"@id\":\"https:\\\/\\\/kuzeyinsesi.org\\\/#\\\/schema\\\/person\\\/9f859689cdf01485597712386e37f5aa\"},\"headline\":\"DA\u00dc Tiyatro Toplulu\u011fu, \u201c2. Tema\u015fa Gecesi\u201d adl\u0131 oyunu sahneleyecek\",\"datePublished\":\"2025-03-22T08:07:22+00:00\",\"mainEntityOfPage\":{\"@id\":\"https:\\\/\\\/kuzeyinsesi.org\\\/index.php\\\/2025\\\/03\\\/22\\\/dau-tiyatro-toplulugu-2-temasa-gecesi-adli-oyunu-sahneleyecek\\\/\"},\"wordCount\":256,\"commentCount\":0,\"image\":{\"@id\":\"https:\\\/\\\/kuzeyinsesi.org\\\/index.php\\\/2025\\\/03\\\/22\\\/dau-tiyatro-toplulugu-2-temasa-gecesi-adli-oyunu-sahneleyecek\\\/#primaryimage\"},\"thumbnailUrl\":\"https:\\\/\\\/kuzeyinsesi.org\\\/wp-content\\\/uploads\\\/2025\\\/03\\\/1742629065706Temasa-Gecesi-2.jpeg\",\"articleSection\":[\"Ya\u015fam\"],\"inLanguage\":\"tr\",\"potentialAction\":[{\"@type\":\"CommentAction\",\"name\":\"Comment\",\"target\":[\"https:\\\/\\\/kuzeyinsesi.org\\\/index.php\\\/2025\\\/03\\\/22\\\/dau-tiyatro-toplulugu-2-temasa-gecesi-adli-oyunu-sahneleyecek\\\/#respond\"]}]},{\"@type\":\"WebPage\",\"@id\":\"https:\\\/\\\/kuzeyinsesi.org\\\/index.php\\\/2025\\\/03\\\/22\\\/dau-tiyatro-toplulugu-2-temasa-gecesi-adli-oyunu-sahneleyecek\\\/\",\"url\":\"https:\\\/\\\/kuzeyinsesi.org\\\/index.php\\\/2025\\\/03\\\/22\\\/dau-tiyatro-toplulugu-2-temasa-gecesi-adli-oyunu-sahneleyecek\\\/\",\"name\":\"DA\u00dc Tiyatro Toplulu\u011fu, \u201c2. Tema\u015fa Gecesi\u201d adl\u0131 oyunu sahneleyecek - Kuzeyin Sesi\",\"isPartOf\":{\"@id\":\"https:\\\/\\\/kuzeyinsesi.org\\\/#website\"},\"primaryImageOfPage\":{\"@id\":\"https:\\\/\\\/kuzeyinsesi.org\\\/index.php\\\/2025\\\/03\\\/22\\\/dau-tiyatro-toplulugu-2-temasa-gecesi-adli-oyunu-sahneleyecek\\\/#primaryimage\"},\"image\":{\"@id\":\"https:\\\/\\\/kuzeyinsesi.org\\\/index.php\\\/2025\\\/03\\\/22\\\/dau-tiyatro-toplulugu-2-temasa-gecesi-adli-oyunu-sahneleyecek\\\/#primaryimage\"},\"thumbnailUrl\":\"https:\\\/\\\/kuzeyinsesi.org\\\/wp-content\\\/uploads\\\/2025\\\/03\\\/1742629065706Temasa-Gecesi-2.jpeg\",\"datePublished\":\"2025-03-22T08:07:22+00:00\",\"author\":{\"@id\":\"https:\\\/\\\/kuzeyinsesi.org\\\/#\\\/schema\\\/person\\\/9f859689cdf01485597712386e37f5aa\"},\"breadcrumb\":{\"@id\":\"https:\\\/\\\/kuzeyinsesi.org\\\/index.php\\\/2025\\\/03\\\/22\\\/dau-tiyatro-toplulugu-2-temasa-gecesi-adli-oyunu-sahneleyecek\\\/#breadcrumb\"},\"inLanguage\":\"tr\",\"potentialAction\":[{\"@type\":\"ReadAction\",\"target\":[\"https:\\\/\\\/kuzeyinsesi.org\\\/index.php\\\/2025\\\/03\\\/22\\\/dau-tiyatro-toplulugu-2-temasa-gecesi-adli-oyunu-sahneleyecek\\\/\"]}]},{\"@type\":\"ImageObject\",\"inLanguage\":\"tr\",\"@id\":\"https:\\\/\\\/kuzeyinsesi.org\\\/index.php\\\/2025\\\/03\\\/22\\\/dau-tiyatro-toplulugu-2-temasa-gecesi-adli-oyunu-sahneleyecek\\\/#primaryimage\",\"url\":\"https:\\\/\\\/kuzeyinsesi.org\\\/wp-content\\\/uploads\\\/2025\\\/03\\\/1742629065706Temasa-Gecesi-2.jpeg\",\"contentUrl\":\"https:\\\/\\\/kuzeyinsesi.org\\\/wp-content\\\/uploads\\\/2025\\\/03\\\/1742629065706Temasa-Gecesi-2.jpeg\",\"width\":1600,\"height\":1600},{\"@type\":\"BreadcrumbList\",\"@id\":\"https:\\\/\\\/kuzeyinsesi.org\\\/index.php\\\/2025\\\/03\\\/22\\\/dau-tiyatro-toplulugu-2-temasa-gecesi-adli-oyunu-sahneleyecek\\\/#breadcrumb\",\"itemListElement\":[{\"@type\":\"ListItem\",\"position\":1,\"name\":\"Anasayfa\",\"item\":\"https:\\\/\\\/kuzeyinsesi.org\\\/\"},{\"@type\":\"ListItem\",\"position\":2,\"name\":\"DA\u00dc Tiyatro Toplulu\u011fu, \u201c2. Tema\u015fa Gecesi\u201d adl\u0131 oyunu sahneleyecek\"}]},{\"@type\":\"WebSite\",\"@id\":\"https:\\\/\\\/kuzeyinsesi.org\\\/#website\",\"url\":\"https:\\\/\\\/kuzeyinsesi.org\\\/\",\"name\":\"Kuzeyin Sesi\",\"description\":\"Do\u011fru Haberin Adresi\",\"potentialAction\":[{\"@type\":\"SearchAction\",\"target\":{\"@type\":\"EntryPoint\",\"urlTemplate\":\"https:\\\/\\\/kuzeyinsesi.org\\\/?s={search_term_string}\"},\"query-input\":{\"@type\":\"PropertyValueSpecification\",\"valueRequired\":true,\"valueName\":\"search_term_string\"}}],\"inLanguage\":\"tr\"},{\"@type\":\"Person\",\"@id\":\"https:\\\/\\\/kuzeyinsesi.org\\\/#\\\/schema\\\/person\\\/9f859689cdf01485597712386e37f5aa\",\"name\":\"Kuzeyin Sesi\",\"image\":{\"@type\":\"ImageObject\",\"inLanguage\":\"tr\",\"@id\":\"https:\\\/\\\/secure.gravatar.com\\\/avatar\\\/bab33852abfd8b282518d6ed81826833d77c3c882d9ab608add591ccace47a44?s=96&d=mm&r=g\",\"url\":\"https:\\\/\\\/secure.gravatar.com\\\/avatar\\\/bab33852abfd8b282518d6ed81826833d77c3c882d9ab608add591ccace47a44?s=96&d=mm&r=g\",\"contentUrl\":\"https:\\\/\\\/secure.gravatar.com\\\/avatar\\\/bab33852abfd8b282518d6ed81826833d77c3c882d9ab608add591ccace47a44?s=96&d=mm&r=g\",\"caption\":\"Kuzeyin Sesi\"},\"sameAs\":[\"https:\\\/\\\/kuzeyinsesi.org\"],\"url\":\"https:\\\/\\\/kuzeyinsesi.org\\\/index.php\\\/author\\\/guven\\\/\"}]}<\/script>\n<!-- \/ Yoast SEO plugin. -->","yoast_head_json":{"title":"DA\u00dc Tiyatro Toplulu\u011fu, \u201c2. Tema\u015fa Gecesi\u201d adl\u0131 oyunu sahneleyecek - Kuzeyin Sesi","robots":{"index":"index","follow":"follow","max-snippet":"max-snippet:-1","max-image-preview":"max-image-preview:large","max-video-preview":"max-video-preview:-1"},"canonical":"https:\/\/kuzeyinsesi.org\/index.php\/2025\/03\/22\/dau-tiyatro-toplulugu-2-temasa-gecesi-adli-oyunu-sahneleyecek\/","og_locale":"tr_TR","og_type":"article","og_title":"DA\u00dc Tiyatro Toplulu\u011fu, \u201c2. Tema\u015fa Gecesi\u201d adl\u0131 oyunu sahneleyecek - Kuzeyin Sesi","og_description":"Do\u011fu Akdeniz \u00dcniversitesi (DA\u00dc) Tiyatro Toplulu\u011fu, D\u00fcnya Tiyatrolar G\u00fcn\u00fc kapsam\u0131nda \u201cTema\u015fa Gecesi 2\u201d adl\u0131 oyununu, 24 ve 25 Mart tarihlerinde saat 20.00\u2019de DA\u00dc Aktivite Salonu\u2019nda sahneleyecek. DA\u00dc\u2019den yap\u0131lan a\u00e7\u0131klamaya g\u00f6re, oyunda, \u201cPamuk Prenses ve Yedi C\u00fcceler\u201d, \u201cPelinsu\u201d ve \u201cHastane\u201d isimli \u00fc\u00e7 ske\u00e7 izleyicilerle bulu\u015facak. Ekin Karabulut\u2019un y\u00f6netmenli\u011fini yapt\u0131\u011f\u0131 tiyatro oyununun y\u00f6netmen yard\u0131mc\u0131l\u0131\u011f\u0131n\u0131 Ahmet Emre Topalo\u011flu [&hellip;]","og_url":"https:\/\/kuzeyinsesi.org\/index.php\/2025\/03\/22\/dau-tiyatro-toplulugu-2-temasa-gecesi-adli-oyunu-sahneleyecek\/","og_site_name":"Kuzeyin Sesi","article_publisher":"https:\/\/www.facebook.com\/kuzeyinsesii","article_published_time":"2025-03-22T08:07:22+00:00","og_image":[{"url":"https:\/\/brtk.net\/wp-content\/uploads\/2025\/03\/22\/1742629065706Temasa-Gecesi-2.jpeg?ver=61b49a0e2a212d06e0ab79c40b053866","type":"","width":"","height":""}],"author":"Kuzeyin Sesi","twitter_card":"summary_large_image","twitter_creator":"@kuzeyinsesii","twitter_site":"@kuzeyinsesii","twitter_misc":{"Yazan:":"Kuzeyin Sesi","Tahmini okuma s\u00fcresi":"1 dakika"},"schema":{"@context":"https:\/\/schema.org","@graph":[{"@type":"Article","@id":"https:\/\/kuzeyinsesi.org\/index.php\/2025\/03\/22\/dau-tiyatro-toplulugu-2-temasa-gecesi-adli-oyunu-sahneleyecek\/#article","isPartOf":{"@id":"https:\/\/kuzeyinsesi.org\/index.php\/2025\/03\/22\/dau-tiyatro-toplulugu-2-temasa-gecesi-adli-oyunu-sahneleyecek\/"},"author":{"name":"Kuzeyin Sesi","@id":"https:\/\/kuzeyinsesi.org\/#\/schema\/person\/9f859689cdf01485597712386e37f5aa"},"headline":"DA\u00dc Tiyatro Toplulu\u011fu, \u201c2. Tema\u015fa Gecesi\u201d adl\u0131 oyunu sahneleyecek","datePublished":"2025-03-22T08:07:22+00:00","mainEntityOfPage":{"@id":"https:\/\/kuzeyinsesi.org\/index.php\/2025\/03\/22\/dau-tiyatro-toplulugu-2-temasa-gecesi-adli-oyunu-sahneleyecek\/"},"wordCount":256,"commentCount":0,"image":{"@id":"https:\/\/kuzeyinsesi.org\/index.php\/2025\/03\/22\/dau-tiyatro-toplulugu-2-temasa-gecesi-adli-oyunu-sahneleyecek\/#primaryimage"},"thumbnailUrl":"https:\/\/kuzeyinsesi.org\/wp-content\/uploads\/2025\/03\/1742629065706Temasa-Gecesi-2.jpeg","articleSection":["Ya\u015fam"],"inLanguage":"tr","potentialAction":[{"@type":"CommentAction","name":"Comment","target":["https:\/\/kuzeyinsesi.org\/index.php\/2025\/03\/22\/dau-tiyatro-toplulugu-2-temasa-gecesi-adli-oyunu-sahneleyecek\/#respond"]}]},{"@type":"WebPage","@id":"https:\/\/kuzeyinsesi.org\/index.php\/2025\/03\/22\/dau-tiyatro-toplulugu-2-temasa-gecesi-adli-oyunu-sahneleyecek\/","url":"https:\/\/kuzeyinsesi.org\/index.php\/2025\/03\/22\/dau-tiyatro-toplulugu-2-temasa-gecesi-adli-oyunu-sahneleyecek\/","name":"DA\u00dc Tiyatro Toplulu\u011fu, \u201c2. Tema\u015fa Gecesi\u201d adl\u0131 oyunu sahneleyecek - Kuzeyin Sesi","isPartOf":{"@id":"https:\/\/kuzeyinsesi.org\/#website"},"primaryImageOfPage":{"@id":"https:\/\/kuzeyinsesi.org\/index.php\/2025\/03\/22\/dau-tiyatro-toplulugu-2-temasa-gecesi-adli-oyunu-sahneleyecek\/#primaryimage"},"image":{"@id":"https:\/\/kuzeyinsesi.org\/index.php\/2025\/03\/22\/dau-tiyatro-toplulugu-2-temasa-gecesi-adli-oyunu-sahneleyecek\/#primaryimage"},"thumbnailUrl":"https:\/\/kuzeyinsesi.org\/wp-content\/uploads\/2025\/03\/1742629065706Temasa-Gecesi-2.jpeg","datePublished":"2025-03-22T08:07:22+00:00","author":{"@id":"https:\/\/kuzeyinsesi.org\/#\/schema\/person\/9f859689cdf01485597712386e37f5aa"},"breadcrumb":{"@id":"https:\/\/kuzeyinsesi.org\/index.php\/2025\/03\/22\/dau-tiyatro-toplulugu-2-temasa-gecesi-adli-oyunu-sahneleyecek\/#breadcrumb"},"inLanguage":"tr","potentialAction":[{"@type":"ReadAction","target":["https:\/\/kuzeyinsesi.org\/index.php\/2025\/03\/22\/dau-tiyatro-toplulugu-2-temasa-gecesi-adli-oyunu-sahneleyecek\/"]}]},{"@type":"ImageObject","inLanguage":"tr","@id":"https:\/\/kuzeyinsesi.org\/index.php\/2025\/03\/22\/dau-tiyatro-toplulugu-2-temasa-gecesi-adli-oyunu-sahneleyecek\/#primaryimage","url":"https:\/\/kuzeyinsesi.org\/wp-content\/uploads\/2025\/03\/1742629065706Temasa-Gecesi-2.jpeg","contentUrl":"https:\/\/kuzeyinsesi.org\/wp-content\/uploads\/2025\/03\/1742629065706Temasa-Gecesi-2.jpeg","width":1600,"height":1600},{"@type":"BreadcrumbList","@id":"https:\/\/kuzeyinsesi.org\/index.php\/2025\/03\/22\/dau-tiyatro-toplulugu-2-temasa-gecesi-adli-oyunu-sahneleyecek\/#breadcrumb","itemListElement":[{"@type":"ListItem","position":1,"name":"Anasayfa","item":"https:\/\/kuzeyinsesi.org\/"},{"@type":"ListItem","position":2,"name":"DA\u00dc Tiyatro Toplulu\u011fu, \u201c2. Tema\u015fa Gecesi\u201d adl\u0131 oyunu sahneleyecek"}]},{"@type":"WebSite","@id":"https:\/\/kuzeyinsesi.org\/#website","url":"https:\/\/kuzeyinsesi.org\/","name":"Kuzeyin Sesi","description":"Do\u011fru Haberin Adresi","potentialAction":[{"@type":"SearchAction","target":{"@type":"EntryPoint","urlTemplate":"https:\/\/kuzeyinsesi.org\/?s={search_term_string}"},"query-input":{"@type":"PropertyValueSpecification","valueRequired":true,"valueName":"search_term_string"}}],"inLanguage":"tr"},{"@type":"Person","@id":"https:\/\/kuzeyinsesi.org\/#\/schema\/person\/9f859689cdf01485597712386e37f5aa","name":"Kuzeyin Sesi","image":{"@type":"ImageObject","inLanguage":"tr","@id":"https:\/\/secure.gravatar.com\/avatar\/bab33852abfd8b282518d6ed81826833d77c3c882d9ab608add591ccace47a44?s=96&d=mm&r=g","url":"https:\/\/secure.gravatar.com\/avatar\/bab33852abfd8b282518d6ed81826833d77c3c882d9ab608add591ccace47a44?s=96&d=mm&r=g","contentUrl":"https:\/\/secure.gravatar.com\/avatar\/bab33852abfd8b282518d6ed81826833d77c3c882d9ab608add591ccace47a44?s=96&d=mm&r=g","caption":"Kuzeyin Sesi"},"sameAs":["https:\/\/kuzeyinsesi.org"],"url":"https:\/\/kuzeyinsesi.org\/index.php\/author\/guven\/"}]}},"_links":{"self":[{"href":"https:\/\/kuzeyinsesi.org\/index.php\/wp-json\/wp\/v2\/posts\/21556","targetHints":{"allow":["GET"]}}],"collection":[{"href":"https:\/\/kuzeyinsesi.org\/index.php\/wp-json\/wp\/v2\/posts"}],"about":[{"href":"https:\/\/kuzeyinsesi.org\/index.php\/wp-json\/wp\/v2\/types\/post"}],"author":[{"embeddable":true,"href":"https:\/\/kuzeyinsesi.org\/index.php\/wp-json\/wp\/v2\/users\/1"}],"replies":[{"embeddable":true,"href":"https:\/\/kuzeyinsesi.org\/index.php\/wp-json\/wp\/v2\/comments?post=21556"}],"version-history":[{"count":0,"href":"https:\/\/kuzeyinsesi.org\/index.php\/wp-json\/wp\/v2\/posts\/21556\/revisions"}],"wp:featuredmedia":[{"embeddable":true,"href":"https:\/\/kuzeyinsesi.org\/index.php\/wp-json\/wp\/v2\/media\/21557"}],"wp:attachment":[{"href":"https:\/\/kuzeyinsesi.org\/index.php\/wp-json\/wp\/v2\/media?parent=21556"}],"wp:term":[{"taxonomy":"category","embeddable":true,"href":"https:\/\/kuzeyinsesi.org\/index.php\/wp-json\/wp\/v2\/categories?post=21556"},{"taxonomy":"post_tag","embeddable":true,"href":"https:\/\/kuzeyinsesi.org\/index.php\/wp-json\/wp\/v2\/tags?post=21556"}],"curies":[{"name":"wp","href":"https:\/\/api.w.org\/{rel}","templated":true}]}}