{"id":21459,"date":"2025-03-21T12:32:47","date_gmt":"2025-03-21T10:32:47","guid":{"rendered":"https:\/\/kuzeyinsesi.org\/index.php\/2025\/03\/21\/zaimagaoglu-uluslararasi-cukurova-siir-gunleri-etkinligine-katildi\/"},"modified":"2025-03-21T12:32:47","modified_gmt":"2025-03-21T10:32:47","slug":"zaimagaoglu-uluslararasi-cukurova-siir-gunleri-etkinligine-katildi","status":"publish","type":"post","link":"https:\/\/kuzeyinsesi.org\/index.php\/2025\/03\/21\/zaimagaoglu-uluslararasi-cukurova-siir-gunleri-etkinligine-katildi\/","title":{"rendered":"Zaima\u011fao\u011flu, Uluslararas\u0131 \u00c7ukurova \u015eiir G\u00fcnleri etkinli\u011fine kat\u0131ld\u0131"},"content":{"rendered":"<div>\n<div class=\"mariselle-image-container center\">\n                                            <\/div>\n<p> K\u00fclt\u00fcr Dairesi M\u00fcd\u00fcr\u00fc, \u015eair \u015eirin Zafery\u0131ld\u0131z\u0131 Zaima\u011fao\u011flu 21 Mart D\u00fcnya \u015eiir g\u00fcn\u00fc dolay\u0131s\u0131yla Adana\u2019da d\u00fczenlenen \u201cUluslararas\u0131 \u00c7ukurova \u015eiir G\u00fcnleri\u201d etkinli\u011fine kat\u0131ld\u0131.<\/p>\n<p>K\u00fclt\u00fcr Dairesi\u2019nden verilen bilgiye g\u00f6re, Adana B\u00fcy\u00fck\u015fehir Belediyesi, \u00c7ukurova \u00dcniversitesi ve Alt\u0131n Koza\u2019n\u0131n i\u015f birli\u011fiyle bu y\u0131l ilk kez \u201cSevgileri yar\u0131nlara b\u0131rakmadan\u2026\u201d temas\u0131yla d\u00fczenlenen etkinli\u011fin a\u00e7\u0131l\u0131\u015f konu\u015fmas\u0131n\u0131 yapan Zaima\u011fao\u011flu \u015fiirin iyile\u015ftirici ve birle\u015ftirici oldu\u011funu vurgulad\u0131.<\/p>\n<p>Zaima\u011fao\u011flu \u201c\u015eiir gibi bir d\u00fcnya yaratma umudumuzun azald\u0131\u011f\u0131 bug\u00fcnlerde Siz \u015fiir gibi olun, \u00e7ocuklar\u0131n\u0131z\u0131 \u015fiirlerle b\u00fcy\u00fct\u00fcn, \u015fiirsiz kalmay\u0131n\u201d diyerek  t\u00fcm \u015fair ve \u015fiir severlerin D\u00fcnya \u015eiir G\u00fcn\u00fc\u2019n\u00fc de kutlad\u0131.<\/p>\n<p>Zaima\u011fao\u011flu, a\u00e7\u0131l\u0131\u015f konu\u015fmas\u0131n\u0131n ard\u0131ndan ger\u00e7ekle\u015ftirilen \u015fiir dinletisinde \u015fiirlerinden \u00f6rnekler de sundu.<\/p>\n<p>Zaima\u011fao\u011flu, Adana\u2019daki temaslar\u0131 \u00e7er\u00e7evesinde \u00c7ukurova \u00dcniversitesi Fen Edebiyat Fak\u00fcltesi Dekan\u0131 Prof. Dr. Faruk Karada\u011f ile de bir g\u00f6r\u00fc\u015fme yapt\u0131. G\u00f6r\u00fc\u015fmede, K\u00fclt\u00fcr Dairesi ile \u00c7ukurova \u00dcniversitesi\u2019nin birlikte hayata ge\u00e7irebilece\u011fi projelerle ilgili g\u00f6r\u00fc\u015f al\u0131\u015fveri\u015finde bulunuldu.<\/p>\n<p>Zaima\u011fao\u011flu ve Karada\u011f, yeni \u015fairlerin te\u015fvik edilerek \u00f6zendirilmesi amac\u0131yla iki kurumun i\u015f birli\u011finde KKTC ve Adana\u2019da etkinlikler ger\u00e7ekle\u015ftirme konusunda da kararlar ald\u0131.<\/p>\n<\/p><\/div>\n<p><script async\n                    defer\n                    crossorigin=\"anonymous\"\n                    src=\"https:\/\/connect.facebook.net\/tr_TR\/sdk.js#xfbml=1&#038;version=v3.3\"\n            ><\/script><\/p>\n","protected":false},"excerpt":{"rendered":"<p>K\u00fclt\u00fcr Dairesi M\u00fcd\u00fcr\u00fc, \u015eair \u015eirin Zafery\u0131ld\u0131z\u0131 Zaima\u011fao\u011flu 21 Mart D\u00fcnya \u015eiir g\u00fcn\u00fc dolay\u0131s\u0131yla Adana\u2019da d\u00fczenlenen \u201cUluslararas\u0131 \u00c7ukurova \u015eiir G\u00fcnleri\u201d etkinli\u011fine kat\u0131ld\u0131. K\u00fclt\u00fcr Dairesi\u2019nden verilen bilgiye g\u00f6re, Adana B\u00fcy\u00fck\u015fehir Belediyesi, \u00c7ukurova \u00dcniversitesi ve Alt\u0131n Koza\u2019n\u0131n i\u015f birli\u011fiyle bu y\u0131l ilk kez \u201cSevgileri yar\u0131nlara b\u0131rakmadan\u2026\u201d temas\u0131yla d\u00fczenlenen etkinli\u011fin a\u00e7\u0131l\u0131\u015f konu\u015fmas\u0131n\u0131 yapan Zaima\u011fao\u011flu \u015fiirin iyile\u015ftirici ve birle\u015ftirici oldu\u011funu [&hellip;]<\/p>\n","protected":false},"author":1,"featured_media":21460,"comment_status":"open","ping_status":"open","sticky":false,"template":"","format":"standard","meta":{"jnews-multi-image_gallery":[],"jnews_single_post":[],"jnews_primary_category":[],"jnews_social_meta":[],"jnews_override_counter":[],"footnotes":""},"categories":[6],"tags":[],"class_list":["post-21459","post","type-post","status-publish","format-standard","has-post-thumbnail","hentry","category-yasam"],"yoast_head":"<!-- This site is optimized with the Yoast SEO plugin v27.4 - https:\/\/yoast.com\/product\/yoast-seo-wordpress\/ -->\n<title>Zaima\u011fao\u011flu, Uluslararas\u0131 \u00c7ukurova \u015eiir G\u00fcnleri etkinli\u011fine kat\u0131ld\u0131 - Kuzeyin Sesi<\/title>\n<meta name=\"robots\" content=\"index, follow, max-snippet:-1, max-image-preview:large, max-video-preview:-1\" \/>\n<link rel=\"canonical\" href=\"https:\/\/kuzeyinsesi.org\/index.php\/2025\/03\/21\/zaimagaoglu-uluslararasi-cukurova-siir-gunleri-etkinligine-katildi\/\" \/>\n<meta property=\"og:locale\" content=\"tr_TR\" \/>\n<meta property=\"og:type\" content=\"article\" \/>\n<meta property=\"og:title\" content=\"Zaima\u011fao\u011flu, Uluslararas\u0131 \u00c7ukurova \u015eiir G\u00fcnleri etkinli\u011fine kat\u0131ld\u0131 - Kuzeyin Sesi\" \/>\n<meta property=\"og:description\" content=\"K\u00fclt\u00fcr Dairesi M\u00fcd\u00fcr\u00fc, \u015eair \u015eirin Zafery\u0131ld\u0131z\u0131 Zaima\u011fao\u011flu 21 Mart D\u00fcnya \u015eiir g\u00fcn\u00fc dolay\u0131s\u0131yla Adana\u2019da d\u00fczenlenen \u201cUluslararas\u0131 \u00c7ukurova \u015eiir G\u00fcnleri\u201d etkinli\u011fine kat\u0131ld\u0131. K\u00fclt\u00fcr Dairesi\u2019nden verilen bilgiye g\u00f6re, Adana B\u00fcy\u00fck\u015fehir Belediyesi, \u00c7ukurova \u00dcniversitesi ve Alt\u0131n Koza\u2019n\u0131n i\u015f birli\u011fiyle bu y\u0131l ilk kez \u201cSevgileri yar\u0131nlara b\u0131rakmadan\u2026\u201d temas\u0131yla d\u00fczenlenen etkinli\u011fin a\u00e7\u0131l\u0131\u015f konu\u015fmas\u0131n\u0131 yapan Zaima\u011fao\u011flu \u015fiirin iyile\u015ftirici ve birle\u015ftirici oldu\u011funu [&hellip;]\" \/>\n<meta property=\"og:url\" content=\"https:\/\/kuzeyinsesi.org\/index.php\/2025\/03\/21\/zaimagaoglu-uluslararasi-cukurova-siir-gunleri-etkinligine-katildi\/\" \/>\n<meta property=\"og:site_name\" content=\"Kuzeyin Sesi\" \/>\n<meta property=\"article:publisher\" content=\"https:\/\/www.facebook.com\/kuzeyinsesii\" \/>\n<meta property=\"article:published_time\" content=\"2025-03-21T10:32:47+00:00\" \/>\n<meta property=\"og:image\" content=\"https:\/\/brtk.net\/wp-content\/uploads\/2025\/03\/21\/2034820.jpg?ver=49907152f0e6d0d67de3c904a237daba\" \/>\n<meta name=\"author\" content=\"Kuzeyin Sesi\" \/>\n<meta name=\"twitter:card\" content=\"summary_large_image\" \/>\n<meta name=\"twitter:creator\" content=\"@kuzeyinsesii\" \/>\n<meta name=\"twitter:site\" content=\"@kuzeyinsesii\" \/>\n<meta name=\"twitter:label1\" content=\"Yazan:\" \/>\n\t<meta name=\"twitter:data1\" content=\"Kuzeyin Sesi\" \/>\n\t<meta name=\"twitter:label2\" content=\"Tahmini okuma s\u00fcresi\" \/>\n\t<meta name=\"twitter:data2\" content=\"1 dakika\" \/>\n<script type=\"application\/ld+json\" class=\"yoast-schema-graph\">{\"@context\":\"https:\\\/\\\/schema.org\",\"@graph\":[{\"@type\":\"Article\",\"@id\":\"https:\\\/\\\/kuzeyinsesi.org\\\/index.php\\\/2025\\\/03\\\/21\\\/zaimagaoglu-uluslararasi-cukurova-siir-gunleri-etkinligine-katildi\\\/#article\",\"isPartOf\":{\"@id\":\"https:\\\/\\\/kuzeyinsesi.org\\\/index.php\\\/2025\\\/03\\\/21\\\/zaimagaoglu-uluslararasi-cukurova-siir-gunleri-etkinligine-katildi\\\/\"},\"author\":{\"name\":\"Kuzeyin Sesi\",\"@id\":\"https:\\\/\\\/kuzeyinsesi.org\\\/#\\\/schema\\\/person\\\/9f859689cdf01485597712386e37f5aa\"},\"headline\":\"Zaima\u011fao\u011flu, Uluslararas\u0131 \u00c7ukurova \u015eiir G\u00fcnleri etkinli\u011fine kat\u0131ld\u0131\",\"datePublished\":\"2025-03-21T10:32:47+00:00\",\"mainEntityOfPage\":{\"@id\":\"https:\\\/\\\/kuzeyinsesi.org\\\/index.php\\\/2025\\\/03\\\/21\\\/zaimagaoglu-uluslararasi-cukurova-siir-gunleri-etkinligine-katildi\\\/\"},\"wordCount\":252,\"commentCount\":0,\"image\":{\"@id\":\"https:\\\/\\\/kuzeyinsesi.org\\\/index.php\\\/2025\\\/03\\\/21\\\/zaimagaoglu-uluslararasi-cukurova-siir-gunleri-etkinligine-katildi\\\/#primaryimage\"},\"thumbnailUrl\":\"https:\\\/\\\/kuzeyinsesi.org\\\/wp-content\\\/uploads\\\/2025\\\/03\\\/2034820.jpg\",\"articleSection\":[\"Ya\u015fam\"],\"inLanguage\":\"tr\",\"potentialAction\":[{\"@type\":\"CommentAction\",\"name\":\"Comment\",\"target\":[\"https:\\\/\\\/kuzeyinsesi.org\\\/index.php\\\/2025\\\/03\\\/21\\\/zaimagaoglu-uluslararasi-cukurova-siir-gunleri-etkinligine-katildi\\\/#respond\"]}]},{\"@type\":\"WebPage\",\"@id\":\"https:\\\/\\\/kuzeyinsesi.org\\\/index.php\\\/2025\\\/03\\\/21\\\/zaimagaoglu-uluslararasi-cukurova-siir-gunleri-etkinligine-katildi\\\/\",\"url\":\"https:\\\/\\\/kuzeyinsesi.org\\\/index.php\\\/2025\\\/03\\\/21\\\/zaimagaoglu-uluslararasi-cukurova-siir-gunleri-etkinligine-katildi\\\/\",\"name\":\"Zaima\u011fao\u011flu, Uluslararas\u0131 \u00c7ukurova \u015eiir G\u00fcnleri etkinli\u011fine kat\u0131ld\u0131 - Kuzeyin Sesi\",\"isPartOf\":{\"@id\":\"https:\\\/\\\/kuzeyinsesi.org\\\/#website\"},\"primaryImageOfPage\":{\"@id\":\"https:\\\/\\\/kuzeyinsesi.org\\\/index.php\\\/2025\\\/03\\\/21\\\/zaimagaoglu-uluslararasi-cukurova-siir-gunleri-etkinligine-katildi\\\/#primaryimage\"},\"image\":{\"@id\":\"https:\\\/\\\/kuzeyinsesi.org\\\/index.php\\\/2025\\\/03\\\/21\\\/zaimagaoglu-uluslararasi-cukurova-siir-gunleri-etkinligine-katildi\\\/#primaryimage\"},\"thumbnailUrl\":\"https:\\\/\\\/kuzeyinsesi.org\\\/wp-content\\\/uploads\\\/2025\\\/03\\\/2034820.jpg\",\"datePublished\":\"2025-03-21T10:32:47+00:00\",\"author\":{\"@id\":\"https:\\\/\\\/kuzeyinsesi.org\\\/#\\\/schema\\\/person\\\/9f859689cdf01485597712386e37f5aa\"},\"breadcrumb\":{\"@id\":\"https:\\\/\\\/kuzeyinsesi.org\\\/index.php\\\/2025\\\/03\\\/21\\\/zaimagaoglu-uluslararasi-cukurova-siir-gunleri-etkinligine-katildi\\\/#breadcrumb\"},\"inLanguage\":\"tr\",\"potentialAction\":[{\"@type\":\"ReadAction\",\"target\":[\"https:\\\/\\\/kuzeyinsesi.org\\\/index.php\\\/2025\\\/03\\\/21\\\/zaimagaoglu-uluslararasi-cukurova-siir-gunleri-etkinligine-katildi\\\/\"]}]},{\"@type\":\"ImageObject\",\"inLanguage\":\"tr\",\"@id\":\"https:\\\/\\\/kuzeyinsesi.org\\\/index.php\\\/2025\\\/03\\\/21\\\/zaimagaoglu-uluslararasi-cukurova-siir-gunleri-etkinligine-katildi\\\/#primaryimage\",\"url\":\"https:\\\/\\\/kuzeyinsesi.org\\\/wp-content\\\/uploads\\\/2025\\\/03\\\/2034820.jpg\",\"contentUrl\":\"https:\\\/\\\/kuzeyinsesi.org\\\/wp-content\\\/uploads\\\/2025\\\/03\\\/2034820.jpg\",\"width\":1600,\"height\":1066},{\"@type\":\"BreadcrumbList\",\"@id\":\"https:\\\/\\\/kuzeyinsesi.org\\\/index.php\\\/2025\\\/03\\\/21\\\/zaimagaoglu-uluslararasi-cukurova-siir-gunleri-etkinligine-katildi\\\/#breadcrumb\",\"itemListElement\":[{\"@type\":\"ListItem\",\"position\":1,\"name\":\"Anasayfa\",\"item\":\"https:\\\/\\\/kuzeyinsesi.org\\\/\"},{\"@type\":\"ListItem\",\"position\":2,\"name\":\"Zaima\u011fao\u011flu, Uluslararas\u0131 \u00c7ukurova \u015eiir G\u00fcnleri etkinli\u011fine kat\u0131ld\u0131\"}]},{\"@type\":\"WebSite\",\"@id\":\"https:\\\/\\\/kuzeyinsesi.org\\\/#website\",\"url\":\"https:\\\/\\\/kuzeyinsesi.org\\\/\",\"name\":\"Kuzeyin Sesi\",\"description\":\"Do\u011fru Haberin Adresi\",\"potentialAction\":[{\"@type\":\"SearchAction\",\"target\":{\"@type\":\"EntryPoint\",\"urlTemplate\":\"https:\\\/\\\/kuzeyinsesi.org\\\/?s={search_term_string}\"},\"query-input\":{\"@type\":\"PropertyValueSpecification\",\"valueRequired\":true,\"valueName\":\"search_term_string\"}}],\"inLanguage\":\"tr\"},{\"@type\":\"Person\",\"@id\":\"https:\\\/\\\/kuzeyinsesi.org\\\/#\\\/schema\\\/person\\\/9f859689cdf01485597712386e37f5aa\",\"name\":\"Kuzeyin Sesi\",\"image\":{\"@type\":\"ImageObject\",\"inLanguage\":\"tr\",\"@id\":\"https:\\\/\\\/secure.gravatar.com\\\/avatar\\\/bab33852abfd8b282518d6ed81826833d77c3c882d9ab608add591ccace47a44?s=96&d=mm&r=g\",\"url\":\"https:\\\/\\\/secure.gravatar.com\\\/avatar\\\/bab33852abfd8b282518d6ed81826833d77c3c882d9ab608add591ccace47a44?s=96&d=mm&r=g\",\"contentUrl\":\"https:\\\/\\\/secure.gravatar.com\\\/avatar\\\/bab33852abfd8b282518d6ed81826833d77c3c882d9ab608add591ccace47a44?s=96&d=mm&r=g\",\"caption\":\"Kuzeyin Sesi\"},\"sameAs\":[\"https:\\\/\\\/kuzeyinsesi.org\"],\"url\":\"https:\\\/\\\/kuzeyinsesi.org\\\/index.php\\\/author\\\/guven\\\/\"}]}<\/script>\n<!-- \/ Yoast SEO plugin. -->","yoast_head_json":{"title":"Zaima\u011fao\u011flu, Uluslararas\u0131 \u00c7ukurova \u015eiir G\u00fcnleri etkinli\u011fine kat\u0131ld\u0131 - Kuzeyin Sesi","robots":{"index":"index","follow":"follow","max-snippet":"max-snippet:-1","max-image-preview":"max-image-preview:large","max-video-preview":"max-video-preview:-1"},"canonical":"https:\/\/kuzeyinsesi.org\/index.php\/2025\/03\/21\/zaimagaoglu-uluslararasi-cukurova-siir-gunleri-etkinligine-katildi\/","og_locale":"tr_TR","og_type":"article","og_title":"Zaima\u011fao\u011flu, Uluslararas\u0131 \u00c7ukurova \u015eiir G\u00fcnleri etkinli\u011fine kat\u0131ld\u0131 - Kuzeyin Sesi","og_description":"K\u00fclt\u00fcr Dairesi M\u00fcd\u00fcr\u00fc, \u015eair \u015eirin Zafery\u0131ld\u0131z\u0131 Zaima\u011fao\u011flu 21 Mart D\u00fcnya \u015eiir g\u00fcn\u00fc dolay\u0131s\u0131yla Adana\u2019da d\u00fczenlenen \u201cUluslararas\u0131 \u00c7ukurova \u015eiir G\u00fcnleri\u201d etkinli\u011fine kat\u0131ld\u0131. K\u00fclt\u00fcr Dairesi\u2019nden verilen bilgiye g\u00f6re, Adana B\u00fcy\u00fck\u015fehir Belediyesi, \u00c7ukurova \u00dcniversitesi ve Alt\u0131n Koza\u2019n\u0131n i\u015f birli\u011fiyle bu y\u0131l ilk kez \u201cSevgileri yar\u0131nlara b\u0131rakmadan\u2026\u201d temas\u0131yla d\u00fczenlenen etkinli\u011fin a\u00e7\u0131l\u0131\u015f konu\u015fmas\u0131n\u0131 yapan Zaima\u011fao\u011flu \u015fiirin iyile\u015ftirici ve birle\u015ftirici oldu\u011funu [&hellip;]","og_url":"https:\/\/kuzeyinsesi.org\/index.php\/2025\/03\/21\/zaimagaoglu-uluslararasi-cukurova-siir-gunleri-etkinligine-katildi\/","og_site_name":"Kuzeyin Sesi","article_publisher":"https:\/\/www.facebook.com\/kuzeyinsesii","article_published_time":"2025-03-21T10:32:47+00:00","og_image":[{"url":"https:\/\/brtk.net\/wp-content\/uploads\/2025\/03\/21\/2034820.jpg?ver=49907152f0e6d0d67de3c904a237daba","type":"","width":"","height":""}],"author":"Kuzeyin Sesi","twitter_card":"summary_large_image","twitter_creator":"@kuzeyinsesii","twitter_site":"@kuzeyinsesii","twitter_misc":{"Yazan:":"Kuzeyin Sesi","Tahmini okuma s\u00fcresi":"1 dakika"},"schema":{"@context":"https:\/\/schema.org","@graph":[{"@type":"Article","@id":"https:\/\/kuzeyinsesi.org\/index.php\/2025\/03\/21\/zaimagaoglu-uluslararasi-cukurova-siir-gunleri-etkinligine-katildi\/#article","isPartOf":{"@id":"https:\/\/kuzeyinsesi.org\/index.php\/2025\/03\/21\/zaimagaoglu-uluslararasi-cukurova-siir-gunleri-etkinligine-katildi\/"},"author":{"name":"Kuzeyin Sesi","@id":"https:\/\/kuzeyinsesi.org\/#\/schema\/person\/9f859689cdf01485597712386e37f5aa"},"headline":"Zaima\u011fao\u011flu, Uluslararas\u0131 \u00c7ukurova \u015eiir G\u00fcnleri etkinli\u011fine kat\u0131ld\u0131","datePublished":"2025-03-21T10:32:47+00:00","mainEntityOfPage":{"@id":"https:\/\/kuzeyinsesi.org\/index.php\/2025\/03\/21\/zaimagaoglu-uluslararasi-cukurova-siir-gunleri-etkinligine-katildi\/"},"wordCount":252,"commentCount":0,"image":{"@id":"https:\/\/kuzeyinsesi.org\/index.php\/2025\/03\/21\/zaimagaoglu-uluslararasi-cukurova-siir-gunleri-etkinligine-katildi\/#primaryimage"},"thumbnailUrl":"https:\/\/kuzeyinsesi.org\/wp-content\/uploads\/2025\/03\/2034820.jpg","articleSection":["Ya\u015fam"],"inLanguage":"tr","potentialAction":[{"@type":"CommentAction","name":"Comment","target":["https:\/\/kuzeyinsesi.org\/index.php\/2025\/03\/21\/zaimagaoglu-uluslararasi-cukurova-siir-gunleri-etkinligine-katildi\/#respond"]}]},{"@type":"WebPage","@id":"https:\/\/kuzeyinsesi.org\/index.php\/2025\/03\/21\/zaimagaoglu-uluslararasi-cukurova-siir-gunleri-etkinligine-katildi\/","url":"https:\/\/kuzeyinsesi.org\/index.php\/2025\/03\/21\/zaimagaoglu-uluslararasi-cukurova-siir-gunleri-etkinligine-katildi\/","name":"Zaima\u011fao\u011flu, Uluslararas\u0131 \u00c7ukurova \u015eiir G\u00fcnleri etkinli\u011fine kat\u0131ld\u0131 - Kuzeyin Sesi","isPartOf":{"@id":"https:\/\/kuzeyinsesi.org\/#website"},"primaryImageOfPage":{"@id":"https:\/\/kuzeyinsesi.org\/index.php\/2025\/03\/21\/zaimagaoglu-uluslararasi-cukurova-siir-gunleri-etkinligine-katildi\/#primaryimage"},"image":{"@id":"https:\/\/kuzeyinsesi.org\/index.php\/2025\/03\/21\/zaimagaoglu-uluslararasi-cukurova-siir-gunleri-etkinligine-katildi\/#primaryimage"},"thumbnailUrl":"https:\/\/kuzeyinsesi.org\/wp-content\/uploads\/2025\/03\/2034820.jpg","datePublished":"2025-03-21T10:32:47+00:00","author":{"@id":"https:\/\/kuzeyinsesi.org\/#\/schema\/person\/9f859689cdf01485597712386e37f5aa"},"breadcrumb":{"@id":"https:\/\/kuzeyinsesi.org\/index.php\/2025\/03\/21\/zaimagaoglu-uluslararasi-cukurova-siir-gunleri-etkinligine-katildi\/#breadcrumb"},"inLanguage":"tr","potentialAction":[{"@type":"ReadAction","target":["https:\/\/kuzeyinsesi.org\/index.php\/2025\/03\/21\/zaimagaoglu-uluslararasi-cukurova-siir-gunleri-etkinligine-katildi\/"]}]},{"@type":"ImageObject","inLanguage":"tr","@id":"https:\/\/kuzeyinsesi.org\/index.php\/2025\/03\/21\/zaimagaoglu-uluslararasi-cukurova-siir-gunleri-etkinligine-katildi\/#primaryimage","url":"https:\/\/kuzeyinsesi.org\/wp-content\/uploads\/2025\/03\/2034820.jpg","contentUrl":"https:\/\/kuzeyinsesi.org\/wp-content\/uploads\/2025\/03\/2034820.jpg","width":1600,"height":1066},{"@type":"BreadcrumbList","@id":"https:\/\/kuzeyinsesi.org\/index.php\/2025\/03\/21\/zaimagaoglu-uluslararasi-cukurova-siir-gunleri-etkinligine-katildi\/#breadcrumb","itemListElement":[{"@type":"ListItem","position":1,"name":"Anasayfa","item":"https:\/\/kuzeyinsesi.org\/"},{"@type":"ListItem","position":2,"name":"Zaima\u011fao\u011flu, Uluslararas\u0131 \u00c7ukurova \u015eiir G\u00fcnleri etkinli\u011fine kat\u0131ld\u0131"}]},{"@type":"WebSite","@id":"https:\/\/kuzeyinsesi.org\/#website","url":"https:\/\/kuzeyinsesi.org\/","name":"Kuzeyin Sesi","description":"Do\u011fru Haberin Adresi","potentialAction":[{"@type":"SearchAction","target":{"@type":"EntryPoint","urlTemplate":"https:\/\/kuzeyinsesi.org\/?s={search_term_string}"},"query-input":{"@type":"PropertyValueSpecification","valueRequired":true,"valueName":"search_term_string"}}],"inLanguage":"tr"},{"@type":"Person","@id":"https:\/\/kuzeyinsesi.org\/#\/schema\/person\/9f859689cdf01485597712386e37f5aa","name":"Kuzeyin Sesi","image":{"@type":"ImageObject","inLanguage":"tr","@id":"https:\/\/secure.gravatar.com\/avatar\/bab33852abfd8b282518d6ed81826833d77c3c882d9ab608add591ccace47a44?s=96&d=mm&r=g","url":"https:\/\/secure.gravatar.com\/avatar\/bab33852abfd8b282518d6ed81826833d77c3c882d9ab608add591ccace47a44?s=96&d=mm&r=g","contentUrl":"https:\/\/secure.gravatar.com\/avatar\/bab33852abfd8b282518d6ed81826833d77c3c882d9ab608add591ccace47a44?s=96&d=mm&r=g","caption":"Kuzeyin Sesi"},"sameAs":["https:\/\/kuzeyinsesi.org"],"url":"https:\/\/kuzeyinsesi.org\/index.php\/author\/guven\/"}]}},"_links":{"self":[{"href":"https:\/\/kuzeyinsesi.org\/index.php\/wp-json\/wp\/v2\/posts\/21459","targetHints":{"allow":["GET"]}}],"collection":[{"href":"https:\/\/kuzeyinsesi.org\/index.php\/wp-json\/wp\/v2\/posts"}],"about":[{"href":"https:\/\/kuzeyinsesi.org\/index.php\/wp-json\/wp\/v2\/types\/post"}],"author":[{"embeddable":true,"href":"https:\/\/kuzeyinsesi.org\/index.php\/wp-json\/wp\/v2\/users\/1"}],"replies":[{"embeddable":true,"href":"https:\/\/kuzeyinsesi.org\/index.php\/wp-json\/wp\/v2\/comments?post=21459"}],"version-history":[{"count":0,"href":"https:\/\/kuzeyinsesi.org\/index.php\/wp-json\/wp\/v2\/posts\/21459\/revisions"}],"wp:featuredmedia":[{"embeddable":true,"href":"https:\/\/kuzeyinsesi.org\/index.php\/wp-json\/wp\/v2\/media\/21460"}],"wp:attachment":[{"href":"https:\/\/kuzeyinsesi.org\/index.php\/wp-json\/wp\/v2\/media?parent=21459"}],"wp:term":[{"taxonomy":"category","embeddable":true,"href":"https:\/\/kuzeyinsesi.org\/index.php\/wp-json\/wp\/v2\/categories?post=21459"},{"taxonomy":"post_tag","embeddable":true,"href":"https:\/\/kuzeyinsesi.org\/index.php\/wp-json\/wp\/v2\/tags?post=21459"}],"curies":[{"name":"wp","href":"https:\/\/api.w.org\/{rel}","templated":true}]}}