{"id":21425,"date":"2025-03-21T10:25:03","date_gmt":"2025-03-21T08:25:03","guid":{"rendered":"https:\/\/kuzeyinsesi.org\/index.php\/2025\/03\/21\/universiteler-arasi-ali-nesim-kisa-oyku-yarismasinda-oduller-sahiplerini-buldu\/"},"modified":"2025-03-21T10:25:03","modified_gmt":"2025-03-21T08:25:03","slug":"universiteler-arasi-ali-nesim-kisa-oyku-yarismasinda-oduller-sahiplerini-buldu","status":"publish","type":"post","link":"https:\/\/kuzeyinsesi.org\/index.php\/2025\/03\/21\/universiteler-arasi-ali-nesim-kisa-oyku-yarismasinda-oduller-sahiplerini-buldu\/","title":{"rendered":"\u00dcniversiteler Aras\u0131 Ali Nesim K\u0131sa \u00d6yk\u00fc Yar\u0131\u015fmas\u0131\u2019nda \u00f6d\u00fcller sahiplerini buldu"},"content":{"rendered":"<div>\n<div class=\"mariselle-image-container none\">\n                                            <\/div>\n<p>Girne Belediyesi, Yak\u0131n Do\u011fu \u00dcniversitesi (T\u00fcrk\u00e7e \u00d6\u011fretmenli\u011fi B\u00f6l\u00fcm\u00fc ve K\u0131br\u0131s Ara\u015ft\u0131rmalar\u0131 Merkezi) ile K\u0131br\u0131s T\u00fcrk Yazarlar Birli\u011fi i\u015f birli\u011finde d\u00fczenlenen \u201c\u00dcniversiteler Aras\u0131 K\u0131sa \u00d6yk\u00fc Yar\u0131\u015fmas\u0131\u201d sonu\u00e7land\u0131.<\/p>\n<p>Yar\u0131\u015fmada dereceye giren \u00f6\u011frencilere \u00f6d\u00fclleri, 9 May\u0131s\u2019ta Zeytinlik K\u00f6y Evi\u2019nde saat 14.00\u2019te d\u00fczenlenecek t\u00f6renle verilecek.<\/p>\n<p>Girne Belediyesi\u2019nden yap\u0131lan a\u00e7\u0131klamada, yar\u0131\u015fman\u0131n; gen\u00e7 yazarlar\u0131 ke\u015ffetmeyi, onlar\u0131n edebiyat d\u00fcnyas\u0131na ad\u0131m atmalar\u0131n\u0131 sa\u011flamay\u0131 ve K\u0131br\u0131s T\u00fcrk edebiyat\u0131n\u0131n \u00f6nde gelen isimlerinden Ali Nesim\u2019in edebi miras\u0131n\u0131 ya\u015fatmay\u0131 hedefledi\u011fi belirtildi.<\/p>\n<p><strong>\u2013 \u00d6d\u00fcller<\/strong><\/p>\n<p>A\u00e7\u0131klamada, \u00dcniversiteler Aras\u0131 Ali Nesim K\u0131sa \u00d6yk\u00fc Yar\u0131\u015fmas\u0131\u2019nda \u00f6d\u00fcl alanlar \u015f\u00f6yle belirtildi:<\/p>\n<p>\u201cBirincilik \u00f6d\u00fcl\u00fc Do\u011fu Akdeniz \u00dcniversitesi \u00f6\u011frencisi R\u00fcmeysa \u00c7avu\u015f\u2019un oldu. \u2018K\u0131rm\u0131z\u0131 Ac\u0131 Bir Renktir\u2019 adl\u0131 \u00f6yk\u00fcs\u00fcyle birinci se\u00e7ilen \u00c7avu\u015f, 6 bin TL para \u00f6d\u00fcl\u00fc ve plaket kazand\u0131. \u0130kincilik \u00d6d\u00fcl\u00fcne lay\u0131k g\u00f6r\u00fclen isim Yak\u0131n Do\u011fu \u00dcniversitesi \u00f6\u011frencisi T\u00fclaynur Koyun oldu. \u2018Gizli G\u00fcnl\u00fck\u2019 adl\u0131 \u00f6yk\u00fcs\u00fcyle j\u00fcriyi etkileyen Koyun, 4 bin TL para \u00f6d\u00fcl\u00fc ve plaket ile \u00f6d\u00fcllendirildi.<\/p>\n<p>\u00dc\u00e7\u00fcnc\u00fcl\u00fck \u00d6d\u00fcl\u00fc ise Do\u011fu Akdeniz \u00dcniversitesi \u00f6\u011frencisi Muhammet Ali Ta\u015f\u2019a gitti. \u2018Kasvetli Orta Do\u011fu\u2019 adl\u0131 \u00f6yk\u00fcs\u00fcyle \u00fc\u00e7\u00fcnc\u00fc olan Ta\u015f, 3 bin TL para \u00f6d\u00fcl\u00fc ve plaket kazand\u0131.<\/p>\n<p>Girne Belediyesi \u00d6zel \u00d6d\u00fcl\u00fc ise Girne Amerikan \u00dcniversitesi \u00f6\u011frencisi Selma Badur\u2019a verildi. \u2018Ba\u015f\u00f6\u011fretmen Ali Nesim\u2019 adl\u0131 \u00f6yk\u00fcs\u00fcyle \u00f6d\u00fcle lay\u0131k g\u00f6r\u00fclen Badur, 2 bin TL para \u00f6d\u00fcl\u00fc ve plaket kazand\u0131.\u201d<\/p>\n<\/p><\/div>\n<p><script async\n                    defer\n                    crossorigin=\"anonymous\"\n                    src=\"https:\/\/connect.facebook.net\/tr_TR\/sdk.js#xfbml=1&#038;version=v3.3\"\n            ><\/script><\/p>\n","protected":false},"excerpt":{"rendered":"<p>Girne Belediyesi, Yak\u0131n Do\u011fu \u00dcniversitesi (T\u00fcrk\u00e7e \u00d6\u011fretmenli\u011fi B\u00f6l\u00fcm\u00fc ve K\u0131br\u0131s Ara\u015ft\u0131rmalar\u0131 Merkezi) ile K\u0131br\u0131s T\u00fcrk Yazarlar Birli\u011fi i\u015f birli\u011finde d\u00fczenlenen \u201c\u00dcniversiteler Aras\u0131 K\u0131sa \u00d6yk\u00fc Yar\u0131\u015fmas\u0131\u201d sonu\u00e7land\u0131. Yar\u0131\u015fmada dereceye giren \u00f6\u011frencilere \u00f6d\u00fclleri, 9 May\u0131s\u2019ta Zeytinlik K\u00f6y Evi\u2019nde saat 14.00\u2019te d\u00fczenlenecek t\u00f6renle verilecek. Girne Belediyesi\u2019nden yap\u0131lan a\u00e7\u0131klamada, yar\u0131\u015fman\u0131n; gen\u00e7 yazarlar\u0131 ke\u015ffetmeyi, onlar\u0131n edebiyat d\u00fcnyas\u0131na ad\u0131m atmalar\u0131n\u0131 sa\u011flamay\u0131 [&hellip;]<\/p>\n","protected":false},"author":1,"featured_media":21426,"comment_status":"open","ping_status":"open","sticky":false,"template":"","format":"standard","meta":{"jnews-multi-image_gallery":[],"jnews_single_post":[],"jnews_primary_category":[],"jnews_social_meta":[],"jnews_override_counter":[],"footnotes":""},"categories":[6],"tags":[],"class_list":["post-21425","post","type-post","status-publish","format-standard","has-post-thumbnail","hentry","category-yasam"],"yoast_head":"<!-- This site is optimized with the Yoast SEO plugin v27.4 - https:\/\/yoast.com\/product\/yoast-seo-wordpress\/ -->\n<title>\u00dcniversiteler Aras\u0131 Ali Nesim K\u0131sa \u00d6yk\u00fc Yar\u0131\u015fmas\u0131\u2019nda \u00f6d\u00fcller sahiplerini buldu - Kuzeyin Sesi<\/title>\n<meta name=\"robots\" content=\"index, follow, max-snippet:-1, max-image-preview:large, max-video-preview:-1\" \/>\n<link rel=\"canonical\" href=\"https:\/\/kuzeyinsesi.org\/index.php\/2025\/03\/21\/universiteler-arasi-ali-nesim-kisa-oyku-yarismasinda-oduller-sahiplerini-buldu\/\" \/>\n<meta property=\"og:locale\" content=\"tr_TR\" \/>\n<meta property=\"og:type\" content=\"article\" \/>\n<meta property=\"og:title\" content=\"\u00dcniversiteler Aras\u0131 Ali Nesim K\u0131sa \u00d6yk\u00fc Yar\u0131\u015fmas\u0131\u2019nda \u00f6d\u00fcller sahiplerini buldu - Kuzeyin Sesi\" \/>\n<meta property=\"og:description\" content=\"Girne Belediyesi, Yak\u0131n Do\u011fu \u00dcniversitesi (T\u00fcrk\u00e7e \u00d6\u011fretmenli\u011fi B\u00f6l\u00fcm\u00fc ve K\u0131br\u0131s Ara\u015ft\u0131rmalar\u0131 Merkezi) ile K\u0131br\u0131s T\u00fcrk Yazarlar Birli\u011fi i\u015f birli\u011finde d\u00fczenlenen \u201c\u00dcniversiteler Aras\u0131 K\u0131sa \u00d6yk\u00fc Yar\u0131\u015fmas\u0131\u201d sonu\u00e7land\u0131. Yar\u0131\u015fmada dereceye giren \u00f6\u011frencilere \u00f6d\u00fclleri, 9 May\u0131s\u2019ta Zeytinlik K\u00f6y Evi\u2019nde saat 14.00\u2019te d\u00fczenlenecek t\u00f6renle verilecek. Girne Belediyesi\u2019nden yap\u0131lan a\u00e7\u0131klamada, yar\u0131\u015fman\u0131n; gen\u00e7 yazarlar\u0131 ke\u015ffetmeyi, onlar\u0131n edebiyat d\u00fcnyas\u0131na ad\u0131m atmalar\u0131n\u0131 sa\u011flamay\u0131 [&hellip;]\" \/>\n<meta property=\"og:url\" content=\"https:\/\/kuzeyinsesi.org\/index.php\/2025\/03\/21\/universiteler-arasi-ali-nesim-kisa-oyku-yarismasinda-oduller-sahiplerini-buldu\/\" \/>\n<meta property=\"og:site_name\" content=\"Kuzeyin Sesi\" \/>\n<meta property=\"article:publisher\" content=\"https:\/\/www.facebook.com\/kuzeyinsesii\" \/>\n<meta property=\"article:published_time\" content=\"2025-03-21T08:25:03+00:00\" \/>\n<meta property=\"og:image\" content=\"https:\/\/brtk.net\/wp-content\/uploads\/2025\/03\/21\/1742542221024girne-belediyesi-oyku-yarismasi.jpeg?ver=f754cc7bdd0b5dd1bf9f9f6d3416d586\" \/>\n<meta name=\"author\" content=\"Kuzeyin Sesi\" \/>\n<meta name=\"twitter:card\" content=\"summary_large_image\" \/>\n<meta name=\"twitter:creator\" content=\"@kuzeyinsesii\" \/>\n<meta name=\"twitter:site\" content=\"@kuzeyinsesii\" \/>\n<meta name=\"twitter:label1\" content=\"Yazan:\" \/>\n\t<meta name=\"twitter:data1\" content=\"Kuzeyin Sesi\" \/>\n\t<meta name=\"twitter:label2\" content=\"Tahmini okuma s\u00fcresi\" \/>\n\t<meta name=\"twitter:data2\" content=\"1 dakika\" \/>\n<script type=\"application\/ld+json\" class=\"yoast-schema-graph\">{\"@context\":\"https:\\\/\\\/schema.org\",\"@graph\":[{\"@type\":\"Article\",\"@id\":\"https:\\\/\\\/kuzeyinsesi.org\\\/index.php\\\/2025\\\/03\\\/21\\\/universiteler-arasi-ali-nesim-kisa-oyku-yarismasinda-oduller-sahiplerini-buldu\\\/#article\",\"isPartOf\":{\"@id\":\"https:\\\/\\\/kuzeyinsesi.org\\\/index.php\\\/2025\\\/03\\\/21\\\/universiteler-arasi-ali-nesim-kisa-oyku-yarismasinda-oduller-sahiplerini-buldu\\\/\"},\"author\":{\"name\":\"Kuzeyin Sesi\",\"@id\":\"https:\\\/\\\/kuzeyinsesi.org\\\/#\\\/schema\\\/person\\\/9f859689cdf01485597712386e37f5aa\"},\"headline\":\"\u00dcniversiteler Aras\u0131 Ali Nesim K\u0131sa \u00d6yk\u00fc Yar\u0131\u015fmas\u0131\u2019nda \u00f6d\u00fcller sahiplerini buldu\",\"datePublished\":\"2025-03-21T08:25:03+00:00\",\"mainEntityOfPage\":{\"@id\":\"https:\\\/\\\/kuzeyinsesi.org\\\/index.php\\\/2025\\\/03\\\/21\\\/universiteler-arasi-ali-nesim-kisa-oyku-yarismasinda-oduller-sahiplerini-buldu\\\/\"},\"wordCount\":300,\"commentCount\":0,\"image\":{\"@id\":\"https:\\\/\\\/kuzeyinsesi.org\\\/index.php\\\/2025\\\/03\\\/21\\\/universiteler-arasi-ali-nesim-kisa-oyku-yarismasinda-oduller-sahiplerini-buldu\\\/#primaryimage\"},\"thumbnailUrl\":\"https:\\\/\\\/kuzeyinsesi.org\\\/wp-content\\\/uploads\\\/2025\\\/03\\\/1742542221024girne-belediyesi-oyku-yarismasi.jpeg\",\"articleSection\":[\"Ya\u015fam\"],\"inLanguage\":\"tr\",\"potentialAction\":[{\"@type\":\"CommentAction\",\"name\":\"Comment\",\"target\":[\"https:\\\/\\\/kuzeyinsesi.org\\\/index.php\\\/2025\\\/03\\\/21\\\/universiteler-arasi-ali-nesim-kisa-oyku-yarismasinda-oduller-sahiplerini-buldu\\\/#respond\"]}]},{\"@type\":\"WebPage\",\"@id\":\"https:\\\/\\\/kuzeyinsesi.org\\\/index.php\\\/2025\\\/03\\\/21\\\/universiteler-arasi-ali-nesim-kisa-oyku-yarismasinda-oduller-sahiplerini-buldu\\\/\",\"url\":\"https:\\\/\\\/kuzeyinsesi.org\\\/index.php\\\/2025\\\/03\\\/21\\\/universiteler-arasi-ali-nesim-kisa-oyku-yarismasinda-oduller-sahiplerini-buldu\\\/\",\"name\":\"\u00dcniversiteler Aras\u0131 Ali Nesim K\u0131sa \u00d6yk\u00fc Yar\u0131\u015fmas\u0131\u2019nda \u00f6d\u00fcller sahiplerini buldu - Kuzeyin Sesi\",\"isPartOf\":{\"@id\":\"https:\\\/\\\/kuzeyinsesi.org\\\/#website\"},\"primaryImageOfPage\":{\"@id\":\"https:\\\/\\\/kuzeyinsesi.org\\\/index.php\\\/2025\\\/03\\\/21\\\/universiteler-arasi-ali-nesim-kisa-oyku-yarismasinda-oduller-sahiplerini-buldu\\\/#primaryimage\"},\"image\":{\"@id\":\"https:\\\/\\\/kuzeyinsesi.org\\\/index.php\\\/2025\\\/03\\\/21\\\/universiteler-arasi-ali-nesim-kisa-oyku-yarismasinda-oduller-sahiplerini-buldu\\\/#primaryimage\"},\"thumbnailUrl\":\"https:\\\/\\\/kuzeyinsesi.org\\\/wp-content\\\/uploads\\\/2025\\\/03\\\/1742542221024girne-belediyesi-oyku-yarismasi.jpeg\",\"datePublished\":\"2025-03-21T08:25:03+00:00\",\"author\":{\"@id\":\"https:\\\/\\\/kuzeyinsesi.org\\\/#\\\/schema\\\/person\\\/9f859689cdf01485597712386e37f5aa\"},\"breadcrumb\":{\"@id\":\"https:\\\/\\\/kuzeyinsesi.org\\\/index.php\\\/2025\\\/03\\\/21\\\/universiteler-arasi-ali-nesim-kisa-oyku-yarismasinda-oduller-sahiplerini-buldu\\\/#breadcrumb\"},\"inLanguage\":\"tr\",\"potentialAction\":[{\"@type\":\"ReadAction\",\"target\":[\"https:\\\/\\\/kuzeyinsesi.org\\\/index.php\\\/2025\\\/03\\\/21\\\/universiteler-arasi-ali-nesim-kisa-oyku-yarismasinda-oduller-sahiplerini-buldu\\\/\"]}]},{\"@type\":\"ImageObject\",\"inLanguage\":\"tr\",\"@id\":\"https:\\\/\\\/kuzeyinsesi.org\\\/index.php\\\/2025\\\/03\\\/21\\\/universiteler-arasi-ali-nesim-kisa-oyku-yarismasinda-oduller-sahiplerini-buldu\\\/#primaryimage\",\"url\":\"https:\\\/\\\/kuzeyinsesi.org\\\/wp-content\\\/uploads\\\/2025\\\/03\\\/1742542221024girne-belediyesi-oyku-yarismasi.jpeg\",\"contentUrl\":\"https:\\\/\\\/kuzeyinsesi.org\\\/wp-content\\\/uploads\\\/2025\\\/03\\\/1742542221024girne-belediyesi-oyku-yarismasi.jpeg\",\"width\":1280,\"height\":1600},{\"@type\":\"BreadcrumbList\",\"@id\":\"https:\\\/\\\/kuzeyinsesi.org\\\/index.php\\\/2025\\\/03\\\/21\\\/universiteler-arasi-ali-nesim-kisa-oyku-yarismasinda-oduller-sahiplerini-buldu\\\/#breadcrumb\",\"itemListElement\":[{\"@type\":\"ListItem\",\"position\":1,\"name\":\"Anasayfa\",\"item\":\"https:\\\/\\\/kuzeyinsesi.org\\\/\"},{\"@type\":\"ListItem\",\"position\":2,\"name\":\"\u00dcniversiteler Aras\u0131 Ali Nesim K\u0131sa \u00d6yk\u00fc Yar\u0131\u015fmas\u0131\u2019nda \u00f6d\u00fcller sahiplerini buldu\"}]},{\"@type\":\"WebSite\",\"@id\":\"https:\\\/\\\/kuzeyinsesi.org\\\/#website\",\"url\":\"https:\\\/\\\/kuzeyinsesi.org\\\/\",\"name\":\"Kuzeyin Sesi\",\"description\":\"Do\u011fru Haberin Adresi\",\"potentialAction\":[{\"@type\":\"SearchAction\",\"target\":{\"@type\":\"EntryPoint\",\"urlTemplate\":\"https:\\\/\\\/kuzeyinsesi.org\\\/?s={search_term_string}\"},\"query-input\":{\"@type\":\"PropertyValueSpecification\",\"valueRequired\":true,\"valueName\":\"search_term_string\"}}],\"inLanguage\":\"tr\"},{\"@type\":\"Person\",\"@id\":\"https:\\\/\\\/kuzeyinsesi.org\\\/#\\\/schema\\\/person\\\/9f859689cdf01485597712386e37f5aa\",\"name\":\"Kuzeyin Sesi\",\"image\":{\"@type\":\"ImageObject\",\"inLanguage\":\"tr\",\"@id\":\"https:\\\/\\\/secure.gravatar.com\\\/avatar\\\/bab33852abfd8b282518d6ed81826833d77c3c882d9ab608add591ccace47a44?s=96&d=mm&r=g\",\"url\":\"https:\\\/\\\/secure.gravatar.com\\\/avatar\\\/bab33852abfd8b282518d6ed81826833d77c3c882d9ab608add591ccace47a44?s=96&d=mm&r=g\",\"contentUrl\":\"https:\\\/\\\/secure.gravatar.com\\\/avatar\\\/bab33852abfd8b282518d6ed81826833d77c3c882d9ab608add591ccace47a44?s=96&d=mm&r=g\",\"caption\":\"Kuzeyin Sesi\"},\"sameAs\":[\"https:\\\/\\\/kuzeyinsesi.org\"],\"url\":\"https:\\\/\\\/kuzeyinsesi.org\\\/index.php\\\/author\\\/guven\\\/\"}]}<\/script>\n<!-- \/ Yoast SEO plugin. -->","yoast_head_json":{"title":"\u00dcniversiteler Aras\u0131 Ali Nesim K\u0131sa \u00d6yk\u00fc Yar\u0131\u015fmas\u0131\u2019nda \u00f6d\u00fcller sahiplerini buldu - Kuzeyin Sesi","robots":{"index":"index","follow":"follow","max-snippet":"max-snippet:-1","max-image-preview":"max-image-preview:large","max-video-preview":"max-video-preview:-1"},"canonical":"https:\/\/kuzeyinsesi.org\/index.php\/2025\/03\/21\/universiteler-arasi-ali-nesim-kisa-oyku-yarismasinda-oduller-sahiplerini-buldu\/","og_locale":"tr_TR","og_type":"article","og_title":"\u00dcniversiteler Aras\u0131 Ali Nesim K\u0131sa \u00d6yk\u00fc Yar\u0131\u015fmas\u0131\u2019nda \u00f6d\u00fcller sahiplerini buldu - Kuzeyin Sesi","og_description":"Girne Belediyesi, Yak\u0131n Do\u011fu \u00dcniversitesi (T\u00fcrk\u00e7e \u00d6\u011fretmenli\u011fi B\u00f6l\u00fcm\u00fc ve K\u0131br\u0131s Ara\u015ft\u0131rmalar\u0131 Merkezi) ile K\u0131br\u0131s T\u00fcrk Yazarlar Birli\u011fi i\u015f birli\u011finde d\u00fczenlenen \u201c\u00dcniversiteler Aras\u0131 K\u0131sa \u00d6yk\u00fc Yar\u0131\u015fmas\u0131\u201d sonu\u00e7land\u0131. Yar\u0131\u015fmada dereceye giren \u00f6\u011frencilere \u00f6d\u00fclleri, 9 May\u0131s\u2019ta Zeytinlik K\u00f6y Evi\u2019nde saat 14.00\u2019te d\u00fczenlenecek t\u00f6renle verilecek. Girne Belediyesi\u2019nden yap\u0131lan a\u00e7\u0131klamada, yar\u0131\u015fman\u0131n; gen\u00e7 yazarlar\u0131 ke\u015ffetmeyi, onlar\u0131n edebiyat d\u00fcnyas\u0131na ad\u0131m atmalar\u0131n\u0131 sa\u011flamay\u0131 [&hellip;]","og_url":"https:\/\/kuzeyinsesi.org\/index.php\/2025\/03\/21\/universiteler-arasi-ali-nesim-kisa-oyku-yarismasinda-oduller-sahiplerini-buldu\/","og_site_name":"Kuzeyin Sesi","article_publisher":"https:\/\/www.facebook.com\/kuzeyinsesii","article_published_time":"2025-03-21T08:25:03+00:00","og_image":[{"url":"https:\/\/brtk.net\/wp-content\/uploads\/2025\/03\/21\/1742542221024girne-belediyesi-oyku-yarismasi.jpeg?ver=f754cc7bdd0b5dd1bf9f9f6d3416d586","type":"","width":"","height":""}],"author":"Kuzeyin Sesi","twitter_card":"summary_large_image","twitter_creator":"@kuzeyinsesii","twitter_site":"@kuzeyinsesii","twitter_misc":{"Yazan:":"Kuzeyin Sesi","Tahmini okuma s\u00fcresi":"1 dakika"},"schema":{"@context":"https:\/\/schema.org","@graph":[{"@type":"Article","@id":"https:\/\/kuzeyinsesi.org\/index.php\/2025\/03\/21\/universiteler-arasi-ali-nesim-kisa-oyku-yarismasinda-oduller-sahiplerini-buldu\/#article","isPartOf":{"@id":"https:\/\/kuzeyinsesi.org\/index.php\/2025\/03\/21\/universiteler-arasi-ali-nesim-kisa-oyku-yarismasinda-oduller-sahiplerini-buldu\/"},"author":{"name":"Kuzeyin Sesi","@id":"https:\/\/kuzeyinsesi.org\/#\/schema\/person\/9f859689cdf01485597712386e37f5aa"},"headline":"\u00dcniversiteler Aras\u0131 Ali Nesim K\u0131sa \u00d6yk\u00fc Yar\u0131\u015fmas\u0131\u2019nda \u00f6d\u00fcller sahiplerini buldu","datePublished":"2025-03-21T08:25:03+00:00","mainEntityOfPage":{"@id":"https:\/\/kuzeyinsesi.org\/index.php\/2025\/03\/21\/universiteler-arasi-ali-nesim-kisa-oyku-yarismasinda-oduller-sahiplerini-buldu\/"},"wordCount":300,"commentCount":0,"image":{"@id":"https:\/\/kuzeyinsesi.org\/index.php\/2025\/03\/21\/universiteler-arasi-ali-nesim-kisa-oyku-yarismasinda-oduller-sahiplerini-buldu\/#primaryimage"},"thumbnailUrl":"https:\/\/kuzeyinsesi.org\/wp-content\/uploads\/2025\/03\/1742542221024girne-belediyesi-oyku-yarismasi.jpeg","articleSection":["Ya\u015fam"],"inLanguage":"tr","potentialAction":[{"@type":"CommentAction","name":"Comment","target":["https:\/\/kuzeyinsesi.org\/index.php\/2025\/03\/21\/universiteler-arasi-ali-nesim-kisa-oyku-yarismasinda-oduller-sahiplerini-buldu\/#respond"]}]},{"@type":"WebPage","@id":"https:\/\/kuzeyinsesi.org\/index.php\/2025\/03\/21\/universiteler-arasi-ali-nesim-kisa-oyku-yarismasinda-oduller-sahiplerini-buldu\/","url":"https:\/\/kuzeyinsesi.org\/index.php\/2025\/03\/21\/universiteler-arasi-ali-nesim-kisa-oyku-yarismasinda-oduller-sahiplerini-buldu\/","name":"\u00dcniversiteler Aras\u0131 Ali Nesim K\u0131sa \u00d6yk\u00fc Yar\u0131\u015fmas\u0131\u2019nda \u00f6d\u00fcller sahiplerini buldu - Kuzeyin Sesi","isPartOf":{"@id":"https:\/\/kuzeyinsesi.org\/#website"},"primaryImageOfPage":{"@id":"https:\/\/kuzeyinsesi.org\/index.php\/2025\/03\/21\/universiteler-arasi-ali-nesim-kisa-oyku-yarismasinda-oduller-sahiplerini-buldu\/#primaryimage"},"image":{"@id":"https:\/\/kuzeyinsesi.org\/index.php\/2025\/03\/21\/universiteler-arasi-ali-nesim-kisa-oyku-yarismasinda-oduller-sahiplerini-buldu\/#primaryimage"},"thumbnailUrl":"https:\/\/kuzeyinsesi.org\/wp-content\/uploads\/2025\/03\/1742542221024girne-belediyesi-oyku-yarismasi.jpeg","datePublished":"2025-03-21T08:25:03+00:00","author":{"@id":"https:\/\/kuzeyinsesi.org\/#\/schema\/person\/9f859689cdf01485597712386e37f5aa"},"breadcrumb":{"@id":"https:\/\/kuzeyinsesi.org\/index.php\/2025\/03\/21\/universiteler-arasi-ali-nesim-kisa-oyku-yarismasinda-oduller-sahiplerini-buldu\/#breadcrumb"},"inLanguage":"tr","potentialAction":[{"@type":"ReadAction","target":["https:\/\/kuzeyinsesi.org\/index.php\/2025\/03\/21\/universiteler-arasi-ali-nesim-kisa-oyku-yarismasinda-oduller-sahiplerini-buldu\/"]}]},{"@type":"ImageObject","inLanguage":"tr","@id":"https:\/\/kuzeyinsesi.org\/index.php\/2025\/03\/21\/universiteler-arasi-ali-nesim-kisa-oyku-yarismasinda-oduller-sahiplerini-buldu\/#primaryimage","url":"https:\/\/kuzeyinsesi.org\/wp-content\/uploads\/2025\/03\/1742542221024girne-belediyesi-oyku-yarismasi.jpeg","contentUrl":"https:\/\/kuzeyinsesi.org\/wp-content\/uploads\/2025\/03\/1742542221024girne-belediyesi-oyku-yarismasi.jpeg","width":1280,"height":1600},{"@type":"BreadcrumbList","@id":"https:\/\/kuzeyinsesi.org\/index.php\/2025\/03\/21\/universiteler-arasi-ali-nesim-kisa-oyku-yarismasinda-oduller-sahiplerini-buldu\/#breadcrumb","itemListElement":[{"@type":"ListItem","position":1,"name":"Anasayfa","item":"https:\/\/kuzeyinsesi.org\/"},{"@type":"ListItem","position":2,"name":"\u00dcniversiteler Aras\u0131 Ali Nesim K\u0131sa \u00d6yk\u00fc Yar\u0131\u015fmas\u0131\u2019nda \u00f6d\u00fcller sahiplerini buldu"}]},{"@type":"WebSite","@id":"https:\/\/kuzeyinsesi.org\/#website","url":"https:\/\/kuzeyinsesi.org\/","name":"Kuzeyin Sesi","description":"Do\u011fru Haberin Adresi","potentialAction":[{"@type":"SearchAction","target":{"@type":"EntryPoint","urlTemplate":"https:\/\/kuzeyinsesi.org\/?s={search_term_string}"},"query-input":{"@type":"PropertyValueSpecification","valueRequired":true,"valueName":"search_term_string"}}],"inLanguage":"tr"},{"@type":"Person","@id":"https:\/\/kuzeyinsesi.org\/#\/schema\/person\/9f859689cdf01485597712386e37f5aa","name":"Kuzeyin Sesi","image":{"@type":"ImageObject","inLanguage":"tr","@id":"https:\/\/secure.gravatar.com\/avatar\/bab33852abfd8b282518d6ed81826833d77c3c882d9ab608add591ccace47a44?s=96&d=mm&r=g","url":"https:\/\/secure.gravatar.com\/avatar\/bab33852abfd8b282518d6ed81826833d77c3c882d9ab608add591ccace47a44?s=96&d=mm&r=g","contentUrl":"https:\/\/secure.gravatar.com\/avatar\/bab33852abfd8b282518d6ed81826833d77c3c882d9ab608add591ccace47a44?s=96&d=mm&r=g","caption":"Kuzeyin Sesi"},"sameAs":["https:\/\/kuzeyinsesi.org"],"url":"https:\/\/kuzeyinsesi.org\/index.php\/author\/guven\/"}]}},"_links":{"self":[{"href":"https:\/\/kuzeyinsesi.org\/index.php\/wp-json\/wp\/v2\/posts\/21425","targetHints":{"allow":["GET"]}}],"collection":[{"href":"https:\/\/kuzeyinsesi.org\/index.php\/wp-json\/wp\/v2\/posts"}],"about":[{"href":"https:\/\/kuzeyinsesi.org\/index.php\/wp-json\/wp\/v2\/types\/post"}],"author":[{"embeddable":true,"href":"https:\/\/kuzeyinsesi.org\/index.php\/wp-json\/wp\/v2\/users\/1"}],"replies":[{"embeddable":true,"href":"https:\/\/kuzeyinsesi.org\/index.php\/wp-json\/wp\/v2\/comments?post=21425"}],"version-history":[{"count":0,"href":"https:\/\/kuzeyinsesi.org\/index.php\/wp-json\/wp\/v2\/posts\/21425\/revisions"}],"wp:featuredmedia":[{"embeddable":true,"href":"https:\/\/kuzeyinsesi.org\/index.php\/wp-json\/wp\/v2\/media\/21426"}],"wp:attachment":[{"href":"https:\/\/kuzeyinsesi.org\/index.php\/wp-json\/wp\/v2\/media?parent=21425"}],"wp:term":[{"taxonomy":"category","embeddable":true,"href":"https:\/\/kuzeyinsesi.org\/index.php\/wp-json\/wp\/v2\/categories?post=21425"},{"taxonomy":"post_tag","embeddable":true,"href":"https:\/\/kuzeyinsesi.org\/index.php\/wp-json\/wp\/v2\/tags?post=21425"}],"curies":[{"name":"wp","href":"https:\/\/api.w.org\/{rel}","templated":true}]}}