{"id":21412,"date":"2025-03-20T20:57:56","date_gmt":"2025-03-20T18:57:56","guid":{"rendered":"https:\/\/kuzeyinsesi.org\/index.php\/2025\/03\/20\/kktcde-tamamen-yapay-zeka-ile-uzun-metraj-korku-filmi-yapildi\/"},"modified":"2025-03-20T20:57:56","modified_gmt":"2025-03-20T18:57:56","slug":"kktcde-tamamen-yapay-zeka-ile-uzun-metraj-korku-filmi-yapildi","status":"publish","type":"post","link":"https:\/\/kuzeyinsesi.org\/index.php\/2025\/03\/20\/kktcde-tamamen-yapay-zeka-ile-uzun-metraj-korku-filmi-yapildi\/","title":{"rendered":"KKTC\u2019de tamamen yapay zeka ile uzun metraj korku filmi yap\u0131ld\u0131"},"content":{"rendered":"<div>\n<div class=\"mariselle-image-container center\">\n                                            <\/div>\n<p> KKTC\u2019de tamamen yapay zeka ile uzun metraj korku filmi yap\u0131ld\u0131.<br \/>Y\u00f6netmen M\u00fcge G\u00fcnay taraf\u0131ndan yap\u0131lan a\u00e7\u0131klamada, \u201cF\u0131s\u0131lt\u0131l\u0131 Tepe\u201d isimli filmin d\u00fcnyada tamamen yapay zekayla \u00fcretilen ilk ve en uzun metrajl\u0131 korku filmi oldu\u011fu kaydedildi.<\/p>\n<p>A\u00e7\u0131klamada, filmin konusunun KKTC\u2019de ya\u015fanm\u0131\u015f ger\u00e7ek bir hikayeden uyarland\u0131\u011f\u0131 belirtilerek, galan\u0131n may\u0131s ay\u0131nda yap\u0131laca\u011f\u0131 duyuruldu.<\/p>\n<p>Filmin, film end\u00fcstrisinin gelece\u011fine dair heyecan verici bir bak\u0131\u015f a\u00e7\u0131s\u0131 sunmay\u0131 hedefledi\u011fi ifade edilen a\u00e7\u0131klamada, \u201cYapay zekan\u0131n yarat\u0131c\u0131 g\u00fcc\u00fcn\u00fc ve sinemaya etkisini deneyimleyecek olan sinemaseverler, bu yenilik\u00e7i filmle birlikte korku t\u00fcr\u00fcnde al\u0131\u015f\u0131lmad\u0131k bir deneyim de ya\u015fayacaklar.\u201d ifadeleri kullan\u0131ld\u0131.<\/p>\n<\/p><\/div>\n<p><script async\n                    defer\n                    crossorigin=\"anonymous\"\n                    src=\"https:\/\/connect.facebook.net\/tr_TR\/sdk.js#xfbml=1&#038;version=v3.3\"\n            ><\/script><\/p>\n","protected":false},"excerpt":{"rendered":"<p>KKTC\u2019de tamamen yapay zeka ile uzun metraj korku filmi yap\u0131ld\u0131.Y\u00f6netmen M\u00fcge G\u00fcnay taraf\u0131ndan yap\u0131lan a\u00e7\u0131klamada, \u201cF\u0131s\u0131lt\u0131l\u0131 Tepe\u201d isimli filmin d\u00fcnyada tamamen yapay zekayla \u00fcretilen ilk ve en uzun metrajl\u0131 korku filmi oldu\u011fu kaydedildi. A\u00e7\u0131klamada, filmin konusunun KKTC\u2019de ya\u015fanm\u0131\u015f ger\u00e7ek bir hikayeden uyarland\u0131\u011f\u0131 belirtilerek, galan\u0131n may\u0131s ay\u0131nda yap\u0131laca\u011f\u0131 duyuruldu. Filmin, film end\u00fcstrisinin gelece\u011fine dair heyecan verici [&hellip;]<\/p>\n","protected":false},"author":1,"featured_media":21413,"comment_status":"open","ping_status":"open","sticky":false,"template":"","format":"standard","meta":{"jnews-multi-image_gallery":[],"jnews_single_post":[],"jnews_primary_category":[],"jnews_social_meta":[],"jnews_override_counter":[],"footnotes":""},"categories":[6],"tags":[],"class_list":["post-21412","post","type-post","status-publish","format-standard","has-post-thumbnail","hentry","category-yasam"],"yoast_head":"<!-- This site is optimized with the Yoast SEO plugin v27.4 - https:\/\/yoast.com\/product\/yoast-seo-wordpress\/ -->\n<title>KKTC\u2019de tamamen yapay zeka ile uzun metraj korku filmi yap\u0131ld\u0131 - Kuzeyin Sesi<\/title>\n<meta name=\"robots\" content=\"index, follow, max-snippet:-1, max-image-preview:large, max-video-preview:-1\" \/>\n<link rel=\"canonical\" href=\"https:\/\/kuzeyinsesi.org\/index.php\/2025\/03\/20\/kktcde-tamamen-yapay-zeka-ile-uzun-metraj-korku-filmi-yapildi\/\" \/>\n<meta property=\"og:locale\" content=\"tr_TR\" \/>\n<meta property=\"og:type\" content=\"article\" \/>\n<meta property=\"og:title\" content=\"KKTC\u2019de tamamen yapay zeka ile uzun metraj korku filmi yap\u0131ld\u0131 - Kuzeyin Sesi\" \/>\n<meta property=\"og:description\" content=\"KKTC\u2019de tamamen yapay zeka ile uzun metraj korku filmi yap\u0131ld\u0131.Y\u00f6netmen M\u00fcge G\u00fcnay taraf\u0131ndan yap\u0131lan a\u00e7\u0131klamada, \u201cF\u0131s\u0131lt\u0131l\u0131 Tepe\u201d isimli filmin d\u00fcnyada tamamen yapay zekayla \u00fcretilen ilk ve en uzun metrajl\u0131 korku filmi oldu\u011fu kaydedildi. A\u00e7\u0131klamada, filmin konusunun KKTC\u2019de ya\u015fanm\u0131\u015f ger\u00e7ek bir hikayeden uyarland\u0131\u011f\u0131 belirtilerek, galan\u0131n may\u0131s ay\u0131nda yap\u0131laca\u011f\u0131 duyuruldu. Filmin, film end\u00fcstrisinin gelece\u011fine dair heyecan verici [&hellip;]\" \/>\n<meta property=\"og:url\" content=\"https:\/\/kuzeyinsesi.org\/index.php\/2025\/03\/20\/kktcde-tamamen-yapay-zeka-ile-uzun-metraj-korku-filmi-yapildi\/\" \/>\n<meta property=\"og:site_name\" content=\"Kuzeyin Sesi\" \/>\n<meta property=\"article:publisher\" content=\"https:\/\/www.facebook.com\/kuzeyinsesii\" \/>\n<meta property=\"article:published_time\" content=\"2025-03-20T18:57:56+00:00\" \/>\n<meta property=\"og:image\" content=\"https:\/\/brtk.net\/wp-content\/uploads\/2025\/03\/20\/1742479036464FISILTILI-TEPE.jpeg?ver=79e034cab988fbd3bc76dd301441b858\" \/>\n<meta name=\"author\" content=\"Kuzeyin Sesi\" \/>\n<meta name=\"twitter:card\" content=\"summary_large_image\" \/>\n<meta name=\"twitter:creator\" content=\"@kuzeyinsesii\" \/>\n<meta name=\"twitter:site\" content=\"@kuzeyinsesii\" \/>\n<meta name=\"twitter:label1\" content=\"Yazan:\" \/>\n\t<meta name=\"twitter:data1\" content=\"Kuzeyin Sesi\" \/>\n\t<meta name=\"twitter:label2\" content=\"Tahmini okuma s\u00fcresi\" \/>\n\t<meta name=\"twitter:data2\" content=\"1 dakika\" \/>\n<script type=\"application\/ld+json\" class=\"yoast-schema-graph\">{\"@context\":\"https:\\\/\\\/schema.org\",\"@graph\":[{\"@type\":\"Article\",\"@id\":\"https:\\\/\\\/kuzeyinsesi.org\\\/index.php\\\/2025\\\/03\\\/20\\\/kktcde-tamamen-yapay-zeka-ile-uzun-metraj-korku-filmi-yapildi\\\/#article\",\"isPartOf\":{\"@id\":\"https:\\\/\\\/kuzeyinsesi.org\\\/index.php\\\/2025\\\/03\\\/20\\\/kktcde-tamamen-yapay-zeka-ile-uzun-metraj-korku-filmi-yapildi\\\/\"},\"author\":{\"name\":\"Kuzeyin Sesi\",\"@id\":\"https:\\\/\\\/kuzeyinsesi.org\\\/#\\\/schema\\\/person\\\/9f859689cdf01485597712386e37f5aa\"},\"headline\":\"KKTC\u2019de tamamen yapay zeka ile uzun metraj korku filmi yap\u0131ld\u0131\",\"datePublished\":\"2025-03-20T18:57:56+00:00\",\"mainEntityOfPage\":{\"@id\":\"https:\\\/\\\/kuzeyinsesi.org\\\/index.php\\\/2025\\\/03\\\/20\\\/kktcde-tamamen-yapay-zeka-ile-uzun-metraj-korku-filmi-yapildi\\\/\"},\"wordCount\":136,\"commentCount\":0,\"image\":{\"@id\":\"https:\\\/\\\/kuzeyinsesi.org\\\/index.php\\\/2025\\\/03\\\/20\\\/kktcde-tamamen-yapay-zeka-ile-uzun-metraj-korku-filmi-yapildi\\\/#primaryimage\"},\"thumbnailUrl\":\"https:\\\/\\\/kuzeyinsesi.org\\\/wp-content\\\/uploads\\\/2025\\\/03\\\/1742479036464FISILTILI-TEPE.jpeg\",\"articleSection\":[\"Ya\u015fam\"],\"inLanguage\":\"tr\",\"potentialAction\":[{\"@type\":\"CommentAction\",\"name\":\"Comment\",\"target\":[\"https:\\\/\\\/kuzeyinsesi.org\\\/index.php\\\/2025\\\/03\\\/20\\\/kktcde-tamamen-yapay-zeka-ile-uzun-metraj-korku-filmi-yapildi\\\/#respond\"]}]},{\"@type\":\"WebPage\",\"@id\":\"https:\\\/\\\/kuzeyinsesi.org\\\/index.php\\\/2025\\\/03\\\/20\\\/kktcde-tamamen-yapay-zeka-ile-uzun-metraj-korku-filmi-yapildi\\\/\",\"url\":\"https:\\\/\\\/kuzeyinsesi.org\\\/index.php\\\/2025\\\/03\\\/20\\\/kktcde-tamamen-yapay-zeka-ile-uzun-metraj-korku-filmi-yapildi\\\/\",\"name\":\"KKTC\u2019de tamamen yapay zeka ile uzun metraj korku filmi yap\u0131ld\u0131 - Kuzeyin Sesi\",\"isPartOf\":{\"@id\":\"https:\\\/\\\/kuzeyinsesi.org\\\/#website\"},\"primaryImageOfPage\":{\"@id\":\"https:\\\/\\\/kuzeyinsesi.org\\\/index.php\\\/2025\\\/03\\\/20\\\/kktcde-tamamen-yapay-zeka-ile-uzun-metraj-korku-filmi-yapildi\\\/#primaryimage\"},\"image\":{\"@id\":\"https:\\\/\\\/kuzeyinsesi.org\\\/index.php\\\/2025\\\/03\\\/20\\\/kktcde-tamamen-yapay-zeka-ile-uzun-metraj-korku-filmi-yapildi\\\/#primaryimage\"},\"thumbnailUrl\":\"https:\\\/\\\/kuzeyinsesi.org\\\/wp-content\\\/uploads\\\/2025\\\/03\\\/1742479036464FISILTILI-TEPE.jpeg\",\"datePublished\":\"2025-03-20T18:57:56+00:00\",\"author\":{\"@id\":\"https:\\\/\\\/kuzeyinsesi.org\\\/#\\\/schema\\\/person\\\/9f859689cdf01485597712386e37f5aa\"},\"breadcrumb\":{\"@id\":\"https:\\\/\\\/kuzeyinsesi.org\\\/index.php\\\/2025\\\/03\\\/20\\\/kktcde-tamamen-yapay-zeka-ile-uzun-metraj-korku-filmi-yapildi\\\/#breadcrumb\"},\"inLanguage\":\"tr\",\"potentialAction\":[{\"@type\":\"ReadAction\",\"target\":[\"https:\\\/\\\/kuzeyinsesi.org\\\/index.php\\\/2025\\\/03\\\/20\\\/kktcde-tamamen-yapay-zeka-ile-uzun-metraj-korku-filmi-yapildi\\\/\"]}]},{\"@type\":\"ImageObject\",\"inLanguage\":\"tr\",\"@id\":\"https:\\\/\\\/kuzeyinsesi.org\\\/index.php\\\/2025\\\/03\\\/20\\\/kktcde-tamamen-yapay-zeka-ile-uzun-metraj-korku-filmi-yapildi\\\/#primaryimage\",\"url\":\"https:\\\/\\\/kuzeyinsesi.org\\\/wp-content\\\/uploads\\\/2025\\\/03\\\/1742479036464FISILTILI-TEPE.jpeg\",\"contentUrl\":\"https:\\\/\\\/kuzeyinsesi.org\\\/wp-content\\\/uploads\\\/2025\\\/03\\\/1742479036464FISILTILI-TEPE.jpeg\",\"width\":575,\"height\":824},{\"@type\":\"BreadcrumbList\",\"@id\":\"https:\\\/\\\/kuzeyinsesi.org\\\/index.php\\\/2025\\\/03\\\/20\\\/kktcde-tamamen-yapay-zeka-ile-uzun-metraj-korku-filmi-yapildi\\\/#breadcrumb\",\"itemListElement\":[{\"@type\":\"ListItem\",\"position\":1,\"name\":\"Anasayfa\",\"item\":\"https:\\\/\\\/kuzeyinsesi.org\\\/\"},{\"@type\":\"ListItem\",\"position\":2,\"name\":\"KKTC\u2019de tamamen yapay zeka ile uzun metraj korku filmi yap\u0131ld\u0131\"}]},{\"@type\":\"WebSite\",\"@id\":\"https:\\\/\\\/kuzeyinsesi.org\\\/#website\",\"url\":\"https:\\\/\\\/kuzeyinsesi.org\\\/\",\"name\":\"Kuzeyin Sesi\",\"description\":\"Do\u011fru Haberin Adresi\",\"potentialAction\":[{\"@type\":\"SearchAction\",\"target\":{\"@type\":\"EntryPoint\",\"urlTemplate\":\"https:\\\/\\\/kuzeyinsesi.org\\\/?s={search_term_string}\"},\"query-input\":{\"@type\":\"PropertyValueSpecification\",\"valueRequired\":true,\"valueName\":\"search_term_string\"}}],\"inLanguage\":\"tr\"},{\"@type\":\"Person\",\"@id\":\"https:\\\/\\\/kuzeyinsesi.org\\\/#\\\/schema\\\/person\\\/9f859689cdf01485597712386e37f5aa\",\"name\":\"Kuzeyin Sesi\",\"image\":{\"@type\":\"ImageObject\",\"inLanguage\":\"tr\",\"@id\":\"https:\\\/\\\/secure.gravatar.com\\\/avatar\\\/bab33852abfd8b282518d6ed81826833d77c3c882d9ab608add591ccace47a44?s=96&d=mm&r=g\",\"url\":\"https:\\\/\\\/secure.gravatar.com\\\/avatar\\\/bab33852abfd8b282518d6ed81826833d77c3c882d9ab608add591ccace47a44?s=96&d=mm&r=g\",\"contentUrl\":\"https:\\\/\\\/secure.gravatar.com\\\/avatar\\\/bab33852abfd8b282518d6ed81826833d77c3c882d9ab608add591ccace47a44?s=96&d=mm&r=g\",\"caption\":\"Kuzeyin Sesi\"},\"sameAs\":[\"https:\\\/\\\/kuzeyinsesi.org\"],\"url\":\"https:\\\/\\\/kuzeyinsesi.org\\\/index.php\\\/author\\\/guven\\\/\"}]}<\/script>\n<!-- \/ Yoast SEO plugin. -->","yoast_head_json":{"title":"KKTC\u2019de tamamen yapay zeka ile uzun metraj korku filmi yap\u0131ld\u0131 - Kuzeyin Sesi","robots":{"index":"index","follow":"follow","max-snippet":"max-snippet:-1","max-image-preview":"max-image-preview:large","max-video-preview":"max-video-preview:-1"},"canonical":"https:\/\/kuzeyinsesi.org\/index.php\/2025\/03\/20\/kktcde-tamamen-yapay-zeka-ile-uzun-metraj-korku-filmi-yapildi\/","og_locale":"tr_TR","og_type":"article","og_title":"KKTC\u2019de tamamen yapay zeka ile uzun metraj korku filmi yap\u0131ld\u0131 - Kuzeyin Sesi","og_description":"KKTC\u2019de tamamen yapay zeka ile uzun metraj korku filmi yap\u0131ld\u0131.Y\u00f6netmen M\u00fcge G\u00fcnay taraf\u0131ndan yap\u0131lan a\u00e7\u0131klamada, \u201cF\u0131s\u0131lt\u0131l\u0131 Tepe\u201d isimli filmin d\u00fcnyada tamamen yapay zekayla \u00fcretilen ilk ve en uzun metrajl\u0131 korku filmi oldu\u011fu kaydedildi. A\u00e7\u0131klamada, filmin konusunun KKTC\u2019de ya\u015fanm\u0131\u015f ger\u00e7ek bir hikayeden uyarland\u0131\u011f\u0131 belirtilerek, galan\u0131n may\u0131s ay\u0131nda yap\u0131laca\u011f\u0131 duyuruldu. Filmin, film end\u00fcstrisinin gelece\u011fine dair heyecan verici [&hellip;]","og_url":"https:\/\/kuzeyinsesi.org\/index.php\/2025\/03\/20\/kktcde-tamamen-yapay-zeka-ile-uzun-metraj-korku-filmi-yapildi\/","og_site_name":"Kuzeyin Sesi","article_publisher":"https:\/\/www.facebook.com\/kuzeyinsesii","article_published_time":"2025-03-20T18:57:56+00:00","og_image":[{"url":"https:\/\/brtk.net\/wp-content\/uploads\/2025\/03\/20\/1742479036464FISILTILI-TEPE.jpeg?ver=79e034cab988fbd3bc76dd301441b858","type":"","width":"","height":""}],"author":"Kuzeyin Sesi","twitter_card":"summary_large_image","twitter_creator":"@kuzeyinsesii","twitter_site":"@kuzeyinsesii","twitter_misc":{"Yazan:":"Kuzeyin Sesi","Tahmini okuma s\u00fcresi":"1 dakika"},"schema":{"@context":"https:\/\/schema.org","@graph":[{"@type":"Article","@id":"https:\/\/kuzeyinsesi.org\/index.php\/2025\/03\/20\/kktcde-tamamen-yapay-zeka-ile-uzun-metraj-korku-filmi-yapildi\/#article","isPartOf":{"@id":"https:\/\/kuzeyinsesi.org\/index.php\/2025\/03\/20\/kktcde-tamamen-yapay-zeka-ile-uzun-metraj-korku-filmi-yapildi\/"},"author":{"name":"Kuzeyin Sesi","@id":"https:\/\/kuzeyinsesi.org\/#\/schema\/person\/9f859689cdf01485597712386e37f5aa"},"headline":"KKTC\u2019de tamamen yapay zeka ile uzun metraj korku filmi yap\u0131ld\u0131","datePublished":"2025-03-20T18:57:56+00:00","mainEntityOfPage":{"@id":"https:\/\/kuzeyinsesi.org\/index.php\/2025\/03\/20\/kktcde-tamamen-yapay-zeka-ile-uzun-metraj-korku-filmi-yapildi\/"},"wordCount":136,"commentCount":0,"image":{"@id":"https:\/\/kuzeyinsesi.org\/index.php\/2025\/03\/20\/kktcde-tamamen-yapay-zeka-ile-uzun-metraj-korku-filmi-yapildi\/#primaryimage"},"thumbnailUrl":"https:\/\/kuzeyinsesi.org\/wp-content\/uploads\/2025\/03\/1742479036464FISILTILI-TEPE.jpeg","articleSection":["Ya\u015fam"],"inLanguage":"tr","potentialAction":[{"@type":"CommentAction","name":"Comment","target":["https:\/\/kuzeyinsesi.org\/index.php\/2025\/03\/20\/kktcde-tamamen-yapay-zeka-ile-uzun-metraj-korku-filmi-yapildi\/#respond"]}]},{"@type":"WebPage","@id":"https:\/\/kuzeyinsesi.org\/index.php\/2025\/03\/20\/kktcde-tamamen-yapay-zeka-ile-uzun-metraj-korku-filmi-yapildi\/","url":"https:\/\/kuzeyinsesi.org\/index.php\/2025\/03\/20\/kktcde-tamamen-yapay-zeka-ile-uzun-metraj-korku-filmi-yapildi\/","name":"KKTC\u2019de tamamen yapay zeka ile uzun metraj korku filmi yap\u0131ld\u0131 - Kuzeyin Sesi","isPartOf":{"@id":"https:\/\/kuzeyinsesi.org\/#website"},"primaryImageOfPage":{"@id":"https:\/\/kuzeyinsesi.org\/index.php\/2025\/03\/20\/kktcde-tamamen-yapay-zeka-ile-uzun-metraj-korku-filmi-yapildi\/#primaryimage"},"image":{"@id":"https:\/\/kuzeyinsesi.org\/index.php\/2025\/03\/20\/kktcde-tamamen-yapay-zeka-ile-uzun-metraj-korku-filmi-yapildi\/#primaryimage"},"thumbnailUrl":"https:\/\/kuzeyinsesi.org\/wp-content\/uploads\/2025\/03\/1742479036464FISILTILI-TEPE.jpeg","datePublished":"2025-03-20T18:57:56+00:00","author":{"@id":"https:\/\/kuzeyinsesi.org\/#\/schema\/person\/9f859689cdf01485597712386e37f5aa"},"breadcrumb":{"@id":"https:\/\/kuzeyinsesi.org\/index.php\/2025\/03\/20\/kktcde-tamamen-yapay-zeka-ile-uzun-metraj-korku-filmi-yapildi\/#breadcrumb"},"inLanguage":"tr","potentialAction":[{"@type":"ReadAction","target":["https:\/\/kuzeyinsesi.org\/index.php\/2025\/03\/20\/kktcde-tamamen-yapay-zeka-ile-uzun-metraj-korku-filmi-yapildi\/"]}]},{"@type":"ImageObject","inLanguage":"tr","@id":"https:\/\/kuzeyinsesi.org\/index.php\/2025\/03\/20\/kktcde-tamamen-yapay-zeka-ile-uzun-metraj-korku-filmi-yapildi\/#primaryimage","url":"https:\/\/kuzeyinsesi.org\/wp-content\/uploads\/2025\/03\/1742479036464FISILTILI-TEPE.jpeg","contentUrl":"https:\/\/kuzeyinsesi.org\/wp-content\/uploads\/2025\/03\/1742479036464FISILTILI-TEPE.jpeg","width":575,"height":824},{"@type":"BreadcrumbList","@id":"https:\/\/kuzeyinsesi.org\/index.php\/2025\/03\/20\/kktcde-tamamen-yapay-zeka-ile-uzun-metraj-korku-filmi-yapildi\/#breadcrumb","itemListElement":[{"@type":"ListItem","position":1,"name":"Anasayfa","item":"https:\/\/kuzeyinsesi.org\/"},{"@type":"ListItem","position":2,"name":"KKTC\u2019de tamamen yapay zeka ile uzun metraj korku filmi yap\u0131ld\u0131"}]},{"@type":"WebSite","@id":"https:\/\/kuzeyinsesi.org\/#website","url":"https:\/\/kuzeyinsesi.org\/","name":"Kuzeyin Sesi","description":"Do\u011fru Haberin Adresi","potentialAction":[{"@type":"SearchAction","target":{"@type":"EntryPoint","urlTemplate":"https:\/\/kuzeyinsesi.org\/?s={search_term_string}"},"query-input":{"@type":"PropertyValueSpecification","valueRequired":true,"valueName":"search_term_string"}}],"inLanguage":"tr"},{"@type":"Person","@id":"https:\/\/kuzeyinsesi.org\/#\/schema\/person\/9f859689cdf01485597712386e37f5aa","name":"Kuzeyin Sesi","image":{"@type":"ImageObject","inLanguage":"tr","@id":"https:\/\/secure.gravatar.com\/avatar\/bab33852abfd8b282518d6ed81826833d77c3c882d9ab608add591ccace47a44?s=96&d=mm&r=g","url":"https:\/\/secure.gravatar.com\/avatar\/bab33852abfd8b282518d6ed81826833d77c3c882d9ab608add591ccace47a44?s=96&d=mm&r=g","contentUrl":"https:\/\/secure.gravatar.com\/avatar\/bab33852abfd8b282518d6ed81826833d77c3c882d9ab608add591ccace47a44?s=96&d=mm&r=g","caption":"Kuzeyin Sesi"},"sameAs":["https:\/\/kuzeyinsesi.org"],"url":"https:\/\/kuzeyinsesi.org\/index.php\/author\/guven\/"}]}},"_links":{"self":[{"href":"https:\/\/kuzeyinsesi.org\/index.php\/wp-json\/wp\/v2\/posts\/21412","targetHints":{"allow":["GET"]}}],"collection":[{"href":"https:\/\/kuzeyinsesi.org\/index.php\/wp-json\/wp\/v2\/posts"}],"about":[{"href":"https:\/\/kuzeyinsesi.org\/index.php\/wp-json\/wp\/v2\/types\/post"}],"author":[{"embeddable":true,"href":"https:\/\/kuzeyinsesi.org\/index.php\/wp-json\/wp\/v2\/users\/1"}],"replies":[{"embeddable":true,"href":"https:\/\/kuzeyinsesi.org\/index.php\/wp-json\/wp\/v2\/comments?post=21412"}],"version-history":[{"count":0,"href":"https:\/\/kuzeyinsesi.org\/index.php\/wp-json\/wp\/v2\/posts\/21412\/revisions"}],"wp:featuredmedia":[{"embeddable":true,"href":"https:\/\/kuzeyinsesi.org\/index.php\/wp-json\/wp\/v2\/media\/21413"}],"wp:attachment":[{"href":"https:\/\/kuzeyinsesi.org\/index.php\/wp-json\/wp\/v2\/media?parent=21412"}],"wp:term":[{"taxonomy":"category","embeddable":true,"href":"https:\/\/kuzeyinsesi.org\/index.php\/wp-json\/wp\/v2\/categories?post=21412"},{"taxonomy":"post_tag","embeddable":true,"href":"https:\/\/kuzeyinsesi.org\/index.php\/wp-json\/wp\/v2\/tags?post=21412"}],"curies":[{"name":"wp","href":"https:\/\/api.w.org\/{rel}","templated":true}]}}