{"id":21390,"date":"2025-03-20T16:51:00","date_gmt":"2025-03-20T14:51:00","guid":{"rendered":"https:\/\/kuzeyinsesi.org\/index.php\/2025\/03\/20\/27-mart-dunya-tiyatro-gunu-tiyatro-haftasi-olarak-kutlanacak\/"},"modified":"2025-03-20T16:51:00","modified_gmt":"2025-03-20T14:51:00","slug":"27-mart-dunya-tiyatro-gunu-tiyatro-haftasi-olarak-kutlanacak","status":"publish","type":"post","link":"https:\/\/kuzeyinsesi.org\/index.php\/2025\/03\/20\/27-mart-dunya-tiyatro-gunu-tiyatro-haftasi-olarak-kutlanacak\/","title":{"rendered":"27 Mart D\u00fcnya Tiyatro G\u00fcn\u00fc \u201cTiyatro Haftas\u0131\u201d olarak kutlanacak"},"content":{"rendered":"<div>\n<div class=\"mariselle-image-container center\">\n                                            <\/div>\n<p>Ba\u015fbakan Yard\u0131mc\u0131l\u0131\u011f\u0131, Turizm, K\u00fclt\u00fcr, Gen\u00e7lik ve \u00c7evre Bakanl\u0131\u011f\u0131\u2019na ba\u011fl\u0131 K\u0131br\u0131s T\u00fcrk Devlet Tiyatrolar\u0131, her y\u0131l 27 Mart\u2019ta kutlanan D\u00fcnya Tiyatro G\u00fcn\u00fc\u2019n\u00fc bu y\u0131l \u201cTiyatro Haftas\u0131\u201d olarak kutlayacak.<\/p>\n<p>K\u0131br\u0131s T\u00fcrk Devlet Tiyatrolar\u0131\u2019ndan yap\u0131lan a\u00e7\u0131klamaya g\u00f6re, hafta boyunca, sezon i\u00e7erisinde sahnelenen t\u00fcm oyunlar, farkl\u0131 mekanlarda halkla \u00fccretsiz olarak bulu\u015fturulacak.<\/p>\n<p>K\u0131br\u0131s T\u00fcrk Devlet Tiyatrolar\u0131 M\u00fcd\u00fcr\u00fc Naz\u0131m Ced, Tiyatro Haftas\u0131 ile ilgili yapt\u0131\u011f\u0131 a\u00e7\u0131klamada, \u201cBu y\u0131l \u2018Daha \u00e7ok tiyatro, daha \u00e7ok sanat\u2019 slogan\u0131yla halk\u0131m\u0131zla tiyatroyu bulu\u015fturmay\u0131 hedefliyoruz\u201d diyerek, t\u00fcm oyunlar\u0131n \u00fccretsiz sergilenece\u011fini belirtti.<\/p>\n<p>Ced, alt\u0131 g\u00fcn boyunca d\u00f6rt yeti\u015fkin ve bir \u00e7ocuk oyunu ile Lefko\u015fa ve \u00c7atalk\u00f6y\u2019de tiyatroseverlerle bulu\u015facaklar\u0131n\u0131 aktard\u0131.<\/p>\n<p>-\u0130lk oyun 24 Mart Pazartesi g\u00fcn\u00fc Eski M\u0131s\u0131rl\u0131zade Sinemas\u0131\u2019nda<\/p>\n<p>Tiyatro Haftas\u0131, 24 Mart Pazartesi saat 20.00\u2019de Lefko\u015fa Eski M\u0131s\u0131rl\u0131zade Sinemas\u0131\u2019nda ba\u015flayacak ve ilk oyun olarak \u201cBurun\u201d izleyicilerle bulu\u015facak.<\/p>\n<p>25 Mart Sal\u0131 g\u00fcn\u00fc saat 20.00\u2019de \u201cGr\u00f6nholm Metodu\u201d, 26 Mart \u00c7ar\u015famba g\u00fcn\u00fc ise saat 20.00\u2019de \u201cBurun\u201d adl\u0131 oyun \u00c7atalk\u00f6y Belediyesi Erol Avg\u00f6ren K\u00fclt\u00fcr Merkezi\u2019nde tiyatroseverlerce izlenebilecek.<\/p>\n<p>Program kapsam\u0131nda ayr\u0131ca, 27 Mart Per\u015fembe g\u00fcn\u00fc saat 11.00\u2019de Lefko\u015fa Atat\u00fcrk K\u00fclt\u00fcr Merkezi\u2019nde \u201cR\u00fcya\u201d isimli \u00e7ocuk oyunu sergilenecek.<\/p>\n<p>Tiyatro Haftas\u0131, 27 Mart Per\u015fembe g\u00fcn\u00fc saat 20.00\u2019de Lefko\u015fa Belediye Tiyatrosu\u2019nda \u201cYa\u011fmur Durdu\u011funda\u201d adl\u0131 oyunla devam edecek. Haftan\u0131n finali ise 28 Mart Cuma g\u00fcn\u00fc saat 20.00\u2019de Eski M\u0131s\u0131rl\u0131zade Sinemas\u0131\u2019nda sahnelenecek \u201cHis\u201d adl\u0131 oyunla yap\u0131lacak.<\/p>\n<\/p><\/div>\n<p><script async\n                    defer\n                    crossorigin=\"anonymous\"\n                    src=\"https:\/\/connect.facebook.net\/tr_TR\/sdk.js#xfbml=1&#038;version=v3.3\"\n            ><\/script><\/p>\n","protected":false},"excerpt":{"rendered":"<p>Ba\u015fbakan Yard\u0131mc\u0131l\u0131\u011f\u0131, Turizm, K\u00fclt\u00fcr, Gen\u00e7lik ve \u00c7evre Bakanl\u0131\u011f\u0131\u2019na ba\u011fl\u0131 K\u0131br\u0131s T\u00fcrk Devlet Tiyatrolar\u0131, her y\u0131l 27 Mart\u2019ta kutlanan D\u00fcnya Tiyatro G\u00fcn\u00fc\u2019n\u00fc bu y\u0131l \u201cTiyatro Haftas\u0131\u201d olarak kutlayacak. K\u0131br\u0131s T\u00fcrk Devlet Tiyatrolar\u0131\u2019ndan yap\u0131lan a\u00e7\u0131klamaya g\u00f6re, hafta boyunca, sezon i\u00e7erisinde sahnelenen t\u00fcm oyunlar, farkl\u0131 mekanlarda halkla \u00fccretsiz olarak bulu\u015fturulacak. K\u0131br\u0131s T\u00fcrk Devlet Tiyatrolar\u0131 M\u00fcd\u00fcr\u00fc Naz\u0131m Ced, Tiyatro [&hellip;]<\/p>\n","protected":false},"author":1,"featured_media":21391,"comment_status":"open","ping_status":"open","sticky":false,"template":"","format":"standard","meta":{"jnews-multi-image_gallery":[],"jnews_single_post":[],"jnews_primary_category":[],"jnews_social_meta":[],"jnews_override_counter":[],"footnotes":""},"categories":[6],"tags":[],"class_list":["post-21390","post","type-post","status-publish","format-standard","has-post-thumbnail","hentry","category-yasam"],"yoast_head":"<!-- This site is optimized with the Yoast SEO plugin v27.4 - https:\/\/yoast.com\/product\/yoast-seo-wordpress\/ -->\n<title>27 Mart D\u00fcnya Tiyatro G\u00fcn\u00fc \u201cTiyatro Haftas\u0131\u201d olarak kutlanacak - Kuzeyin Sesi<\/title>\n<meta name=\"robots\" content=\"index, follow, max-snippet:-1, max-image-preview:large, max-video-preview:-1\" \/>\n<link rel=\"canonical\" href=\"https:\/\/kuzeyinsesi.org\/index.php\/2025\/03\/20\/27-mart-dunya-tiyatro-gunu-tiyatro-haftasi-olarak-kutlanacak\/\" \/>\n<meta property=\"og:locale\" content=\"tr_TR\" \/>\n<meta property=\"og:type\" content=\"article\" \/>\n<meta property=\"og:title\" content=\"27 Mart D\u00fcnya Tiyatro G\u00fcn\u00fc \u201cTiyatro Haftas\u0131\u201d olarak kutlanacak - Kuzeyin Sesi\" \/>\n<meta property=\"og:description\" content=\"Ba\u015fbakan Yard\u0131mc\u0131l\u0131\u011f\u0131, Turizm, K\u00fclt\u00fcr, Gen\u00e7lik ve \u00c7evre Bakanl\u0131\u011f\u0131\u2019na ba\u011fl\u0131 K\u0131br\u0131s T\u00fcrk Devlet Tiyatrolar\u0131, her y\u0131l 27 Mart\u2019ta kutlanan D\u00fcnya Tiyatro G\u00fcn\u00fc\u2019n\u00fc bu y\u0131l \u201cTiyatro Haftas\u0131\u201d olarak kutlayacak. K\u0131br\u0131s T\u00fcrk Devlet Tiyatrolar\u0131\u2019ndan yap\u0131lan a\u00e7\u0131klamaya g\u00f6re, hafta boyunca, sezon i\u00e7erisinde sahnelenen t\u00fcm oyunlar, farkl\u0131 mekanlarda halkla \u00fccretsiz olarak bulu\u015fturulacak. K\u0131br\u0131s T\u00fcrk Devlet Tiyatrolar\u0131 M\u00fcd\u00fcr\u00fc Naz\u0131m Ced, Tiyatro [&hellip;]\" \/>\n<meta property=\"og:url\" content=\"https:\/\/kuzeyinsesi.org\/index.php\/2025\/03\/20\/27-mart-dunya-tiyatro-gunu-tiyatro-haftasi-olarak-kutlanacak\/\" \/>\n<meta property=\"og:site_name\" content=\"Kuzeyin Sesi\" \/>\n<meta property=\"article:publisher\" content=\"https:\/\/www.facebook.com\/kuzeyinsesii\" \/>\n<meta property=\"article:published_time\" content=\"2025-03-20T14:51:00+00:00\" \/>\n<meta property=\"og:image\" content=\"https:\/\/brtk.net\/wp-content\/uploads\/2025\/03\/20\/98098.jpg?ver=5f4bf1675b40f6ba832bd4df59ec020b\" \/>\n<meta name=\"author\" content=\"Kuzeyin Sesi\" \/>\n<meta name=\"twitter:card\" content=\"summary_large_image\" \/>\n<meta name=\"twitter:creator\" content=\"@kuzeyinsesii\" \/>\n<meta name=\"twitter:site\" content=\"@kuzeyinsesii\" \/>\n<meta name=\"twitter:label1\" content=\"Yazan:\" \/>\n\t<meta name=\"twitter:data1\" content=\"Kuzeyin Sesi\" \/>\n\t<meta name=\"twitter:label2\" content=\"Tahmini okuma s\u00fcresi\" \/>\n\t<meta name=\"twitter:data2\" content=\"1 dakika\" \/>\n<script type=\"application\/ld+json\" class=\"yoast-schema-graph\">{\"@context\":\"https:\\\/\\\/schema.org\",\"@graph\":[{\"@type\":\"Article\",\"@id\":\"https:\\\/\\\/kuzeyinsesi.org\\\/index.php\\\/2025\\\/03\\\/20\\\/27-mart-dunya-tiyatro-gunu-tiyatro-haftasi-olarak-kutlanacak\\\/#article\",\"isPartOf\":{\"@id\":\"https:\\\/\\\/kuzeyinsesi.org\\\/index.php\\\/2025\\\/03\\\/20\\\/27-mart-dunya-tiyatro-gunu-tiyatro-haftasi-olarak-kutlanacak\\\/\"},\"author\":{\"name\":\"Kuzeyin Sesi\",\"@id\":\"https:\\\/\\\/kuzeyinsesi.org\\\/#\\\/schema\\\/person\\\/9f859689cdf01485597712386e37f5aa\"},\"headline\":\"27 Mart D\u00fcnya Tiyatro G\u00fcn\u00fc \u201cTiyatro Haftas\u0131\u201d olarak kutlanacak\",\"datePublished\":\"2025-03-20T14:51:00+00:00\",\"mainEntityOfPage\":{\"@id\":\"https:\\\/\\\/kuzeyinsesi.org\\\/index.php\\\/2025\\\/03\\\/20\\\/27-mart-dunya-tiyatro-gunu-tiyatro-haftasi-olarak-kutlanacak\\\/\"},\"wordCount\":299,\"commentCount\":0,\"image\":{\"@id\":\"https:\\\/\\\/kuzeyinsesi.org\\\/index.php\\\/2025\\\/03\\\/20\\\/27-mart-dunya-tiyatro-gunu-tiyatro-haftasi-olarak-kutlanacak\\\/#primaryimage\"},\"thumbnailUrl\":\"https:\\\/\\\/kuzeyinsesi.org\\\/wp-content\\\/uploads\\\/2025\\\/03\\\/98098.jpg\",\"articleSection\":[\"Ya\u015fam\"],\"inLanguage\":\"tr\",\"potentialAction\":[{\"@type\":\"CommentAction\",\"name\":\"Comment\",\"target\":[\"https:\\\/\\\/kuzeyinsesi.org\\\/index.php\\\/2025\\\/03\\\/20\\\/27-mart-dunya-tiyatro-gunu-tiyatro-haftasi-olarak-kutlanacak\\\/#respond\"]}]},{\"@type\":\"WebPage\",\"@id\":\"https:\\\/\\\/kuzeyinsesi.org\\\/index.php\\\/2025\\\/03\\\/20\\\/27-mart-dunya-tiyatro-gunu-tiyatro-haftasi-olarak-kutlanacak\\\/\",\"url\":\"https:\\\/\\\/kuzeyinsesi.org\\\/index.php\\\/2025\\\/03\\\/20\\\/27-mart-dunya-tiyatro-gunu-tiyatro-haftasi-olarak-kutlanacak\\\/\",\"name\":\"27 Mart D\u00fcnya Tiyatro G\u00fcn\u00fc \u201cTiyatro Haftas\u0131\u201d olarak kutlanacak - Kuzeyin Sesi\",\"isPartOf\":{\"@id\":\"https:\\\/\\\/kuzeyinsesi.org\\\/#website\"},\"primaryImageOfPage\":{\"@id\":\"https:\\\/\\\/kuzeyinsesi.org\\\/index.php\\\/2025\\\/03\\\/20\\\/27-mart-dunya-tiyatro-gunu-tiyatro-haftasi-olarak-kutlanacak\\\/#primaryimage\"},\"image\":{\"@id\":\"https:\\\/\\\/kuzeyinsesi.org\\\/index.php\\\/2025\\\/03\\\/20\\\/27-mart-dunya-tiyatro-gunu-tiyatro-haftasi-olarak-kutlanacak\\\/#primaryimage\"},\"thumbnailUrl\":\"https:\\\/\\\/kuzeyinsesi.org\\\/wp-content\\\/uploads\\\/2025\\\/03\\\/98098.jpg\",\"datePublished\":\"2025-03-20T14:51:00+00:00\",\"author\":{\"@id\":\"https:\\\/\\\/kuzeyinsesi.org\\\/#\\\/schema\\\/person\\\/9f859689cdf01485597712386e37f5aa\"},\"breadcrumb\":{\"@id\":\"https:\\\/\\\/kuzeyinsesi.org\\\/index.php\\\/2025\\\/03\\\/20\\\/27-mart-dunya-tiyatro-gunu-tiyatro-haftasi-olarak-kutlanacak\\\/#breadcrumb\"},\"inLanguage\":\"tr\",\"potentialAction\":[{\"@type\":\"ReadAction\",\"target\":[\"https:\\\/\\\/kuzeyinsesi.org\\\/index.php\\\/2025\\\/03\\\/20\\\/27-mart-dunya-tiyatro-gunu-tiyatro-haftasi-olarak-kutlanacak\\\/\"]}]},{\"@type\":\"ImageObject\",\"inLanguage\":\"tr\",\"@id\":\"https:\\\/\\\/kuzeyinsesi.org\\\/index.php\\\/2025\\\/03\\\/20\\\/27-mart-dunya-tiyatro-gunu-tiyatro-haftasi-olarak-kutlanacak\\\/#primaryimage\",\"url\":\"https:\\\/\\\/kuzeyinsesi.org\\\/wp-content\\\/uploads\\\/2025\\\/03\\\/98098.jpg\",\"contentUrl\":\"https:\\\/\\\/kuzeyinsesi.org\\\/wp-content\\\/uploads\\\/2025\\\/03\\\/98098.jpg\",\"width\":1440,\"height\":1440},{\"@type\":\"BreadcrumbList\",\"@id\":\"https:\\\/\\\/kuzeyinsesi.org\\\/index.php\\\/2025\\\/03\\\/20\\\/27-mart-dunya-tiyatro-gunu-tiyatro-haftasi-olarak-kutlanacak\\\/#breadcrumb\",\"itemListElement\":[{\"@type\":\"ListItem\",\"position\":1,\"name\":\"Anasayfa\",\"item\":\"https:\\\/\\\/kuzeyinsesi.org\\\/\"},{\"@type\":\"ListItem\",\"position\":2,\"name\":\"27 Mart D\u00fcnya Tiyatro G\u00fcn\u00fc \u201cTiyatro Haftas\u0131\u201d olarak kutlanacak\"}]},{\"@type\":\"WebSite\",\"@id\":\"https:\\\/\\\/kuzeyinsesi.org\\\/#website\",\"url\":\"https:\\\/\\\/kuzeyinsesi.org\\\/\",\"name\":\"Kuzeyin Sesi\",\"description\":\"Do\u011fru Haberin Adresi\",\"potentialAction\":[{\"@type\":\"SearchAction\",\"target\":{\"@type\":\"EntryPoint\",\"urlTemplate\":\"https:\\\/\\\/kuzeyinsesi.org\\\/?s={search_term_string}\"},\"query-input\":{\"@type\":\"PropertyValueSpecification\",\"valueRequired\":true,\"valueName\":\"search_term_string\"}}],\"inLanguage\":\"tr\"},{\"@type\":\"Person\",\"@id\":\"https:\\\/\\\/kuzeyinsesi.org\\\/#\\\/schema\\\/person\\\/9f859689cdf01485597712386e37f5aa\",\"name\":\"Kuzeyin Sesi\",\"image\":{\"@type\":\"ImageObject\",\"inLanguage\":\"tr\",\"@id\":\"https:\\\/\\\/secure.gravatar.com\\\/avatar\\\/bab33852abfd8b282518d6ed81826833d77c3c882d9ab608add591ccace47a44?s=96&d=mm&r=g\",\"url\":\"https:\\\/\\\/secure.gravatar.com\\\/avatar\\\/bab33852abfd8b282518d6ed81826833d77c3c882d9ab608add591ccace47a44?s=96&d=mm&r=g\",\"contentUrl\":\"https:\\\/\\\/secure.gravatar.com\\\/avatar\\\/bab33852abfd8b282518d6ed81826833d77c3c882d9ab608add591ccace47a44?s=96&d=mm&r=g\",\"caption\":\"Kuzeyin Sesi\"},\"sameAs\":[\"https:\\\/\\\/kuzeyinsesi.org\"],\"url\":\"https:\\\/\\\/kuzeyinsesi.org\\\/index.php\\\/author\\\/guven\\\/\"}]}<\/script>\n<!-- \/ Yoast SEO plugin. -->","yoast_head_json":{"title":"27 Mart D\u00fcnya Tiyatro G\u00fcn\u00fc \u201cTiyatro Haftas\u0131\u201d olarak kutlanacak - Kuzeyin Sesi","robots":{"index":"index","follow":"follow","max-snippet":"max-snippet:-1","max-image-preview":"max-image-preview:large","max-video-preview":"max-video-preview:-1"},"canonical":"https:\/\/kuzeyinsesi.org\/index.php\/2025\/03\/20\/27-mart-dunya-tiyatro-gunu-tiyatro-haftasi-olarak-kutlanacak\/","og_locale":"tr_TR","og_type":"article","og_title":"27 Mart D\u00fcnya Tiyatro G\u00fcn\u00fc \u201cTiyatro Haftas\u0131\u201d olarak kutlanacak - Kuzeyin Sesi","og_description":"Ba\u015fbakan Yard\u0131mc\u0131l\u0131\u011f\u0131, Turizm, K\u00fclt\u00fcr, Gen\u00e7lik ve \u00c7evre Bakanl\u0131\u011f\u0131\u2019na ba\u011fl\u0131 K\u0131br\u0131s T\u00fcrk Devlet Tiyatrolar\u0131, her y\u0131l 27 Mart\u2019ta kutlanan D\u00fcnya Tiyatro G\u00fcn\u00fc\u2019n\u00fc bu y\u0131l \u201cTiyatro Haftas\u0131\u201d olarak kutlayacak. K\u0131br\u0131s T\u00fcrk Devlet Tiyatrolar\u0131\u2019ndan yap\u0131lan a\u00e7\u0131klamaya g\u00f6re, hafta boyunca, sezon i\u00e7erisinde sahnelenen t\u00fcm oyunlar, farkl\u0131 mekanlarda halkla \u00fccretsiz olarak bulu\u015fturulacak. K\u0131br\u0131s T\u00fcrk Devlet Tiyatrolar\u0131 M\u00fcd\u00fcr\u00fc Naz\u0131m Ced, Tiyatro [&hellip;]","og_url":"https:\/\/kuzeyinsesi.org\/index.php\/2025\/03\/20\/27-mart-dunya-tiyatro-gunu-tiyatro-haftasi-olarak-kutlanacak\/","og_site_name":"Kuzeyin Sesi","article_publisher":"https:\/\/www.facebook.com\/kuzeyinsesii","article_published_time":"2025-03-20T14:51:00+00:00","og_image":[{"url":"https:\/\/brtk.net\/wp-content\/uploads\/2025\/03\/20\/98098.jpg?ver=5f4bf1675b40f6ba832bd4df59ec020b","type":"","width":"","height":""}],"author":"Kuzeyin Sesi","twitter_card":"summary_large_image","twitter_creator":"@kuzeyinsesii","twitter_site":"@kuzeyinsesii","twitter_misc":{"Yazan:":"Kuzeyin Sesi","Tahmini okuma s\u00fcresi":"1 dakika"},"schema":{"@context":"https:\/\/schema.org","@graph":[{"@type":"Article","@id":"https:\/\/kuzeyinsesi.org\/index.php\/2025\/03\/20\/27-mart-dunya-tiyatro-gunu-tiyatro-haftasi-olarak-kutlanacak\/#article","isPartOf":{"@id":"https:\/\/kuzeyinsesi.org\/index.php\/2025\/03\/20\/27-mart-dunya-tiyatro-gunu-tiyatro-haftasi-olarak-kutlanacak\/"},"author":{"name":"Kuzeyin Sesi","@id":"https:\/\/kuzeyinsesi.org\/#\/schema\/person\/9f859689cdf01485597712386e37f5aa"},"headline":"27 Mart D\u00fcnya Tiyatro G\u00fcn\u00fc \u201cTiyatro Haftas\u0131\u201d olarak kutlanacak","datePublished":"2025-03-20T14:51:00+00:00","mainEntityOfPage":{"@id":"https:\/\/kuzeyinsesi.org\/index.php\/2025\/03\/20\/27-mart-dunya-tiyatro-gunu-tiyatro-haftasi-olarak-kutlanacak\/"},"wordCount":299,"commentCount":0,"image":{"@id":"https:\/\/kuzeyinsesi.org\/index.php\/2025\/03\/20\/27-mart-dunya-tiyatro-gunu-tiyatro-haftasi-olarak-kutlanacak\/#primaryimage"},"thumbnailUrl":"https:\/\/kuzeyinsesi.org\/wp-content\/uploads\/2025\/03\/98098.jpg","articleSection":["Ya\u015fam"],"inLanguage":"tr","potentialAction":[{"@type":"CommentAction","name":"Comment","target":["https:\/\/kuzeyinsesi.org\/index.php\/2025\/03\/20\/27-mart-dunya-tiyatro-gunu-tiyatro-haftasi-olarak-kutlanacak\/#respond"]}]},{"@type":"WebPage","@id":"https:\/\/kuzeyinsesi.org\/index.php\/2025\/03\/20\/27-mart-dunya-tiyatro-gunu-tiyatro-haftasi-olarak-kutlanacak\/","url":"https:\/\/kuzeyinsesi.org\/index.php\/2025\/03\/20\/27-mart-dunya-tiyatro-gunu-tiyatro-haftasi-olarak-kutlanacak\/","name":"27 Mart D\u00fcnya Tiyatro G\u00fcn\u00fc \u201cTiyatro Haftas\u0131\u201d olarak kutlanacak - Kuzeyin Sesi","isPartOf":{"@id":"https:\/\/kuzeyinsesi.org\/#website"},"primaryImageOfPage":{"@id":"https:\/\/kuzeyinsesi.org\/index.php\/2025\/03\/20\/27-mart-dunya-tiyatro-gunu-tiyatro-haftasi-olarak-kutlanacak\/#primaryimage"},"image":{"@id":"https:\/\/kuzeyinsesi.org\/index.php\/2025\/03\/20\/27-mart-dunya-tiyatro-gunu-tiyatro-haftasi-olarak-kutlanacak\/#primaryimage"},"thumbnailUrl":"https:\/\/kuzeyinsesi.org\/wp-content\/uploads\/2025\/03\/98098.jpg","datePublished":"2025-03-20T14:51:00+00:00","author":{"@id":"https:\/\/kuzeyinsesi.org\/#\/schema\/person\/9f859689cdf01485597712386e37f5aa"},"breadcrumb":{"@id":"https:\/\/kuzeyinsesi.org\/index.php\/2025\/03\/20\/27-mart-dunya-tiyatro-gunu-tiyatro-haftasi-olarak-kutlanacak\/#breadcrumb"},"inLanguage":"tr","potentialAction":[{"@type":"ReadAction","target":["https:\/\/kuzeyinsesi.org\/index.php\/2025\/03\/20\/27-mart-dunya-tiyatro-gunu-tiyatro-haftasi-olarak-kutlanacak\/"]}]},{"@type":"ImageObject","inLanguage":"tr","@id":"https:\/\/kuzeyinsesi.org\/index.php\/2025\/03\/20\/27-mart-dunya-tiyatro-gunu-tiyatro-haftasi-olarak-kutlanacak\/#primaryimage","url":"https:\/\/kuzeyinsesi.org\/wp-content\/uploads\/2025\/03\/98098.jpg","contentUrl":"https:\/\/kuzeyinsesi.org\/wp-content\/uploads\/2025\/03\/98098.jpg","width":1440,"height":1440},{"@type":"BreadcrumbList","@id":"https:\/\/kuzeyinsesi.org\/index.php\/2025\/03\/20\/27-mart-dunya-tiyatro-gunu-tiyatro-haftasi-olarak-kutlanacak\/#breadcrumb","itemListElement":[{"@type":"ListItem","position":1,"name":"Anasayfa","item":"https:\/\/kuzeyinsesi.org\/"},{"@type":"ListItem","position":2,"name":"27 Mart D\u00fcnya Tiyatro G\u00fcn\u00fc \u201cTiyatro Haftas\u0131\u201d olarak kutlanacak"}]},{"@type":"WebSite","@id":"https:\/\/kuzeyinsesi.org\/#website","url":"https:\/\/kuzeyinsesi.org\/","name":"Kuzeyin Sesi","description":"Do\u011fru Haberin Adresi","potentialAction":[{"@type":"SearchAction","target":{"@type":"EntryPoint","urlTemplate":"https:\/\/kuzeyinsesi.org\/?s={search_term_string}"},"query-input":{"@type":"PropertyValueSpecification","valueRequired":true,"valueName":"search_term_string"}}],"inLanguage":"tr"},{"@type":"Person","@id":"https:\/\/kuzeyinsesi.org\/#\/schema\/person\/9f859689cdf01485597712386e37f5aa","name":"Kuzeyin Sesi","image":{"@type":"ImageObject","inLanguage":"tr","@id":"https:\/\/secure.gravatar.com\/avatar\/bab33852abfd8b282518d6ed81826833d77c3c882d9ab608add591ccace47a44?s=96&d=mm&r=g","url":"https:\/\/secure.gravatar.com\/avatar\/bab33852abfd8b282518d6ed81826833d77c3c882d9ab608add591ccace47a44?s=96&d=mm&r=g","contentUrl":"https:\/\/secure.gravatar.com\/avatar\/bab33852abfd8b282518d6ed81826833d77c3c882d9ab608add591ccace47a44?s=96&d=mm&r=g","caption":"Kuzeyin Sesi"},"sameAs":["https:\/\/kuzeyinsesi.org"],"url":"https:\/\/kuzeyinsesi.org\/index.php\/author\/guven\/"}]}},"_links":{"self":[{"href":"https:\/\/kuzeyinsesi.org\/index.php\/wp-json\/wp\/v2\/posts\/21390","targetHints":{"allow":["GET"]}}],"collection":[{"href":"https:\/\/kuzeyinsesi.org\/index.php\/wp-json\/wp\/v2\/posts"}],"about":[{"href":"https:\/\/kuzeyinsesi.org\/index.php\/wp-json\/wp\/v2\/types\/post"}],"author":[{"embeddable":true,"href":"https:\/\/kuzeyinsesi.org\/index.php\/wp-json\/wp\/v2\/users\/1"}],"replies":[{"embeddable":true,"href":"https:\/\/kuzeyinsesi.org\/index.php\/wp-json\/wp\/v2\/comments?post=21390"}],"version-history":[{"count":0,"href":"https:\/\/kuzeyinsesi.org\/index.php\/wp-json\/wp\/v2\/posts\/21390\/revisions"}],"wp:featuredmedia":[{"embeddable":true,"href":"https:\/\/kuzeyinsesi.org\/index.php\/wp-json\/wp\/v2\/media\/21391"}],"wp:attachment":[{"href":"https:\/\/kuzeyinsesi.org\/index.php\/wp-json\/wp\/v2\/media?parent=21390"}],"wp:term":[{"taxonomy":"category","embeddable":true,"href":"https:\/\/kuzeyinsesi.org\/index.php\/wp-json\/wp\/v2\/categories?post=21390"},{"taxonomy":"post_tag","embeddable":true,"href":"https:\/\/kuzeyinsesi.org\/index.php\/wp-json\/wp\/v2\/tags?post=21390"}],"curies":[{"name":"wp","href":"https:\/\/api.w.org\/{rel}","templated":true}]}}