{"id":21386,"date":"2025-03-20T15:49:32","date_gmt":"2025-03-20T13:49:32","guid":{"rendered":"https:\/\/kuzeyinsesi.org\/index.php\/2025\/03\/20\/reva-biraktim-iste-ile-muzikal-ifade-ozgurlugune-yeni-bir-yon-veriyor\/"},"modified":"2025-03-20T15:49:32","modified_gmt":"2025-03-20T13:49:32","slug":"reva-biraktim-iste-ile-muzikal-ifade-ozgurlugune-yeni-bir-yon-veriyor","status":"publish","type":"post","link":"https:\/\/kuzeyinsesi.org\/index.php\/2025\/03\/20\/reva-biraktim-iste-ile-muzikal-ifade-ozgurlugune-yeni-bir-yon-veriyor\/","title":{"rendered":"Reva, \u2018\u2019B\u0131rakt\u0131m \u0130\u015fte\u2019\u2019 ile m\u00fczikal ifade \u00f6zg\u00fcrl\u00fc\u011f\u00fcne yeni bir y\u00f6n veriyor"},"content":{"rendered":"<div>\n<div class=\"mariselle-image-container center\">\n                                            <\/div>\n<p>K\u0131br\u0131s\u2019\u0131n gen\u00e7 ve dinamik alternatif pop-rock sahnesinin en g\u00fc\u00e7l\u00fc temsilcilerinden biri haline gelen REVA\u2019n\u0131n yeni \u015fark\u0131lar\u0131 \u201cB\u0131rakt\u0131m \u0130\u015fte\u201d yay\u0131nlad\u0131. 2019\u2019da kuruldu\u011fundan bu yana sahip oldu\u011fu enerjik performanslar\u0131 ve \u00f6zg\u00fcn \u015fark\u0131 s\u00f6zleriyle dinleyicilerinin kalbini kazanan grup, \u00fc\u00e7 y\u0131l aradan sonra yay\u0131mlad\u0131klar\u0131 \u201cB\u0131rakt\u0131m \u0130\u015fte\u201d ile farkl\u0131 bir y\u00f6nlerini sergiliyorlar. Elektronik dokunu\u015flarla harmanlanm\u0131\u015f \u015fark\u0131, grubun bug\u00fcne kadar olu\u015fturduklar\u0131 klasik soundlar\u0131n\u0131n d\u0131\u015f\u0131na \u00e7\u0131karak yeni bir ke\u015ffe ad\u0131m at\u0131yor. Grubun i\u00e7sel bir yolculu\u011fu anlatt\u0131\u011f\u0131 \u015fark\u0131da, yaln\u0131zl\u0131k ve kabulleni\u015f temalar\u0131 derinlemesine i\u015fleniyor. <\/p>\n<p>S\u00f6z ve m\u00fczi\u011fi Ahmet Tanur Ball\u0131\u2019ya, aranjesi ise REVA ve Erk Eminday\u0131\u2019ya ait olan \u201cB\u0131rakt\u0131m \u0130\u015fte\u201d adl\u0131 yeni tekli, REVA grubunun m\u00fczikal evriminde \u00f6nemli bir d\u00f6n\u00fcm noktas\u0131 olacak..<\/p>\n<p>\u201cB\u0131rakt\u0131m \u0130\u015fte\u201d, \u015fark\u0131 s\u00f6zlerinin derinli\u011fi ve melodisinin etkileyicili\u011fiyle, REVA\u2019n\u0131n her zaman oldu\u011fu gibi samimi bir bi\u00e7imde kendini ifade etme arzusunun bir sonucu. Bu par\u00e7a, yeni alb\u00fcm\u00fcn kap\u0131s\u0131n\u0131 aralarken, dinleyicileriyle bulu\u015fmaya haz\u0131r olan REVA, konser ve alb\u00fcm \u00e7al\u0131\u015fmalar\u0131na da h\u0131z kesmeden devam ediyor.<\/p>\n<p>K\u0131br\u0131s\u2019\u0131n gen\u00e7 ve dinamik alternatif pop-rock sahnesinin en g\u00fc\u00e7l\u00fc temsilcilerinden biri haline gelen REVA, 2019\u2019da kuruldu\u011fundan bu yana sahip oldu\u011fu enerjik performanslar\u0131 ve \u00f6zg\u00fcn \u015fark\u0131 s\u00f6zleriyle dinleyicilerinin kalbini kazand\u0131. \u201cAvare\u201d ve \u201cHayra Alamet\u201d gibi KKTC radyolar\u0131n\u0131n en \u00e7ok \u00e7al\u0131nan hitlerine imza atan grup, yaln\u0131zca m\u00fczi\u011fiyle de\u011fil, g\u00fc\u00e7l\u00fc sahne enerjisiyle de dikkat \u00e7ekiyor.<\/p>\n<p>Bug\u00fcne dek bir\u00e7ok kez \u201cY\u0131l\u0131n M\u00fczik Grubu\u201d \u00f6d\u00fcl\u00fcn\u00fc kazanan REVA, H\u00fcseyin Kasap (vokal ve gitar), Ya\u015far K\u0131z\u0131ltan (gitar ve klavye), Ahmet Tanur Ball\u0131 (bas gitar) ve Batu Karabibero\u011flu\u2019ndan (davul) olu\u015fan kadrosuyla sesini duyurmaya devam ediyor.    <\/p>\n<p>Bayrak Fm M\u00fczik Haber \u0130leti\u015fim:<br \/>[email\u00a0protected]<\/p>\n<\/p><\/div>\n<p><script async\n                    defer\n                    crossorigin=\"anonymous\"\n                    src=\"https:\/\/connect.facebook.net\/tr_TR\/sdk.js#xfbml=1&#038;version=v3.3\"\n            ><\/script><\/p>\n","protected":false},"excerpt":{"rendered":"<p>K\u0131br\u0131s\u2019\u0131n gen\u00e7 ve dinamik alternatif pop-rock sahnesinin en g\u00fc\u00e7l\u00fc temsilcilerinden biri haline gelen REVA\u2019n\u0131n yeni \u015fark\u0131lar\u0131 \u201cB\u0131rakt\u0131m \u0130\u015fte\u201d yay\u0131nlad\u0131. 2019\u2019da kuruldu\u011fundan bu yana sahip oldu\u011fu enerjik performanslar\u0131 ve \u00f6zg\u00fcn \u015fark\u0131 s\u00f6zleriyle dinleyicilerinin kalbini kazanan grup, \u00fc\u00e7 y\u0131l aradan sonra yay\u0131mlad\u0131klar\u0131 \u201cB\u0131rakt\u0131m \u0130\u015fte\u201d ile farkl\u0131 bir y\u00f6nlerini sergiliyorlar. Elektronik dokunu\u015flarla harmanlanm\u0131\u015f \u015fark\u0131, grubun bug\u00fcne kadar olu\u015fturduklar\u0131 [&hellip;]<\/p>\n","protected":false},"author":1,"featured_media":21387,"comment_status":"open","ping_status":"open","sticky":false,"template":"","format":"standard","meta":{"jnews-multi-image_gallery":[],"jnews_single_post":[],"jnews_primary_category":[],"jnews_social_meta":[],"jnews_override_counter":[],"footnotes":""},"categories":[6],"tags":[],"class_list":["post-21386","post","type-post","status-publish","format-standard","has-post-thumbnail","hentry","category-yasam"],"yoast_head":"<!-- This site is optimized with the Yoast SEO plugin v27.4 - https:\/\/yoast.com\/product\/yoast-seo-wordpress\/ -->\n<title>Reva, \u2018\u2019B\u0131rakt\u0131m \u0130\u015fte\u2019\u2019 ile m\u00fczikal ifade \u00f6zg\u00fcrl\u00fc\u011f\u00fcne yeni bir y\u00f6n veriyor - Kuzeyin Sesi<\/title>\n<meta name=\"robots\" content=\"index, follow, max-snippet:-1, max-image-preview:large, max-video-preview:-1\" \/>\n<link rel=\"canonical\" href=\"https:\/\/kuzeyinsesi.org\/index.php\/2025\/03\/20\/reva-biraktim-iste-ile-muzikal-ifade-ozgurlugune-yeni-bir-yon-veriyor\/\" \/>\n<meta property=\"og:locale\" content=\"tr_TR\" \/>\n<meta property=\"og:type\" content=\"article\" \/>\n<meta property=\"og:title\" content=\"Reva, \u2018\u2019B\u0131rakt\u0131m \u0130\u015fte\u2019\u2019 ile m\u00fczikal ifade \u00f6zg\u00fcrl\u00fc\u011f\u00fcne yeni bir y\u00f6n veriyor - Kuzeyin Sesi\" \/>\n<meta property=\"og:description\" content=\"K\u0131br\u0131s\u2019\u0131n gen\u00e7 ve dinamik alternatif pop-rock sahnesinin en g\u00fc\u00e7l\u00fc temsilcilerinden biri haline gelen REVA\u2019n\u0131n yeni \u015fark\u0131lar\u0131 \u201cB\u0131rakt\u0131m \u0130\u015fte\u201d yay\u0131nlad\u0131. 2019\u2019da kuruldu\u011fundan bu yana sahip oldu\u011fu enerjik performanslar\u0131 ve \u00f6zg\u00fcn \u015fark\u0131 s\u00f6zleriyle dinleyicilerinin kalbini kazanan grup, \u00fc\u00e7 y\u0131l aradan sonra yay\u0131mlad\u0131klar\u0131 \u201cB\u0131rakt\u0131m \u0130\u015fte\u201d ile farkl\u0131 bir y\u00f6nlerini sergiliyorlar. Elektronik dokunu\u015flarla harmanlanm\u0131\u015f \u015fark\u0131, grubun bug\u00fcne kadar olu\u015fturduklar\u0131 [&hellip;]\" \/>\n<meta property=\"og:url\" content=\"https:\/\/kuzeyinsesi.org\/index.php\/2025\/03\/20\/reva-biraktim-iste-ile-muzikal-ifade-ozgurlugune-yeni-bir-yon-veriyor\/\" \/>\n<meta property=\"og:site_name\" content=\"Kuzeyin Sesi\" \/>\n<meta property=\"article:publisher\" content=\"https:\/\/www.facebook.com\/kuzeyinsesii\" \/>\n<meta property=\"article:published_time\" content=\"2025-03-20T13:49:32+00:00\" \/>\n<meta property=\"og:image\" content=\"https:\/\/brtk.net\/wp-content\/uploads\/2025\/03\/20\/bkj.jpg?ver=0cc008a318564b31d72816ad7866864e\" \/>\n<meta name=\"author\" content=\"Kuzeyin Sesi\" \/>\n<meta name=\"twitter:card\" content=\"summary_large_image\" \/>\n<meta name=\"twitter:creator\" content=\"@kuzeyinsesii\" \/>\n<meta name=\"twitter:site\" content=\"@kuzeyinsesii\" \/>\n<meta name=\"twitter:label1\" content=\"Yazan:\" \/>\n\t<meta name=\"twitter:data1\" content=\"Kuzeyin Sesi\" \/>\n\t<meta name=\"twitter:label2\" content=\"Tahmini okuma s\u00fcresi\" \/>\n\t<meta name=\"twitter:data2\" content=\"2 dakika\" \/>\n<script type=\"application\/ld+json\" class=\"yoast-schema-graph\">{\"@context\":\"https:\\\/\\\/schema.org\",\"@graph\":[{\"@type\":\"Article\",\"@id\":\"https:\\\/\\\/kuzeyinsesi.org\\\/index.php\\\/2025\\\/03\\\/20\\\/reva-biraktim-iste-ile-muzikal-ifade-ozgurlugune-yeni-bir-yon-veriyor\\\/#article\",\"isPartOf\":{\"@id\":\"https:\\\/\\\/kuzeyinsesi.org\\\/index.php\\\/2025\\\/03\\\/20\\\/reva-biraktim-iste-ile-muzikal-ifade-ozgurlugune-yeni-bir-yon-veriyor\\\/\"},\"author\":{\"name\":\"Kuzeyin Sesi\",\"@id\":\"https:\\\/\\\/kuzeyinsesi.org\\\/#\\\/schema\\\/person\\\/9f859689cdf01485597712386e37f5aa\"},\"headline\":\"Reva, \u2018\u2019B\u0131rakt\u0131m \u0130\u015fte\u2019\u2019 ile m\u00fczikal ifade \u00f6zg\u00fcrl\u00fc\u011f\u00fcne yeni bir y\u00f6n veriyor\",\"datePublished\":\"2025-03-20T13:49:32+00:00\",\"mainEntityOfPage\":{\"@id\":\"https:\\\/\\\/kuzeyinsesi.org\\\/index.php\\\/2025\\\/03\\\/20\\\/reva-biraktim-iste-ile-muzikal-ifade-ozgurlugune-yeni-bir-yon-veriyor\\\/\"},\"wordCount\":353,\"commentCount\":0,\"image\":{\"@id\":\"https:\\\/\\\/kuzeyinsesi.org\\\/index.php\\\/2025\\\/03\\\/20\\\/reva-biraktim-iste-ile-muzikal-ifade-ozgurlugune-yeni-bir-yon-veriyor\\\/#primaryimage\"},\"thumbnailUrl\":\"https:\\\/\\\/kuzeyinsesi.org\\\/wp-content\\\/uploads\\\/2025\\\/03\\\/bkj.jpg\",\"articleSection\":[\"Ya\u015fam\"],\"inLanguage\":\"tr\",\"potentialAction\":[{\"@type\":\"CommentAction\",\"name\":\"Comment\",\"target\":[\"https:\\\/\\\/kuzeyinsesi.org\\\/index.php\\\/2025\\\/03\\\/20\\\/reva-biraktim-iste-ile-muzikal-ifade-ozgurlugune-yeni-bir-yon-veriyor\\\/#respond\"]}]},{\"@type\":\"WebPage\",\"@id\":\"https:\\\/\\\/kuzeyinsesi.org\\\/index.php\\\/2025\\\/03\\\/20\\\/reva-biraktim-iste-ile-muzikal-ifade-ozgurlugune-yeni-bir-yon-veriyor\\\/\",\"url\":\"https:\\\/\\\/kuzeyinsesi.org\\\/index.php\\\/2025\\\/03\\\/20\\\/reva-biraktim-iste-ile-muzikal-ifade-ozgurlugune-yeni-bir-yon-veriyor\\\/\",\"name\":\"Reva, \u2018\u2019B\u0131rakt\u0131m \u0130\u015fte\u2019\u2019 ile m\u00fczikal ifade \u00f6zg\u00fcrl\u00fc\u011f\u00fcne yeni bir y\u00f6n veriyor - Kuzeyin Sesi\",\"isPartOf\":{\"@id\":\"https:\\\/\\\/kuzeyinsesi.org\\\/#website\"},\"primaryImageOfPage\":{\"@id\":\"https:\\\/\\\/kuzeyinsesi.org\\\/index.php\\\/2025\\\/03\\\/20\\\/reva-biraktim-iste-ile-muzikal-ifade-ozgurlugune-yeni-bir-yon-veriyor\\\/#primaryimage\"},\"image\":{\"@id\":\"https:\\\/\\\/kuzeyinsesi.org\\\/index.php\\\/2025\\\/03\\\/20\\\/reva-biraktim-iste-ile-muzikal-ifade-ozgurlugune-yeni-bir-yon-veriyor\\\/#primaryimage\"},\"thumbnailUrl\":\"https:\\\/\\\/kuzeyinsesi.org\\\/wp-content\\\/uploads\\\/2025\\\/03\\\/bkj.jpg\",\"datePublished\":\"2025-03-20T13:49:32+00:00\",\"author\":{\"@id\":\"https:\\\/\\\/kuzeyinsesi.org\\\/#\\\/schema\\\/person\\\/9f859689cdf01485597712386e37f5aa\"},\"breadcrumb\":{\"@id\":\"https:\\\/\\\/kuzeyinsesi.org\\\/index.php\\\/2025\\\/03\\\/20\\\/reva-biraktim-iste-ile-muzikal-ifade-ozgurlugune-yeni-bir-yon-veriyor\\\/#breadcrumb\"},\"inLanguage\":\"tr\",\"potentialAction\":[{\"@type\":\"ReadAction\",\"target\":[\"https:\\\/\\\/kuzeyinsesi.org\\\/index.php\\\/2025\\\/03\\\/20\\\/reva-biraktim-iste-ile-muzikal-ifade-ozgurlugune-yeni-bir-yon-veriyor\\\/\"]}]},{\"@type\":\"ImageObject\",\"inLanguage\":\"tr\",\"@id\":\"https:\\\/\\\/kuzeyinsesi.org\\\/index.php\\\/2025\\\/03\\\/20\\\/reva-biraktim-iste-ile-muzikal-ifade-ozgurlugune-yeni-bir-yon-veriyor\\\/#primaryimage\",\"url\":\"https:\\\/\\\/kuzeyinsesi.org\\\/wp-content\\\/uploads\\\/2025\\\/03\\\/bkj.jpg\",\"contentUrl\":\"https:\\\/\\\/kuzeyinsesi.org\\\/wp-content\\\/uploads\\\/2025\\\/03\\\/bkj.jpg\",\"width\":956,\"height\":434},{\"@type\":\"BreadcrumbList\",\"@id\":\"https:\\\/\\\/kuzeyinsesi.org\\\/index.php\\\/2025\\\/03\\\/20\\\/reva-biraktim-iste-ile-muzikal-ifade-ozgurlugune-yeni-bir-yon-veriyor\\\/#breadcrumb\",\"itemListElement\":[{\"@type\":\"ListItem\",\"position\":1,\"name\":\"Anasayfa\",\"item\":\"https:\\\/\\\/kuzeyinsesi.org\\\/\"},{\"@type\":\"ListItem\",\"position\":2,\"name\":\"Reva, \u2018\u2019B\u0131rakt\u0131m \u0130\u015fte\u2019\u2019 ile m\u00fczikal ifade \u00f6zg\u00fcrl\u00fc\u011f\u00fcne yeni bir y\u00f6n veriyor\"}]},{\"@type\":\"WebSite\",\"@id\":\"https:\\\/\\\/kuzeyinsesi.org\\\/#website\",\"url\":\"https:\\\/\\\/kuzeyinsesi.org\\\/\",\"name\":\"Kuzeyin Sesi\",\"description\":\"Do\u011fru Haberin Adresi\",\"potentialAction\":[{\"@type\":\"SearchAction\",\"target\":{\"@type\":\"EntryPoint\",\"urlTemplate\":\"https:\\\/\\\/kuzeyinsesi.org\\\/?s={search_term_string}\"},\"query-input\":{\"@type\":\"PropertyValueSpecification\",\"valueRequired\":true,\"valueName\":\"search_term_string\"}}],\"inLanguage\":\"tr\"},{\"@type\":\"Person\",\"@id\":\"https:\\\/\\\/kuzeyinsesi.org\\\/#\\\/schema\\\/person\\\/9f859689cdf01485597712386e37f5aa\",\"name\":\"Kuzeyin Sesi\",\"image\":{\"@type\":\"ImageObject\",\"inLanguage\":\"tr\",\"@id\":\"https:\\\/\\\/secure.gravatar.com\\\/avatar\\\/bab33852abfd8b282518d6ed81826833d77c3c882d9ab608add591ccace47a44?s=96&d=mm&r=g\",\"url\":\"https:\\\/\\\/secure.gravatar.com\\\/avatar\\\/bab33852abfd8b282518d6ed81826833d77c3c882d9ab608add591ccace47a44?s=96&d=mm&r=g\",\"contentUrl\":\"https:\\\/\\\/secure.gravatar.com\\\/avatar\\\/bab33852abfd8b282518d6ed81826833d77c3c882d9ab608add591ccace47a44?s=96&d=mm&r=g\",\"caption\":\"Kuzeyin Sesi\"},\"sameAs\":[\"https:\\\/\\\/kuzeyinsesi.org\"],\"url\":\"https:\\\/\\\/kuzeyinsesi.org\\\/index.php\\\/author\\\/guven\\\/\"}]}<\/script>\n<!-- \/ Yoast SEO plugin. -->","yoast_head_json":{"title":"Reva, \u2018\u2019B\u0131rakt\u0131m \u0130\u015fte\u2019\u2019 ile m\u00fczikal ifade \u00f6zg\u00fcrl\u00fc\u011f\u00fcne yeni bir y\u00f6n veriyor - Kuzeyin Sesi","robots":{"index":"index","follow":"follow","max-snippet":"max-snippet:-1","max-image-preview":"max-image-preview:large","max-video-preview":"max-video-preview:-1"},"canonical":"https:\/\/kuzeyinsesi.org\/index.php\/2025\/03\/20\/reva-biraktim-iste-ile-muzikal-ifade-ozgurlugune-yeni-bir-yon-veriyor\/","og_locale":"tr_TR","og_type":"article","og_title":"Reva, \u2018\u2019B\u0131rakt\u0131m \u0130\u015fte\u2019\u2019 ile m\u00fczikal ifade \u00f6zg\u00fcrl\u00fc\u011f\u00fcne yeni bir y\u00f6n veriyor - Kuzeyin Sesi","og_description":"K\u0131br\u0131s\u2019\u0131n gen\u00e7 ve dinamik alternatif pop-rock sahnesinin en g\u00fc\u00e7l\u00fc temsilcilerinden biri haline gelen REVA\u2019n\u0131n yeni \u015fark\u0131lar\u0131 \u201cB\u0131rakt\u0131m \u0130\u015fte\u201d yay\u0131nlad\u0131. 2019\u2019da kuruldu\u011fundan bu yana sahip oldu\u011fu enerjik performanslar\u0131 ve \u00f6zg\u00fcn \u015fark\u0131 s\u00f6zleriyle dinleyicilerinin kalbini kazanan grup, \u00fc\u00e7 y\u0131l aradan sonra yay\u0131mlad\u0131klar\u0131 \u201cB\u0131rakt\u0131m \u0130\u015fte\u201d ile farkl\u0131 bir y\u00f6nlerini sergiliyorlar. Elektronik dokunu\u015flarla harmanlanm\u0131\u015f \u015fark\u0131, grubun bug\u00fcne kadar olu\u015fturduklar\u0131 [&hellip;]","og_url":"https:\/\/kuzeyinsesi.org\/index.php\/2025\/03\/20\/reva-biraktim-iste-ile-muzikal-ifade-ozgurlugune-yeni-bir-yon-veriyor\/","og_site_name":"Kuzeyin Sesi","article_publisher":"https:\/\/www.facebook.com\/kuzeyinsesii","article_published_time":"2025-03-20T13:49:32+00:00","og_image":[{"url":"https:\/\/brtk.net\/wp-content\/uploads\/2025\/03\/20\/bkj.jpg?ver=0cc008a318564b31d72816ad7866864e","type":"","width":"","height":""}],"author":"Kuzeyin Sesi","twitter_card":"summary_large_image","twitter_creator":"@kuzeyinsesii","twitter_site":"@kuzeyinsesii","twitter_misc":{"Yazan:":"Kuzeyin Sesi","Tahmini okuma s\u00fcresi":"2 dakika"},"schema":{"@context":"https:\/\/schema.org","@graph":[{"@type":"Article","@id":"https:\/\/kuzeyinsesi.org\/index.php\/2025\/03\/20\/reva-biraktim-iste-ile-muzikal-ifade-ozgurlugune-yeni-bir-yon-veriyor\/#article","isPartOf":{"@id":"https:\/\/kuzeyinsesi.org\/index.php\/2025\/03\/20\/reva-biraktim-iste-ile-muzikal-ifade-ozgurlugune-yeni-bir-yon-veriyor\/"},"author":{"name":"Kuzeyin Sesi","@id":"https:\/\/kuzeyinsesi.org\/#\/schema\/person\/9f859689cdf01485597712386e37f5aa"},"headline":"Reva, \u2018\u2019B\u0131rakt\u0131m \u0130\u015fte\u2019\u2019 ile m\u00fczikal ifade \u00f6zg\u00fcrl\u00fc\u011f\u00fcne yeni bir y\u00f6n veriyor","datePublished":"2025-03-20T13:49:32+00:00","mainEntityOfPage":{"@id":"https:\/\/kuzeyinsesi.org\/index.php\/2025\/03\/20\/reva-biraktim-iste-ile-muzikal-ifade-ozgurlugune-yeni-bir-yon-veriyor\/"},"wordCount":353,"commentCount":0,"image":{"@id":"https:\/\/kuzeyinsesi.org\/index.php\/2025\/03\/20\/reva-biraktim-iste-ile-muzikal-ifade-ozgurlugune-yeni-bir-yon-veriyor\/#primaryimage"},"thumbnailUrl":"https:\/\/kuzeyinsesi.org\/wp-content\/uploads\/2025\/03\/bkj.jpg","articleSection":["Ya\u015fam"],"inLanguage":"tr","potentialAction":[{"@type":"CommentAction","name":"Comment","target":["https:\/\/kuzeyinsesi.org\/index.php\/2025\/03\/20\/reva-biraktim-iste-ile-muzikal-ifade-ozgurlugune-yeni-bir-yon-veriyor\/#respond"]}]},{"@type":"WebPage","@id":"https:\/\/kuzeyinsesi.org\/index.php\/2025\/03\/20\/reva-biraktim-iste-ile-muzikal-ifade-ozgurlugune-yeni-bir-yon-veriyor\/","url":"https:\/\/kuzeyinsesi.org\/index.php\/2025\/03\/20\/reva-biraktim-iste-ile-muzikal-ifade-ozgurlugune-yeni-bir-yon-veriyor\/","name":"Reva, \u2018\u2019B\u0131rakt\u0131m \u0130\u015fte\u2019\u2019 ile m\u00fczikal ifade \u00f6zg\u00fcrl\u00fc\u011f\u00fcne yeni bir y\u00f6n veriyor - Kuzeyin Sesi","isPartOf":{"@id":"https:\/\/kuzeyinsesi.org\/#website"},"primaryImageOfPage":{"@id":"https:\/\/kuzeyinsesi.org\/index.php\/2025\/03\/20\/reva-biraktim-iste-ile-muzikal-ifade-ozgurlugune-yeni-bir-yon-veriyor\/#primaryimage"},"image":{"@id":"https:\/\/kuzeyinsesi.org\/index.php\/2025\/03\/20\/reva-biraktim-iste-ile-muzikal-ifade-ozgurlugune-yeni-bir-yon-veriyor\/#primaryimage"},"thumbnailUrl":"https:\/\/kuzeyinsesi.org\/wp-content\/uploads\/2025\/03\/bkj.jpg","datePublished":"2025-03-20T13:49:32+00:00","author":{"@id":"https:\/\/kuzeyinsesi.org\/#\/schema\/person\/9f859689cdf01485597712386e37f5aa"},"breadcrumb":{"@id":"https:\/\/kuzeyinsesi.org\/index.php\/2025\/03\/20\/reva-biraktim-iste-ile-muzikal-ifade-ozgurlugune-yeni-bir-yon-veriyor\/#breadcrumb"},"inLanguage":"tr","potentialAction":[{"@type":"ReadAction","target":["https:\/\/kuzeyinsesi.org\/index.php\/2025\/03\/20\/reva-biraktim-iste-ile-muzikal-ifade-ozgurlugune-yeni-bir-yon-veriyor\/"]}]},{"@type":"ImageObject","inLanguage":"tr","@id":"https:\/\/kuzeyinsesi.org\/index.php\/2025\/03\/20\/reva-biraktim-iste-ile-muzikal-ifade-ozgurlugune-yeni-bir-yon-veriyor\/#primaryimage","url":"https:\/\/kuzeyinsesi.org\/wp-content\/uploads\/2025\/03\/bkj.jpg","contentUrl":"https:\/\/kuzeyinsesi.org\/wp-content\/uploads\/2025\/03\/bkj.jpg","width":956,"height":434},{"@type":"BreadcrumbList","@id":"https:\/\/kuzeyinsesi.org\/index.php\/2025\/03\/20\/reva-biraktim-iste-ile-muzikal-ifade-ozgurlugune-yeni-bir-yon-veriyor\/#breadcrumb","itemListElement":[{"@type":"ListItem","position":1,"name":"Anasayfa","item":"https:\/\/kuzeyinsesi.org\/"},{"@type":"ListItem","position":2,"name":"Reva, \u2018\u2019B\u0131rakt\u0131m \u0130\u015fte\u2019\u2019 ile m\u00fczikal ifade \u00f6zg\u00fcrl\u00fc\u011f\u00fcne yeni bir y\u00f6n veriyor"}]},{"@type":"WebSite","@id":"https:\/\/kuzeyinsesi.org\/#website","url":"https:\/\/kuzeyinsesi.org\/","name":"Kuzeyin Sesi","description":"Do\u011fru Haberin Adresi","potentialAction":[{"@type":"SearchAction","target":{"@type":"EntryPoint","urlTemplate":"https:\/\/kuzeyinsesi.org\/?s={search_term_string}"},"query-input":{"@type":"PropertyValueSpecification","valueRequired":true,"valueName":"search_term_string"}}],"inLanguage":"tr"},{"@type":"Person","@id":"https:\/\/kuzeyinsesi.org\/#\/schema\/person\/9f859689cdf01485597712386e37f5aa","name":"Kuzeyin Sesi","image":{"@type":"ImageObject","inLanguage":"tr","@id":"https:\/\/secure.gravatar.com\/avatar\/bab33852abfd8b282518d6ed81826833d77c3c882d9ab608add591ccace47a44?s=96&d=mm&r=g","url":"https:\/\/secure.gravatar.com\/avatar\/bab33852abfd8b282518d6ed81826833d77c3c882d9ab608add591ccace47a44?s=96&d=mm&r=g","contentUrl":"https:\/\/secure.gravatar.com\/avatar\/bab33852abfd8b282518d6ed81826833d77c3c882d9ab608add591ccace47a44?s=96&d=mm&r=g","caption":"Kuzeyin Sesi"},"sameAs":["https:\/\/kuzeyinsesi.org"],"url":"https:\/\/kuzeyinsesi.org\/index.php\/author\/guven\/"}]}},"_links":{"self":[{"href":"https:\/\/kuzeyinsesi.org\/index.php\/wp-json\/wp\/v2\/posts\/21386","targetHints":{"allow":["GET"]}}],"collection":[{"href":"https:\/\/kuzeyinsesi.org\/index.php\/wp-json\/wp\/v2\/posts"}],"about":[{"href":"https:\/\/kuzeyinsesi.org\/index.php\/wp-json\/wp\/v2\/types\/post"}],"author":[{"embeddable":true,"href":"https:\/\/kuzeyinsesi.org\/index.php\/wp-json\/wp\/v2\/users\/1"}],"replies":[{"embeddable":true,"href":"https:\/\/kuzeyinsesi.org\/index.php\/wp-json\/wp\/v2\/comments?post=21386"}],"version-history":[{"count":0,"href":"https:\/\/kuzeyinsesi.org\/index.php\/wp-json\/wp\/v2\/posts\/21386\/revisions"}],"wp:featuredmedia":[{"embeddable":true,"href":"https:\/\/kuzeyinsesi.org\/index.php\/wp-json\/wp\/v2\/media\/21387"}],"wp:attachment":[{"href":"https:\/\/kuzeyinsesi.org\/index.php\/wp-json\/wp\/v2\/media?parent=21386"}],"wp:term":[{"taxonomy":"category","embeddable":true,"href":"https:\/\/kuzeyinsesi.org\/index.php\/wp-json\/wp\/v2\/categories?post=21386"},{"taxonomy":"post_tag","embeddable":true,"href":"https:\/\/kuzeyinsesi.org\/index.php\/wp-json\/wp\/v2\/tags?post=21386"}],"curies":[{"name":"wp","href":"https:\/\/api.w.org\/{rel}","templated":true}]}}