{"id":21372,"date":"2025-03-20T14:44:18","date_gmt":"2025-03-20T12:44:18","guid":{"rendered":"https:\/\/kuzeyinsesi.org\/index.php\/2025\/03\/20\/4-birinci-sanat-ve-ipek-denizli-sanat-atolyesi-odulleri-sahiplerini-buldu\/"},"modified":"2025-03-20T14:44:18","modified_gmt":"2025-03-20T12:44:18","slug":"4-birinci-sanat-ve-ipek-denizli-sanat-atolyesi-odulleri-sahiplerini-buldu","status":"publish","type":"post","link":"https:\/\/kuzeyinsesi.org\/index.php\/2025\/03\/20\/4-birinci-sanat-ve-ipek-denizli-sanat-atolyesi-odulleri-sahiplerini-buldu\/","title":{"rendered":"4. Birinci Sanat ve \u0130pek Denizli Sanat At\u00f6lyesi \u00d6d\u00fclleri sahiplerini buldu"},"content":{"rendered":"<div>\n<div class=\"mariselle-image-container center\">\n                                            <\/div>\n<p>Sanata ve tiyatroya g\u00f6n\u00fcl veren isimleri onurland\u0131ran Birinci Sanat ve \u0130pek Denizli Sanat At\u00f6lyesi \u00dcst\u00fcn Hizmet ve Ba\u015far\u0131 \u00d6d\u00fclleri, bu y\u0131l da b\u00fcy\u00fck bir co\u015fkuyla sahiplerini buluyor. <\/p>\n<p>27 Mart D\u00fcnya Tiyatro G\u00fcn\u00fc kapsam\u0131nda d\u00fczenlenen etkinlikte, tiyatro ve sanat d\u00fcnyas\u0131n\u0131n \u00f6nemli isimleri \u00f6d\u00fcllendirilecek.<br \/>Bu y\u0131l Ya\u015fam Boyu Meslek Onur \u00d6d\u00fcl\u00fc, T\u00fcrk tiyatrosunun ya\u015fayan efsanelerinden Cihan \u00dcnal\u2019a takdim edilecek<br \/>Bu y\u0131l yine \u00fclkemizin \u00f6nemli tiyatro sanat\u00e7\u0131lar\u0131 da \u00f6d\u00fcle lay\u0131k g\u00f6r\u00fcld\u00fcler.<\/p>\n<p> K\u0131br\u0131s T\u00fcrk tiyatrosuna \u00f6nemli hizmetler veren ve \u00fclkemizdeki tiyatronun sevilip geli\u015fmesinde \u00f6nemli rol oynayan K\u0131ymet Karabiber, Hatice Tezcan, Derman Atik ve Turkey Ozti\u011fin de Meslek Ba\u015far\u0131 \u00d6d\u00fcl\u00fc alacak.<\/p>\n<p>27 Mart 2025 Per\u015fembe g\u00fcn\u00fc saat 16:00\u2019da Lefko\u015fa Onbe\u015f Kas\u0131m K\u0131br\u0131s \u00dcniversitesi, Meral Tekin Birinci Salonu\u2019nda ger\u00e7ekle\u015fecek etkinlik halka a\u00e7\u0131k olacak.<br \/>\u00d6d\u00fcl t\u00f6reni sonunda ise \u00fcnl\u00fc sanat\u00e7\u0131 Cihan \u00dcnal, konuklarla s\u00f6yle\u015fide bulunacak ve \u015fiirler okuyup \u015fark\u0131lar seslendirecek.<\/p>\n<p>Ge\u00e7ti\u011fimiz y\u0131llarda Tamer Levent, G\u00fclsen Tuncer, Ali D\u00fc\u015fenkalkar, Hilmi \u00d6zen, Ayla Ha\u015fmet, \u00c7etin \u00d6zen, Do\u011fan Er\u00e7a\u011f, Osman Alka\u015f, Deniz \u00c7ak\u0131r, Nevzat \u015eehitcan, Y\u0131lsay \u00d6zbudak, Erta\u00e7 Hazer, Cansev G\u00fcnsoy ve Ayhatun Ate\u015fin bu \u00f6d\u00fcle lay\u0131k g\u00f6r\u00fclen isimler aras\u0131nda yer ald\u0131.<br \/>Birinci Sanat ve \u0130pek Denizli Sanat At\u00f6lyesi taraf\u0131ndan yap\u0131lan a\u00e7\u0131klamada sanatseverler, tiyatronun ve sahne sanatlar\u0131n\u0131n b\u00fcy\u00fcs\u00fcn\u00fc payla\u015fmak \u00fczere bu \u00f6zel bulu\u015fmaya davet edildi.<\/p>\n<p>A\u00e7\u0131klamada: \u201cSanata ve eme\u011fe sayg\u0131n\u0131n en g\u00fczel \u00f6rneklerinden biri olacak bu \u00f6d\u00fcl t\u00f6reninde t\u00fcm kazananlar\u0131 tebrik ediyoruz.\u201d denildi.<\/p>\n<\/p><\/div>\n<p><script async\n                    defer\n                    crossorigin=\"anonymous\"\n                    src=\"https:\/\/connect.facebook.net\/tr_TR\/sdk.js#xfbml=1&#038;version=v3.3\"\n            ><\/script><\/p>\n","protected":false},"excerpt":{"rendered":"<p>Sanata ve tiyatroya g\u00f6n\u00fcl veren isimleri onurland\u0131ran Birinci Sanat ve \u0130pek Denizli Sanat At\u00f6lyesi \u00dcst\u00fcn Hizmet ve Ba\u015far\u0131 \u00d6d\u00fclleri, bu y\u0131l da b\u00fcy\u00fck bir co\u015fkuyla sahiplerini buluyor. 27 Mart D\u00fcnya Tiyatro G\u00fcn\u00fc kapsam\u0131nda d\u00fczenlenen etkinlikte, tiyatro ve sanat d\u00fcnyas\u0131n\u0131n \u00f6nemli isimleri \u00f6d\u00fcllendirilecek.Bu y\u0131l Ya\u015fam Boyu Meslek Onur \u00d6d\u00fcl\u00fc, T\u00fcrk tiyatrosunun ya\u015fayan efsanelerinden Cihan \u00dcnal\u2019a takdim [&hellip;]<\/p>\n","protected":false},"author":1,"featured_media":21373,"comment_status":"open","ping_status":"open","sticky":false,"template":"","format":"standard","meta":{"jnews-multi-image_gallery":[],"jnews_single_post":[],"jnews_primary_category":[],"jnews_social_meta":[],"jnews_override_counter":[],"footnotes":""},"categories":[6],"tags":[],"class_list":["post-21372","post","type-post","status-publish","format-standard","has-post-thumbnail","hentry","category-yasam"],"yoast_head":"<!-- This site is optimized with the Yoast SEO plugin v27.4 - https:\/\/yoast.com\/product\/yoast-seo-wordpress\/ -->\n<title>4. Birinci Sanat ve \u0130pek Denizli Sanat At\u00f6lyesi \u00d6d\u00fclleri sahiplerini buldu - Kuzeyin Sesi<\/title>\n<meta name=\"robots\" content=\"index, follow, max-snippet:-1, max-image-preview:large, max-video-preview:-1\" \/>\n<link rel=\"canonical\" href=\"https:\/\/kuzeyinsesi.org\/index.php\/2025\/03\/20\/4-birinci-sanat-ve-ipek-denizli-sanat-atolyesi-odulleri-sahiplerini-buldu\/\" \/>\n<meta property=\"og:locale\" content=\"tr_TR\" \/>\n<meta property=\"og:type\" content=\"article\" \/>\n<meta property=\"og:title\" content=\"4. Birinci Sanat ve \u0130pek Denizli Sanat At\u00f6lyesi \u00d6d\u00fclleri sahiplerini buldu - Kuzeyin Sesi\" \/>\n<meta property=\"og:description\" content=\"Sanata ve tiyatroya g\u00f6n\u00fcl veren isimleri onurland\u0131ran Birinci Sanat ve \u0130pek Denizli Sanat At\u00f6lyesi \u00dcst\u00fcn Hizmet ve Ba\u015far\u0131 \u00d6d\u00fclleri, bu y\u0131l da b\u00fcy\u00fck bir co\u015fkuyla sahiplerini buluyor. 27 Mart D\u00fcnya Tiyatro G\u00fcn\u00fc kapsam\u0131nda d\u00fczenlenen etkinlikte, tiyatro ve sanat d\u00fcnyas\u0131n\u0131n \u00f6nemli isimleri \u00f6d\u00fcllendirilecek.Bu y\u0131l Ya\u015fam Boyu Meslek Onur \u00d6d\u00fcl\u00fc, T\u00fcrk tiyatrosunun ya\u015fayan efsanelerinden Cihan \u00dcnal\u2019a takdim [&hellip;]\" \/>\n<meta property=\"og:url\" content=\"https:\/\/kuzeyinsesi.org\/index.php\/2025\/03\/20\/4-birinci-sanat-ve-ipek-denizli-sanat-atolyesi-odulleri-sahiplerini-buldu\/\" \/>\n<meta property=\"og:site_name\" content=\"Kuzeyin Sesi\" \/>\n<meta property=\"article:publisher\" content=\"https:\/\/www.facebook.com\/kuzeyinsesii\" \/>\n<meta property=\"article:published_time\" content=\"2025-03-20T12:44:18+00:00\" \/>\n<meta property=\"og:image\" content=\"https:\/\/brtk.net\/wp-content\/uploads\/2025\/03\/20\/64bc185c-4ad2-431c-aef7-11bcf9c5bfea.jpg?ver=6000deb81c29bfe198ebd5727081a2f3\" \/>\n<meta name=\"author\" content=\"Kuzeyin Sesi\" \/>\n<meta name=\"twitter:card\" content=\"summary_large_image\" \/>\n<meta name=\"twitter:creator\" content=\"@kuzeyinsesii\" \/>\n<meta name=\"twitter:site\" content=\"@kuzeyinsesii\" \/>\n<meta name=\"twitter:label1\" content=\"Yazan:\" \/>\n\t<meta name=\"twitter:data1\" content=\"Kuzeyin Sesi\" \/>\n\t<meta name=\"twitter:label2\" content=\"Tahmini okuma s\u00fcresi\" \/>\n\t<meta name=\"twitter:data2\" content=\"2 dakika\" \/>\n<script type=\"application\/ld+json\" class=\"yoast-schema-graph\">{\"@context\":\"https:\\\/\\\/schema.org\",\"@graph\":[{\"@type\":\"Article\",\"@id\":\"https:\\\/\\\/kuzeyinsesi.org\\\/index.php\\\/2025\\\/03\\\/20\\\/4-birinci-sanat-ve-ipek-denizli-sanat-atolyesi-odulleri-sahiplerini-buldu\\\/#article\",\"isPartOf\":{\"@id\":\"https:\\\/\\\/kuzeyinsesi.org\\\/index.php\\\/2025\\\/03\\\/20\\\/4-birinci-sanat-ve-ipek-denizli-sanat-atolyesi-odulleri-sahiplerini-buldu\\\/\"},\"author\":{\"name\":\"Kuzeyin Sesi\",\"@id\":\"https:\\\/\\\/kuzeyinsesi.org\\\/#\\\/schema\\\/person\\\/9f859689cdf01485597712386e37f5aa\"},\"headline\":\"4. Birinci Sanat ve \u0130pek Denizli Sanat At\u00f6lyesi \u00d6d\u00fclleri sahiplerini buldu\",\"datePublished\":\"2025-03-20T12:44:18+00:00\",\"mainEntityOfPage\":{\"@id\":\"https:\\\/\\\/kuzeyinsesi.org\\\/index.php\\\/2025\\\/03\\\/20\\\/4-birinci-sanat-ve-ipek-denizli-sanat-atolyesi-odulleri-sahiplerini-buldu\\\/\"},\"wordCount\":312,\"commentCount\":0,\"image\":{\"@id\":\"https:\\\/\\\/kuzeyinsesi.org\\\/index.php\\\/2025\\\/03\\\/20\\\/4-birinci-sanat-ve-ipek-denizli-sanat-atolyesi-odulleri-sahiplerini-buldu\\\/#primaryimage\"},\"thumbnailUrl\":\"https:\\\/\\\/kuzeyinsesi.org\\\/wp-content\\\/uploads\\\/2025\\\/03\\\/64bc185c-4ad2-431c-aef7-11bcf9c5bfea.jpg\",\"articleSection\":[\"Ya\u015fam\"],\"inLanguage\":\"tr\",\"potentialAction\":[{\"@type\":\"CommentAction\",\"name\":\"Comment\",\"target\":[\"https:\\\/\\\/kuzeyinsesi.org\\\/index.php\\\/2025\\\/03\\\/20\\\/4-birinci-sanat-ve-ipek-denizli-sanat-atolyesi-odulleri-sahiplerini-buldu\\\/#respond\"]}]},{\"@type\":\"WebPage\",\"@id\":\"https:\\\/\\\/kuzeyinsesi.org\\\/index.php\\\/2025\\\/03\\\/20\\\/4-birinci-sanat-ve-ipek-denizli-sanat-atolyesi-odulleri-sahiplerini-buldu\\\/\",\"url\":\"https:\\\/\\\/kuzeyinsesi.org\\\/index.php\\\/2025\\\/03\\\/20\\\/4-birinci-sanat-ve-ipek-denizli-sanat-atolyesi-odulleri-sahiplerini-buldu\\\/\",\"name\":\"4. Birinci Sanat ve \u0130pek Denizli Sanat At\u00f6lyesi \u00d6d\u00fclleri sahiplerini buldu - Kuzeyin Sesi\",\"isPartOf\":{\"@id\":\"https:\\\/\\\/kuzeyinsesi.org\\\/#website\"},\"primaryImageOfPage\":{\"@id\":\"https:\\\/\\\/kuzeyinsesi.org\\\/index.php\\\/2025\\\/03\\\/20\\\/4-birinci-sanat-ve-ipek-denizli-sanat-atolyesi-odulleri-sahiplerini-buldu\\\/#primaryimage\"},\"image\":{\"@id\":\"https:\\\/\\\/kuzeyinsesi.org\\\/index.php\\\/2025\\\/03\\\/20\\\/4-birinci-sanat-ve-ipek-denizli-sanat-atolyesi-odulleri-sahiplerini-buldu\\\/#primaryimage\"},\"thumbnailUrl\":\"https:\\\/\\\/kuzeyinsesi.org\\\/wp-content\\\/uploads\\\/2025\\\/03\\\/64bc185c-4ad2-431c-aef7-11bcf9c5bfea.jpg\",\"datePublished\":\"2025-03-20T12:44:18+00:00\",\"author\":{\"@id\":\"https:\\\/\\\/kuzeyinsesi.org\\\/#\\\/schema\\\/person\\\/9f859689cdf01485597712386e37f5aa\"},\"breadcrumb\":{\"@id\":\"https:\\\/\\\/kuzeyinsesi.org\\\/index.php\\\/2025\\\/03\\\/20\\\/4-birinci-sanat-ve-ipek-denizli-sanat-atolyesi-odulleri-sahiplerini-buldu\\\/#breadcrumb\"},\"inLanguage\":\"tr\",\"potentialAction\":[{\"@type\":\"ReadAction\",\"target\":[\"https:\\\/\\\/kuzeyinsesi.org\\\/index.php\\\/2025\\\/03\\\/20\\\/4-birinci-sanat-ve-ipek-denizli-sanat-atolyesi-odulleri-sahiplerini-buldu\\\/\"]}]},{\"@type\":\"ImageObject\",\"inLanguage\":\"tr\",\"@id\":\"https:\\\/\\\/kuzeyinsesi.org\\\/index.php\\\/2025\\\/03\\\/20\\\/4-birinci-sanat-ve-ipek-denizli-sanat-atolyesi-odulleri-sahiplerini-buldu\\\/#primaryimage\",\"url\":\"https:\\\/\\\/kuzeyinsesi.org\\\/wp-content\\\/uploads\\\/2025\\\/03\\\/64bc185c-4ad2-431c-aef7-11bcf9c5bfea.jpg\",\"contentUrl\":\"https:\\\/\\\/kuzeyinsesi.org\\\/wp-content\\\/uploads\\\/2025\\\/03\\\/64bc185c-4ad2-431c-aef7-11bcf9c5bfea.jpg\",\"width\":1600,\"height\":1000},{\"@type\":\"BreadcrumbList\",\"@id\":\"https:\\\/\\\/kuzeyinsesi.org\\\/index.php\\\/2025\\\/03\\\/20\\\/4-birinci-sanat-ve-ipek-denizli-sanat-atolyesi-odulleri-sahiplerini-buldu\\\/#breadcrumb\",\"itemListElement\":[{\"@type\":\"ListItem\",\"position\":1,\"name\":\"Anasayfa\",\"item\":\"https:\\\/\\\/kuzeyinsesi.org\\\/\"},{\"@type\":\"ListItem\",\"position\":2,\"name\":\"4. Birinci Sanat ve \u0130pek Denizli Sanat At\u00f6lyesi \u00d6d\u00fclleri sahiplerini buldu\"}]},{\"@type\":\"WebSite\",\"@id\":\"https:\\\/\\\/kuzeyinsesi.org\\\/#website\",\"url\":\"https:\\\/\\\/kuzeyinsesi.org\\\/\",\"name\":\"Kuzeyin Sesi\",\"description\":\"Do\u011fru Haberin Adresi\",\"potentialAction\":[{\"@type\":\"SearchAction\",\"target\":{\"@type\":\"EntryPoint\",\"urlTemplate\":\"https:\\\/\\\/kuzeyinsesi.org\\\/?s={search_term_string}\"},\"query-input\":{\"@type\":\"PropertyValueSpecification\",\"valueRequired\":true,\"valueName\":\"search_term_string\"}}],\"inLanguage\":\"tr\"},{\"@type\":\"Person\",\"@id\":\"https:\\\/\\\/kuzeyinsesi.org\\\/#\\\/schema\\\/person\\\/9f859689cdf01485597712386e37f5aa\",\"name\":\"Kuzeyin Sesi\",\"image\":{\"@type\":\"ImageObject\",\"inLanguage\":\"tr\",\"@id\":\"https:\\\/\\\/secure.gravatar.com\\\/avatar\\\/bab33852abfd8b282518d6ed81826833d77c3c882d9ab608add591ccace47a44?s=96&d=mm&r=g\",\"url\":\"https:\\\/\\\/secure.gravatar.com\\\/avatar\\\/bab33852abfd8b282518d6ed81826833d77c3c882d9ab608add591ccace47a44?s=96&d=mm&r=g\",\"contentUrl\":\"https:\\\/\\\/secure.gravatar.com\\\/avatar\\\/bab33852abfd8b282518d6ed81826833d77c3c882d9ab608add591ccace47a44?s=96&d=mm&r=g\",\"caption\":\"Kuzeyin Sesi\"},\"sameAs\":[\"https:\\\/\\\/kuzeyinsesi.org\"],\"url\":\"https:\\\/\\\/kuzeyinsesi.org\\\/index.php\\\/author\\\/guven\\\/\"}]}<\/script>\n<!-- \/ Yoast SEO plugin. -->","yoast_head_json":{"title":"4. Birinci Sanat ve \u0130pek Denizli Sanat At\u00f6lyesi \u00d6d\u00fclleri sahiplerini buldu - Kuzeyin Sesi","robots":{"index":"index","follow":"follow","max-snippet":"max-snippet:-1","max-image-preview":"max-image-preview:large","max-video-preview":"max-video-preview:-1"},"canonical":"https:\/\/kuzeyinsesi.org\/index.php\/2025\/03\/20\/4-birinci-sanat-ve-ipek-denizli-sanat-atolyesi-odulleri-sahiplerini-buldu\/","og_locale":"tr_TR","og_type":"article","og_title":"4. Birinci Sanat ve \u0130pek Denizli Sanat At\u00f6lyesi \u00d6d\u00fclleri sahiplerini buldu - Kuzeyin Sesi","og_description":"Sanata ve tiyatroya g\u00f6n\u00fcl veren isimleri onurland\u0131ran Birinci Sanat ve \u0130pek Denizli Sanat At\u00f6lyesi \u00dcst\u00fcn Hizmet ve Ba\u015far\u0131 \u00d6d\u00fclleri, bu y\u0131l da b\u00fcy\u00fck bir co\u015fkuyla sahiplerini buluyor. 27 Mart D\u00fcnya Tiyatro G\u00fcn\u00fc kapsam\u0131nda d\u00fczenlenen etkinlikte, tiyatro ve sanat d\u00fcnyas\u0131n\u0131n \u00f6nemli isimleri \u00f6d\u00fcllendirilecek.Bu y\u0131l Ya\u015fam Boyu Meslek Onur \u00d6d\u00fcl\u00fc, T\u00fcrk tiyatrosunun ya\u015fayan efsanelerinden Cihan \u00dcnal\u2019a takdim [&hellip;]","og_url":"https:\/\/kuzeyinsesi.org\/index.php\/2025\/03\/20\/4-birinci-sanat-ve-ipek-denizli-sanat-atolyesi-odulleri-sahiplerini-buldu\/","og_site_name":"Kuzeyin Sesi","article_publisher":"https:\/\/www.facebook.com\/kuzeyinsesii","article_published_time":"2025-03-20T12:44:18+00:00","og_image":[{"url":"https:\/\/brtk.net\/wp-content\/uploads\/2025\/03\/20\/64bc185c-4ad2-431c-aef7-11bcf9c5bfea.jpg?ver=6000deb81c29bfe198ebd5727081a2f3","type":"","width":"","height":""}],"author":"Kuzeyin Sesi","twitter_card":"summary_large_image","twitter_creator":"@kuzeyinsesii","twitter_site":"@kuzeyinsesii","twitter_misc":{"Yazan:":"Kuzeyin Sesi","Tahmini okuma s\u00fcresi":"2 dakika"},"schema":{"@context":"https:\/\/schema.org","@graph":[{"@type":"Article","@id":"https:\/\/kuzeyinsesi.org\/index.php\/2025\/03\/20\/4-birinci-sanat-ve-ipek-denizli-sanat-atolyesi-odulleri-sahiplerini-buldu\/#article","isPartOf":{"@id":"https:\/\/kuzeyinsesi.org\/index.php\/2025\/03\/20\/4-birinci-sanat-ve-ipek-denizli-sanat-atolyesi-odulleri-sahiplerini-buldu\/"},"author":{"name":"Kuzeyin Sesi","@id":"https:\/\/kuzeyinsesi.org\/#\/schema\/person\/9f859689cdf01485597712386e37f5aa"},"headline":"4. Birinci Sanat ve \u0130pek Denizli Sanat At\u00f6lyesi \u00d6d\u00fclleri sahiplerini buldu","datePublished":"2025-03-20T12:44:18+00:00","mainEntityOfPage":{"@id":"https:\/\/kuzeyinsesi.org\/index.php\/2025\/03\/20\/4-birinci-sanat-ve-ipek-denizli-sanat-atolyesi-odulleri-sahiplerini-buldu\/"},"wordCount":312,"commentCount":0,"image":{"@id":"https:\/\/kuzeyinsesi.org\/index.php\/2025\/03\/20\/4-birinci-sanat-ve-ipek-denizli-sanat-atolyesi-odulleri-sahiplerini-buldu\/#primaryimage"},"thumbnailUrl":"https:\/\/kuzeyinsesi.org\/wp-content\/uploads\/2025\/03\/64bc185c-4ad2-431c-aef7-11bcf9c5bfea.jpg","articleSection":["Ya\u015fam"],"inLanguage":"tr","potentialAction":[{"@type":"CommentAction","name":"Comment","target":["https:\/\/kuzeyinsesi.org\/index.php\/2025\/03\/20\/4-birinci-sanat-ve-ipek-denizli-sanat-atolyesi-odulleri-sahiplerini-buldu\/#respond"]}]},{"@type":"WebPage","@id":"https:\/\/kuzeyinsesi.org\/index.php\/2025\/03\/20\/4-birinci-sanat-ve-ipek-denizli-sanat-atolyesi-odulleri-sahiplerini-buldu\/","url":"https:\/\/kuzeyinsesi.org\/index.php\/2025\/03\/20\/4-birinci-sanat-ve-ipek-denizli-sanat-atolyesi-odulleri-sahiplerini-buldu\/","name":"4. Birinci Sanat ve \u0130pek Denizli Sanat At\u00f6lyesi \u00d6d\u00fclleri sahiplerini buldu - Kuzeyin Sesi","isPartOf":{"@id":"https:\/\/kuzeyinsesi.org\/#website"},"primaryImageOfPage":{"@id":"https:\/\/kuzeyinsesi.org\/index.php\/2025\/03\/20\/4-birinci-sanat-ve-ipek-denizli-sanat-atolyesi-odulleri-sahiplerini-buldu\/#primaryimage"},"image":{"@id":"https:\/\/kuzeyinsesi.org\/index.php\/2025\/03\/20\/4-birinci-sanat-ve-ipek-denizli-sanat-atolyesi-odulleri-sahiplerini-buldu\/#primaryimage"},"thumbnailUrl":"https:\/\/kuzeyinsesi.org\/wp-content\/uploads\/2025\/03\/64bc185c-4ad2-431c-aef7-11bcf9c5bfea.jpg","datePublished":"2025-03-20T12:44:18+00:00","author":{"@id":"https:\/\/kuzeyinsesi.org\/#\/schema\/person\/9f859689cdf01485597712386e37f5aa"},"breadcrumb":{"@id":"https:\/\/kuzeyinsesi.org\/index.php\/2025\/03\/20\/4-birinci-sanat-ve-ipek-denizli-sanat-atolyesi-odulleri-sahiplerini-buldu\/#breadcrumb"},"inLanguage":"tr","potentialAction":[{"@type":"ReadAction","target":["https:\/\/kuzeyinsesi.org\/index.php\/2025\/03\/20\/4-birinci-sanat-ve-ipek-denizli-sanat-atolyesi-odulleri-sahiplerini-buldu\/"]}]},{"@type":"ImageObject","inLanguage":"tr","@id":"https:\/\/kuzeyinsesi.org\/index.php\/2025\/03\/20\/4-birinci-sanat-ve-ipek-denizli-sanat-atolyesi-odulleri-sahiplerini-buldu\/#primaryimage","url":"https:\/\/kuzeyinsesi.org\/wp-content\/uploads\/2025\/03\/64bc185c-4ad2-431c-aef7-11bcf9c5bfea.jpg","contentUrl":"https:\/\/kuzeyinsesi.org\/wp-content\/uploads\/2025\/03\/64bc185c-4ad2-431c-aef7-11bcf9c5bfea.jpg","width":1600,"height":1000},{"@type":"BreadcrumbList","@id":"https:\/\/kuzeyinsesi.org\/index.php\/2025\/03\/20\/4-birinci-sanat-ve-ipek-denizli-sanat-atolyesi-odulleri-sahiplerini-buldu\/#breadcrumb","itemListElement":[{"@type":"ListItem","position":1,"name":"Anasayfa","item":"https:\/\/kuzeyinsesi.org\/"},{"@type":"ListItem","position":2,"name":"4. Birinci Sanat ve \u0130pek Denizli Sanat At\u00f6lyesi \u00d6d\u00fclleri sahiplerini buldu"}]},{"@type":"WebSite","@id":"https:\/\/kuzeyinsesi.org\/#website","url":"https:\/\/kuzeyinsesi.org\/","name":"Kuzeyin Sesi","description":"Do\u011fru Haberin Adresi","potentialAction":[{"@type":"SearchAction","target":{"@type":"EntryPoint","urlTemplate":"https:\/\/kuzeyinsesi.org\/?s={search_term_string}"},"query-input":{"@type":"PropertyValueSpecification","valueRequired":true,"valueName":"search_term_string"}}],"inLanguage":"tr"},{"@type":"Person","@id":"https:\/\/kuzeyinsesi.org\/#\/schema\/person\/9f859689cdf01485597712386e37f5aa","name":"Kuzeyin Sesi","image":{"@type":"ImageObject","inLanguage":"tr","@id":"https:\/\/secure.gravatar.com\/avatar\/bab33852abfd8b282518d6ed81826833d77c3c882d9ab608add591ccace47a44?s=96&d=mm&r=g","url":"https:\/\/secure.gravatar.com\/avatar\/bab33852abfd8b282518d6ed81826833d77c3c882d9ab608add591ccace47a44?s=96&d=mm&r=g","contentUrl":"https:\/\/secure.gravatar.com\/avatar\/bab33852abfd8b282518d6ed81826833d77c3c882d9ab608add591ccace47a44?s=96&d=mm&r=g","caption":"Kuzeyin Sesi"},"sameAs":["https:\/\/kuzeyinsesi.org"],"url":"https:\/\/kuzeyinsesi.org\/index.php\/author\/guven\/"}]}},"_links":{"self":[{"href":"https:\/\/kuzeyinsesi.org\/index.php\/wp-json\/wp\/v2\/posts\/21372","targetHints":{"allow":["GET"]}}],"collection":[{"href":"https:\/\/kuzeyinsesi.org\/index.php\/wp-json\/wp\/v2\/posts"}],"about":[{"href":"https:\/\/kuzeyinsesi.org\/index.php\/wp-json\/wp\/v2\/types\/post"}],"author":[{"embeddable":true,"href":"https:\/\/kuzeyinsesi.org\/index.php\/wp-json\/wp\/v2\/users\/1"}],"replies":[{"embeddable":true,"href":"https:\/\/kuzeyinsesi.org\/index.php\/wp-json\/wp\/v2\/comments?post=21372"}],"version-history":[{"count":0,"href":"https:\/\/kuzeyinsesi.org\/index.php\/wp-json\/wp\/v2\/posts\/21372\/revisions"}],"wp:featuredmedia":[{"embeddable":true,"href":"https:\/\/kuzeyinsesi.org\/index.php\/wp-json\/wp\/v2\/media\/21373"}],"wp:attachment":[{"href":"https:\/\/kuzeyinsesi.org\/index.php\/wp-json\/wp\/v2\/media?parent=21372"}],"wp:term":[{"taxonomy":"category","embeddable":true,"href":"https:\/\/kuzeyinsesi.org\/index.php\/wp-json\/wp\/v2\/categories?post=21372"},{"taxonomy":"post_tag","embeddable":true,"href":"https:\/\/kuzeyinsesi.org\/index.php\/wp-json\/wp\/v2\/tags?post=21372"}],"curies":[{"name":"wp","href":"https:\/\/api.w.org\/{rel}","templated":true}]}}