{"id":21368,"date":"2025-03-20T13:42:22","date_gmt":"2025-03-20T11:42:22","guid":{"rendered":"https:\/\/kuzeyinsesi.org\/index.php\/2025\/03\/20\/beyarmudu-belediyesinin-duzenledigi-8-mesarya-tiyatro-soleni-basliyor\/"},"modified":"2025-03-20T13:42:22","modified_gmt":"2025-03-20T11:42:22","slug":"beyarmudu-belediyesinin-duzenledigi-8-mesarya-tiyatro-soleni-basliyor","status":"publish","type":"post","link":"https:\/\/kuzeyinsesi.org\/index.php\/2025\/03\/20\/beyarmudu-belediyesinin-duzenledigi-8-mesarya-tiyatro-soleni-basliyor\/","title":{"rendered":"Beyarmudu Belediyesi\u2019nin d\u00fczenledi\u011fi  8. Mesarya Tiyatro \u015e\u00f6leni ba\u015fl\u0131yor"},"content":{"rendered":"<div>\n<div class=\"mariselle-image-container center\">\n                                            <\/div>\n<p>Beyarmudu Belediyesi taraf\u0131ndan bu y\u0131l 8. ger\u00e7ekle\u015ftirilecek olan Mesarya Tiyatro \u015e\u00f6leni 26 Mart\u2019ta ba\u015fl\u0131yor.<\/p>\n<p>Beyarmudu G\u00fcney Mesarya Sosyal Tesisleri\u2019nde bug\u00fcn d\u00fczenlenen bas\u0131n toplant\u0131s\u0131yla \u015f\u00f6lene ili\u015fkin detaylar kamuoyu ile payla\u015f\u0131ld\u0131.<\/p>\n<p>Beyarmudu Belediye Ba\u015fkan\u0131 B\u00fclent Bebek, konu\u015fmas\u0131n\u0131n ba\u015f\u0131nda sosyal ve k\u00fclt\u00fcrel faaliyetlere \u00f6nem verdiklerini belirtti.<br \/>Bir y\u0131ll\u0131k haz\u0131rl\u0131k s\u00fcrecinin ard\u0131ndan 26 Mart \u00c7ar\u015famba g\u00fcn\u00fc ilk oyunun sahnelenece\u011fini anlatan Bebek, halk\u0131n keyifli anlar ge\u00e7irece\u011fine inan\u00e7 belirtti. <\/p>\n<p>\u015e\u00f6len Koordinat\u00f6r\u00fc ve Sanat Y\u00f6netmeni \u0130zel Seylani de ya\u015famda sanat ve k\u00fclt\u00fcr\u00fcn \u00f6nemine i\u015faret etti.<\/p>\n<p>Tiyatro Sanat\u00e7\u0131s\u0131 Derman Atik ve festivale kat\u0131lan tiyatrolar\u0131n s\u00f6zc\u00fcleri de sahnelenecek oyunlar hakk\u0131nda bilgi Verdi.<\/p>\n<\/p><\/div>\n<p><script async\n                    defer\n                    crossorigin=\"anonymous\"\n                    src=\"https:\/\/connect.facebook.net\/tr_TR\/sdk.js#xfbml=1&#038;version=v3.3\"\n            ><\/script><\/p>\n","protected":false},"excerpt":{"rendered":"<p>Beyarmudu Belediyesi taraf\u0131ndan bu y\u0131l 8. ger\u00e7ekle\u015ftirilecek olan Mesarya Tiyatro \u015e\u00f6leni 26 Mart\u2019ta ba\u015fl\u0131yor. Beyarmudu G\u00fcney Mesarya Sosyal Tesisleri\u2019nde bug\u00fcn d\u00fczenlenen bas\u0131n toplant\u0131s\u0131yla \u015f\u00f6lene ili\u015fkin detaylar kamuoyu ile payla\u015f\u0131ld\u0131. Beyarmudu Belediye Ba\u015fkan\u0131 B\u00fclent Bebek, konu\u015fmas\u0131n\u0131n ba\u015f\u0131nda sosyal ve k\u00fclt\u00fcrel faaliyetlere \u00f6nem verdiklerini belirtti.Bir y\u0131ll\u0131k haz\u0131rl\u0131k s\u00fcrecinin ard\u0131ndan 26 Mart \u00c7ar\u015famba g\u00fcn\u00fc ilk oyunun sahnelenece\u011fini anlatan [&hellip;]<\/p>\n","protected":false},"author":1,"featured_media":21369,"comment_status":"open","ping_status":"open","sticky":false,"template":"","format":"standard","meta":{"jnews-multi-image_gallery":[],"jnews_single_post":[],"jnews_primary_category":[],"jnews_social_meta":[],"jnews_override_counter":[],"footnotes":""},"categories":[6],"tags":[],"class_list":["post-21368","post","type-post","status-publish","format-standard","has-post-thumbnail","hentry","category-yasam"],"yoast_head":"<!-- This site is optimized with the Yoast SEO plugin v27.4 - https:\/\/yoast.com\/product\/yoast-seo-wordpress\/ -->\n<title>Beyarmudu Belediyesi\u2019nin d\u00fczenledi\u011fi 8. Mesarya Tiyatro \u015e\u00f6leni ba\u015fl\u0131yor - Kuzeyin Sesi<\/title>\n<meta name=\"robots\" content=\"index, follow, max-snippet:-1, max-image-preview:large, max-video-preview:-1\" \/>\n<link rel=\"canonical\" href=\"https:\/\/kuzeyinsesi.org\/index.php\/2025\/03\/20\/beyarmudu-belediyesinin-duzenledigi-8-mesarya-tiyatro-soleni-basliyor\/\" \/>\n<meta property=\"og:locale\" content=\"tr_TR\" \/>\n<meta property=\"og:type\" content=\"article\" \/>\n<meta property=\"og:title\" content=\"Beyarmudu Belediyesi\u2019nin d\u00fczenledi\u011fi 8. Mesarya Tiyatro \u015e\u00f6leni ba\u015fl\u0131yor - Kuzeyin Sesi\" \/>\n<meta property=\"og:description\" content=\"Beyarmudu Belediyesi taraf\u0131ndan bu y\u0131l 8. ger\u00e7ekle\u015ftirilecek olan Mesarya Tiyatro \u015e\u00f6leni 26 Mart\u2019ta ba\u015fl\u0131yor. Beyarmudu G\u00fcney Mesarya Sosyal Tesisleri\u2019nde bug\u00fcn d\u00fczenlenen bas\u0131n toplant\u0131s\u0131yla \u015f\u00f6lene ili\u015fkin detaylar kamuoyu ile payla\u015f\u0131ld\u0131. Beyarmudu Belediye Ba\u015fkan\u0131 B\u00fclent Bebek, konu\u015fmas\u0131n\u0131n ba\u015f\u0131nda sosyal ve k\u00fclt\u00fcrel faaliyetlere \u00f6nem verdiklerini belirtti.Bir y\u0131ll\u0131k haz\u0131rl\u0131k s\u00fcrecinin ard\u0131ndan 26 Mart \u00c7ar\u015famba g\u00fcn\u00fc ilk oyunun sahnelenece\u011fini anlatan [&hellip;]\" \/>\n<meta property=\"og:url\" content=\"https:\/\/kuzeyinsesi.org\/index.php\/2025\/03\/20\/beyarmudu-belediyesinin-duzenledigi-8-mesarya-tiyatro-soleni-basliyor\/\" \/>\n<meta property=\"og:site_name\" content=\"Kuzeyin Sesi\" \/>\n<meta property=\"article:publisher\" content=\"https:\/\/www.facebook.com\/kuzeyinsesii\" \/>\n<meta property=\"article:published_time\" content=\"2025-03-20T11:42:22+00:00\" \/>\n<meta property=\"og:image\" content=\"https:\/\/brtk.net\/wp-content\/uploads\/2025\/03\/20\/76b701a5-a814-46df-a431-760034fdf0b6.jpg?ver=55c5c01c3e1096a7e0a2a32daf74e57c\" \/>\n<meta name=\"author\" content=\"Kuzeyin Sesi\" \/>\n<meta name=\"twitter:card\" content=\"summary_large_image\" \/>\n<meta name=\"twitter:creator\" content=\"@kuzeyinsesii\" \/>\n<meta name=\"twitter:site\" content=\"@kuzeyinsesii\" \/>\n<meta name=\"twitter:label1\" content=\"Yazan:\" \/>\n\t<meta name=\"twitter:data1\" content=\"Kuzeyin Sesi\" \/>\n\t<meta name=\"twitter:label2\" content=\"Tahmini okuma s\u00fcresi\" \/>\n\t<meta name=\"twitter:data2\" content=\"1 dakika\" \/>\n<script type=\"application\/ld+json\" class=\"yoast-schema-graph\">{\"@context\":\"https:\\\/\\\/schema.org\",\"@graph\":[{\"@type\":\"Article\",\"@id\":\"https:\\\/\\\/kuzeyinsesi.org\\\/index.php\\\/2025\\\/03\\\/20\\\/beyarmudu-belediyesinin-duzenledigi-8-mesarya-tiyatro-soleni-basliyor\\\/#article\",\"isPartOf\":{\"@id\":\"https:\\\/\\\/kuzeyinsesi.org\\\/index.php\\\/2025\\\/03\\\/20\\\/beyarmudu-belediyesinin-duzenledigi-8-mesarya-tiyatro-soleni-basliyor\\\/\"},\"author\":{\"name\":\"Kuzeyin Sesi\",\"@id\":\"https:\\\/\\\/kuzeyinsesi.org\\\/#\\\/schema\\\/person\\\/9f859689cdf01485597712386e37f5aa\"},\"headline\":\"Beyarmudu Belediyesi\u2019nin d\u00fczenledi\u011fi 8. Mesarya Tiyatro \u015e\u00f6leni ba\u015fl\u0131yor\",\"datePublished\":\"2025-03-20T11:42:22+00:00\",\"mainEntityOfPage\":{\"@id\":\"https:\\\/\\\/kuzeyinsesi.org\\\/index.php\\\/2025\\\/03\\\/20\\\/beyarmudu-belediyesinin-duzenledigi-8-mesarya-tiyatro-soleni-basliyor\\\/\"},\"wordCount\":151,\"commentCount\":0,\"image\":{\"@id\":\"https:\\\/\\\/kuzeyinsesi.org\\\/index.php\\\/2025\\\/03\\\/20\\\/beyarmudu-belediyesinin-duzenledigi-8-mesarya-tiyatro-soleni-basliyor\\\/#primaryimage\"},\"thumbnailUrl\":\"https:\\\/\\\/kuzeyinsesi.org\\\/wp-content\\\/uploads\\\/2025\\\/03\\\/76b701a5-a814-46df-a431-760034fdf0b6.jpg\",\"articleSection\":[\"Ya\u015fam\"],\"inLanguage\":\"tr\",\"potentialAction\":[{\"@type\":\"CommentAction\",\"name\":\"Comment\",\"target\":[\"https:\\\/\\\/kuzeyinsesi.org\\\/index.php\\\/2025\\\/03\\\/20\\\/beyarmudu-belediyesinin-duzenledigi-8-mesarya-tiyatro-soleni-basliyor\\\/#respond\"]}]},{\"@type\":\"WebPage\",\"@id\":\"https:\\\/\\\/kuzeyinsesi.org\\\/index.php\\\/2025\\\/03\\\/20\\\/beyarmudu-belediyesinin-duzenledigi-8-mesarya-tiyatro-soleni-basliyor\\\/\",\"url\":\"https:\\\/\\\/kuzeyinsesi.org\\\/index.php\\\/2025\\\/03\\\/20\\\/beyarmudu-belediyesinin-duzenledigi-8-mesarya-tiyatro-soleni-basliyor\\\/\",\"name\":\"Beyarmudu Belediyesi\u2019nin d\u00fczenledi\u011fi 8. Mesarya Tiyatro \u015e\u00f6leni ba\u015fl\u0131yor - Kuzeyin Sesi\",\"isPartOf\":{\"@id\":\"https:\\\/\\\/kuzeyinsesi.org\\\/#website\"},\"primaryImageOfPage\":{\"@id\":\"https:\\\/\\\/kuzeyinsesi.org\\\/index.php\\\/2025\\\/03\\\/20\\\/beyarmudu-belediyesinin-duzenledigi-8-mesarya-tiyatro-soleni-basliyor\\\/#primaryimage\"},\"image\":{\"@id\":\"https:\\\/\\\/kuzeyinsesi.org\\\/index.php\\\/2025\\\/03\\\/20\\\/beyarmudu-belediyesinin-duzenledigi-8-mesarya-tiyatro-soleni-basliyor\\\/#primaryimage\"},\"thumbnailUrl\":\"https:\\\/\\\/kuzeyinsesi.org\\\/wp-content\\\/uploads\\\/2025\\\/03\\\/76b701a5-a814-46df-a431-760034fdf0b6.jpg\",\"datePublished\":\"2025-03-20T11:42:22+00:00\",\"author\":{\"@id\":\"https:\\\/\\\/kuzeyinsesi.org\\\/#\\\/schema\\\/person\\\/9f859689cdf01485597712386e37f5aa\"},\"breadcrumb\":{\"@id\":\"https:\\\/\\\/kuzeyinsesi.org\\\/index.php\\\/2025\\\/03\\\/20\\\/beyarmudu-belediyesinin-duzenledigi-8-mesarya-tiyatro-soleni-basliyor\\\/#breadcrumb\"},\"inLanguage\":\"tr\",\"potentialAction\":[{\"@type\":\"ReadAction\",\"target\":[\"https:\\\/\\\/kuzeyinsesi.org\\\/index.php\\\/2025\\\/03\\\/20\\\/beyarmudu-belediyesinin-duzenledigi-8-mesarya-tiyatro-soleni-basliyor\\\/\"]}]},{\"@type\":\"ImageObject\",\"inLanguage\":\"tr\",\"@id\":\"https:\\\/\\\/kuzeyinsesi.org\\\/index.php\\\/2025\\\/03\\\/20\\\/beyarmudu-belediyesinin-duzenledigi-8-mesarya-tiyatro-soleni-basliyor\\\/#primaryimage\",\"url\":\"https:\\\/\\\/kuzeyinsesi.org\\\/wp-content\\\/uploads\\\/2025\\\/03\\\/76b701a5-a814-46df-a431-760034fdf0b6.jpg\",\"contentUrl\":\"https:\\\/\\\/kuzeyinsesi.org\\\/wp-content\\\/uploads\\\/2025\\\/03\\\/76b701a5-a814-46df-a431-760034fdf0b6.jpg\",\"width\":1600,\"height\":720},{\"@type\":\"BreadcrumbList\",\"@id\":\"https:\\\/\\\/kuzeyinsesi.org\\\/index.php\\\/2025\\\/03\\\/20\\\/beyarmudu-belediyesinin-duzenledigi-8-mesarya-tiyatro-soleni-basliyor\\\/#breadcrumb\",\"itemListElement\":[{\"@type\":\"ListItem\",\"position\":1,\"name\":\"Anasayfa\",\"item\":\"https:\\\/\\\/kuzeyinsesi.org\\\/\"},{\"@type\":\"ListItem\",\"position\":2,\"name\":\"Beyarmudu Belediyesi\u2019nin d\u00fczenledi\u011fi 8. Mesarya Tiyatro \u015e\u00f6leni ba\u015fl\u0131yor\"}]},{\"@type\":\"WebSite\",\"@id\":\"https:\\\/\\\/kuzeyinsesi.org\\\/#website\",\"url\":\"https:\\\/\\\/kuzeyinsesi.org\\\/\",\"name\":\"Kuzeyin Sesi\",\"description\":\"Do\u011fru Haberin Adresi\",\"potentialAction\":[{\"@type\":\"SearchAction\",\"target\":{\"@type\":\"EntryPoint\",\"urlTemplate\":\"https:\\\/\\\/kuzeyinsesi.org\\\/?s={search_term_string}\"},\"query-input\":{\"@type\":\"PropertyValueSpecification\",\"valueRequired\":true,\"valueName\":\"search_term_string\"}}],\"inLanguage\":\"tr\"},{\"@type\":\"Person\",\"@id\":\"https:\\\/\\\/kuzeyinsesi.org\\\/#\\\/schema\\\/person\\\/9f859689cdf01485597712386e37f5aa\",\"name\":\"Kuzeyin Sesi\",\"image\":{\"@type\":\"ImageObject\",\"inLanguage\":\"tr\",\"@id\":\"https:\\\/\\\/secure.gravatar.com\\\/avatar\\\/bab33852abfd8b282518d6ed81826833d77c3c882d9ab608add591ccace47a44?s=96&d=mm&r=g\",\"url\":\"https:\\\/\\\/secure.gravatar.com\\\/avatar\\\/bab33852abfd8b282518d6ed81826833d77c3c882d9ab608add591ccace47a44?s=96&d=mm&r=g\",\"contentUrl\":\"https:\\\/\\\/secure.gravatar.com\\\/avatar\\\/bab33852abfd8b282518d6ed81826833d77c3c882d9ab608add591ccace47a44?s=96&d=mm&r=g\",\"caption\":\"Kuzeyin Sesi\"},\"sameAs\":[\"https:\\\/\\\/kuzeyinsesi.org\"],\"url\":\"https:\\\/\\\/kuzeyinsesi.org\\\/index.php\\\/author\\\/guven\\\/\"}]}<\/script>\n<!-- \/ Yoast SEO plugin. -->","yoast_head_json":{"title":"Beyarmudu Belediyesi\u2019nin d\u00fczenledi\u011fi 8. Mesarya Tiyatro \u015e\u00f6leni ba\u015fl\u0131yor - Kuzeyin Sesi","robots":{"index":"index","follow":"follow","max-snippet":"max-snippet:-1","max-image-preview":"max-image-preview:large","max-video-preview":"max-video-preview:-1"},"canonical":"https:\/\/kuzeyinsesi.org\/index.php\/2025\/03\/20\/beyarmudu-belediyesinin-duzenledigi-8-mesarya-tiyatro-soleni-basliyor\/","og_locale":"tr_TR","og_type":"article","og_title":"Beyarmudu Belediyesi\u2019nin d\u00fczenledi\u011fi 8. Mesarya Tiyatro \u015e\u00f6leni ba\u015fl\u0131yor - Kuzeyin Sesi","og_description":"Beyarmudu Belediyesi taraf\u0131ndan bu y\u0131l 8. ger\u00e7ekle\u015ftirilecek olan Mesarya Tiyatro \u015e\u00f6leni 26 Mart\u2019ta ba\u015fl\u0131yor. Beyarmudu G\u00fcney Mesarya Sosyal Tesisleri\u2019nde bug\u00fcn d\u00fczenlenen bas\u0131n toplant\u0131s\u0131yla \u015f\u00f6lene ili\u015fkin detaylar kamuoyu ile payla\u015f\u0131ld\u0131. Beyarmudu Belediye Ba\u015fkan\u0131 B\u00fclent Bebek, konu\u015fmas\u0131n\u0131n ba\u015f\u0131nda sosyal ve k\u00fclt\u00fcrel faaliyetlere \u00f6nem verdiklerini belirtti.Bir y\u0131ll\u0131k haz\u0131rl\u0131k s\u00fcrecinin ard\u0131ndan 26 Mart \u00c7ar\u015famba g\u00fcn\u00fc ilk oyunun sahnelenece\u011fini anlatan [&hellip;]","og_url":"https:\/\/kuzeyinsesi.org\/index.php\/2025\/03\/20\/beyarmudu-belediyesinin-duzenledigi-8-mesarya-tiyatro-soleni-basliyor\/","og_site_name":"Kuzeyin Sesi","article_publisher":"https:\/\/www.facebook.com\/kuzeyinsesii","article_published_time":"2025-03-20T11:42:22+00:00","og_image":[{"url":"https:\/\/brtk.net\/wp-content\/uploads\/2025\/03\/20\/76b701a5-a814-46df-a431-760034fdf0b6.jpg?ver=55c5c01c3e1096a7e0a2a32daf74e57c","type":"","width":"","height":""}],"author":"Kuzeyin Sesi","twitter_card":"summary_large_image","twitter_creator":"@kuzeyinsesii","twitter_site":"@kuzeyinsesii","twitter_misc":{"Yazan:":"Kuzeyin Sesi","Tahmini okuma s\u00fcresi":"1 dakika"},"schema":{"@context":"https:\/\/schema.org","@graph":[{"@type":"Article","@id":"https:\/\/kuzeyinsesi.org\/index.php\/2025\/03\/20\/beyarmudu-belediyesinin-duzenledigi-8-mesarya-tiyatro-soleni-basliyor\/#article","isPartOf":{"@id":"https:\/\/kuzeyinsesi.org\/index.php\/2025\/03\/20\/beyarmudu-belediyesinin-duzenledigi-8-mesarya-tiyatro-soleni-basliyor\/"},"author":{"name":"Kuzeyin Sesi","@id":"https:\/\/kuzeyinsesi.org\/#\/schema\/person\/9f859689cdf01485597712386e37f5aa"},"headline":"Beyarmudu Belediyesi\u2019nin d\u00fczenledi\u011fi 8. Mesarya Tiyatro \u015e\u00f6leni ba\u015fl\u0131yor","datePublished":"2025-03-20T11:42:22+00:00","mainEntityOfPage":{"@id":"https:\/\/kuzeyinsesi.org\/index.php\/2025\/03\/20\/beyarmudu-belediyesinin-duzenledigi-8-mesarya-tiyatro-soleni-basliyor\/"},"wordCount":151,"commentCount":0,"image":{"@id":"https:\/\/kuzeyinsesi.org\/index.php\/2025\/03\/20\/beyarmudu-belediyesinin-duzenledigi-8-mesarya-tiyatro-soleni-basliyor\/#primaryimage"},"thumbnailUrl":"https:\/\/kuzeyinsesi.org\/wp-content\/uploads\/2025\/03\/76b701a5-a814-46df-a431-760034fdf0b6.jpg","articleSection":["Ya\u015fam"],"inLanguage":"tr","potentialAction":[{"@type":"CommentAction","name":"Comment","target":["https:\/\/kuzeyinsesi.org\/index.php\/2025\/03\/20\/beyarmudu-belediyesinin-duzenledigi-8-mesarya-tiyatro-soleni-basliyor\/#respond"]}]},{"@type":"WebPage","@id":"https:\/\/kuzeyinsesi.org\/index.php\/2025\/03\/20\/beyarmudu-belediyesinin-duzenledigi-8-mesarya-tiyatro-soleni-basliyor\/","url":"https:\/\/kuzeyinsesi.org\/index.php\/2025\/03\/20\/beyarmudu-belediyesinin-duzenledigi-8-mesarya-tiyatro-soleni-basliyor\/","name":"Beyarmudu Belediyesi\u2019nin d\u00fczenledi\u011fi 8. Mesarya Tiyatro \u015e\u00f6leni ba\u015fl\u0131yor - Kuzeyin Sesi","isPartOf":{"@id":"https:\/\/kuzeyinsesi.org\/#website"},"primaryImageOfPage":{"@id":"https:\/\/kuzeyinsesi.org\/index.php\/2025\/03\/20\/beyarmudu-belediyesinin-duzenledigi-8-mesarya-tiyatro-soleni-basliyor\/#primaryimage"},"image":{"@id":"https:\/\/kuzeyinsesi.org\/index.php\/2025\/03\/20\/beyarmudu-belediyesinin-duzenledigi-8-mesarya-tiyatro-soleni-basliyor\/#primaryimage"},"thumbnailUrl":"https:\/\/kuzeyinsesi.org\/wp-content\/uploads\/2025\/03\/76b701a5-a814-46df-a431-760034fdf0b6.jpg","datePublished":"2025-03-20T11:42:22+00:00","author":{"@id":"https:\/\/kuzeyinsesi.org\/#\/schema\/person\/9f859689cdf01485597712386e37f5aa"},"breadcrumb":{"@id":"https:\/\/kuzeyinsesi.org\/index.php\/2025\/03\/20\/beyarmudu-belediyesinin-duzenledigi-8-mesarya-tiyatro-soleni-basliyor\/#breadcrumb"},"inLanguage":"tr","potentialAction":[{"@type":"ReadAction","target":["https:\/\/kuzeyinsesi.org\/index.php\/2025\/03\/20\/beyarmudu-belediyesinin-duzenledigi-8-mesarya-tiyatro-soleni-basliyor\/"]}]},{"@type":"ImageObject","inLanguage":"tr","@id":"https:\/\/kuzeyinsesi.org\/index.php\/2025\/03\/20\/beyarmudu-belediyesinin-duzenledigi-8-mesarya-tiyatro-soleni-basliyor\/#primaryimage","url":"https:\/\/kuzeyinsesi.org\/wp-content\/uploads\/2025\/03\/76b701a5-a814-46df-a431-760034fdf0b6.jpg","contentUrl":"https:\/\/kuzeyinsesi.org\/wp-content\/uploads\/2025\/03\/76b701a5-a814-46df-a431-760034fdf0b6.jpg","width":1600,"height":720},{"@type":"BreadcrumbList","@id":"https:\/\/kuzeyinsesi.org\/index.php\/2025\/03\/20\/beyarmudu-belediyesinin-duzenledigi-8-mesarya-tiyatro-soleni-basliyor\/#breadcrumb","itemListElement":[{"@type":"ListItem","position":1,"name":"Anasayfa","item":"https:\/\/kuzeyinsesi.org\/"},{"@type":"ListItem","position":2,"name":"Beyarmudu Belediyesi\u2019nin d\u00fczenledi\u011fi 8. Mesarya Tiyatro \u015e\u00f6leni ba\u015fl\u0131yor"}]},{"@type":"WebSite","@id":"https:\/\/kuzeyinsesi.org\/#website","url":"https:\/\/kuzeyinsesi.org\/","name":"Kuzeyin Sesi","description":"Do\u011fru Haberin Adresi","potentialAction":[{"@type":"SearchAction","target":{"@type":"EntryPoint","urlTemplate":"https:\/\/kuzeyinsesi.org\/?s={search_term_string}"},"query-input":{"@type":"PropertyValueSpecification","valueRequired":true,"valueName":"search_term_string"}}],"inLanguage":"tr"},{"@type":"Person","@id":"https:\/\/kuzeyinsesi.org\/#\/schema\/person\/9f859689cdf01485597712386e37f5aa","name":"Kuzeyin Sesi","image":{"@type":"ImageObject","inLanguage":"tr","@id":"https:\/\/secure.gravatar.com\/avatar\/bab33852abfd8b282518d6ed81826833d77c3c882d9ab608add591ccace47a44?s=96&d=mm&r=g","url":"https:\/\/secure.gravatar.com\/avatar\/bab33852abfd8b282518d6ed81826833d77c3c882d9ab608add591ccace47a44?s=96&d=mm&r=g","contentUrl":"https:\/\/secure.gravatar.com\/avatar\/bab33852abfd8b282518d6ed81826833d77c3c882d9ab608add591ccace47a44?s=96&d=mm&r=g","caption":"Kuzeyin Sesi"},"sameAs":["https:\/\/kuzeyinsesi.org"],"url":"https:\/\/kuzeyinsesi.org\/index.php\/author\/guven\/"}]}},"_links":{"self":[{"href":"https:\/\/kuzeyinsesi.org\/index.php\/wp-json\/wp\/v2\/posts\/21368","targetHints":{"allow":["GET"]}}],"collection":[{"href":"https:\/\/kuzeyinsesi.org\/index.php\/wp-json\/wp\/v2\/posts"}],"about":[{"href":"https:\/\/kuzeyinsesi.org\/index.php\/wp-json\/wp\/v2\/types\/post"}],"author":[{"embeddable":true,"href":"https:\/\/kuzeyinsesi.org\/index.php\/wp-json\/wp\/v2\/users\/1"}],"replies":[{"embeddable":true,"href":"https:\/\/kuzeyinsesi.org\/index.php\/wp-json\/wp\/v2\/comments?post=21368"}],"version-history":[{"count":0,"href":"https:\/\/kuzeyinsesi.org\/index.php\/wp-json\/wp\/v2\/posts\/21368\/revisions"}],"wp:featuredmedia":[{"embeddable":true,"href":"https:\/\/kuzeyinsesi.org\/index.php\/wp-json\/wp\/v2\/media\/21369"}],"wp:attachment":[{"href":"https:\/\/kuzeyinsesi.org\/index.php\/wp-json\/wp\/v2\/media?parent=21368"}],"wp:term":[{"taxonomy":"category","embeddable":true,"href":"https:\/\/kuzeyinsesi.org\/index.php\/wp-json\/wp\/v2\/categories?post=21368"},{"taxonomy":"post_tag","embeddable":true,"href":"https:\/\/kuzeyinsesi.org\/index.php\/wp-json\/wp\/v2\/tags?post=21368"}],"curies":[{"name":"wp","href":"https:\/\/api.w.org\/{rel}","templated":true}]}}