{"id":21358,"date":"2025-03-20T12:41:11","date_gmt":"2025-03-20T10:41:11","guid":{"rendered":"https:\/\/kuzeyinsesi.org\/index.php\/2025\/03\/20\/daude-yarin-21-mart-dunya-siir-gunu-etkinligi\/"},"modified":"2025-03-20T12:41:11","modified_gmt":"2025-03-20T10:41:11","slug":"daude-yarin-21-mart-dunya-siir-gunu-etkinligi","status":"publish","type":"post","link":"https:\/\/kuzeyinsesi.org\/index.php\/2025\/03\/20\/daude-yarin-21-mart-dunya-siir-gunu-etkinligi\/","title":{"rendered":"DA\u00dc\u2019de yar\u0131n \u201c21 Mart D\u00fcnya \u015eiir G\u00fcn\u00fc\u201d etkinli\u011fi"},"content":{"rendered":"<div>\n<div class=\"mariselle-image-container center\">\n                                            <\/div>\n<p>K\u0131br\u0131s Sanat\u00e7\u0131 ve Yazarlar Birli\u011fi\u2019nin her y\u0131l geleneksel olarak d\u00fczenledi\u011fi \u201c21 Mart D\u00fcnya \u015eiir G\u00fcn\u00fc\u201d yar\u0131n Do\u011fu Akdeniz \u00dcniversitesi\u2019nin ev sahipli\u011finde yap\u0131l\u0131yor.<\/p>\n<p>DA\u00dc\u2019n\u00fcn a\u00e7\u0131klamas\u0131na g\u00f6re, K\u0131br\u0131s Sanat\u00e7\u0131 ve Yazarlar Birli\u011fi\u2019nin giri\u015fimi ve K\u0131br\u0131s Edebiyat\u00e7\u0131lar Birli\u011fi\u2019nin kat\u0131l\u0131m\u0131yla Do\u011fu Akdeniz \u00dcniversitesi\u2019nin ev sahipli\u011finde 2 etkinlik d\u00fczenleniyor.<\/p>\n<p>DA\u00dc Kamp\u00fcs\u00fc\u2019nde yer alan Sosyal ve K\u00fclt\u00fcrel Aktiviteler M\u00fcd\u00fcrl\u00fc\u011f\u00fc Aktivite Salonu\u2019nda saat 14.30\u2019da Emel Kaya moderat\u00f6rl\u00fc\u011f\u00fcnde Metin Cengiz, Tu\u011frul Keskin ve Maria Siakalli\u2019nin kat\u0131laca\u011f\u0131 \u201cDe\u011fi\u015fen D\u00fcnyada \u015eiir ve \u00c7eviri\u201d konulu s\u00f6yle\u015fi yap\u0131lacak. Saat 17.00\u2019de ise Atakan Sar\u0131 ve Mustafa Fegan\u2019\u0131n sunaca\u011f\u0131 m\u00fczik dinletisiyle \u015fairlerin \u015fiir \u015f\u00f6leni ba\u015flayacak.<\/p>\n<p>Etkinli\u011fe \u015fair, Nafia Akdeniz, Fatma Akilhoca, Zeki Ali, Levent Atiko\u011flu, H\u00fcseyin Bahca, Metin Cengiz, Alasios-Andreas Chrysanthou, Maria Chrysostomou, Kiriaki Drakou, Marios Georgiou, Katerina Herakleus, Mihalis P. Hristofidis, Giorgos Frangos, \u00dcmit \u0130nat\u00e7\u0131, Ruhsan \u0130skifo\u011flu, Emel Kaya, Tu\u011frul Keskin, Bur\u00e7ak Midilli, Tamer \u00d6nc\u00fcl, Faize \u00d6zdemirciler, Jean Poncet, Jenan Sel\u00e7uk, Maria Siakalli, Dimitra Sokratous, Tu\u011f\u00e7e Tekhanli ve Ne\u015fe Ya\u015f\u0131n kat\u0131lacak.<\/p>\n<\/p><\/div>\n<p><script async\n                    defer\n                    crossorigin=\"anonymous\"\n                    src=\"https:\/\/connect.facebook.net\/tr_TR\/sdk.js#xfbml=1&#038;version=v3.3\"\n            ><\/script><\/p>\n","protected":false},"excerpt":{"rendered":"<p>K\u0131br\u0131s Sanat\u00e7\u0131 ve Yazarlar Birli\u011fi\u2019nin her y\u0131l geleneksel olarak d\u00fczenledi\u011fi \u201c21 Mart D\u00fcnya \u015eiir G\u00fcn\u00fc\u201d yar\u0131n Do\u011fu Akdeniz \u00dcniversitesi\u2019nin ev sahipli\u011finde yap\u0131l\u0131yor. DA\u00dc\u2019n\u00fcn a\u00e7\u0131klamas\u0131na g\u00f6re, K\u0131br\u0131s Sanat\u00e7\u0131 ve Yazarlar Birli\u011fi\u2019nin giri\u015fimi ve K\u0131br\u0131s Edebiyat\u00e7\u0131lar Birli\u011fi\u2019nin kat\u0131l\u0131m\u0131yla Do\u011fu Akdeniz \u00dcniversitesi\u2019nin ev sahipli\u011finde 2 etkinlik d\u00fczenleniyor. DA\u00dc Kamp\u00fcs\u00fc\u2019nde yer alan Sosyal ve K\u00fclt\u00fcrel Aktiviteler M\u00fcd\u00fcrl\u00fc\u011f\u00fc Aktivite Salonu\u2019nda [&hellip;]<\/p>\n","protected":false},"author":1,"featured_media":21359,"comment_status":"open","ping_status":"open","sticky":false,"template":"","format":"standard","meta":{"jnews-multi-image_gallery":[],"jnews_single_post":[],"jnews_primary_category":[],"jnews_social_meta":[],"jnews_override_counter":[],"footnotes":""},"categories":[6],"tags":[],"class_list":["post-21358","post","type-post","status-publish","format-standard","has-post-thumbnail","hentry","category-yasam"],"yoast_head":"<!-- This site is optimized with the Yoast SEO plugin v27.4 - https:\/\/yoast.com\/product\/yoast-seo-wordpress\/ -->\n<title>DA\u00dc\u2019de yar\u0131n \u201c21 Mart D\u00fcnya \u015eiir G\u00fcn\u00fc\u201d etkinli\u011fi - Kuzeyin Sesi<\/title>\n<meta name=\"robots\" content=\"index, follow, max-snippet:-1, max-image-preview:large, max-video-preview:-1\" \/>\n<link rel=\"canonical\" href=\"https:\/\/kuzeyinsesi.org\/index.php\/2025\/03\/20\/daude-yarin-21-mart-dunya-siir-gunu-etkinligi\/\" \/>\n<meta property=\"og:locale\" content=\"tr_TR\" \/>\n<meta property=\"og:type\" content=\"article\" \/>\n<meta property=\"og:title\" content=\"DA\u00dc\u2019de yar\u0131n \u201c21 Mart D\u00fcnya \u015eiir G\u00fcn\u00fc\u201d etkinli\u011fi - Kuzeyin Sesi\" \/>\n<meta property=\"og:description\" content=\"K\u0131br\u0131s Sanat\u00e7\u0131 ve Yazarlar Birli\u011fi\u2019nin her y\u0131l geleneksel olarak d\u00fczenledi\u011fi \u201c21 Mart D\u00fcnya \u015eiir G\u00fcn\u00fc\u201d yar\u0131n Do\u011fu Akdeniz \u00dcniversitesi\u2019nin ev sahipli\u011finde yap\u0131l\u0131yor. DA\u00dc\u2019n\u00fcn a\u00e7\u0131klamas\u0131na g\u00f6re, K\u0131br\u0131s Sanat\u00e7\u0131 ve Yazarlar Birli\u011fi\u2019nin giri\u015fimi ve K\u0131br\u0131s Edebiyat\u00e7\u0131lar Birli\u011fi\u2019nin kat\u0131l\u0131m\u0131yla Do\u011fu Akdeniz \u00dcniversitesi\u2019nin ev sahipli\u011finde 2 etkinlik d\u00fczenleniyor. DA\u00dc Kamp\u00fcs\u00fc\u2019nde yer alan Sosyal ve K\u00fclt\u00fcrel Aktiviteler M\u00fcd\u00fcrl\u00fc\u011f\u00fc Aktivite Salonu\u2019nda [&hellip;]\" \/>\n<meta property=\"og:url\" content=\"https:\/\/kuzeyinsesi.org\/index.php\/2025\/03\/20\/daude-yarin-21-mart-dunya-siir-gunu-etkinligi\/\" \/>\n<meta property=\"og:site_name\" content=\"Kuzeyin Sesi\" \/>\n<meta property=\"article:publisher\" content=\"https:\/\/www.facebook.com\/kuzeyinsesii\" \/>\n<meta property=\"article:published_time\" content=\"2025-03-20T10:41:11+00:00\" \/>\n<meta property=\"og:image\" content=\"https:\/\/brtk.net\/wp-content\/uploads\/2025\/03\/20\/v2copyofdevletpiyangosunundnkekiliindebykikramiye67414numaralbileteisabetetti-2025-03-20t110748764_1742461684.jpg?ver=fbeeb43e1be3b6114ac291ee3d6c27bb\" \/>\n<meta name=\"author\" content=\"Kuzeyin Sesi\" \/>\n<meta name=\"twitter:card\" content=\"summary_large_image\" \/>\n<meta name=\"twitter:creator\" content=\"@kuzeyinsesii\" \/>\n<meta name=\"twitter:site\" content=\"@kuzeyinsesii\" \/>\n<meta name=\"twitter:label1\" content=\"Yazan:\" \/>\n\t<meta name=\"twitter:data1\" content=\"Kuzeyin Sesi\" \/>\n\t<meta name=\"twitter:label2\" content=\"Tahmini okuma s\u00fcresi\" \/>\n\t<meta name=\"twitter:data2\" content=\"1 dakika\" \/>\n<script type=\"application\/ld+json\" class=\"yoast-schema-graph\">{\"@context\":\"https:\\\/\\\/schema.org\",\"@graph\":[{\"@type\":\"Article\",\"@id\":\"https:\\\/\\\/kuzeyinsesi.org\\\/index.php\\\/2025\\\/03\\\/20\\\/daude-yarin-21-mart-dunya-siir-gunu-etkinligi\\\/#article\",\"isPartOf\":{\"@id\":\"https:\\\/\\\/kuzeyinsesi.org\\\/index.php\\\/2025\\\/03\\\/20\\\/daude-yarin-21-mart-dunya-siir-gunu-etkinligi\\\/\"},\"author\":{\"name\":\"Kuzeyin Sesi\",\"@id\":\"https:\\\/\\\/kuzeyinsesi.org\\\/#\\\/schema\\\/person\\\/9f859689cdf01485597712386e37f5aa\"},\"headline\":\"DA\u00dc\u2019de yar\u0131n \u201c21 Mart D\u00fcnya \u015eiir G\u00fcn\u00fc\u201d etkinli\u011fi\",\"datePublished\":\"2025-03-20T10:41:11+00:00\",\"mainEntityOfPage\":{\"@id\":\"https:\\\/\\\/kuzeyinsesi.org\\\/index.php\\\/2025\\\/03\\\/20\\\/daude-yarin-21-mart-dunya-siir-gunu-etkinligi\\\/\"},\"wordCount\":228,\"commentCount\":0,\"image\":{\"@id\":\"https:\\\/\\\/kuzeyinsesi.org\\\/index.php\\\/2025\\\/03\\\/20\\\/daude-yarin-21-mart-dunya-siir-gunu-etkinligi\\\/#primaryimage\"},\"thumbnailUrl\":\"https:\\\/\\\/kuzeyinsesi.org\\\/wp-content\\\/uploads\\\/2025\\\/03\\\/v2copyofdevletpiyangosunundnkekiliindebykikramiye67414numaralbileteisabetetti-2025-03-20t110748764_1.jpeg\",\"articleSection\":[\"Ya\u015fam\"],\"inLanguage\":\"tr\",\"potentialAction\":[{\"@type\":\"CommentAction\",\"name\":\"Comment\",\"target\":[\"https:\\\/\\\/kuzeyinsesi.org\\\/index.php\\\/2025\\\/03\\\/20\\\/daude-yarin-21-mart-dunya-siir-gunu-etkinligi\\\/#respond\"]}]},{\"@type\":\"WebPage\",\"@id\":\"https:\\\/\\\/kuzeyinsesi.org\\\/index.php\\\/2025\\\/03\\\/20\\\/daude-yarin-21-mart-dunya-siir-gunu-etkinligi\\\/\",\"url\":\"https:\\\/\\\/kuzeyinsesi.org\\\/index.php\\\/2025\\\/03\\\/20\\\/daude-yarin-21-mart-dunya-siir-gunu-etkinligi\\\/\",\"name\":\"DA\u00dc\u2019de yar\u0131n \u201c21 Mart D\u00fcnya \u015eiir G\u00fcn\u00fc\u201d etkinli\u011fi - Kuzeyin Sesi\",\"isPartOf\":{\"@id\":\"https:\\\/\\\/kuzeyinsesi.org\\\/#website\"},\"primaryImageOfPage\":{\"@id\":\"https:\\\/\\\/kuzeyinsesi.org\\\/index.php\\\/2025\\\/03\\\/20\\\/daude-yarin-21-mart-dunya-siir-gunu-etkinligi\\\/#primaryimage\"},\"image\":{\"@id\":\"https:\\\/\\\/kuzeyinsesi.org\\\/index.php\\\/2025\\\/03\\\/20\\\/daude-yarin-21-mart-dunya-siir-gunu-etkinligi\\\/#primaryimage\"},\"thumbnailUrl\":\"https:\\\/\\\/kuzeyinsesi.org\\\/wp-content\\\/uploads\\\/2025\\\/03\\\/v2copyofdevletpiyangosunundnkekiliindebykikramiye67414numaralbileteisabetetti-2025-03-20t110748764_1.jpeg\",\"datePublished\":\"2025-03-20T10:41:11+00:00\",\"author\":{\"@id\":\"https:\\\/\\\/kuzeyinsesi.org\\\/#\\\/schema\\\/person\\\/9f859689cdf01485597712386e37f5aa\"},\"breadcrumb\":{\"@id\":\"https:\\\/\\\/kuzeyinsesi.org\\\/index.php\\\/2025\\\/03\\\/20\\\/daude-yarin-21-mart-dunya-siir-gunu-etkinligi\\\/#breadcrumb\"},\"inLanguage\":\"tr\",\"potentialAction\":[{\"@type\":\"ReadAction\",\"target\":[\"https:\\\/\\\/kuzeyinsesi.org\\\/index.php\\\/2025\\\/03\\\/20\\\/daude-yarin-21-mart-dunya-siir-gunu-etkinligi\\\/\"]}]},{\"@type\":\"ImageObject\",\"inLanguage\":\"tr\",\"@id\":\"https:\\\/\\\/kuzeyinsesi.org\\\/index.php\\\/2025\\\/03\\\/20\\\/daude-yarin-21-mart-dunya-siir-gunu-etkinligi\\\/#primaryimage\",\"url\":\"https:\\\/\\\/kuzeyinsesi.org\\\/wp-content\\\/uploads\\\/2025\\\/03\\\/v2copyofdevletpiyangosunundnkekiliindebykikramiye67414numaralbileteisabetetti-2025-03-20t110748764_1.jpeg\",\"contentUrl\":\"https:\\\/\\\/kuzeyinsesi.org\\\/wp-content\\\/uploads\\\/2025\\\/03\\\/v2copyofdevletpiyangosunundnkekiliindebykikramiye67414numaralbileteisabetetti-2025-03-20t110748764_1.jpeg\",\"width\":971,\"height\":551},{\"@type\":\"BreadcrumbList\",\"@id\":\"https:\\\/\\\/kuzeyinsesi.org\\\/index.php\\\/2025\\\/03\\\/20\\\/daude-yarin-21-mart-dunya-siir-gunu-etkinligi\\\/#breadcrumb\",\"itemListElement\":[{\"@type\":\"ListItem\",\"position\":1,\"name\":\"Anasayfa\",\"item\":\"https:\\\/\\\/kuzeyinsesi.org\\\/\"},{\"@type\":\"ListItem\",\"position\":2,\"name\":\"DA\u00dc\u2019de yar\u0131n \u201c21 Mart D\u00fcnya \u015eiir G\u00fcn\u00fc\u201d etkinli\u011fi\"}]},{\"@type\":\"WebSite\",\"@id\":\"https:\\\/\\\/kuzeyinsesi.org\\\/#website\",\"url\":\"https:\\\/\\\/kuzeyinsesi.org\\\/\",\"name\":\"Kuzeyin Sesi\",\"description\":\"Do\u011fru Haberin Adresi\",\"potentialAction\":[{\"@type\":\"SearchAction\",\"target\":{\"@type\":\"EntryPoint\",\"urlTemplate\":\"https:\\\/\\\/kuzeyinsesi.org\\\/?s={search_term_string}\"},\"query-input\":{\"@type\":\"PropertyValueSpecification\",\"valueRequired\":true,\"valueName\":\"search_term_string\"}}],\"inLanguage\":\"tr\"},{\"@type\":\"Person\",\"@id\":\"https:\\\/\\\/kuzeyinsesi.org\\\/#\\\/schema\\\/person\\\/9f859689cdf01485597712386e37f5aa\",\"name\":\"Kuzeyin Sesi\",\"image\":{\"@type\":\"ImageObject\",\"inLanguage\":\"tr\",\"@id\":\"https:\\\/\\\/secure.gravatar.com\\\/avatar\\\/bab33852abfd8b282518d6ed81826833d77c3c882d9ab608add591ccace47a44?s=96&d=mm&r=g\",\"url\":\"https:\\\/\\\/secure.gravatar.com\\\/avatar\\\/bab33852abfd8b282518d6ed81826833d77c3c882d9ab608add591ccace47a44?s=96&d=mm&r=g\",\"contentUrl\":\"https:\\\/\\\/secure.gravatar.com\\\/avatar\\\/bab33852abfd8b282518d6ed81826833d77c3c882d9ab608add591ccace47a44?s=96&d=mm&r=g\",\"caption\":\"Kuzeyin Sesi\"},\"sameAs\":[\"https:\\\/\\\/kuzeyinsesi.org\"],\"url\":\"https:\\\/\\\/kuzeyinsesi.org\\\/index.php\\\/author\\\/guven\\\/\"}]}<\/script>\n<!-- \/ Yoast SEO plugin. -->","yoast_head_json":{"title":"DA\u00dc\u2019de yar\u0131n \u201c21 Mart D\u00fcnya \u015eiir G\u00fcn\u00fc\u201d etkinli\u011fi - Kuzeyin Sesi","robots":{"index":"index","follow":"follow","max-snippet":"max-snippet:-1","max-image-preview":"max-image-preview:large","max-video-preview":"max-video-preview:-1"},"canonical":"https:\/\/kuzeyinsesi.org\/index.php\/2025\/03\/20\/daude-yarin-21-mart-dunya-siir-gunu-etkinligi\/","og_locale":"tr_TR","og_type":"article","og_title":"DA\u00dc\u2019de yar\u0131n \u201c21 Mart D\u00fcnya \u015eiir G\u00fcn\u00fc\u201d etkinli\u011fi - Kuzeyin Sesi","og_description":"K\u0131br\u0131s Sanat\u00e7\u0131 ve Yazarlar Birli\u011fi\u2019nin her y\u0131l geleneksel olarak d\u00fczenledi\u011fi \u201c21 Mart D\u00fcnya \u015eiir G\u00fcn\u00fc\u201d yar\u0131n Do\u011fu Akdeniz \u00dcniversitesi\u2019nin ev sahipli\u011finde yap\u0131l\u0131yor. DA\u00dc\u2019n\u00fcn a\u00e7\u0131klamas\u0131na g\u00f6re, K\u0131br\u0131s Sanat\u00e7\u0131 ve Yazarlar Birli\u011fi\u2019nin giri\u015fimi ve K\u0131br\u0131s Edebiyat\u00e7\u0131lar Birli\u011fi\u2019nin kat\u0131l\u0131m\u0131yla Do\u011fu Akdeniz \u00dcniversitesi\u2019nin ev sahipli\u011finde 2 etkinlik d\u00fczenleniyor. DA\u00dc Kamp\u00fcs\u00fc\u2019nde yer alan Sosyal ve K\u00fclt\u00fcrel Aktiviteler M\u00fcd\u00fcrl\u00fc\u011f\u00fc Aktivite Salonu\u2019nda [&hellip;]","og_url":"https:\/\/kuzeyinsesi.org\/index.php\/2025\/03\/20\/daude-yarin-21-mart-dunya-siir-gunu-etkinligi\/","og_site_name":"Kuzeyin Sesi","article_publisher":"https:\/\/www.facebook.com\/kuzeyinsesii","article_published_time":"2025-03-20T10:41:11+00:00","og_image":[{"url":"https:\/\/brtk.net\/wp-content\/uploads\/2025\/03\/20\/v2copyofdevletpiyangosunundnkekiliindebykikramiye67414numaralbileteisabetetti-2025-03-20t110748764_1742461684.jpg?ver=fbeeb43e1be3b6114ac291ee3d6c27bb","type":"","width":"","height":""}],"author":"Kuzeyin Sesi","twitter_card":"summary_large_image","twitter_creator":"@kuzeyinsesii","twitter_site":"@kuzeyinsesii","twitter_misc":{"Yazan:":"Kuzeyin Sesi","Tahmini okuma s\u00fcresi":"1 dakika"},"schema":{"@context":"https:\/\/schema.org","@graph":[{"@type":"Article","@id":"https:\/\/kuzeyinsesi.org\/index.php\/2025\/03\/20\/daude-yarin-21-mart-dunya-siir-gunu-etkinligi\/#article","isPartOf":{"@id":"https:\/\/kuzeyinsesi.org\/index.php\/2025\/03\/20\/daude-yarin-21-mart-dunya-siir-gunu-etkinligi\/"},"author":{"name":"Kuzeyin Sesi","@id":"https:\/\/kuzeyinsesi.org\/#\/schema\/person\/9f859689cdf01485597712386e37f5aa"},"headline":"DA\u00dc\u2019de yar\u0131n \u201c21 Mart D\u00fcnya \u015eiir G\u00fcn\u00fc\u201d etkinli\u011fi","datePublished":"2025-03-20T10:41:11+00:00","mainEntityOfPage":{"@id":"https:\/\/kuzeyinsesi.org\/index.php\/2025\/03\/20\/daude-yarin-21-mart-dunya-siir-gunu-etkinligi\/"},"wordCount":228,"commentCount":0,"image":{"@id":"https:\/\/kuzeyinsesi.org\/index.php\/2025\/03\/20\/daude-yarin-21-mart-dunya-siir-gunu-etkinligi\/#primaryimage"},"thumbnailUrl":"https:\/\/kuzeyinsesi.org\/wp-content\/uploads\/2025\/03\/v2copyofdevletpiyangosunundnkekiliindebykikramiye67414numaralbileteisabetetti-2025-03-20t110748764_1.jpeg","articleSection":["Ya\u015fam"],"inLanguage":"tr","potentialAction":[{"@type":"CommentAction","name":"Comment","target":["https:\/\/kuzeyinsesi.org\/index.php\/2025\/03\/20\/daude-yarin-21-mart-dunya-siir-gunu-etkinligi\/#respond"]}]},{"@type":"WebPage","@id":"https:\/\/kuzeyinsesi.org\/index.php\/2025\/03\/20\/daude-yarin-21-mart-dunya-siir-gunu-etkinligi\/","url":"https:\/\/kuzeyinsesi.org\/index.php\/2025\/03\/20\/daude-yarin-21-mart-dunya-siir-gunu-etkinligi\/","name":"DA\u00dc\u2019de yar\u0131n \u201c21 Mart D\u00fcnya \u015eiir G\u00fcn\u00fc\u201d etkinli\u011fi - Kuzeyin Sesi","isPartOf":{"@id":"https:\/\/kuzeyinsesi.org\/#website"},"primaryImageOfPage":{"@id":"https:\/\/kuzeyinsesi.org\/index.php\/2025\/03\/20\/daude-yarin-21-mart-dunya-siir-gunu-etkinligi\/#primaryimage"},"image":{"@id":"https:\/\/kuzeyinsesi.org\/index.php\/2025\/03\/20\/daude-yarin-21-mart-dunya-siir-gunu-etkinligi\/#primaryimage"},"thumbnailUrl":"https:\/\/kuzeyinsesi.org\/wp-content\/uploads\/2025\/03\/v2copyofdevletpiyangosunundnkekiliindebykikramiye67414numaralbileteisabetetti-2025-03-20t110748764_1.jpeg","datePublished":"2025-03-20T10:41:11+00:00","author":{"@id":"https:\/\/kuzeyinsesi.org\/#\/schema\/person\/9f859689cdf01485597712386e37f5aa"},"breadcrumb":{"@id":"https:\/\/kuzeyinsesi.org\/index.php\/2025\/03\/20\/daude-yarin-21-mart-dunya-siir-gunu-etkinligi\/#breadcrumb"},"inLanguage":"tr","potentialAction":[{"@type":"ReadAction","target":["https:\/\/kuzeyinsesi.org\/index.php\/2025\/03\/20\/daude-yarin-21-mart-dunya-siir-gunu-etkinligi\/"]}]},{"@type":"ImageObject","inLanguage":"tr","@id":"https:\/\/kuzeyinsesi.org\/index.php\/2025\/03\/20\/daude-yarin-21-mart-dunya-siir-gunu-etkinligi\/#primaryimage","url":"https:\/\/kuzeyinsesi.org\/wp-content\/uploads\/2025\/03\/v2copyofdevletpiyangosunundnkekiliindebykikramiye67414numaralbileteisabetetti-2025-03-20t110748764_1.jpeg","contentUrl":"https:\/\/kuzeyinsesi.org\/wp-content\/uploads\/2025\/03\/v2copyofdevletpiyangosunundnkekiliindebykikramiye67414numaralbileteisabetetti-2025-03-20t110748764_1.jpeg","width":971,"height":551},{"@type":"BreadcrumbList","@id":"https:\/\/kuzeyinsesi.org\/index.php\/2025\/03\/20\/daude-yarin-21-mart-dunya-siir-gunu-etkinligi\/#breadcrumb","itemListElement":[{"@type":"ListItem","position":1,"name":"Anasayfa","item":"https:\/\/kuzeyinsesi.org\/"},{"@type":"ListItem","position":2,"name":"DA\u00dc\u2019de yar\u0131n \u201c21 Mart D\u00fcnya \u015eiir G\u00fcn\u00fc\u201d etkinli\u011fi"}]},{"@type":"WebSite","@id":"https:\/\/kuzeyinsesi.org\/#website","url":"https:\/\/kuzeyinsesi.org\/","name":"Kuzeyin Sesi","description":"Do\u011fru Haberin Adresi","potentialAction":[{"@type":"SearchAction","target":{"@type":"EntryPoint","urlTemplate":"https:\/\/kuzeyinsesi.org\/?s={search_term_string}"},"query-input":{"@type":"PropertyValueSpecification","valueRequired":true,"valueName":"search_term_string"}}],"inLanguage":"tr"},{"@type":"Person","@id":"https:\/\/kuzeyinsesi.org\/#\/schema\/person\/9f859689cdf01485597712386e37f5aa","name":"Kuzeyin Sesi","image":{"@type":"ImageObject","inLanguage":"tr","@id":"https:\/\/secure.gravatar.com\/avatar\/bab33852abfd8b282518d6ed81826833d77c3c882d9ab608add591ccace47a44?s=96&d=mm&r=g","url":"https:\/\/secure.gravatar.com\/avatar\/bab33852abfd8b282518d6ed81826833d77c3c882d9ab608add591ccace47a44?s=96&d=mm&r=g","contentUrl":"https:\/\/secure.gravatar.com\/avatar\/bab33852abfd8b282518d6ed81826833d77c3c882d9ab608add591ccace47a44?s=96&d=mm&r=g","caption":"Kuzeyin Sesi"},"sameAs":["https:\/\/kuzeyinsesi.org"],"url":"https:\/\/kuzeyinsesi.org\/index.php\/author\/guven\/"}]}},"_links":{"self":[{"href":"https:\/\/kuzeyinsesi.org\/index.php\/wp-json\/wp\/v2\/posts\/21358","targetHints":{"allow":["GET"]}}],"collection":[{"href":"https:\/\/kuzeyinsesi.org\/index.php\/wp-json\/wp\/v2\/posts"}],"about":[{"href":"https:\/\/kuzeyinsesi.org\/index.php\/wp-json\/wp\/v2\/types\/post"}],"author":[{"embeddable":true,"href":"https:\/\/kuzeyinsesi.org\/index.php\/wp-json\/wp\/v2\/users\/1"}],"replies":[{"embeddable":true,"href":"https:\/\/kuzeyinsesi.org\/index.php\/wp-json\/wp\/v2\/comments?post=21358"}],"version-history":[{"count":0,"href":"https:\/\/kuzeyinsesi.org\/index.php\/wp-json\/wp\/v2\/posts\/21358\/revisions"}],"wp:featuredmedia":[{"embeddable":true,"href":"https:\/\/kuzeyinsesi.org\/index.php\/wp-json\/wp\/v2\/media\/21359"}],"wp:attachment":[{"href":"https:\/\/kuzeyinsesi.org\/index.php\/wp-json\/wp\/v2\/media?parent=21358"}],"wp:term":[{"taxonomy":"category","embeddable":true,"href":"https:\/\/kuzeyinsesi.org\/index.php\/wp-json\/wp\/v2\/categories?post=21358"},{"taxonomy":"post_tag","embeddable":true,"href":"https:\/\/kuzeyinsesi.org\/index.php\/wp-json\/wp\/v2\/tags?post=21358"}],"curies":[{"name":"wp","href":"https:\/\/api.w.org\/{rel}","templated":true}]}}