{"id":21354,"date":"2025-03-20T11:40:38","date_gmt":"2025-03-20T09:40:38","guid":{"rendered":"https:\/\/kuzeyinsesi.org\/index.php\/2025\/03\/20\/lefkosa-belediye-orkestrasi-cocuk-ve-genclik-korosu-konser-verdi\/"},"modified":"2025-03-20T11:40:38","modified_gmt":"2025-03-20T09:40:38","slug":"lefkosa-belediye-orkestrasi-cocuk-ve-genclik-korosu-konser-verdi","status":"publish","type":"post","link":"https:\/\/kuzeyinsesi.org\/index.php\/2025\/03\/20\/lefkosa-belediye-orkestrasi-cocuk-ve-genclik-korosu-konser-verdi\/","title":{"rendered":"Lefko\u015fa Belediye Orkestras\u0131 \u00c7ocuk ve Gen\u00e7lik Korosu konser verdi"},"content":{"rendered":"<div>\n<div class=\"mariselle-image-container center\">\n                                            <\/div>\n<p> Lefko\u015fa Belediye Orkestras\u0131 b\u00fcnyesinde faaliyet g\u00f6steren \u00c7ocuk ve \u00c7ok Sesli Gen\u00e7lik Korosu, Atat\u00fcrk K\u00fclt\u00fcr Merkezi\u2019nde konser verdi.<\/p>\n<p>Hare Yakula ve Emine Koreli Sakarya y\u00f6netimindeki koro, Yard\u0131mc\u0131 \u015eef G\u00fcn Selengin ve Piyanist G\u00f6zdem \u0130lkay e\u015fli\u011finde sahne ald\u0131.<\/p>\n<p>LTB\u2019den verilen bilgiye g\u00f6re, konserin sonunda seslendirilen son par\u00e7an\u0131n ard\u0131ndan ise koro, salonu dolduran izleyiciler taraf\u0131ndan ayakta alk\u0131\u015fland\u0131.<\/p>\n<p>Konseri izleyen Lefko\u015fa T\u00fcrk Belediyesi Ba\u015fkan\u0131 Mehmet Harmanc\u0131, LBO \u00c7ocuk ve Gen\u00e7lik Korosu ile \u015fef ve yard\u0131mc\u0131 \u015fefleri tebrik ederken, organizasyona emek veren herkese de te\u015fekk\u00fcr etti.<\/p>\n<\/p><\/div>\n<p><script async\n                    defer\n                    crossorigin=\"anonymous\"\n                    src=\"https:\/\/connect.facebook.net\/tr_TR\/sdk.js#xfbml=1&#038;version=v3.3\"\n            ><\/script><\/p>\n","protected":false},"excerpt":{"rendered":"<p>Lefko\u015fa Belediye Orkestras\u0131 b\u00fcnyesinde faaliyet g\u00f6steren \u00c7ocuk ve \u00c7ok Sesli Gen\u00e7lik Korosu, Atat\u00fcrk K\u00fclt\u00fcr Merkezi\u2019nde konser verdi. Hare Yakula ve Emine Koreli Sakarya y\u00f6netimindeki koro, Yard\u0131mc\u0131 \u015eef G\u00fcn Selengin ve Piyanist G\u00f6zdem \u0130lkay e\u015fli\u011finde sahne ald\u0131. LTB\u2019den verilen bilgiye g\u00f6re, konserin sonunda seslendirilen son par\u00e7an\u0131n ard\u0131ndan ise koro, salonu dolduran izleyiciler taraf\u0131ndan ayakta alk\u0131\u015fland\u0131. Konseri [&hellip;]<\/p>\n","protected":false},"author":1,"featured_media":21355,"comment_status":"open","ping_status":"open","sticky":false,"template":"","format":"standard","meta":{"jnews-multi-image_gallery":[],"jnews_single_post":[],"jnews_primary_category":[],"jnews_social_meta":[],"jnews_override_counter":[],"footnotes":""},"categories":[6],"tags":[],"class_list":["post-21354","post","type-post","status-publish","format-standard","has-post-thumbnail","hentry","category-yasam"],"yoast_head":"<!-- This site is optimized with the Yoast SEO plugin v27.4 - https:\/\/yoast.com\/product\/yoast-seo-wordpress\/ -->\n<title>Lefko\u015fa Belediye Orkestras\u0131 \u00c7ocuk ve Gen\u00e7lik Korosu konser verdi - Kuzeyin Sesi<\/title>\n<meta name=\"robots\" content=\"index, follow, max-snippet:-1, max-image-preview:large, max-video-preview:-1\" \/>\n<link rel=\"canonical\" href=\"https:\/\/kuzeyinsesi.org\/index.php\/2025\/03\/20\/lefkosa-belediye-orkestrasi-cocuk-ve-genclik-korosu-konser-verdi\/\" \/>\n<meta property=\"og:locale\" content=\"tr_TR\" \/>\n<meta property=\"og:type\" content=\"article\" \/>\n<meta property=\"og:title\" content=\"Lefko\u015fa Belediye Orkestras\u0131 \u00c7ocuk ve Gen\u00e7lik Korosu konser verdi - Kuzeyin Sesi\" \/>\n<meta property=\"og:description\" content=\"Lefko\u015fa Belediye Orkestras\u0131 b\u00fcnyesinde faaliyet g\u00f6steren \u00c7ocuk ve \u00c7ok Sesli Gen\u00e7lik Korosu, Atat\u00fcrk K\u00fclt\u00fcr Merkezi\u2019nde konser verdi. Hare Yakula ve Emine Koreli Sakarya y\u00f6netimindeki koro, Yard\u0131mc\u0131 \u015eef G\u00fcn Selengin ve Piyanist G\u00f6zdem \u0130lkay e\u015fli\u011finde sahne ald\u0131. LTB\u2019den verilen bilgiye g\u00f6re, konserin sonunda seslendirilen son par\u00e7an\u0131n ard\u0131ndan ise koro, salonu dolduran izleyiciler taraf\u0131ndan ayakta alk\u0131\u015fland\u0131. Konseri [&hellip;]\" \/>\n<meta property=\"og:url\" content=\"https:\/\/kuzeyinsesi.org\/index.php\/2025\/03\/20\/lefkosa-belediye-orkestrasi-cocuk-ve-genclik-korosu-konser-verdi\/\" \/>\n<meta property=\"og:site_name\" content=\"Kuzeyin Sesi\" \/>\n<meta property=\"article:publisher\" content=\"https:\/\/www.facebook.com\/kuzeyinsesii\" \/>\n<meta property=\"article:published_time\" content=\"2025-03-20T09:40:38+00:00\" \/>\n<meta property=\"og:image\" content=\"https:\/\/brtk.net\/wp-content\/uploads\/2025\/03\/20\/989898989.jpeg?ver=61d5b7e95a83995bdcf82dc03442ff38\" \/>\n<meta name=\"author\" content=\"Kuzeyin Sesi\" \/>\n<meta name=\"twitter:card\" content=\"summary_large_image\" \/>\n<meta name=\"twitter:creator\" content=\"@kuzeyinsesii\" \/>\n<meta name=\"twitter:site\" content=\"@kuzeyinsesii\" \/>\n<meta name=\"twitter:label1\" content=\"Yazan:\" \/>\n\t<meta name=\"twitter:data1\" content=\"Kuzeyin Sesi\" \/>\n\t<meta name=\"twitter:label2\" content=\"Tahmini okuma s\u00fcresi\" \/>\n\t<meta name=\"twitter:data2\" content=\"1 dakika\" \/>\n<script type=\"application\/ld+json\" class=\"yoast-schema-graph\">{\"@context\":\"https:\\\/\\\/schema.org\",\"@graph\":[{\"@type\":\"Article\",\"@id\":\"https:\\\/\\\/kuzeyinsesi.org\\\/index.php\\\/2025\\\/03\\\/20\\\/lefkosa-belediye-orkestrasi-cocuk-ve-genclik-korosu-konser-verdi\\\/#article\",\"isPartOf\":{\"@id\":\"https:\\\/\\\/kuzeyinsesi.org\\\/index.php\\\/2025\\\/03\\\/20\\\/lefkosa-belediye-orkestrasi-cocuk-ve-genclik-korosu-konser-verdi\\\/\"},\"author\":{\"name\":\"Kuzeyin Sesi\",\"@id\":\"https:\\\/\\\/kuzeyinsesi.org\\\/#\\\/schema\\\/person\\\/9f859689cdf01485597712386e37f5aa\"},\"headline\":\"Lefko\u015fa Belediye Orkestras\u0131 \u00c7ocuk ve Gen\u00e7lik Korosu konser verdi\",\"datePublished\":\"2025-03-20T09:40:38+00:00\",\"mainEntityOfPage\":{\"@id\":\"https:\\\/\\\/kuzeyinsesi.org\\\/index.php\\\/2025\\\/03\\\/20\\\/lefkosa-belediye-orkestrasi-cocuk-ve-genclik-korosu-konser-verdi\\\/\"},\"wordCount\":120,\"commentCount\":0,\"image\":{\"@id\":\"https:\\\/\\\/kuzeyinsesi.org\\\/index.php\\\/2025\\\/03\\\/20\\\/lefkosa-belediye-orkestrasi-cocuk-ve-genclik-korosu-konser-verdi\\\/#primaryimage\"},\"thumbnailUrl\":\"https:\\\/\\\/kuzeyinsesi.org\\\/wp-content\\\/uploads\\\/2025\\\/03\\\/989898989.jpeg\",\"articleSection\":[\"Ya\u015fam\"],\"inLanguage\":\"tr\",\"potentialAction\":[{\"@type\":\"CommentAction\",\"name\":\"Comment\",\"target\":[\"https:\\\/\\\/kuzeyinsesi.org\\\/index.php\\\/2025\\\/03\\\/20\\\/lefkosa-belediye-orkestrasi-cocuk-ve-genclik-korosu-konser-verdi\\\/#respond\"]}]},{\"@type\":\"WebPage\",\"@id\":\"https:\\\/\\\/kuzeyinsesi.org\\\/index.php\\\/2025\\\/03\\\/20\\\/lefkosa-belediye-orkestrasi-cocuk-ve-genclik-korosu-konser-verdi\\\/\",\"url\":\"https:\\\/\\\/kuzeyinsesi.org\\\/index.php\\\/2025\\\/03\\\/20\\\/lefkosa-belediye-orkestrasi-cocuk-ve-genclik-korosu-konser-verdi\\\/\",\"name\":\"Lefko\u015fa Belediye Orkestras\u0131 \u00c7ocuk ve Gen\u00e7lik Korosu konser verdi - Kuzeyin Sesi\",\"isPartOf\":{\"@id\":\"https:\\\/\\\/kuzeyinsesi.org\\\/#website\"},\"primaryImageOfPage\":{\"@id\":\"https:\\\/\\\/kuzeyinsesi.org\\\/index.php\\\/2025\\\/03\\\/20\\\/lefkosa-belediye-orkestrasi-cocuk-ve-genclik-korosu-konser-verdi\\\/#primaryimage\"},\"image\":{\"@id\":\"https:\\\/\\\/kuzeyinsesi.org\\\/index.php\\\/2025\\\/03\\\/20\\\/lefkosa-belediye-orkestrasi-cocuk-ve-genclik-korosu-konser-verdi\\\/#primaryimage\"},\"thumbnailUrl\":\"https:\\\/\\\/kuzeyinsesi.org\\\/wp-content\\\/uploads\\\/2025\\\/03\\\/989898989.jpeg\",\"datePublished\":\"2025-03-20T09:40:38+00:00\",\"author\":{\"@id\":\"https:\\\/\\\/kuzeyinsesi.org\\\/#\\\/schema\\\/person\\\/9f859689cdf01485597712386e37f5aa\"},\"breadcrumb\":{\"@id\":\"https:\\\/\\\/kuzeyinsesi.org\\\/index.php\\\/2025\\\/03\\\/20\\\/lefkosa-belediye-orkestrasi-cocuk-ve-genclik-korosu-konser-verdi\\\/#breadcrumb\"},\"inLanguage\":\"tr\",\"potentialAction\":[{\"@type\":\"ReadAction\",\"target\":[\"https:\\\/\\\/kuzeyinsesi.org\\\/index.php\\\/2025\\\/03\\\/20\\\/lefkosa-belediye-orkestrasi-cocuk-ve-genclik-korosu-konser-verdi\\\/\"]}]},{\"@type\":\"ImageObject\",\"inLanguage\":\"tr\",\"@id\":\"https:\\\/\\\/kuzeyinsesi.org\\\/index.php\\\/2025\\\/03\\\/20\\\/lefkosa-belediye-orkestrasi-cocuk-ve-genclik-korosu-konser-verdi\\\/#primaryimage\",\"url\":\"https:\\\/\\\/kuzeyinsesi.org\\\/wp-content\\\/uploads\\\/2025\\\/03\\\/989898989.jpeg\",\"contentUrl\":\"https:\\\/\\\/kuzeyinsesi.org\\\/wp-content\\\/uploads\\\/2025\\\/03\\\/989898989.jpeg\",\"width\":1600,\"height\":884},{\"@type\":\"BreadcrumbList\",\"@id\":\"https:\\\/\\\/kuzeyinsesi.org\\\/index.php\\\/2025\\\/03\\\/20\\\/lefkosa-belediye-orkestrasi-cocuk-ve-genclik-korosu-konser-verdi\\\/#breadcrumb\",\"itemListElement\":[{\"@type\":\"ListItem\",\"position\":1,\"name\":\"Anasayfa\",\"item\":\"https:\\\/\\\/kuzeyinsesi.org\\\/\"},{\"@type\":\"ListItem\",\"position\":2,\"name\":\"Lefko\u015fa Belediye Orkestras\u0131 \u00c7ocuk ve Gen\u00e7lik Korosu konser verdi\"}]},{\"@type\":\"WebSite\",\"@id\":\"https:\\\/\\\/kuzeyinsesi.org\\\/#website\",\"url\":\"https:\\\/\\\/kuzeyinsesi.org\\\/\",\"name\":\"Kuzeyin Sesi\",\"description\":\"Do\u011fru Haberin Adresi\",\"potentialAction\":[{\"@type\":\"SearchAction\",\"target\":{\"@type\":\"EntryPoint\",\"urlTemplate\":\"https:\\\/\\\/kuzeyinsesi.org\\\/?s={search_term_string}\"},\"query-input\":{\"@type\":\"PropertyValueSpecification\",\"valueRequired\":true,\"valueName\":\"search_term_string\"}}],\"inLanguage\":\"tr\"},{\"@type\":\"Person\",\"@id\":\"https:\\\/\\\/kuzeyinsesi.org\\\/#\\\/schema\\\/person\\\/9f859689cdf01485597712386e37f5aa\",\"name\":\"Kuzeyin Sesi\",\"image\":{\"@type\":\"ImageObject\",\"inLanguage\":\"tr\",\"@id\":\"https:\\\/\\\/secure.gravatar.com\\\/avatar\\\/bab33852abfd8b282518d6ed81826833d77c3c882d9ab608add591ccace47a44?s=96&d=mm&r=g\",\"url\":\"https:\\\/\\\/secure.gravatar.com\\\/avatar\\\/bab33852abfd8b282518d6ed81826833d77c3c882d9ab608add591ccace47a44?s=96&d=mm&r=g\",\"contentUrl\":\"https:\\\/\\\/secure.gravatar.com\\\/avatar\\\/bab33852abfd8b282518d6ed81826833d77c3c882d9ab608add591ccace47a44?s=96&d=mm&r=g\",\"caption\":\"Kuzeyin Sesi\"},\"sameAs\":[\"https:\\\/\\\/kuzeyinsesi.org\"],\"url\":\"https:\\\/\\\/kuzeyinsesi.org\\\/index.php\\\/author\\\/guven\\\/\"}]}<\/script>\n<!-- \/ Yoast SEO plugin. -->","yoast_head_json":{"title":"Lefko\u015fa Belediye Orkestras\u0131 \u00c7ocuk ve Gen\u00e7lik Korosu konser verdi - Kuzeyin Sesi","robots":{"index":"index","follow":"follow","max-snippet":"max-snippet:-1","max-image-preview":"max-image-preview:large","max-video-preview":"max-video-preview:-1"},"canonical":"https:\/\/kuzeyinsesi.org\/index.php\/2025\/03\/20\/lefkosa-belediye-orkestrasi-cocuk-ve-genclik-korosu-konser-verdi\/","og_locale":"tr_TR","og_type":"article","og_title":"Lefko\u015fa Belediye Orkestras\u0131 \u00c7ocuk ve Gen\u00e7lik Korosu konser verdi - Kuzeyin Sesi","og_description":"Lefko\u015fa Belediye Orkestras\u0131 b\u00fcnyesinde faaliyet g\u00f6steren \u00c7ocuk ve \u00c7ok Sesli Gen\u00e7lik Korosu, Atat\u00fcrk K\u00fclt\u00fcr Merkezi\u2019nde konser verdi. Hare Yakula ve Emine Koreli Sakarya y\u00f6netimindeki koro, Yard\u0131mc\u0131 \u015eef G\u00fcn Selengin ve Piyanist G\u00f6zdem \u0130lkay e\u015fli\u011finde sahne ald\u0131. LTB\u2019den verilen bilgiye g\u00f6re, konserin sonunda seslendirilen son par\u00e7an\u0131n ard\u0131ndan ise koro, salonu dolduran izleyiciler taraf\u0131ndan ayakta alk\u0131\u015fland\u0131. Konseri [&hellip;]","og_url":"https:\/\/kuzeyinsesi.org\/index.php\/2025\/03\/20\/lefkosa-belediye-orkestrasi-cocuk-ve-genclik-korosu-konser-verdi\/","og_site_name":"Kuzeyin Sesi","article_publisher":"https:\/\/www.facebook.com\/kuzeyinsesii","article_published_time":"2025-03-20T09:40:38+00:00","og_image":[{"url":"https:\/\/brtk.net\/wp-content\/uploads\/2025\/03\/20\/989898989.jpeg?ver=61d5b7e95a83995bdcf82dc03442ff38","type":"","width":"","height":""}],"author":"Kuzeyin Sesi","twitter_card":"summary_large_image","twitter_creator":"@kuzeyinsesii","twitter_site":"@kuzeyinsesii","twitter_misc":{"Yazan:":"Kuzeyin Sesi","Tahmini okuma s\u00fcresi":"1 dakika"},"schema":{"@context":"https:\/\/schema.org","@graph":[{"@type":"Article","@id":"https:\/\/kuzeyinsesi.org\/index.php\/2025\/03\/20\/lefkosa-belediye-orkestrasi-cocuk-ve-genclik-korosu-konser-verdi\/#article","isPartOf":{"@id":"https:\/\/kuzeyinsesi.org\/index.php\/2025\/03\/20\/lefkosa-belediye-orkestrasi-cocuk-ve-genclik-korosu-konser-verdi\/"},"author":{"name":"Kuzeyin Sesi","@id":"https:\/\/kuzeyinsesi.org\/#\/schema\/person\/9f859689cdf01485597712386e37f5aa"},"headline":"Lefko\u015fa Belediye Orkestras\u0131 \u00c7ocuk ve Gen\u00e7lik Korosu konser verdi","datePublished":"2025-03-20T09:40:38+00:00","mainEntityOfPage":{"@id":"https:\/\/kuzeyinsesi.org\/index.php\/2025\/03\/20\/lefkosa-belediye-orkestrasi-cocuk-ve-genclik-korosu-konser-verdi\/"},"wordCount":120,"commentCount":0,"image":{"@id":"https:\/\/kuzeyinsesi.org\/index.php\/2025\/03\/20\/lefkosa-belediye-orkestrasi-cocuk-ve-genclik-korosu-konser-verdi\/#primaryimage"},"thumbnailUrl":"https:\/\/kuzeyinsesi.org\/wp-content\/uploads\/2025\/03\/989898989.jpeg","articleSection":["Ya\u015fam"],"inLanguage":"tr","potentialAction":[{"@type":"CommentAction","name":"Comment","target":["https:\/\/kuzeyinsesi.org\/index.php\/2025\/03\/20\/lefkosa-belediye-orkestrasi-cocuk-ve-genclik-korosu-konser-verdi\/#respond"]}]},{"@type":"WebPage","@id":"https:\/\/kuzeyinsesi.org\/index.php\/2025\/03\/20\/lefkosa-belediye-orkestrasi-cocuk-ve-genclik-korosu-konser-verdi\/","url":"https:\/\/kuzeyinsesi.org\/index.php\/2025\/03\/20\/lefkosa-belediye-orkestrasi-cocuk-ve-genclik-korosu-konser-verdi\/","name":"Lefko\u015fa Belediye Orkestras\u0131 \u00c7ocuk ve Gen\u00e7lik Korosu konser verdi - Kuzeyin Sesi","isPartOf":{"@id":"https:\/\/kuzeyinsesi.org\/#website"},"primaryImageOfPage":{"@id":"https:\/\/kuzeyinsesi.org\/index.php\/2025\/03\/20\/lefkosa-belediye-orkestrasi-cocuk-ve-genclik-korosu-konser-verdi\/#primaryimage"},"image":{"@id":"https:\/\/kuzeyinsesi.org\/index.php\/2025\/03\/20\/lefkosa-belediye-orkestrasi-cocuk-ve-genclik-korosu-konser-verdi\/#primaryimage"},"thumbnailUrl":"https:\/\/kuzeyinsesi.org\/wp-content\/uploads\/2025\/03\/989898989.jpeg","datePublished":"2025-03-20T09:40:38+00:00","author":{"@id":"https:\/\/kuzeyinsesi.org\/#\/schema\/person\/9f859689cdf01485597712386e37f5aa"},"breadcrumb":{"@id":"https:\/\/kuzeyinsesi.org\/index.php\/2025\/03\/20\/lefkosa-belediye-orkestrasi-cocuk-ve-genclik-korosu-konser-verdi\/#breadcrumb"},"inLanguage":"tr","potentialAction":[{"@type":"ReadAction","target":["https:\/\/kuzeyinsesi.org\/index.php\/2025\/03\/20\/lefkosa-belediye-orkestrasi-cocuk-ve-genclik-korosu-konser-verdi\/"]}]},{"@type":"ImageObject","inLanguage":"tr","@id":"https:\/\/kuzeyinsesi.org\/index.php\/2025\/03\/20\/lefkosa-belediye-orkestrasi-cocuk-ve-genclik-korosu-konser-verdi\/#primaryimage","url":"https:\/\/kuzeyinsesi.org\/wp-content\/uploads\/2025\/03\/989898989.jpeg","contentUrl":"https:\/\/kuzeyinsesi.org\/wp-content\/uploads\/2025\/03\/989898989.jpeg","width":1600,"height":884},{"@type":"BreadcrumbList","@id":"https:\/\/kuzeyinsesi.org\/index.php\/2025\/03\/20\/lefkosa-belediye-orkestrasi-cocuk-ve-genclik-korosu-konser-verdi\/#breadcrumb","itemListElement":[{"@type":"ListItem","position":1,"name":"Anasayfa","item":"https:\/\/kuzeyinsesi.org\/"},{"@type":"ListItem","position":2,"name":"Lefko\u015fa Belediye Orkestras\u0131 \u00c7ocuk ve Gen\u00e7lik Korosu konser verdi"}]},{"@type":"WebSite","@id":"https:\/\/kuzeyinsesi.org\/#website","url":"https:\/\/kuzeyinsesi.org\/","name":"Kuzeyin Sesi","description":"Do\u011fru Haberin Adresi","potentialAction":[{"@type":"SearchAction","target":{"@type":"EntryPoint","urlTemplate":"https:\/\/kuzeyinsesi.org\/?s={search_term_string}"},"query-input":{"@type":"PropertyValueSpecification","valueRequired":true,"valueName":"search_term_string"}}],"inLanguage":"tr"},{"@type":"Person","@id":"https:\/\/kuzeyinsesi.org\/#\/schema\/person\/9f859689cdf01485597712386e37f5aa","name":"Kuzeyin Sesi","image":{"@type":"ImageObject","inLanguage":"tr","@id":"https:\/\/secure.gravatar.com\/avatar\/bab33852abfd8b282518d6ed81826833d77c3c882d9ab608add591ccace47a44?s=96&d=mm&r=g","url":"https:\/\/secure.gravatar.com\/avatar\/bab33852abfd8b282518d6ed81826833d77c3c882d9ab608add591ccace47a44?s=96&d=mm&r=g","contentUrl":"https:\/\/secure.gravatar.com\/avatar\/bab33852abfd8b282518d6ed81826833d77c3c882d9ab608add591ccace47a44?s=96&d=mm&r=g","caption":"Kuzeyin Sesi"},"sameAs":["https:\/\/kuzeyinsesi.org"],"url":"https:\/\/kuzeyinsesi.org\/index.php\/author\/guven\/"}]}},"_links":{"self":[{"href":"https:\/\/kuzeyinsesi.org\/index.php\/wp-json\/wp\/v2\/posts\/21354","targetHints":{"allow":["GET"]}}],"collection":[{"href":"https:\/\/kuzeyinsesi.org\/index.php\/wp-json\/wp\/v2\/posts"}],"about":[{"href":"https:\/\/kuzeyinsesi.org\/index.php\/wp-json\/wp\/v2\/types\/post"}],"author":[{"embeddable":true,"href":"https:\/\/kuzeyinsesi.org\/index.php\/wp-json\/wp\/v2\/users\/1"}],"replies":[{"embeddable":true,"href":"https:\/\/kuzeyinsesi.org\/index.php\/wp-json\/wp\/v2\/comments?post=21354"}],"version-history":[{"count":0,"href":"https:\/\/kuzeyinsesi.org\/index.php\/wp-json\/wp\/v2\/posts\/21354\/revisions"}],"wp:featuredmedia":[{"embeddable":true,"href":"https:\/\/kuzeyinsesi.org\/index.php\/wp-json\/wp\/v2\/media\/21355"}],"wp:attachment":[{"href":"https:\/\/kuzeyinsesi.org\/index.php\/wp-json\/wp\/v2\/media?parent=21354"}],"wp:term":[{"taxonomy":"category","embeddable":true,"href":"https:\/\/kuzeyinsesi.org\/index.php\/wp-json\/wp\/v2\/categories?post=21354"},{"taxonomy":"post_tag","embeddable":true,"href":"https:\/\/kuzeyinsesi.org\/index.php\/wp-json\/wp\/v2\/tags?post=21354"}],"curies":[{"name":"wp","href":"https:\/\/api.w.org\/{rel}","templated":true}]}}