{"id":21352,"date":"2025-03-20T11:39:23","date_gmt":"2025-03-20T09:39:23","guid":{"rendered":"https:\/\/kuzeyinsesi.org\/index.php\/2025\/03\/20\/tcmbden-doviz-aciklamasi-turk-lirasi-uzlasmali-vadeli-doviz-satim-islemleri-basliyor\/"},"modified":"2025-03-20T11:39:23","modified_gmt":"2025-03-20T09:39:23","slug":"tcmbden-doviz-aciklamasi-turk-lirasi-uzlasmali-vadeli-doviz-satim-islemleri-basliyor","status":"publish","type":"post","link":"https:\/\/kuzeyinsesi.org\/index.php\/2025\/03\/20\/tcmbden-doviz-aciklamasi-turk-lirasi-uzlasmali-vadeli-doviz-satim-islemleri-basliyor\/","title":{"rendered":"TCMB\u2019den d\u00f6viz a\u00e7\u0131klamas\u0131: \u201cT\u00fcrk liras\u0131 uzla\u015fmal\u0131 vadeli d\u00f6viz sat\u0131m i\u015flemleri ba\u015fl\u0131yor\u201d"},"content":{"rendered":"<div>\n<div class=\"mariselle-image-container center\">\n                                            <\/div>\n<p>T\u00fcrkiye Cumhuriyet Merkez Bankas\u0131 (TCMB), d\u00f6viz piyasas\u0131n\u0131n sa\u011fl\u0131kl\u0131 \u00e7al\u0131\u015fmas\u0131, kurlarda oynakl\u0131klar\u0131n engellenmesi ve d\u00f6viz likiditesinin dengelenmesi amac\u0131yla TL uzla\u015fmal\u0131 vadeli d\u00f6viz sat\u0131m i\u015flemlerine ba\u015fl\u0131yor.<\/p>\n<p>TCMB, T\u00fcrk liras\u0131 uzla\u015fmal\u0131 vadeli d\u00f6viz sat\u0131m i\u015flemlerine ili\u015fkin a\u00e7\u0131klama yapt\u0131.<\/p>\n<p>A\u00e7\u0131klamada, \u201cD\u00f6viz piyasas\u0131n\u0131n sa\u011fl\u0131kl\u0131 \u00e7al\u0131\u015fmas\u0131, d\u00f6viz kurlar\u0131nda g\u00f6zlenebilecek oynakl\u0131klar\u0131n engellenmesi ve d\u00f6viz likiditesinin dengelenmesi amac\u0131yla T\u00fcrkiye Cumhuriyet Merkez Bankas\u0131 nezdinde T\u00fcrk liras\u0131 uzla\u015fmal\u0131 vadeli d\u00f6viz sat\u0131m i\u015flemlerine ba\u015flanacakt\u0131r.\u201d ifadeleri yer ald\u0131.<\/p>\n<\/p><\/div>\n<p><script async\n                    defer\n                    crossorigin=\"anonymous\"\n                    src=\"https:\/\/connect.facebook.net\/tr_TR\/sdk.js#xfbml=1&#038;version=v3.3\"\n            ><\/script><\/p>\n","protected":false},"excerpt":{"rendered":"<p>T\u00fcrkiye Cumhuriyet Merkez Bankas\u0131 (TCMB), d\u00f6viz piyasas\u0131n\u0131n sa\u011fl\u0131kl\u0131 \u00e7al\u0131\u015fmas\u0131, kurlarda oynakl\u0131klar\u0131n engellenmesi ve d\u00f6viz likiditesinin dengelenmesi amac\u0131yla TL uzla\u015fmal\u0131 vadeli d\u00f6viz sat\u0131m i\u015flemlerine ba\u015fl\u0131yor. TCMB, T\u00fcrk liras\u0131 uzla\u015fmal\u0131 vadeli d\u00f6viz sat\u0131m i\u015flemlerine ili\u015fkin a\u00e7\u0131klama yapt\u0131. A\u00e7\u0131klamada, \u201cD\u00f6viz piyasas\u0131n\u0131n sa\u011fl\u0131kl\u0131 \u00e7al\u0131\u015fmas\u0131, d\u00f6viz kurlar\u0131nda g\u00f6zlenebilecek oynakl\u0131klar\u0131n engellenmesi ve d\u00f6viz likiditesinin dengelenmesi amac\u0131yla T\u00fcrkiye Cumhuriyet Merkez Bankas\u0131 nezdinde [&hellip;]<\/p>\n","protected":false},"author":1,"featured_media":21353,"comment_status":"open","ping_status":"open","sticky":false,"template":"","format":"standard","meta":{"jnews-multi-image_gallery":[],"jnews_single_post":[],"jnews_primary_category":[],"jnews_social_meta":[],"jnews_override_counter":[],"footnotes":""},"categories":[5],"tags":[],"class_list":["post-21352","post","type-post","status-publish","format-standard","has-post-thumbnail","hentry","category-turkiye"],"yoast_head":"<!-- This site is optimized with the Yoast SEO plugin v27.5 - https:\/\/yoast.com\/product\/yoast-seo-wordpress\/ -->\n<title>TCMB\u2019den d\u00f6viz a\u00e7\u0131klamas\u0131: \u201cT\u00fcrk liras\u0131 uzla\u015fmal\u0131 vadeli d\u00f6viz sat\u0131m i\u015flemleri ba\u015fl\u0131yor\u201d - Kuzeyin Sesi<\/title>\n<meta name=\"robots\" content=\"index, follow, max-snippet:-1, max-image-preview:large, max-video-preview:-1\" \/>\n<link rel=\"canonical\" href=\"https:\/\/kuzeyinsesi.org\/index.php\/2025\/03\/20\/tcmbden-doviz-aciklamasi-turk-lirasi-uzlasmali-vadeli-doviz-satim-islemleri-basliyor\/\" \/>\n<meta property=\"og:locale\" content=\"tr_TR\" \/>\n<meta property=\"og:type\" content=\"article\" \/>\n<meta property=\"og:title\" content=\"TCMB\u2019den d\u00f6viz a\u00e7\u0131klamas\u0131: \u201cT\u00fcrk liras\u0131 uzla\u015fmal\u0131 vadeli d\u00f6viz sat\u0131m i\u015flemleri ba\u015fl\u0131yor\u201d - Kuzeyin Sesi\" \/>\n<meta property=\"og:description\" content=\"T\u00fcrkiye Cumhuriyet Merkez Bankas\u0131 (TCMB), d\u00f6viz piyasas\u0131n\u0131n sa\u011fl\u0131kl\u0131 \u00e7al\u0131\u015fmas\u0131, kurlarda oynakl\u0131klar\u0131n engellenmesi ve d\u00f6viz likiditesinin dengelenmesi amac\u0131yla TL uzla\u015fmal\u0131 vadeli d\u00f6viz sat\u0131m i\u015flemlerine ba\u015fl\u0131yor. TCMB, T\u00fcrk liras\u0131 uzla\u015fmal\u0131 vadeli d\u00f6viz sat\u0131m i\u015flemlerine ili\u015fkin a\u00e7\u0131klama yapt\u0131. A\u00e7\u0131klamada, \u201cD\u00f6viz piyasas\u0131n\u0131n sa\u011fl\u0131kl\u0131 \u00e7al\u0131\u015fmas\u0131, d\u00f6viz kurlar\u0131nda g\u00f6zlenebilecek oynakl\u0131klar\u0131n engellenmesi ve d\u00f6viz likiditesinin dengelenmesi amac\u0131yla T\u00fcrkiye Cumhuriyet Merkez Bankas\u0131 nezdinde [&hellip;]\" \/>\n<meta property=\"og:url\" content=\"https:\/\/kuzeyinsesi.org\/index.php\/2025\/03\/20\/tcmbden-doviz-aciklamasi-turk-lirasi-uzlasmali-vadeli-doviz-satim-islemleri-basliyor\/\" \/>\n<meta property=\"og:site_name\" content=\"Kuzeyin Sesi\" \/>\n<meta property=\"article:publisher\" content=\"https:\/\/www.facebook.com\/kuzeyinsesii\" \/>\n<meta property=\"article:published_time\" content=\"2025-03-20T09:39:23+00:00\" \/>\n<meta property=\"og:image\" content=\"https:\/\/brtk.net\/wp-content\/uploads\/2024\/03\/21\/TCMERKEZBANKASI1.jpg?ver=2bc94a1fbd11ef670ec9f1cf237b0482\" \/>\n<meta name=\"author\" content=\"Kuzeyin Sesi\" \/>\n<meta name=\"twitter:card\" content=\"summary_large_image\" \/>\n<meta name=\"twitter:creator\" content=\"@kuzeyinsesii\" \/>\n<meta name=\"twitter:site\" content=\"@kuzeyinsesii\" \/>\n<meta name=\"twitter:label1\" content=\"Yazan:\" \/>\n\t<meta name=\"twitter:data1\" content=\"Kuzeyin Sesi\" \/>\n\t<meta name=\"twitter:label2\" content=\"Tahmini okuma s\u00fcresi\" \/>\n\t<meta name=\"twitter:data2\" content=\"1 dakika\" \/>\n<script type=\"application\/ld+json\" class=\"yoast-schema-graph\">{\"@context\":\"https:\\\/\\\/schema.org\",\"@graph\":[{\"@type\":\"Article\",\"@id\":\"https:\\\/\\\/kuzeyinsesi.org\\\/index.php\\\/2025\\\/03\\\/20\\\/tcmbden-doviz-aciklamasi-turk-lirasi-uzlasmali-vadeli-doviz-satim-islemleri-basliyor\\\/#article\",\"isPartOf\":{\"@id\":\"https:\\\/\\\/kuzeyinsesi.org\\\/index.php\\\/2025\\\/03\\\/20\\\/tcmbden-doviz-aciklamasi-turk-lirasi-uzlasmali-vadeli-doviz-satim-islemleri-basliyor\\\/\"},\"author\":{\"name\":\"Kuzeyin Sesi\",\"@id\":\"https:\\\/\\\/kuzeyinsesi.org\\\/#\\\/schema\\\/person\\\/9f859689cdf01485597712386e37f5aa\"},\"headline\":\"TCMB\u2019den d\u00f6viz a\u00e7\u0131klamas\u0131: \u201cT\u00fcrk liras\u0131 uzla\u015fmal\u0131 vadeli d\u00f6viz sat\u0131m i\u015flemleri ba\u015fl\u0131yor\u201d\",\"datePublished\":\"2025-03-20T09:39:23+00:00\",\"mainEntityOfPage\":{\"@id\":\"https:\\\/\\\/kuzeyinsesi.org\\\/index.php\\\/2025\\\/03\\\/20\\\/tcmbden-doviz-aciklamasi-turk-lirasi-uzlasmali-vadeli-doviz-satim-islemleri-basliyor\\\/\"},\"wordCount\":133,\"commentCount\":0,\"image\":{\"@id\":\"https:\\\/\\\/kuzeyinsesi.org\\\/index.php\\\/2025\\\/03\\\/20\\\/tcmbden-doviz-aciklamasi-turk-lirasi-uzlasmali-vadeli-doviz-satim-islemleri-basliyor\\\/#primaryimage\"},\"thumbnailUrl\":\"https:\\\/\\\/kuzeyinsesi.org\\\/wp-content\\\/uploads\\\/2025\\\/03\\\/tc-merkez-bankasi.jpg\",\"articleSection\":[\"T\u00fcrkiye\"],\"inLanguage\":\"tr\",\"potentialAction\":[{\"@type\":\"CommentAction\",\"name\":\"Comment\",\"target\":[\"https:\\\/\\\/kuzeyinsesi.org\\\/index.php\\\/2025\\\/03\\\/20\\\/tcmbden-doviz-aciklamasi-turk-lirasi-uzlasmali-vadeli-doviz-satim-islemleri-basliyor\\\/#respond\"]}]},{\"@type\":\"WebPage\",\"@id\":\"https:\\\/\\\/kuzeyinsesi.org\\\/index.php\\\/2025\\\/03\\\/20\\\/tcmbden-doviz-aciklamasi-turk-lirasi-uzlasmali-vadeli-doviz-satim-islemleri-basliyor\\\/\",\"url\":\"https:\\\/\\\/kuzeyinsesi.org\\\/index.php\\\/2025\\\/03\\\/20\\\/tcmbden-doviz-aciklamasi-turk-lirasi-uzlasmali-vadeli-doviz-satim-islemleri-basliyor\\\/\",\"name\":\"TCMB\u2019den d\u00f6viz a\u00e7\u0131klamas\u0131: \u201cT\u00fcrk liras\u0131 uzla\u015fmal\u0131 vadeli d\u00f6viz sat\u0131m i\u015flemleri ba\u015fl\u0131yor\u201d - Kuzeyin Sesi\",\"isPartOf\":{\"@id\":\"https:\\\/\\\/kuzeyinsesi.org\\\/#website\"},\"primaryImageOfPage\":{\"@id\":\"https:\\\/\\\/kuzeyinsesi.org\\\/index.php\\\/2025\\\/03\\\/20\\\/tcmbden-doviz-aciklamasi-turk-lirasi-uzlasmali-vadeli-doviz-satim-islemleri-basliyor\\\/#primaryimage\"},\"image\":{\"@id\":\"https:\\\/\\\/kuzeyinsesi.org\\\/index.php\\\/2025\\\/03\\\/20\\\/tcmbden-doviz-aciklamasi-turk-lirasi-uzlasmali-vadeli-doviz-satim-islemleri-basliyor\\\/#primaryimage\"},\"thumbnailUrl\":\"https:\\\/\\\/kuzeyinsesi.org\\\/wp-content\\\/uploads\\\/2025\\\/03\\\/tc-merkez-bankasi.jpg\",\"datePublished\":\"2025-03-20T09:39:23+00:00\",\"author\":{\"@id\":\"https:\\\/\\\/kuzeyinsesi.org\\\/#\\\/schema\\\/person\\\/9f859689cdf01485597712386e37f5aa\"},\"breadcrumb\":{\"@id\":\"https:\\\/\\\/kuzeyinsesi.org\\\/index.php\\\/2025\\\/03\\\/20\\\/tcmbden-doviz-aciklamasi-turk-lirasi-uzlasmali-vadeli-doviz-satim-islemleri-basliyor\\\/#breadcrumb\"},\"inLanguage\":\"tr\",\"potentialAction\":[{\"@type\":\"ReadAction\",\"target\":[\"https:\\\/\\\/kuzeyinsesi.org\\\/index.php\\\/2025\\\/03\\\/20\\\/tcmbden-doviz-aciklamasi-turk-lirasi-uzlasmali-vadeli-doviz-satim-islemleri-basliyor\\\/\"]}]},{\"@type\":\"ImageObject\",\"inLanguage\":\"tr\",\"@id\":\"https:\\\/\\\/kuzeyinsesi.org\\\/index.php\\\/2025\\\/03\\\/20\\\/tcmbden-doviz-aciklamasi-turk-lirasi-uzlasmali-vadeli-doviz-satim-islemleri-basliyor\\\/#primaryimage\",\"url\":\"https:\\\/\\\/kuzeyinsesi.org\\\/wp-content\\\/uploads\\\/2025\\\/03\\\/tc-merkez-bankasi.jpg\",\"contentUrl\":\"https:\\\/\\\/kuzeyinsesi.org\\\/wp-content\\\/uploads\\\/2025\\\/03\\\/tc-merkez-bankasi.jpg\",\"width\":800,\"height\":450},{\"@type\":\"BreadcrumbList\",\"@id\":\"https:\\\/\\\/kuzeyinsesi.org\\\/index.php\\\/2025\\\/03\\\/20\\\/tcmbden-doviz-aciklamasi-turk-lirasi-uzlasmali-vadeli-doviz-satim-islemleri-basliyor\\\/#breadcrumb\",\"itemListElement\":[{\"@type\":\"ListItem\",\"position\":1,\"name\":\"Anasayfa\",\"item\":\"https:\\\/\\\/kuzeyinsesi.org\\\/\"},{\"@type\":\"ListItem\",\"position\":2,\"name\":\"TCMB\u2019den d\u00f6viz a\u00e7\u0131klamas\u0131: \u201cT\u00fcrk liras\u0131 uzla\u015fmal\u0131 vadeli d\u00f6viz sat\u0131m i\u015flemleri ba\u015fl\u0131yor\u201d\"}]},{\"@type\":\"WebSite\",\"@id\":\"https:\\\/\\\/kuzeyinsesi.org\\\/#website\",\"url\":\"https:\\\/\\\/kuzeyinsesi.org\\\/\",\"name\":\"Kuzeyin Sesi\",\"description\":\"Do\u011fru Haberin Adresi\",\"potentialAction\":[{\"@type\":\"SearchAction\",\"target\":{\"@type\":\"EntryPoint\",\"urlTemplate\":\"https:\\\/\\\/kuzeyinsesi.org\\\/?s={search_term_string}\"},\"query-input\":{\"@type\":\"PropertyValueSpecification\",\"valueRequired\":true,\"valueName\":\"search_term_string\"}}],\"inLanguage\":\"tr\"},{\"@type\":\"Person\",\"@id\":\"https:\\\/\\\/kuzeyinsesi.org\\\/#\\\/schema\\\/person\\\/9f859689cdf01485597712386e37f5aa\",\"name\":\"Kuzeyin Sesi\",\"image\":{\"@type\":\"ImageObject\",\"inLanguage\":\"tr\",\"@id\":\"https:\\\/\\\/secure.gravatar.com\\\/avatar\\\/bab33852abfd8b282518d6ed81826833d77c3c882d9ab608add591ccace47a44?s=96&d=mm&r=g\",\"url\":\"https:\\\/\\\/secure.gravatar.com\\\/avatar\\\/bab33852abfd8b282518d6ed81826833d77c3c882d9ab608add591ccace47a44?s=96&d=mm&r=g\",\"contentUrl\":\"https:\\\/\\\/secure.gravatar.com\\\/avatar\\\/bab33852abfd8b282518d6ed81826833d77c3c882d9ab608add591ccace47a44?s=96&d=mm&r=g\",\"caption\":\"Kuzeyin Sesi\"},\"sameAs\":[\"https:\\\/\\\/kuzeyinsesi.org\"],\"url\":\"https:\\\/\\\/kuzeyinsesi.org\\\/index.php\\\/author\\\/guven\\\/\"}]}<\/script>\n<!-- \/ Yoast SEO plugin. -->","yoast_head_json":{"title":"TCMB\u2019den d\u00f6viz a\u00e7\u0131klamas\u0131: \u201cT\u00fcrk liras\u0131 uzla\u015fmal\u0131 vadeli d\u00f6viz sat\u0131m i\u015flemleri ba\u015fl\u0131yor\u201d - Kuzeyin Sesi","robots":{"index":"index","follow":"follow","max-snippet":"max-snippet:-1","max-image-preview":"max-image-preview:large","max-video-preview":"max-video-preview:-1"},"canonical":"https:\/\/kuzeyinsesi.org\/index.php\/2025\/03\/20\/tcmbden-doviz-aciklamasi-turk-lirasi-uzlasmali-vadeli-doviz-satim-islemleri-basliyor\/","og_locale":"tr_TR","og_type":"article","og_title":"TCMB\u2019den d\u00f6viz a\u00e7\u0131klamas\u0131: \u201cT\u00fcrk liras\u0131 uzla\u015fmal\u0131 vadeli d\u00f6viz sat\u0131m i\u015flemleri ba\u015fl\u0131yor\u201d - Kuzeyin Sesi","og_description":"T\u00fcrkiye Cumhuriyet Merkez Bankas\u0131 (TCMB), d\u00f6viz piyasas\u0131n\u0131n sa\u011fl\u0131kl\u0131 \u00e7al\u0131\u015fmas\u0131, kurlarda oynakl\u0131klar\u0131n engellenmesi ve d\u00f6viz likiditesinin dengelenmesi amac\u0131yla TL uzla\u015fmal\u0131 vadeli d\u00f6viz sat\u0131m i\u015flemlerine ba\u015fl\u0131yor. TCMB, T\u00fcrk liras\u0131 uzla\u015fmal\u0131 vadeli d\u00f6viz sat\u0131m i\u015flemlerine ili\u015fkin a\u00e7\u0131klama yapt\u0131. A\u00e7\u0131klamada, \u201cD\u00f6viz piyasas\u0131n\u0131n sa\u011fl\u0131kl\u0131 \u00e7al\u0131\u015fmas\u0131, d\u00f6viz kurlar\u0131nda g\u00f6zlenebilecek oynakl\u0131klar\u0131n engellenmesi ve d\u00f6viz likiditesinin dengelenmesi amac\u0131yla T\u00fcrkiye Cumhuriyet Merkez Bankas\u0131 nezdinde [&hellip;]","og_url":"https:\/\/kuzeyinsesi.org\/index.php\/2025\/03\/20\/tcmbden-doviz-aciklamasi-turk-lirasi-uzlasmali-vadeli-doviz-satim-islemleri-basliyor\/","og_site_name":"Kuzeyin Sesi","article_publisher":"https:\/\/www.facebook.com\/kuzeyinsesii","article_published_time":"2025-03-20T09:39:23+00:00","og_image":[{"url":"https:\/\/brtk.net\/wp-content\/uploads\/2024\/03\/21\/TCMERKEZBANKASI1.jpg?ver=2bc94a1fbd11ef670ec9f1cf237b0482","type":"","width":"","height":""}],"author":"Kuzeyin Sesi","twitter_card":"summary_large_image","twitter_creator":"@kuzeyinsesii","twitter_site":"@kuzeyinsesii","twitter_misc":{"Yazan:":"Kuzeyin Sesi","Tahmini okuma s\u00fcresi":"1 dakika"},"schema":{"@context":"https:\/\/schema.org","@graph":[{"@type":"Article","@id":"https:\/\/kuzeyinsesi.org\/index.php\/2025\/03\/20\/tcmbden-doviz-aciklamasi-turk-lirasi-uzlasmali-vadeli-doviz-satim-islemleri-basliyor\/#article","isPartOf":{"@id":"https:\/\/kuzeyinsesi.org\/index.php\/2025\/03\/20\/tcmbden-doviz-aciklamasi-turk-lirasi-uzlasmali-vadeli-doviz-satim-islemleri-basliyor\/"},"author":{"name":"Kuzeyin Sesi","@id":"https:\/\/kuzeyinsesi.org\/#\/schema\/person\/9f859689cdf01485597712386e37f5aa"},"headline":"TCMB\u2019den d\u00f6viz a\u00e7\u0131klamas\u0131: \u201cT\u00fcrk liras\u0131 uzla\u015fmal\u0131 vadeli d\u00f6viz sat\u0131m i\u015flemleri ba\u015fl\u0131yor\u201d","datePublished":"2025-03-20T09:39:23+00:00","mainEntityOfPage":{"@id":"https:\/\/kuzeyinsesi.org\/index.php\/2025\/03\/20\/tcmbden-doviz-aciklamasi-turk-lirasi-uzlasmali-vadeli-doviz-satim-islemleri-basliyor\/"},"wordCount":133,"commentCount":0,"image":{"@id":"https:\/\/kuzeyinsesi.org\/index.php\/2025\/03\/20\/tcmbden-doviz-aciklamasi-turk-lirasi-uzlasmali-vadeli-doviz-satim-islemleri-basliyor\/#primaryimage"},"thumbnailUrl":"https:\/\/kuzeyinsesi.org\/wp-content\/uploads\/2025\/03\/tc-merkez-bankasi.jpg","articleSection":["T\u00fcrkiye"],"inLanguage":"tr","potentialAction":[{"@type":"CommentAction","name":"Comment","target":["https:\/\/kuzeyinsesi.org\/index.php\/2025\/03\/20\/tcmbden-doviz-aciklamasi-turk-lirasi-uzlasmali-vadeli-doviz-satim-islemleri-basliyor\/#respond"]}]},{"@type":"WebPage","@id":"https:\/\/kuzeyinsesi.org\/index.php\/2025\/03\/20\/tcmbden-doviz-aciklamasi-turk-lirasi-uzlasmali-vadeli-doviz-satim-islemleri-basliyor\/","url":"https:\/\/kuzeyinsesi.org\/index.php\/2025\/03\/20\/tcmbden-doviz-aciklamasi-turk-lirasi-uzlasmali-vadeli-doviz-satim-islemleri-basliyor\/","name":"TCMB\u2019den d\u00f6viz a\u00e7\u0131klamas\u0131: \u201cT\u00fcrk liras\u0131 uzla\u015fmal\u0131 vadeli d\u00f6viz sat\u0131m i\u015flemleri ba\u015fl\u0131yor\u201d - Kuzeyin Sesi","isPartOf":{"@id":"https:\/\/kuzeyinsesi.org\/#website"},"primaryImageOfPage":{"@id":"https:\/\/kuzeyinsesi.org\/index.php\/2025\/03\/20\/tcmbden-doviz-aciklamasi-turk-lirasi-uzlasmali-vadeli-doviz-satim-islemleri-basliyor\/#primaryimage"},"image":{"@id":"https:\/\/kuzeyinsesi.org\/index.php\/2025\/03\/20\/tcmbden-doviz-aciklamasi-turk-lirasi-uzlasmali-vadeli-doviz-satim-islemleri-basliyor\/#primaryimage"},"thumbnailUrl":"https:\/\/kuzeyinsesi.org\/wp-content\/uploads\/2025\/03\/tc-merkez-bankasi.jpg","datePublished":"2025-03-20T09:39:23+00:00","author":{"@id":"https:\/\/kuzeyinsesi.org\/#\/schema\/person\/9f859689cdf01485597712386e37f5aa"},"breadcrumb":{"@id":"https:\/\/kuzeyinsesi.org\/index.php\/2025\/03\/20\/tcmbden-doviz-aciklamasi-turk-lirasi-uzlasmali-vadeli-doviz-satim-islemleri-basliyor\/#breadcrumb"},"inLanguage":"tr","potentialAction":[{"@type":"ReadAction","target":["https:\/\/kuzeyinsesi.org\/index.php\/2025\/03\/20\/tcmbden-doviz-aciklamasi-turk-lirasi-uzlasmali-vadeli-doviz-satim-islemleri-basliyor\/"]}]},{"@type":"ImageObject","inLanguage":"tr","@id":"https:\/\/kuzeyinsesi.org\/index.php\/2025\/03\/20\/tcmbden-doviz-aciklamasi-turk-lirasi-uzlasmali-vadeli-doviz-satim-islemleri-basliyor\/#primaryimage","url":"https:\/\/kuzeyinsesi.org\/wp-content\/uploads\/2025\/03\/tc-merkez-bankasi.jpg","contentUrl":"https:\/\/kuzeyinsesi.org\/wp-content\/uploads\/2025\/03\/tc-merkez-bankasi.jpg","width":800,"height":450},{"@type":"BreadcrumbList","@id":"https:\/\/kuzeyinsesi.org\/index.php\/2025\/03\/20\/tcmbden-doviz-aciklamasi-turk-lirasi-uzlasmali-vadeli-doviz-satim-islemleri-basliyor\/#breadcrumb","itemListElement":[{"@type":"ListItem","position":1,"name":"Anasayfa","item":"https:\/\/kuzeyinsesi.org\/"},{"@type":"ListItem","position":2,"name":"TCMB\u2019den d\u00f6viz a\u00e7\u0131klamas\u0131: \u201cT\u00fcrk liras\u0131 uzla\u015fmal\u0131 vadeli d\u00f6viz sat\u0131m i\u015flemleri ba\u015fl\u0131yor\u201d"}]},{"@type":"WebSite","@id":"https:\/\/kuzeyinsesi.org\/#website","url":"https:\/\/kuzeyinsesi.org\/","name":"Kuzeyin Sesi","description":"Do\u011fru Haberin Adresi","potentialAction":[{"@type":"SearchAction","target":{"@type":"EntryPoint","urlTemplate":"https:\/\/kuzeyinsesi.org\/?s={search_term_string}"},"query-input":{"@type":"PropertyValueSpecification","valueRequired":true,"valueName":"search_term_string"}}],"inLanguage":"tr"},{"@type":"Person","@id":"https:\/\/kuzeyinsesi.org\/#\/schema\/person\/9f859689cdf01485597712386e37f5aa","name":"Kuzeyin Sesi","image":{"@type":"ImageObject","inLanguage":"tr","@id":"https:\/\/secure.gravatar.com\/avatar\/bab33852abfd8b282518d6ed81826833d77c3c882d9ab608add591ccace47a44?s=96&d=mm&r=g","url":"https:\/\/secure.gravatar.com\/avatar\/bab33852abfd8b282518d6ed81826833d77c3c882d9ab608add591ccace47a44?s=96&d=mm&r=g","contentUrl":"https:\/\/secure.gravatar.com\/avatar\/bab33852abfd8b282518d6ed81826833d77c3c882d9ab608add591ccace47a44?s=96&d=mm&r=g","caption":"Kuzeyin Sesi"},"sameAs":["https:\/\/kuzeyinsesi.org"],"url":"https:\/\/kuzeyinsesi.org\/index.php\/author\/guven\/"}]}},"_links":{"self":[{"href":"https:\/\/kuzeyinsesi.org\/index.php\/wp-json\/wp\/v2\/posts\/21352","targetHints":{"allow":["GET"]}}],"collection":[{"href":"https:\/\/kuzeyinsesi.org\/index.php\/wp-json\/wp\/v2\/posts"}],"about":[{"href":"https:\/\/kuzeyinsesi.org\/index.php\/wp-json\/wp\/v2\/types\/post"}],"author":[{"embeddable":true,"href":"https:\/\/kuzeyinsesi.org\/index.php\/wp-json\/wp\/v2\/users\/1"}],"replies":[{"embeddable":true,"href":"https:\/\/kuzeyinsesi.org\/index.php\/wp-json\/wp\/v2\/comments?post=21352"}],"version-history":[{"count":0,"href":"https:\/\/kuzeyinsesi.org\/index.php\/wp-json\/wp\/v2\/posts\/21352\/revisions"}],"wp:featuredmedia":[{"embeddable":true,"href":"https:\/\/kuzeyinsesi.org\/index.php\/wp-json\/wp\/v2\/media\/21353"}],"wp:attachment":[{"href":"https:\/\/kuzeyinsesi.org\/index.php\/wp-json\/wp\/v2\/media?parent=21352"}],"wp:term":[{"taxonomy":"category","embeddable":true,"href":"https:\/\/kuzeyinsesi.org\/index.php\/wp-json\/wp\/v2\/categories?post=21352"},{"taxonomy":"post_tag","embeddable":true,"href":"https:\/\/kuzeyinsesi.org\/index.php\/wp-json\/wp\/v2\/tags?post=21352"}],"curies":[{"name":"wp","href":"https:\/\/api.w.org\/{rel}","templated":true}]}}