{"id":21336,"date":"2025-03-20T10:38:09","date_gmt":"2025-03-20T08:38:09","guid":{"rendered":"https:\/\/kuzeyinsesi.org\/index.php\/2025\/03\/20\/canakkale-gecilmez-konseri-tamamlandi\/"},"modified":"2025-03-20T10:38:09","modified_gmt":"2025-03-20T08:38:09","slug":"canakkale-gecilmez-konseri-tamamlandi","status":"publish","type":"post","link":"https:\/\/kuzeyinsesi.org\/index.php\/2025\/03\/20\/canakkale-gecilmez-konseri-tamamlandi\/","title":{"rendered":"\u201c\u00c7anakkale Ge\u00e7ilmez\u201d konseri tamamland\u0131"},"content":{"rendered":"<div>\n<div class=\"mariselle-image-container center\">\n                                            <\/div>\n<p>Devlet Opera ve Bale Koordinasyon Merkezi\u2019nin (KKTCDOB) Ortado\u011fu Teknik \u00dcniversitesi Kuzey K\u0131br\u0131s Kamp\u00fcs\u00fc (ODT\u00dc KKK) K\u00fclt\u00fcr ve Kongre Merkezi Rauf Raif Denkta\u015f Salonu\u2019nda, 18 Mart \u015eehitleri Anma G\u00fcn\u00fc ve \u00c7anakkale Zaferi\u2019nin 110. Y\u0131l\u0131 an\u0131s\u0131na ger\u00e7ekle\u015ftirdi\u011fi \u201c\u00c7anakkale Ge\u00e7ilmez\u201d konseri tamamland\u0131.<\/p>\n<p>Devlet Opera ve Bale Koordinasyon Merkezi\u2019nden yap\u0131lan a\u00e7\u0131klamaya g\u00f6re, konser, Telsim\u2019in ileti\u015fim deste\u011fiyle, ODT\u00dc KKK MARTFEST kapsam\u0131nda \u00fccretsiz ve halka a\u00e7\u0131k olarak ger\u00e7ekle\u015ftirildi.<\/p>\n<p>Konser ba\u015flamadan \u00f6nce, KKTCDOB Genel Sorumlusu ve Genel Sanat Y\u00f6netmeni Tu\u011frul Enver T\u00f6re, anma konu\u015fmas\u0131 ger\u00e7ekle\u015ftirdi.<\/p>\n<p>\u00c7anakkale Zaferinin \u00f6nemine vurgu yapan Genel Sorumlu ve Genel Sanat Y\u00f6netmeni T\u00f6re, konsere g\u00f6sterilen ilgi i\u00e7in izleyenlere te\u015fekk\u00fcr etti.<\/p>\n<p>Konser sonunda \u00c7anakkale t\u00fcrk\u00fcs\u00fc, seyircilerin iste\u011fiyle 3 defa art arda tekrar seslendirildi.<\/p>\n<\/p><\/div>\n<p><script async\n                    defer\n                    crossorigin=\"anonymous\"\n                    src=\"https:\/\/connect.facebook.net\/tr_TR\/sdk.js#xfbml=1&#038;version=v3.3\"\n            ><\/script><\/p>\n","protected":false},"excerpt":{"rendered":"<p>Devlet Opera ve Bale Koordinasyon Merkezi\u2019nin (KKTCDOB) Ortado\u011fu Teknik \u00dcniversitesi Kuzey K\u0131br\u0131s Kamp\u00fcs\u00fc (ODT\u00dc KKK) K\u00fclt\u00fcr ve Kongre Merkezi Rauf Raif Denkta\u015f Salonu\u2019nda, 18 Mart \u015eehitleri Anma G\u00fcn\u00fc ve \u00c7anakkale Zaferi\u2019nin 110. Y\u0131l\u0131 an\u0131s\u0131na ger\u00e7ekle\u015ftirdi\u011fi \u201c\u00c7anakkale Ge\u00e7ilmez\u201d konseri tamamland\u0131. Devlet Opera ve Bale Koordinasyon Merkezi\u2019nden yap\u0131lan a\u00e7\u0131klamaya g\u00f6re, konser, Telsim\u2019in ileti\u015fim deste\u011fiyle, ODT\u00dc KKK MARTFEST [&hellip;]<\/p>\n","protected":false},"author":1,"featured_media":21337,"comment_status":"open","ping_status":"open","sticky":false,"template":"","format":"standard","meta":{"jnews-multi-image_gallery":[],"jnews_single_post":[],"jnews_primary_category":[],"jnews_social_meta":[],"jnews_override_counter":[],"footnotes":""},"categories":[6],"tags":[],"class_list":["post-21336","post","type-post","status-publish","format-standard","has-post-thumbnail","hentry","category-yasam"],"yoast_head":"<!-- This site is optimized with the Yoast SEO plugin v27.4 - https:\/\/yoast.com\/product\/yoast-seo-wordpress\/ -->\n<title>\u201c\u00c7anakkale Ge\u00e7ilmez\u201d konseri tamamland\u0131 - Kuzeyin Sesi<\/title>\n<meta name=\"robots\" content=\"index, follow, max-snippet:-1, max-image-preview:large, max-video-preview:-1\" \/>\n<link rel=\"canonical\" href=\"https:\/\/kuzeyinsesi.org\/index.php\/2025\/03\/20\/canakkale-gecilmez-konseri-tamamlandi\/\" \/>\n<meta property=\"og:locale\" content=\"tr_TR\" \/>\n<meta property=\"og:type\" content=\"article\" \/>\n<meta property=\"og:title\" content=\"\u201c\u00c7anakkale Ge\u00e7ilmez\u201d konseri tamamland\u0131 - Kuzeyin Sesi\" \/>\n<meta property=\"og:description\" content=\"Devlet Opera ve Bale Koordinasyon Merkezi\u2019nin (KKTCDOB) Ortado\u011fu Teknik \u00dcniversitesi Kuzey K\u0131br\u0131s Kamp\u00fcs\u00fc (ODT\u00dc KKK) K\u00fclt\u00fcr ve Kongre Merkezi Rauf Raif Denkta\u015f Salonu\u2019nda, 18 Mart \u015eehitleri Anma G\u00fcn\u00fc ve \u00c7anakkale Zaferi\u2019nin 110. Y\u0131l\u0131 an\u0131s\u0131na ger\u00e7ekle\u015ftirdi\u011fi \u201c\u00c7anakkale Ge\u00e7ilmez\u201d konseri tamamland\u0131. Devlet Opera ve Bale Koordinasyon Merkezi\u2019nden yap\u0131lan a\u00e7\u0131klamaya g\u00f6re, konser, Telsim\u2019in ileti\u015fim deste\u011fiyle, ODT\u00dc KKK MARTFEST [&hellip;]\" \/>\n<meta property=\"og:url\" content=\"https:\/\/kuzeyinsesi.org\/index.php\/2025\/03\/20\/canakkale-gecilmez-konseri-tamamlandi\/\" \/>\n<meta property=\"og:site_name\" content=\"Kuzeyin Sesi\" \/>\n<meta property=\"article:publisher\" content=\"https:\/\/www.facebook.com\/kuzeyinsesii\" \/>\n<meta property=\"article:published_time\" content=\"2025-03-20T08:38:09+00:00\" \/>\n<meta property=\"og:image\" content=\"https:\/\/brtk.net\/wp-content\/uploads\/2025\/03\/20\/1241-scaled.jpg?ver=95b008add15b039b45e5197743c53843\" \/>\n<meta name=\"author\" content=\"Kuzeyin Sesi\" \/>\n<meta name=\"twitter:card\" content=\"summary_large_image\" \/>\n<meta name=\"twitter:creator\" content=\"@kuzeyinsesii\" \/>\n<meta name=\"twitter:site\" content=\"@kuzeyinsesii\" \/>\n<meta name=\"twitter:label1\" content=\"Yazan:\" \/>\n\t<meta name=\"twitter:data1\" content=\"Kuzeyin Sesi\" \/>\n\t<meta name=\"twitter:label2\" content=\"Tahmini okuma s\u00fcresi\" \/>\n\t<meta name=\"twitter:data2\" content=\"1 dakika\" \/>\n<script type=\"application\/ld+json\" class=\"yoast-schema-graph\">{\"@context\":\"https:\\\/\\\/schema.org\",\"@graph\":[{\"@type\":\"Article\",\"@id\":\"https:\\\/\\\/kuzeyinsesi.org\\\/index.php\\\/2025\\\/03\\\/20\\\/canakkale-gecilmez-konseri-tamamlandi\\\/#article\",\"isPartOf\":{\"@id\":\"https:\\\/\\\/kuzeyinsesi.org\\\/index.php\\\/2025\\\/03\\\/20\\\/canakkale-gecilmez-konseri-tamamlandi\\\/\"},\"author\":{\"name\":\"Kuzeyin Sesi\",\"@id\":\"https:\\\/\\\/kuzeyinsesi.org\\\/#\\\/schema\\\/person\\\/9f859689cdf01485597712386e37f5aa\"},\"headline\":\"\u201c\u00c7anakkale Ge\u00e7ilmez\u201d konseri tamamland\u0131\",\"datePublished\":\"2025-03-20T08:38:09+00:00\",\"mainEntityOfPage\":{\"@id\":\"https:\\\/\\\/kuzeyinsesi.org\\\/index.php\\\/2025\\\/03\\\/20\\\/canakkale-gecilmez-konseri-tamamlandi\\\/\"},\"wordCount\":155,\"commentCount\":0,\"image\":{\"@id\":\"https:\\\/\\\/kuzeyinsesi.org\\\/index.php\\\/2025\\\/03\\\/20\\\/canakkale-gecilmez-konseri-tamamlandi\\\/#primaryimage\"},\"thumbnailUrl\":\"https:\\\/\\\/kuzeyinsesi.org\\\/wp-content\\\/uploads\\\/2025\\\/03\\\/1241-scaled.jpg\",\"articleSection\":[\"Ya\u015fam\"],\"inLanguage\":\"tr\",\"potentialAction\":[{\"@type\":\"CommentAction\",\"name\":\"Comment\",\"target\":[\"https:\\\/\\\/kuzeyinsesi.org\\\/index.php\\\/2025\\\/03\\\/20\\\/canakkale-gecilmez-konseri-tamamlandi\\\/#respond\"]}]},{\"@type\":\"WebPage\",\"@id\":\"https:\\\/\\\/kuzeyinsesi.org\\\/index.php\\\/2025\\\/03\\\/20\\\/canakkale-gecilmez-konseri-tamamlandi\\\/\",\"url\":\"https:\\\/\\\/kuzeyinsesi.org\\\/index.php\\\/2025\\\/03\\\/20\\\/canakkale-gecilmez-konseri-tamamlandi\\\/\",\"name\":\"\u201c\u00c7anakkale Ge\u00e7ilmez\u201d konseri tamamland\u0131 - Kuzeyin Sesi\",\"isPartOf\":{\"@id\":\"https:\\\/\\\/kuzeyinsesi.org\\\/#website\"},\"primaryImageOfPage\":{\"@id\":\"https:\\\/\\\/kuzeyinsesi.org\\\/index.php\\\/2025\\\/03\\\/20\\\/canakkale-gecilmez-konseri-tamamlandi\\\/#primaryimage\"},\"image\":{\"@id\":\"https:\\\/\\\/kuzeyinsesi.org\\\/index.php\\\/2025\\\/03\\\/20\\\/canakkale-gecilmez-konseri-tamamlandi\\\/#primaryimage\"},\"thumbnailUrl\":\"https:\\\/\\\/kuzeyinsesi.org\\\/wp-content\\\/uploads\\\/2025\\\/03\\\/1241-scaled.jpg\",\"datePublished\":\"2025-03-20T08:38:09+00:00\",\"author\":{\"@id\":\"https:\\\/\\\/kuzeyinsesi.org\\\/#\\\/schema\\\/person\\\/9f859689cdf01485597712386e37f5aa\"},\"breadcrumb\":{\"@id\":\"https:\\\/\\\/kuzeyinsesi.org\\\/index.php\\\/2025\\\/03\\\/20\\\/canakkale-gecilmez-konseri-tamamlandi\\\/#breadcrumb\"},\"inLanguage\":\"tr\",\"potentialAction\":[{\"@type\":\"ReadAction\",\"target\":[\"https:\\\/\\\/kuzeyinsesi.org\\\/index.php\\\/2025\\\/03\\\/20\\\/canakkale-gecilmez-konseri-tamamlandi\\\/\"]}]},{\"@type\":\"ImageObject\",\"inLanguage\":\"tr\",\"@id\":\"https:\\\/\\\/kuzeyinsesi.org\\\/index.php\\\/2025\\\/03\\\/20\\\/canakkale-gecilmez-konseri-tamamlandi\\\/#primaryimage\",\"url\":\"https:\\\/\\\/kuzeyinsesi.org\\\/wp-content\\\/uploads\\\/2025\\\/03\\\/1241-scaled.jpg\",\"contentUrl\":\"https:\\\/\\\/kuzeyinsesi.org\\\/wp-content\\\/uploads\\\/2025\\\/03\\\/1241-scaled.jpg\",\"width\":2560,\"height\":1707},{\"@type\":\"BreadcrumbList\",\"@id\":\"https:\\\/\\\/kuzeyinsesi.org\\\/index.php\\\/2025\\\/03\\\/20\\\/canakkale-gecilmez-konseri-tamamlandi\\\/#breadcrumb\",\"itemListElement\":[{\"@type\":\"ListItem\",\"position\":1,\"name\":\"Anasayfa\",\"item\":\"https:\\\/\\\/kuzeyinsesi.org\\\/\"},{\"@type\":\"ListItem\",\"position\":2,\"name\":\"\u201c\u00c7anakkale Ge\u00e7ilmez\u201d konseri tamamland\u0131\"}]},{\"@type\":\"WebSite\",\"@id\":\"https:\\\/\\\/kuzeyinsesi.org\\\/#website\",\"url\":\"https:\\\/\\\/kuzeyinsesi.org\\\/\",\"name\":\"Kuzeyin Sesi\",\"description\":\"Do\u011fru Haberin Adresi\",\"potentialAction\":[{\"@type\":\"SearchAction\",\"target\":{\"@type\":\"EntryPoint\",\"urlTemplate\":\"https:\\\/\\\/kuzeyinsesi.org\\\/?s={search_term_string}\"},\"query-input\":{\"@type\":\"PropertyValueSpecification\",\"valueRequired\":true,\"valueName\":\"search_term_string\"}}],\"inLanguage\":\"tr\"},{\"@type\":\"Person\",\"@id\":\"https:\\\/\\\/kuzeyinsesi.org\\\/#\\\/schema\\\/person\\\/9f859689cdf01485597712386e37f5aa\",\"name\":\"Kuzeyin Sesi\",\"image\":{\"@type\":\"ImageObject\",\"inLanguage\":\"tr\",\"@id\":\"https:\\\/\\\/secure.gravatar.com\\\/avatar\\\/bab33852abfd8b282518d6ed81826833d77c3c882d9ab608add591ccace47a44?s=96&d=mm&r=g\",\"url\":\"https:\\\/\\\/secure.gravatar.com\\\/avatar\\\/bab33852abfd8b282518d6ed81826833d77c3c882d9ab608add591ccace47a44?s=96&d=mm&r=g\",\"contentUrl\":\"https:\\\/\\\/secure.gravatar.com\\\/avatar\\\/bab33852abfd8b282518d6ed81826833d77c3c882d9ab608add591ccace47a44?s=96&d=mm&r=g\",\"caption\":\"Kuzeyin Sesi\"},\"sameAs\":[\"https:\\\/\\\/kuzeyinsesi.org\"],\"url\":\"https:\\\/\\\/kuzeyinsesi.org\\\/index.php\\\/author\\\/guven\\\/\"}]}<\/script>\n<!-- \/ Yoast SEO plugin. -->","yoast_head_json":{"title":"\u201c\u00c7anakkale Ge\u00e7ilmez\u201d konseri tamamland\u0131 - Kuzeyin Sesi","robots":{"index":"index","follow":"follow","max-snippet":"max-snippet:-1","max-image-preview":"max-image-preview:large","max-video-preview":"max-video-preview:-1"},"canonical":"https:\/\/kuzeyinsesi.org\/index.php\/2025\/03\/20\/canakkale-gecilmez-konseri-tamamlandi\/","og_locale":"tr_TR","og_type":"article","og_title":"\u201c\u00c7anakkale Ge\u00e7ilmez\u201d konseri tamamland\u0131 - Kuzeyin Sesi","og_description":"Devlet Opera ve Bale Koordinasyon Merkezi\u2019nin (KKTCDOB) Ortado\u011fu Teknik \u00dcniversitesi Kuzey K\u0131br\u0131s Kamp\u00fcs\u00fc (ODT\u00dc KKK) K\u00fclt\u00fcr ve Kongre Merkezi Rauf Raif Denkta\u015f Salonu\u2019nda, 18 Mart \u015eehitleri Anma G\u00fcn\u00fc ve \u00c7anakkale Zaferi\u2019nin 110. Y\u0131l\u0131 an\u0131s\u0131na ger\u00e7ekle\u015ftirdi\u011fi \u201c\u00c7anakkale Ge\u00e7ilmez\u201d konseri tamamland\u0131. Devlet Opera ve Bale Koordinasyon Merkezi\u2019nden yap\u0131lan a\u00e7\u0131klamaya g\u00f6re, konser, Telsim\u2019in ileti\u015fim deste\u011fiyle, ODT\u00dc KKK MARTFEST [&hellip;]","og_url":"https:\/\/kuzeyinsesi.org\/index.php\/2025\/03\/20\/canakkale-gecilmez-konseri-tamamlandi\/","og_site_name":"Kuzeyin Sesi","article_publisher":"https:\/\/www.facebook.com\/kuzeyinsesii","article_published_time":"2025-03-20T08:38:09+00:00","og_image":[{"url":"https:\/\/brtk.net\/wp-content\/uploads\/2025\/03\/20\/1241-scaled.jpg?ver=95b008add15b039b45e5197743c53843","type":"","width":"","height":""}],"author":"Kuzeyin Sesi","twitter_card":"summary_large_image","twitter_creator":"@kuzeyinsesii","twitter_site":"@kuzeyinsesii","twitter_misc":{"Yazan:":"Kuzeyin Sesi","Tahmini okuma s\u00fcresi":"1 dakika"},"schema":{"@context":"https:\/\/schema.org","@graph":[{"@type":"Article","@id":"https:\/\/kuzeyinsesi.org\/index.php\/2025\/03\/20\/canakkale-gecilmez-konseri-tamamlandi\/#article","isPartOf":{"@id":"https:\/\/kuzeyinsesi.org\/index.php\/2025\/03\/20\/canakkale-gecilmez-konseri-tamamlandi\/"},"author":{"name":"Kuzeyin Sesi","@id":"https:\/\/kuzeyinsesi.org\/#\/schema\/person\/9f859689cdf01485597712386e37f5aa"},"headline":"\u201c\u00c7anakkale Ge\u00e7ilmez\u201d konseri tamamland\u0131","datePublished":"2025-03-20T08:38:09+00:00","mainEntityOfPage":{"@id":"https:\/\/kuzeyinsesi.org\/index.php\/2025\/03\/20\/canakkale-gecilmez-konseri-tamamlandi\/"},"wordCount":155,"commentCount":0,"image":{"@id":"https:\/\/kuzeyinsesi.org\/index.php\/2025\/03\/20\/canakkale-gecilmez-konseri-tamamlandi\/#primaryimage"},"thumbnailUrl":"https:\/\/kuzeyinsesi.org\/wp-content\/uploads\/2025\/03\/1241-scaled.jpg","articleSection":["Ya\u015fam"],"inLanguage":"tr","potentialAction":[{"@type":"CommentAction","name":"Comment","target":["https:\/\/kuzeyinsesi.org\/index.php\/2025\/03\/20\/canakkale-gecilmez-konseri-tamamlandi\/#respond"]}]},{"@type":"WebPage","@id":"https:\/\/kuzeyinsesi.org\/index.php\/2025\/03\/20\/canakkale-gecilmez-konseri-tamamlandi\/","url":"https:\/\/kuzeyinsesi.org\/index.php\/2025\/03\/20\/canakkale-gecilmez-konseri-tamamlandi\/","name":"\u201c\u00c7anakkale Ge\u00e7ilmez\u201d konseri tamamland\u0131 - Kuzeyin Sesi","isPartOf":{"@id":"https:\/\/kuzeyinsesi.org\/#website"},"primaryImageOfPage":{"@id":"https:\/\/kuzeyinsesi.org\/index.php\/2025\/03\/20\/canakkale-gecilmez-konseri-tamamlandi\/#primaryimage"},"image":{"@id":"https:\/\/kuzeyinsesi.org\/index.php\/2025\/03\/20\/canakkale-gecilmez-konseri-tamamlandi\/#primaryimage"},"thumbnailUrl":"https:\/\/kuzeyinsesi.org\/wp-content\/uploads\/2025\/03\/1241-scaled.jpg","datePublished":"2025-03-20T08:38:09+00:00","author":{"@id":"https:\/\/kuzeyinsesi.org\/#\/schema\/person\/9f859689cdf01485597712386e37f5aa"},"breadcrumb":{"@id":"https:\/\/kuzeyinsesi.org\/index.php\/2025\/03\/20\/canakkale-gecilmez-konseri-tamamlandi\/#breadcrumb"},"inLanguage":"tr","potentialAction":[{"@type":"ReadAction","target":["https:\/\/kuzeyinsesi.org\/index.php\/2025\/03\/20\/canakkale-gecilmez-konseri-tamamlandi\/"]}]},{"@type":"ImageObject","inLanguage":"tr","@id":"https:\/\/kuzeyinsesi.org\/index.php\/2025\/03\/20\/canakkale-gecilmez-konseri-tamamlandi\/#primaryimage","url":"https:\/\/kuzeyinsesi.org\/wp-content\/uploads\/2025\/03\/1241-scaled.jpg","contentUrl":"https:\/\/kuzeyinsesi.org\/wp-content\/uploads\/2025\/03\/1241-scaled.jpg","width":2560,"height":1707},{"@type":"BreadcrumbList","@id":"https:\/\/kuzeyinsesi.org\/index.php\/2025\/03\/20\/canakkale-gecilmez-konseri-tamamlandi\/#breadcrumb","itemListElement":[{"@type":"ListItem","position":1,"name":"Anasayfa","item":"https:\/\/kuzeyinsesi.org\/"},{"@type":"ListItem","position":2,"name":"\u201c\u00c7anakkale Ge\u00e7ilmez\u201d konseri tamamland\u0131"}]},{"@type":"WebSite","@id":"https:\/\/kuzeyinsesi.org\/#website","url":"https:\/\/kuzeyinsesi.org\/","name":"Kuzeyin Sesi","description":"Do\u011fru Haberin Adresi","potentialAction":[{"@type":"SearchAction","target":{"@type":"EntryPoint","urlTemplate":"https:\/\/kuzeyinsesi.org\/?s={search_term_string}"},"query-input":{"@type":"PropertyValueSpecification","valueRequired":true,"valueName":"search_term_string"}}],"inLanguage":"tr"},{"@type":"Person","@id":"https:\/\/kuzeyinsesi.org\/#\/schema\/person\/9f859689cdf01485597712386e37f5aa","name":"Kuzeyin Sesi","image":{"@type":"ImageObject","inLanguage":"tr","@id":"https:\/\/secure.gravatar.com\/avatar\/bab33852abfd8b282518d6ed81826833d77c3c882d9ab608add591ccace47a44?s=96&d=mm&r=g","url":"https:\/\/secure.gravatar.com\/avatar\/bab33852abfd8b282518d6ed81826833d77c3c882d9ab608add591ccace47a44?s=96&d=mm&r=g","contentUrl":"https:\/\/secure.gravatar.com\/avatar\/bab33852abfd8b282518d6ed81826833d77c3c882d9ab608add591ccace47a44?s=96&d=mm&r=g","caption":"Kuzeyin Sesi"},"sameAs":["https:\/\/kuzeyinsesi.org"],"url":"https:\/\/kuzeyinsesi.org\/index.php\/author\/guven\/"}]}},"_links":{"self":[{"href":"https:\/\/kuzeyinsesi.org\/index.php\/wp-json\/wp\/v2\/posts\/21336","targetHints":{"allow":["GET"]}}],"collection":[{"href":"https:\/\/kuzeyinsesi.org\/index.php\/wp-json\/wp\/v2\/posts"}],"about":[{"href":"https:\/\/kuzeyinsesi.org\/index.php\/wp-json\/wp\/v2\/types\/post"}],"author":[{"embeddable":true,"href":"https:\/\/kuzeyinsesi.org\/index.php\/wp-json\/wp\/v2\/users\/1"}],"replies":[{"embeddable":true,"href":"https:\/\/kuzeyinsesi.org\/index.php\/wp-json\/wp\/v2\/comments?post=21336"}],"version-history":[{"count":0,"href":"https:\/\/kuzeyinsesi.org\/index.php\/wp-json\/wp\/v2\/posts\/21336\/revisions"}],"wp:featuredmedia":[{"embeddable":true,"href":"https:\/\/kuzeyinsesi.org\/index.php\/wp-json\/wp\/v2\/media\/21337"}],"wp:attachment":[{"href":"https:\/\/kuzeyinsesi.org\/index.php\/wp-json\/wp\/v2\/media?parent=21336"}],"wp:term":[{"taxonomy":"category","embeddable":true,"href":"https:\/\/kuzeyinsesi.org\/index.php\/wp-json\/wp\/v2\/categories?post=21336"},{"taxonomy":"post_tag","embeddable":true,"href":"https:\/\/kuzeyinsesi.org\/index.php\/wp-json\/wp\/v2\/tags?post=21336"}],"curies":[{"name":"wp","href":"https:\/\/api.w.org\/{rel}","templated":true}]}}