{"id":21332,"date":"2025-03-19T21:11:03","date_gmt":"2025-03-19T19:11:03","guid":{"rendered":"https:\/\/kuzeyinsesi.org\/index.php\/2025\/03\/19\/18-avtepe-medos-lalesi-festivali-5-nisana-ertelendi\/"},"modified":"2025-03-19T21:11:03","modified_gmt":"2025-03-19T19:11:03","slug":"18-avtepe-medos-lalesi-festivali-5-nisana-ertelendi","status":"publish","type":"post","link":"https:\/\/kuzeyinsesi.org\/index.php\/2025\/03\/19\/18-avtepe-medos-lalesi-festivali-5-nisana-ertelendi\/","title":{"rendered":"18. Avtepe Medo\u015f Lalesi Festivali 5 Nisan\u2019a ertelendi"},"content":{"rendered":"<div>\n<div class=\"mariselle-image-container center\">\n                                            <\/div>\n<p>Erenk\u00f6y-Karpaz Belediyesi ile Avtepe Muhtarl\u0131\u011f\u0131 taraf\u0131ndan organize edilen 18. Avtepe Medo\u015f Lalesi Festivali, 5 Nisan Cumartesi g\u00fcn\u00fcne ertelendi.<\/p>\n<p>Erenk\u00f6y-Karpaz Belediyesi yapt\u0131\u011f\u0131 a\u00e7\u0131klamada, 23 Mart Pazar g\u00fcn\u00fc yap\u0131lmas\u0131 planlanan Festival\u2019in, ya\u015fanan \u00f6l\u00fcml\u00fc trafik kazas\u0131ndan dolay\u0131 5 Nisan Cumartesi g\u00fcn\u00fcne ertelendi\u011fini duyurdu.<\/p>\n<p>A\u00e7\u0131klamada, Erenk\u00f6y \u2013Karpaz Belediyesi ve Avtepe Muhtarl\u0131\u011f\u0131, kazada vefat eden gencin ailesi ve sevenlerine ba\u015fsa\u011fl\u0131\u011f\u0131 dilerken, yaralanan gen\u00e7lere de de acil \u015fifalar diledi.<\/p>\n<\/p><\/div>\n<p><script async\n                    defer\n                    crossorigin=\"anonymous\"\n                    src=\"https:\/\/connect.facebook.net\/tr_TR\/sdk.js#xfbml=1&#038;version=v3.3\"\n            ><\/script><\/p>\n","protected":false},"excerpt":{"rendered":"<p>Erenk\u00f6y-Karpaz Belediyesi ile Avtepe Muhtarl\u0131\u011f\u0131 taraf\u0131ndan organize edilen 18. Avtepe Medo\u015f Lalesi Festivali, 5 Nisan Cumartesi g\u00fcn\u00fcne ertelendi. Erenk\u00f6y-Karpaz Belediyesi yapt\u0131\u011f\u0131 a\u00e7\u0131klamada, 23 Mart Pazar g\u00fcn\u00fc yap\u0131lmas\u0131 planlanan Festival\u2019in, ya\u015fanan \u00f6l\u00fcml\u00fc trafik kazas\u0131ndan dolay\u0131 5 Nisan Cumartesi g\u00fcn\u00fcne ertelendi\u011fini duyurdu. A\u00e7\u0131klamada, Erenk\u00f6y \u2013Karpaz Belediyesi ve Avtepe Muhtarl\u0131\u011f\u0131, kazada vefat eden gencin ailesi ve sevenlerine ba\u015fsa\u011fl\u0131\u011f\u0131 [&hellip;]<\/p>\n","protected":false},"author":1,"featured_media":21333,"comment_status":"open","ping_status":"open","sticky":false,"template":"","format":"standard","meta":{"jnews-multi-image_gallery":[],"jnews_single_post":[],"jnews_primary_category":[],"jnews_social_meta":[],"jnews_override_counter":[],"footnotes":""},"categories":[6],"tags":[],"class_list":["post-21332","post","type-post","status-publish","format-standard","has-post-thumbnail","hentry","category-yasam"],"yoast_head":"<!-- This site is optimized with the Yoast SEO plugin v27.4 - https:\/\/yoast.com\/product\/yoast-seo-wordpress\/ -->\n<title>18. Avtepe Medo\u015f Lalesi Festivali 5 Nisan\u2019a ertelendi - Kuzeyin Sesi<\/title>\n<meta name=\"robots\" content=\"index, follow, max-snippet:-1, max-image-preview:large, max-video-preview:-1\" \/>\n<link rel=\"canonical\" href=\"https:\/\/kuzeyinsesi.org\/index.php\/2025\/03\/19\/18-avtepe-medos-lalesi-festivali-5-nisana-ertelendi\/\" \/>\n<meta property=\"og:locale\" content=\"tr_TR\" \/>\n<meta property=\"og:type\" content=\"article\" \/>\n<meta property=\"og:title\" content=\"18. Avtepe Medo\u015f Lalesi Festivali 5 Nisan\u2019a ertelendi - Kuzeyin Sesi\" \/>\n<meta property=\"og:description\" content=\"Erenk\u00f6y-Karpaz Belediyesi ile Avtepe Muhtarl\u0131\u011f\u0131 taraf\u0131ndan organize edilen 18. Avtepe Medo\u015f Lalesi Festivali, 5 Nisan Cumartesi g\u00fcn\u00fcne ertelendi. Erenk\u00f6y-Karpaz Belediyesi yapt\u0131\u011f\u0131 a\u00e7\u0131klamada, 23 Mart Pazar g\u00fcn\u00fc yap\u0131lmas\u0131 planlanan Festival\u2019in, ya\u015fanan \u00f6l\u00fcml\u00fc trafik kazas\u0131ndan dolay\u0131 5 Nisan Cumartesi g\u00fcn\u00fcne ertelendi\u011fini duyurdu. A\u00e7\u0131klamada, Erenk\u00f6y \u2013Karpaz Belediyesi ve Avtepe Muhtarl\u0131\u011f\u0131, kazada vefat eden gencin ailesi ve sevenlerine ba\u015fsa\u011fl\u0131\u011f\u0131 [&hellip;]\" \/>\n<meta property=\"og:url\" content=\"https:\/\/kuzeyinsesi.org\/index.php\/2025\/03\/19\/18-avtepe-medos-lalesi-festivali-5-nisana-ertelendi\/\" \/>\n<meta property=\"og:site_name\" content=\"Kuzeyin Sesi\" \/>\n<meta property=\"article:publisher\" content=\"https:\/\/www.facebook.com\/kuzeyinsesii\" \/>\n<meta property=\"article:published_time\" content=\"2025-03-19T19:11:03+00:00\" \/>\n<meta property=\"og:image\" content=\"https:\/\/brtk.net\/wp-content\/uploads\/2025\/03\/19\/1742396391722avtepe-festival-3-.jpg?ver=43060015585b9a11329ff78d57a0e5d5\" \/>\n<meta name=\"author\" content=\"Kuzeyin Sesi\" \/>\n<meta name=\"twitter:card\" content=\"summary_large_image\" \/>\n<meta name=\"twitter:creator\" content=\"@kuzeyinsesii\" \/>\n<meta name=\"twitter:site\" content=\"@kuzeyinsesii\" \/>\n<meta name=\"twitter:label1\" content=\"Yazan:\" \/>\n\t<meta name=\"twitter:data1\" content=\"Kuzeyin Sesi\" \/>\n<script type=\"application\/ld+json\" class=\"yoast-schema-graph\">{\"@context\":\"https:\\\/\\\/schema.org\",\"@graph\":[{\"@type\":\"Article\",\"@id\":\"https:\\\/\\\/kuzeyinsesi.org\\\/index.php\\\/2025\\\/03\\\/19\\\/18-avtepe-medos-lalesi-festivali-5-nisana-ertelendi\\\/#article\",\"isPartOf\":{\"@id\":\"https:\\\/\\\/kuzeyinsesi.org\\\/index.php\\\/2025\\\/03\\\/19\\\/18-avtepe-medos-lalesi-festivali-5-nisana-ertelendi\\\/\"},\"author\":{\"name\":\"Kuzeyin Sesi\",\"@id\":\"https:\\\/\\\/kuzeyinsesi.org\\\/#\\\/schema\\\/person\\\/9f859689cdf01485597712386e37f5aa\"},\"headline\":\"18. Avtepe Medo\u015f Lalesi Festivali 5 Nisan\u2019a ertelendi\",\"datePublished\":\"2025-03-19T19:11:03+00:00\",\"mainEntityOfPage\":{\"@id\":\"https:\\\/\\\/kuzeyinsesi.org\\\/index.php\\\/2025\\\/03\\\/19\\\/18-avtepe-medos-lalesi-festivali-5-nisana-ertelendi\\\/\"},\"wordCount\":86,\"commentCount\":0,\"image\":{\"@id\":\"https:\\\/\\\/kuzeyinsesi.org\\\/index.php\\\/2025\\\/03\\\/19\\\/18-avtepe-medos-lalesi-festivali-5-nisana-ertelendi\\\/#primaryimage\"},\"thumbnailUrl\":\"https:\\\/\\\/kuzeyinsesi.org\\\/wp-content\\\/uploads\\\/2025\\\/03\\\/1742396391722avtepe-festival-3-.jpg\",\"articleSection\":[\"Ya\u015fam\"],\"inLanguage\":\"tr\",\"potentialAction\":[{\"@type\":\"CommentAction\",\"name\":\"Comment\",\"target\":[\"https:\\\/\\\/kuzeyinsesi.org\\\/index.php\\\/2025\\\/03\\\/19\\\/18-avtepe-medos-lalesi-festivali-5-nisana-ertelendi\\\/#respond\"]}]},{\"@type\":\"WebPage\",\"@id\":\"https:\\\/\\\/kuzeyinsesi.org\\\/index.php\\\/2025\\\/03\\\/19\\\/18-avtepe-medos-lalesi-festivali-5-nisana-ertelendi\\\/\",\"url\":\"https:\\\/\\\/kuzeyinsesi.org\\\/index.php\\\/2025\\\/03\\\/19\\\/18-avtepe-medos-lalesi-festivali-5-nisana-ertelendi\\\/\",\"name\":\"18. Avtepe Medo\u015f Lalesi Festivali 5 Nisan\u2019a ertelendi - Kuzeyin Sesi\",\"isPartOf\":{\"@id\":\"https:\\\/\\\/kuzeyinsesi.org\\\/#website\"},\"primaryImageOfPage\":{\"@id\":\"https:\\\/\\\/kuzeyinsesi.org\\\/index.php\\\/2025\\\/03\\\/19\\\/18-avtepe-medos-lalesi-festivali-5-nisana-ertelendi\\\/#primaryimage\"},\"image\":{\"@id\":\"https:\\\/\\\/kuzeyinsesi.org\\\/index.php\\\/2025\\\/03\\\/19\\\/18-avtepe-medos-lalesi-festivali-5-nisana-ertelendi\\\/#primaryimage\"},\"thumbnailUrl\":\"https:\\\/\\\/kuzeyinsesi.org\\\/wp-content\\\/uploads\\\/2025\\\/03\\\/1742396391722avtepe-festival-3-.jpg\",\"datePublished\":\"2025-03-19T19:11:03+00:00\",\"author\":{\"@id\":\"https:\\\/\\\/kuzeyinsesi.org\\\/#\\\/schema\\\/person\\\/9f859689cdf01485597712386e37f5aa\"},\"breadcrumb\":{\"@id\":\"https:\\\/\\\/kuzeyinsesi.org\\\/index.php\\\/2025\\\/03\\\/19\\\/18-avtepe-medos-lalesi-festivali-5-nisana-ertelendi\\\/#breadcrumb\"},\"inLanguage\":\"tr\",\"potentialAction\":[{\"@type\":\"ReadAction\",\"target\":[\"https:\\\/\\\/kuzeyinsesi.org\\\/index.php\\\/2025\\\/03\\\/19\\\/18-avtepe-medos-lalesi-festivali-5-nisana-ertelendi\\\/\"]}]},{\"@type\":\"ImageObject\",\"inLanguage\":\"tr\",\"@id\":\"https:\\\/\\\/kuzeyinsesi.org\\\/index.php\\\/2025\\\/03\\\/19\\\/18-avtepe-medos-lalesi-festivali-5-nisana-ertelendi\\\/#primaryimage\",\"url\":\"https:\\\/\\\/kuzeyinsesi.org\\\/wp-content\\\/uploads\\\/2025\\\/03\\\/1742396391722avtepe-festival-3-.jpg\",\"contentUrl\":\"https:\\\/\\\/kuzeyinsesi.org\\\/wp-content\\\/uploads\\\/2025\\\/03\\\/1742396391722avtepe-festival-3-.jpg\",\"width\":1117,\"height\":613},{\"@type\":\"BreadcrumbList\",\"@id\":\"https:\\\/\\\/kuzeyinsesi.org\\\/index.php\\\/2025\\\/03\\\/19\\\/18-avtepe-medos-lalesi-festivali-5-nisana-ertelendi\\\/#breadcrumb\",\"itemListElement\":[{\"@type\":\"ListItem\",\"position\":1,\"name\":\"Anasayfa\",\"item\":\"https:\\\/\\\/kuzeyinsesi.org\\\/\"},{\"@type\":\"ListItem\",\"position\":2,\"name\":\"18. Avtepe Medo\u015f Lalesi Festivali 5 Nisan\u2019a ertelendi\"}]},{\"@type\":\"WebSite\",\"@id\":\"https:\\\/\\\/kuzeyinsesi.org\\\/#website\",\"url\":\"https:\\\/\\\/kuzeyinsesi.org\\\/\",\"name\":\"Kuzeyin Sesi\",\"description\":\"Do\u011fru Haberin Adresi\",\"potentialAction\":[{\"@type\":\"SearchAction\",\"target\":{\"@type\":\"EntryPoint\",\"urlTemplate\":\"https:\\\/\\\/kuzeyinsesi.org\\\/?s={search_term_string}\"},\"query-input\":{\"@type\":\"PropertyValueSpecification\",\"valueRequired\":true,\"valueName\":\"search_term_string\"}}],\"inLanguage\":\"tr\"},{\"@type\":\"Person\",\"@id\":\"https:\\\/\\\/kuzeyinsesi.org\\\/#\\\/schema\\\/person\\\/9f859689cdf01485597712386e37f5aa\",\"name\":\"Kuzeyin Sesi\",\"image\":{\"@type\":\"ImageObject\",\"inLanguage\":\"tr\",\"@id\":\"https:\\\/\\\/secure.gravatar.com\\\/avatar\\\/bab33852abfd8b282518d6ed81826833d77c3c882d9ab608add591ccace47a44?s=96&d=mm&r=g\",\"url\":\"https:\\\/\\\/secure.gravatar.com\\\/avatar\\\/bab33852abfd8b282518d6ed81826833d77c3c882d9ab608add591ccace47a44?s=96&d=mm&r=g\",\"contentUrl\":\"https:\\\/\\\/secure.gravatar.com\\\/avatar\\\/bab33852abfd8b282518d6ed81826833d77c3c882d9ab608add591ccace47a44?s=96&d=mm&r=g\",\"caption\":\"Kuzeyin Sesi\"},\"sameAs\":[\"https:\\\/\\\/kuzeyinsesi.org\"],\"url\":\"https:\\\/\\\/kuzeyinsesi.org\\\/index.php\\\/author\\\/guven\\\/\"}]}<\/script>\n<!-- \/ Yoast SEO plugin. -->","yoast_head_json":{"title":"18. Avtepe Medo\u015f Lalesi Festivali 5 Nisan\u2019a ertelendi - Kuzeyin Sesi","robots":{"index":"index","follow":"follow","max-snippet":"max-snippet:-1","max-image-preview":"max-image-preview:large","max-video-preview":"max-video-preview:-1"},"canonical":"https:\/\/kuzeyinsesi.org\/index.php\/2025\/03\/19\/18-avtepe-medos-lalesi-festivali-5-nisana-ertelendi\/","og_locale":"tr_TR","og_type":"article","og_title":"18. Avtepe Medo\u015f Lalesi Festivali 5 Nisan\u2019a ertelendi - Kuzeyin Sesi","og_description":"Erenk\u00f6y-Karpaz Belediyesi ile Avtepe Muhtarl\u0131\u011f\u0131 taraf\u0131ndan organize edilen 18. Avtepe Medo\u015f Lalesi Festivali, 5 Nisan Cumartesi g\u00fcn\u00fcne ertelendi. Erenk\u00f6y-Karpaz Belediyesi yapt\u0131\u011f\u0131 a\u00e7\u0131klamada, 23 Mart Pazar g\u00fcn\u00fc yap\u0131lmas\u0131 planlanan Festival\u2019in, ya\u015fanan \u00f6l\u00fcml\u00fc trafik kazas\u0131ndan dolay\u0131 5 Nisan Cumartesi g\u00fcn\u00fcne ertelendi\u011fini duyurdu. A\u00e7\u0131klamada, Erenk\u00f6y \u2013Karpaz Belediyesi ve Avtepe Muhtarl\u0131\u011f\u0131, kazada vefat eden gencin ailesi ve sevenlerine ba\u015fsa\u011fl\u0131\u011f\u0131 [&hellip;]","og_url":"https:\/\/kuzeyinsesi.org\/index.php\/2025\/03\/19\/18-avtepe-medos-lalesi-festivali-5-nisana-ertelendi\/","og_site_name":"Kuzeyin Sesi","article_publisher":"https:\/\/www.facebook.com\/kuzeyinsesii","article_published_time":"2025-03-19T19:11:03+00:00","og_image":[{"url":"https:\/\/brtk.net\/wp-content\/uploads\/2025\/03\/19\/1742396391722avtepe-festival-3-.jpg?ver=43060015585b9a11329ff78d57a0e5d5","type":"","width":"","height":""}],"author":"Kuzeyin Sesi","twitter_card":"summary_large_image","twitter_creator":"@kuzeyinsesii","twitter_site":"@kuzeyinsesii","twitter_misc":{"Yazan:":"Kuzeyin Sesi"},"schema":{"@context":"https:\/\/schema.org","@graph":[{"@type":"Article","@id":"https:\/\/kuzeyinsesi.org\/index.php\/2025\/03\/19\/18-avtepe-medos-lalesi-festivali-5-nisana-ertelendi\/#article","isPartOf":{"@id":"https:\/\/kuzeyinsesi.org\/index.php\/2025\/03\/19\/18-avtepe-medos-lalesi-festivali-5-nisana-ertelendi\/"},"author":{"name":"Kuzeyin Sesi","@id":"https:\/\/kuzeyinsesi.org\/#\/schema\/person\/9f859689cdf01485597712386e37f5aa"},"headline":"18. Avtepe Medo\u015f Lalesi Festivali 5 Nisan\u2019a ertelendi","datePublished":"2025-03-19T19:11:03+00:00","mainEntityOfPage":{"@id":"https:\/\/kuzeyinsesi.org\/index.php\/2025\/03\/19\/18-avtepe-medos-lalesi-festivali-5-nisana-ertelendi\/"},"wordCount":86,"commentCount":0,"image":{"@id":"https:\/\/kuzeyinsesi.org\/index.php\/2025\/03\/19\/18-avtepe-medos-lalesi-festivali-5-nisana-ertelendi\/#primaryimage"},"thumbnailUrl":"https:\/\/kuzeyinsesi.org\/wp-content\/uploads\/2025\/03\/1742396391722avtepe-festival-3-.jpg","articleSection":["Ya\u015fam"],"inLanguage":"tr","potentialAction":[{"@type":"CommentAction","name":"Comment","target":["https:\/\/kuzeyinsesi.org\/index.php\/2025\/03\/19\/18-avtepe-medos-lalesi-festivali-5-nisana-ertelendi\/#respond"]}]},{"@type":"WebPage","@id":"https:\/\/kuzeyinsesi.org\/index.php\/2025\/03\/19\/18-avtepe-medos-lalesi-festivali-5-nisana-ertelendi\/","url":"https:\/\/kuzeyinsesi.org\/index.php\/2025\/03\/19\/18-avtepe-medos-lalesi-festivali-5-nisana-ertelendi\/","name":"18. Avtepe Medo\u015f Lalesi Festivali 5 Nisan\u2019a ertelendi - Kuzeyin Sesi","isPartOf":{"@id":"https:\/\/kuzeyinsesi.org\/#website"},"primaryImageOfPage":{"@id":"https:\/\/kuzeyinsesi.org\/index.php\/2025\/03\/19\/18-avtepe-medos-lalesi-festivali-5-nisana-ertelendi\/#primaryimage"},"image":{"@id":"https:\/\/kuzeyinsesi.org\/index.php\/2025\/03\/19\/18-avtepe-medos-lalesi-festivali-5-nisana-ertelendi\/#primaryimage"},"thumbnailUrl":"https:\/\/kuzeyinsesi.org\/wp-content\/uploads\/2025\/03\/1742396391722avtepe-festival-3-.jpg","datePublished":"2025-03-19T19:11:03+00:00","author":{"@id":"https:\/\/kuzeyinsesi.org\/#\/schema\/person\/9f859689cdf01485597712386e37f5aa"},"breadcrumb":{"@id":"https:\/\/kuzeyinsesi.org\/index.php\/2025\/03\/19\/18-avtepe-medos-lalesi-festivali-5-nisana-ertelendi\/#breadcrumb"},"inLanguage":"tr","potentialAction":[{"@type":"ReadAction","target":["https:\/\/kuzeyinsesi.org\/index.php\/2025\/03\/19\/18-avtepe-medos-lalesi-festivali-5-nisana-ertelendi\/"]}]},{"@type":"ImageObject","inLanguage":"tr","@id":"https:\/\/kuzeyinsesi.org\/index.php\/2025\/03\/19\/18-avtepe-medos-lalesi-festivali-5-nisana-ertelendi\/#primaryimage","url":"https:\/\/kuzeyinsesi.org\/wp-content\/uploads\/2025\/03\/1742396391722avtepe-festival-3-.jpg","contentUrl":"https:\/\/kuzeyinsesi.org\/wp-content\/uploads\/2025\/03\/1742396391722avtepe-festival-3-.jpg","width":1117,"height":613},{"@type":"BreadcrumbList","@id":"https:\/\/kuzeyinsesi.org\/index.php\/2025\/03\/19\/18-avtepe-medos-lalesi-festivali-5-nisana-ertelendi\/#breadcrumb","itemListElement":[{"@type":"ListItem","position":1,"name":"Anasayfa","item":"https:\/\/kuzeyinsesi.org\/"},{"@type":"ListItem","position":2,"name":"18. Avtepe Medo\u015f Lalesi Festivali 5 Nisan\u2019a ertelendi"}]},{"@type":"WebSite","@id":"https:\/\/kuzeyinsesi.org\/#website","url":"https:\/\/kuzeyinsesi.org\/","name":"Kuzeyin Sesi","description":"Do\u011fru Haberin Adresi","potentialAction":[{"@type":"SearchAction","target":{"@type":"EntryPoint","urlTemplate":"https:\/\/kuzeyinsesi.org\/?s={search_term_string}"},"query-input":{"@type":"PropertyValueSpecification","valueRequired":true,"valueName":"search_term_string"}}],"inLanguage":"tr"},{"@type":"Person","@id":"https:\/\/kuzeyinsesi.org\/#\/schema\/person\/9f859689cdf01485597712386e37f5aa","name":"Kuzeyin Sesi","image":{"@type":"ImageObject","inLanguage":"tr","@id":"https:\/\/secure.gravatar.com\/avatar\/bab33852abfd8b282518d6ed81826833d77c3c882d9ab608add591ccace47a44?s=96&d=mm&r=g","url":"https:\/\/secure.gravatar.com\/avatar\/bab33852abfd8b282518d6ed81826833d77c3c882d9ab608add591ccace47a44?s=96&d=mm&r=g","contentUrl":"https:\/\/secure.gravatar.com\/avatar\/bab33852abfd8b282518d6ed81826833d77c3c882d9ab608add591ccace47a44?s=96&d=mm&r=g","caption":"Kuzeyin Sesi"},"sameAs":["https:\/\/kuzeyinsesi.org"],"url":"https:\/\/kuzeyinsesi.org\/index.php\/author\/guven\/"}]}},"_links":{"self":[{"href":"https:\/\/kuzeyinsesi.org\/index.php\/wp-json\/wp\/v2\/posts\/21332","targetHints":{"allow":["GET"]}}],"collection":[{"href":"https:\/\/kuzeyinsesi.org\/index.php\/wp-json\/wp\/v2\/posts"}],"about":[{"href":"https:\/\/kuzeyinsesi.org\/index.php\/wp-json\/wp\/v2\/types\/post"}],"author":[{"embeddable":true,"href":"https:\/\/kuzeyinsesi.org\/index.php\/wp-json\/wp\/v2\/users\/1"}],"replies":[{"embeddable":true,"href":"https:\/\/kuzeyinsesi.org\/index.php\/wp-json\/wp\/v2\/comments?post=21332"}],"version-history":[{"count":0,"href":"https:\/\/kuzeyinsesi.org\/index.php\/wp-json\/wp\/v2\/posts\/21332\/revisions"}],"wp:featuredmedia":[{"embeddable":true,"href":"https:\/\/kuzeyinsesi.org\/index.php\/wp-json\/wp\/v2\/media\/21333"}],"wp:attachment":[{"href":"https:\/\/kuzeyinsesi.org\/index.php\/wp-json\/wp\/v2\/media?parent=21332"}],"wp:term":[{"taxonomy":"category","embeddable":true,"href":"https:\/\/kuzeyinsesi.org\/index.php\/wp-json\/wp\/v2\/categories?post=21332"},{"taxonomy":"post_tag","embeddable":true,"href":"https:\/\/kuzeyinsesi.org\/index.php\/wp-json\/wp\/v2\/tags?post=21332"}],"curies":[{"name":"wp","href":"https:\/\/api.w.org\/{rel}","templated":true}]}}