{"id":21322,"date":"2025-03-19T20:10:05","date_gmt":"2025-03-19T18:10:05","guid":{"rendered":"https:\/\/kuzeyinsesi.org\/index.php\/2025\/03\/19\/gaude-18-mart-canakkale-zaferi-yildonumu-etkinligi-duzenlendi\/"},"modified":"2025-03-19T20:10:05","modified_gmt":"2025-03-19T18:10:05","slug":"gaude-18-mart-canakkale-zaferi-yildonumu-etkinligi-duzenlendi","status":"publish","type":"post","link":"https:\/\/kuzeyinsesi.org\/index.php\/2025\/03\/19\/gaude-18-mart-canakkale-zaferi-yildonumu-etkinligi-duzenlendi\/","title":{"rendered":"GA\u00dc\u2019de 18 Mart \u00c7anakkale Zaferi y\u0131ld\u00f6n\u00fcm\u00fc etkinli\u011fi d\u00fczenlendi"},"content":{"rendered":"<div>\n<div class=\"mariselle-image-container center\">\n                                            <\/div>\n<p>Girne Amerikan \u00dcniversitesi (GA\u00dc), 18 Mart \u00c7anakkale Zaferi\u2019nin y\u0131ld\u00f6n\u00fcm\u00fc nedeniyle anma t\u00f6reni d\u00fczenledi.<\/p>\n<p>GA\u00dc\u2019den verilen bilgiye g\u00f6re, GA\u00dc Spectrum Uluslararas\u0131 Kongre Merkezi\u2019nde yer alan etkinlikte; E\u011fitim Fak\u00fcltesi T\u00fcrk\u00e7e \u00d6\u011fretmenli\u011fi \u00f6\u011frencileri Sultan \u00c7elik ve H\u00fclya Ceviz, \u015fair Mehmet Akif Ersoy\u2019un \u201c\u00c7anakkale\u2019nin \u015eehitlerine\u201d adl\u0131 \u015fiirini seslendirdi; m\u00fczik \u00f6\u011fretmenli\u011fi \u00f6\u011frencilerinden olu\u015fan koro \u201c\u00c7anakkale\u201d temal\u0131 \u00e7ok sesli dinleti sundu.<\/p>\n<p>Etkinlikte, \u00c7anakkale Sava\u015f\u0131 s\u0131ras\u0131nda esir d\u00fc\u015fen T\u00fcrk askerlerinin, d\u00f6nemin bir kolonisi olmas\u0131 sebebiyle g\u00f6nderildikleri K\u0131br\u0131s\u2019ta, Gazima\u011fusa\u2019daki esir kamp\u0131na ait hazin \u00f6yk\u00fclerinin konu al\u0131nd\u0131\u011f\u0131 \u201c\u00c7anakkale\u2019nin Kahramanlar\u0131: K\u0131br\u0131s\u201d adl\u0131 belgeselin g\u00f6sterimi de yap\u0131ld\u0131.<\/p>\n<p>T\u00f6rende; Girne Amerikan \u00dcniversitesi Rekt\u00f6r\u00fc Prof. Dr. Serdar Yurtsever, GA\u00dc Rekt\u00f6r Yard\u0131mc\u0131s\u0131 ve E\u011fitim Fak\u00fcltesi Dekan\u0131 Prof. Dr. Oya Ertu\u011frulo\u011flu, GA\u00dc \u0130leti\u015fim Fak\u00fcltesi Dekan Yard\u0131mc\u0131s\u0131 Yrd. Do\u00e7. Dr. M\u00fckerrem Y\u0131lmaz, GA\u00dc Siyasal Bilimler Fak\u00fcltesi Dekan Yard\u0131mc\u0131s\u0131 Do\u00e7. Dr. Hasibe \u015eaho\u011flu konu\u015fma yapt\u0131.<\/p>\n<\/p><\/div>\n<p><script async\n                    defer\n                    crossorigin=\"anonymous\"\n                    src=\"https:\/\/connect.facebook.net\/tr_TR\/sdk.js#xfbml=1&#038;version=v3.3\"\n            ><\/script><\/p>\n","protected":false},"excerpt":{"rendered":"<p>Girne Amerikan \u00dcniversitesi (GA\u00dc), 18 Mart \u00c7anakkale Zaferi\u2019nin y\u0131ld\u00f6n\u00fcm\u00fc nedeniyle anma t\u00f6reni d\u00fczenledi. GA\u00dc\u2019den verilen bilgiye g\u00f6re, GA\u00dc Spectrum Uluslararas\u0131 Kongre Merkezi\u2019nde yer alan etkinlikte; E\u011fitim Fak\u00fcltesi T\u00fcrk\u00e7e \u00d6\u011fretmenli\u011fi \u00f6\u011frencileri Sultan \u00c7elik ve H\u00fclya Ceviz, \u015fair Mehmet Akif Ersoy\u2019un \u201c\u00c7anakkale\u2019nin \u015eehitlerine\u201d adl\u0131 \u015fiirini seslendirdi; m\u00fczik \u00f6\u011fretmenli\u011fi \u00f6\u011frencilerinden olu\u015fan koro \u201c\u00c7anakkale\u201d temal\u0131 \u00e7ok sesli dinleti sundu. [&hellip;]<\/p>\n","protected":false},"author":1,"featured_media":21323,"comment_status":"open","ping_status":"open","sticky":false,"template":"","format":"standard","meta":{"jnews-multi-image_gallery":[],"jnews_single_post":[],"jnews_primary_category":[],"jnews_social_meta":[],"jnews_override_counter":[],"footnotes":""},"categories":[6],"tags":[],"class_list":["post-21322","post","type-post","status-publish","format-standard","has-post-thumbnail","hentry","category-yasam"],"yoast_head":"<!-- This site is optimized with the Yoast SEO plugin v27.4 - https:\/\/yoast.com\/product\/yoast-seo-wordpress\/ -->\n<title>GA\u00dc\u2019de 18 Mart \u00c7anakkale Zaferi y\u0131ld\u00f6n\u00fcm\u00fc etkinli\u011fi d\u00fczenlendi - Kuzeyin Sesi<\/title>\n<meta name=\"robots\" content=\"index, follow, max-snippet:-1, max-image-preview:large, max-video-preview:-1\" \/>\n<link rel=\"canonical\" href=\"https:\/\/kuzeyinsesi.org\/index.php\/2025\/03\/19\/gaude-18-mart-canakkale-zaferi-yildonumu-etkinligi-duzenlendi\/\" \/>\n<meta property=\"og:locale\" content=\"tr_TR\" \/>\n<meta property=\"og:type\" content=\"article\" \/>\n<meta property=\"og:title\" content=\"GA\u00dc\u2019de 18 Mart \u00c7anakkale Zaferi y\u0131ld\u00f6n\u00fcm\u00fc etkinli\u011fi d\u00fczenlendi - Kuzeyin Sesi\" \/>\n<meta property=\"og:description\" content=\"Girne Amerikan \u00dcniversitesi (GA\u00dc), 18 Mart \u00c7anakkale Zaferi\u2019nin y\u0131ld\u00f6n\u00fcm\u00fc nedeniyle anma t\u00f6reni d\u00fczenledi. GA\u00dc\u2019den verilen bilgiye g\u00f6re, GA\u00dc Spectrum Uluslararas\u0131 Kongre Merkezi\u2019nde yer alan etkinlikte; E\u011fitim Fak\u00fcltesi T\u00fcrk\u00e7e \u00d6\u011fretmenli\u011fi \u00f6\u011frencileri Sultan \u00c7elik ve H\u00fclya Ceviz, \u015fair Mehmet Akif Ersoy\u2019un \u201c\u00c7anakkale\u2019nin \u015eehitlerine\u201d adl\u0131 \u015fiirini seslendirdi; m\u00fczik \u00f6\u011fretmenli\u011fi \u00f6\u011frencilerinden olu\u015fan koro \u201c\u00c7anakkale\u201d temal\u0131 \u00e7ok sesli dinleti sundu. [&hellip;]\" \/>\n<meta property=\"og:url\" content=\"https:\/\/kuzeyinsesi.org\/index.php\/2025\/03\/19\/gaude-18-mart-canakkale-zaferi-yildonumu-etkinligi-duzenlendi\/\" \/>\n<meta property=\"og:site_name\" content=\"Kuzeyin Sesi\" \/>\n<meta property=\"article:publisher\" content=\"https:\/\/www.facebook.com\/kuzeyinsesii\" \/>\n<meta property=\"article:published_time\" content=\"2025-03-19T18:10:05+00:00\" \/>\n<meta property=\"og:image\" content=\"https:\/\/brtk.net\/wp-content\/uploads\/2025\/03\/19\/1742391091726GAU-18-MART-2.jpg?ver=64c93807f2a3be91bee5c15bc0a3a4ce\" \/>\n<meta name=\"author\" content=\"Kuzeyin Sesi\" \/>\n<meta name=\"twitter:card\" content=\"summary_large_image\" \/>\n<meta name=\"twitter:creator\" content=\"@kuzeyinsesii\" \/>\n<meta name=\"twitter:site\" content=\"@kuzeyinsesii\" \/>\n<meta name=\"twitter:label1\" content=\"Yazan:\" \/>\n\t<meta name=\"twitter:data1\" content=\"Kuzeyin Sesi\" \/>\n\t<meta name=\"twitter:label2\" content=\"Tahmini okuma s\u00fcresi\" \/>\n\t<meta name=\"twitter:data2\" content=\"1 dakika\" \/>\n<script type=\"application\/ld+json\" class=\"yoast-schema-graph\">{\"@context\":\"https:\\\/\\\/schema.org\",\"@graph\":[{\"@type\":\"Article\",\"@id\":\"https:\\\/\\\/kuzeyinsesi.org\\\/index.php\\\/2025\\\/03\\\/19\\\/gaude-18-mart-canakkale-zaferi-yildonumu-etkinligi-duzenlendi\\\/#article\",\"isPartOf\":{\"@id\":\"https:\\\/\\\/kuzeyinsesi.org\\\/index.php\\\/2025\\\/03\\\/19\\\/gaude-18-mart-canakkale-zaferi-yildonumu-etkinligi-duzenlendi\\\/\"},\"author\":{\"name\":\"Kuzeyin Sesi\",\"@id\":\"https:\\\/\\\/kuzeyinsesi.org\\\/#\\\/schema\\\/person\\\/9f859689cdf01485597712386e37f5aa\"},\"headline\":\"GA\u00dc\u2019de 18 Mart \u00c7anakkale Zaferi y\u0131ld\u00f6n\u00fcm\u00fc etkinli\u011fi d\u00fczenlendi\",\"datePublished\":\"2025-03-19T18:10:05+00:00\",\"mainEntityOfPage\":{\"@id\":\"https:\\\/\\\/kuzeyinsesi.org\\\/index.php\\\/2025\\\/03\\\/19\\\/gaude-18-mart-canakkale-zaferi-yildonumu-etkinligi-duzenlendi\\\/\"},\"wordCount\":199,\"commentCount\":0,\"image\":{\"@id\":\"https:\\\/\\\/kuzeyinsesi.org\\\/index.php\\\/2025\\\/03\\\/19\\\/gaude-18-mart-canakkale-zaferi-yildonumu-etkinligi-duzenlendi\\\/#primaryimage\"},\"thumbnailUrl\":\"https:\\\/\\\/kuzeyinsesi.org\\\/wp-content\\\/uploads\\\/2025\\\/03\\\/1742391091726GAU-18-MART-2.jpg\",\"articleSection\":[\"Ya\u015fam\"],\"inLanguage\":\"tr\",\"potentialAction\":[{\"@type\":\"CommentAction\",\"name\":\"Comment\",\"target\":[\"https:\\\/\\\/kuzeyinsesi.org\\\/index.php\\\/2025\\\/03\\\/19\\\/gaude-18-mart-canakkale-zaferi-yildonumu-etkinligi-duzenlendi\\\/#respond\"]}]},{\"@type\":\"WebPage\",\"@id\":\"https:\\\/\\\/kuzeyinsesi.org\\\/index.php\\\/2025\\\/03\\\/19\\\/gaude-18-mart-canakkale-zaferi-yildonumu-etkinligi-duzenlendi\\\/\",\"url\":\"https:\\\/\\\/kuzeyinsesi.org\\\/index.php\\\/2025\\\/03\\\/19\\\/gaude-18-mart-canakkale-zaferi-yildonumu-etkinligi-duzenlendi\\\/\",\"name\":\"GA\u00dc\u2019de 18 Mart \u00c7anakkale Zaferi y\u0131ld\u00f6n\u00fcm\u00fc etkinli\u011fi d\u00fczenlendi - Kuzeyin Sesi\",\"isPartOf\":{\"@id\":\"https:\\\/\\\/kuzeyinsesi.org\\\/#website\"},\"primaryImageOfPage\":{\"@id\":\"https:\\\/\\\/kuzeyinsesi.org\\\/index.php\\\/2025\\\/03\\\/19\\\/gaude-18-mart-canakkale-zaferi-yildonumu-etkinligi-duzenlendi\\\/#primaryimage\"},\"image\":{\"@id\":\"https:\\\/\\\/kuzeyinsesi.org\\\/index.php\\\/2025\\\/03\\\/19\\\/gaude-18-mart-canakkale-zaferi-yildonumu-etkinligi-duzenlendi\\\/#primaryimage\"},\"thumbnailUrl\":\"https:\\\/\\\/kuzeyinsesi.org\\\/wp-content\\\/uploads\\\/2025\\\/03\\\/1742391091726GAU-18-MART-2.jpg\",\"datePublished\":\"2025-03-19T18:10:05+00:00\",\"author\":{\"@id\":\"https:\\\/\\\/kuzeyinsesi.org\\\/#\\\/schema\\\/person\\\/9f859689cdf01485597712386e37f5aa\"},\"breadcrumb\":{\"@id\":\"https:\\\/\\\/kuzeyinsesi.org\\\/index.php\\\/2025\\\/03\\\/19\\\/gaude-18-mart-canakkale-zaferi-yildonumu-etkinligi-duzenlendi\\\/#breadcrumb\"},\"inLanguage\":\"tr\",\"potentialAction\":[{\"@type\":\"ReadAction\",\"target\":[\"https:\\\/\\\/kuzeyinsesi.org\\\/index.php\\\/2025\\\/03\\\/19\\\/gaude-18-mart-canakkale-zaferi-yildonumu-etkinligi-duzenlendi\\\/\"]}]},{\"@type\":\"ImageObject\",\"inLanguage\":\"tr\",\"@id\":\"https:\\\/\\\/kuzeyinsesi.org\\\/index.php\\\/2025\\\/03\\\/19\\\/gaude-18-mart-canakkale-zaferi-yildonumu-etkinligi-duzenlendi\\\/#primaryimage\",\"url\":\"https:\\\/\\\/kuzeyinsesi.org\\\/wp-content\\\/uploads\\\/2025\\\/03\\\/1742391091726GAU-18-MART-2.jpg\",\"contentUrl\":\"https:\\\/\\\/kuzeyinsesi.org\\\/wp-content\\\/uploads\\\/2025\\\/03\\\/1742391091726GAU-18-MART-2.jpg\",\"width\":1024,\"height\":683},{\"@type\":\"BreadcrumbList\",\"@id\":\"https:\\\/\\\/kuzeyinsesi.org\\\/index.php\\\/2025\\\/03\\\/19\\\/gaude-18-mart-canakkale-zaferi-yildonumu-etkinligi-duzenlendi\\\/#breadcrumb\",\"itemListElement\":[{\"@type\":\"ListItem\",\"position\":1,\"name\":\"Anasayfa\",\"item\":\"https:\\\/\\\/kuzeyinsesi.org\\\/\"},{\"@type\":\"ListItem\",\"position\":2,\"name\":\"GA\u00dc\u2019de 18 Mart \u00c7anakkale Zaferi y\u0131ld\u00f6n\u00fcm\u00fc etkinli\u011fi d\u00fczenlendi\"}]},{\"@type\":\"WebSite\",\"@id\":\"https:\\\/\\\/kuzeyinsesi.org\\\/#website\",\"url\":\"https:\\\/\\\/kuzeyinsesi.org\\\/\",\"name\":\"Kuzeyin Sesi\",\"description\":\"Do\u011fru Haberin Adresi\",\"potentialAction\":[{\"@type\":\"SearchAction\",\"target\":{\"@type\":\"EntryPoint\",\"urlTemplate\":\"https:\\\/\\\/kuzeyinsesi.org\\\/?s={search_term_string}\"},\"query-input\":{\"@type\":\"PropertyValueSpecification\",\"valueRequired\":true,\"valueName\":\"search_term_string\"}}],\"inLanguage\":\"tr\"},{\"@type\":\"Person\",\"@id\":\"https:\\\/\\\/kuzeyinsesi.org\\\/#\\\/schema\\\/person\\\/9f859689cdf01485597712386e37f5aa\",\"name\":\"Kuzeyin Sesi\",\"image\":{\"@type\":\"ImageObject\",\"inLanguage\":\"tr\",\"@id\":\"https:\\\/\\\/secure.gravatar.com\\\/avatar\\\/bab33852abfd8b282518d6ed81826833d77c3c882d9ab608add591ccace47a44?s=96&d=mm&r=g\",\"url\":\"https:\\\/\\\/secure.gravatar.com\\\/avatar\\\/bab33852abfd8b282518d6ed81826833d77c3c882d9ab608add591ccace47a44?s=96&d=mm&r=g\",\"contentUrl\":\"https:\\\/\\\/secure.gravatar.com\\\/avatar\\\/bab33852abfd8b282518d6ed81826833d77c3c882d9ab608add591ccace47a44?s=96&d=mm&r=g\",\"caption\":\"Kuzeyin Sesi\"},\"sameAs\":[\"https:\\\/\\\/kuzeyinsesi.org\"],\"url\":\"https:\\\/\\\/kuzeyinsesi.org\\\/index.php\\\/author\\\/guven\\\/\"}]}<\/script>\n<!-- \/ Yoast SEO plugin. -->","yoast_head_json":{"title":"GA\u00dc\u2019de 18 Mart \u00c7anakkale Zaferi y\u0131ld\u00f6n\u00fcm\u00fc etkinli\u011fi d\u00fczenlendi - Kuzeyin Sesi","robots":{"index":"index","follow":"follow","max-snippet":"max-snippet:-1","max-image-preview":"max-image-preview:large","max-video-preview":"max-video-preview:-1"},"canonical":"https:\/\/kuzeyinsesi.org\/index.php\/2025\/03\/19\/gaude-18-mart-canakkale-zaferi-yildonumu-etkinligi-duzenlendi\/","og_locale":"tr_TR","og_type":"article","og_title":"GA\u00dc\u2019de 18 Mart \u00c7anakkale Zaferi y\u0131ld\u00f6n\u00fcm\u00fc etkinli\u011fi d\u00fczenlendi - Kuzeyin Sesi","og_description":"Girne Amerikan \u00dcniversitesi (GA\u00dc), 18 Mart \u00c7anakkale Zaferi\u2019nin y\u0131ld\u00f6n\u00fcm\u00fc nedeniyle anma t\u00f6reni d\u00fczenledi. GA\u00dc\u2019den verilen bilgiye g\u00f6re, GA\u00dc Spectrum Uluslararas\u0131 Kongre Merkezi\u2019nde yer alan etkinlikte; E\u011fitim Fak\u00fcltesi T\u00fcrk\u00e7e \u00d6\u011fretmenli\u011fi \u00f6\u011frencileri Sultan \u00c7elik ve H\u00fclya Ceviz, \u015fair Mehmet Akif Ersoy\u2019un \u201c\u00c7anakkale\u2019nin \u015eehitlerine\u201d adl\u0131 \u015fiirini seslendirdi; m\u00fczik \u00f6\u011fretmenli\u011fi \u00f6\u011frencilerinden olu\u015fan koro \u201c\u00c7anakkale\u201d temal\u0131 \u00e7ok sesli dinleti sundu. [&hellip;]","og_url":"https:\/\/kuzeyinsesi.org\/index.php\/2025\/03\/19\/gaude-18-mart-canakkale-zaferi-yildonumu-etkinligi-duzenlendi\/","og_site_name":"Kuzeyin Sesi","article_publisher":"https:\/\/www.facebook.com\/kuzeyinsesii","article_published_time":"2025-03-19T18:10:05+00:00","og_image":[{"url":"https:\/\/brtk.net\/wp-content\/uploads\/2025\/03\/19\/1742391091726GAU-18-MART-2.jpg?ver=64c93807f2a3be91bee5c15bc0a3a4ce","type":"","width":"","height":""}],"author":"Kuzeyin Sesi","twitter_card":"summary_large_image","twitter_creator":"@kuzeyinsesii","twitter_site":"@kuzeyinsesii","twitter_misc":{"Yazan:":"Kuzeyin Sesi","Tahmini okuma s\u00fcresi":"1 dakika"},"schema":{"@context":"https:\/\/schema.org","@graph":[{"@type":"Article","@id":"https:\/\/kuzeyinsesi.org\/index.php\/2025\/03\/19\/gaude-18-mart-canakkale-zaferi-yildonumu-etkinligi-duzenlendi\/#article","isPartOf":{"@id":"https:\/\/kuzeyinsesi.org\/index.php\/2025\/03\/19\/gaude-18-mart-canakkale-zaferi-yildonumu-etkinligi-duzenlendi\/"},"author":{"name":"Kuzeyin Sesi","@id":"https:\/\/kuzeyinsesi.org\/#\/schema\/person\/9f859689cdf01485597712386e37f5aa"},"headline":"GA\u00dc\u2019de 18 Mart \u00c7anakkale Zaferi y\u0131ld\u00f6n\u00fcm\u00fc etkinli\u011fi d\u00fczenlendi","datePublished":"2025-03-19T18:10:05+00:00","mainEntityOfPage":{"@id":"https:\/\/kuzeyinsesi.org\/index.php\/2025\/03\/19\/gaude-18-mart-canakkale-zaferi-yildonumu-etkinligi-duzenlendi\/"},"wordCount":199,"commentCount":0,"image":{"@id":"https:\/\/kuzeyinsesi.org\/index.php\/2025\/03\/19\/gaude-18-mart-canakkale-zaferi-yildonumu-etkinligi-duzenlendi\/#primaryimage"},"thumbnailUrl":"https:\/\/kuzeyinsesi.org\/wp-content\/uploads\/2025\/03\/1742391091726GAU-18-MART-2.jpg","articleSection":["Ya\u015fam"],"inLanguage":"tr","potentialAction":[{"@type":"CommentAction","name":"Comment","target":["https:\/\/kuzeyinsesi.org\/index.php\/2025\/03\/19\/gaude-18-mart-canakkale-zaferi-yildonumu-etkinligi-duzenlendi\/#respond"]}]},{"@type":"WebPage","@id":"https:\/\/kuzeyinsesi.org\/index.php\/2025\/03\/19\/gaude-18-mart-canakkale-zaferi-yildonumu-etkinligi-duzenlendi\/","url":"https:\/\/kuzeyinsesi.org\/index.php\/2025\/03\/19\/gaude-18-mart-canakkale-zaferi-yildonumu-etkinligi-duzenlendi\/","name":"GA\u00dc\u2019de 18 Mart \u00c7anakkale Zaferi y\u0131ld\u00f6n\u00fcm\u00fc etkinli\u011fi d\u00fczenlendi - Kuzeyin Sesi","isPartOf":{"@id":"https:\/\/kuzeyinsesi.org\/#website"},"primaryImageOfPage":{"@id":"https:\/\/kuzeyinsesi.org\/index.php\/2025\/03\/19\/gaude-18-mart-canakkale-zaferi-yildonumu-etkinligi-duzenlendi\/#primaryimage"},"image":{"@id":"https:\/\/kuzeyinsesi.org\/index.php\/2025\/03\/19\/gaude-18-mart-canakkale-zaferi-yildonumu-etkinligi-duzenlendi\/#primaryimage"},"thumbnailUrl":"https:\/\/kuzeyinsesi.org\/wp-content\/uploads\/2025\/03\/1742391091726GAU-18-MART-2.jpg","datePublished":"2025-03-19T18:10:05+00:00","author":{"@id":"https:\/\/kuzeyinsesi.org\/#\/schema\/person\/9f859689cdf01485597712386e37f5aa"},"breadcrumb":{"@id":"https:\/\/kuzeyinsesi.org\/index.php\/2025\/03\/19\/gaude-18-mart-canakkale-zaferi-yildonumu-etkinligi-duzenlendi\/#breadcrumb"},"inLanguage":"tr","potentialAction":[{"@type":"ReadAction","target":["https:\/\/kuzeyinsesi.org\/index.php\/2025\/03\/19\/gaude-18-mart-canakkale-zaferi-yildonumu-etkinligi-duzenlendi\/"]}]},{"@type":"ImageObject","inLanguage":"tr","@id":"https:\/\/kuzeyinsesi.org\/index.php\/2025\/03\/19\/gaude-18-mart-canakkale-zaferi-yildonumu-etkinligi-duzenlendi\/#primaryimage","url":"https:\/\/kuzeyinsesi.org\/wp-content\/uploads\/2025\/03\/1742391091726GAU-18-MART-2.jpg","contentUrl":"https:\/\/kuzeyinsesi.org\/wp-content\/uploads\/2025\/03\/1742391091726GAU-18-MART-2.jpg","width":1024,"height":683},{"@type":"BreadcrumbList","@id":"https:\/\/kuzeyinsesi.org\/index.php\/2025\/03\/19\/gaude-18-mart-canakkale-zaferi-yildonumu-etkinligi-duzenlendi\/#breadcrumb","itemListElement":[{"@type":"ListItem","position":1,"name":"Anasayfa","item":"https:\/\/kuzeyinsesi.org\/"},{"@type":"ListItem","position":2,"name":"GA\u00dc\u2019de 18 Mart \u00c7anakkale Zaferi y\u0131ld\u00f6n\u00fcm\u00fc etkinli\u011fi d\u00fczenlendi"}]},{"@type":"WebSite","@id":"https:\/\/kuzeyinsesi.org\/#website","url":"https:\/\/kuzeyinsesi.org\/","name":"Kuzeyin Sesi","description":"Do\u011fru Haberin Adresi","potentialAction":[{"@type":"SearchAction","target":{"@type":"EntryPoint","urlTemplate":"https:\/\/kuzeyinsesi.org\/?s={search_term_string}"},"query-input":{"@type":"PropertyValueSpecification","valueRequired":true,"valueName":"search_term_string"}}],"inLanguage":"tr"},{"@type":"Person","@id":"https:\/\/kuzeyinsesi.org\/#\/schema\/person\/9f859689cdf01485597712386e37f5aa","name":"Kuzeyin Sesi","image":{"@type":"ImageObject","inLanguage":"tr","@id":"https:\/\/secure.gravatar.com\/avatar\/bab33852abfd8b282518d6ed81826833d77c3c882d9ab608add591ccace47a44?s=96&d=mm&r=g","url":"https:\/\/secure.gravatar.com\/avatar\/bab33852abfd8b282518d6ed81826833d77c3c882d9ab608add591ccace47a44?s=96&d=mm&r=g","contentUrl":"https:\/\/secure.gravatar.com\/avatar\/bab33852abfd8b282518d6ed81826833d77c3c882d9ab608add591ccace47a44?s=96&d=mm&r=g","caption":"Kuzeyin Sesi"},"sameAs":["https:\/\/kuzeyinsesi.org"],"url":"https:\/\/kuzeyinsesi.org\/index.php\/author\/guven\/"}]}},"_links":{"self":[{"href":"https:\/\/kuzeyinsesi.org\/index.php\/wp-json\/wp\/v2\/posts\/21322","targetHints":{"allow":["GET"]}}],"collection":[{"href":"https:\/\/kuzeyinsesi.org\/index.php\/wp-json\/wp\/v2\/posts"}],"about":[{"href":"https:\/\/kuzeyinsesi.org\/index.php\/wp-json\/wp\/v2\/types\/post"}],"author":[{"embeddable":true,"href":"https:\/\/kuzeyinsesi.org\/index.php\/wp-json\/wp\/v2\/users\/1"}],"replies":[{"embeddable":true,"href":"https:\/\/kuzeyinsesi.org\/index.php\/wp-json\/wp\/v2\/comments?post=21322"}],"version-history":[{"count":0,"href":"https:\/\/kuzeyinsesi.org\/index.php\/wp-json\/wp\/v2\/posts\/21322\/revisions"}],"wp:featuredmedia":[{"embeddable":true,"href":"https:\/\/kuzeyinsesi.org\/index.php\/wp-json\/wp\/v2\/media\/21323"}],"wp:attachment":[{"href":"https:\/\/kuzeyinsesi.org\/index.php\/wp-json\/wp\/v2\/media?parent=21322"}],"wp:term":[{"taxonomy":"category","embeddable":true,"href":"https:\/\/kuzeyinsesi.org\/index.php\/wp-json\/wp\/v2\/categories?post=21322"},{"taxonomy":"post_tag","embeddable":true,"href":"https:\/\/kuzeyinsesi.org\/index.php\/wp-json\/wp\/v2\/tags?post=21322"}],"curies":[{"name":"wp","href":"https:\/\/api.w.org\/{rel}","templated":true}]}}