{"id":21276,"date":"2025-03-19T13:00:45","date_gmt":"2025-03-19T11:00:45","guid":{"rendered":"https:\/\/kuzeyinsesi.org\/index.php\/2025\/03\/19\/iskelede-kultur-sanat-gunleri-iki-etkinlikle-devam-etti\/"},"modified":"2025-03-19T13:00:45","modified_gmt":"2025-03-19T11:00:45","slug":"iskelede-kultur-sanat-gunleri-iki-etkinlikle-devam-etti","status":"publish","type":"post","link":"https:\/\/kuzeyinsesi.org\/index.php\/2025\/03\/19\/iskelede-kultur-sanat-gunleri-iki-etkinlikle-devam-etti\/","title":{"rendered":"\u0130skele\u2019de K\u00fclt\u00fcr-Sanat G\u00fcnleri iki etkinlikle devam etti"},"content":{"rendered":"<div>\n<div class=\"mariselle-image-container center\">\n                                            <\/div>\n<p>\u0130skele Belediyesi 14. K\u00fclt\u00fcr&amp;Sanat G\u00fcnleri d\u00fcn ak\u015fam iki etkinlikle devam etti. \u0130skele Belediyesi K\u00fclt\u00fcr Evi \u00f6n\u00fcnde \u201cGave Keyfi\u201d, \u0130skele Atat\u00fcrk K\u00fclt\u00fcr Merkezi\u2019nde ise \u201cK\u0131br\u0131s Manileri Gecesi\u201d d\u00fczenlendi.<\/p>\n<p>Belediyeden verilen bilgiye g\u00f6re, Oza, Sultan ve \u00d6zerlat Kahvelerinin katk\u0131lar\u0131yla ger\u00e7ekle\u015ftirilen ilk etkinlikte \u00fccretsiz kahve ikram\u0131 yap\u0131ld\u0131.<\/p>\n<p>Ard\u0131ndan K\u0131br\u0131s Manileri Gecesi\u2019ne ge\u00e7ildi. Kemal Latif ve Grubu (B\u00fclent \u00c7\u0131narl\u0131l\u0131 ile Zeren Tural) Zehra Ekmek\u00e7i ve Emine G\u00fcder\u2019in yer ald\u0131\u011f\u0131 etkinlikte, \u0130skele Belediyesi k\u00fc\u00e7\u00fckler halk danslar\u0131 toplulu\u011fu ile \u0130skele Maarif Anaokulu \u00f6\u011frencileri de sahne ald\u0131.<\/p>\n<p>Gecenin sonunda Kemal Latif ve Grubu ile Zehra Ekmek\u00e7i ve Emine G\u00fcder\u2019e te\u015fekk\u00fcr plaketi takdim edildi.<\/p>\n<\/p><\/div>\n<p><script async\n                    defer\n                    crossorigin=\"anonymous\"\n                    src=\"https:\/\/connect.facebook.net\/tr_TR\/sdk.js#xfbml=1&#038;version=v3.3\"\n            ><\/script><\/p>\n","protected":false},"excerpt":{"rendered":"<p>\u0130skele Belediyesi 14. K\u00fclt\u00fcr&amp;Sanat G\u00fcnleri d\u00fcn ak\u015fam iki etkinlikle devam etti. \u0130skele Belediyesi K\u00fclt\u00fcr Evi \u00f6n\u00fcnde \u201cGave Keyfi\u201d, \u0130skele Atat\u00fcrk K\u00fclt\u00fcr Merkezi\u2019nde ise \u201cK\u0131br\u0131s Manileri Gecesi\u201d d\u00fczenlendi. Belediyeden verilen bilgiye g\u00f6re, Oza, Sultan ve \u00d6zerlat Kahvelerinin katk\u0131lar\u0131yla ger\u00e7ekle\u015ftirilen ilk etkinlikte \u00fccretsiz kahve ikram\u0131 yap\u0131ld\u0131. Ard\u0131ndan K\u0131br\u0131s Manileri Gecesi\u2019ne ge\u00e7ildi. Kemal Latif ve Grubu (B\u00fclent \u00c7\u0131narl\u0131l\u0131 [&hellip;]<\/p>\n","protected":false},"author":1,"featured_media":21277,"comment_status":"open","ping_status":"open","sticky":false,"template":"","format":"standard","meta":{"jnews-multi-image_gallery":[],"jnews_single_post":[],"jnews_primary_category":[],"jnews_social_meta":[],"jnews_override_counter":[],"footnotes":""},"categories":[6],"tags":[],"class_list":["post-21276","post","type-post","status-publish","format-standard","has-post-thumbnail","hentry","category-yasam"],"yoast_head":"<!-- This site is optimized with the Yoast SEO plugin v27.4 - https:\/\/yoast.com\/product\/yoast-seo-wordpress\/ -->\n<title>\u0130skele\u2019de K\u00fclt\u00fcr-Sanat G\u00fcnleri iki etkinlikle devam etti - Kuzeyin Sesi<\/title>\n<meta name=\"robots\" content=\"index, follow, max-snippet:-1, max-image-preview:large, max-video-preview:-1\" \/>\n<link rel=\"canonical\" href=\"https:\/\/kuzeyinsesi.org\/index.php\/2025\/03\/19\/iskelede-kultur-sanat-gunleri-iki-etkinlikle-devam-etti\/\" \/>\n<meta property=\"og:locale\" content=\"tr_TR\" \/>\n<meta property=\"og:type\" content=\"article\" \/>\n<meta property=\"og:title\" content=\"\u0130skele\u2019de K\u00fclt\u00fcr-Sanat G\u00fcnleri iki etkinlikle devam etti - Kuzeyin Sesi\" \/>\n<meta property=\"og:description\" content=\"\u0130skele Belediyesi 14. K\u00fclt\u00fcr&amp;Sanat G\u00fcnleri d\u00fcn ak\u015fam iki etkinlikle devam etti. \u0130skele Belediyesi K\u00fclt\u00fcr Evi \u00f6n\u00fcnde \u201cGave Keyfi\u201d, \u0130skele Atat\u00fcrk K\u00fclt\u00fcr Merkezi\u2019nde ise \u201cK\u0131br\u0131s Manileri Gecesi\u201d d\u00fczenlendi. Belediyeden verilen bilgiye g\u00f6re, Oza, Sultan ve \u00d6zerlat Kahvelerinin katk\u0131lar\u0131yla ger\u00e7ekle\u015ftirilen ilk etkinlikte \u00fccretsiz kahve ikram\u0131 yap\u0131ld\u0131. Ard\u0131ndan K\u0131br\u0131s Manileri Gecesi\u2019ne ge\u00e7ildi. Kemal Latif ve Grubu (B\u00fclent \u00c7\u0131narl\u0131l\u0131 [&hellip;]\" \/>\n<meta property=\"og:url\" content=\"https:\/\/kuzeyinsesi.org\/index.php\/2025\/03\/19\/iskelede-kultur-sanat-gunleri-iki-etkinlikle-devam-etti\/\" \/>\n<meta property=\"og:site_name\" content=\"Kuzeyin Sesi\" \/>\n<meta property=\"article:publisher\" content=\"https:\/\/www.facebook.com\/kuzeyinsesii\" \/>\n<meta property=\"article:published_time\" content=\"2025-03-19T11:00:45+00:00\" \/>\n<meta property=\"og:image\" content=\"https:\/\/brtk.net\/wp-content\/uploads\/2025\/03\/19\/89797.jpg?ver=7c2c780b21eeeeb2d9d6b581e406a16c\" \/>\n<meta name=\"author\" content=\"Kuzeyin Sesi\" \/>\n<meta name=\"twitter:card\" content=\"summary_large_image\" \/>\n<meta name=\"twitter:creator\" content=\"@kuzeyinsesii\" \/>\n<meta name=\"twitter:site\" content=\"@kuzeyinsesii\" \/>\n<meta name=\"twitter:label1\" content=\"Yazan:\" \/>\n\t<meta name=\"twitter:data1\" content=\"Kuzeyin Sesi\" \/>\n\t<meta name=\"twitter:label2\" content=\"Tahmini okuma s\u00fcresi\" \/>\n\t<meta name=\"twitter:data2\" content=\"1 dakika\" \/>\n<script type=\"application\/ld+json\" class=\"yoast-schema-graph\">{\"@context\":\"https:\\\/\\\/schema.org\",\"@graph\":[{\"@type\":\"Article\",\"@id\":\"https:\\\/\\\/kuzeyinsesi.org\\\/index.php\\\/2025\\\/03\\\/19\\\/iskelede-kultur-sanat-gunleri-iki-etkinlikle-devam-etti\\\/#article\",\"isPartOf\":{\"@id\":\"https:\\\/\\\/kuzeyinsesi.org\\\/index.php\\\/2025\\\/03\\\/19\\\/iskelede-kultur-sanat-gunleri-iki-etkinlikle-devam-etti\\\/\"},\"author\":{\"name\":\"Kuzeyin Sesi\",\"@id\":\"https:\\\/\\\/kuzeyinsesi.org\\\/#\\\/schema\\\/person\\\/9f859689cdf01485597712386e37f5aa\"},\"headline\":\"\u0130skele\u2019de K\u00fclt\u00fcr-Sanat G\u00fcnleri iki etkinlikle devam etti\",\"datePublished\":\"2025-03-19T11:00:45+00:00\",\"mainEntityOfPage\":{\"@id\":\"https:\\\/\\\/kuzeyinsesi.org\\\/index.php\\\/2025\\\/03\\\/19\\\/iskelede-kultur-sanat-gunleri-iki-etkinlikle-devam-etti\\\/\"},\"wordCount\":146,\"commentCount\":0,\"image\":{\"@id\":\"https:\\\/\\\/kuzeyinsesi.org\\\/index.php\\\/2025\\\/03\\\/19\\\/iskelede-kultur-sanat-gunleri-iki-etkinlikle-devam-etti\\\/#primaryimage\"},\"thumbnailUrl\":\"https:\\\/\\\/kuzeyinsesi.org\\\/wp-content\\\/uploads\\\/2025\\\/03\\\/89797.jpg\",\"articleSection\":[\"Ya\u015fam\"],\"inLanguage\":\"tr\",\"potentialAction\":[{\"@type\":\"CommentAction\",\"name\":\"Comment\",\"target\":[\"https:\\\/\\\/kuzeyinsesi.org\\\/index.php\\\/2025\\\/03\\\/19\\\/iskelede-kultur-sanat-gunleri-iki-etkinlikle-devam-etti\\\/#respond\"]}]},{\"@type\":\"WebPage\",\"@id\":\"https:\\\/\\\/kuzeyinsesi.org\\\/index.php\\\/2025\\\/03\\\/19\\\/iskelede-kultur-sanat-gunleri-iki-etkinlikle-devam-etti\\\/\",\"url\":\"https:\\\/\\\/kuzeyinsesi.org\\\/index.php\\\/2025\\\/03\\\/19\\\/iskelede-kultur-sanat-gunleri-iki-etkinlikle-devam-etti\\\/\",\"name\":\"\u0130skele\u2019de K\u00fclt\u00fcr-Sanat G\u00fcnleri iki etkinlikle devam etti - Kuzeyin Sesi\",\"isPartOf\":{\"@id\":\"https:\\\/\\\/kuzeyinsesi.org\\\/#website\"},\"primaryImageOfPage\":{\"@id\":\"https:\\\/\\\/kuzeyinsesi.org\\\/index.php\\\/2025\\\/03\\\/19\\\/iskelede-kultur-sanat-gunleri-iki-etkinlikle-devam-etti\\\/#primaryimage\"},\"image\":{\"@id\":\"https:\\\/\\\/kuzeyinsesi.org\\\/index.php\\\/2025\\\/03\\\/19\\\/iskelede-kultur-sanat-gunleri-iki-etkinlikle-devam-etti\\\/#primaryimage\"},\"thumbnailUrl\":\"https:\\\/\\\/kuzeyinsesi.org\\\/wp-content\\\/uploads\\\/2025\\\/03\\\/89797.jpg\",\"datePublished\":\"2025-03-19T11:00:45+00:00\",\"author\":{\"@id\":\"https:\\\/\\\/kuzeyinsesi.org\\\/#\\\/schema\\\/person\\\/9f859689cdf01485597712386e37f5aa\"},\"breadcrumb\":{\"@id\":\"https:\\\/\\\/kuzeyinsesi.org\\\/index.php\\\/2025\\\/03\\\/19\\\/iskelede-kultur-sanat-gunleri-iki-etkinlikle-devam-etti\\\/#breadcrumb\"},\"inLanguage\":\"tr\",\"potentialAction\":[{\"@type\":\"ReadAction\",\"target\":[\"https:\\\/\\\/kuzeyinsesi.org\\\/index.php\\\/2025\\\/03\\\/19\\\/iskelede-kultur-sanat-gunleri-iki-etkinlikle-devam-etti\\\/\"]}]},{\"@type\":\"ImageObject\",\"inLanguage\":\"tr\",\"@id\":\"https:\\\/\\\/kuzeyinsesi.org\\\/index.php\\\/2025\\\/03\\\/19\\\/iskelede-kultur-sanat-gunleri-iki-etkinlikle-devam-etti\\\/#primaryimage\",\"url\":\"https:\\\/\\\/kuzeyinsesi.org\\\/wp-content\\\/uploads\\\/2025\\\/03\\\/89797.jpg\",\"contentUrl\":\"https:\\\/\\\/kuzeyinsesi.org\\\/wp-content\\\/uploads\\\/2025\\\/03\\\/89797.jpg\",\"width\":1620,\"height\":1080},{\"@type\":\"BreadcrumbList\",\"@id\":\"https:\\\/\\\/kuzeyinsesi.org\\\/index.php\\\/2025\\\/03\\\/19\\\/iskelede-kultur-sanat-gunleri-iki-etkinlikle-devam-etti\\\/#breadcrumb\",\"itemListElement\":[{\"@type\":\"ListItem\",\"position\":1,\"name\":\"Anasayfa\",\"item\":\"https:\\\/\\\/kuzeyinsesi.org\\\/\"},{\"@type\":\"ListItem\",\"position\":2,\"name\":\"\u0130skele\u2019de K\u00fclt\u00fcr-Sanat G\u00fcnleri iki etkinlikle devam etti\"}]},{\"@type\":\"WebSite\",\"@id\":\"https:\\\/\\\/kuzeyinsesi.org\\\/#website\",\"url\":\"https:\\\/\\\/kuzeyinsesi.org\\\/\",\"name\":\"Kuzeyin Sesi\",\"description\":\"Do\u011fru Haberin Adresi\",\"potentialAction\":[{\"@type\":\"SearchAction\",\"target\":{\"@type\":\"EntryPoint\",\"urlTemplate\":\"https:\\\/\\\/kuzeyinsesi.org\\\/?s={search_term_string}\"},\"query-input\":{\"@type\":\"PropertyValueSpecification\",\"valueRequired\":true,\"valueName\":\"search_term_string\"}}],\"inLanguage\":\"tr\"},{\"@type\":\"Person\",\"@id\":\"https:\\\/\\\/kuzeyinsesi.org\\\/#\\\/schema\\\/person\\\/9f859689cdf01485597712386e37f5aa\",\"name\":\"Kuzeyin Sesi\",\"image\":{\"@type\":\"ImageObject\",\"inLanguage\":\"tr\",\"@id\":\"https:\\\/\\\/secure.gravatar.com\\\/avatar\\\/bab33852abfd8b282518d6ed81826833d77c3c882d9ab608add591ccace47a44?s=96&d=mm&r=g\",\"url\":\"https:\\\/\\\/secure.gravatar.com\\\/avatar\\\/bab33852abfd8b282518d6ed81826833d77c3c882d9ab608add591ccace47a44?s=96&d=mm&r=g\",\"contentUrl\":\"https:\\\/\\\/secure.gravatar.com\\\/avatar\\\/bab33852abfd8b282518d6ed81826833d77c3c882d9ab608add591ccace47a44?s=96&d=mm&r=g\",\"caption\":\"Kuzeyin Sesi\"},\"sameAs\":[\"https:\\\/\\\/kuzeyinsesi.org\"],\"url\":\"https:\\\/\\\/kuzeyinsesi.org\\\/index.php\\\/author\\\/guven\\\/\"}]}<\/script>\n<!-- \/ Yoast SEO plugin. -->","yoast_head_json":{"title":"\u0130skele\u2019de K\u00fclt\u00fcr-Sanat G\u00fcnleri iki etkinlikle devam etti - Kuzeyin Sesi","robots":{"index":"index","follow":"follow","max-snippet":"max-snippet:-1","max-image-preview":"max-image-preview:large","max-video-preview":"max-video-preview:-1"},"canonical":"https:\/\/kuzeyinsesi.org\/index.php\/2025\/03\/19\/iskelede-kultur-sanat-gunleri-iki-etkinlikle-devam-etti\/","og_locale":"tr_TR","og_type":"article","og_title":"\u0130skele\u2019de K\u00fclt\u00fcr-Sanat G\u00fcnleri iki etkinlikle devam etti - Kuzeyin Sesi","og_description":"\u0130skele Belediyesi 14. K\u00fclt\u00fcr&amp;Sanat G\u00fcnleri d\u00fcn ak\u015fam iki etkinlikle devam etti. \u0130skele Belediyesi K\u00fclt\u00fcr Evi \u00f6n\u00fcnde \u201cGave Keyfi\u201d, \u0130skele Atat\u00fcrk K\u00fclt\u00fcr Merkezi\u2019nde ise \u201cK\u0131br\u0131s Manileri Gecesi\u201d d\u00fczenlendi. Belediyeden verilen bilgiye g\u00f6re, Oza, Sultan ve \u00d6zerlat Kahvelerinin katk\u0131lar\u0131yla ger\u00e7ekle\u015ftirilen ilk etkinlikte \u00fccretsiz kahve ikram\u0131 yap\u0131ld\u0131. Ard\u0131ndan K\u0131br\u0131s Manileri Gecesi\u2019ne ge\u00e7ildi. Kemal Latif ve Grubu (B\u00fclent \u00c7\u0131narl\u0131l\u0131 [&hellip;]","og_url":"https:\/\/kuzeyinsesi.org\/index.php\/2025\/03\/19\/iskelede-kultur-sanat-gunleri-iki-etkinlikle-devam-etti\/","og_site_name":"Kuzeyin Sesi","article_publisher":"https:\/\/www.facebook.com\/kuzeyinsesii","article_published_time":"2025-03-19T11:00:45+00:00","og_image":[{"url":"https:\/\/brtk.net\/wp-content\/uploads\/2025\/03\/19\/89797.jpg?ver=7c2c780b21eeeeb2d9d6b581e406a16c","type":"","width":"","height":""}],"author":"Kuzeyin Sesi","twitter_card":"summary_large_image","twitter_creator":"@kuzeyinsesii","twitter_site":"@kuzeyinsesii","twitter_misc":{"Yazan:":"Kuzeyin Sesi","Tahmini okuma s\u00fcresi":"1 dakika"},"schema":{"@context":"https:\/\/schema.org","@graph":[{"@type":"Article","@id":"https:\/\/kuzeyinsesi.org\/index.php\/2025\/03\/19\/iskelede-kultur-sanat-gunleri-iki-etkinlikle-devam-etti\/#article","isPartOf":{"@id":"https:\/\/kuzeyinsesi.org\/index.php\/2025\/03\/19\/iskelede-kultur-sanat-gunleri-iki-etkinlikle-devam-etti\/"},"author":{"name":"Kuzeyin Sesi","@id":"https:\/\/kuzeyinsesi.org\/#\/schema\/person\/9f859689cdf01485597712386e37f5aa"},"headline":"\u0130skele\u2019de K\u00fclt\u00fcr-Sanat G\u00fcnleri iki etkinlikle devam etti","datePublished":"2025-03-19T11:00:45+00:00","mainEntityOfPage":{"@id":"https:\/\/kuzeyinsesi.org\/index.php\/2025\/03\/19\/iskelede-kultur-sanat-gunleri-iki-etkinlikle-devam-etti\/"},"wordCount":146,"commentCount":0,"image":{"@id":"https:\/\/kuzeyinsesi.org\/index.php\/2025\/03\/19\/iskelede-kultur-sanat-gunleri-iki-etkinlikle-devam-etti\/#primaryimage"},"thumbnailUrl":"https:\/\/kuzeyinsesi.org\/wp-content\/uploads\/2025\/03\/89797.jpg","articleSection":["Ya\u015fam"],"inLanguage":"tr","potentialAction":[{"@type":"CommentAction","name":"Comment","target":["https:\/\/kuzeyinsesi.org\/index.php\/2025\/03\/19\/iskelede-kultur-sanat-gunleri-iki-etkinlikle-devam-etti\/#respond"]}]},{"@type":"WebPage","@id":"https:\/\/kuzeyinsesi.org\/index.php\/2025\/03\/19\/iskelede-kultur-sanat-gunleri-iki-etkinlikle-devam-etti\/","url":"https:\/\/kuzeyinsesi.org\/index.php\/2025\/03\/19\/iskelede-kultur-sanat-gunleri-iki-etkinlikle-devam-etti\/","name":"\u0130skele\u2019de K\u00fclt\u00fcr-Sanat G\u00fcnleri iki etkinlikle devam etti - Kuzeyin Sesi","isPartOf":{"@id":"https:\/\/kuzeyinsesi.org\/#website"},"primaryImageOfPage":{"@id":"https:\/\/kuzeyinsesi.org\/index.php\/2025\/03\/19\/iskelede-kultur-sanat-gunleri-iki-etkinlikle-devam-etti\/#primaryimage"},"image":{"@id":"https:\/\/kuzeyinsesi.org\/index.php\/2025\/03\/19\/iskelede-kultur-sanat-gunleri-iki-etkinlikle-devam-etti\/#primaryimage"},"thumbnailUrl":"https:\/\/kuzeyinsesi.org\/wp-content\/uploads\/2025\/03\/89797.jpg","datePublished":"2025-03-19T11:00:45+00:00","author":{"@id":"https:\/\/kuzeyinsesi.org\/#\/schema\/person\/9f859689cdf01485597712386e37f5aa"},"breadcrumb":{"@id":"https:\/\/kuzeyinsesi.org\/index.php\/2025\/03\/19\/iskelede-kultur-sanat-gunleri-iki-etkinlikle-devam-etti\/#breadcrumb"},"inLanguage":"tr","potentialAction":[{"@type":"ReadAction","target":["https:\/\/kuzeyinsesi.org\/index.php\/2025\/03\/19\/iskelede-kultur-sanat-gunleri-iki-etkinlikle-devam-etti\/"]}]},{"@type":"ImageObject","inLanguage":"tr","@id":"https:\/\/kuzeyinsesi.org\/index.php\/2025\/03\/19\/iskelede-kultur-sanat-gunleri-iki-etkinlikle-devam-etti\/#primaryimage","url":"https:\/\/kuzeyinsesi.org\/wp-content\/uploads\/2025\/03\/89797.jpg","contentUrl":"https:\/\/kuzeyinsesi.org\/wp-content\/uploads\/2025\/03\/89797.jpg","width":1620,"height":1080},{"@type":"BreadcrumbList","@id":"https:\/\/kuzeyinsesi.org\/index.php\/2025\/03\/19\/iskelede-kultur-sanat-gunleri-iki-etkinlikle-devam-etti\/#breadcrumb","itemListElement":[{"@type":"ListItem","position":1,"name":"Anasayfa","item":"https:\/\/kuzeyinsesi.org\/"},{"@type":"ListItem","position":2,"name":"\u0130skele\u2019de K\u00fclt\u00fcr-Sanat G\u00fcnleri iki etkinlikle devam etti"}]},{"@type":"WebSite","@id":"https:\/\/kuzeyinsesi.org\/#website","url":"https:\/\/kuzeyinsesi.org\/","name":"Kuzeyin Sesi","description":"Do\u011fru Haberin Adresi","potentialAction":[{"@type":"SearchAction","target":{"@type":"EntryPoint","urlTemplate":"https:\/\/kuzeyinsesi.org\/?s={search_term_string}"},"query-input":{"@type":"PropertyValueSpecification","valueRequired":true,"valueName":"search_term_string"}}],"inLanguage":"tr"},{"@type":"Person","@id":"https:\/\/kuzeyinsesi.org\/#\/schema\/person\/9f859689cdf01485597712386e37f5aa","name":"Kuzeyin Sesi","image":{"@type":"ImageObject","inLanguage":"tr","@id":"https:\/\/secure.gravatar.com\/avatar\/bab33852abfd8b282518d6ed81826833d77c3c882d9ab608add591ccace47a44?s=96&d=mm&r=g","url":"https:\/\/secure.gravatar.com\/avatar\/bab33852abfd8b282518d6ed81826833d77c3c882d9ab608add591ccace47a44?s=96&d=mm&r=g","contentUrl":"https:\/\/secure.gravatar.com\/avatar\/bab33852abfd8b282518d6ed81826833d77c3c882d9ab608add591ccace47a44?s=96&d=mm&r=g","caption":"Kuzeyin Sesi"},"sameAs":["https:\/\/kuzeyinsesi.org"],"url":"https:\/\/kuzeyinsesi.org\/index.php\/author\/guven\/"}]}},"_links":{"self":[{"href":"https:\/\/kuzeyinsesi.org\/index.php\/wp-json\/wp\/v2\/posts\/21276","targetHints":{"allow":["GET"]}}],"collection":[{"href":"https:\/\/kuzeyinsesi.org\/index.php\/wp-json\/wp\/v2\/posts"}],"about":[{"href":"https:\/\/kuzeyinsesi.org\/index.php\/wp-json\/wp\/v2\/types\/post"}],"author":[{"embeddable":true,"href":"https:\/\/kuzeyinsesi.org\/index.php\/wp-json\/wp\/v2\/users\/1"}],"replies":[{"embeddable":true,"href":"https:\/\/kuzeyinsesi.org\/index.php\/wp-json\/wp\/v2\/comments?post=21276"}],"version-history":[{"count":0,"href":"https:\/\/kuzeyinsesi.org\/index.php\/wp-json\/wp\/v2\/posts\/21276\/revisions"}],"wp:featuredmedia":[{"embeddable":true,"href":"https:\/\/kuzeyinsesi.org\/index.php\/wp-json\/wp\/v2\/media\/21277"}],"wp:attachment":[{"href":"https:\/\/kuzeyinsesi.org\/index.php\/wp-json\/wp\/v2\/media?parent=21276"}],"wp:term":[{"taxonomy":"category","embeddable":true,"href":"https:\/\/kuzeyinsesi.org\/index.php\/wp-json\/wp\/v2\/categories?post=21276"},{"taxonomy":"post_tag","embeddable":true,"href":"https:\/\/kuzeyinsesi.org\/index.php\/wp-json\/wp\/v2\/tags?post=21276"}],"curies":[{"name":"wp","href":"https:\/\/api.w.org\/{rel}","templated":true}]}}