{"id":21244,"date":"2025-03-19T10:59:25","date_gmt":"2025-03-19T08:59:25","guid":{"rendered":"https:\/\/kuzeyinsesi.org\/index.php\/2025\/03\/19\/lefkosa-mevlevihanesinde-turk-tasavvuf-musikisi-ve-sema-mukabelesi\/"},"modified":"2025-03-19T10:59:25","modified_gmt":"2025-03-19T08:59:25","slug":"lefkosa-mevlevihanesinde-turk-tasavvuf-musikisi-ve-sema-mukabelesi","status":"publish","type":"post","link":"https:\/\/kuzeyinsesi.org\/index.php\/2025\/03\/19\/lefkosa-mevlevihanesinde-turk-tasavvuf-musikisi-ve-sema-mukabelesi\/","title":{"rendered":"Lefko\u015fa Mevlevihanesi\u2019nde T\u00fcrk Tasavvuf Musikisi ve Sema Mukabelesi.."},"content":{"rendered":"<div>\n<div class=\"mariselle-image-container center\">\n                                            <\/div>\n<p>Lefko\u015fa Mevlevihanesi\u2019nde yar\u0131n T\u00fcrk Tasavvuf Musikisi dinletisi ve Sema Mukabelesi yer alacak.<\/p>\n<p>K\u0131br\u0131s Vak\u0131flar \u0130daresi\u2019nden verilen bilgiye g\u00f6re, etkinlik K\u0131br\u0131s Vak\u0131flar \u0130daresi, Uluslararas\u0131 Kalk\u0131nma ve \u0130\u015fbirli\u011fi Derne\u011fi (UK\u0130D), Yunus Emre Enstit\u00fcs\u00fc ve Konya B\u00fcy\u00fck\u015fehir Belediyesi T\u00fcrk Tasavvuf Musikisi ve Sema Toplulu\u011fu i\u015fbirli\u011finde d\u00fczenleniyor.<\/p>\n<p>T\u00fcrk Tasavvuf Musikisi dinletisi ve Sema Mukabelesi 20.30\u2019da ba\u015flayacak.<\/p>\n<\/p><\/div>\n<p><script async\n                    defer\n                    crossorigin=\"anonymous\"\n                    src=\"https:\/\/connect.facebook.net\/tr_TR\/sdk.js#xfbml=1&#038;version=v3.3\"\n            ><\/script><\/p>\n","protected":false},"excerpt":{"rendered":"<p>Lefko\u015fa Mevlevihanesi\u2019nde yar\u0131n T\u00fcrk Tasavvuf Musikisi dinletisi ve Sema Mukabelesi yer alacak. K\u0131br\u0131s Vak\u0131flar \u0130daresi\u2019nden verilen bilgiye g\u00f6re, etkinlik K\u0131br\u0131s Vak\u0131flar \u0130daresi, Uluslararas\u0131 Kalk\u0131nma ve \u0130\u015fbirli\u011fi Derne\u011fi (UK\u0130D), Yunus Emre Enstit\u00fcs\u00fc ve Konya B\u00fcy\u00fck\u015fehir Belediyesi T\u00fcrk Tasavvuf Musikisi ve Sema Toplulu\u011fu i\u015fbirli\u011finde d\u00fczenleniyor. T\u00fcrk Tasavvuf Musikisi dinletisi ve Sema Mukabelesi 20.30\u2019da ba\u015flayacak.<\/p>\n","protected":false},"author":1,"featured_media":21245,"comment_status":"open","ping_status":"open","sticky":false,"template":"","format":"standard","meta":{"jnews-multi-image_gallery":[],"jnews_single_post":[],"jnews_primary_category":[],"jnews_social_meta":[],"jnews_override_counter":[],"footnotes":""},"categories":[6],"tags":[],"class_list":["post-21244","post","type-post","status-publish","format-standard","has-post-thumbnail","hentry","category-yasam"],"yoast_head":"<!-- This site is optimized with the Yoast SEO plugin v27.4 - https:\/\/yoast.com\/product\/yoast-seo-wordpress\/ -->\n<title>Lefko\u015fa Mevlevihanesi\u2019nde T\u00fcrk Tasavvuf Musikisi ve Sema Mukabelesi.. - Kuzeyin Sesi<\/title>\n<meta name=\"robots\" content=\"index, follow, max-snippet:-1, max-image-preview:large, max-video-preview:-1\" \/>\n<link rel=\"canonical\" href=\"https:\/\/kuzeyinsesi.org\/index.php\/2025\/03\/19\/lefkosa-mevlevihanesinde-turk-tasavvuf-musikisi-ve-sema-mukabelesi\/\" \/>\n<meta property=\"og:locale\" content=\"tr_TR\" \/>\n<meta property=\"og:type\" content=\"article\" \/>\n<meta property=\"og:title\" content=\"Lefko\u015fa Mevlevihanesi\u2019nde T\u00fcrk Tasavvuf Musikisi ve Sema Mukabelesi.. - Kuzeyin Sesi\" \/>\n<meta property=\"og:description\" content=\"Lefko\u015fa Mevlevihanesi\u2019nde yar\u0131n T\u00fcrk Tasavvuf Musikisi dinletisi ve Sema Mukabelesi yer alacak. K\u0131br\u0131s Vak\u0131flar \u0130daresi\u2019nden verilen bilgiye g\u00f6re, etkinlik K\u0131br\u0131s Vak\u0131flar \u0130daresi, Uluslararas\u0131 Kalk\u0131nma ve \u0130\u015fbirli\u011fi Derne\u011fi (UK\u0130D), Yunus Emre Enstit\u00fcs\u00fc ve Konya B\u00fcy\u00fck\u015fehir Belediyesi T\u00fcrk Tasavvuf Musikisi ve Sema Toplulu\u011fu i\u015fbirli\u011finde d\u00fczenleniyor. T\u00fcrk Tasavvuf Musikisi dinletisi ve Sema Mukabelesi 20.30\u2019da ba\u015flayacak.\" \/>\n<meta property=\"og:url\" content=\"https:\/\/kuzeyinsesi.org\/index.php\/2025\/03\/19\/lefkosa-mevlevihanesinde-turk-tasavvuf-musikisi-ve-sema-mukabelesi\/\" \/>\n<meta property=\"og:site_name\" content=\"Kuzeyin Sesi\" \/>\n<meta property=\"article:publisher\" content=\"https:\/\/www.facebook.com\/kuzeyinsesii\" \/>\n<meta property=\"article:published_time\" content=\"2025-03-19T08:59:25+00:00\" \/>\n<meta property=\"og:image\" content=\"https:\/\/brtk.net\/wp-content\/uploads\/2025\/03\/19\/1742371500729VAKIFLAR-IDARESI.jpg?ver=5f5c61a8e25114600edfbbea3104dfb3\" \/>\n<meta name=\"author\" content=\"Kuzeyin Sesi\" \/>\n<meta name=\"twitter:card\" content=\"summary_large_image\" \/>\n<meta name=\"twitter:creator\" content=\"@kuzeyinsesii\" \/>\n<meta name=\"twitter:site\" content=\"@kuzeyinsesii\" \/>\n<meta name=\"twitter:label1\" content=\"Yazan:\" \/>\n\t<meta name=\"twitter:data1\" content=\"Kuzeyin Sesi\" \/>\n<script type=\"application\/ld+json\" class=\"yoast-schema-graph\">{\"@context\":\"https:\\\/\\\/schema.org\",\"@graph\":[{\"@type\":\"Article\",\"@id\":\"https:\\\/\\\/kuzeyinsesi.org\\\/index.php\\\/2025\\\/03\\\/19\\\/lefkosa-mevlevihanesinde-turk-tasavvuf-musikisi-ve-sema-mukabelesi\\\/#article\",\"isPartOf\":{\"@id\":\"https:\\\/\\\/kuzeyinsesi.org\\\/index.php\\\/2025\\\/03\\\/19\\\/lefkosa-mevlevihanesinde-turk-tasavvuf-musikisi-ve-sema-mukabelesi\\\/\"},\"author\":{\"name\":\"Kuzeyin Sesi\",\"@id\":\"https:\\\/\\\/kuzeyinsesi.org\\\/#\\\/schema\\\/person\\\/9f859689cdf01485597712386e37f5aa\"},\"headline\":\"Lefko\u015fa Mevlevihanesi\u2019nde T\u00fcrk Tasavvuf Musikisi ve Sema Mukabelesi..\",\"datePublished\":\"2025-03-19T08:59:25+00:00\",\"mainEntityOfPage\":{\"@id\":\"https:\\\/\\\/kuzeyinsesi.org\\\/index.php\\\/2025\\\/03\\\/19\\\/lefkosa-mevlevihanesinde-turk-tasavvuf-musikisi-ve-sema-mukabelesi\\\/\"},\"wordCount\":90,\"commentCount\":0,\"image\":{\"@id\":\"https:\\\/\\\/kuzeyinsesi.org\\\/index.php\\\/2025\\\/03\\\/19\\\/lefkosa-mevlevihanesinde-turk-tasavvuf-musikisi-ve-sema-mukabelesi\\\/#primaryimage\"},\"thumbnailUrl\":\"https:\\\/\\\/kuzeyinsesi.org\\\/wp-content\\\/uploads\\\/2025\\\/03\\\/1742371500729VAKIFLAR-IDARESI.jpg\",\"articleSection\":[\"Ya\u015fam\"],\"inLanguage\":\"tr\",\"potentialAction\":[{\"@type\":\"CommentAction\",\"name\":\"Comment\",\"target\":[\"https:\\\/\\\/kuzeyinsesi.org\\\/index.php\\\/2025\\\/03\\\/19\\\/lefkosa-mevlevihanesinde-turk-tasavvuf-musikisi-ve-sema-mukabelesi\\\/#respond\"]}]},{\"@type\":\"WebPage\",\"@id\":\"https:\\\/\\\/kuzeyinsesi.org\\\/index.php\\\/2025\\\/03\\\/19\\\/lefkosa-mevlevihanesinde-turk-tasavvuf-musikisi-ve-sema-mukabelesi\\\/\",\"url\":\"https:\\\/\\\/kuzeyinsesi.org\\\/index.php\\\/2025\\\/03\\\/19\\\/lefkosa-mevlevihanesinde-turk-tasavvuf-musikisi-ve-sema-mukabelesi\\\/\",\"name\":\"Lefko\u015fa Mevlevihanesi\u2019nde T\u00fcrk Tasavvuf Musikisi ve Sema Mukabelesi.. - Kuzeyin Sesi\",\"isPartOf\":{\"@id\":\"https:\\\/\\\/kuzeyinsesi.org\\\/#website\"},\"primaryImageOfPage\":{\"@id\":\"https:\\\/\\\/kuzeyinsesi.org\\\/index.php\\\/2025\\\/03\\\/19\\\/lefkosa-mevlevihanesinde-turk-tasavvuf-musikisi-ve-sema-mukabelesi\\\/#primaryimage\"},\"image\":{\"@id\":\"https:\\\/\\\/kuzeyinsesi.org\\\/index.php\\\/2025\\\/03\\\/19\\\/lefkosa-mevlevihanesinde-turk-tasavvuf-musikisi-ve-sema-mukabelesi\\\/#primaryimage\"},\"thumbnailUrl\":\"https:\\\/\\\/kuzeyinsesi.org\\\/wp-content\\\/uploads\\\/2025\\\/03\\\/1742371500729VAKIFLAR-IDARESI.jpg\",\"datePublished\":\"2025-03-19T08:59:25+00:00\",\"author\":{\"@id\":\"https:\\\/\\\/kuzeyinsesi.org\\\/#\\\/schema\\\/person\\\/9f859689cdf01485597712386e37f5aa\"},\"breadcrumb\":{\"@id\":\"https:\\\/\\\/kuzeyinsesi.org\\\/index.php\\\/2025\\\/03\\\/19\\\/lefkosa-mevlevihanesinde-turk-tasavvuf-musikisi-ve-sema-mukabelesi\\\/#breadcrumb\"},\"inLanguage\":\"tr\",\"potentialAction\":[{\"@type\":\"ReadAction\",\"target\":[\"https:\\\/\\\/kuzeyinsesi.org\\\/index.php\\\/2025\\\/03\\\/19\\\/lefkosa-mevlevihanesinde-turk-tasavvuf-musikisi-ve-sema-mukabelesi\\\/\"]}]},{\"@type\":\"ImageObject\",\"inLanguage\":\"tr\",\"@id\":\"https:\\\/\\\/kuzeyinsesi.org\\\/index.php\\\/2025\\\/03\\\/19\\\/lefkosa-mevlevihanesinde-turk-tasavvuf-musikisi-ve-sema-mukabelesi\\\/#primaryimage\",\"url\":\"https:\\\/\\\/kuzeyinsesi.org\\\/wp-content\\\/uploads\\\/2025\\\/03\\\/1742371500729VAKIFLAR-IDARESI.jpg\",\"contentUrl\":\"https:\\\/\\\/kuzeyinsesi.org\\\/wp-content\\\/uploads\\\/2025\\\/03\\\/1742371500729VAKIFLAR-IDARESI.jpg\",\"width\":1600,\"height\":973},{\"@type\":\"BreadcrumbList\",\"@id\":\"https:\\\/\\\/kuzeyinsesi.org\\\/index.php\\\/2025\\\/03\\\/19\\\/lefkosa-mevlevihanesinde-turk-tasavvuf-musikisi-ve-sema-mukabelesi\\\/#breadcrumb\",\"itemListElement\":[{\"@type\":\"ListItem\",\"position\":1,\"name\":\"Anasayfa\",\"item\":\"https:\\\/\\\/kuzeyinsesi.org\\\/\"},{\"@type\":\"ListItem\",\"position\":2,\"name\":\"Lefko\u015fa Mevlevihanesi\u2019nde T\u00fcrk Tasavvuf Musikisi ve Sema Mukabelesi..\"}]},{\"@type\":\"WebSite\",\"@id\":\"https:\\\/\\\/kuzeyinsesi.org\\\/#website\",\"url\":\"https:\\\/\\\/kuzeyinsesi.org\\\/\",\"name\":\"Kuzeyin Sesi\",\"description\":\"Do\u011fru Haberin Adresi\",\"potentialAction\":[{\"@type\":\"SearchAction\",\"target\":{\"@type\":\"EntryPoint\",\"urlTemplate\":\"https:\\\/\\\/kuzeyinsesi.org\\\/?s={search_term_string}\"},\"query-input\":{\"@type\":\"PropertyValueSpecification\",\"valueRequired\":true,\"valueName\":\"search_term_string\"}}],\"inLanguage\":\"tr\"},{\"@type\":\"Person\",\"@id\":\"https:\\\/\\\/kuzeyinsesi.org\\\/#\\\/schema\\\/person\\\/9f859689cdf01485597712386e37f5aa\",\"name\":\"Kuzeyin Sesi\",\"image\":{\"@type\":\"ImageObject\",\"inLanguage\":\"tr\",\"@id\":\"https:\\\/\\\/secure.gravatar.com\\\/avatar\\\/bab33852abfd8b282518d6ed81826833d77c3c882d9ab608add591ccace47a44?s=96&d=mm&r=g\",\"url\":\"https:\\\/\\\/secure.gravatar.com\\\/avatar\\\/bab33852abfd8b282518d6ed81826833d77c3c882d9ab608add591ccace47a44?s=96&d=mm&r=g\",\"contentUrl\":\"https:\\\/\\\/secure.gravatar.com\\\/avatar\\\/bab33852abfd8b282518d6ed81826833d77c3c882d9ab608add591ccace47a44?s=96&d=mm&r=g\",\"caption\":\"Kuzeyin Sesi\"},\"sameAs\":[\"https:\\\/\\\/kuzeyinsesi.org\"],\"url\":\"https:\\\/\\\/kuzeyinsesi.org\\\/index.php\\\/author\\\/guven\\\/\"}]}<\/script>\n<!-- \/ Yoast SEO plugin. -->","yoast_head_json":{"title":"Lefko\u015fa Mevlevihanesi\u2019nde T\u00fcrk Tasavvuf Musikisi ve Sema Mukabelesi.. - Kuzeyin Sesi","robots":{"index":"index","follow":"follow","max-snippet":"max-snippet:-1","max-image-preview":"max-image-preview:large","max-video-preview":"max-video-preview:-1"},"canonical":"https:\/\/kuzeyinsesi.org\/index.php\/2025\/03\/19\/lefkosa-mevlevihanesinde-turk-tasavvuf-musikisi-ve-sema-mukabelesi\/","og_locale":"tr_TR","og_type":"article","og_title":"Lefko\u015fa Mevlevihanesi\u2019nde T\u00fcrk Tasavvuf Musikisi ve Sema Mukabelesi.. - Kuzeyin Sesi","og_description":"Lefko\u015fa Mevlevihanesi\u2019nde yar\u0131n T\u00fcrk Tasavvuf Musikisi dinletisi ve Sema Mukabelesi yer alacak. K\u0131br\u0131s Vak\u0131flar \u0130daresi\u2019nden verilen bilgiye g\u00f6re, etkinlik K\u0131br\u0131s Vak\u0131flar \u0130daresi, Uluslararas\u0131 Kalk\u0131nma ve \u0130\u015fbirli\u011fi Derne\u011fi (UK\u0130D), Yunus Emre Enstit\u00fcs\u00fc ve Konya B\u00fcy\u00fck\u015fehir Belediyesi T\u00fcrk Tasavvuf Musikisi ve Sema Toplulu\u011fu i\u015fbirli\u011finde d\u00fczenleniyor. T\u00fcrk Tasavvuf Musikisi dinletisi ve Sema Mukabelesi 20.30\u2019da ba\u015flayacak.","og_url":"https:\/\/kuzeyinsesi.org\/index.php\/2025\/03\/19\/lefkosa-mevlevihanesinde-turk-tasavvuf-musikisi-ve-sema-mukabelesi\/","og_site_name":"Kuzeyin Sesi","article_publisher":"https:\/\/www.facebook.com\/kuzeyinsesii","article_published_time":"2025-03-19T08:59:25+00:00","og_image":[{"url":"https:\/\/brtk.net\/wp-content\/uploads\/2025\/03\/19\/1742371500729VAKIFLAR-IDARESI.jpg?ver=5f5c61a8e25114600edfbbea3104dfb3","type":"","width":"","height":""}],"author":"Kuzeyin Sesi","twitter_card":"summary_large_image","twitter_creator":"@kuzeyinsesii","twitter_site":"@kuzeyinsesii","twitter_misc":{"Yazan:":"Kuzeyin Sesi"},"schema":{"@context":"https:\/\/schema.org","@graph":[{"@type":"Article","@id":"https:\/\/kuzeyinsesi.org\/index.php\/2025\/03\/19\/lefkosa-mevlevihanesinde-turk-tasavvuf-musikisi-ve-sema-mukabelesi\/#article","isPartOf":{"@id":"https:\/\/kuzeyinsesi.org\/index.php\/2025\/03\/19\/lefkosa-mevlevihanesinde-turk-tasavvuf-musikisi-ve-sema-mukabelesi\/"},"author":{"name":"Kuzeyin Sesi","@id":"https:\/\/kuzeyinsesi.org\/#\/schema\/person\/9f859689cdf01485597712386e37f5aa"},"headline":"Lefko\u015fa Mevlevihanesi\u2019nde T\u00fcrk Tasavvuf Musikisi ve Sema Mukabelesi..","datePublished":"2025-03-19T08:59:25+00:00","mainEntityOfPage":{"@id":"https:\/\/kuzeyinsesi.org\/index.php\/2025\/03\/19\/lefkosa-mevlevihanesinde-turk-tasavvuf-musikisi-ve-sema-mukabelesi\/"},"wordCount":90,"commentCount":0,"image":{"@id":"https:\/\/kuzeyinsesi.org\/index.php\/2025\/03\/19\/lefkosa-mevlevihanesinde-turk-tasavvuf-musikisi-ve-sema-mukabelesi\/#primaryimage"},"thumbnailUrl":"https:\/\/kuzeyinsesi.org\/wp-content\/uploads\/2025\/03\/1742371500729VAKIFLAR-IDARESI.jpg","articleSection":["Ya\u015fam"],"inLanguage":"tr","potentialAction":[{"@type":"CommentAction","name":"Comment","target":["https:\/\/kuzeyinsesi.org\/index.php\/2025\/03\/19\/lefkosa-mevlevihanesinde-turk-tasavvuf-musikisi-ve-sema-mukabelesi\/#respond"]}]},{"@type":"WebPage","@id":"https:\/\/kuzeyinsesi.org\/index.php\/2025\/03\/19\/lefkosa-mevlevihanesinde-turk-tasavvuf-musikisi-ve-sema-mukabelesi\/","url":"https:\/\/kuzeyinsesi.org\/index.php\/2025\/03\/19\/lefkosa-mevlevihanesinde-turk-tasavvuf-musikisi-ve-sema-mukabelesi\/","name":"Lefko\u015fa Mevlevihanesi\u2019nde T\u00fcrk Tasavvuf Musikisi ve Sema Mukabelesi.. - Kuzeyin Sesi","isPartOf":{"@id":"https:\/\/kuzeyinsesi.org\/#website"},"primaryImageOfPage":{"@id":"https:\/\/kuzeyinsesi.org\/index.php\/2025\/03\/19\/lefkosa-mevlevihanesinde-turk-tasavvuf-musikisi-ve-sema-mukabelesi\/#primaryimage"},"image":{"@id":"https:\/\/kuzeyinsesi.org\/index.php\/2025\/03\/19\/lefkosa-mevlevihanesinde-turk-tasavvuf-musikisi-ve-sema-mukabelesi\/#primaryimage"},"thumbnailUrl":"https:\/\/kuzeyinsesi.org\/wp-content\/uploads\/2025\/03\/1742371500729VAKIFLAR-IDARESI.jpg","datePublished":"2025-03-19T08:59:25+00:00","author":{"@id":"https:\/\/kuzeyinsesi.org\/#\/schema\/person\/9f859689cdf01485597712386e37f5aa"},"breadcrumb":{"@id":"https:\/\/kuzeyinsesi.org\/index.php\/2025\/03\/19\/lefkosa-mevlevihanesinde-turk-tasavvuf-musikisi-ve-sema-mukabelesi\/#breadcrumb"},"inLanguage":"tr","potentialAction":[{"@type":"ReadAction","target":["https:\/\/kuzeyinsesi.org\/index.php\/2025\/03\/19\/lefkosa-mevlevihanesinde-turk-tasavvuf-musikisi-ve-sema-mukabelesi\/"]}]},{"@type":"ImageObject","inLanguage":"tr","@id":"https:\/\/kuzeyinsesi.org\/index.php\/2025\/03\/19\/lefkosa-mevlevihanesinde-turk-tasavvuf-musikisi-ve-sema-mukabelesi\/#primaryimage","url":"https:\/\/kuzeyinsesi.org\/wp-content\/uploads\/2025\/03\/1742371500729VAKIFLAR-IDARESI.jpg","contentUrl":"https:\/\/kuzeyinsesi.org\/wp-content\/uploads\/2025\/03\/1742371500729VAKIFLAR-IDARESI.jpg","width":1600,"height":973},{"@type":"BreadcrumbList","@id":"https:\/\/kuzeyinsesi.org\/index.php\/2025\/03\/19\/lefkosa-mevlevihanesinde-turk-tasavvuf-musikisi-ve-sema-mukabelesi\/#breadcrumb","itemListElement":[{"@type":"ListItem","position":1,"name":"Anasayfa","item":"https:\/\/kuzeyinsesi.org\/"},{"@type":"ListItem","position":2,"name":"Lefko\u015fa Mevlevihanesi\u2019nde T\u00fcrk Tasavvuf Musikisi ve Sema Mukabelesi.."}]},{"@type":"WebSite","@id":"https:\/\/kuzeyinsesi.org\/#website","url":"https:\/\/kuzeyinsesi.org\/","name":"Kuzeyin Sesi","description":"Do\u011fru Haberin Adresi","potentialAction":[{"@type":"SearchAction","target":{"@type":"EntryPoint","urlTemplate":"https:\/\/kuzeyinsesi.org\/?s={search_term_string}"},"query-input":{"@type":"PropertyValueSpecification","valueRequired":true,"valueName":"search_term_string"}}],"inLanguage":"tr"},{"@type":"Person","@id":"https:\/\/kuzeyinsesi.org\/#\/schema\/person\/9f859689cdf01485597712386e37f5aa","name":"Kuzeyin Sesi","image":{"@type":"ImageObject","inLanguage":"tr","@id":"https:\/\/secure.gravatar.com\/avatar\/bab33852abfd8b282518d6ed81826833d77c3c882d9ab608add591ccace47a44?s=96&d=mm&r=g","url":"https:\/\/secure.gravatar.com\/avatar\/bab33852abfd8b282518d6ed81826833d77c3c882d9ab608add591ccace47a44?s=96&d=mm&r=g","contentUrl":"https:\/\/secure.gravatar.com\/avatar\/bab33852abfd8b282518d6ed81826833d77c3c882d9ab608add591ccace47a44?s=96&d=mm&r=g","caption":"Kuzeyin Sesi"},"sameAs":["https:\/\/kuzeyinsesi.org"],"url":"https:\/\/kuzeyinsesi.org\/index.php\/author\/guven\/"}]}},"_links":{"self":[{"href":"https:\/\/kuzeyinsesi.org\/index.php\/wp-json\/wp\/v2\/posts\/21244","targetHints":{"allow":["GET"]}}],"collection":[{"href":"https:\/\/kuzeyinsesi.org\/index.php\/wp-json\/wp\/v2\/posts"}],"about":[{"href":"https:\/\/kuzeyinsesi.org\/index.php\/wp-json\/wp\/v2\/types\/post"}],"author":[{"embeddable":true,"href":"https:\/\/kuzeyinsesi.org\/index.php\/wp-json\/wp\/v2\/users\/1"}],"replies":[{"embeddable":true,"href":"https:\/\/kuzeyinsesi.org\/index.php\/wp-json\/wp\/v2\/comments?post=21244"}],"version-history":[{"count":0,"href":"https:\/\/kuzeyinsesi.org\/index.php\/wp-json\/wp\/v2\/posts\/21244\/revisions"}],"wp:featuredmedia":[{"embeddable":true,"href":"https:\/\/kuzeyinsesi.org\/index.php\/wp-json\/wp\/v2\/media\/21245"}],"wp:attachment":[{"href":"https:\/\/kuzeyinsesi.org\/index.php\/wp-json\/wp\/v2\/media?parent=21244"}],"wp:term":[{"taxonomy":"category","embeddable":true,"href":"https:\/\/kuzeyinsesi.org\/index.php\/wp-json\/wp\/v2\/categories?post=21244"},{"taxonomy":"post_tag","embeddable":true,"href":"https:\/\/kuzeyinsesi.org\/index.php\/wp-json\/wp\/v2\/tags?post=21244"}],"curies":[{"name":"wp","href":"https:\/\/api.w.org\/{rel}","templated":true}]}}