{"id":21228,"date":"2025-03-18T20:07:25","date_gmt":"2025-03-18T18:07:25","guid":{"rendered":"https:\/\/kuzeyinsesi.org\/index.php\/2025\/03\/18\/tc-disisleri-sozcusu-keceli-cenevredeki-kibris-konulu-toplantiya-yonelik-aciklama-yapti\/"},"modified":"2025-03-18T20:07:25","modified_gmt":"2025-03-18T18:07:25","slug":"tc-disisleri-sozcusu-keceli-cenevredeki-kibris-konulu-toplantiya-yonelik-aciklama-yapti","status":"publish","type":"post","link":"https:\/\/kuzeyinsesi.org\/index.php\/2025\/03\/18\/tc-disisleri-sozcusu-keceli-cenevredeki-kibris-konulu-toplantiya-yonelik-aciklama-yapti\/","title":{"rendered":"TC D\u0131\u015fi\u015fleri S\u00f6zc\u00fcs\u00fc Ke\u00e7eli, Cenevre\u2019deki K\u0131br\u0131s konulu toplant\u0131ya y\u00f6nelik a\u00e7\u0131klama yapt\u0131"},"content":{"rendered":"<div>\n<div class=\"mariselle-image-container none\">\n                                            <\/div>\n<p style=\"font-weight: 300;\"><span style=\"font-weight: 300 !important;\">\u00a0T\u00fcrkiye Cumhuriyeti (TC) D\u0131\u015fi\u015fleri Bakanl\u0131\u011f\u0131 S\u00f6zc\u00fcs\u00fc \u00d6nc\u00fc Ke\u00e7eli, Cenevre\u2019deki K\u0131br\u0131s konulu gayriresmi toplant\u0131da, aralar\u0131nda yeni ge\u00e7i\u015f noktalar\u0131n\u0131n a\u00e7\u0131lmas\u0131, Ada\u2019n\u0131n may\u0131nlardan ar\u0131nd\u0131r\u0131lmas\u0131 ve g\u00fcne\u015f enerjisinden elektrik \u00fcretimi konular\u0131nda ilerleme sa\u011flanmas\u0131 \u00fczerinde mutab\u0131k kal\u0131nd\u0131\u011f\u0131n\u0131 bildirdi.<\/span><\/p>\n<p style=\"font-weight: 300;\"><span style=\"font-weight: 300 !important;\">Ke\u00e7eli, Cenevre\u2019de d\u00fczenlenen K\u0131br\u0131s konulu geni\u015fletilmi\u015f formatl\u0131 gayriresmi toplant\u0131ya ili\u015fkin bilgilendirmelerde bulundu.<\/span><\/p>\n<p style=\"font-weight: 300;\"><span style=\"font-weight: 300 !important;\">Ada\u2019daki taraflar aras\u0131nda K\u0131br\u0131s meselesinin nihai \u00e7\u00f6z\u00fcm\u00fcne y\u00f6nelik \u201cortak zeminin bulunmad\u0131\u011f\u0131 mevcut ortamda\u201d iki halk\u0131n yarar\u0131na i\u015fbirli\u011finin geli\u015ftirilebilece\u011fi alanlar\u0131n ele al\u0131nd\u0131\u011f\u0131n\u0131 vurgulayan Ke\u00e7eli, \u201cLiderler, yeni ge\u00e7i\u015f noktalar\u0131n\u0131n a\u00e7\u0131lmas\u0131, Ada\u2019n\u0131n may\u0131nlardan ar\u0131nd\u0131r\u0131lmas\u0131, \u00e7evre ve iklim de\u011fi\u015fikli\u011fi, ara b\u00f6lgede g\u00fcne\u015f enerjisinden elektrik \u00fcretimi, mezarl\u0131klar\u0131n restorasyonu ve gen\u00e7lik konusunda bir teknik komitenin kurulmas\u0131 konular\u0131nda ilerleme sa\u011flanmas\u0131 \u00fczerinde mutab\u0131k kald\u0131lar.\u201d de\u011ferlendirmesini yapt\u0131.<\/span><\/p>\n<p style=\"font-weight: 300;\"><span style=\"font-weight: 300 !important;\">Ke\u00e7eli, b\u00f6ylece toplant\u0131da Ada\u2019daki iki devletin aras\u0131ndaki iyi kom\u015fuluk ili\u015fkilerinin geli\u015ftirilmesi y\u00f6n\u00fcnde \u00f6nemli bir ad\u0131m at\u0131lm\u0131\u015f oldu\u011funun alt\u0131n\u0131 \u00e7izerek, temmuzun sonunda benzer formatta ikinci bir gayriresmi toplant\u0131 yap\u0131lmas\u0131n\u0131n da kararla\u015ft\u0131r\u0131ld\u0131\u011f\u0131n\u0131 aktard\u0131.<\/span><\/p>\n<p style=\"font-weight: 300;\"><span style=\"font-weight: 300 !important;\">BM Genel Sekreteri\u2019nin, konuyla ilgili olarak bir \u015eahsi Temsilci atamas\u0131n\u0131n \u00f6ng\u00f6r\u00fcld\u00fc\u011f\u00fcn\u00fc aktaran Ke\u00e7eli, \u201c\u00d6n\u00fcm\u00fczdeki s\u00fcre\u00e7te, Ada\u2019daki iki taraf aras\u0131ndaki i\u015fbirli\u011fi k\u00fclt\u00fcr\u00fcn\u00fcn geli\u015ftirilmesine y\u00f6nelik \u00e7abalar\u0131m\u0131z\u0131 K\u0131br\u0131s T\u00fcrk taraf\u0131yla yak\u0131n isti\u015fare halinde s\u00fcrd\u00fcrece\u011fiz.\u201d ifadelerini kulland\u0131.<\/span><\/p>\n<p>\u00a0<\/p>\n<p>\u00a0<\/p>\n<\/p><\/div>\n<p><script async\n                    defer\n                    crossorigin=\"anonymous\"\n                    src=\"https:\/\/connect.facebook.net\/tr_TR\/sdk.js#xfbml=1&#038;version=v3.3\"\n            ><\/script><\/p>\n","protected":false},"excerpt":{"rendered":"<p>\u00a0T\u00fcrkiye Cumhuriyeti (TC) D\u0131\u015fi\u015fleri Bakanl\u0131\u011f\u0131 S\u00f6zc\u00fcs\u00fc \u00d6nc\u00fc Ke\u00e7eli, Cenevre\u2019deki K\u0131br\u0131s konulu gayriresmi toplant\u0131da, aralar\u0131nda yeni ge\u00e7i\u015f noktalar\u0131n\u0131n a\u00e7\u0131lmas\u0131, Ada\u2019n\u0131n may\u0131nlardan ar\u0131nd\u0131r\u0131lmas\u0131 ve g\u00fcne\u015f enerjisinden elektrik \u00fcretimi konular\u0131nda ilerleme sa\u011flanmas\u0131 \u00fczerinde mutab\u0131k kal\u0131nd\u0131\u011f\u0131n\u0131 bildirdi. Ke\u00e7eli, Cenevre\u2019de d\u00fczenlenen K\u0131br\u0131s konulu geni\u015fletilmi\u015f formatl\u0131 gayriresmi toplant\u0131ya ili\u015fkin bilgilendirmelerde bulundu. Ada\u2019daki taraflar aras\u0131nda K\u0131br\u0131s meselesinin nihai \u00e7\u00f6z\u00fcm\u00fcne y\u00f6nelik \u201cortak zeminin [&hellip;]<\/p>\n","protected":false},"author":1,"featured_media":21229,"comment_status":"open","ping_status":"open","sticky":false,"template":"","format":"standard","meta":{"jnews-multi-image_gallery":[],"jnews_single_post":[],"jnews_primary_category":[],"jnews_social_meta":[],"jnews_override_counter":[],"footnotes":""},"categories":[5],"tags":[],"class_list":["post-21228","post","type-post","status-publish","format-standard","has-post-thumbnail","hentry","category-turkiye"],"yoast_head":"<!-- This site is optimized with the Yoast SEO plugin v27.5 - https:\/\/yoast.com\/product\/yoast-seo-wordpress\/ -->\n<title>TC D\u0131\u015fi\u015fleri S\u00f6zc\u00fcs\u00fc Ke\u00e7eli, Cenevre\u2019deki K\u0131br\u0131s konulu toplant\u0131ya y\u00f6nelik a\u00e7\u0131klama yapt\u0131 - Kuzeyin Sesi<\/title>\n<meta name=\"robots\" content=\"index, follow, max-snippet:-1, max-image-preview:large, max-video-preview:-1\" \/>\n<link rel=\"canonical\" href=\"https:\/\/kuzeyinsesi.org\/index.php\/2025\/03\/18\/tc-disisleri-sozcusu-keceli-cenevredeki-kibris-konulu-toplantiya-yonelik-aciklama-yapti\/\" \/>\n<meta property=\"og:locale\" content=\"tr_TR\" \/>\n<meta property=\"og:type\" content=\"article\" \/>\n<meta property=\"og:title\" content=\"TC D\u0131\u015fi\u015fleri S\u00f6zc\u00fcs\u00fc Ke\u00e7eli, Cenevre\u2019deki K\u0131br\u0131s konulu toplant\u0131ya y\u00f6nelik a\u00e7\u0131klama yapt\u0131 - Kuzeyin Sesi\" \/>\n<meta property=\"og:description\" content=\"\u00a0T\u00fcrkiye Cumhuriyeti (TC) D\u0131\u015fi\u015fleri Bakanl\u0131\u011f\u0131 S\u00f6zc\u00fcs\u00fc \u00d6nc\u00fc Ke\u00e7eli, Cenevre\u2019deki K\u0131br\u0131s konulu gayriresmi toplant\u0131da, aralar\u0131nda yeni ge\u00e7i\u015f noktalar\u0131n\u0131n a\u00e7\u0131lmas\u0131, Ada\u2019n\u0131n may\u0131nlardan ar\u0131nd\u0131r\u0131lmas\u0131 ve g\u00fcne\u015f enerjisinden elektrik \u00fcretimi konular\u0131nda ilerleme sa\u011flanmas\u0131 \u00fczerinde mutab\u0131k kal\u0131nd\u0131\u011f\u0131n\u0131 bildirdi. Ke\u00e7eli, Cenevre\u2019de d\u00fczenlenen K\u0131br\u0131s konulu geni\u015fletilmi\u015f formatl\u0131 gayriresmi toplant\u0131ya ili\u015fkin bilgilendirmelerde bulundu. Ada\u2019daki taraflar aras\u0131nda K\u0131br\u0131s meselesinin nihai \u00e7\u00f6z\u00fcm\u00fcne y\u00f6nelik \u201cortak zeminin [&hellip;]\" \/>\n<meta property=\"og:url\" content=\"https:\/\/kuzeyinsesi.org\/index.php\/2025\/03\/18\/tc-disisleri-sozcusu-keceli-cenevredeki-kibris-konulu-toplantiya-yonelik-aciklama-yapti\/\" \/>\n<meta property=\"og:site_name\" content=\"Kuzeyin Sesi\" \/>\n<meta property=\"article:publisher\" content=\"https:\/\/www.facebook.com\/kuzeyinsesii\" \/>\n<meta property=\"article:published_time\" content=\"2025-03-18T18:07:25+00:00\" \/>\n<meta property=\"og:image\" content=\"https:\/\/brtk.net\/wp-content\/uploads\/2025\/03\/18\/5KIBRIS-KONFERANSI-CENEVRE.jpg?ver=0fb6a0ae6e41a68247cb09e944f9c3c7\" \/>\n<meta name=\"author\" content=\"Kuzeyin Sesi\" \/>\n<meta name=\"twitter:card\" content=\"summary_large_image\" \/>\n<meta name=\"twitter:creator\" content=\"@kuzeyinsesii\" \/>\n<meta name=\"twitter:site\" content=\"@kuzeyinsesii\" \/>\n<meta name=\"twitter:label1\" content=\"Yazan:\" \/>\n\t<meta name=\"twitter:data1\" content=\"Kuzeyin Sesi\" \/>\n\t<meta name=\"twitter:label2\" content=\"Tahmini okuma s\u00fcresi\" \/>\n\t<meta name=\"twitter:data2\" content=\"1 dakika\" \/>\n<script type=\"application\/ld+json\" class=\"yoast-schema-graph\">{\"@context\":\"https:\\\/\\\/schema.org\",\"@graph\":[{\"@type\":\"Article\",\"@id\":\"https:\\\/\\\/kuzeyinsesi.org\\\/index.php\\\/2025\\\/03\\\/18\\\/tc-disisleri-sozcusu-keceli-cenevredeki-kibris-konulu-toplantiya-yonelik-aciklama-yapti\\\/#article\",\"isPartOf\":{\"@id\":\"https:\\\/\\\/kuzeyinsesi.org\\\/index.php\\\/2025\\\/03\\\/18\\\/tc-disisleri-sozcusu-keceli-cenevredeki-kibris-konulu-toplantiya-yonelik-aciklama-yapti\\\/\"},\"author\":{\"name\":\"Kuzeyin Sesi\",\"@id\":\"https:\\\/\\\/kuzeyinsesi.org\\\/#\\\/schema\\\/person\\\/9f859689cdf01485597712386e37f5aa\"},\"headline\":\"TC D\u0131\u015fi\u015fleri S\u00f6zc\u00fcs\u00fc Ke\u00e7eli, Cenevre\u2019deki K\u0131br\u0131s konulu toplant\u0131ya y\u00f6nelik a\u00e7\u0131klama yapt\u0131\",\"datePublished\":\"2025-03-18T18:07:25+00:00\",\"mainEntityOfPage\":{\"@id\":\"https:\\\/\\\/kuzeyinsesi.org\\\/index.php\\\/2025\\\/03\\\/18\\\/tc-disisleri-sozcusu-keceli-cenevredeki-kibris-konulu-toplantiya-yonelik-aciklama-yapti\\\/\"},\"wordCount\":317,\"commentCount\":0,\"image\":{\"@id\":\"https:\\\/\\\/kuzeyinsesi.org\\\/index.php\\\/2025\\\/03\\\/18\\\/tc-disisleri-sozcusu-keceli-cenevredeki-kibris-konulu-toplantiya-yonelik-aciklama-yapti\\\/#primaryimage\"},\"thumbnailUrl\":\"https:\\\/\\\/kuzeyinsesi.org\\\/wp-content\\\/uploads\\\/2025\\\/03\\\/5KIBRIS-KONFERANSI-CENEVRE.jpg\",\"articleSection\":[\"T\u00fcrkiye\"],\"inLanguage\":\"tr\",\"potentialAction\":[{\"@type\":\"CommentAction\",\"name\":\"Comment\",\"target\":[\"https:\\\/\\\/kuzeyinsesi.org\\\/index.php\\\/2025\\\/03\\\/18\\\/tc-disisleri-sozcusu-keceli-cenevredeki-kibris-konulu-toplantiya-yonelik-aciklama-yapti\\\/#respond\"]}]},{\"@type\":\"WebPage\",\"@id\":\"https:\\\/\\\/kuzeyinsesi.org\\\/index.php\\\/2025\\\/03\\\/18\\\/tc-disisleri-sozcusu-keceli-cenevredeki-kibris-konulu-toplantiya-yonelik-aciklama-yapti\\\/\",\"url\":\"https:\\\/\\\/kuzeyinsesi.org\\\/index.php\\\/2025\\\/03\\\/18\\\/tc-disisleri-sozcusu-keceli-cenevredeki-kibris-konulu-toplantiya-yonelik-aciklama-yapti\\\/\",\"name\":\"TC D\u0131\u015fi\u015fleri S\u00f6zc\u00fcs\u00fc Ke\u00e7eli, Cenevre\u2019deki K\u0131br\u0131s konulu toplant\u0131ya y\u00f6nelik a\u00e7\u0131klama yapt\u0131 - Kuzeyin Sesi\",\"isPartOf\":{\"@id\":\"https:\\\/\\\/kuzeyinsesi.org\\\/#website\"},\"primaryImageOfPage\":{\"@id\":\"https:\\\/\\\/kuzeyinsesi.org\\\/index.php\\\/2025\\\/03\\\/18\\\/tc-disisleri-sozcusu-keceli-cenevredeki-kibris-konulu-toplantiya-yonelik-aciklama-yapti\\\/#primaryimage\"},\"image\":{\"@id\":\"https:\\\/\\\/kuzeyinsesi.org\\\/index.php\\\/2025\\\/03\\\/18\\\/tc-disisleri-sozcusu-keceli-cenevredeki-kibris-konulu-toplantiya-yonelik-aciklama-yapti\\\/#primaryimage\"},\"thumbnailUrl\":\"https:\\\/\\\/kuzeyinsesi.org\\\/wp-content\\\/uploads\\\/2025\\\/03\\\/5KIBRIS-KONFERANSI-CENEVRE.jpg\",\"datePublished\":\"2025-03-18T18:07:25+00:00\",\"author\":{\"@id\":\"https:\\\/\\\/kuzeyinsesi.org\\\/#\\\/schema\\\/person\\\/9f859689cdf01485597712386e37f5aa\"},\"breadcrumb\":{\"@id\":\"https:\\\/\\\/kuzeyinsesi.org\\\/index.php\\\/2025\\\/03\\\/18\\\/tc-disisleri-sozcusu-keceli-cenevredeki-kibris-konulu-toplantiya-yonelik-aciklama-yapti\\\/#breadcrumb\"},\"inLanguage\":\"tr\",\"potentialAction\":[{\"@type\":\"ReadAction\",\"target\":[\"https:\\\/\\\/kuzeyinsesi.org\\\/index.php\\\/2025\\\/03\\\/18\\\/tc-disisleri-sozcusu-keceli-cenevredeki-kibris-konulu-toplantiya-yonelik-aciklama-yapti\\\/\"]}]},{\"@type\":\"ImageObject\",\"inLanguage\":\"tr\",\"@id\":\"https:\\\/\\\/kuzeyinsesi.org\\\/index.php\\\/2025\\\/03\\\/18\\\/tc-disisleri-sozcusu-keceli-cenevredeki-kibris-konulu-toplantiya-yonelik-aciklama-yapti\\\/#primaryimage\",\"url\":\"https:\\\/\\\/kuzeyinsesi.org\\\/wp-content\\\/uploads\\\/2025\\\/03\\\/5KIBRIS-KONFERANSI-CENEVRE.jpg\",\"contentUrl\":\"https:\\\/\\\/kuzeyinsesi.org\\\/wp-content\\\/uploads\\\/2025\\\/03\\\/5KIBRIS-KONFERANSI-CENEVRE.jpg\",\"width\":864,\"height\":486},{\"@type\":\"BreadcrumbList\",\"@id\":\"https:\\\/\\\/kuzeyinsesi.org\\\/index.php\\\/2025\\\/03\\\/18\\\/tc-disisleri-sozcusu-keceli-cenevredeki-kibris-konulu-toplantiya-yonelik-aciklama-yapti\\\/#breadcrumb\",\"itemListElement\":[{\"@type\":\"ListItem\",\"position\":1,\"name\":\"Anasayfa\",\"item\":\"https:\\\/\\\/kuzeyinsesi.org\\\/\"},{\"@type\":\"ListItem\",\"position\":2,\"name\":\"TC D\u0131\u015fi\u015fleri S\u00f6zc\u00fcs\u00fc Ke\u00e7eli, Cenevre\u2019deki K\u0131br\u0131s konulu toplant\u0131ya y\u00f6nelik a\u00e7\u0131klama yapt\u0131\"}]},{\"@type\":\"WebSite\",\"@id\":\"https:\\\/\\\/kuzeyinsesi.org\\\/#website\",\"url\":\"https:\\\/\\\/kuzeyinsesi.org\\\/\",\"name\":\"Kuzeyin Sesi\",\"description\":\"Do\u011fru Haberin Adresi\",\"potentialAction\":[{\"@type\":\"SearchAction\",\"target\":{\"@type\":\"EntryPoint\",\"urlTemplate\":\"https:\\\/\\\/kuzeyinsesi.org\\\/?s={search_term_string}\"},\"query-input\":{\"@type\":\"PropertyValueSpecification\",\"valueRequired\":true,\"valueName\":\"search_term_string\"}}],\"inLanguage\":\"tr\"},{\"@type\":\"Person\",\"@id\":\"https:\\\/\\\/kuzeyinsesi.org\\\/#\\\/schema\\\/person\\\/9f859689cdf01485597712386e37f5aa\",\"name\":\"Kuzeyin Sesi\",\"image\":{\"@type\":\"ImageObject\",\"inLanguage\":\"tr\",\"@id\":\"https:\\\/\\\/secure.gravatar.com\\\/avatar\\\/bab33852abfd8b282518d6ed81826833d77c3c882d9ab608add591ccace47a44?s=96&d=mm&r=g\",\"url\":\"https:\\\/\\\/secure.gravatar.com\\\/avatar\\\/bab33852abfd8b282518d6ed81826833d77c3c882d9ab608add591ccace47a44?s=96&d=mm&r=g\",\"contentUrl\":\"https:\\\/\\\/secure.gravatar.com\\\/avatar\\\/bab33852abfd8b282518d6ed81826833d77c3c882d9ab608add591ccace47a44?s=96&d=mm&r=g\",\"caption\":\"Kuzeyin Sesi\"},\"sameAs\":[\"https:\\\/\\\/kuzeyinsesi.org\"],\"url\":\"https:\\\/\\\/kuzeyinsesi.org\\\/index.php\\\/author\\\/guven\\\/\"}]}<\/script>\n<!-- \/ Yoast SEO plugin. -->","yoast_head_json":{"title":"TC D\u0131\u015fi\u015fleri S\u00f6zc\u00fcs\u00fc Ke\u00e7eli, Cenevre\u2019deki K\u0131br\u0131s konulu toplant\u0131ya y\u00f6nelik a\u00e7\u0131klama yapt\u0131 - Kuzeyin Sesi","robots":{"index":"index","follow":"follow","max-snippet":"max-snippet:-1","max-image-preview":"max-image-preview:large","max-video-preview":"max-video-preview:-1"},"canonical":"https:\/\/kuzeyinsesi.org\/index.php\/2025\/03\/18\/tc-disisleri-sozcusu-keceli-cenevredeki-kibris-konulu-toplantiya-yonelik-aciklama-yapti\/","og_locale":"tr_TR","og_type":"article","og_title":"TC D\u0131\u015fi\u015fleri S\u00f6zc\u00fcs\u00fc Ke\u00e7eli, Cenevre\u2019deki K\u0131br\u0131s konulu toplant\u0131ya y\u00f6nelik a\u00e7\u0131klama yapt\u0131 - Kuzeyin Sesi","og_description":"\u00a0T\u00fcrkiye Cumhuriyeti (TC) D\u0131\u015fi\u015fleri Bakanl\u0131\u011f\u0131 S\u00f6zc\u00fcs\u00fc \u00d6nc\u00fc Ke\u00e7eli, Cenevre\u2019deki K\u0131br\u0131s konulu gayriresmi toplant\u0131da, aralar\u0131nda yeni ge\u00e7i\u015f noktalar\u0131n\u0131n a\u00e7\u0131lmas\u0131, Ada\u2019n\u0131n may\u0131nlardan ar\u0131nd\u0131r\u0131lmas\u0131 ve g\u00fcne\u015f enerjisinden elektrik \u00fcretimi konular\u0131nda ilerleme sa\u011flanmas\u0131 \u00fczerinde mutab\u0131k kal\u0131nd\u0131\u011f\u0131n\u0131 bildirdi. Ke\u00e7eli, Cenevre\u2019de d\u00fczenlenen K\u0131br\u0131s konulu geni\u015fletilmi\u015f formatl\u0131 gayriresmi toplant\u0131ya ili\u015fkin bilgilendirmelerde bulundu. Ada\u2019daki taraflar aras\u0131nda K\u0131br\u0131s meselesinin nihai \u00e7\u00f6z\u00fcm\u00fcne y\u00f6nelik \u201cortak zeminin [&hellip;]","og_url":"https:\/\/kuzeyinsesi.org\/index.php\/2025\/03\/18\/tc-disisleri-sozcusu-keceli-cenevredeki-kibris-konulu-toplantiya-yonelik-aciklama-yapti\/","og_site_name":"Kuzeyin Sesi","article_publisher":"https:\/\/www.facebook.com\/kuzeyinsesii","article_published_time":"2025-03-18T18:07:25+00:00","og_image":[{"url":"https:\/\/brtk.net\/wp-content\/uploads\/2025\/03\/18\/5KIBRIS-KONFERANSI-CENEVRE.jpg?ver=0fb6a0ae6e41a68247cb09e944f9c3c7","type":"","width":"","height":""}],"author":"Kuzeyin Sesi","twitter_card":"summary_large_image","twitter_creator":"@kuzeyinsesii","twitter_site":"@kuzeyinsesii","twitter_misc":{"Yazan:":"Kuzeyin Sesi","Tahmini okuma s\u00fcresi":"1 dakika"},"schema":{"@context":"https:\/\/schema.org","@graph":[{"@type":"Article","@id":"https:\/\/kuzeyinsesi.org\/index.php\/2025\/03\/18\/tc-disisleri-sozcusu-keceli-cenevredeki-kibris-konulu-toplantiya-yonelik-aciklama-yapti\/#article","isPartOf":{"@id":"https:\/\/kuzeyinsesi.org\/index.php\/2025\/03\/18\/tc-disisleri-sozcusu-keceli-cenevredeki-kibris-konulu-toplantiya-yonelik-aciklama-yapti\/"},"author":{"name":"Kuzeyin Sesi","@id":"https:\/\/kuzeyinsesi.org\/#\/schema\/person\/9f859689cdf01485597712386e37f5aa"},"headline":"TC D\u0131\u015fi\u015fleri S\u00f6zc\u00fcs\u00fc Ke\u00e7eli, Cenevre\u2019deki K\u0131br\u0131s konulu toplant\u0131ya y\u00f6nelik a\u00e7\u0131klama yapt\u0131","datePublished":"2025-03-18T18:07:25+00:00","mainEntityOfPage":{"@id":"https:\/\/kuzeyinsesi.org\/index.php\/2025\/03\/18\/tc-disisleri-sozcusu-keceli-cenevredeki-kibris-konulu-toplantiya-yonelik-aciklama-yapti\/"},"wordCount":317,"commentCount":0,"image":{"@id":"https:\/\/kuzeyinsesi.org\/index.php\/2025\/03\/18\/tc-disisleri-sozcusu-keceli-cenevredeki-kibris-konulu-toplantiya-yonelik-aciklama-yapti\/#primaryimage"},"thumbnailUrl":"https:\/\/kuzeyinsesi.org\/wp-content\/uploads\/2025\/03\/5KIBRIS-KONFERANSI-CENEVRE.jpg","articleSection":["T\u00fcrkiye"],"inLanguage":"tr","potentialAction":[{"@type":"CommentAction","name":"Comment","target":["https:\/\/kuzeyinsesi.org\/index.php\/2025\/03\/18\/tc-disisleri-sozcusu-keceli-cenevredeki-kibris-konulu-toplantiya-yonelik-aciklama-yapti\/#respond"]}]},{"@type":"WebPage","@id":"https:\/\/kuzeyinsesi.org\/index.php\/2025\/03\/18\/tc-disisleri-sozcusu-keceli-cenevredeki-kibris-konulu-toplantiya-yonelik-aciklama-yapti\/","url":"https:\/\/kuzeyinsesi.org\/index.php\/2025\/03\/18\/tc-disisleri-sozcusu-keceli-cenevredeki-kibris-konulu-toplantiya-yonelik-aciklama-yapti\/","name":"TC D\u0131\u015fi\u015fleri S\u00f6zc\u00fcs\u00fc Ke\u00e7eli, Cenevre\u2019deki K\u0131br\u0131s konulu toplant\u0131ya y\u00f6nelik a\u00e7\u0131klama yapt\u0131 - Kuzeyin Sesi","isPartOf":{"@id":"https:\/\/kuzeyinsesi.org\/#website"},"primaryImageOfPage":{"@id":"https:\/\/kuzeyinsesi.org\/index.php\/2025\/03\/18\/tc-disisleri-sozcusu-keceli-cenevredeki-kibris-konulu-toplantiya-yonelik-aciklama-yapti\/#primaryimage"},"image":{"@id":"https:\/\/kuzeyinsesi.org\/index.php\/2025\/03\/18\/tc-disisleri-sozcusu-keceli-cenevredeki-kibris-konulu-toplantiya-yonelik-aciklama-yapti\/#primaryimage"},"thumbnailUrl":"https:\/\/kuzeyinsesi.org\/wp-content\/uploads\/2025\/03\/5KIBRIS-KONFERANSI-CENEVRE.jpg","datePublished":"2025-03-18T18:07:25+00:00","author":{"@id":"https:\/\/kuzeyinsesi.org\/#\/schema\/person\/9f859689cdf01485597712386e37f5aa"},"breadcrumb":{"@id":"https:\/\/kuzeyinsesi.org\/index.php\/2025\/03\/18\/tc-disisleri-sozcusu-keceli-cenevredeki-kibris-konulu-toplantiya-yonelik-aciklama-yapti\/#breadcrumb"},"inLanguage":"tr","potentialAction":[{"@type":"ReadAction","target":["https:\/\/kuzeyinsesi.org\/index.php\/2025\/03\/18\/tc-disisleri-sozcusu-keceli-cenevredeki-kibris-konulu-toplantiya-yonelik-aciklama-yapti\/"]}]},{"@type":"ImageObject","inLanguage":"tr","@id":"https:\/\/kuzeyinsesi.org\/index.php\/2025\/03\/18\/tc-disisleri-sozcusu-keceli-cenevredeki-kibris-konulu-toplantiya-yonelik-aciklama-yapti\/#primaryimage","url":"https:\/\/kuzeyinsesi.org\/wp-content\/uploads\/2025\/03\/5KIBRIS-KONFERANSI-CENEVRE.jpg","contentUrl":"https:\/\/kuzeyinsesi.org\/wp-content\/uploads\/2025\/03\/5KIBRIS-KONFERANSI-CENEVRE.jpg","width":864,"height":486},{"@type":"BreadcrumbList","@id":"https:\/\/kuzeyinsesi.org\/index.php\/2025\/03\/18\/tc-disisleri-sozcusu-keceli-cenevredeki-kibris-konulu-toplantiya-yonelik-aciklama-yapti\/#breadcrumb","itemListElement":[{"@type":"ListItem","position":1,"name":"Anasayfa","item":"https:\/\/kuzeyinsesi.org\/"},{"@type":"ListItem","position":2,"name":"TC D\u0131\u015fi\u015fleri S\u00f6zc\u00fcs\u00fc Ke\u00e7eli, Cenevre\u2019deki K\u0131br\u0131s konulu toplant\u0131ya y\u00f6nelik a\u00e7\u0131klama yapt\u0131"}]},{"@type":"WebSite","@id":"https:\/\/kuzeyinsesi.org\/#website","url":"https:\/\/kuzeyinsesi.org\/","name":"Kuzeyin Sesi","description":"Do\u011fru Haberin Adresi","potentialAction":[{"@type":"SearchAction","target":{"@type":"EntryPoint","urlTemplate":"https:\/\/kuzeyinsesi.org\/?s={search_term_string}"},"query-input":{"@type":"PropertyValueSpecification","valueRequired":true,"valueName":"search_term_string"}}],"inLanguage":"tr"},{"@type":"Person","@id":"https:\/\/kuzeyinsesi.org\/#\/schema\/person\/9f859689cdf01485597712386e37f5aa","name":"Kuzeyin Sesi","image":{"@type":"ImageObject","inLanguage":"tr","@id":"https:\/\/secure.gravatar.com\/avatar\/bab33852abfd8b282518d6ed81826833d77c3c882d9ab608add591ccace47a44?s=96&d=mm&r=g","url":"https:\/\/secure.gravatar.com\/avatar\/bab33852abfd8b282518d6ed81826833d77c3c882d9ab608add591ccace47a44?s=96&d=mm&r=g","contentUrl":"https:\/\/secure.gravatar.com\/avatar\/bab33852abfd8b282518d6ed81826833d77c3c882d9ab608add591ccace47a44?s=96&d=mm&r=g","caption":"Kuzeyin Sesi"},"sameAs":["https:\/\/kuzeyinsesi.org"],"url":"https:\/\/kuzeyinsesi.org\/index.php\/author\/guven\/"}]}},"_links":{"self":[{"href":"https:\/\/kuzeyinsesi.org\/index.php\/wp-json\/wp\/v2\/posts\/21228","targetHints":{"allow":["GET"]}}],"collection":[{"href":"https:\/\/kuzeyinsesi.org\/index.php\/wp-json\/wp\/v2\/posts"}],"about":[{"href":"https:\/\/kuzeyinsesi.org\/index.php\/wp-json\/wp\/v2\/types\/post"}],"author":[{"embeddable":true,"href":"https:\/\/kuzeyinsesi.org\/index.php\/wp-json\/wp\/v2\/users\/1"}],"replies":[{"embeddable":true,"href":"https:\/\/kuzeyinsesi.org\/index.php\/wp-json\/wp\/v2\/comments?post=21228"}],"version-history":[{"count":0,"href":"https:\/\/kuzeyinsesi.org\/index.php\/wp-json\/wp\/v2\/posts\/21228\/revisions"}],"wp:featuredmedia":[{"embeddable":true,"href":"https:\/\/kuzeyinsesi.org\/index.php\/wp-json\/wp\/v2\/media\/21229"}],"wp:attachment":[{"href":"https:\/\/kuzeyinsesi.org\/index.php\/wp-json\/wp\/v2\/media?parent=21228"}],"wp:term":[{"taxonomy":"category","embeddable":true,"href":"https:\/\/kuzeyinsesi.org\/index.php\/wp-json\/wp\/v2\/categories?post=21228"},{"taxonomy":"post_tag","embeddable":true,"href":"https:\/\/kuzeyinsesi.org\/index.php\/wp-json\/wp\/v2\/tags?post=21228"}],"curies":[{"name":"wp","href":"https:\/\/api.w.org\/{rel}","templated":true}]}}