{"id":21192,"date":"2025-03-18T14:33:58","date_gmt":"2025-03-18T12:33:58","guid":{"rendered":"https:\/\/kuzeyinsesi.org\/index.php\/2025\/03\/18\/iskele-belediyesi-kultursanat-gunleri-devam-ediyor-tanya-ve-ugur-genclerle-bir-araya-geldi\/"},"modified":"2025-03-18T14:33:58","modified_gmt":"2025-03-18T12:33:58","slug":"iskele-belediyesi-kultursanat-gunleri-devam-ediyor-tanya-ve-ugur-genclerle-bir-araya-geldi","status":"publish","type":"post","link":"https:\/\/kuzeyinsesi.org\/index.php\/2025\/03\/18\/iskele-belediyesi-kultursanat-gunleri-devam-ediyor-tanya-ve-ugur-genclerle-bir-araya-geldi\/","title":{"rendered":"\u0130skele Belediyesi K\u00fclt\u00fcr&amp;Sanat G\u00fcnleri devam ediyor\u2026 Tanya ve U\u011fur, gen\u00e7lerle bir araya geldi"},"content":{"rendered":"<div>\n<div class=\"mariselle-image-container none\">\n                                            <\/div>\n<p style=\"font-weight: 300;\"><span style=\"font-weight: 300 !important;\">\u0130skele Belediyesi 14.K\u00fclt\u00fcr&amp;Sanat G\u00fcnleri devam ediyor. Etkinlikler kapsam\u0131nda T\u00fcrkiye\u2019de kat\u0131ld\u0131\u011f\u0131 MasterChef isimli yar\u0131\u015fmada, \u00fclkeyi ba\u015far\u0131yla temsil eden Tanya Kilitkayal\u0131 ile yine ayn\u0131 yar\u0131\u015fmada ad\u0131n\u0131 duyuran U\u011fur Y\u0131lmaz Deniz, \u0130skele Ticaret Lisesi\u2019nde \u00f6\u011frencilerle bir araya geldi.<\/span><\/p>\n<p style=\"font-weight: 300;\"><span style=\"font-weight: 300 !important;\">Belediyeden verilen bilgiye g\u00f6re, Tanya ile U\u011fur, s\u00f6yle\u015fi ve uygulamal\u0131 e\u011fitimle bilgilerini \u0130skele Ticaret Lisesi Gastronomi B\u00f6l\u00fcm\u00fc \u00f6\u011frencileriyle payla\u015ft\u0131.<\/span><\/p>\n<p style=\"font-weight: 300;\"><span style=\"font-weight: 300 !important;\">Etkinlikte, \u0130skele Belediyesi K\u00fclt\u00fcr&amp;Sanat ve D\u0131\u015fili\u015fkiler Dan\u0131\u015fman\u0131 \u00d6zlem Kadira\u011fa taraf\u0131ndan Tanya Kilitkayal\u0131 ve U\u011fur Y\u0131lmaz Deniz\u2019e te\u015fekk\u00fcr plaketi verildi.<\/span><\/p>\n<p style=\"font-weight: 300;\"><span style=\"font-weight: 300 !important;\">Tanya da etkinli\u011fin an\u0131s\u0131na gen\u00e7lere, K\u0131br\u0131s Mutfa\u011f\u0131 isimli kitab\u0131n\u0131 arma\u011fan etti.<\/span><\/p>\n<p style=\"font-weight: 300;\"><span style=\"font-weight: 300 !important;\">-Bu ak\u015fam iki ayr\u0131 etkinlik d\u00fczenlenecek<\/span><\/p>\n<ol start=\"14\">\n<li style=\"font-weight: 300;\"><span style=\"font-weight: 300 !important;\"> K\u00fclt\u00fcr&amp;Sanat G\u00fcnleri bu ak\u015fam iki ayr\u0131 etkinlikle devam edecek. Oza, Sultan ve \u00d6zerlat kahvelerinin katk\u0131lar\u0131yla 18.15-19.15 saatleri aras\u0131ndaki \u201cGave Keyfi\u201d \u0130skele Belediyesi K\u00fclt\u00fcr Evi \u00f6n\u00fcnde yer alacak. Etkinlikte, \u00fccretsiz kahve ikram\u0131 yap\u0131lacak.<\/span><\/li>\n<\/ol>\n<p style=\"font-weight: 300;\"><span style=\"font-weight: 300 !important;\">Ard\u0131ndan \u0130skele Atat\u00fcrk K\u00fclt\u00fcr Merkezi\u2019nde \u201cK\u0131br\u0131s Manileri Gecesi\u201d d\u00fczenlenecek. Saat 19.30\u2019da ba\u015flayacak etkinlikte, Kemal Latif ve Grubu (B\u00fclent \u00c7\u0131narl\u0131l\u0131 ile Zeren Tural) Zehra Ekmek\u00e7i ve Emine G\u00fcder, mani okuyacak.<\/span><\/p>\n<p style=\"font-weight: 300;\"><span style=\"font-weight: 300 !important;\">\u0130skele ve k\u00f6ylerinde ya\u015fayan halk\u0131n kat\u0131l\u0131m\u0131 i\u00e7in \u00fccretsiz servisin de kald\u0131r\u0131laca\u011f\u0131 etkinlik, \u00fccretsiz izlenebilecek.\u00a0<\/span><\/p>\n<p>\u00a0<\/p>\n<p>\u00a0<\/p>\n<\/p><\/div>\n<p><script async\n                    defer\n                    crossorigin=\"anonymous\"\n                    src=\"https:\/\/connect.facebook.net\/tr_TR\/sdk.js#xfbml=1&#038;version=v3.3\"\n            ><\/script><\/p>\n","protected":false},"excerpt":{"rendered":"<p>\u0130skele Belediyesi 14.K\u00fclt\u00fcr&amp;Sanat G\u00fcnleri devam ediyor. Etkinlikler kapsam\u0131nda T\u00fcrkiye\u2019de kat\u0131ld\u0131\u011f\u0131 MasterChef isimli yar\u0131\u015fmada, \u00fclkeyi ba\u015far\u0131yla temsil eden Tanya Kilitkayal\u0131 ile yine ayn\u0131 yar\u0131\u015fmada ad\u0131n\u0131 duyuran U\u011fur Y\u0131lmaz Deniz, \u0130skele Ticaret Lisesi\u2019nde \u00f6\u011frencilerle bir araya geldi. Belediyeden verilen bilgiye g\u00f6re, Tanya ile U\u011fur, s\u00f6yle\u015fi ve uygulamal\u0131 e\u011fitimle bilgilerini \u0130skele Ticaret Lisesi Gastronomi B\u00f6l\u00fcm\u00fc \u00f6\u011frencileriyle payla\u015ft\u0131. Etkinlikte, [&hellip;]<\/p>\n","protected":false},"author":1,"featured_media":21193,"comment_status":"open","ping_status":"open","sticky":false,"template":"","format":"standard","meta":{"jnews-multi-image_gallery":[],"jnews_single_post":[],"jnews_primary_category":[],"jnews_social_meta":[],"jnews_override_counter":[],"footnotes":""},"categories":[6],"tags":[],"class_list":["post-21192","post","type-post","status-publish","format-standard","has-post-thumbnail","hentry","category-yasam"],"yoast_head":"<!-- This site is optimized with the Yoast SEO plugin v27.4 - https:\/\/yoast.com\/product\/yoast-seo-wordpress\/ -->\n<title>\u0130skele Belediyesi K\u00fclt\u00fcr&amp;Sanat G\u00fcnleri devam ediyor\u2026 Tanya ve U\u011fur, gen\u00e7lerle bir araya geldi - Kuzeyin Sesi<\/title>\n<meta name=\"robots\" content=\"index, follow, max-snippet:-1, max-image-preview:large, max-video-preview:-1\" \/>\n<link rel=\"canonical\" href=\"https:\/\/kuzeyinsesi.org\/index.php\/2025\/03\/18\/iskele-belediyesi-kultursanat-gunleri-devam-ediyor-tanya-ve-ugur-genclerle-bir-araya-geldi\/\" \/>\n<meta property=\"og:locale\" content=\"tr_TR\" \/>\n<meta property=\"og:type\" content=\"article\" \/>\n<meta property=\"og:title\" content=\"\u0130skele Belediyesi K\u00fclt\u00fcr&amp;Sanat G\u00fcnleri devam ediyor\u2026 Tanya ve U\u011fur, gen\u00e7lerle bir araya geldi - Kuzeyin Sesi\" \/>\n<meta property=\"og:description\" content=\"\u0130skele Belediyesi 14.K\u00fclt\u00fcr&amp;Sanat G\u00fcnleri devam ediyor. Etkinlikler kapsam\u0131nda T\u00fcrkiye\u2019de kat\u0131ld\u0131\u011f\u0131 MasterChef isimli yar\u0131\u015fmada, \u00fclkeyi ba\u015far\u0131yla temsil eden Tanya Kilitkayal\u0131 ile yine ayn\u0131 yar\u0131\u015fmada ad\u0131n\u0131 duyuran U\u011fur Y\u0131lmaz Deniz, \u0130skele Ticaret Lisesi\u2019nde \u00f6\u011frencilerle bir araya geldi. Belediyeden verilen bilgiye g\u00f6re, Tanya ile U\u011fur, s\u00f6yle\u015fi ve uygulamal\u0131 e\u011fitimle bilgilerini \u0130skele Ticaret Lisesi Gastronomi B\u00f6l\u00fcm\u00fc \u00f6\u011frencileriyle payla\u015ft\u0131. Etkinlikte, [&hellip;]\" \/>\n<meta property=\"og:url\" content=\"https:\/\/kuzeyinsesi.org\/index.php\/2025\/03\/18\/iskele-belediyesi-kultursanat-gunleri-devam-ediyor-tanya-ve-ugur-genclerle-bir-araya-geldi\/\" \/>\n<meta property=\"og:site_name\" content=\"Kuzeyin Sesi\" \/>\n<meta property=\"article:publisher\" content=\"https:\/\/www.facebook.com\/kuzeyinsesii\" \/>\n<meta property=\"article:published_time\" content=\"2025-03-18T12:33:58+00:00\" \/>\n<meta property=\"og:image\" content=\"https:\/\/brtk.net\/wp-content\/uploads\/2025\/03\/18\/ISKELE-KULTURSANAT-GUNLERI-1.jpg?ver=0f3b8a8076b0e20498c5cd9e1bf10ac2\" \/>\n<meta name=\"author\" content=\"Kuzeyin Sesi\" \/>\n<meta name=\"twitter:card\" content=\"summary_large_image\" \/>\n<meta name=\"twitter:creator\" content=\"@kuzeyinsesii\" \/>\n<meta name=\"twitter:site\" content=\"@kuzeyinsesii\" \/>\n<meta name=\"twitter:label1\" content=\"Yazan:\" \/>\n\t<meta name=\"twitter:data1\" content=\"Kuzeyin Sesi\" \/>\n\t<meta name=\"twitter:label2\" content=\"Tahmini okuma s\u00fcresi\" \/>\n\t<meta name=\"twitter:data2\" content=\"1 dakika\" \/>\n<script type=\"application\/ld+json\" class=\"yoast-schema-graph\">{\"@context\":\"https:\\\/\\\/schema.org\",\"@graph\":[{\"@type\":\"Article\",\"@id\":\"https:\\\/\\\/kuzeyinsesi.org\\\/index.php\\\/2025\\\/03\\\/18\\\/iskele-belediyesi-kultursanat-gunleri-devam-ediyor-tanya-ve-ugur-genclerle-bir-araya-geldi\\\/#article\",\"isPartOf\":{\"@id\":\"https:\\\/\\\/kuzeyinsesi.org\\\/index.php\\\/2025\\\/03\\\/18\\\/iskele-belediyesi-kultursanat-gunleri-devam-ediyor-tanya-ve-ugur-genclerle-bir-araya-geldi\\\/\"},\"author\":{\"name\":\"Kuzeyin Sesi\",\"@id\":\"https:\\\/\\\/kuzeyinsesi.org\\\/#\\\/schema\\\/person\\\/9f859689cdf01485597712386e37f5aa\"},\"headline\":\"\u0130skele Belediyesi K\u00fclt\u00fcr&amp;Sanat G\u00fcnleri devam ediyor\u2026 Tanya ve U\u011fur, gen\u00e7lerle bir araya geldi\",\"datePublished\":\"2025-03-18T12:33:58+00:00\",\"mainEntityOfPage\":{\"@id\":\"https:\\\/\\\/kuzeyinsesi.org\\\/index.php\\\/2025\\\/03\\\/18\\\/iskele-belediyesi-kultursanat-gunleri-devam-ediyor-tanya-ve-ugur-genclerle-bir-araya-geldi\\\/\"},\"wordCount\":268,\"commentCount\":0,\"image\":{\"@id\":\"https:\\\/\\\/kuzeyinsesi.org\\\/index.php\\\/2025\\\/03\\\/18\\\/iskele-belediyesi-kultursanat-gunleri-devam-ediyor-tanya-ve-ugur-genclerle-bir-araya-geldi\\\/#primaryimage\"},\"thumbnailUrl\":\"https:\\\/\\\/kuzeyinsesi.org\\\/wp-content\\\/uploads\\\/2025\\\/03\\\/ISKELE-KULTURSANAT-GUNLERI-1.jpg\",\"articleSection\":[\"Ya\u015fam\"],\"inLanguage\":\"tr\",\"potentialAction\":[{\"@type\":\"CommentAction\",\"name\":\"Comment\",\"target\":[\"https:\\\/\\\/kuzeyinsesi.org\\\/index.php\\\/2025\\\/03\\\/18\\\/iskele-belediyesi-kultursanat-gunleri-devam-ediyor-tanya-ve-ugur-genclerle-bir-araya-geldi\\\/#respond\"]}]},{\"@type\":\"WebPage\",\"@id\":\"https:\\\/\\\/kuzeyinsesi.org\\\/index.php\\\/2025\\\/03\\\/18\\\/iskele-belediyesi-kultursanat-gunleri-devam-ediyor-tanya-ve-ugur-genclerle-bir-araya-geldi\\\/\",\"url\":\"https:\\\/\\\/kuzeyinsesi.org\\\/index.php\\\/2025\\\/03\\\/18\\\/iskele-belediyesi-kultursanat-gunleri-devam-ediyor-tanya-ve-ugur-genclerle-bir-araya-geldi\\\/\",\"name\":\"\u0130skele Belediyesi K\u00fclt\u00fcr&amp;Sanat G\u00fcnleri devam ediyor\u2026 Tanya ve U\u011fur, gen\u00e7lerle bir araya geldi - Kuzeyin Sesi\",\"isPartOf\":{\"@id\":\"https:\\\/\\\/kuzeyinsesi.org\\\/#website\"},\"primaryImageOfPage\":{\"@id\":\"https:\\\/\\\/kuzeyinsesi.org\\\/index.php\\\/2025\\\/03\\\/18\\\/iskele-belediyesi-kultursanat-gunleri-devam-ediyor-tanya-ve-ugur-genclerle-bir-araya-geldi\\\/#primaryimage\"},\"image\":{\"@id\":\"https:\\\/\\\/kuzeyinsesi.org\\\/index.php\\\/2025\\\/03\\\/18\\\/iskele-belediyesi-kultursanat-gunleri-devam-ediyor-tanya-ve-ugur-genclerle-bir-araya-geldi\\\/#primaryimage\"},\"thumbnailUrl\":\"https:\\\/\\\/kuzeyinsesi.org\\\/wp-content\\\/uploads\\\/2025\\\/03\\\/ISKELE-KULTURSANAT-GUNLERI-1.jpg\",\"datePublished\":\"2025-03-18T12:33:58+00:00\",\"author\":{\"@id\":\"https:\\\/\\\/kuzeyinsesi.org\\\/#\\\/schema\\\/person\\\/9f859689cdf01485597712386e37f5aa\"},\"breadcrumb\":{\"@id\":\"https:\\\/\\\/kuzeyinsesi.org\\\/index.php\\\/2025\\\/03\\\/18\\\/iskele-belediyesi-kultursanat-gunleri-devam-ediyor-tanya-ve-ugur-genclerle-bir-araya-geldi\\\/#breadcrumb\"},\"inLanguage\":\"tr\",\"potentialAction\":[{\"@type\":\"ReadAction\",\"target\":[\"https:\\\/\\\/kuzeyinsesi.org\\\/index.php\\\/2025\\\/03\\\/18\\\/iskele-belediyesi-kultursanat-gunleri-devam-ediyor-tanya-ve-ugur-genclerle-bir-araya-geldi\\\/\"]}]},{\"@type\":\"ImageObject\",\"inLanguage\":\"tr\",\"@id\":\"https:\\\/\\\/kuzeyinsesi.org\\\/index.php\\\/2025\\\/03\\\/18\\\/iskele-belediyesi-kultursanat-gunleri-devam-ediyor-tanya-ve-ugur-genclerle-bir-araya-geldi\\\/#primaryimage\",\"url\":\"https:\\\/\\\/kuzeyinsesi.org\\\/wp-content\\\/uploads\\\/2025\\\/03\\\/ISKELE-KULTURSANAT-GUNLERI-1.jpg\",\"contentUrl\":\"https:\\\/\\\/kuzeyinsesi.org\\\/wp-content\\\/uploads\\\/2025\\\/03\\\/ISKELE-KULTURSANAT-GUNLERI-1.jpg\",\"width\":929,\"height\":437},{\"@type\":\"BreadcrumbList\",\"@id\":\"https:\\\/\\\/kuzeyinsesi.org\\\/index.php\\\/2025\\\/03\\\/18\\\/iskele-belediyesi-kultursanat-gunleri-devam-ediyor-tanya-ve-ugur-genclerle-bir-araya-geldi\\\/#breadcrumb\",\"itemListElement\":[{\"@type\":\"ListItem\",\"position\":1,\"name\":\"Anasayfa\",\"item\":\"https:\\\/\\\/kuzeyinsesi.org\\\/\"},{\"@type\":\"ListItem\",\"position\":2,\"name\":\"\u0130skele Belediyesi K\u00fclt\u00fcr&amp;Sanat G\u00fcnleri devam ediyor\u2026 Tanya ve U\u011fur, gen\u00e7lerle bir araya geldi\"}]},{\"@type\":\"WebSite\",\"@id\":\"https:\\\/\\\/kuzeyinsesi.org\\\/#website\",\"url\":\"https:\\\/\\\/kuzeyinsesi.org\\\/\",\"name\":\"Kuzeyin Sesi\",\"description\":\"Do\u011fru Haberin Adresi\",\"potentialAction\":[{\"@type\":\"SearchAction\",\"target\":{\"@type\":\"EntryPoint\",\"urlTemplate\":\"https:\\\/\\\/kuzeyinsesi.org\\\/?s={search_term_string}\"},\"query-input\":{\"@type\":\"PropertyValueSpecification\",\"valueRequired\":true,\"valueName\":\"search_term_string\"}}],\"inLanguage\":\"tr\"},{\"@type\":\"Person\",\"@id\":\"https:\\\/\\\/kuzeyinsesi.org\\\/#\\\/schema\\\/person\\\/9f859689cdf01485597712386e37f5aa\",\"name\":\"Kuzeyin Sesi\",\"image\":{\"@type\":\"ImageObject\",\"inLanguage\":\"tr\",\"@id\":\"https:\\\/\\\/secure.gravatar.com\\\/avatar\\\/bab33852abfd8b282518d6ed81826833d77c3c882d9ab608add591ccace47a44?s=96&d=mm&r=g\",\"url\":\"https:\\\/\\\/secure.gravatar.com\\\/avatar\\\/bab33852abfd8b282518d6ed81826833d77c3c882d9ab608add591ccace47a44?s=96&d=mm&r=g\",\"contentUrl\":\"https:\\\/\\\/secure.gravatar.com\\\/avatar\\\/bab33852abfd8b282518d6ed81826833d77c3c882d9ab608add591ccace47a44?s=96&d=mm&r=g\",\"caption\":\"Kuzeyin Sesi\"},\"sameAs\":[\"https:\\\/\\\/kuzeyinsesi.org\"],\"url\":\"https:\\\/\\\/kuzeyinsesi.org\\\/index.php\\\/author\\\/guven\\\/\"}]}<\/script>\n<!-- \/ Yoast SEO plugin. -->","yoast_head_json":{"title":"\u0130skele Belediyesi K\u00fclt\u00fcr&amp;Sanat G\u00fcnleri devam ediyor\u2026 Tanya ve U\u011fur, gen\u00e7lerle bir araya geldi - Kuzeyin Sesi","robots":{"index":"index","follow":"follow","max-snippet":"max-snippet:-1","max-image-preview":"max-image-preview:large","max-video-preview":"max-video-preview:-1"},"canonical":"https:\/\/kuzeyinsesi.org\/index.php\/2025\/03\/18\/iskele-belediyesi-kultursanat-gunleri-devam-ediyor-tanya-ve-ugur-genclerle-bir-araya-geldi\/","og_locale":"tr_TR","og_type":"article","og_title":"\u0130skele Belediyesi K\u00fclt\u00fcr&amp;Sanat G\u00fcnleri devam ediyor\u2026 Tanya ve U\u011fur, gen\u00e7lerle bir araya geldi - Kuzeyin Sesi","og_description":"\u0130skele Belediyesi 14.K\u00fclt\u00fcr&amp;Sanat G\u00fcnleri devam ediyor. Etkinlikler kapsam\u0131nda T\u00fcrkiye\u2019de kat\u0131ld\u0131\u011f\u0131 MasterChef isimli yar\u0131\u015fmada, \u00fclkeyi ba\u015far\u0131yla temsil eden Tanya Kilitkayal\u0131 ile yine ayn\u0131 yar\u0131\u015fmada ad\u0131n\u0131 duyuran U\u011fur Y\u0131lmaz Deniz, \u0130skele Ticaret Lisesi\u2019nde \u00f6\u011frencilerle bir araya geldi. Belediyeden verilen bilgiye g\u00f6re, Tanya ile U\u011fur, s\u00f6yle\u015fi ve uygulamal\u0131 e\u011fitimle bilgilerini \u0130skele Ticaret Lisesi Gastronomi B\u00f6l\u00fcm\u00fc \u00f6\u011frencileriyle payla\u015ft\u0131. Etkinlikte, [&hellip;]","og_url":"https:\/\/kuzeyinsesi.org\/index.php\/2025\/03\/18\/iskele-belediyesi-kultursanat-gunleri-devam-ediyor-tanya-ve-ugur-genclerle-bir-araya-geldi\/","og_site_name":"Kuzeyin Sesi","article_publisher":"https:\/\/www.facebook.com\/kuzeyinsesii","article_published_time":"2025-03-18T12:33:58+00:00","og_image":[{"url":"https:\/\/brtk.net\/wp-content\/uploads\/2025\/03\/18\/ISKELE-KULTURSANAT-GUNLERI-1.jpg?ver=0f3b8a8076b0e20498c5cd9e1bf10ac2","type":"","width":"","height":""}],"author":"Kuzeyin Sesi","twitter_card":"summary_large_image","twitter_creator":"@kuzeyinsesii","twitter_site":"@kuzeyinsesii","twitter_misc":{"Yazan:":"Kuzeyin Sesi","Tahmini okuma s\u00fcresi":"1 dakika"},"schema":{"@context":"https:\/\/schema.org","@graph":[{"@type":"Article","@id":"https:\/\/kuzeyinsesi.org\/index.php\/2025\/03\/18\/iskele-belediyesi-kultursanat-gunleri-devam-ediyor-tanya-ve-ugur-genclerle-bir-araya-geldi\/#article","isPartOf":{"@id":"https:\/\/kuzeyinsesi.org\/index.php\/2025\/03\/18\/iskele-belediyesi-kultursanat-gunleri-devam-ediyor-tanya-ve-ugur-genclerle-bir-araya-geldi\/"},"author":{"name":"Kuzeyin Sesi","@id":"https:\/\/kuzeyinsesi.org\/#\/schema\/person\/9f859689cdf01485597712386e37f5aa"},"headline":"\u0130skele Belediyesi K\u00fclt\u00fcr&amp;Sanat G\u00fcnleri devam ediyor\u2026 Tanya ve U\u011fur, gen\u00e7lerle bir araya geldi","datePublished":"2025-03-18T12:33:58+00:00","mainEntityOfPage":{"@id":"https:\/\/kuzeyinsesi.org\/index.php\/2025\/03\/18\/iskele-belediyesi-kultursanat-gunleri-devam-ediyor-tanya-ve-ugur-genclerle-bir-araya-geldi\/"},"wordCount":268,"commentCount":0,"image":{"@id":"https:\/\/kuzeyinsesi.org\/index.php\/2025\/03\/18\/iskele-belediyesi-kultursanat-gunleri-devam-ediyor-tanya-ve-ugur-genclerle-bir-araya-geldi\/#primaryimage"},"thumbnailUrl":"https:\/\/kuzeyinsesi.org\/wp-content\/uploads\/2025\/03\/ISKELE-KULTURSANAT-GUNLERI-1.jpg","articleSection":["Ya\u015fam"],"inLanguage":"tr","potentialAction":[{"@type":"CommentAction","name":"Comment","target":["https:\/\/kuzeyinsesi.org\/index.php\/2025\/03\/18\/iskele-belediyesi-kultursanat-gunleri-devam-ediyor-tanya-ve-ugur-genclerle-bir-araya-geldi\/#respond"]}]},{"@type":"WebPage","@id":"https:\/\/kuzeyinsesi.org\/index.php\/2025\/03\/18\/iskele-belediyesi-kultursanat-gunleri-devam-ediyor-tanya-ve-ugur-genclerle-bir-araya-geldi\/","url":"https:\/\/kuzeyinsesi.org\/index.php\/2025\/03\/18\/iskele-belediyesi-kultursanat-gunleri-devam-ediyor-tanya-ve-ugur-genclerle-bir-araya-geldi\/","name":"\u0130skele Belediyesi K\u00fclt\u00fcr&amp;Sanat G\u00fcnleri devam ediyor\u2026 Tanya ve U\u011fur, gen\u00e7lerle bir araya geldi - Kuzeyin Sesi","isPartOf":{"@id":"https:\/\/kuzeyinsesi.org\/#website"},"primaryImageOfPage":{"@id":"https:\/\/kuzeyinsesi.org\/index.php\/2025\/03\/18\/iskele-belediyesi-kultursanat-gunleri-devam-ediyor-tanya-ve-ugur-genclerle-bir-araya-geldi\/#primaryimage"},"image":{"@id":"https:\/\/kuzeyinsesi.org\/index.php\/2025\/03\/18\/iskele-belediyesi-kultursanat-gunleri-devam-ediyor-tanya-ve-ugur-genclerle-bir-araya-geldi\/#primaryimage"},"thumbnailUrl":"https:\/\/kuzeyinsesi.org\/wp-content\/uploads\/2025\/03\/ISKELE-KULTURSANAT-GUNLERI-1.jpg","datePublished":"2025-03-18T12:33:58+00:00","author":{"@id":"https:\/\/kuzeyinsesi.org\/#\/schema\/person\/9f859689cdf01485597712386e37f5aa"},"breadcrumb":{"@id":"https:\/\/kuzeyinsesi.org\/index.php\/2025\/03\/18\/iskele-belediyesi-kultursanat-gunleri-devam-ediyor-tanya-ve-ugur-genclerle-bir-araya-geldi\/#breadcrumb"},"inLanguage":"tr","potentialAction":[{"@type":"ReadAction","target":["https:\/\/kuzeyinsesi.org\/index.php\/2025\/03\/18\/iskele-belediyesi-kultursanat-gunleri-devam-ediyor-tanya-ve-ugur-genclerle-bir-araya-geldi\/"]}]},{"@type":"ImageObject","inLanguage":"tr","@id":"https:\/\/kuzeyinsesi.org\/index.php\/2025\/03\/18\/iskele-belediyesi-kultursanat-gunleri-devam-ediyor-tanya-ve-ugur-genclerle-bir-araya-geldi\/#primaryimage","url":"https:\/\/kuzeyinsesi.org\/wp-content\/uploads\/2025\/03\/ISKELE-KULTURSANAT-GUNLERI-1.jpg","contentUrl":"https:\/\/kuzeyinsesi.org\/wp-content\/uploads\/2025\/03\/ISKELE-KULTURSANAT-GUNLERI-1.jpg","width":929,"height":437},{"@type":"BreadcrumbList","@id":"https:\/\/kuzeyinsesi.org\/index.php\/2025\/03\/18\/iskele-belediyesi-kultursanat-gunleri-devam-ediyor-tanya-ve-ugur-genclerle-bir-araya-geldi\/#breadcrumb","itemListElement":[{"@type":"ListItem","position":1,"name":"Anasayfa","item":"https:\/\/kuzeyinsesi.org\/"},{"@type":"ListItem","position":2,"name":"\u0130skele Belediyesi K\u00fclt\u00fcr&amp;Sanat G\u00fcnleri devam ediyor\u2026 Tanya ve U\u011fur, gen\u00e7lerle bir araya geldi"}]},{"@type":"WebSite","@id":"https:\/\/kuzeyinsesi.org\/#website","url":"https:\/\/kuzeyinsesi.org\/","name":"Kuzeyin Sesi","description":"Do\u011fru Haberin Adresi","potentialAction":[{"@type":"SearchAction","target":{"@type":"EntryPoint","urlTemplate":"https:\/\/kuzeyinsesi.org\/?s={search_term_string}"},"query-input":{"@type":"PropertyValueSpecification","valueRequired":true,"valueName":"search_term_string"}}],"inLanguage":"tr"},{"@type":"Person","@id":"https:\/\/kuzeyinsesi.org\/#\/schema\/person\/9f859689cdf01485597712386e37f5aa","name":"Kuzeyin Sesi","image":{"@type":"ImageObject","inLanguage":"tr","@id":"https:\/\/secure.gravatar.com\/avatar\/bab33852abfd8b282518d6ed81826833d77c3c882d9ab608add591ccace47a44?s=96&d=mm&r=g","url":"https:\/\/secure.gravatar.com\/avatar\/bab33852abfd8b282518d6ed81826833d77c3c882d9ab608add591ccace47a44?s=96&d=mm&r=g","contentUrl":"https:\/\/secure.gravatar.com\/avatar\/bab33852abfd8b282518d6ed81826833d77c3c882d9ab608add591ccace47a44?s=96&d=mm&r=g","caption":"Kuzeyin Sesi"},"sameAs":["https:\/\/kuzeyinsesi.org"],"url":"https:\/\/kuzeyinsesi.org\/index.php\/author\/guven\/"}]}},"_links":{"self":[{"href":"https:\/\/kuzeyinsesi.org\/index.php\/wp-json\/wp\/v2\/posts\/21192","targetHints":{"allow":["GET"]}}],"collection":[{"href":"https:\/\/kuzeyinsesi.org\/index.php\/wp-json\/wp\/v2\/posts"}],"about":[{"href":"https:\/\/kuzeyinsesi.org\/index.php\/wp-json\/wp\/v2\/types\/post"}],"author":[{"embeddable":true,"href":"https:\/\/kuzeyinsesi.org\/index.php\/wp-json\/wp\/v2\/users\/1"}],"replies":[{"embeddable":true,"href":"https:\/\/kuzeyinsesi.org\/index.php\/wp-json\/wp\/v2\/comments?post=21192"}],"version-history":[{"count":0,"href":"https:\/\/kuzeyinsesi.org\/index.php\/wp-json\/wp\/v2\/posts\/21192\/revisions"}],"wp:featuredmedia":[{"embeddable":true,"href":"https:\/\/kuzeyinsesi.org\/index.php\/wp-json\/wp\/v2\/media\/21193"}],"wp:attachment":[{"href":"https:\/\/kuzeyinsesi.org\/index.php\/wp-json\/wp\/v2\/media?parent=21192"}],"wp:term":[{"taxonomy":"category","embeddable":true,"href":"https:\/\/kuzeyinsesi.org\/index.php\/wp-json\/wp\/v2\/categories?post=21192"},{"taxonomy":"post_tag","embeddable":true,"href":"https:\/\/kuzeyinsesi.org\/index.php\/wp-json\/wp\/v2\/tags?post=21192"}],"curies":[{"name":"wp","href":"https:\/\/api.w.org\/{rel}","templated":true}]}}