{"id":21174,"date":"2025-03-18T12:29:06","date_gmt":"2025-03-18T10:29:06","guid":{"rendered":"https:\/\/kuzeyinsesi.org\/index.php\/2025\/03\/18\/hasder-onculugunde-umudumuz-genclik-festivali-gerceklestirildi\/"},"modified":"2025-03-18T12:29:06","modified_gmt":"2025-03-18T10:29:06","slug":"hasder-onculugunde-umudumuz-genclik-festivali-gerceklestirildi","status":"publish","type":"post","link":"https:\/\/kuzeyinsesi.org\/index.php\/2025\/03\/18\/hasder-onculugunde-umudumuz-genclik-festivali-gerceklestirildi\/","title":{"rendered":"HASDER \u00f6nc\u00fcl\u00fc\u011f\u00fcnde \u201cUmudumuz Gen\u00e7lik Festivali\u201d ger\u00e7ekle\u015ftirildi"},"content":{"rendered":"<div>\n<div class=\"mariselle-image-container center\">\n                                            <\/div>\n<p>\u201cGen\u00e7lik \u0130\u015f Ba\u015f\u0131nda: K\u00fclt\u00fcr Yoluyla Diyalo\u011fu Geli\u015ftiriyoruz\u201d projesinin kapan\u0131\u015f etkinli\u011fi, 15 Mart Cumartesi g\u00fcn\u00fc \u201cUmudumuz Gen\u00e7lik Festivali\u201d ile ger\u00e7ekle\u015ftirildi.<\/p>\n<p>Avrupa Birli\u011fi taraf\u0131ndan finanse edilen, Halk Sanatlar\u0131 Derne\u011fi (HASDER) Halk Sanatlar\u0131 Vakf\u0131 liderli\u011finde, G\u00fcney K\u0131br\u0131s\u2019taki PAOK Klirou Spor ve K\u00fclt\u00fcr Derne\u011fi i\u015f birli\u011finde y\u00fcr\u00fct\u00fclen projenin kapan\u0131\u015f etkinli\u011fi Bandabulya\u2019da yer ald\u0131.<\/p>\n<p>HASDER\u2019den yap\u0131lan a\u00e7\u0131klamaya g\u00f6re festivale K\u0131br\u0131s\u2019\u0131n d\u00f6rt bir yan\u0131ndan 200\u2019\u00fc a\u015fk\u0131n gen\u00e7, sivil toplum \u00f6rg\u00fct\u00fc ve k\u00fclt\u00fcrel miras temsilcileri kat\u0131larak iki y\u0131l s\u00fcren projenin kazan\u0131mlar\u0131n\u0131 kutlad\u0131. Festivale, Lefko\u015fa T\u00fcrk Belediyesi Ba\u015fkan\u0131 Mehmet Harmanc\u0131, Avrupa Komisyonu K\u0131br\u0131s \u00c7\u00f6z\u00fcm Masas\u0131 B\u00f6l\u00fcm \u015eefi Michel Vedrenne Gutierrez ve proje ortaklar\u0131 da kat\u0131ld\u0131.<\/p>\n<p>Festivalin a\u00e7\u0131l\u0131\u015f konu\u015fmas\u0131n\u0131 yapan HASDER Ba\u015fkan\u0131 Kani Kanol, projeye katk\u0131 koyan t\u00fcm gen\u00e7lere te\u015fekk\u00fcr ederek, k\u00fclt\u00fcrel miras\u0131n korunmas\u0131 ve ya\u015fat\u0131lmas\u0131 konusundaki kararl\u0131l\u0131\u011f\u0131 dile getirdi. Kanol, 50 y\u0131l\u0131 a\u015fk\u0131n s\u00fcredir HASDER\u2019in K\u0131br\u0131s k\u00fclt\u00fcrel miras\u0131n\u0131n korunmas\u0131 ve toplumlar aras\u0131 diyalo\u011fun g\u00fc\u00e7lenmesi i\u00e7in \u00e7al\u0131\u015fmalar y\u00fcr\u00fctt\u00fc\u011f\u00fcn\u00fc de vurgulad\u0131.<\/p>\n<\/p><\/div>\n<p><script async\n                    defer\n                    crossorigin=\"anonymous\"\n                    src=\"https:\/\/connect.facebook.net\/tr_TR\/sdk.js#xfbml=1&#038;version=v3.3\"\n            ><\/script><\/p>\n","protected":false},"excerpt":{"rendered":"<p>\u201cGen\u00e7lik \u0130\u015f Ba\u015f\u0131nda: K\u00fclt\u00fcr Yoluyla Diyalo\u011fu Geli\u015ftiriyoruz\u201d projesinin kapan\u0131\u015f etkinli\u011fi, 15 Mart Cumartesi g\u00fcn\u00fc \u201cUmudumuz Gen\u00e7lik Festivali\u201d ile ger\u00e7ekle\u015ftirildi. Avrupa Birli\u011fi taraf\u0131ndan finanse edilen, Halk Sanatlar\u0131 Derne\u011fi (HASDER) Halk Sanatlar\u0131 Vakf\u0131 liderli\u011finde, G\u00fcney K\u0131br\u0131s\u2019taki PAOK Klirou Spor ve K\u00fclt\u00fcr Derne\u011fi i\u015f birli\u011finde y\u00fcr\u00fct\u00fclen projenin kapan\u0131\u015f etkinli\u011fi Bandabulya\u2019da yer ald\u0131. HASDER\u2019den yap\u0131lan a\u00e7\u0131klamaya g\u00f6re festivale K\u0131br\u0131s\u2019\u0131n [&hellip;]<\/p>\n","protected":false},"author":1,"featured_media":21175,"comment_status":"open","ping_status":"open","sticky":false,"template":"","format":"standard","meta":{"jnews-multi-image_gallery":[],"jnews_single_post":[],"jnews_primary_category":[],"jnews_social_meta":[],"jnews_override_counter":[],"footnotes":""},"categories":[6],"tags":[],"class_list":["post-21174","post","type-post","status-publish","format-standard","has-post-thumbnail","hentry","category-yasam"],"yoast_head":"<!-- This site is optimized with the Yoast SEO plugin v27.4 - https:\/\/yoast.com\/product\/yoast-seo-wordpress\/ -->\n<title>HASDER \u00f6nc\u00fcl\u00fc\u011f\u00fcnde \u201cUmudumuz Gen\u00e7lik Festivali\u201d ger\u00e7ekle\u015ftirildi - Kuzeyin Sesi<\/title>\n<meta name=\"robots\" content=\"index, follow, max-snippet:-1, max-image-preview:large, max-video-preview:-1\" \/>\n<link rel=\"canonical\" href=\"https:\/\/kuzeyinsesi.org\/index.php\/2025\/03\/18\/hasder-onculugunde-umudumuz-genclik-festivali-gerceklestirildi\/\" \/>\n<meta property=\"og:locale\" content=\"tr_TR\" \/>\n<meta property=\"og:type\" content=\"article\" \/>\n<meta property=\"og:title\" content=\"HASDER \u00f6nc\u00fcl\u00fc\u011f\u00fcnde \u201cUmudumuz Gen\u00e7lik Festivali\u201d ger\u00e7ekle\u015ftirildi - Kuzeyin Sesi\" \/>\n<meta property=\"og:description\" content=\"\u201cGen\u00e7lik \u0130\u015f Ba\u015f\u0131nda: K\u00fclt\u00fcr Yoluyla Diyalo\u011fu Geli\u015ftiriyoruz\u201d projesinin kapan\u0131\u015f etkinli\u011fi, 15 Mart Cumartesi g\u00fcn\u00fc \u201cUmudumuz Gen\u00e7lik Festivali\u201d ile ger\u00e7ekle\u015ftirildi. Avrupa Birli\u011fi taraf\u0131ndan finanse edilen, Halk Sanatlar\u0131 Derne\u011fi (HASDER) Halk Sanatlar\u0131 Vakf\u0131 liderli\u011finde, G\u00fcney K\u0131br\u0131s\u2019taki PAOK Klirou Spor ve K\u00fclt\u00fcr Derne\u011fi i\u015f birli\u011finde y\u00fcr\u00fct\u00fclen projenin kapan\u0131\u015f etkinli\u011fi Bandabulya\u2019da yer ald\u0131. HASDER\u2019den yap\u0131lan a\u00e7\u0131klamaya g\u00f6re festivale K\u0131br\u0131s\u2019\u0131n [&hellip;]\" \/>\n<meta property=\"og:url\" content=\"https:\/\/kuzeyinsesi.org\/index.php\/2025\/03\/18\/hasder-onculugunde-umudumuz-genclik-festivali-gerceklestirildi\/\" \/>\n<meta property=\"og:site_name\" content=\"Kuzeyin Sesi\" \/>\n<meta property=\"article:publisher\" content=\"https:\/\/www.facebook.com\/kuzeyinsesii\" \/>\n<meta property=\"article:published_time\" content=\"2025-03-18T10:29:06+00:00\" \/>\n<meta property=\"og:image\" content=\"https:\/\/brtk.net\/wp-content\/uploads\/2025\/03\/18\/9862-scaled.jpeg?ver=3506d276a245d895900930096f716a50\" \/>\n<meta name=\"author\" content=\"Kuzeyin Sesi\" \/>\n<meta name=\"twitter:card\" content=\"summary_large_image\" \/>\n<meta name=\"twitter:creator\" content=\"@kuzeyinsesii\" \/>\n<meta name=\"twitter:site\" content=\"@kuzeyinsesii\" \/>\n<meta name=\"twitter:label1\" content=\"Yazan:\" \/>\n\t<meta name=\"twitter:data1\" content=\"Kuzeyin Sesi\" \/>\n\t<meta name=\"twitter:label2\" content=\"Tahmini okuma s\u00fcresi\" \/>\n\t<meta name=\"twitter:data2\" content=\"1 dakika\" \/>\n<script type=\"application\/ld+json\" class=\"yoast-schema-graph\">{\"@context\":\"https:\\\/\\\/schema.org\",\"@graph\":[{\"@type\":\"Article\",\"@id\":\"https:\\\/\\\/kuzeyinsesi.org\\\/index.php\\\/2025\\\/03\\\/18\\\/hasder-onculugunde-umudumuz-genclik-festivali-gerceklestirildi\\\/#article\",\"isPartOf\":{\"@id\":\"https:\\\/\\\/kuzeyinsesi.org\\\/index.php\\\/2025\\\/03\\\/18\\\/hasder-onculugunde-umudumuz-genclik-festivali-gerceklestirildi\\\/\"},\"author\":{\"name\":\"Kuzeyin Sesi\",\"@id\":\"https:\\\/\\\/kuzeyinsesi.org\\\/#\\\/schema\\\/person\\\/9f859689cdf01485597712386e37f5aa\"},\"headline\":\"HASDER \u00f6nc\u00fcl\u00fc\u011f\u00fcnde \u201cUmudumuz Gen\u00e7lik Festivali\u201d ger\u00e7ekle\u015ftirildi\",\"datePublished\":\"2025-03-18T10:29:06+00:00\",\"mainEntityOfPage\":{\"@id\":\"https:\\\/\\\/kuzeyinsesi.org\\\/index.php\\\/2025\\\/03\\\/18\\\/hasder-onculugunde-umudumuz-genclik-festivali-gerceklestirildi\\\/\"},\"wordCount\":236,\"commentCount\":0,\"image\":{\"@id\":\"https:\\\/\\\/kuzeyinsesi.org\\\/index.php\\\/2025\\\/03\\\/18\\\/hasder-onculugunde-umudumuz-genclik-festivali-gerceklestirildi\\\/#primaryimage\"},\"thumbnailUrl\":\"https:\\\/\\\/kuzeyinsesi.org\\\/wp-content\\\/uploads\\\/2025\\\/03\\\/9862-scaled.jpeg\",\"articleSection\":[\"Ya\u015fam\"],\"inLanguage\":\"tr\",\"potentialAction\":[{\"@type\":\"CommentAction\",\"name\":\"Comment\",\"target\":[\"https:\\\/\\\/kuzeyinsesi.org\\\/index.php\\\/2025\\\/03\\\/18\\\/hasder-onculugunde-umudumuz-genclik-festivali-gerceklestirildi\\\/#respond\"]}]},{\"@type\":\"WebPage\",\"@id\":\"https:\\\/\\\/kuzeyinsesi.org\\\/index.php\\\/2025\\\/03\\\/18\\\/hasder-onculugunde-umudumuz-genclik-festivali-gerceklestirildi\\\/\",\"url\":\"https:\\\/\\\/kuzeyinsesi.org\\\/index.php\\\/2025\\\/03\\\/18\\\/hasder-onculugunde-umudumuz-genclik-festivali-gerceklestirildi\\\/\",\"name\":\"HASDER \u00f6nc\u00fcl\u00fc\u011f\u00fcnde \u201cUmudumuz Gen\u00e7lik Festivali\u201d ger\u00e7ekle\u015ftirildi - Kuzeyin Sesi\",\"isPartOf\":{\"@id\":\"https:\\\/\\\/kuzeyinsesi.org\\\/#website\"},\"primaryImageOfPage\":{\"@id\":\"https:\\\/\\\/kuzeyinsesi.org\\\/index.php\\\/2025\\\/03\\\/18\\\/hasder-onculugunde-umudumuz-genclik-festivali-gerceklestirildi\\\/#primaryimage\"},\"image\":{\"@id\":\"https:\\\/\\\/kuzeyinsesi.org\\\/index.php\\\/2025\\\/03\\\/18\\\/hasder-onculugunde-umudumuz-genclik-festivali-gerceklestirildi\\\/#primaryimage\"},\"thumbnailUrl\":\"https:\\\/\\\/kuzeyinsesi.org\\\/wp-content\\\/uploads\\\/2025\\\/03\\\/9862-scaled.jpeg\",\"datePublished\":\"2025-03-18T10:29:06+00:00\",\"author\":{\"@id\":\"https:\\\/\\\/kuzeyinsesi.org\\\/#\\\/schema\\\/person\\\/9f859689cdf01485597712386e37f5aa\"},\"breadcrumb\":{\"@id\":\"https:\\\/\\\/kuzeyinsesi.org\\\/index.php\\\/2025\\\/03\\\/18\\\/hasder-onculugunde-umudumuz-genclik-festivali-gerceklestirildi\\\/#breadcrumb\"},\"inLanguage\":\"tr\",\"potentialAction\":[{\"@type\":\"ReadAction\",\"target\":[\"https:\\\/\\\/kuzeyinsesi.org\\\/index.php\\\/2025\\\/03\\\/18\\\/hasder-onculugunde-umudumuz-genclik-festivali-gerceklestirildi\\\/\"]}]},{\"@type\":\"ImageObject\",\"inLanguage\":\"tr\",\"@id\":\"https:\\\/\\\/kuzeyinsesi.org\\\/index.php\\\/2025\\\/03\\\/18\\\/hasder-onculugunde-umudumuz-genclik-festivali-gerceklestirildi\\\/#primaryimage\",\"url\":\"https:\\\/\\\/kuzeyinsesi.org\\\/wp-content\\\/uploads\\\/2025\\\/03\\\/9862-scaled.jpeg\",\"contentUrl\":\"https:\\\/\\\/kuzeyinsesi.org\\\/wp-content\\\/uploads\\\/2025\\\/03\\\/9862-scaled.jpeg\",\"width\":2560,\"height\":1707},{\"@type\":\"BreadcrumbList\",\"@id\":\"https:\\\/\\\/kuzeyinsesi.org\\\/index.php\\\/2025\\\/03\\\/18\\\/hasder-onculugunde-umudumuz-genclik-festivali-gerceklestirildi\\\/#breadcrumb\",\"itemListElement\":[{\"@type\":\"ListItem\",\"position\":1,\"name\":\"Anasayfa\",\"item\":\"https:\\\/\\\/kuzeyinsesi.org\\\/\"},{\"@type\":\"ListItem\",\"position\":2,\"name\":\"HASDER \u00f6nc\u00fcl\u00fc\u011f\u00fcnde \u201cUmudumuz Gen\u00e7lik Festivali\u201d ger\u00e7ekle\u015ftirildi\"}]},{\"@type\":\"WebSite\",\"@id\":\"https:\\\/\\\/kuzeyinsesi.org\\\/#website\",\"url\":\"https:\\\/\\\/kuzeyinsesi.org\\\/\",\"name\":\"Kuzeyin Sesi\",\"description\":\"Do\u011fru Haberin Adresi\",\"potentialAction\":[{\"@type\":\"SearchAction\",\"target\":{\"@type\":\"EntryPoint\",\"urlTemplate\":\"https:\\\/\\\/kuzeyinsesi.org\\\/?s={search_term_string}\"},\"query-input\":{\"@type\":\"PropertyValueSpecification\",\"valueRequired\":true,\"valueName\":\"search_term_string\"}}],\"inLanguage\":\"tr\"},{\"@type\":\"Person\",\"@id\":\"https:\\\/\\\/kuzeyinsesi.org\\\/#\\\/schema\\\/person\\\/9f859689cdf01485597712386e37f5aa\",\"name\":\"Kuzeyin Sesi\",\"image\":{\"@type\":\"ImageObject\",\"inLanguage\":\"tr\",\"@id\":\"https:\\\/\\\/secure.gravatar.com\\\/avatar\\\/bab33852abfd8b282518d6ed81826833d77c3c882d9ab608add591ccace47a44?s=96&d=mm&r=g\",\"url\":\"https:\\\/\\\/secure.gravatar.com\\\/avatar\\\/bab33852abfd8b282518d6ed81826833d77c3c882d9ab608add591ccace47a44?s=96&d=mm&r=g\",\"contentUrl\":\"https:\\\/\\\/secure.gravatar.com\\\/avatar\\\/bab33852abfd8b282518d6ed81826833d77c3c882d9ab608add591ccace47a44?s=96&d=mm&r=g\",\"caption\":\"Kuzeyin Sesi\"},\"sameAs\":[\"https:\\\/\\\/kuzeyinsesi.org\"],\"url\":\"https:\\\/\\\/kuzeyinsesi.org\\\/index.php\\\/author\\\/guven\\\/\"}]}<\/script>\n<!-- \/ Yoast SEO plugin. -->","yoast_head_json":{"title":"HASDER \u00f6nc\u00fcl\u00fc\u011f\u00fcnde \u201cUmudumuz Gen\u00e7lik Festivali\u201d ger\u00e7ekle\u015ftirildi - Kuzeyin Sesi","robots":{"index":"index","follow":"follow","max-snippet":"max-snippet:-1","max-image-preview":"max-image-preview:large","max-video-preview":"max-video-preview:-1"},"canonical":"https:\/\/kuzeyinsesi.org\/index.php\/2025\/03\/18\/hasder-onculugunde-umudumuz-genclik-festivali-gerceklestirildi\/","og_locale":"tr_TR","og_type":"article","og_title":"HASDER \u00f6nc\u00fcl\u00fc\u011f\u00fcnde \u201cUmudumuz Gen\u00e7lik Festivali\u201d ger\u00e7ekle\u015ftirildi - Kuzeyin Sesi","og_description":"\u201cGen\u00e7lik \u0130\u015f Ba\u015f\u0131nda: K\u00fclt\u00fcr Yoluyla Diyalo\u011fu Geli\u015ftiriyoruz\u201d projesinin kapan\u0131\u015f etkinli\u011fi, 15 Mart Cumartesi g\u00fcn\u00fc \u201cUmudumuz Gen\u00e7lik Festivali\u201d ile ger\u00e7ekle\u015ftirildi. Avrupa Birli\u011fi taraf\u0131ndan finanse edilen, Halk Sanatlar\u0131 Derne\u011fi (HASDER) Halk Sanatlar\u0131 Vakf\u0131 liderli\u011finde, G\u00fcney K\u0131br\u0131s\u2019taki PAOK Klirou Spor ve K\u00fclt\u00fcr Derne\u011fi i\u015f birli\u011finde y\u00fcr\u00fct\u00fclen projenin kapan\u0131\u015f etkinli\u011fi Bandabulya\u2019da yer ald\u0131. HASDER\u2019den yap\u0131lan a\u00e7\u0131klamaya g\u00f6re festivale K\u0131br\u0131s\u2019\u0131n [&hellip;]","og_url":"https:\/\/kuzeyinsesi.org\/index.php\/2025\/03\/18\/hasder-onculugunde-umudumuz-genclik-festivali-gerceklestirildi\/","og_site_name":"Kuzeyin Sesi","article_publisher":"https:\/\/www.facebook.com\/kuzeyinsesii","article_published_time":"2025-03-18T10:29:06+00:00","og_image":[{"url":"https:\/\/brtk.net\/wp-content\/uploads\/2025\/03\/18\/9862-scaled.jpeg?ver=3506d276a245d895900930096f716a50","type":"","width":"","height":""}],"author":"Kuzeyin Sesi","twitter_card":"summary_large_image","twitter_creator":"@kuzeyinsesii","twitter_site":"@kuzeyinsesii","twitter_misc":{"Yazan:":"Kuzeyin Sesi","Tahmini okuma s\u00fcresi":"1 dakika"},"schema":{"@context":"https:\/\/schema.org","@graph":[{"@type":"Article","@id":"https:\/\/kuzeyinsesi.org\/index.php\/2025\/03\/18\/hasder-onculugunde-umudumuz-genclik-festivali-gerceklestirildi\/#article","isPartOf":{"@id":"https:\/\/kuzeyinsesi.org\/index.php\/2025\/03\/18\/hasder-onculugunde-umudumuz-genclik-festivali-gerceklestirildi\/"},"author":{"name":"Kuzeyin Sesi","@id":"https:\/\/kuzeyinsesi.org\/#\/schema\/person\/9f859689cdf01485597712386e37f5aa"},"headline":"HASDER \u00f6nc\u00fcl\u00fc\u011f\u00fcnde \u201cUmudumuz Gen\u00e7lik Festivali\u201d ger\u00e7ekle\u015ftirildi","datePublished":"2025-03-18T10:29:06+00:00","mainEntityOfPage":{"@id":"https:\/\/kuzeyinsesi.org\/index.php\/2025\/03\/18\/hasder-onculugunde-umudumuz-genclik-festivali-gerceklestirildi\/"},"wordCount":236,"commentCount":0,"image":{"@id":"https:\/\/kuzeyinsesi.org\/index.php\/2025\/03\/18\/hasder-onculugunde-umudumuz-genclik-festivali-gerceklestirildi\/#primaryimage"},"thumbnailUrl":"https:\/\/kuzeyinsesi.org\/wp-content\/uploads\/2025\/03\/9862-scaled.jpeg","articleSection":["Ya\u015fam"],"inLanguage":"tr","potentialAction":[{"@type":"CommentAction","name":"Comment","target":["https:\/\/kuzeyinsesi.org\/index.php\/2025\/03\/18\/hasder-onculugunde-umudumuz-genclik-festivali-gerceklestirildi\/#respond"]}]},{"@type":"WebPage","@id":"https:\/\/kuzeyinsesi.org\/index.php\/2025\/03\/18\/hasder-onculugunde-umudumuz-genclik-festivali-gerceklestirildi\/","url":"https:\/\/kuzeyinsesi.org\/index.php\/2025\/03\/18\/hasder-onculugunde-umudumuz-genclik-festivali-gerceklestirildi\/","name":"HASDER \u00f6nc\u00fcl\u00fc\u011f\u00fcnde \u201cUmudumuz Gen\u00e7lik Festivali\u201d ger\u00e7ekle\u015ftirildi - Kuzeyin Sesi","isPartOf":{"@id":"https:\/\/kuzeyinsesi.org\/#website"},"primaryImageOfPage":{"@id":"https:\/\/kuzeyinsesi.org\/index.php\/2025\/03\/18\/hasder-onculugunde-umudumuz-genclik-festivali-gerceklestirildi\/#primaryimage"},"image":{"@id":"https:\/\/kuzeyinsesi.org\/index.php\/2025\/03\/18\/hasder-onculugunde-umudumuz-genclik-festivali-gerceklestirildi\/#primaryimage"},"thumbnailUrl":"https:\/\/kuzeyinsesi.org\/wp-content\/uploads\/2025\/03\/9862-scaled.jpeg","datePublished":"2025-03-18T10:29:06+00:00","author":{"@id":"https:\/\/kuzeyinsesi.org\/#\/schema\/person\/9f859689cdf01485597712386e37f5aa"},"breadcrumb":{"@id":"https:\/\/kuzeyinsesi.org\/index.php\/2025\/03\/18\/hasder-onculugunde-umudumuz-genclik-festivali-gerceklestirildi\/#breadcrumb"},"inLanguage":"tr","potentialAction":[{"@type":"ReadAction","target":["https:\/\/kuzeyinsesi.org\/index.php\/2025\/03\/18\/hasder-onculugunde-umudumuz-genclik-festivali-gerceklestirildi\/"]}]},{"@type":"ImageObject","inLanguage":"tr","@id":"https:\/\/kuzeyinsesi.org\/index.php\/2025\/03\/18\/hasder-onculugunde-umudumuz-genclik-festivali-gerceklestirildi\/#primaryimage","url":"https:\/\/kuzeyinsesi.org\/wp-content\/uploads\/2025\/03\/9862-scaled.jpeg","contentUrl":"https:\/\/kuzeyinsesi.org\/wp-content\/uploads\/2025\/03\/9862-scaled.jpeg","width":2560,"height":1707},{"@type":"BreadcrumbList","@id":"https:\/\/kuzeyinsesi.org\/index.php\/2025\/03\/18\/hasder-onculugunde-umudumuz-genclik-festivali-gerceklestirildi\/#breadcrumb","itemListElement":[{"@type":"ListItem","position":1,"name":"Anasayfa","item":"https:\/\/kuzeyinsesi.org\/"},{"@type":"ListItem","position":2,"name":"HASDER \u00f6nc\u00fcl\u00fc\u011f\u00fcnde \u201cUmudumuz Gen\u00e7lik Festivali\u201d ger\u00e7ekle\u015ftirildi"}]},{"@type":"WebSite","@id":"https:\/\/kuzeyinsesi.org\/#website","url":"https:\/\/kuzeyinsesi.org\/","name":"Kuzeyin Sesi","description":"Do\u011fru Haberin Adresi","potentialAction":[{"@type":"SearchAction","target":{"@type":"EntryPoint","urlTemplate":"https:\/\/kuzeyinsesi.org\/?s={search_term_string}"},"query-input":{"@type":"PropertyValueSpecification","valueRequired":true,"valueName":"search_term_string"}}],"inLanguage":"tr"},{"@type":"Person","@id":"https:\/\/kuzeyinsesi.org\/#\/schema\/person\/9f859689cdf01485597712386e37f5aa","name":"Kuzeyin Sesi","image":{"@type":"ImageObject","inLanguage":"tr","@id":"https:\/\/secure.gravatar.com\/avatar\/bab33852abfd8b282518d6ed81826833d77c3c882d9ab608add591ccace47a44?s=96&d=mm&r=g","url":"https:\/\/secure.gravatar.com\/avatar\/bab33852abfd8b282518d6ed81826833d77c3c882d9ab608add591ccace47a44?s=96&d=mm&r=g","contentUrl":"https:\/\/secure.gravatar.com\/avatar\/bab33852abfd8b282518d6ed81826833d77c3c882d9ab608add591ccace47a44?s=96&d=mm&r=g","caption":"Kuzeyin Sesi"},"sameAs":["https:\/\/kuzeyinsesi.org"],"url":"https:\/\/kuzeyinsesi.org\/index.php\/author\/guven\/"}]}},"_links":{"self":[{"href":"https:\/\/kuzeyinsesi.org\/index.php\/wp-json\/wp\/v2\/posts\/21174","targetHints":{"allow":["GET"]}}],"collection":[{"href":"https:\/\/kuzeyinsesi.org\/index.php\/wp-json\/wp\/v2\/posts"}],"about":[{"href":"https:\/\/kuzeyinsesi.org\/index.php\/wp-json\/wp\/v2\/types\/post"}],"author":[{"embeddable":true,"href":"https:\/\/kuzeyinsesi.org\/index.php\/wp-json\/wp\/v2\/users\/1"}],"replies":[{"embeddable":true,"href":"https:\/\/kuzeyinsesi.org\/index.php\/wp-json\/wp\/v2\/comments?post=21174"}],"version-history":[{"count":0,"href":"https:\/\/kuzeyinsesi.org\/index.php\/wp-json\/wp\/v2\/posts\/21174\/revisions"}],"wp:featuredmedia":[{"embeddable":true,"href":"https:\/\/kuzeyinsesi.org\/index.php\/wp-json\/wp\/v2\/media\/21175"}],"wp:attachment":[{"href":"https:\/\/kuzeyinsesi.org\/index.php\/wp-json\/wp\/v2\/media?parent=21174"}],"wp:term":[{"taxonomy":"category","embeddable":true,"href":"https:\/\/kuzeyinsesi.org\/index.php\/wp-json\/wp\/v2\/categories?post=21174"},{"taxonomy":"post_tag","embeddable":true,"href":"https:\/\/kuzeyinsesi.org\/index.php\/wp-json\/wp\/v2\/tags?post=21174"}],"curies":[{"name":"wp","href":"https:\/\/api.w.org\/{rel}","templated":true}]}}