{"id":21110,"date":"2025-03-17T16:05:41","date_gmt":"2025-03-17T14:05:41","guid":{"rendered":"https:\/\/kuzeyinsesi.org\/index.php\/2025\/03\/17\/14-uluslararasi-karikatur-yarismasina-15-mayisa-kadar-eser-kabul-edilecek\/"},"modified":"2025-03-17T16:05:41","modified_gmt":"2025-03-17T14:05:41","slug":"14-uluslararasi-karikatur-yarismasina-15-mayisa-kadar-eser-kabul-edilecek","status":"publish","type":"post","link":"https:\/\/kuzeyinsesi.org\/index.php\/2025\/03\/17\/14-uluslararasi-karikatur-yarismasina-15-mayisa-kadar-eser-kabul-edilecek\/","title":{"rendered":"14. Uluslararas\u0131 Karikat\u00fcr Yar\u0131\u015fmas\u0131\u2019na 15 May\u0131s\u2019a kadar eser kabul edilecek"},"content":{"rendered":"<div>\n<div class=\"mariselle-image-container center\">\n                                            <\/div>\n<p>Girne Belediyesi ve K\u0131br\u0131s T\u00fcrk Karikat\u00fcrc\u00fcler Derne\u011fi i\u015f birli\u011finde d\u00fczenlenen 14. Uluslararas\u0131 Karikat\u00fcr Yar\u0131\u015fmas\u0131\u2019na 15 May\u0131s\u2019a kadar ba\u015fvuru kabul edilece\u011fi a\u00e7\u0131kland\u0131.<\/p>\n<p>24. Uluslararas\u0131 Zeytin Festivali Uluslararas\u0131 Zeytin Mizah \u015eenli\u011fi kapsam\u0131nda d\u00fczenlenen yar\u0131\u015fma 18 ya\u015f \u00fcst\u00fc amat\u00f6r veya profesyonel d\u00fcnya karikat\u00fcrc\u00fclerine veya karikat\u00fcr \u00e7izebilen herkese a\u00e7\u0131k. <\/p>\n<p>Yar\u0131\u015fmaya g\u00f6nderilecek eserlerin karikat\u00fcr tarz\u0131nda olmas\u0131 gerekiyor. Resim, foto\u011fraf veya ill\u00fcstrasyon tarz\u0131ndaki eserlerin ise kabul edilmeyecek.<\/p>\n<p>Zeytin a\u011fac\u0131n\u0131 korumak ve zeytin \u00fcr\u00fcnlerini yayg\u0131nla\u015ft\u0131rmak amac\u0131yla d\u00fczenlenen yar\u0131\u015fma konular\u0131n\u0131n \u201czeytin, zeytin ve zaman, zeytin ve tarih, zeytin ve mitoloji, zeytin ve teknoloji, zeytin ve K\u0131br\u0131s, zeytin ve hayat, zeytin ve bar\u0131\u015f, zeytin ve sava\u015f, zeytin ve sa\u011fl\u0131k, zeytin ve kad\u0131n, zeytin ve adam, zeytin ve \u00e7ocuk, zeytin a\u011fa\u00e7lar\u0131n\u0131n kesilmesine kar\u015f\u0131 karikat\u00fcrler, zeytin ya\u011f\u0131, zeytin dal\u0131, zeytin a\u011fac\u0131, zeytinin yararlar\u0131, zeytin ve ya\u011f de\u011firmenleri vd.\u201d oldu\u011fu belirtildi.<\/p>\n<p>-Son ba\u015fvuru: 15 May\u0131s 2025<\/p>\n<p>Eserlerin en ge\u00e7 15 May\u0131s 2025 tarihine kadar K\u0131br\u0131s T\u00fcrk Karikat\u00fcrc\u00fcler Derne\u011fi\u2019ne posta yoluyla g\u00f6nderilmesi gerekti\u011fi belirtilen a\u00e7\u0131klamada, elden teslim edilenlerin kabul edilmeyece\u011fi de vurguland\u0131.<\/p>\n<p>Farkl\u0131 \u00f6d\u00fcllerin verilece\u011fi yar\u0131\u015fma hakk\u0131nda daha detayl\u0131 bilgi almak isteyenlerin www.zeytinkarikaturleri.com linkinden bilgi alabilecekleri belirtildi.<\/p>\n<\/p><\/div>\n<p><script async\n                    defer\n                    crossorigin=\"anonymous\"\n                    src=\"https:\/\/connect.facebook.net\/tr_TR\/sdk.js#xfbml=1&#038;version=v3.3\"\n            ><\/script><\/p>\n","protected":false},"excerpt":{"rendered":"<p>Girne Belediyesi ve K\u0131br\u0131s T\u00fcrk Karikat\u00fcrc\u00fcler Derne\u011fi i\u015f birli\u011finde d\u00fczenlenen 14. Uluslararas\u0131 Karikat\u00fcr Yar\u0131\u015fmas\u0131\u2019na 15 May\u0131s\u2019a kadar ba\u015fvuru kabul edilece\u011fi a\u00e7\u0131kland\u0131. 24. Uluslararas\u0131 Zeytin Festivali Uluslararas\u0131 Zeytin Mizah \u015eenli\u011fi kapsam\u0131nda d\u00fczenlenen yar\u0131\u015fma 18 ya\u015f \u00fcst\u00fc amat\u00f6r veya profesyonel d\u00fcnya karikat\u00fcrc\u00fclerine veya karikat\u00fcr \u00e7izebilen herkese a\u00e7\u0131k. Yar\u0131\u015fmaya g\u00f6nderilecek eserlerin karikat\u00fcr tarz\u0131nda olmas\u0131 gerekiyor. Resim, foto\u011fraf veya [&hellip;]<\/p>\n","protected":false},"author":1,"featured_media":21111,"comment_status":"open","ping_status":"open","sticky":false,"template":"","format":"standard","meta":{"jnews-multi-image_gallery":[],"jnews_single_post":[],"jnews_primary_category":[],"jnews_social_meta":[],"jnews_override_counter":[],"footnotes":""},"categories":[6],"tags":[],"class_list":["post-21110","post","type-post","status-publish","format-standard","has-post-thumbnail","hentry","category-yasam"],"yoast_head":"<!-- This site is optimized with the Yoast SEO plugin v27.4 - https:\/\/yoast.com\/product\/yoast-seo-wordpress\/ -->\n<title>14. Uluslararas\u0131 Karikat\u00fcr Yar\u0131\u015fmas\u0131\u2019na 15 May\u0131s\u2019a kadar eser kabul edilecek - Kuzeyin Sesi<\/title>\n<meta name=\"robots\" content=\"index, follow, max-snippet:-1, max-image-preview:large, max-video-preview:-1\" \/>\n<link rel=\"canonical\" href=\"https:\/\/kuzeyinsesi.org\/index.php\/2025\/03\/17\/14-uluslararasi-karikatur-yarismasina-15-mayisa-kadar-eser-kabul-edilecek\/\" \/>\n<meta property=\"og:locale\" content=\"tr_TR\" \/>\n<meta property=\"og:type\" content=\"article\" \/>\n<meta property=\"og:title\" content=\"14. Uluslararas\u0131 Karikat\u00fcr Yar\u0131\u015fmas\u0131\u2019na 15 May\u0131s\u2019a kadar eser kabul edilecek - Kuzeyin Sesi\" \/>\n<meta property=\"og:description\" content=\"Girne Belediyesi ve K\u0131br\u0131s T\u00fcrk Karikat\u00fcrc\u00fcler Derne\u011fi i\u015f birli\u011finde d\u00fczenlenen 14. Uluslararas\u0131 Karikat\u00fcr Yar\u0131\u015fmas\u0131\u2019na 15 May\u0131s\u2019a kadar ba\u015fvuru kabul edilece\u011fi a\u00e7\u0131kland\u0131. 24. Uluslararas\u0131 Zeytin Festivali Uluslararas\u0131 Zeytin Mizah \u015eenli\u011fi kapsam\u0131nda d\u00fczenlenen yar\u0131\u015fma 18 ya\u015f \u00fcst\u00fc amat\u00f6r veya profesyonel d\u00fcnya karikat\u00fcrc\u00fclerine veya karikat\u00fcr \u00e7izebilen herkese a\u00e7\u0131k. Yar\u0131\u015fmaya g\u00f6nderilecek eserlerin karikat\u00fcr tarz\u0131nda olmas\u0131 gerekiyor. Resim, foto\u011fraf veya [&hellip;]\" \/>\n<meta property=\"og:url\" content=\"https:\/\/kuzeyinsesi.org\/index.php\/2025\/03\/17\/14-uluslararasi-karikatur-yarismasina-15-mayisa-kadar-eser-kabul-edilecek\/\" \/>\n<meta property=\"og:site_name\" content=\"Kuzeyin Sesi\" \/>\n<meta property=\"article:publisher\" content=\"https:\/\/www.facebook.com\/kuzeyinsesii\" \/>\n<meta property=\"article:published_time\" content=\"2025-03-17T14:05:41+00:00\" \/>\n<meta property=\"og:image\" content=\"https:\/\/brtk.net\/wp-content\/uploads\/2025\/03\/17\/o99898988080.jpg?ver=8a4c1b4ce7f17f20c299f46f7a3eeb77\" \/>\n<meta name=\"author\" content=\"Kuzeyin Sesi\" \/>\n<meta name=\"twitter:card\" content=\"summary_large_image\" \/>\n<meta name=\"twitter:creator\" content=\"@kuzeyinsesii\" \/>\n<meta name=\"twitter:site\" content=\"@kuzeyinsesii\" \/>\n<meta name=\"twitter:label1\" content=\"Yazan:\" \/>\n\t<meta name=\"twitter:data1\" content=\"Kuzeyin Sesi\" \/>\n\t<meta name=\"twitter:label2\" content=\"Tahmini okuma s\u00fcresi\" \/>\n\t<meta name=\"twitter:data2\" content=\"1 dakika\" \/>\n<script type=\"application\/ld+json\" class=\"yoast-schema-graph\">{\"@context\":\"https:\\\/\\\/schema.org\",\"@graph\":[{\"@type\":\"Article\",\"@id\":\"https:\\\/\\\/kuzeyinsesi.org\\\/index.php\\\/2025\\\/03\\\/17\\\/14-uluslararasi-karikatur-yarismasina-15-mayisa-kadar-eser-kabul-edilecek\\\/#article\",\"isPartOf\":{\"@id\":\"https:\\\/\\\/kuzeyinsesi.org\\\/index.php\\\/2025\\\/03\\\/17\\\/14-uluslararasi-karikatur-yarismasina-15-mayisa-kadar-eser-kabul-edilecek\\\/\"},\"author\":{\"name\":\"Kuzeyin Sesi\",\"@id\":\"https:\\\/\\\/kuzeyinsesi.org\\\/#\\\/schema\\\/person\\\/9f859689cdf01485597712386e37f5aa\"},\"headline\":\"14. Uluslararas\u0131 Karikat\u00fcr Yar\u0131\u015fmas\u0131\u2019na 15 May\u0131s\u2019a kadar eser kabul edilecek\",\"datePublished\":\"2025-03-17T14:05:41+00:00\",\"mainEntityOfPage\":{\"@id\":\"https:\\\/\\\/kuzeyinsesi.org\\\/index.php\\\/2025\\\/03\\\/17\\\/14-uluslararasi-karikatur-yarismasina-15-mayisa-kadar-eser-kabul-edilecek\\\/\"},\"wordCount\":256,\"commentCount\":0,\"image\":{\"@id\":\"https:\\\/\\\/kuzeyinsesi.org\\\/index.php\\\/2025\\\/03\\\/17\\\/14-uluslararasi-karikatur-yarismasina-15-mayisa-kadar-eser-kabul-edilecek\\\/#primaryimage\"},\"thumbnailUrl\":\"https:\\\/\\\/kuzeyinsesi.org\\\/wp-content\\\/uploads\\\/2025\\\/03\\\/o99898988080.jpg\",\"articleSection\":[\"Ya\u015fam\"],\"inLanguage\":\"tr\",\"potentialAction\":[{\"@type\":\"CommentAction\",\"name\":\"Comment\",\"target\":[\"https:\\\/\\\/kuzeyinsesi.org\\\/index.php\\\/2025\\\/03\\\/17\\\/14-uluslararasi-karikatur-yarismasina-15-mayisa-kadar-eser-kabul-edilecek\\\/#respond\"]}]},{\"@type\":\"WebPage\",\"@id\":\"https:\\\/\\\/kuzeyinsesi.org\\\/index.php\\\/2025\\\/03\\\/17\\\/14-uluslararasi-karikatur-yarismasina-15-mayisa-kadar-eser-kabul-edilecek\\\/\",\"url\":\"https:\\\/\\\/kuzeyinsesi.org\\\/index.php\\\/2025\\\/03\\\/17\\\/14-uluslararasi-karikatur-yarismasina-15-mayisa-kadar-eser-kabul-edilecek\\\/\",\"name\":\"14. Uluslararas\u0131 Karikat\u00fcr Yar\u0131\u015fmas\u0131\u2019na 15 May\u0131s\u2019a kadar eser kabul edilecek - Kuzeyin Sesi\",\"isPartOf\":{\"@id\":\"https:\\\/\\\/kuzeyinsesi.org\\\/#website\"},\"primaryImageOfPage\":{\"@id\":\"https:\\\/\\\/kuzeyinsesi.org\\\/index.php\\\/2025\\\/03\\\/17\\\/14-uluslararasi-karikatur-yarismasina-15-mayisa-kadar-eser-kabul-edilecek\\\/#primaryimage\"},\"image\":{\"@id\":\"https:\\\/\\\/kuzeyinsesi.org\\\/index.php\\\/2025\\\/03\\\/17\\\/14-uluslararasi-karikatur-yarismasina-15-mayisa-kadar-eser-kabul-edilecek\\\/#primaryimage\"},\"thumbnailUrl\":\"https:\\\/\\\/kuzeyinsesi.org\\\/wp-content\\\/uploads\\\/2025\\\/03\\\/o99898988080.jpg\",\"datePublished\":\"2025-03-17T14:05:41+00:00\",\"author\":{\"@id\":\"https:\\\/\\\/kuzeyinsesi.org\\\/#\\\/schema\\\/person\\\/9f859689cdf01485597712386e37f5aa\"},\"breadcrumb\":{\"@id\":\"https:\\\/\\\/kuzeyinsesi.org\\\/index.php\\\/2025\\\/03\\\/17\\\/14-uluslararasi-karikatur-yarismasina-15-mayisa-kadar-eser-kabul-edilecek\\\/#breadcrumb\"},\"inLanguage\":\"tr\",\"potentialAction\":[{\"@type\":\"ReadAction\",\"target\":[\"https:\\\/\\\/kuzeyinsesi.org\\\/index.php\\\/2025\\\/03\\\/17\\\/14-uluslararasi-karikatur-yarismasina-15-mayisa-kadar-eser-kabul-edilecek\\\/\"]}]},{\"@type\":\"ImageObject\",\"inLanguage\":\"tr\",\"@id\":\"https:\\\/\\\/kuzeyinsesi.org\\\/index.php\\\/2025\\\/03\\\/17\\\/14-uluslararasi-karikatur-yarismasina-15-mayisa-kadar-eser-kabul-edilecek\\\/#primaryimage\",\"url\":\"https:\\\/\\\/kuzeyinsesi.org\\\/wp-content\\\/uploads\\\/2025\\\/03\\\/o99898988080.jpg\",\"contentUrl\":\"https:\\\/\\\/kuzeyinsesi.org\\\/wp-content\\\/uploads\\\/2025\\\/03\\\/o99898988080.jpg\",\"width\":633,\"height\":392},{\"@type\":\"BreadcrumbList\",\"@id\":\"https:\\\/\\\/kuzeyinsesi.org\\\/index.php\\\/2025\\\/03\\\/17\\\/14-uluslararasi-karikatur-yarismasina-15-mayisa-kadar-eser-kabul-edilecek\\\/#breadcrumb\",\"itemListElement\":[{\"@type\":\"ListItem\",\"position\":1,\"name\":\"Anasayfa\",\"item\":\"https:\\\/\\\/kuzeyinsesi.org\\\/\"},{\"@type\":\"ListItem\",\"position\":2,\"name\":\"14. Uluslararas\u0131 Karikat\u00fcr Yar\u0131\u015fmas\u0131\u2019na 15 May\u0131s\u2019a kadar eser kabul edilecek\"}]},{\"@type\":\"WebSite\",\"@id\":\"https:\\\/\\\/kuzeyinsesi.org\\\/#website\",\"url\":\"https:\\\/\\\/kuzeyinsesi.org\\\/\",\"name\":\"Kuzeyin Sesi\",\"description\":\"Do\u011fru Haberin Adresi\",\"potentialAction\":[{\"@type\":\"SearchAction\",\"target\":{\"@type\":\"EntryPoint\",\"urlTemplate\":\"https:\\\/\\\/kuzeyinsesi.org\\\/?s={search_term_string}\"},\"query-input\":{\"@type\":\"PropertyValueSpecification\",\"valueRequired\":true,\"valueName\":\"search_term_string\"}}],\"inLanguage\":\"tr\"},{\"@type\":\"Person\",\"@id\":\"https:\\\/\\\/kuzeyinsesi.org\\\/#\\\/schema\\\/person\\\/9f859689cdf01485597712386e37f5aa\",\"name\":\"Kuzeyin Sesi\",\"image\":{\"@type\":\"ImageObject\",\"inLanguage\":\"tr\",\"@id\":\"https:\\\/\\\/secure.gravatar.com\\\/avatar\\\/bab33852abfd8b282518d6ed81826833d77c3c882d9ab608add591ccace47a44?s=96&d=mm&r=g\",\"url\":\"https:\\\/\\\/secure.gravatar.com\\\/avatar\\\/bab33852abfd8b282518d6ed81826833d77c3c882d9ab608add591ccace47a44?s=96&d=mm&r=g\",\"contentUrl\":\"https:\\\/\\\/secure.gravatar.com\\\/avatar\\\/bab33852abfd8b282518d6ed81826833d77c3c882d9ab608add591ccace47a44?s=96&d=mm&r=g\",\"caption\":\"Kuzeyin Sesi\"},\"sameAs\":[\"https:\\\/\\\/kuzeyinsesi.org\"],\"url\":\"https:\\\/\\\/kuzeyinsesi.org\\\/index.php\\\/author\\\/guven\\\/\"}]}<\/script>\n<!-- \/ Yoast SEO plugin. -->","yoast_head_json":{"title":"14. Uluslararas\u0131 Karikat\u00fcr Yar\u0131\u015fmas\u0131\u2019na 15 May\u0131s\u2019a kadar eser kabul edilecek - Kuzeyin Sesi","robots":{"index":"index","follow":"follow","max-snippet":"max-snippet:-1","max-image-preview":"max-image-preview:large","max-video-preview":"max-video-preview:-1"},"canonical":"https:\/\/kuzeyinsesi.org\/index.php\/2025\/03\/17\/14-uluslararasi-karikatur-yarismasina-15-mayisa-kadar-eser-kabul-edilecek\/","og_locale":"tr_TR","og_type":"article","og_title":"14. Uluslararas\u0131 Karikat\u00fcr Yar\u0131\u015fmas\u0131\u2019na 15 May\u0131s\u2019a kadar eser kabul edilecek - Kuzeyin Sesi","og_description":"Girne Belediyesi ve K\u0131br\u0131s T\u00fcrk Karikat\u00fcrc\u00fcler Derne\u011fi i\u015f birli\u011finde d\u00fczenlenen 14. Uluslararas\u0131 Karikat\u00fcr Yar\u0131\u015fmas\u0131\u2019na 15 May\u0131s\u2019a kadar ba\u015fvuru kabul edilece\u011fi a\u00e7\u0131kland\u0131. 24. Uluslararas\u0131 Zeytin Festivali Uluslararas\u0131 Zeytin Mizah \u015eenli\u011fi kapsam\u0131nda d\u00fczenlenen yar\u0131\u015fma 18 ya\u015f \u00fcst\u00fc amat\u00f6r veya profesyonel d\u00fcnya karikat\u00fcrc\u00fclerine veya karikat\u00fcr \u00e7izebilen herkese a\u00e7\u0131k. Yar\u0131\u015fmaya g\u00f6nderilecek eserlerin karikat\u00fcr tarz\u0131nda olmas\u0131 gerekiyor. Resim, foto\u011fraf veya [&hellip;]","og_url":"https:\/\/kuzeyinsesi.org\/index.php\/2025\/03\/17\/14-uluslararasi-karikatur-yarismasina-15-mayisa-kadar-eser-kabul-edilecek\/","og_site_name":"Kuzeyin Sesi","article_publisher":"https:\/\/www.facebook.com\/kuzeyinsesii","article_published_time":"2025-03-17T14:05:41+00:00","og_image":[{"url":"https:\/\/brtk.net\/wp-content\/uploads\/2025\/03\/17\/o99898988080.jpg?ver=8a4c1b4ce7f17f20c299f46f7a3eeb77","type":"","width":"","height":""}],"author":"Kuzeyin Sesi","twitter_card":"summary_large_image","twitter_creator":"@kuzeyinsesii","twitter_site":"@kuzeyinsesii","twitter_misc":{"Yazan:":"Kuzeyin Sesi","Tahmini okuma s\u00fcresi":"1 dakika"},"schema":{"@context":"https:\/\/schema.org","@graph":[{"@type":"Article","@id":"https:\/\/kuzeyinsesi.org\/index.php\/2025\/03\/17\/14-uluslararasi-karikatur-yarismasina-15-mayisa-kadar-eser-kabul-edilecek\/#article","isPartOf":{"@id":"https:\/\/kuzeyinsesi.org\/index.php\/2025\/03\/17\/14-uluslararasi-karikatur-yarismasina-15-mayisa-kadar-eser-kabul-edilecek\/"},"author":{"name":"Kuzeyin Sesi","@id":"https:\/\/kuzeyinsesi.org\/#\/schema\/person\/9f859689cdf01485597712386e37f5aa"},"headline":"14. Uluslararas\u0131 Karikat\u00fcr Yar\u0131\u015fmas\u0131\u2019na 15 May\u0131s\u2019a kadar eser kabul edilecek","datePublished":"2025-03-17T14:05:41+00:00","mainEntityOfPage":{"@id":"https:\/\/kuzeyinsesi.org\/index.php\/2025\/03\/17\/14-uluslararasi-karikatur-yarismasina-15-mayisa-kadar-eser-kabul-edilecek\/"},"wordCount":256,"commentCount":0,"image":{"@id":"https:\/\/kuzeyinsesi.org\/index.php\/2025\/03\/17\/14-uluslararasi-karikatur-yarismasina-15-mayisa-kadar-eser-kabul-edilecek\/#primaryimage"},"thumbnailUrl":"https:\/\/kuzeyinsesi.org\/wp-content\/uploads\/2025\/03\/o99898988080.jpg","articleSection":["Ya\u015fam"],"inLanguage":"tr","potentialAction":[{"@type":"CommentAction","name":"Comment","target":["https:\/\/kuzeyinsesi.org\/index.php\/2025\/03\/17\/14-uluslararasi-karikatur-yarismasina-15-mayisa-kadar-eser-kabul-edilecek\/#respond"]}]},{"@type":"WebPage","@id":"https:\/\/kuzeyinsesi.org\/index.php\/2025\/03\/17\/14-uluslararasi-karikatur-yarismasina-15-mayisa-kadar-eser-kabul-edilecek\/","url":"https:\/\/kuzeyinsesi.org\/index.php\/2025\/03\/17\/14-uluslararasi-karikatur-yarismasina-15-mayisa-kadar-eser-kabul-edilecek\/","name":"14. Uluslararas\u0131 Karikat\u00fcr Yar\u0131\u015fmas\u0131\u2019na 15 May\u0131s\u2019a kadar eser kabul edilecek - Kuzeyin Sesi","isPartOf":{"@id":"https:\/\/kuzeyinsesi.org\/#website"},"primaryImageOfPage":{"@id":"https:\/\/kuzeyinsesi.org\/index.php\/2025\/03\/17\/14-uluslararasi-karikatur-yarismasina-15-mayisa-kadar-eser-kabul-edilecek\/#primaryimage"},"image":{"@id":"https:\/\/kuzeyinsesi.org\/index.php\/2025\/03\/17\/14-uluslararasi-karikatur-yarismasina-15-mayisa-kadar-eser-kabul-edilecek\/#primaryimage"},"thumbnailUrl":"https:\/\/kuzeyinsesi.org\/wp-content\/uploads\/2025\/03\/o99898988080.jpg","datePublished":"2025-03-17T14:05:41+00:00","author":{"@id":"https:\/\/kuzeyinsesi.org\/#\/schema\/person\/9f859689cdf01485597712386e37f5aa"},"breadcrumb":{"@id":"https:\/\/kuzeyinsesi.org\/index.php\/2025\/03\/17\/14-uluslararasi-karikatur-yarismasina-15-mayisa-kadar-eser-kabul-edilecek\/#breadcrumb"},"inLanguage":"tr","potentialAction":[{"@type":"ReadAction","target":["https:\/\/kuzeyinsesi.org\/index.php\/2025\/03\/17\/14-uluslararasi-karikatur-yarismasina-15-mayisa-kadar-eser-kabul-edilecek\/"]}]},{"@type":"ImageObject","inLanguage":"tr","@id":"https:\/\/kuzeyinsesi.org\/index.php\/2025\/03\/17\/14-uluslararasi-karikatur-yarismasina-15-mayisa-kadar-eser-kabul-edilecek\/#primaryimage","url":"https:\/\/kuzeyinsesi.org\/wp-content\/uploads\/2025\/03\/o99898988080.jpg","contentUrl":"https:\/\/kuzeyinsesi.org\/wp-content\/uploads\/2025\/03\/o99898988080.jpg","width":633,"height":392},{"@type":"BreadcrumbList","@id":"https:\/\/kuzeyinsesi.org\/index.php\/2025\/03\/17\/14-uluslararasi-karikatur-yarismasina-15-mayisa-kadar-eser-kabul-edilecek\/#breadcrumb","itemListElement":[{"@type":"ListItem","position":1,"name":"Anasayfa","item":"https:\/\/kuzeyinsesi.org\/"},{"@type":"ListItem","position":2,"name":"14. Uluslararas\u0131 Karikat\u00fcr Yar\u0131\u015fmas\u0131\u2019na 15 May\u0131s\u2019a kadar eser kabul edilecek"}]},{"@type":"WebSite","@id":"https:\/\/kuzeyinsesi.org\/#website","url":"https:\/\/kuzeyinsesi.org\/","name":"Kuzeyin Sesi","description":"Do\u011fru Haberin Adresi","potentialAction":[{"@type":"SearchAction","target":{"@type":"EntryPoint","urlTemplate":"https:\/\/kuzeyinsesi.org\/?s={search_term_string}"},"query-input":{"@type":"PropertyValueSpecification","valueRequired":true,"valueName":"search_term_string"}}],"inLanguage":"tr"},{"@type":"Person","@id":"https:\/\/kuzeyinsesi.org\/#\/schema\/person\/9f859689cdf01485597712386e37f5aa","name":"Kuzeyin Sesi","image":{"@type":"ImageObject","inLanguage":"tr","@id":"https:\/\/secure.gravatar.com\/avatar\/bab33852abfd8b282518d6ed81826833d77c3c882d9ab608add591ccace47a44?s=96&d=mm&r=g","url":"https:\/\/secure.gravatar.com\/avatar\/bab33852abfd8b282518d6ed81826833d77c3c882d9ab608add591ccace47a44?s=96&d=mm&r=g","contentUrl":"https:\/\/secure.gravatar.com\/avatar\/bab33852abfd8b282518d6ed81826833d77c3c882d9ab608add591ccace47a44?s=96&d=mm&r=g","caption":"Kuzeyin Sesi"},"sameAs":["https:\/\/kuzeyinsesi.org"],"url":"https:\/\/kuzeyinsesi.org\/index.php\/author\/guven\/"}]}},"_links":{"self":[{"href":"https:\/\/kuzeyinsesi.org\/index.php\/wp-json\/wp\/v2\/posts\/21110","targetHints":{"allow":["GET"]}}],"collection":[{"href":"https:\/\/kuzeyinsesi.org\/index.php\/wp-json\/wp\/v2\/posts"}],"about":[{"href":"https:\/\/kuzeyinsesi.org\/index.php\/wp-json\/wp\/v2\/types\/post"}],"author":[{"embeddable":true,"href":"https:\/\/kuzeyinsesi.org\/index.php\/wp-json\/wp\/v2\/users\/1"}],"replies":[{"embeddable":true,"href":"https:\/\/kuzeyinsesi.org\/index.php\/wp-json\/wp\/v2\/comments?post=21110"}],"version-history":[{"count":0,"href":"https:\/\/kuzeyinsesi.org\/index.php\/wp-json\/wp\/v2\/posts\/21110\/revisions"}],"wp:featuredmedia":[{"embeddable":true,"href":"https:\/\/kuzeyinsesi.org\/index.php\/wp-json\/wp\/v2\/media\/21111"}],"wp:attachment":[{"href":"https:\/\/kuzeyinsesi.org\/index.php\/wp-json\/wp\/v2\/media?parent=21110"}],"wp:term":[{"taxonomy":"category","embeddable":true,"href":"https:\/\/kuzeyinsesi.org\/index.php\/wp-json\/wp\/v2\/categories?post=21110"},{"taxonomy":"post_tag","embeddable":true,"href":"https:\/\/kuzeyinsesi.org\/index.php\/wp-json\/wp\/v2\/tags?post=21110"}],"curies":[{"name":"wp","href":"https:\/\/api.w.org\/{rel}","templated":true}]}}