{"id":2110,"date":"2024-05-11T18:58:07","date_gmt":"2024-05-11T15:58:07","guid":{"rendered":"https:\/\/kuzeyinsesi.com\/index.php\/2024\/05\/11\/israil-gazzedeki-kara-ve-hava-operasyonlarini-es-zamanli-olarak-genisletiyor\/"},"modified":"2024-05-11T18:58:07","modified_gmt":"2024-05-11T15:58:07","slug":"israil-gazzedeki-kara-ve-hava-operasyonlarini-es-zamanli-olarak-genisletiyor","status":"publish","type":"post","link":"https:\/\/kuzeyinsesi.org\/index.php\/2024\/05\/11\/israil-gazzedeki-kara-ve-hava-operasyonlarini-es-zamanli-olarak-genisletiyor\/","title":{"rendered":"\u0130srail, Gazzedeki kara ve hava operasyonlar\u0131n\u0131 e\u015f zamanl\u0131 olarak geni\u015fletiyor"},"content":{"rendered":"<p><\/p>\n<div>\n<p>&#13;<br \/>\n\t<a href=\"https:\/\/www.trthaber.com\/etiket\/israil\/\" target=\"_blank\" rel=\"noopener\">\u0130srail<\/a> g\u00fc\u00e7leri, <a href=\"https:\/\/www.trthaber.com\/etiket\/gazze\/\" target=\"_blank\" rel=\"noopener\">Gazze<\/a> \u015eeridi&#8217;nin g\u00fcneyindeki Han <a href=\"https:\/\/www.trthaber.com\/etiket\/yunus\/\" target=\"_blank\" rel=\"noopener\">Yunus<\/a> \u015fehrinin do\u011fusundaki b\u00f6lgelere girdi. \u0130srail, Gazze\u2019nin kuzeyinde ya\u015fayanlardan kentin bat\u0131s\u0131na ilerlemelerini istedi.<\/p>\n<p>&#13;<br \/>\n\t\u0130srail\u2019in Gazze \u015eeridi\u2019nin \u00e7e\u015fitli b\u00f6lgelerini hedef alan kara ve hava sald\u0131r\u0131lar\u0131nda onlarca ki\u015fi hayat\u0131n\u0131 kaybetti, onlarcas\u0131 yaraland\u0131.<\/p>\n<p>&#13;<br \/>\n\t<strong>Kara operasyonlar\u0131 ve tahliye kararlar\u0131<\/strong><\/p>\n<p>&#13;<br \/>\n\t\u0130srail ordusu, Refah kentine y\u00f6nelik operasyonlar\u0131n\u0131n geni\u015fletilmemesine ili\u015fkin uluslararas\u0131 uyar\u0131lara ra\u011fmen, bu sabah, Refah\u2019\u0131n merkezindeki ailelerin kenti acilen bo\u015faltmas\u0131n\u0131 istedi.<\/p>\n<p>&#13;<br \/>\n\t\u0130srail <a href=\"https:\/\/www.trthaber.com\/etiket\/ordu\/\" target=\"_blank\" rel=\"noopener\">Ordu<\/a> S\u00f6zc\u00fcs\u00fc Avichay Adraee, X sosyal <a href=\"https:\/\/www.trthaber.com\/etiket\/medya\/\" target=\"_blank\" rel=\"noopener\">medya<\/a> platformundan yapt\u0131\u011f\u0131 payla\u015f\u0131mda \u0130srail ordusunun Hamas&#8217;a sald\u0131r\u0131 ba\u015flataca\u011f\u0131n\u0131 bu nedenle s\u00f6z konusu b\u00f6lgelerde ya\u015fayanlar\u0131n belirlenen &#8220;g\u00fcvenli b\u00f6lgelere&#8221; y\u00f6nelmeleri \u00e7a\u011fr\u0131s\u0131nda bulundu.<\/p>\n<p>&#13;<br \/>\n\tAdraee, Refah kentinin do\u011fusundaki \u015eabbura ve Refah kamplar\u0131, \u0130dari, El-Cenine ve H\u0131rbet Ads gibi mahallelerdeki yerinden edilmi\u015f Filistinlilerin derhal El-Mevasi b\u00f6lgesine gitmelerini talep etti.<\/p>\n<p>&#13;<br \/>\n\t\u0130srailli S\u00f6zc\u00fc, Gazze \u015eeridi&#8217;nin kuzeyindeki Cibaliya b\u00f6lgesi, Selam, Nur, Tel Zater, Beyt Lahiya, Cibaliya Kamp\u0131, \u0130zbet Mellin, Ravda, Nuzhe, El-Cerin, Nahda ve Zuhur mahallelerindeki Filistinlilerin de bulunduklar\u0131 yerlerden \u00e7\u0131kmalar\u0131 ve kentin bat\u0131s\u0131na ge\u00e7meleri gerekti\u011fini kaydetti.<\/p>\n<p>&#13;<br \/>\n\tKuzeydeki Filistinlilerin, tel \u00f6rg\u00fclere yakla\u015fmalar\u0131n\u0131n yasak oldu\u011funu aktaran Adraee, payla\u015f\u0131m\u0131nda bo\u015falt\u0131lmas\u0131 istenen b\u00f6lgelerin haritalar\u0131na da yer verdi.<\/p>\n<p>&#13;<br \/>\n\t\u0130srail\u2019in Filistinlilerin y\u00f6nelmesini istedi\u011fi ve g\u00fcvenli b\u00f6lge olarak adland\u0131rd\u0131\u011f\u0131 alan; alt yap\u0131, elektrik, ileti\u015fim, internet gibi hizmetlerin bulunmad\u0131\u011f\u0131, seralar ve kumluk alanlarla b\u00f6l\u00fcnm\u00fc\u015f yerle\u015fime elveri\u015fsiz bir b\u00f6lgeden olu\u015fuyor.<\/p>\n<p>&#13;<br \/>\n\tG\u00f6rg\u00fc tan\u0131klar\u0131n\u0131n ve yerel Filistinli kaynaklar\u0131n ifadesine g\u00f6re, Refah&#8217;\u0131n do\u011fusunda Filistinli direni\u015f gruplar\u0131 ile \u0130srail g\u00fc\u00e7leri aras\u0131ndaki \u00e7at\u0131\u015fmalar g\u00fcnlerdir aral\u0131klarla devam ediyor.<\/p>\n<p>&#13;<br \/>\n\tRefah S\u0131n\u0131r Kap\u0131s\u0131 \u00e7evresinden dumanlar y\u00fckselirken, kentin do\u011fusundaki b\u00f6lgelerde zaman zaman kar\u015f\u0131l\u0131kl\u0131 silah sesleri ve \u0130srail top\u00e7ular\u0131n\u0131n sald\u0131r\u0131lar\u0131 duyuluyor.<\/p>\n<p>&#13;<br \/>\n\tHamas&#8217;\u0131n askeri kanad\u0131 \u0130zzeddin el-Kassam Tugaylar\u0131&#8217;ndan 10 May\u0131s\u2019ta yap\u0131lan a\u00e7\u0131klamada, &#8220;Refah&#8217;\u0131n do\u011fusundaki Deva Camisi yak\u0131n\u0131nda \u00e7e\u015fitli ve e\u015f zamanl\u0131 sald\u0131r\u0131lar ger\u00e7ekle\u015ftirildi\u011fi&#8221; ifade edildi. \u0130srail askerlerinin bulundu\u011fu bir bina ile askeri ara\u00e7lar\u0131n Yasin tanksavar roketleriyle vuruldu\u011fu, \u0130srail askerleri aras\u0131nda \u00f6l\u00fc ve yaral\u0131lar\u0131n oldu\u011fu kaydedildi.<\/p>\n<p>&#13;<br \/>\n\tA\u00e7\u0131klamada, \u0130zzeddin el-Kassam\u2019\u0131n, \u0130srail ordusu ve askeri ara\u00e7lar\u0131n\u0131 hedef alan sald\u0131r\u0131lar\u0131 sonucu baz\u0131 \u0130srail g\u00fc\u00e7lerinin Saad Sayil K\u0131\u015flas\u0131 b\u00f6lgesinde do\u011fuya doru \u00e7ekilmek zorunda kald\u0131\u011f\u0131 belirtildi.<\/p>\n<p>&#13;<br \/>\n\tKassam Tugaylar\u0131&#8217;n\u0131n bu sabah, \u0130srail ordusuna ait z\u0131rhl\u0131 bir personel ta\u015f\u0131y\u0131c\u0131y\u0131 105 milimetrelik &#8220;Yasin&#8221; tanksavar roketleriyle vurdu\u011fu aktar\u0131ld\u0131.<\/p>\n<p>&#13;<br \/>\n\t<strong>Filistinlilerin bar\u0131nacak yerleri kalmad\u0131<\/strong><\/p>\n<p>&#13;<br \/>\n\t\u0130srail sald\u0131r\u0131lar\u0131n\u0131n ba\u015flad\u0131\u011f\u0131 g\u00fcnden bu yana Gazze \u015eeridi\u2019nin bat\u0131s\u0131ndaki yerle\u015fim yerleri neredeyse tamamen yok edildi\u011finden \u0130srail\u2019in Gazze\u2019nin kuzeyinden tehcir ettirdi\u011fi y\u00fcz binlerce Filistinlinin bar\u0131nacak ve s\u0131\u011f\u0131nacak yerleri kalmad\u0131.<\/p>\n<p>&#13;<br \/>\n\t\u0130srail g\u00fc\u00e7leri, Gazze \u015eeridi&#8217;nin g\u00fcneyindeki Han Yunus \u015fehrinin do\u011fusundaki el-Ferahin b\u00f6lgesine sald\u0131r\u0131 ba\u015flatt\u0131.<\/p>\n<p>&#13;<br \/>\n\tG\u00f6rg\u00fc tan\u0131klar\u0131na g\u00f6re, daha \u00f6nceki sald\u0131r\u0131lar\u0131nda yerle bir edilen Han Yunus\u2019un do\u011fusundaki b\u00f6lgeler yo\u011fun ate\u015fe maruz kald\u0131.<\/p>\n<p>&#13;<br \/>\n\tYine Gazze kentine ba\u011fl\u0131 Ez-Zeytun ve Es-Sabra mahallelerinde cuma g\u00fcn\u00fc 2 eve d\u00fczenlenen sald\u0131r\u0131larda da \u00e7ok say\u0131da \u00f6len ve yaralanan oldu.<\/p>\n<p>&#13;<br \/>\n\tGazze \u015eeridi&#8217;nin orta kesimindeki sald\u0131r\u0131lar\u0131n hedefi ise Ez-Zevayide beldesi ile En-Nuseyrat M\u00fclteci Kamp\u0131 oldu. Buralardaki sald\u0131r\u0131larda da \u00e7ok say\u0131da ki\u015fi \u00f6ld\u00fc ve yaraland\u0131.<\/p>\n<p>&#13;<br \/>\n\t\u0130zzeddin el-Kassam Tugaylar\u0131, d\u00fcn, ez-Zeytun Mahallesi\u2019nde bir \u0130srail subay\u0131n\u0131 keskin ni\u015fanc\u0131 ate\u015fiyle vurduklar\u0131n\u0131 bildirdi.<\/p>\n<p>&#13;<br \/>\n\t<strong>Hava bombard\u0131manlar\u0131<\/strong><\/p>\n<p>&#13;<br \/>\n\t\u0130srail <a href=\"https:\/\/www.trthaber.com\/etiket\/savas\/\" target=\"_blank\" rel=\"noopener\">sava\u015f<\/a> u\u00e7aklar\u0131 ve top\u00e7ular\u0131n\u0131n, d\u00fcn gece ve cumartesi sabah\u0131 Gazze \u015eeridi&#8217;ndeki t\u00fcm kentleri hedef alan sald\u0131r\u0131lar\u0131nda \u00e7o\u011funlu\u011fu \u00e7ocuk ve kad\u0131n olmak \u00fczere onlarca ki\u015fi \u00f6ld\u00fc, onlarca ki\u015fi yaraland\u0131.<\/p>\n<p>&#13;<br \/>\n\tGazze \u015eeridi&#8217;nin orta kesimindeki Deyr el-Belah kentindeki <a href=\"https:\/\/www.trthaber.com\/etiket\/mescid-i-aksa\/\" target=\"_blank\" rel=\"noopener\">Mescid-i Aksa<\/a> \u015eehitleri Hastanesi&#8217;ndeki sa\u011fl\u0131k kaynaklar\u0131, \u0130srail&#8217;in sald\u0131r\u0131lar\u0131 sonucu hastaneye \u00e7o\u011fu \u00e7ocuk 21 \u00f6l\u00fc ve onlarca yaral\u0131n\u0131n getirildi\u011fini aktard\u0131.<\/p>\n<p>&#13;<br \/>\n\tG\u00f6rg\u00fc tan\u0131klar\u0131, Zevaide kasabas\u0131nda bir evin hedef al\u0131nd\u0131\u011f\u0131 bombard\u0131manda da 5&#8217;i \u00e7ocuk ve 3&#8217;\u00fc kad\u0131n olmak \u00fczere 9 Filistinlinin \u00f6ld\u00fc\u011f\u00fcn\u00fc ifade etti.<\/p>\n<p>&#13;<br \/>\n\tMe\u011fazi Kamp\u0131\u2019na d\u00fczenlenen hava sald\u0131r\u0131s\u0131nda ise 4\u2019\u00fc kad\u0131n 5 ki\u015fi \u00f6ld\u00fc. Ez-Zeytun Mahallesi, Zevaide kasabas\u0131 ve Me\u011fazi Kamp\u0131\u2019ndaki evlerin hedef al\u0131nd\u0131\u011f\u0131 di\u011fer sald\u0131r\u0131larda da 10\u2019dan fazla Filistin \u00f6ld\u00fc, onlarcas\u0131 yaraland\u0131.<\/p>\n<p>&#13;<br \/>\n\tCibaliye Kamp\u0131\u2019ndaki el-Kasasib Mahallesi\u2019nde bir eve d\u00fczenlenen sald\u0131r\u0131da da \u00f6len ve yaralananlar oldu.<\/p>\n<p>&#13;<br \/>\n\t\u0130srail sava\u015f u\u00e7aklar\u0131n\u0131n Gazze \u015eeridi\u2019nin kuzeyindeki Beyt Lahiya semtinde 3 ailenin evini hedef ald\u0131\u011f\u0131 sald\u0131r\u0131larda da \u00e7ok say\u0131da \u00f6len ve yaralanan oldu.<\/p>\n<p>&#13;<br \/>\n\t\u0130srail&#8217;in karadan ve havadan yo\u011fun bombard\u0131man alt\u0131nda tuttu\u011fu Gazze\u2019nin kuzeyindeki Beyt Lahiya\u2019daki Kemal Advan Hastanesi&#8217;ndeki ismini a\u00e7\u0131klanmas\u0131n\u0131 istemeyen bir yetkili de cumartesi sabah\u0131 hastaneye 6 \u00f6l\u00fc ile \u00e7ok say\u0131da yaral\u0131n\u0131n getirildi\u011fini bildirdi.<\/p>\n<\/p><\/div>\n","protected":false},"excerpt":{"rendered":"<p>&#13; \u0130srail g\u00fc\u00e7leri, Gazze \u015eeridi&#8217;nin g\u00fcneyindeki Han Yunus \u015fehrinin do\u011fusundaki b\u00f6lgelere girdi. \u0130srail, Gazze\u2019nin kuzeyinde ya\u015fayanlardan kentin bat\u0131s\u0131na ilerlemelerini istedi. &#13; \u0130srail\u2019in Gazze \u015eeridi\u2019nin \u00e7e\u015fitli b\u00f6lgelerini hedef alan kara ve hava sald\u0131r\u0131lar\u0131nda onlarca ki\u015fi hayat\u0131n\u0131 kaybetti, onlarcas\u0131 yaraland\u0131. &#13; Kara operasyonlar\u0131 ve tahliye kararlar\u0131 &#13; \u0130srail ordusu, Refah kentine y\u00f6nelik operasyonlar\u0131n\u0131n geni\u015fletilmemesine ili\u015fkin uluslararas\u0131 uyar\u0131lara [&hellip;]<\/p>\n","protected":false},"author":1,"featured_media":2111,"comment_status":"open","ping_status":"open","sticky":false,"template":"","format":"standard","meta":{"jnews-multi-image_gallery":[],"jnews_single_post":[],"jnews_primary_category":[],"jnews_social_meta":[],"jnews_override_counter":[],"footnotes":""},"categories":[2],"tags":[],"class_list":["post-2110","post","type-post","status-publish","format-standard","has-post-thumbnail","hentry","category-dunya"],"yoast_head":"<!-- This site is optimized with the Yoast SEO plugin v27.5 - https:\/\/yoast.com\/product\/yoast-seo-wordpress\/ -->\n<title>\u0130srail, Gazzedeki kara ve hava operasyonlar\u0131n\u0131 e\u015f zamanl\u0131 olarak geni\u015fletiyor - Kuzeyin Sesi<\/title>\n<meta name=\"robots\" content=\"index, follow, max-snippet:-1, max-image-preview:large, max-video-preview:-1\" \/>\n<link rel=\"canonical\" href=\"https:\/\/kuzeyinsesi.org\/index.php\/2024\/05\/11\/israil-gazzedeki-kara-ve-hava-operasyonlarini-es-zamanli-olarak-genisletiyor\/\" \/>\n<meta property=\"og:locale\" content=\"tr_TR\" \/>\n<meta property=\"og:type\" content=\"article\" \/>\n<meta property=\"og:title\" content=\"\u0130srail, Gazzedeki kara ve hava operasyonlar\u0131n\u0131 e\u015f zamanl\u0131 olarak geni\u015fletiyor - Kuzeyin Sesi\" \/>\n<meta property=\"og:description\" content=\"&#013; \u0130srail g\u00fc\u00e7leri, Gazze \u015eeridi&#8217;nin g\u00fcneyindeki Han Yunus \u015fehrinin do\u011fusundaki b\u00f6lgelere girdi. \u0130srail, Gazze\u2019nin kuzeyinde ya\u015fayanlardan kentin bat\u0131s\u0131na ilerlemelerini istedi. &#013; \u0130srail\u2019in Gazze \u015eeridi\u2019nin \u00e7e\u015fitli b\u00f6lgelerini hedef alan kara ve hava sald\u0131r\u0131lar\u0131nda onlarca ki\u015fi hayat\u0131n\u0131 kaybetti, onlarcas\u0131 yaraland\u0131. &#013; Kara operasyonlar\u0131 ve tahliye kararlar\u0131 &#013; \u0130srail ordusu, Refah kentine y\u00f6nelik operasyonlar\u0131n\u0131n geni\u015fletilmemesine ili\u015fkin uluslararas\u0131 uyar\u0131lara [&hellip;]\" \/>\n<meta property=\"og:url\" content=\"https:\/\/kuzeyinsesi.org\/index.php\/2024\/05\/11\/israil-gazzedeki-kara-ve-hava-operasyonlarini-es-zamanli-olarak-genisletiyor\/\" \/>\n<meta property=\"og:site_name\" content=\"Kuzeyin Sesi\" \/>\n<meta property=\"article:publisher\" content=\"https:\/\/www.facebook.com\/kuzeyinsesii\" \/>\n<meta property=\"article:published_time\" content=\"2024-05-11T15:58:07+00:00\" \/>\n<meta property=\"og:image\" content=\"https:\/\/kuzeyinsesi.org\/wp-content\/uploads\/2024\/05\/israil-ordu-asker-afp-2122483.jpg\" \/>\n\t<meta property=\"og:image:width\" content=\"1280\" \/>\n\t<meta property=\"og:image:height\" content=\"720\" \/>\n\t<meta property=\"og:image:type\" content=\"image\/jpeg\" \/>\n<meta name=\"author\" content=\"Kuzeyin Sesi\" \/>\n<meta name=\"twitter:card\" content=\"summary_large_image\" \/>\n<meta name=\"twitter:creator\" content=\"@kuzeyinsesii\" \/>\n<meta name=\"twitter:site\" content=\"@kuzeyinsesii\" \/>\n<meta name=\"twitter:label1\" content=\"Yazan:\" \/>\n\t<meta name=\"twitter:data1\" content=\"Kuzeyin Sesi\" \/>\n\t<meta name=\"twitter:label2\" content=\"Tahmini okuma s\u00fcresi\" \/>\n\t<meta name=\"twitter:data2\" content=\"4 dakika\" \/>\n<script type=\"application\/ld+json\" class=\"yoast-schema-graph\">{\"@context\":\"https:\\\/\\\/schema.org\",\"@graph\":[{\"@type\":\"Article\",\"@id\":\"https:\\\/\\\/kuzeyinsesi.org\\\/index.php\\\/2024\\\/05\\\/11\\\/israil-gazzedeki-kara-ve-hava-operasyonlarini-es-zamanli-olarak-genisletiyor\\\/#article\",\"isPartOf\":{\"@id\":\"https:\\\/\\\/kuzeyinsesi.org\\\/index.php\\\/2024\\\/05\\\/11\\\/israil-gazzedeki-kara-ve-hava-operasyonlarini-es-zamanli-olarak-genisletiyor\\\/\"},\"author\":{\"name\":\"Kuzeyin Sesi\",\"@id\":\"https:\\\/\\\/kuzeyinsesi.org\\\/#\\\/schema\\\/person\\\/9f859689cdf01485597712386e37f5aa\"},\"headline\":\"\u0130srail, Gazzedeki kara ve hava operasyonlar\u0131n\u0131 e\u015f zamanl\u0131 olarak geni\u015fletiyor\",\"datePublished\":\"2024-05-11T15:58:07+00:00\",\"mainEntityOfPage\":{\"@id\":\"https:\\\/\\\/kuzeyinsesi.org\\\/index.php\\\/2024\\\/05\\\/11\\\/israil-gazzedeki-kara-ve-hava-operasyonlarini-es-zamanli-olarak-genisletiyor\\\/\"},\"wordCount\":897,\"commentCount\":0,\"image\":{\"@id\":\"https:\\\/\\\/kuzeyinsesi.org\\\/index.php\\\/2024\\\/05\\\/11\\\/israil-gazzedeki-kara-ve-hava-operasyonlarini-es-zamanli-olarak-genisletiyor\\\/#primaryimage\"},\"thumbnailUrl\":\"https:\\\/\\\/kuzeyinsesi.org\\\/wp-content\\\/uploads\\\/2024\\\/05\\\/israil-ordu-asker-afp-2122483.jpg\",\"articleSection\":[\"D\u00fcnya\"],\"inLanguage\":\"tr\",\"potentialAction\":[{\"@type\":\"CommentAction\",\"name\":\"Comment\",\"target\":[\"https:\\\/\\\/kuzeyinsesi.org\\\/index.php\\\/2024\\\/05\\\/11\\\/israil-gazzedeki-kara-ve-hava-operasyonlarini-es-zamanli-olarak-genisletiyor\\\/#respond\"]}]},{\"@type\":\"WebPage\",\"@id\":\"https:\\\/\\\/kuzeyinsesi.org\\\/index.php\\\/2024\\\/05\\\/11\\\/israil-gazzedeki-kara-ve-hava-operasyonlarini-es-zamanli-olarak-genisletiyor\\\/\",\"url\":\"https:\\\/\\\/kuzeyinsesi.org\\\/index.php\\\/2024\\\/05\\\/11\\\/israil-gazzedeki-kara-ve-hava-operasyonlarini-es-zamanli-olarak-genisletiyor\\\/\",\"name\":\"\u0130srail, Gazzedeki kara ve hava operasyonlar\u0131n\u0131 e\u015f zamanl\u0131 olarak geni\u015fletiyor - Kuzeyin Sesi\",\"isPartOf\":{\"@id\":\"https:\\\/\\\/kuzeyinsesi.org\\\/#website\"},\"primaryImageOfPage\":{\"@id\":\"https:\\\/\\\/kuzeyinsesi.org\\\/index.php\\\/2024\\\/05\\\/11\\\/israil-gazzedeki-kara-ve-hava-operasyonlarini-es-zamanli-olarak-genisletiyor\\\/#primaryimage\"},\"image\":{\"@id\":\"https:\\\/\\\/kuzeyinsesi.org\\\/index.php\\\/2024\\\/05\\\/11\\\/israil-gazzedeki-kara-ve-hava-operasyonlarini-es-zamanli-olarak-genisletiyor\\\/#primaryimage\"},\"thumbnailUrl\":\"https:\\\/\\\/kuzeyinsesi.org\\\/wp-content\\\/uploads\\\/2024\\\/05\\\/israil-ordu-asker-afp-2122483.jpg\",\"datePublished\":\"2024-05-11T15:58:07+00:00\",\"author\":{\"@id\":\"https:\\\/\\\/kuzeyinsesi.org\\\/#\\\/schema\\\/person\\\/9f859689cdf01485597712386e37f5aa\"},\"breadcrumb\":{\"@id\":\"https:\\\/\\\/kuzeyinsesi.org\\\/index.php\\\/2024\\\/05\\\/11\\\/israil-gazzedeki-kara-ve-hava-operasyonlarini-es-zamanli-olarak-genisletiyor\\\/#breadcrumb\"},\"inLanguage\":\"tr\",\"potentialAction\":[{\"@type\":\"ReadAction\",\"target\":[\"https:\\\/\\\/kuzeyinsesi.org\\\/index.php\\\/2024\\\/05\\\/11\\\/israil-gazzedeki-kara-ve-hava-operasyonlarini-es-zamanli-olarak-genisletiyor\\\/\"]}]},{\"@type\":\"ImageObject\",\"inLanguage\":\"tr\",\"@id\":\"https:\\\/\\\/kuzeyinsesi.org\\\/index.php\\\/2024\\\/05\\\/11\\\/israil-gazzedeki-kara-ve-hava-operasyonlarini-es-zamanli-olarak-genisletiyor\\\/#primaryimage\",\"url\":\"https:\\\/\\\/kuzeyinsesi.org\\\/wp-content\\\/uploads\\\/2024\\\/05\\\/israil-ordu-asker-afp-2122483.jpg\",\"contentUrl\":\"https:\\\/\\\/kuzeyinsesi.org\\\/wp-content\\\/uploads\\\/2024\\\/05\\\/israil-ordu-asker-afp-2122483.jpg\",\"width\":1280,\"height\":720},{\"@type\":\"BreadcrumbList\",\"@id\":\"https:\\\/\\\/kuzeyinsesi.org\\\/index.php\\\/2024\\\/05\\\/11\\\/israil-gazzedeki-kara-ve-hava-operasyonlarini-es-zamanli-olarak-genisletiyor\\\/#breadcrumb\",\"itemListElement\":[{\"@type\":\"ListItem\",\"position\":1,\"name\":\"Anasayfa\",\"item\":\"https:\\\/\\\/kuzeyinsesi.org\\\/\"},{\"@type\":\"ListItem\",\"position\":2,\"name\":\"\u0130srail, Gazzedeki kara ve hava operasyonlar\u0131n\u0131 e\u015f zamanl\u0131 olarak geni\u015fletiyor\"}]},{\"@type\":\"WebSite\",\"@id\":\"https:\\\/\\\/kuzeyinsesi.org\\\/#website\",\"url\":\"https:\\\/\\\/kuzeyinsesi.org\\\/\",\"name\":\"Kuzeyin Sesi\",\"description\":\"Do\u011fru Haberin Adresi\",\"potentialAction\":[{\"@type\":\"SearchAction\",\"target\":{\"@type\":\"EntryPoint\",\"urlTemplate\":\"https:\\\/\\\/kuzeyinsesi.org\\\/?s={search_term_string}\"},\"query-input\":{\"@type\":\"PropertyValueSpecification\",\"valueRequired\":true,\"valueName\":\"search_term_string\"}}],\"inLanguage\":\"tr\"},{\"@type\":\"Person\",\"@id\":\"https:\\\/\\\/kuzeyinsesi.org\\\/#\\\/schema\\\/person\\\/9f859689cdf01485597712386e37f5aa\",\"name\":\"Kuzeyin Sesi\",\"image\":{\"@type\":\"ImageObject\",\"inLanguage\":\"tr\",\"@id\":\"https:\\\/\\\/secure.gravatar.com\\\/avatar\\\/bab33852abfd8b282518d6ed81826833d77c3c882d9ab608add591ccace47a44?s=96&d=mm&r=g\",\"url\":\"https:\\\/\\\/secure.gravatar.com\\\/avatar\\\/bab33852abfd8b282518d6ed81826833d77c3c882d9ab608add591ccace47a44?s=96&d=mm&r=g\",\"contentUrl\":\"https:\\\/\\\/secure.gravatar.com\\\/avatar\\\/bab33852abfd8b282518d6ed81826833d77c3c882d9ab608add591ccace47a44?s=96&d=mm&r=g\",\"caption\":\"Kuzeyin Sesi\"},\"sameAs\":[\"https:\\\/\\\/kuzeyinsesi.org\"],\"url\":\"https:\\\/\\\/kuzeyinsesi.org\\\/index.php\\\/author\\\/guven\\\/\"}]}<\/script>\n<!-- \/ Yoast SEO plugin. -->","yoast_head_json":{"title":"\u0130srail, Gazzedeki kara ve hava operasyonlar\u0131n\u0131 e\u015f zamanl\u0131 olarak geni\u015fletiyor - Kuzeyin Sesi","robots":{"index":"index","follow":"follow","max-snippet":"max-snippet:-1","max-image-preview":"max-image-preview:large","max-video-preview":"max-video-preview:-1"},"canonical":"https:\/\/kuzeyinsesi.org\/index.php\/2024\/05\/11\/israil-gazzedeki-kara-ve-hava-operasyonlarini-es-zamanli-olarak-genisletiyor\/","og_locale":"tr_TR","og_type":"article","og_title":"\u0130srail, Gazzedeki kara ve hava operasyonlar\u0131n\u0131 e\u015f zamanl\u0131 olarak geni\u015fletiyor - Kuzeyin Sesi","og_description":"&#13; \u0130srail g\u00fc\u00e7leri, Gazze \u015eeridi&#8217;nin g\u00fcneyindeki Han Yunus \u015fehrinin do\u011fusundaki b\u00f6lgelere girdi. \u0130srail, Gazze\u2019nin kuzeyinde ya\u015fayanlardan kentin bat\u0131s\u0131na ilerlemelerini istedi. &#13; \u0130srail\u2019in Gazze \u015eeridi\u2019nin \u00e7e\u015fitli b\u00f6lgelerini hedef alan kara ve hava sald\u0131r\u0131lar\u0131nda onlarca ki\u015fi hayat\u0131n\u0131 kaybetti, onlarcas\u0131 yaraland\u0131. &#13; Kara operasyonlar\u0131 ve tahliye kararlar\u0131 &#13; \u0130srail ordusu, Refah kentine y\u00f6nelik operasyonlar\u0131n\u0131n geni\u015fletilmemesine ili\u015fkin uluslararas\u0131 uyar\u0131lara [&hellip;]","og_url":"https:\/\/kuzeyinsesi.org\/index.php\/2024\/05\/11\/israil-gazzedeki-kara-ve-hava-operasyonlarini-es-zamanli-olarak-genisletiyor\/","og_site_name":"Kuzeyin Sesi","article_publisher":"https:\/\/www.facebook.com\/kuzeyinsesii","article_published_time":"2024-05-11T15:58:07+00:00","og_image":[{"width":1280,"height":720,"url":"https:\/\/kuzeyinsesi.org\/wp-content\/uploads\/2024\/05\/israil-ordu-asker-afp-2122483.jpg","type":"image\/jpeg"}],"author":"Kuzeyin Sesi","twitter_card":"summary_large_image","twitter_creator":"@kuzeyinsesii","twitter_site":"@kuzeyinsesii","twitter_misc":{"Yazan:":"Kuzeyin Sesi","Tahmini okuma s\u00fcresi":"4 dakika"},"schema":{"@context":"https:\/\/schema.org","@graph":[{"@type":"Article","@id":"https:\/\/kuzeyinsesi.org\/index.php\/2024\/05\/11\/israil-gazzedeki-kara-ve-hava-operasyonlarini-es-zamanli-olarak-genisletiyor\/#article","isPartOf":{"@id":"https:\/\/kuzeyinsesi.org\/index.php\/2024\/05\/11\/israil-gazzedeki-kara-ve-hava-operasyonlarini-es-zamanli-olarak-genisletiyor\/"},"author":{"name":"Kuzeyin Sesi","@id":"https:\/\/kuzeyinsesi.org\/#\/schema\/person\/9f859689cdf01485597712386e37f5aa"},"headline":"\u0130srail, Gazzedeki kara ve hava operasyonlar\u0131n\u0131 e\u015f zamanl\u0131 olarak geni\u015fletiyor","datePublished":"2024-05-11T15:58:07+00:00","mainEntityOfPage":{"@id":"https:\/\/kuzeyinsesi.org\/index.php\/2024\/05\/11\/israil-gazzedeki-kara-ve-hava-operasyonlarini-es-zamanli-olarak-genisletiyor\/"},"wordCount":897,"commentCount":0,"image":{"@id":"https:\/\/kuzeyinsesi.org\/index.php\/2024\/05\/11\/israil-gazzedeki-kara-ve-hava-operasyonlarini-es-zamanli-olarak-genisletiyor\/#primaryimage"},"thumbnailUrl":"https:\/\/kuzeyinsesi.org\/wp-content\/uploads\/2024\/05\/israil-ordu-asker-afp-2122483.jpg","articleSection":["D\u00fcnya"],"inLanguage":"tr","potentialAction":[{"@type":"CommentAction","name":"Comment","target":["https:\/\/kuzeyinsesi.org\/index.php\/2024\/05\/11\/israil-gazzedeki-kara-ve-hava-operasyonlarini-es-zamanli-olarak-genisletiyor\/#respond"]}]},{"@type":"WebPage","@id":"https:\/\/kuzeyinsesi.org\/index.php\/2024\/05\/11\/israil-gazzedeki-kara-ve-hava-operasyonlarini-es-zamanli-olarak-genisletiyor\/","url":"https:\/\/kuzeyinsesi.org\/index.php\/2024\/05\/11\/israil-gazzedeki-kara-ve-hava-operasyonlarini-es-zamanli-olarak-genisletiyor\/","name":"\u0130srail, Gazzedeki kara ve hava operasyonlar\u0131n\u0131 e\u015f zamanl\u0131 olarak geni\u015fletiyor - Kuzeyin Sesi","isPartOf":{"@id":"https:\/\/kuzeyinsesi.org\/#website"},"primaryImageOfPage":{"@id":"https:\/\/kuzeyinsesi.org\/index.php\/2024\/05\/11\/israil-gazzedeki-kara-ve-hava-operasyonlarini-es-zamanli-olarak-genisletiyor\/#primaryimage"},"image":{"@id":"https:\/\/kuzeyinsesi.org\/index.php\/2024\/05\/11\/israil-gazzedeki-kara-ve-hava-operasyonlarini-es-zamanli-olarak-genisletiyor\/#primaryimage"},"thumbnailUrl":"https:\/\/kuzeyinsesi.org\/wp-content\/uploads\/2024\/05\/israil-ordu-asker-afp-2122483.jpg","datePublished":"2024-05-11T15:58:07+00:00","author":{"@id":"https:\/\/kuzeyinsesi.org\/#\/schema\/person\/9f859689cdf01485597712386e37f5aa"},"breadcrumb":{"@id":"https:\/\/kuzeyinsesi.org\/index.php\/2024\/05\/11\/israil-gazzedeki-kara-ve-hava-operasyonlarini-es-zamanli-olarak-genisletiyor\/#breadcrumb"},"inLanguage":"tr","potentialAction":[{"@type":"ReadAction","target":["https:\/\/kuzeyinsesi.org\/index.php\/2024\/05\/11\/israil-gazzedeki-kara-ve-hava-operasyonlarini-es-zamanli-olarak-genisletiyor\/"]}]},{"@type":"ImageObject","inLanguage":"tr","@id":"https:\/\/kuzeyinsesi.org\/index.php\/2024\/05\/11\/israil-gazzedeki-kara-ve-hava-operasyonlarini-es-zamanli-olarak-genisletiyor\/#primaryimage","url":"https:\/\/kuzeyinsesi.org\/wp-content\/uploads\/2024\/05\/israil-ordu-asker-afp-2122483.jpg","contentUrl":"https:\/\/kuzeyinsesi.org\/wp-content\/uploads\/2024\/05\/israil-ordu-asker-afp-2122483.jpg","width":1280,"height":720},{"@type":"BreadcrumbList","@id":"https:\/\/kuzeyinsesi.org\/index.php\/2024\/05\/11\/israil-gazzedeki-kara-ve-hava-operasyonlarini-es-zamanli-olarak-genisletiyor\/#breadcrumb","itemListElement":[{"@type":"ListItem","position":1,"name":"Anasayfa","item":"https:\/\/kuzeyinsesi.org\/"},{"@type":"ListItem","position":2,"name":"\u0130srail, Gazzedeki kara ve hava operasyonlar\u0131n\u0131 e\u015f zamanl\u0131 olarak geni\u015fletiyor"}]},{"@type":"WebSite","@id":"https:\/\/kuzeyinsesi.org\/#website","url":"https:\/\/kuzeyinsesi.org\/","name":"Kuzeyin Sesi","description":"Do\u011fru Haberin Adresi","potentialAction":[{"@type":"SearchAction","target":{"@type":"EntryPoint","urlTemplate":"https:\/\/kuzeyinsesi.org\/?s={search_term_string}"},"query-input":{"@type":"PropertyValueSpecification","valueRequired":true,"valueName":"search_term_string"}}],"inLanguage":"tr"},{"@type":"Person","@id":"https:\/\/kuzeyinsesi.org\/#\/schema\/person\/9f859689cdf01485597712386e37f5aa","name":"Kuzeyin Sesi","image":{"@type":"ImageObject","inLanguage":"tr","@id":"https:\/\/secure.gravatar.com\/avatar\/bab33852abfd8b282518d6ed81826833d77c3c882d9ab608add591ccace47a44?s=96&d=mm&r=g","url":"https:\/\/secure.gravatar.com\/avatar\/bab33852abfd8b282518d6ed81826833d77c3c882d9ab608add591ccace47a44?s=96&d=mm&r=g","contentUrl":"https:\/\/secure.gravatar.com\/avatar\/bab33852abfd8b282518d6ed81826833d77c3c882d9ab608add591ccace47a44?s=96&d=mm&r=g","caption":"Kuzeyin Sesi"},"sameAs":["https:\/\/kuzeyinsesi.org"],"url":"https:\/\/kuzeyinsesi.org\/index.php\/author\/guven\/"}]}},"_links":{"self":[{"href":"https:\/\/kuzeyinsesi.org\/index.php\/wp-json\/wp\/v2\/posts\/2110","targetHints":{"allow":["GET"]}}],"collection":[{"href":"https:\/\/kuzeyinsesi.org\/index.php\/wp-json\/wp\/v2\/posts"}],"about":[{"href":"https:\/\/kuzeyinsesi.org\/index.php\/wp-json\/wp\/v2\/types\/post"}],"author":[{"embeddable":true,"href":"https:\/\/kuzeyinsesi.org\/index.php\/wp-json\/wp\/v2\/users\/1"}],"replies":[{"embeddable":true,"href":"https:\/\/kuzeyinsesi.org\/index.php\/wp-json\/wp\/v2\/comments?post=2110"}],"version-history":[{"count":0,"href":"https:\/\/kuzeyinsesi.org\/index.php\/wp-json\/wp\/v2\/posts\/2110\/revisions"}],"wp:featuredmedia":[{"embeddable":true,"href":"https:\/\/kuzeyinsesi.org\/index.php\/wp-json\/wp\/v2\/media\/2111"}],"wp:attachment":[{"href":"https:\/\/kuzeyinsesi.org\/index.php\/wp-json\/wp\/v2\/media?parent=2110"}],"wp:term":[{"taxonomy":"category","embeddable":true,"href":"https:\/\/kuzeyinsesi.org\/index.php\/wp-json\/wp\/v2\/categories?post=2110"},{"taxonomy":"post_tag","embeddable":true,"href":"https:\/\/kuzeyinsesi.org\/index.php\/wp-json\/wp\/v2\/tags?post=2110"}],"curies":[{"name":"wp","href":"https:\/\/api.w.org\/{rel}","templated":true}]}}