{"id":21096,"date":"2025-03-17T14:02:26","date_gmt":"2025-03-17T12:02:26","guid":{"rendered":"https:\/\/kuzeyinsesi.org\/index.php\/2025\/03\/17\/fogemin-kendi-yolumuzda-calisarak-ureterek-adli-folklor-soleni-yapildi\/"},"modified":"2025-03-17T14:02:26","modified_gmt":"2025-03-17T12:02:26","slug":"fogemin-kendi-yolumuzda-calisarak-ureterek-adli-folklor-soleni-yapildi","status":"publish","type":"post","link":"https:\/\/kuzeyinsesi.org\/index.php\/2025\/03\/17\/fogemin-kendi-yolumuzda-calisarak-ureterek-adli-folklor-soleni-yapildi\/","title":{"rendered":"FOGEM\u2019in \u201cKendi Yolumuzda, \u00c7al\u0131\u015farak, \u00dcreterek\u201d adl\u0131 folklor \u015f\u00f6leni yap\u0131ld\u0131"},"content":{"rendered":"<div>\n<div class=\"mariselle-image-container center\">\n                                            <\/div>\n<p>Lefko\u015fa Folklor ve Gen\u00e7lik Merkezi (FOGEM) taraf\u0131ndan d\u00fczenlenen \u201cKendi Yolumuzda, \u00c7al\u0131\u015farak, \u00dcreterek\u201d adl\u0131 folklor \u015f\u00f6leni, 12 ve 14 Mart tarihlerinde Yak\u0131n Do\u011fu \u00dcniversitesi Atat\u00fcrk K\u00fclt\u00fcr ve Kongre Merkezi\u2019nde yap\u0131ld\u0131.<\/p>\n<p>FOGEM\u2019den yap\u0131lan a\u00e7\u0131klamaya g\u00f6re FOGEM\u2019den farkl\u0131 ya\u015f gruplar\u0131ndan olu\u015fan sekiz ekibinin ve 175 dans\u00e7\u0131n\u0131n sahne ald\u0131\u011f\u0131 gecede, K\u0131br\u0131s T\u00fcrk halk danslar\u0131n\u0131n yan\u0131nda modern dans \u00f6\u011felerinin de yer ald\u0131\u011f\u0131 performanslar sahnelendi.<\/p>\n<p>Gecede, \u201cKaranl\u0131ktan Ate\u015fe\u201d adl\u0131 modern dans g\u00f6sterisi ve \u201cDans\u0131n R\u00fcyas\u0131\u201d isimli, d\u00fcnya danslar\u0131 ile K\u0131br\u0131s T\u00fcrk halk danslar\u0131n\u0131n harmanland\u0131\u011f\u0131 modernize halk danslar\u0131, izleyicilerden b\u00fcy\u00fck alk\u0131\u015f ald\u0131.<\/p>\n<p>\u015e\u00f6lende, FOGEM Ritim Grubu\u2019nun Ferazat G\u00fcrsoy e\u015fli\u011finde S\u0131la 4 \u015fark\u0131lar\u0131yla sundu\u011fu performans izleyicilere nostaljik anlar ya\u015fatt\u0131.<\/p>\n<p>Folklor \u015f\u00f6leninin, izleyicilerin yo\u011fun talebi \u00fczerine 4 Nisan\u2019da yeniden sahnelenece\u011fi duyuruldu.<\/p>\n<\/p><\/div>\n<p><script async\n                    defer\n                    crossorigin=\"anonymous\"\n                    src=\"https:\/\/connect.facebook.net\/tr_TR\/sdk.js#xfbml=1&#038;version=v3.3\"\n            ><\/script><\/p>\n","protected":false},"excerpt":{"rendered":"<p>Lefko\u015fa Folklor ve Gen\u00e7lik Merkezi (FOGEM) taraf\u0131ndan d\u00fczenlenen \u201cKendi Yolumuzda, \u00c7al\u0131\u015farak, \u00dcreterek\u201d adl\u0131 folklor \u015f\u00f6leni, 12 ve 14 Mart tarihlerinde Yak\u0131n Do\u011fu \u00dcniversitesi Atat\u00fcrk K\u00fclt\u00fcr ve Kongre Merkezi\u2019nde yap\u0131ld\u0131. FOGEM\u2019den yap\u0131lan a\u00e7\u0131klamaya g\u00f6re FOGEM\u2019den farkl\u0131 ya\u015f gruplar\u0131ndan olu\u015fan sekiz ekibinin ve 175 dans\u00e7\u0131n\u0131n sahne ald\u0131\u011f\u0131 gecede, K\u0131br\u0131s T\u00fcrk halk danslar\u0131n\u0131n yan\u0131nda modern dans \u00f6\u011felerinin de [&hellip;]<\/p>\n","protected":false},"author":1,"featured_media":21097,"comment_status":"open","ping_status":"open","sticky":false,"template":"","format":"standard","meta":{"jnews-multi-image_gallery":[],"jnews_single_post":[],"jnews_primary_category":[],"jnews_social_meta":[],"jnews_override_counter":[],"footnotes":""},"categories":[6],"tags":[],"class_list":["post-21096","post","type-post","status-publish","format-standard","has-post-thumbnail","hentry","category-yasam"],"yoast_head":"<!-- This site is optimized with the Yoast SEO plugin v27.4 - https:\/\/yoast.com\/product\/yoast-seo-wordpress\/ -->\n<title>FOGEM\u2019in \u201cKendi Yolumuzda, \u00c7al\u0131\u015farak, \u00dcreterek\u201d adl\u0131 folklor \u015f\u00f6leni yap\u0131ld\u0131 - Kuzeyin Sesi<\/title>\n<meta name=\"robots\" content=\"index, follow, max-snippet:-1, max-image-preview:large, max-video-preview:-1\" \/>\n<link rel=\"canonical\" href=\"https:\/\/kuzeyinsesi.org\/index.php\/2025\/03\/17\/fogemin-kendi-yolumuzda-calisarak-ureterek-adli-folklor-soleni-yapildi\/\" \/>\n<meta property=\"og:locale\" content=\"tr_TR\" \/>\n<meta property=\"og:type\" content=\"article\" \/>\n<meta property=\"og:title\" content=\"FOGEM\u2019in \u201cKendi Yolumuzda, \u00c7al\u0131\u015farak, \u00dcreterek\u201d adl\u0131 folklor \u015f\u00f6leni yap\u0131ld\u0131 - Kuzeyin Sesi\" \/>\n<meta property=\"og:description\" content=\"Lefko\u015fa Folklor ve Gen\u00e7lik Merkezi (FOGEM) taraf\u0131ndan d\u00fczenlenen \u201cKendi Yolumuzda, \u00c7al\u0131\u015farak, \u00dcreterek\u201d adl\u0131 folklor \u015f\u00f6leni, 12 ve 14 Mart tarihlerinde Yak\u0131n Do\u011fu \u00dcniversitesi Atat\u00fcrk K\u00fclt\u00fcr ve Kongre Merkezi\u2019nde yap\u0131ld\u0131. FOGEM\u2019den yap\u0131lan a\u00e7\u0131klamaya g\u00f6re FOGEM\u2019den farkl\u0131 ya\u015f gruplar\u0131ndan olu\u015fan sekiz ekibinin ve 175 dans\u00e7\u0131n\u0131n sahne ald\u0131\u011f\u0131 gecede, K\u0131br\u0131s T\u00fcrk halk danslar\u0131n\u0131n yan\u0131nda modern dans \u00f6\u011felerinin de [&hellip;]\" \/>\n<meta property=\"og:url\" content=\"https:\/\/kuzeyinsesi.org\/index.php\/2025\/03\/17\/fogemin-kendi-yolumuzda-calisarak-ureterek-adli-folklor-soleni-yapildi\/\" \/>\n<meta property=\"og:site_name\" content=\"Kuzeyin Sesi\" \/>\n<meta property=\"article:publisher\" content=\"https:\/\/www.facebook.com\/kuzeyinsesii\" \/>\n<meta property=\"article:published_time\" content=\"2025-03-17T12:02:26+00:00\" \/>\n<meta property=\"og:image\" content=\"https:\/\/brtk.net\/wp-content\/uploads\/2025\/03\/17\/080980.jpg?ver=9f7569cb13e8de0fe33719df6b799652\" \/>\n<meta name=\"author\" content=\"Kuzeyin Sesi\" \/>\n<meta name=\"twitter:card\" content=\"summary_large_image\" \/>\n<meta name=\"twitter:creator\" content=\"@kuzeyinsesii\" \/>\n<meta name=\"twitter:site\" content=\"@kuzeyinsesii\" \/>\n<meta name=\"twitter:label1\" content=\"Yazan:\" \/>\n\t<meta name=\"twitter:data1\" content=\"Kuzeyin Sesi\" \/>\n\t<meta name=\"twitter:label2\" content=\"Tahmini okuma s\u00fcresi\" \/>\n\t<meta name=\"twitter:data2\" content=\"1 dakika\" \/>\n<script type=\"application\/ld+json\" class=\"yoast-schema-graph\">{\"@context\":\"https:\\\/\\\/schema.org\",\"@graph\":[{\"@type\":\"Article\",\"@id\":\"https:\\\/\\\/kuzeyinsesi.org\\\/index.php\\\/2025\\\/03\\\/17\\\/fogemin-kendi-yolumuzda-calisarak-ureterek-adli-folklor-soleni-yapildi\\\/#article\",\"isPartOf\":{\"@id\":\"https:\\\/\\\/kuzeyinsesi.org\\\/index.php\\\/2025\\\/03\\\/17\\\/fogemin-kendi-yolumuzda-calisarak-ureterek-adli-folklor-soleni-yapildi\\\/\"},\"author\":{\"name\":\"Kuzeyin Sesi\",\"@id\":\"https:\\\/\\\/kuzeyinsesi.org\\\/#\\\/schema\\\/person\\\/9f859689cdf01485597712386e37f5aa\"},\"headline\":\"FOGEM\u2019in \u201cKendi Yolumuzda, \u00c7al\u0131\u015farak, \u00dcreterek\u201d adl\u0131 folklor \u015f\u00f6leni yap\u0131ld\u0131\",\"datePublished\":\"2025-03-17T12:02:26+00:00\",\"mainEntityOfPage\":{\"@id\":\"https:\\\/\\\/kuzeyinsesi.org\\\/index.php\\\/2025\\\/03\\\/17\\\/fogemin-kendi-yolumuzda-calisarak-ureterek-adli-folklor-soleni-yapildi\\\/\"},\"wordCount\":171,\"commentCount\":0,\"image\":{\"@id\":\"https:\\\/\\\/kuzeyinsesi.org\\\/index.php\\\/2025\\\/03\\\/17\\\/fogemin-kendi-yolumuzda-calisarak-ureterek-adli-folklor-soleni-yapildi\\\/#primaryimage\"},\"thumbnailUrl\":\"https:\\\/\\\/kuzeyinsesi.org\\\/wp-content\\\/uploads\\\/2025\\\/03\\\/080980.jpg\",\"articleSection\":[\"Ya\u015fam\"],\"inLanguage\":\"tr\",\"potentialAction\":[{\"@type\":\"CommentAction\",\"name\":\"Comment\",\"target\":[\"https:\\\/\\\/kuzeyinsesi.org\\\/index.php\\\/2025\\\/03\\\/17\\\/fogemin-kendi-yolumuzda-calisarak-ureterek-adli-folklor-soleni-yapildi\\\/#respond\"]}]},{\"@type\":\"WebPage\",\"@id\":\"https:\\\/\\\/kuzeyinsesi.org\\\/index.php\\\/2025\\\/03\\\/17\\\/fogemin-kendi-yolumuzda-calisarak-ureterek-adli-folklor-soleni-yapildi\\\/\",\"url\":\"https:\\\/\\\/kuzeyinsesi.org\\\/index.php\\\/2025\\\/03\\\/17\\\/fogemin-kendi-yolumuzda-calisarak-ureterek-adli-folklor-soleni-yapildi\\\/\",\"name\":\"FOGEM\u2019in \u201cKendi Yolumuzda, \u00c7al\u0131\u015farak, \u00dcreterek\u201d adl\u0131 folklor \u015f\u00f6leni yap\u0131ld\u0131 - Kuzeyin Sesi\",\"isPartOf\":{\"@id\":\"https:\\\/\\\/kuzeyinsesi.org\\\/#website\"},\"primaryImageOfPage\":{\"@id\":\"https:\\\/\\\/kuzeyinsesi.org\\\/index.php\\\/2025\\\/03\\\/17\\\/fogemin-kendi-yolumuzda-calisarak-ureterek-adli-folklor-soleni-yapildi\\\/#primaryimage\"},\"image\":{\"@id\":\"https:\\\/\\\/kuzeyinsesi.org\\\/index.php\\\/2025\\\/03\\\/17\\\/fogemin-kendi-yolumuzda-calisarak-ureterek-adli-folklor-soleni-yapildi\\\/#primaryimage\"},\"thumbnailUrl\":\"https:\\\/\\\/kuzeyinsesi.org\\\/wp-content\\\/uploads\\\/2025\\\/03\\\/080980.jpg\",\"datePublished\":\"2025-03-17T12:02:26+00:00\",\"author\":{\"@id\":\"https:\\\/\\\/kuzeyinsesi.org\\\/#\\\/schema\\\/person\\\/9f859689cdf01485597712386e37f5aa\"},\"breadcrumb\":{\"@id\":\"https:\\\/\\\/kuzeyinsesi.org\\\/index.php\\\/2025\\\/03\\\/17\\\/fogemin-kendi-yolumuzda-calisarak-ureterek-adli-folklor-soleni-yapildi\\\/#breadcrumb\"},\"inLanguage\":\"tr\",\"potentialAction\":[{\"@type\":\"ReadAction\",\"target\":[\"https:\\\/\\\/kuzeyinsesi.org\\\/index.php\\\/2025\\\/03\\\/17\\\/fogemin-kendi-yolumuzda-calisarak-ureterek-adli-folklor-soleni-yapildi\\\/\"]}]},{\"@type\":\"ImageObject\",\"inLanguage\":\"tr\",\"@id\":\"https:\\\/\\\/kuzeyinsesi.org\\\/index.php\\\/2025\\\/03\\\/17\\\/fogemin-kendi-yolumuzda-calisarak-ureterek-adli-folklor-soleni-yapildi\\\/#primaryimage\",\"url\":\"https:\\\/\\\/kuzeyinsesi.org\\\/wp-content\\\/uploads\\\/2025\\\/03\\\/080980.jpg\",\"contentUrl\":\"https:\\\/\\\/kuzeyinsesi.org\\\/wp-content\\\/uploads\\\/2025\\\/03\\\/080980.jpg\",\"width\":1920,\"height\":1080},{\"@type\":\"BreadcrumbList\",\"@id\":\"https:\\\/\\\/kuzeyinsesi.org\\\/index.php\\\/2025\\\/03\\\/17\\\/fogemin-kendi-yolumuzda-calisarak-ureterek-adli-folklor-soleni-yapildi\\\/#breadcrumb\",\"itemListElement\":[{\"@type\":\"ListItem\",\"position\":1,\"name\":\"Anasayfa\",\"item\":\"https:\\\/\\\/kuzeyinsesi.org\\\/\"},{\"@type\":\"ListItem\",\"position\":2,\"name\":\"FOGEM\u2019in \u201cKendi Yolumuzda, \u00c7al\u0131\u015farak, \u00dcreterek\u201d adl\u0131 folklor \u015f\u00f6leni yap\u0131ld\u0131\"}]},{\"@type\":\"WebSite\",\"@id\":\"https:\\\/\\\/kuzeyinsesi.org\\\/#website\",\"url\":\"https:\\\/\\\/kuzeyinsesi.org\\\/\",\"name\":\"Kuzeyin Sesi\",\"description\":\"Do\u011fru Haberin Adresi\",\"potentialAction\":[{\"@type\":\"SearchAction\",\"target\":{\"@type\":\"EntryPoint\",\"urlTemplate\":\"https:\\\/\\\/kuzeyinsesi.org\\\/?s={search_term_string}\"},\"query-input\":{\"@type\":\"PropertyValueSpecification\",\"valueRequired\":true,\"valueName\":\"search_term_string\"}}],\"inLanguage\":\"tr\"},{\"@type\":\"Person\",\"@id\":\"https:\\\/\\\/kuzeyinsesi.org\\\/#\\\/schema\\\/person\\\/9f859689cdf01485597712386e37f5aa\",\"name\":\"Kuzeyin Sesi\",\"image\":{\"@type\":\"ImageObject\",\"inLanguage\":\"tr\",\"@id\":\"https:\\\/\\\/secure.gravatar.com\\\/avatar\\\/bab33852abfd8b282518d6ed81826833d77c3c882d9ab608add591ccace47a44?s=96&d=mm&r=g\",\"url\":\"https:\\\/\\\/secure.gravatar.com\\\/avatar\\\/bab33852abfd8b282518d6ed81826833d77c3c882d9ab608add591ccace47a44?s=96&d=mm&r=g\",\"contentUrl\":\"https:\\\/\\\/secure.gravatar.com\\\/avatar\\\/bab33852abfd8b282518d6ed81826833d77c3c882d9ab608add591ccace47a44?s=96&d=mm&r=g\",\"caption\":\"Kuzeyin Sesi\"},\"sameAs\":[\"https:\\\/\\\/kuzeyinsesi.org\"],\"url\":\"https:\\\/\\\/kuzeyinsesi.org\\\/index.php\\\/author\\\/guven\\\/\"}]}<\/script>\n<!-- \/ Yoast SEO plugin. -->","yoast_head_json":{"title":"FOGEM\u2019in \u201cKendi Yolumuzda, \u00c7al\u0131\u015farak, \u00dcreterek\u201d adl\u0131 folklor \u015f\u00f6leni yap\u0131ld\u0131 - Kuzeyin Sesi","robots":{"index":"index","follow":"follow","max-snippet":"max-snippet:-1","max-image-preview":"max-image-preview:large","max-video-preview":"max-video-preview:-1"},"canonical":"https:\/\/kuzeyinsesi.org\/index.php\/2025\/03\/17\/fogemin-kendi-yolumuzda-calisarak-ureterek-adli-folklor-soleni-yapildi\/","og_locale":"tr_TR","og_type":"article","og_title":"FOGEM\u2019in \u201cKendi Yolumuzda, \u00c7al\u0131\u015farak, \u00dcreterek\u201d adl\u0131 folklor \u015f\u00f6leni yap\u0131ld\u0131 - Kuzeyin Sesi","og_description":"Lefko\u015fa Folklor ve Gen\u00e7lik Merkezi (FOGEM) taraf\u0131ndan d\u00fczenlenen \u201cKendi Yolumuzda, \u00c7al\u0131\u015farak, \u00dcreterek\u201d adl\u0131 folklor \u015f\u00f6leni, 12 ve 14 Mart tarihlerinde Yak\u0131n Do\u011fu \u00dcniversitesi Atat\u00fcrk K\u00fclt\u00fcr ve Kongre Merkezi\u2019nde yap\u0131ld\u0131. FOGEM\u2019den yap\u0131lan a\u00e7\u0131klamaya g\u00f6re FOGEM\u2019den farkl\u0131 ya\u015f gruplar\u0131ndan olu\u015fan sekiz ekibinin ve 175 dans\u00e7\u0131n\u0131n sahne ald\u0131\u011f\u0131 gecede, K\u0131br\u0131s T\u00fcrk halk danslar\u0131n\u0131n yan\u0131nda modern dans \u00f6\u011felerinin de [&hellip;]","og_url":"https:\/\/kuzeyinsesi.org\/index.php\/2025\/03\/17\/fogemin-kendi-yolumuzda-calisarak-ureterek-adli-folklor-soleni-yapildi\/","og_site_name":"Kuzeyin Sesi","article_publisher":"https:\/\/www.facebook.com\/kuzeyinsesii","article_published_time":"2025-03-17T12:02:26+00:00","og_image":[{"url":"https:\/\/brtk.net\/wp-content\/uploads\/2025\/03\/17\/080980.jpg?ver=9f7569cb13e8de0fe33719df6b799652","type":"","width":"","height":""}],"author":"Kuzeyin Sesi","twitter_card":"summary_large_image","twitter_creator":"@kuzeyinsesii","twitter_site":"@kuzeyinsesii","twitter_misc":{"Yazan:":"Kuzeyin Sesi","Tahmini okuma s\u00fcresi":"1 dakika"},"schema":{"@context":"https:\/\/schema.org","@graph":[{"@type":"Article","@id":"https:\/\/kuzeyinsesi.org\/index.php\/2025\/03\/17\/fogemin-kendi-yolumuzda-calisarak-ureterek-adli-folklor-soleni-yapildi\/#article","isPartOf":{"@id":"https:\/\/kuzeyinsesi.org\/index.php\/2025\/03\/17\/fogemin-kendi-yolumuzda-calisarak-ureterek-adli-folklor-soleni-yapildi\/"},"author":{"name":"Kuzeyin Sesi","@id":"https:\/\/kuzeyinsesi.org\/#\/schema\/person\/9f859689cdf01485597712386e37f5aa"},"headline":"FOGEM\u2019in \u201cKendi Yolumuzda, \u00c7al\u0131\u015farak, \u00dcreterek\u201d adl\u0131 folklor \u015f\u00f6leni yap\u0131ld\u0131","datePublished":"2025-03-17T12:02:26+00:00","mainEntityOfPage":{"@id":"https:\/\/kuzeyinsesi.org\/index.php\/2025\/03\/17\/fogemin-kendi-yolumuzda-calisarak-ureterek-adli-folklor-soleni-yapildi\/"},"wordCount":171,"commentCount":0,"image":{"@id":"https:\/\/kuzeyinsesi.org\/index.php\/2025\/03\/17\/fogemin-kendi-yolumuzda-calisarak-ureterek-adli-folklor-soleni-yapildi\/#primaryimage"},"thumbnailUrl":"https:\/\/kuzeyinsesi.org\/wp-content\/uploads\/2025\/03\/080980.jpg","articleSection":["Ya\u015fam"],"inLanguage":"tr","potentialAction":[{"@type":"CommentAction","name":"Comment","target":["https:\/\/kuzeyinsesi.org\/index.php\/2025\/03\/17\/fogemin-kendi-yolumuzda-calisarak-ureterek-adli-folklor-soleni-yapildi\/#respond"]}]},{"@type":"WebPage","@id":"https:\/\/kuzeyinsesi.org\/index.php\/2025\/03\/17\/fogemin-kendi-yolumuzda-calisarak-ureterek-adli-folklor-soleni-yapildi\/","url":"https:\/\/kuzeyinsesi.org\/index.php\/2025\/03\/17\/fogemin-kendi-yolumuzda-calisarak-ureterek-adli-folklor-soleni-yapildi\/","name":"FOGEM\u2019in \u201cKendi Yolumuzda, \u00c7al\u0131\u015farak, \u00dcreterek\u201d adl\u0131 folklor \u015f\u00f6leni yap\u0131ld\u0131 - Kuzeyin Sesi","isPartOf":{"@id":"https:\/\/kuzeyinsesi.org\/#website"},"primaryImageOfPage":{"@id":"https:\/\/kuzeyinsesi.org\/index.php\/2025\/03\/17\/fogemin-kendi-yolumuzda-calisarak-ureterek-adli-folklor-soleni-yapildi\/#primaryimage"},"image":{"@id":"https:\/\/kuzeyinsesi.org\/index.php\/2025\/03\/17\/fogemin-kendi-yolumuzda-calisarak-ureterek-adli-folklor-soleni-yapildi\/#primaryimage"},"thumbnailUrl":"https:\/\/kuzeyinsesi.org\/wp-content\/uploads\/2025\/03\/080980.jpg","datePublished":"2025-03-17T12:02:26+00:00","author":{"@id":"https:\/\/kuzeyinsesi.org\/#\/schema\/person\/9f859689cdf01485597712386e37f5aa"},"breadcrumb":{"@id":"https:\/\/kuzeyinsesi.org\/index.php\/2025\/03\/17\/fogemin-kendi-yolumuzda-calisarak-ureterek-adli-folklor-soleni-yapildi\/#breadcrumb"},"inLanguage":"tr","potentialAction":[{"@type":"ReadAction","target":["https:\/\/kuzeyinsesi.org\/index.php\/2025\/03\/17\/fogemin-kendi-yolumuzda-calisarak-ureterek-adli-folklor-soleni-yapildi\/"]}]},{"@type":"ImageObject","inLanguage":"tr","@id":"https:\/\/kuzeyinsesi.org\/index.php\/2025\/03\/17\/fogemin-kendi-yolumuzda-calisarak-ureterek-adli-folklor-soleni-yapildi\/#primaryimage","url":"https:\/\/kuzeyinsesi.org\/wp-content\/uploads\/2025\/03\/080980.jpg","contentUrl":"https:\/\/kuzeyinsesi.org\/wp-content\/uploads\/2025\/03\/080980.jpg","width":1920,"height":1080},{"@type":"BreadcrumbList","@id":"https:\/\/kuzeyinsesi.org\/index.php\/2025\/03\/17\/fogemin-kendi-yolumuzda-calisarak-ureterek-adli-folklor-soleni-yapildi\/#breadcrumb","itemListElement":[{"@type":"ListItem","position":1,"name":"Anasayfa","item":"https:\/\/kuzeyinsesi.org\/"},{"@type":"ListItem","position":2,"name":"FOGEM\u2019in \u201cKendi Yolumuzda, \u00c7al\u0131\u015farak, \u00dcreterek\u201d adl\u0131 folklor \u015f\u00f6leni yap\u0131ld\u0131"}]},{"@type":"WebSite","@id":"https:\/\/kuzeyinsesi.org\/#website","url":"https:\/\/kuzeyinsesi.org\/","name":"Kuzeyin Sesi","description":"Do\u011fru Haberin Adresi","potentialAction":[{"@type":"SearchAction","target":{"@type":"EntryPoint","urlTemplate":"https:\/\/kuzeyinsesi.org\/?s={search_term_string}"},"query-input":{"@type":"PropertyValueSpecification","valueRequired":true,"valueName":"search_term_string"}}],"inLanguage":"tr"},{"@type":"Person","@id":"https:\/\/kuzeyinsesi.org\/#\/schema\/person\/9f859689cdf01485597712386e37f5aa","name":"Kuzeyin Sesi","image":{"@type":"ImageObject","inLanguage":"tr","@id":"https:\/\/secure.gravatar.com\/avatar\/bab33852abfd8b282518d6ed81826833d77c3c882d9ab608add591ccace47a44?s=96&d=mm&r=g","url":"https:\/\/secure.gravatar.com\/avatar\/bab33852abfd8b282518d6ed81826833d77c3c882d9ab608add591ccace47a44?s=96&d=mm&r=g","contentUrl":"https:\/\/secure.gravatar.com\/avatar\/bab33852abfd8b282518d6ed81826833d77c3c882d9ab608add591ccace47a44?s=96&d=mm&r=g","caption":"Kuzeyin Sesi"},"sameAs":["https:\/\/kuzeyinsesi.org"],"url":"https:\/\/kuzeyinsesi.org\/index.php\/author\/guven\/"}]}},"_links":{"self":[{"href":"https:\/\/kuzeyinsesi.org\/index.php\/wp-json\/wp\/v2\/posts\/21096","targetHints":{"allow":["GET"]}}],"collection":[{"href":"https:\/\/kuzeyinsesi.org\/index.php\/wp-json\/wp\/v2\/posts"}],"about":[{"href":"https:\/\/kuzeyinsesi.org\/index.php\/wp-json\/wp\/v2\/types\/post"}],"author":[{"embeddable":true,"href":"https:\/\/kuzeyinsesi.org\/index.php\/wp-json\/wp\/v2\/users\/1"}],"replies":[{"embeddable":true,"href":"https:\/\/kuzeyinsesi.org\/index.php\/wp-json\/wp\/v2\/comments?post=21096"}],"version-history":[{"count":0,"href":"https:\/\/kuzeyinsesi.org\/index.php\/wp-json\/wp\/v2\/posts\/21096\/revisions"}],"wp:featuredmedia":[{"embeddable":true,"href":"https:\/\/kuzeyinsesi.org\/index.php\/wp-json\/wp\/v2\/media\/21097"}],"wp:attachment":[{"href":"https:\/\/kuzeyinsesi.org\/index.php\/wp-json\/wp\/v2\/media?parent=21096"}],"wp:term":[{"taxonomy":"category","embeddable":true,"href":"https:\/\/kuzeyinsesi.org\/index.php\/wp-json\/wp\/v2\/categories?post=21096"},{"taxonomy":"post_tag","embeddable":true,"href":"https:\/\/kuzeyinsesi.org\/index.php\/wp-json\/wp\/v2\/tags?post=21096"}],"curies":[{"name":"wp","href":"https:\/\/api.w.org\/{rel}","templated":true}]}}