{"id":21084,"date":"2025-03-17T13:00:19","date_gmt":"2025-03-17T11:00:19","guid":{"rendered":"https:\/\/kuzeyinsesi.org\/index.php\/2025\/03\/17\/turk-dunyasi-novruz-festivali-20-22-martta-yapiliyor\/"},"modified":"2025-03-17T13:00:19","modified_gmt":"2025-03-17T11:00:19","slug":"turk-dunyasi-novruz-festivali-20-22-martta-yapiliyor","status":"publish","type":"post","link":"https:\/\/kuzeyinsesi.org\/index.php\/2025\/03\/17\/turk-dunyasi-novruz-festivali-20-22-martta-yapiliyor\/","title":{"rendered":"\u201cT\u00fcrk D\u00fcnyas\u0131 Novruz Festivali\u201d 20-22 Mart\u2019ta yap\u0131l\u0131yor"},"content":{"rendered":"<div>\n<div class=\"mariselle-image-container center\">\n                                            <\/div>\n<p>Azerbaycan Devlet Diaspora Ba\u015fkanl\u0131\u011f\u0131, Azerbaycan-K\u0131br\u0131s Dostluk Cemiyeti ve Haydar Aliyev Uluslararas\u0131 K\u00fclt\u00fcr Merkezi, 20-22 Mart tarihleri aras\u0131nda Uluslararas\u0131 Final \u00dcniversitesi, Do\u011fu Akdeniz \u00dcniversitesi ve Haydar Aliyev Uluslararas\u0131 K\u00fclt\u00fcr Merkezi\u2019nde \u201cT\u00fcrk D\u00fcnyas\u0131 Novruz Festivali\u201d ger\u00e7ekle\u015ftirecek. Festivalde, T\u00fcrk Cumhuriyetlerinden devlet sanat\u00e7\u0131lar\u0131 konser verecek.<\/p>\n<p>Azerbaycan K\u0131br\u0131s Dostluk Cemiyeti\u2019nden yap\u0131lan a\u00e7\u0131klamaya g\u00f6re, etkinli\u011fe T\u00fcrkiye Cumhuriyeti Lefko\u015fa B\u00fcy\u00fckel\u00e7ili\u011fi, Turizm, K\u00fclt\u00fcr, Gen\u00e7lik ve \u00c7evre Bakanl\u0131\u011f\u0131, T\u00dcRKSOY, T\u0130KA, Yunus Emre Enstit\u00fcs\u00fc, Uluslararas\u0131 Final \u00dcniversitesi ve Do\u011fu Akdeniz \u00dcniversitesi de destek sa\u011fl\u0131yor.<\/p>\n<p>Etkinli\u011fe TBMM T\u00fcrkiye-Azerbaycan Parlamentolararas\u0131 Dostluk Grubu Ba\u015fkan\u0131 \u015eamil Ayr\u0131m, TBMM -KKTC Parlamentolararas\u0131 Dostluk Grubu Ba\u015fkan\u0131 Orhan Erdem ve Grup \u00dcyeleri Milletvekili Ahmet Erba\u015f ve Milletvekili H\u00fcseyin Yaman ile T\u00fcrkiye Cumhuriyeti Cumhurba\u015fkanl\u0131\u011f\u0131 G\u00fcvenlik ve D\u0131\u015f Politikalar Kurulu \u00dcyesi Prof. Dr. Ayg\u00fcn Attar\u2019\u0131n da kat\u0131laca\u011f\u0131n\u0131n belirtildi\u011fi a\u00e7\u0131klamada, ayr\u0131ca Azerbaycan-KKTC Parlamentolararas\u0131 Dostluk Grubu Ba\u015fkan\u0131 Cavan\u015fir Feyziyev ve Dostluk Gurubu \u00fcyesi Musa Guliyev\u2019in de \u00f6zel davetli olarak etkinlikte yer alaca\u011f\u0131 kaydedildi.<\/p>\n<p><strong>\u2013 Devlet sanat\u00e7\u0131lar\u0131 konser verecek<\/strong><\/p>\n<p>T\u00fcrk D\u00fcnyas\u0131 Nevruz Festivali\u2019ne Azerbaycan Devlet Sanat\u00e7\u0131lar\u0131 Elnara Abdullayeva, Nah\u00e7\u0131van Devlet Flarmonisi Solistleri Zulfugar Mahmudov ve Efsana Babayeva, Azerbaycan Resit Behbudov Devlet Mahn\u0131 Tiyatrosu Solisti Fahri Nicat Kaz\u0131m\u2019\u0131n yan\u0131 s\u0131ra T\u00dcRKSOY sanat\u00e7\u0131lar\u0131ndan \u00d6zbekistan\u2019\u0131 temsilen Artur Utegenov, Kazakistan\u2019\u0131 temsilen Malika Aldamzharova ve K\u0131rgizistan\u2019\u0131 temsilen ise Gulira Kasy\u0131mkulova kat\u0131lacak.<\/p>\n<p><strong>\u2013 Festival<\/strong><\/p>\n<p>Festivalin resmi a\u00e7\u0131l\u0131\u015f konseri, 20 Mart\u2019ta saat 20.00\u2019de R. Rauf Denkta\u015f K\u00fclt\u00fcr ve Kongre Saray\u0131\u2019nda ger\u00e7ekle\u015fecek. 21 Mart\u2019ta saat 15.00\u2019te Uluslararas\u0131 Final \u00dcniversitesi kamp\u00fcs\u00fcnde devam edecek olan festivalin kapan\u0131\u015f gala konseri ise 22 Mart\u2019ta saat 20.00\u2019de Haydar Aliyev Uluslararas\u0131 K\u00fclt\u00fcr Merkezi\u2019nde (Lapta) yap\u0131lacak.<\/p>\n<\/p><\/div>\n<p><script async\n                    defer\n                    crossorigin=\"anonymous\"\n                    src=\"https:\/\/connect.facebook.net\/tr_TR\/sdk.js#xfbml=1&#038;version=v3.3\"\n            ><\/script><\/p>\n","protected":false},"excerpt":{"rendered":"<p>Azerbaycan Devlet Diaspora Ba\u015fkanl\u0131\u011f\u0131, Azerbaycan-K\u0131br\u0131s Dostluk Cemiyeti ve Haydar Aliyev Uluslararas\u0131 K\u00fclt\u00fcr Merkezi, 20-22 Mart tarihleri aras\u0131nda Uluslararas\u0131 Final \u00dcniversitesi, Do\u011fu Akdeniz \u00dcniversitesi ve Haydar Aliyev Uluslararas\u0131 K\u00fclt\u00fcr Merkezi\u2019nde \u201cT\u00fcrk D\u00fcnyas\u0131 Novruz Festivali\u201d ger\u00e7ekle\u015ftirecek. Festivalde, T\u00fcrk Cumhuriyetlerinden devlet sanat\u00e7\u0131lar\u0131 konser verecek. Azerbaycan K\u0131br\u0131s Dostluk Cemiyeti\u2019nden yap\u0131lan a\u00e7\u0131klamaya g\u00f6re, etkinli\u011fe T\u00fcrkiye Cumhuriyeti Lefko\u015fa B\u00fcy\u00fckel\u00e7ili\u011fi, Turizm, K\u00fclt\u00fcr, [&hellip;]<\/p>\n","protected":false},"author":1,"featured_media":21085,"comment_status":"open","ping_status":"open","sticky":false,"template":"","format":"standard","meta":{"jnews-multi-image_gallery":[],"jnews_single_post":[],"jnews_primary_category":[],"jnews_social_meta":[],"jnews_override_counter":[],"footnotes":""},"categories":[6],"tags":[],"class_list":["post-21084","post","type-post","status-publish","format-standard","has-post-thumbnail","hentry","category-yasam"],"yoast_head":"<!-- This site is optimized with the Yoast SEO plugin v27.4 - https:\/\/yoast.com\/product\/yoast-seo-wordpress\/ -->\n<title>\u201cT\u00fcrk D\u00fcnyas\u0131 Novruz Festivali\u201d 20-22 Mart\u2019ta yap\u0131l\u0131yor - Kuzeyin Sesi<\/title>\n<meta name=\"robots\" content=\"index, follow, max-snippet:-1, max-image-preview:large, max-video-preview:-1\" \/>\n<link rel=\"canonical\" href=\"https:\/\/kuzeyinsesi.org\/index.php\/2025\/03\/17\/turk-dunyasi-novruz-festivali-20-22-martta-yapiliyor\/\" \/>\n<meta property=\"og:locale\" content=\"tr_TR\" \/>\n<meta property=\"og:type\" content=\"article\" \/>\n<meta property=\"og:title\" content=\"\u201cT\u00fcrk D\u00fcnyas\u0131 Novruz Festivali\u201d 20-22 Mart\u2019ta yap\u0131l\u0131yor - Kuzeyin Sesi\" \/>\n<meta property=\"og:description\" content=\"Azerbaycan Devlet Diaspora Ba\u015fkanl\u0131\u011f\u0131, Azerbaycan-K\u0131br\u0131s Dostluk Cemiyeti ve Haydar Aliyev Uluslararas\u0131 K\u00fclt\u00fcr Merkezi, 20-22 Mart tarihleri aras\u0131nda Uluslararas\u0131 Final \u00dcniversitesi, Do\u011fu Akdeniz \u00dcniversitesi ve Haydar Aliyev Uluslararas\u0131 K\u00fclt\u00fcr Merkezi\u2019nde \u201cT\u00fcrk D\u00fcnyas\u0131 Novruz Festivali\u201d ger\u00e7ekle\u015ftirecek. Festivalde, T\u00fcrk Cumhuriyetlerinden devlet sanat\u00e7\u0131lar\u0131 konser verecek. Azerbaycan K\u0131br\u0131s Dostluk Cemiyeti\u2019nden yap\u0131lan a\u00e7\u0131klamaya g\u00f6re, etkinli\u011fe T\u00fcrkiye Cumhuriyeti Lefko\u015fa B\u00fcy\u00fckel\u00e7ili\u011fi, Turizm, K\u00fclt\u00fcr, [&hellip;]\" \/>\n<meta property=\"og:url\" content=\"https:\/\/kuzeyinsesi.org\/index.php\/2025\/03\/17\/turk-dunyasi-novruz-festivali-20-22-martta-yapiliyor\/\" \/>\n<meta property=\"og:site_name\" content=\"Kuzeyin Sesi\" \/>\n<meta property=\"article:publisher\" content=\"https:\/\/www.facebook.com\/kuzeyinsesii\" \/>\n<meta property=\"article:published_time\" content=\"2025-03-17T11:00:19+00:00\" \/>\n<meta property=\"og:image\" content=\"https:\/\/brtk.net\/wp-content\/uploads\/2025\/03\/17\/989.jpeg?ver=4425b904e3ce433c636d94c150134329\" \/>\n<meta name=\"author\" content=\"Kuzeyin Sesi\" \/>\n<meta name=\"twitter:card\" content=\"summary_large_image\" \/>\n<meta name=\"twitter:creator\" content=\"@kuzeyinsesii\" \/>\n<meta name=\"twitter:site\" content=\"@kuzeyinsesii\" \/>\n<meta name=\"twitter:label1\" content=\"Yazan:\" \/>\n\t<meta name=\"twitter:data1\" content=\"Kuzeyin Sesi\" \/>\n\t<meta name=\"twitter:label2\" content=\"Tahmini okuma s\u00fcresi\" \/>\n\t<meta name=\"twitter:data2\" content=\"2 dakika\" \/>\n<script type=\"application\/ld+json\" class=\"yoast-schema-graph\">{\"@context\":\"https:\\\/\\\/schema.org\",\"@graph\":[{\"@type\":\"Article\",\"@id\":\"https:\\\/\\\/kuzeyinsesi.org\\\/index.php\\\/2025\\\/03\\\/17\\\/turk-dunyasi-novruz-festivali-20-22-martta-yapiliyor\\\/#article\",\"isPartOf\":{\"@id\":\"https:\\\/\\\/kuzeyinsesi.org\\\/index.php\\\/2025\\\/03\\\/17\\\/turk-dunyasi-novruz-festivali-20-22-martta-yapiliyor\\\/\"},\"author\":{\"name\":\"Kuzeyin Sesi\",\"@id\":\"https:\\\/\\\/kuzeyinsesi.org\\\/#\\\/schema\\\/person\\\/9f859689cdf01485597712386e37f5aa\"},\"headline\":\"\u201cT\u00fcrk D\u00fcnyas\u0131 Novruz Festivali\u201d 20-22 Mart\u2019ta yap\u0131l\u0131yor\",\"datePublished\":\"2025-03-17T11:00:19+00:00\",\"mainEntityOfPage\":{\"@id\":\"https:\\\/\\\/kuzeyinsesi.org\\\/index.php\\\/2025\\\/03\\\/17\\\/turk-dunyasi-novruz-festivali-20-22-martta-yapiliyor\\\/\"},\"wordCount\":333,\"commentCount\":0,\"image\":{\"@id\":\"https:\\\/\\\/kuzeyinsesi.org\\\/index.php\\\/2025\\\/03\\\/17\\\/turk-dunyasi-novruz-festivali-20-22-martta-yapiliyor\\\/#primaryimage\"},\"thumbnailUrl\":\"https:\\\/\\\/kuzeyinsesi.org\\\/wp-content\\\/uploads\\\/2025\\\/03\\\/989.jpeg\",\"articleSection\":[\"Ya\u015fam\"],\"inLanguage\":\"tr\",\"potentialAction\":[{\"@type\":\"CommentAction\",\"name\":\"Comment\",\"target\":[\"https:\\\/\\\/kuzeyinsesi.org\\\/index.php\\\/2025\\\/03\\\/17\\\/turk-dunyasi-novruz-festivali-20-22-martta-yapiliyor\\\/#respond\"]}]},{\"@type\":\"WebPage\",\"@id\":\"https:\\\/\\\/kuzeyinsesi.org\\\/index.php\\\/2025\\\/03\\\/17\\\/turk-dunyasi-novruz-festivali-20-22-martta-yapiliyor\\\/\",\"url\":\"https:\\\/\\\/kuzeyinsesi.org\\\/index.php\\\/2025\\\/03\\\/17\\\/turk-dunyasi-novruz-festivali-20-22-martta-yapiliyor\\\/\",\"name\":\"\u201cT\u00fcrk D\u00fcnyas\u0131 Novruz Festivali\u201d 20-22 Mart\u2019ta yap\u0131l\u0131yor - Kuzeyin Sesi\",\"isPartOf\":{\"@id\":\"https:\\\/\\\/kuzeyinsesi.org\\\/#website\"},\"primaryImageOfPage\":{\"@id\":\"https:\\\/\\\/kuzeyinsesi.org\\\/index.php\\\/2025\\\/03\\\/17\\\/turk-dunyasi-novruz-festivali-20-22-martta-yapiliyor\\\/#primaryimage\"},\"image\":{\"@id\":\"https:\\\/\\\/kuzeyinsesi.org\\\/index.php\\\/2025\\\/03\\\/17\\\/turk-dunyasi-novruz-festivali-20-22-martta-yapiliyor\\\/#primaryimage\"},\"thumbnailUrl\":\"https:\\\/\\\/kuzeyinsesi.org\\\/wp-content\\\/uploads\\\/2025\\\/03\\\/989.jpeg\",\"datePublished\":\"2025-03-17T11:00:19+00:00\",\"author\":{\"@id\":\"https:\\\/\\\/kuzeyinsesi.org\\\/#\\\/schema\\\/person\\\/9f859689cdf01485597712386e37f5aa\"},\"breadcrumb\":{\"@id\":\"https:\\\/\\\/kuzeyinsesi.org\\\/index.php\\\/2025\\\/03\\\/17\\\/turk-dunyasi-novruz-festivali-20-22-martta-yapiliyor\\\/#breadcrumb\"},\"inLanguage\":\"tr\",\"potentialAction\":[{\"@type\":\"ReadAction\",\"target\":[\"https:\\\/\\\/kuzeyinsesi.org\\\/index.php\\\/2025\\\/03\\\/17\\\/turk-dunyasi-novruz-festivali-20-22-martta-yapiliyor\\\/\"]}]},{\"@type\":\"ImageObject\",\"inLanguage\":\"tr\",\"@id\":\"https:\\\/\\\/kuzeyinsesi.org\\\/index.php\\\/2025\\\/03\\\/17\\\/turk-dunyasi-novruz-festivali-20-22-martta-yapiliyor\\\/#primaryimage\",\"url\":\"https:\\\/\\\/kuzeyinsesi.org\\\/wp-content\\\/uploads\\\/2025\\\/03\\\/989.jpeg\",\"contentUrl\":\"https:\\\/\\\/kuzeyinsesi.org\\\/wp-content\\\/uploads\\\/2025\\\/03\\\/989.jpeg\",\"width\":1080,\"height\":1552},{\"@type\":\"BreadcrumbList\",\"@id\":\"https:\\\/\\\/kuzeyinsesi.org\\\/index.php\\\/2025\\\/03\\\/17\\\/turk-dunyasi-novruz-festivali-20-22-martta-yapiliyor\\\/#breadcrumb\",\"itemListElement\":[{\"@type\":\"ListItem\",\"position\":1,\"name\":\"Anasayfa\",\"item\":\"https:\\\/\\\/kuzeyinsesi.org\\\/\"},{\"@type\":\"ListItem\",\"position\":2,\"name\":\"\u201cT\u00fcrk D\u00fcnyas\u0131 Novruz Festivali\u201d 20-22 Mart\u2019ta yap\u0131l\u0131yor\"}]},{\"@type\":\"WebSite\",\"@id\":\"https:\\\/\\\/kuzeyinsesi.org\\\/#website\",\"url\":\"https:\\\/\\\/kuzeyinsesi.org\\\/\",\"name\":\"Kuzeyin Sesi\",\"description\":\"Do\u011fru Haberin Adresi\",\"potentialAction\":[{\"@type\":\"SearchAction\",\"target\":{\"@type\":\"EntryPoint\",\"urlTemplate\":\"https:\\\/\\\/kuzeyinsesi.org\\\/?s={search_term_string}\"},\"query-input\":{\"@type\":\"PropertyValueSpecification\",\"valueRequired\":true,\"valueName\":\"search_term_string\"}}],\"inLanguage\":\"tr\"},{\"@type\":\"Person\",\"@id\":\"https:\\\/\\\/kuzeyinsesi.org\\\/#\\\/schema\\\/person\\\/9f859689cdf01485597712386e37f5aa\",\"name\":\"Kuzeyin Sesi\",\"image\":{\"@type\":\"ImageObject\",\"inLanguage\":\"tr\",\"@id\":\"https:\\\/\\\/secure.gravatar.com\\\/avatar\\\/bab33852abfd8b282518d6ed81826833d77c3c882d9ab608add591ccace47a44?s=96&d=mm&r=g\",\"url\":\"https:\\\/\\\/secure.gravatar.com\\\/avatar\\\/bab33852abfd8b282518d6ed81826833d77c3c882d9ab608add591ccace47a44?s=96&d=mm&r=g\",\"contentUrl\":\"https:\\\/\\\/secure.gravatar.com\\\/avatar\\\/bab33852abfd8b282518d6ed81826833d77c3c882d9ab608add591ccace47a44?s=96&d=mm&r=g\",\"caption\":\"Kuzeyin Sesi\"},\"sameAs\":[\"https:\\\/\\\/kuzeyinsesi.org\"],\"url\":\"https:\\\/\\\/kuzeyinsesi.org\\\/index.php\\\/author\\\/guven\\\/\"}]}<\/script>\n<!-- \/ Yoast SEO plugin. -->","yoast_head_json":{"title":"\u201cT\u00fcrk D\u00fcnyas\u0131 Novruz Festivali\u201d 20-22 Mart\u2019ta yap\u0131l\u0131yor - Kuzeyin Sesi","robots":{"index":"index","follow":"follow","max-snippet":"max-snippet:-1","max-image-preview":"max-image-preview:large","max-video-preview":"max-video-preview:-1"},"canonical":"https:\/\/kuzeyinsesi.org\/index.php\/2025\/03\/17\/turk-dunyasi-novruz-festivali-20-22-martta-yapiliyor\/","og_locale":"tr_TR","og_type":"article","og_title":"\u201cT\u00fcrk D\u00fcnyas\u0131 Novruz Festivali\u201d 20-22 Mart\u2019ta yap\u0131l\u0131yor - Kuzeyin Sesi","og_description":"Azerbaycan Devlet Diaspora Ba\u015fkanl\u0131\u011f\u0131, Azerbaycan-K\u0131br\u0131s Dostluk Cemiyeti ve Haydar Aliyev Uluslararas\u0131 K\u00fclt\u00fcr Merkezi, 20-22 Mart tarihleri aras\u0131nda Uluslararas\u0131 Final \u00dcniversitesi, Do\u011fu Akdeniz \u00dcniversitesi ve Haydar Aliyev Uluslararas\u0131 K\u00fclt\u00fcr Merkezi\u2019nde \u201cT\u00fcrk D\u00fcnyas\u0131 Novruz Festivali\u201d ger\u00e7ekle\u015ftirecek. Festivalde, T\u00fcrk Cumhuriyetlerinden devlet sanat\u00e7\u0131lar\u0131 konser verecek. Azerbaycan K\u0131br\u0131s Dostluk Cemiyeti\u2019nden yap\u0131lan a\u00e7\u0131klamaya g\u00f6re, etkinli\u011fe T\u00fcrkiye Cumhuriyeti Lefko\u015fa B\u00fcy\u00fckel\u00e7ili\u011fi, Turizm, K\u00fclt\u00fcr, [&hellip;]","og_url":"https:\/\/kuzeyinsesi.org\/index.php\/2025\/03\/17\/turk-dunyasi-novruz-festivali-20-22-martta-yapiliyor\/","og_site_name":"Kuzeyin Sesi","article_publisher":"https:\/\/www.facebook.com\/kuzeyinsesii","article_published_time":"2025-03-17T11:00:19+00:00","og_image":[{"url":"https:\/\/brtk.net\/wp-content\/uploads\/2025\/03\/17\/989.jpeg?ver=4425b904e3ce433c636d94c150134329","type":"","width":"","height":""}],"author":"Kuzeyin Sesi","twitter_card":"summary_large_image","twitter_creator":"@kuzeyinsesii","twitter_site":"@kuzeyinsesii","twitter_misc":{"Yazan:":"Kuzeyin Sesi","Tahmini okuma s\u00fcresi":"2 dakika"},"schema":{"@context":"https:\/\/schema.org","@graph":[{"@type":"Article","@id":"https:\/\/kuzeyinsesi.org\/index.php\/2025\/03\/17\/turk-dunyasi-novruz-festivali-20-22-martta-yapiliyor\/#article","isPartOf":{"@id":"https:\/\/kuzeyinsesi.org\/index.php\/2025\/03\/17\/turk-dunyasi-novruz-festivali-20-22-martta-yapiliyor\/"},"author":{"name":"Kuzeyin Sesi","@id":"https:\/\/kuzeyinsesi.org\/#\/schema\/person\/9f859689cdf01485597712386e37f5aa"},"headline":"\u201cT\u00fcrk D\u00fcnyas\u0131 Novruz Festivali\u201d 20-22 Mart\u2019ta yap\u0131l\u0131yor","datePublished":"2025-03-17T11:00:19+00:00","mainEntityOfPage":{"@id":"https:\/\/kuzeyinsesi.org\/index.php\/2025\/03\/17\/turk-dunyasi-novruz-festivali-20-22-martta-yapiliyor\/"},"wordCount":333,"commentCount":0,"image":{"@id":"https:\/\/kuzeyinsesi.org\/index.php\/2025\/03\/17\/turk-dunyasi-novruz-festivali-20-22-martta-yapiliyor\/#primaryimage"},"thumbnailUrl":"https:\/\/kuzeyinsesi.org\/wp-content\/uploads\/2025\/03\/989.jpeg","articleSection":["Ya\u015fam"],"inLanguage":"tr","potentialAction":[{"@type":"CommentAction","name":"Comment","target":["https:\/\/kuzeyinsesi.org\/index.php\/2025\/03\/17\/turk-dunyasi-novruz-festivali-20-22-martta-yapiliyor\/#respond"]}]},{"@type":"WebPage","@id":"https:\/\/kuzeyinsesi.org\/index.php\/2025\/03\/17\/turk-dunyasi-novruz-festivali-20-22-martta-yapiliyor\/","url":"https:\/\/kuzeyinsesi.org\/index.php\/2025\/03\/17\/turk-dunyasi-novruz-festivali-20-22-martta-yapiliyor\/","name":"\u201cT\u00fcrk D\u00fcnyas\u0131 Novruz Festivali\u201d 20-22 Mart\u2019ta yap\u0131l\u0131yor - Kuzeyin Sesi","isPartOf":{"@id":"https:\/\/kuzeyinsesi.org\/#website"},"primaryImageOfPage":{"@id":"https:\/\/kuzeyinsesi.org\/index.php\/2025\/03\/17\/turk-dunyasi-novruz-festivali-20-22-martta-yapiliyor\/#primaryimage"},"image":{"@id":"https:\/\/kuzeyinsesi.org\/index.php\/2025\/03\/17\/turk-dunyasi-novruz-festivali-20-22-martta-yapiliyor\/#primaryimage"},"thumbnailUrl":"https:\/\/kuzeyinsesi.org\/wp-content\/uploads\/2025\/03\/989.jpeg","datePublished":"2025-03-17T11:00:19+00:00","author":{"@id":"https:\/\/kuzeyinsesi.org\/#\/schema\/person\/9f859689cdf01485597712386e37f5aa"},"breadcrumb":{"@id":"https:\/\/kuzeyinsesi.org\/index.php\/2025\/03\/17\/turk-dunyasi-novruz-festivali-20-22-martta-yapiliyor\/#breadcrumb"},"inLanguage":"tr","potentialAction":[{"@type":"ReadAction","target":["https:\/\/kuzeyinsesi.org\/index.php\/2025\/03\/17\/turk-dunyasi-novruz-festivali-20-22-martta-yapiliyor\/"]}]},{"@type":"ImageObject","inLanguage":"tr","@id":"https:\/\/kuzeyinsesi.org\/index.php\/2025\/03\/17\/turk-dunyasi-novruz-festivali-20-22-martta-yapiliyor\/#primaryimage","url":"https:\/\/kuzeyinsesi.org\/wp-content\/uploads\/2025\/03\/989.jpeg","contentUrl":"https:\/\/kuzeyinsesi.org\/wp-content\/uploads\/2025\/03\/989.jpeg","width":1080,"height":1552},{"@type":"BreadcrumbList","@id":"https:\/\/kuzeyinsesi.org\/index.php\/2025\/03\/17\/turk-dunyasi-novruz-festivali-20-22-martta-yapiliyor\/#breadcrumb","itemListElement":[{"@type":"ListItem","position":1,"name":"Anasayfa","item":"https:\/\/kuzeyinsesi.org\/"},{"@type":"ListItem","position":2,"name":"\u201cT\u00fcrk D\u00fcnyas\u0131 Novruz Festivali\u201d 20-22 Mart\u2019ta yap\u0131l\u0131yor"}]},{"@type":"WebSite","@id":"https:\/\/kuzeyinsesi.org\/#website","url":"https:\/\/kuzeyinsesi.org\/","name":"Kuzeyin Sesi","description":"Do\u011fru Haberin Adresi","potentialAction":[{"@type":"SearchAction","target":{"@type":"EntryPoint","urlTemplate":"https:\/\/kuzeyinsesi.org\/?s={search_term_string}"},"query-input":{"@type":"PropertyValueSpecification","valueRequired":true,"valueName":"search_term_string"}}],"inLanguage":"tr"},{"@type":"Person","@id":"https:\/\/kuzeyinsesi.org\/#\/schema\/person\/9f859689cdf01485597712386e37f5aa","name":"Kuzeyin Sesi","image":{"@type":"ImageObject","inLanguage":"tr","@id":"https:\/\/secure.gravatar.com\/avatar\/bab33852abfd8b282518d6ed81826833d77c3c882d9ab608add591ccace47a44?s=96&d=mm&r=g","url":"https:\/\/secure.gravatar.com\/avatar\/bab33852abfd8b282518d6ed81826833d77c3c882d9ab608add591ccace47a44?s=96&d=mm&r=g","contentUrl":"https:\/\/secure.gravatar.com\/avatar\/bab33852abfd8b282518d6ed81826833d77c3c882d9ab608add591ccace47a44?s=96&d=mm&r=g","caption":"Kuzeyin Sesi"},"sameAs":["https:\/\/kuzeyinsesi.org"],"url":"https:\/\/kuzeyinsesi.org\/index.php\/author\/guven\/"}]}},"_links":{"self":[{"href":"https:\/\/kuzeyinsesi.org\/index.php\/wp-json\/wp\/v2\/posts\/21084","targetHints":{"allow":["GET"]}}],"collection":[{"href":"https:\/\/kuzeyinsesi.org\/index.php\/wp-json\/wp\/v2\/posts"}],"about":[{"href":"https:\/\/kuzeyinsesi.org\/index.php\/wp-json\/wp\/v2\/types\/post"}],"author":[{"embeddable":true,"href":"https:\/\/kuzeyinsesi.org\/index.php\/wp-json\/wp\/v2\/users\/1"}],"replies":[{"embeddable":true,"href":"https:\/\/kuzeyinsesi.org\/index.php\/wp-json\/wp\/v2\/comments?post=21084"}],"version-history":[{"count":0,"href":"https:\/\/kuzeyinsesi.org\/index.php\/wp-json\/wp\/v2\/posts\/21084\/revisions"}],"wp:featuredmedia":[{"embeddable":true,"href":"https:\/\/kuzeyinsesi.org\/index.php\/wp-json\/wp\/v2\/media\/21085"}],"wp:attachment":[{"href":"https:\/\/kuzeyinsesi.org\/index.php\/wp-json\/wp\/v2\/media?parent=21084"}],"wp:term":[{"taxonomy":"category","embeddable":true,"href":"https:\/\/kuzeyinsesi.org\/index.php\/wp-json\/wp\/v2\/categories?post=21084"},{"taxonomy":"post_tag","embeddable":true,"href":"https:\/\/kuzeyinsesi.org\/index.php\/wp-json\/wp\/v2\/tags?post=21084"}],"curies":[{"name":"wp","href":"https:\/\/api.w.org\/{rel}","templated":true}]}}