{"id":21078,"date":"2025-03-17T11:58:25","date_gmt":"2025-03-17T09:58:25","guid":{"rendered":"https:\/\/kuzeyinsesi.org\/index.php\/2025\/03\/17\/oktay-oksuzoglu-ve-feyzan-korura-dede-korkut-madalyasi-verildi\/"},"modified":"2025-03-17T11:58:25","modified_gmt":"2025-03-17T09:58:25","slug":"oktay-oksuzoglu-ve-feyzan-korura-dede-korkut-madalyasi-verildi","status":"publish","type":"post","link":"https:\/\/kuzeyinsesi.org\/index.php\/2025\/03\/17\/oktay-oksuzoglu-ve-feyzan-korura-dede-korkut-madalyasi-verildi\/","title":{"rendered":"Oktay \u00d6ks\u00fczo\u011flu ve Feyzan Korur\u2019a Dede Korkut Madalyas\u0131 verildi"},"content":{"rendered":"<div>\n<div class=\"mariselle-image-container center\">\n                                            <\/div>\n<p>\u0130stanbul\u2019da T\u00fcrk Edebiyat\u0131 Vakf\u0131nca d\u00fczenlenen \u201cT\u00fcrk Devletleri Te\u015fkilat\u0131 Ba\u011flam\u0131nda Kuzey K\u0131br\u0131s T\u00fcrk Cumhuriyeti\u2019nin Gelecek Vizyonu\u201d Konferans\u0131 \u00e7er\u00e7evesinde\u00a0K\u0131br\u0131sl\u0131 T\u00fcrk \u015fairlerden Oktay \u00d6ks\u00fczo\u011flu ve Feyzan Korur\u2019a T\u00fcrk K\u00fclt\u00fcr D\u00fcnyas\u0131\u2019na katk\u0131lar\u0131 nedeniyle \u201cDede Korkut Madalyas\u0131\u201d verildi.<\/p>\n<p>Vakf\u0131n 100. y\u0131l d\u00f6n\u00fcm\u00fc m\u00fcnasebetiyle d\u00fczenlenen madalya t\u00f6reninde Cumhurba\u015fkan\u0131 Ersin Tatar, \u0130stanbul Valili\u011fi\u2019nden yetkililer, \u00e7e\u015fitli \u00fcniversitelerin rekt\u00f6rleri ve bir\u00e7ok ara\u015ft\u0131rmac\u0131 ve sanat\u00e7\u0131 haz\u0131r bulundu.<\/p>\n<p>Konferansta \u015fiirlerini seslendiren \u015fairler Oktay \u00d6ks\u00fczo\u011flu ve Feyzan Korur\u2019a, T\u00fcrk Edebiyat\u0131 Vakf\u0131n\u0131n kurucusu gazeteci, edebiyat tarih\u00e7isi ve yazar Ahmet Kabakl\u0131\u2019n\u0131n do\u011fumunun 100. y\u0131l\u0131 an\u0131s\u0131na haz\u0131rlanan madalyalar takdim edildi.<\/p>\n<\/p><\/div>\n<p><script async\n                    defer\n                    crossorigin=\"anonymous\"\n                    src=\"https:\/\/connect.facebook.net\/tr_TR\/sdk.js#xfbml=1&#038;version=v3.3\"\n            ><\/script><\/p>\n","protected":false},"excerpt":{"rendered":"<p>\u0130stanbul\u2019da T\u00fcrk Edebiyat\u0131 Vakf\u0131nca d\u00fczenlenen \u201cT\u00fcrk Devletleri Te\u015fkilat\u0131 Ba\u011flam\u0131nda Kuzey K\u0131br\u0131s T\u00fcrk Cumhuriyeti\u2019nin Gelecek Vizyonu\u201d Konferans\u0131 \u00e7er\u00e7evesinde\u00a0K\u0131br\u0131sl\u0131 T\u00fcrk \u015fairlerden Oktay \u00d6ks\u00fczo\u011flu ve Feyzan Korur\u2019a T\u00fcrk K\u00fclt\u00fcr D\u00fcnyas\u0131\u2019na katk\u0131lar\u0131 nedeniyle \u201cDede Korkut Madalyas\u0131\u201d verildi. Vakf\u0131n 100. y\u0131l d\u00f6n\u00fcm\u00fc m\u00fcnasebetiyle d\u00fczenlenen madalya t\u00f6reninde Cumhurba\u015fkan\u0131 Ersin Tatar, \u0130stanbul Valili\u011fi\u2019nden yetkililer, \u00e7e\u015fitli \u00fcniversitelerin rekt\u00f6rleri ve bir\u00e7ok ara\u015ft\u0131rmac\u0131 ve sanat\u00e7\u0131 [&hellip;]<\/p>\n","protected":false},"author":1,"featured_media":21079,"comment_status":"open","ping_status":"open","sticky":false,"template":"","format":"standard","meta":{"jnews-multi-image_gallery":[],"jnews_single_post":[],"jnews_primary_category":[],"jnews_social_meta":[],"jnews_override_counter":[],"footnotes":""},"categories":[6],"tags":[],"class_list":["post-21078","post","type-post","status-publish","format-standard","has-post-thumbnail","hentry","category-yasam"],"yoast_head":"<!-- This site is optimized with the Yoast SEO plugin v27.4 - https:\/\/yoast.com\/product\/yoast-seo-wordpress\/ -->\n<title>Oktay \u00d6ks\u00fczo\u011flu ve Feyzan Korur\u2019a Dede Korkut Madalyas\u0131 verildi - Kuzeyin Sesi<\/title>\n<meta name=\"robots\" content=\"index, follow, max-snippet:-1, max-image-preview:large, max-video-preview:-1\" \/>\n<link rel=\"canonical\" href=\"https:\/\/kuzeyinsesi.org\/index.php\/2025\/03\/17\/oktay-oksuzoglu-ve-feyzan-korura-dede-korkut-madalyasi-verildi\/\" \/>\n<meta property=\"og:locale\" content=\"tr_TR\" \/>\n<meta property=\"og:type\" content=\"article\" \/>\n<meta property=\"og:title\" content=\"Oktay \u00d6ks\u00fczo\u011flu ve Feyzan Korur\u2019a Dede Korkut Madalyas\u0131 verildi - Kuzeyin Sesi\" \/>\n<meta property=\"og:description\" content=\"\u0130stanbul\u2019da T\u00fcrk Edebiyat\u0131 Vakf\u0131nca d\u00fczenlenen \u201cT\u00fcrk Devletleri Te\u015fkilat\u0131 Ba\u011flam\u0131nda Kuzey K\u0131br\u0131s T\u00fcrk Cumhuriyeti\u2019nin Gelecek Vizyonu\u201d Konferans\u0131 \u00e7er\u00e7evesinde\u00a0K\u0131br\u0131sl\u0131 T\u00fcrk \u015fairlerden Oktay \u00d6ks\u00fczo\u011flu ve Feyzan Korur\u2019a T\u00fcrk K\u00fclt\u00fcr D\u00fcnyas\u0131\u2019na katk\u0131lar\u0131 nedeniyle \u201cDede Korkut Madalyas\u0131\u201d verildi. Vakf\u0131n 100. y\u0131l d\u00f6n\u00fcm\u00fc m\u00fcnasebetiyle d\u00fczenlenen madalya t\u00f6reninde Cumhurba\u015fkan\u0131 Ersin Tatar, \u0130stanbul Valili\u011fi\u2019nden yetkililer, \u00e7e\u015fitli \u00fcniversitelerin rekt\u00f6rleri ve bir\u00e7ok ara\u015ft\u0131rmac\u0131 ve sanat\u00e7\u0131 [&hellip;]\" \/>\n<meta property=\"og:url\" content=\"https:\/\/kuzeyinsesi.org\/index.php\/2025\/03\/17\/oktay-oksuzoglu-ve-feyzan-korura-dede-korkut-madalyasi-verildi\/\" \/>\n<meta property=\"og:site_name\" content=\"Kuzeyin Sesi\" \/>\n<meta property=\"article:publisher\" content=\"https:\/\/www.facebook.com\/kuzeyinsesii\" \/>\n<meta property=\"article:published_time\" content=\"2025-03-17T09:58:25+00:00\" \/>\n<meta property=\"og:image\" content=\"https:\/\/brtk.net\/wp-content\/uploads\/2025\/03\/17\/1742203146444DEDE-KORKUT-MADALYASI2.jpeg?ver=673334abb5f684cfeee8d9e368fd3902\" \/>\n<meta name=\"author\" content=\"Kuzeyin Sesi\" \/>\n<meta name=\"twitter:card\" content=\"summary_large_image\" \/>\n<meta name=\"twitter:creator\" content=\"@kuzeyinsesii\" \/>\n<meta name=\"twitter:site\" content=\"@kuzeyinsesii\" \/>\n<meta name=\"twitter:label1\" content=\"Yazan:\" \/>\n\t<meta name=\"twitter:data1\" content=\"Kuzeyin Sesi\" \/>\n\t<meta name=\"twitter:label2\" content=\"Tahmini okuma s\u00fcresi\" \/>\n\t<meta name=\"twitter:data2\" content=\"1 dakika\" \/>\n<script type=\"application\/ld+json\" class=\"yoast-schema-graph\">{\"@context\":\"https:\\\/\\\/schema.org\",\"@graph\":[{\"@type\":\"Article\",\"@id\":\"https:\\\/\\\/kuzeyinsesi.org\\\/index.php\\\/2025\\\/03\\\/17\\\/oktay-oksuzoglu-ve-feyzan-korura-dede-korkut-madalyasi-verildi\\\/#article\",\"isPartOf\":{\"@id\":\"https:\\\/\\\/kuzeyinsesi.org\\\/index.php\\\/2025\\\/03\\\/17\\\/oktay-oksuzoglu-ve-feyzan-korura-dede-korkut-madalyasi-verildi\\\/\"},\"author\":{\"name\":\"Kuzeyin Sesi\",\"@id\":\"https:\\\/\\\/kuzeyinsesi.org\\\/#\\\/schema\\\/person\\\/9f859689cdf01485597712386e37f5aa\"},\"headline\":\"Oktay \u00d6ks\u00fczo\u011flu ve Feyzan Korur\u2019a Dede Korkut Madalyas\u0131 verildi\",\"datePublished\":\"2025-03-17T09:58:25+00:00\",\"mainEntityOfPage\":{\"@id\":\"https:\\\/\\\/kuzeyinsesi.org\\\/index.php\\\/2025\\\/03\\\/17\\\/oktay-oksuzoglu-ve-feyzan-korura-dede-korkut-madalyasi-verildi\\\/\"},\"wordCount\":151,\"commentCount\":0,\"image\":{\"@id\":\"https:\\\/\\\/kuzeyinsesi.org\\\/index.php\\\/2025\\\/03\\\/17\\\/oktay-oksuzoglu-ve-feyzan-korura-dede-korkut-madalyasi-verildi\\\/#primaryimage\"},\"thumbnailUrl\":\"https:\\\/\\\/kuzeyinsesi.org\\\/wp-content\\\/uploads\\\/2025\\\/03\\\/1742203146444DEDE-KORKUT-MADALYASI2.jpeg\",\"articleSection\":[\"Ya\u015fam\"],\"inLanguage\":\"tr\",\"potentialAction\":[{\"@type\":\"CommentAction\",\"name\":\"Comment\",\"target\":[\"https:\\\/\\\/kuzeyinsesi.org\\\/index.php\\\/2025\\\/03\\\/17\\\/oktay-oksuzoglu-ve-feyzan-korura-dede-korkut-madalyasi-verildi\\\/#respond\"]}]},{\"@type\":\"WebPage\",\"@id\":\"https:\\\/\\\/kuzeyinsesi.org\\\/index.php\\\/2025\\\/03\\\/17\\\/oktay-oksuzoglu-ve-feyzan-korura-dede-korkut-madalyasi-verildi\\\/\",\"url\":\"https:\\\/\\\/kuzeyinsesi.org\\\/index.php\\\/2025\\\/03\\\/17\\\/oktay-oksuzoglu-ve-feyzan-korura-dede-korkut-madalyasi-verildi\\\/\",\"name\":\"Oktay \u00d6ks\u00fczo\u011flu ve Feyzan Korur\u2019a Dede Korkut Madalyas\u0131 verildi - Kuzeyin Sesi\",\"isPartOf\":{\"@id\":\"https:\\\/\\\/kuzeyinsesi.org\\\/#website\"},\"primaryImageOfPage\":{\"@id\":\"https:\\\/\\\/kuzeyinsesi.org\\\/index.php\\\/2025\\\/03\\\/17\\\/oktay-oksuzoglu-ve-feyzan-korura-dede-korkut-madalyasi-verildi\\\/#primaryimage\"},\"image\":{\"@id\":\"https:\\\/\\\/kuzeyinsesi.org\\\/index.php\\\/2025\\\/03\\\/17\\\/oktay-oksuzoglu-ve-feyzan-korura-dede-korkut-madalyasi-verildi\\\/#primaryimage\"},\"thumbnailUrl\":\"https:\\\/\\\/kuzeyinsesi.org\\\/wp-content\\\/uploads\\\/2025\\\/03\\\/1742203146444DEDE-KORKUT-MADALYASI2.jpeg\",\"datePublished\":\"2025-03-17T09:58:25+00:00\",\"author\":{\"@id\":\"https:\\\/\\\/kuzeyinsesi.org\\\/#\\\/schema\\\/person\\\/9f859689cdf01485597712386e37f5aa\"},\"breadcrumb\":{\"@id\":\"https:\\\/\\\/kuzeyinsesi.org\\\/index.php\\\/2025\\\/03\\\/17\\\/oktay-oksuzoglu-ve-feyzan-korura-dede-korkut-madalyasi-verildi\\\/#breadcrumb\"},\"inLanguage\":\"tr\",\"potentialAction\":[{\"@type\":\"ReadAction\",\"target\":[\"https:\\\/\\\/kuzeyinsesi.org\\\/index.php\\\/2025\\\/03\\\/17\\\/oktay-oksuzoglu-ve-feyzan-korura-dede-korkut-madalyasi-verildi\\\/\"]}]},{\"@type\":\"ImageObject\",\"inLanguage\":\"tr\",\"@id\":\"https:\\\/\\\/kuzeyinsesi.org\\\/index.php\\\/2025\\\/03\\\/17\\\/oktay-oksuzoglu-ve-feyzan-korura-dede-korkut-madalyasi-verildi\\\/#primaryimage\",\"url\":\"https:\\\/\\\/kuzeyinsesi.org\\\/wp-content\\\/uploads\\\/2025\\\/03\\\/1742203146444DEDE-KORKUT-MADALYASI2.jpeg\",\"contentUrl\":\"https:\\\/\\\/kuzeyinsesi.org\\\/wp-content\\\/uploads\\\/2025\\\/03\\\/1742203146444DEDE-KORKUT-MADALYASI2.jpeg\",\"width\":1047,\"height\":712},{\"@type\":\"BreadcrumbList\",\"@id\":\"https:\\\/\\\/kuzeyinsesi.org\\\/index.php\\\/2025\\\/03\\\/17\\\/oktay-oksuzoglu-ve-feyzan-korura-dede-korkut-madalyasi-verildi\\\/#breadcrumb\",\"itemListElement\":[{\"@type\":\"ListItem\",\"position\":1,\"name\":\"Anasayfa\",\"item\":\"https:\\\/\\\/kuzeyinsesi.org\\\/\"},{\"@type\":\"ListItem\",\"position\":2,\"name\":\"Oktay \u00d6ks\u00fczo\u011flu ve Feyzan Korur\u2019a Dede Korkut Madalyas\u0131 verildi\"}]},{\"@type\":\"WebSite\",\"@id\":\"https:\\\/\\\/kuzeyinsesi.org\\\/#website\",\"url\":\"https:\\\/\\\/kuzeyinsesi.org\\\/\",\"name\":\"Kuzeyin Sesi\",\"description\":\"Do\u011fru Haberin Adresi\",\"potentialAction\":[{\"@type\":\"SearchAction\",\"target\":{\"@type\":\"EntryPoint\",\"urlTemplate\":\"https:\\\/\\\/kuzeyinsesi.org\\\/?s={search_term_string}\"},\"query-input\":{\"@type\":\"PropertyValueSpecification\",\"valueRequired\":true,\"valueName\":\"search_term_string\"}}],\"inLanguage\":\"tr\"},{\"@type\":\"Person\",\"@id\":\"https:\\\/\\\/kuzeyinsesi.org\\\/#\\\/schema\\\/person\\\/9f859689cdf01485597712386e37f5aa\",\"name\":\"Kuzeyin Sesi\",\"image\":{\"@type\":\"ImageObject\",\"inLanguage\":\"tr\",\"@id\":\"https:\\\/\\\/secure.gravatar.com\\\/avatar\\\/bab33852abfd8b282518d6ed81826833d77c3c882d9ab608add591ccace47a44?s=96&d=mm&r=g\",\"url\":\"https:\\\/\\\/secure.gravatar.com\\\/avatar\\\/bab33852abfd8b282518d6ed81826833d77c3c882d9ab608add591ccace47a44?s=96&d=mm&r=g\",\"contentUrl\":\"https:\\\/\\\/secure.gravatar.com\\\/avatar\\\/bab33852abfd8b282518d6ed81826833d77c3c882d9ab608add591ccace47a44?s=96&d=mm&r=g\",\"caption\":\"Kuzeyin Sesi\"},\"sameAs\":[\"https:\\\/\\\/kuzeyinsesi.org\"],\"url\":\"https:\\\/\\\/kuzeyinsesi.org\\\/index.php\\\/author\\\/guven\\\/\"}]}<\/script>\n<!-- \/ Yoast SEO plugin. -->","yoast_head_json":{"title":"Oktay \u00d6ks\u00fczo\u011flu ve Feyzan Korur\u2019a Dede Korkut Madalyas\u0131 verildi - Kuzeyin Sesi","robots":{"index":"index","follow":"follow","max-snippet":"max-snippet:-1","max-image-preview":"max-image-preview:large","max-video-preview":"max-video-preview:-1"},"canonical":"https:\/\/kuzeyinsesi.org\/index.php\/2025\/03\/17\/oktay-oksuzoglu-ve-feyzan-korura-dede-korkut-madalyasi-verildi\/","og_locale":"tr_TR","og_type":"article","og_title":"Oktay \u00d6ks\u00fczo\u011flu ve Feyzan Korur\u2019a Dede Korkut Madalyas\u0131 verildi - Kuzeyin Sesi","og_description":"\u0130stanbul\u2019da T\u00fcrk Edebiyat\u0131 Vakf\u0131nca d\u00fczenlenen \u201cT\u00fcrk Devletleri Te\u015fkilat\u0131 Ba\u011flam\u0131nda Kuzey K\u0131br\u0131s T\u00fcrk Cumhuriyeti\u2019nin Gelecek Vizyonu\u201d Konferans\u0131 \u00e7er\u00e7evesinde\u00a0K\u0131br\u0131sl\u0131 T\u00fcrk \u015fairlerden Oktay \u00d6ks\u00fczo\u011flu ve Feyzan Korur\u2019a T\u00fcrk K\u00fclt\u00fcr D\u00fcnyas\u0131\u2019na katk\u0131lar\u0131 nedeniyle \u201cDede Korkut Madalyas\u0131\u201d verildi. Vakf\u0131n 100. y\u0131l d\u00f6n\u00fcm\u00fc m\u00fcnasebetiyle d\u00fczenlenen madalya t\u00f6reninde Cumhurba\u015fkan\u0131 Ersin Tatar, \u0130stanbul Valili\u011fi\u2019nden yetkililer, \u00e7e\u015fitli \u00fcniversitelerin rekt\u00f6rleri ve bir\u00e7ok ara\u015ft\u0131rmac\u0131 ve sanat\u00e7\u0131 [&hellip;]","og_url":"https:\/\/kuzeyinsesi.org\/index.php\/2025\/03\/17\/oktay-oksuzoglu-ve-feyzan-korura-dede-korkut-madalyasi-verildi\/","og_site_name":"Kuzeyin Sesi","article_publisher":"https:\/\/www.facebook.com\/kuzeyinsesii","article_published_time":"2025-03-17T09:58:25+00:00","og_image":[{"url":"https:\/\/brtk.net\/wp-content\/uploads\/2025\/03\/17\/1742203146444DEDE-KORKUT-MADALYASI2.jpeg?ver=673334abb5f684cfeee8d9e368fd3902","type":"","width":"","height":""}],"author":"Kuzeyin Sesi","twitter_card":"summary_large_image","twitter_creator":"@kuzeyinsesii","twitter_site":"@kuzeyinsesii","twitter_misc":{"Yazan:":"Kuzeyin Sesi","Tahmini okuma s\u00fcresi":"1 dakika"},"schema":{"@context":"https:\/\/schema.org","@graph":[{"@type":"Article","@id":"https:\/\/kuzeyinsesi.org\/index.php\/2025\/03\/17\/oktay-oksuzoglu-ve-feyzan-korura-dede-korkut-madalyasi-verildi\/#article","isPartOf":{"@id":"https:\/\/kuzeyinsesi.org\/index.php\/2025\/03\/17\/oktay-oksuzoglu-ve-feyzan-korura-dede-korkut-madalyasi-verildi\/"},"author":{"name":"Kuzeyin Sesi","@id":"https:\/\/kuzeyinsesi.org\/#\/schema\/person\/9f859689cdf01485597712386e37f5aa"},"headline":"Oktay \u00d6ks\u00fczo\u011flu ve Feyzan Korur\u2019a Dede Korkut Madalyas\u0131 verildi","datePublished":"2025-03-17T09:58:25+00:00","mainEntityOfPage":{"@id":"https:\/\/kuzeyinsesi.org\/index.php\/2025\/03\/17\/oktay-oksuzoglu-ve-feyzan-korura-dede-korkut-madalyasi-verildi\/"},"wordCount":151,"commentCount":0,"image":{"@id":"https:\/\/kuzeyinsesi.org\/index.php\/2025\/03\/17\/oktay-oksuzoglu-ve-feyzan-korura-dede-korkut-madalyasi-verildi\/#primaryimage"},"thumbnailUrl":"https:\/\/kuzeyinsesi.org\/wp-content\/uploads\/2025\/03\/1742203146444DEDE-KORKUT-MADALYASI2.jpeg","articleSection":["Ya\u015fam"],"inLanguage":"tr","potentialAction":[{"@type":"CommentAction","name":"Comment","target":["https:\/\/kuzeyinsesi.org\/index.php\/2025\/03\/17\/oktay-oksuzoglu-ve-feyzan-korura-dede-korkut-madalyasi-verildi\/#respond"]}]},{"@type":"WebPage","@id":"https:\/\/kuzeyinsesi.org\/index.php\/2025\/03\/17\/oktay-oksuzoglu-ve-feyzan-korura-dede-korkut-madalyasi-verildi\/","url":"https:\/\/kuzeyinsesi.org\/index.php\/2025\/03\/17\/oktay-oksuzoglu-ve-feyzan-korura-dede-korkut-madalyasi-verildi\/","name":"Oktay \u00d6ks\u00fczo\u011flu ve Feyzan Korur\u2019a Dede Korkut Madalyas\u0131 verildi - Kuzeyin Sesi","isPartOf":{"@id":"https:\/\/kuzeyinsesi.org\/#website"},"primaryImageOfPage":{"@id":"https:\/\/kuzeyinsesi.org\/index.php\/2025\/03\/17\/oktay-oksuzoglu-ve-feyzan-korura-dede-korkut-madalyasi-verildi\/#primaryimage"},"image":{"@id":"https:\/\/kuzeyinsesi.org\/index.php\/2025\/03\/17\/oktay-oksuzoglu-ve-feyzan-korura-dede-korkut-madalyasi-verildi\/#primaryimage"},"thumbnailUrl":"https:\/\/kuzeyinsesi.org\/wp-content\/uploads\/2025\/03\/1742203146444DEDE-KORKUT-MADALYASI2.jpeg","datePublished":"2025-03-17T09:58:25+00:00","author":{"@id":"https:\/\/kuzeyinsesi.org\/#\/schema\/person\/9f859689cdf01485597712386e37f5aa"},"breadcrumb":{"@id":"https:\/\/kuzeyinsesi.org\/index.php\/2025\/03\/17\/oktay-oksuzoglu-ve-feyzan-korura-dede-korkut-madalyasi-verildi\/#breadcrumb"},"inLanguage":"tr","potentialAction":[{"@type":"ReadAction","target":["https:\/\/kuzeyinsesi.org\/index.php\/2025\/03\/17\/oktay-oksuzoglu-ve-feyzan-korura-dede-korkut-madalyasi-verildi\/"]}]},{"@type":"ImageObject","inLanguage":"tr","@id":"https:\/\/kuzeyinsesi.org\/index.php\/2025\/03\/17\/oktay-oksuzoglu-ve-feyzan-korura-dede-korkut-madalyasi-verildi\/#primaryimage","url":"https:\/\/kuzeyinsesi.org\/wp-content\/uploads\/2025\/03\/1742203146444DEDE-KORKUT-MADALYASI2.jpeg","contentUrl":"https:\/\/kuzeyinsesi.org\/wp-content\/uploads\/2025\/03\/1742203146444DEDE-KORKUT-MADALYASI2.jpeg","width":1047,"height":712},{"@type":"BreadcrumbList","@id":"https:\/\/kuzeyinsesi.org\/index.php\/2025\/03\/17\/oktay-oksuzoglu-ve-feyzan-korura-dede-korkut-madalyasi-verildi\/#breadcrumb","itemListElement":[{"@type":"ListItem","position":1,"name":"Anasayfa","item":"https:\/\/kuzeyinsesi.org\/"},{"@type":"ListItem","position":2,"name":"Oktay \u00d6ks\u00fczo\u011flu ve Feyzan Korur\u2019a Dede Korkut Madalyas\u0131 verildi"}]},{"@type":"WebSite","@id":"https:\/\/kuzeyinsesi.org\/#website","url":"https:\/\/kuzeyinsesi.org\/","name":"Kuzeyin Sesi","description":"Do\u011fru Haberin Adresi","potentialAction":[{"@type":"SearchAction","target":{"@type":"EntryPoint","urlTemplate":"https:\/\/kuzeyinsesi.org\/?s={search_term_string}"},"query-input":{"@type":"PropertyValueSpecification","valueRequired":true,"valueName":"search_term_string"}}],"inLanguage":"tr"},{"@type":"Person","@id":"https:\/\/kuzeyinsesi.org\/#\/schema\/person\/9f859689cdf01485597712386e37f5aa","name":"Kuzeyin Sesi","image":{"@type":"ImageObject","inLanguage":"tr","@id":"https:\/\/secure.gravatar.com\/avatar\/bab33852abfd8b282518d6ed81826833d77c3c882d9ab608add591ccace47a44?s=96&d=mm&r=g","url":"https:\/\/secure.gravatar.com\/avatar\/bab33852abfd8b282518d6ed81826833d77c3c882d9ab608add591ccace47a44?s=96&d=mm&r=g","contentUrl":"https:\/\/secure.gravatar.com\/avatar\/bab33852abfd8b282518d6ed81826833d77c3c882d9ab608add591ccace47a44?s=96&d=mm&r=g","caption":"Kuzeyin Sesi"},"sameAs":["https:\/\/kuzeyinsesi.org"],"url":"https:\/\/kuzeyinsesi.org\/index.php\/author\/guven\/"}]}},"_links":{"self":[{"href":"https:\/\/kuzeyinsesi.org\/index.php\/wp-json\/wp\/v2\/posts\/21078","targetHints":{"allow":["GET"]}}],"collection":[{"href":"https:\/\/kuzeyinsesi.org\/index.php\/wp-json\/wp\/v2\/posts"}],"about":[{"href":"https:\/\/kuzeyinsesi.org\/index.php\/wp-json\/wp\/v2\/types\/post"}],"author":[{"embeddable":true,"href":"https:\/\/kuzeyinsesi.org\/index.php\/wp-json\/wp\/v2\/users\/1"}],"replies":[{"embeddable":true,"href":"https:\/\/kuzeyinsesi.org\/index.php\/wp-json\/wp\/v2\/comments?post=21078"}],"version-history":[{"count":0,"href":"https:\/\/kuzeyinsesi.org\/index.php\/wp-json\/wp\/v2\/posts\/21078\/revisions"}],"wp:featuredmedia":[{"embeddable":true,"href":"https:\/\/kuzeyinsesi.org\/index.php\/wp-json\/wp\/v2\/media\/21079"}],"wp:attachment":[{"href":"https:\/\/kuzeyinsesi.org\/index.php\/wp-json\/wp\/v2\/media?parent=21078"}],"wp:term":[{"taxonomy":"category","embeddable":true,"href":"https:\/\/kuzeyinsesi.org\/index.php\/wp-json\/wp\/v2\/categories?post=21078"},{"taxonomy":"post_tag","embeddable":true,"href":"https:\/\/kuzeyinsesi.org\/index.php\/wp-json\/wp\/v2\/tags?post=21078"}],"curies":[{"name":"wp","href":"https:\/\/api.w.org\/{rel}","templated":true}]}}