{"id":21070,"date":"2025-03-17T11:11:15","date_gmt":"2025-03-17T09:11:15","guid":{"rendered":"https:\/\/kuzeyinsesi.org\/index.php\/2025\/03\/17\/turk-hava-kuvvetlerinden-kibris-adasinin-guneyinde-egitim-ucusu-3\/"},"modified":"2025-03-17T11:11:15","modified_gmt":"2025-03-17T09:11:15","slug":"turk-hava-kuvvetlerinden-kibris-adasinin-guneyinde-egitim-ucusu-3","status":"publish","type":"post","link":"https:\/\/kuzeyinsesi.org\/index.php\/2025\/03\/17\/turk-hava-kuvvetlerinden-kibris-adasinin-guneyinde-egitim-ucusu-3\/","title":{"rendered":"T\u00fcrk Hava Kuvvetlerinden K\u0131br\u0131s Adas\u0131\u2019n\u0131n g\u00fcneyinde e\u011fitim u\u00e7u\u015fu"},"content":{"rendered":"<div>\n<div class=\"mariselle-image-container center\">\n                                            <\/div>\n<p> T\u00fcrkiye Milli Savunma Bakanl\u0131\u011f\u0131, Hava Kuvvetleri Komutanl\u0131\u011f\u0131na ba\u011fl\u0131 muharip ve destek u\u00e7aklar\u0131yla K\u0131br\u0131s\u2019\u0131n g\u00fcneyinde e\u011fitim u\u00e7u\u015fu ger\u00e7ekle\u015ftirildi\u011fini bildirdi.<\/p>\n<p>Bakanl\u0131ktan yap\u0131lan a\u00e7\u0131klamada, Hava Kuvvetleri Komutanl\u0131\u011f\u0131na ba\u011fl\u0131 \u00e7e\u015fitli \u00fcslerden havalanan muharip ve destek u\u00e7aklar\u0131n\u0131n kat\u0131l\u0131m\u0131yla K\u0131br\u0131s Adas\u0131\u2019n\u0131n g\u00fcneyinde, Akdeniz\u2019in uluslararas\u0131 hava sahas\u0131nda e\u011fitim u\u00e7u\u015fu ger\u00e7ekle\u015ftirildi\u011fi kaydedildi.<\/p>\n<\/p><\/div>\n<p><script async\n                    defer\n                    crossorigin=\"anonymous\"\n                    src=\"https:\/\/connect.facebook.net\/tr_TR\/sdk.js#xfbml=1&#038;version=v3.3\"\n            ><\/script><\/p>\n","protected":false},"excerpt":{"rendered":"<p>T\u00fcrkiye Milli Savunma Bakanl\u0131\u011f\u0131, Hava Kuvvetleri Komutanl\u0131\u011f\u0131na ba\u011fl\u0131 muharip ve destek u\u00e7aklar\u0131yla K\u0131br\u0131s\u2019\u0131n g\u00fcneyinde e\u011fitim u\u00e7u\u015fu ger\u00e7ekle\u015ftirildi\u011fini bildirdi. Bakanl\u0131ktan yap\u0131lan a\u00e7\u0131klamada, Hava Kuvvetleri Komutanl\u0131\u011f\u0131na ba\u011fl\u0131 \u00e7e\u015fitli \u00fcslerden havalanan muharip ve destek u\u00e7aklar\u0131n\u0131n kat\u0131l\u0131m\u0131yla K\u0131br\u0131s Adas\u0131\u2019n\u0131n g\u00fcneyinde, Akdeniz\u2019in uluslararas\u0131 hava sahas\u0131nda e\u011fitim u\u00e7u\u015fu ger\u00e7ekle\u015ftirildi\u011fi kaydedildi.<\/p>\n","protected":false},"author":1,"featured_media":21071,"comment_status":"open","ping_status":"open","sticky":false,"template":"","format":"standard","meta":{"jnews-multi-image_gallery":[],"jnews_single_post":[],"jnews_primary_category":[],"jnews_social_meta":[],"jnews_override_counter":[],"footnotes":""},"categories":[5],"tags":[],"class_list":["post-21070","post","type-post","status-publish","format-standard","has-post-thumbnail","hentry","category-turkiye"],"yoast_head":"<!-- This site is optimized with the Yoast SEO plugin v27.5 - https:\/\/yoast.com\/product\/yoast-seo-wordpress\/ -->\n<title>T\u00fcrk Hava Kuvvetlerinden K\u0131br\u0131s Adas\u0131\u2019n\u0131n g\u00fcneyinde e\u011fitim u\u00e7u\u015fu - Kuzeyin Sesi<\/title>\n<meta name=\"robots\" content=\"index, follow, max-snippet:-1, max-image-preview:large, max-video-preview:-1\" \/>\n<link rel=\"canonical\" href=\"https:\/\/kuzeyinsesi.org\/index.php\/2025\/03\/17\/turk-hava-kuvvetlerinden-kibris-adasinin-guneyinde-egitim-ucusu-3\/\" \/>\n<meta property=\"og:locale\" content=\"tr_TR\" \/>\n<meta property=\"og:type\" content=\"article\" \/>\n<meta property=\"og:title\" content=\"T\u00fcrk Hava Kuvvetlerinden K\u0131br\u0131s Adas\u0131\u2019n\u0131n g\u00fcneyinde e\u011fitim u\u00e7u\u015fu - Kuzeyin Sesi\" \/>\n<meta property=\"og:description\" content=\"T\u00fcrkiye Milli Savunma Bakanl\u0131\u011f\u0131, Hava Kuvvetleri Komutanl\u0131\u011f\u0131na ba\u011fl\u0131 muharip ve destek u\u00e7aklar\u0131yla K\u0131br\u0131s\u2019\u0131n g\u00fcneyinde e\u011fitim u\u00e7u\u015fu ger\u00e7ekle\u015ftirildi\u011fini bildirdi. Bakanl\u0131ktan yap\u0131lan a\u00e7\u0131klamada, Hava Kuvvetleri Komutanl\u0131\u011f\u0131na ba\u011fl\u0131 \u00e7e\u015fitli \u00fcslerden havalanan muharip ve destek u\u00e7aklar\u0131n\u0131n kat\u0131l\u0131m\u0131yla K\u0131br\u0131s Adas\u0131\u2019n\u0131n g\u00fcneyinde, Akdeniz\u2019in uluslararas\u0131 hava sahas\u0131nda e\u011fitim u\u00e7u\u015fu ger\u00e7ekle\u015ftirildi\u011fi kaydedildi.\" \/>\n<meta property=\"og:url\" content=\"https:\/\/kuzeyinsesi.org\/index.php\/2025\/03\/17\/turk-hava-kuvvetlerinden-kibris-adasinin-guneyinde-egitim-ucusu-3\/\" \/>\n<meta property=\"og:site_name\" content=\"Kuzeyin Sesi\" \/>\n<meta property=\"article:publisher\" content=\"https:\/\/www.facebook.com\/kuzeyinsesii\" \/>\n<meta property=\"article:published_time\" content=\"2025-03-17T09:11:15+00:00\" \/>\n<meta property=\"og:image\" content=\"https:\/\/brtk.net\/wp-content\/uploads\/2025\/03\/17\/999999999998888.jpg?ver=8812d7af659012fa96f16b6367d2bef6\" \/>\n<meta name=\"author\" content=\"Kuzeyin Sesi\" \/>\n<meta name=\"twitter:card\" content=\"summary_large_image\" \/>\n<meta name=\"twitter:creator\" content=\"@kuzeyinsesii\" \/>\n<meta name=\"twitter:site\" content=\"@kuzeyinsesii\" \/>\n<meta name=\"twitter:label1\" content=\"Yazan:\" \/>\n\t<meta name=\"twitter:data1\" content=\"Kuzeyin Sesi\" \/>\n<script type=\"application\/ld+json\" class=\"yoast-schema-graph\">{\"@context\":\"https:\\\/\\\/schema.org\",\"@graph\":[{\"@type\":\"Article\",\"@id\":\"https:\\\/\\\/kuzeyinsesi.org\\\/index.php\\\/2025\\\/03\\\/17\\\/turk-hava-kuvvetlerinden-kibris-adasinin-guneyinde-egitim-ucusu-3\\\/#article\",\"isPartOf\":{\"@id\":\"https:\\\/\\\/kuzeyinsesi.org\\\/index.php\\\/2025\\\/03\\\/17\\\/turk-hava-kuvvetlerinden-kibris-adasinin-guneyinde-egitim-ucusu-3\\\/\"},\"author\":{\"name\":\"Kuzeyin Sesi\",\"@id\":\"https:\\\/\\\/kuzeyinsesi.org\\\/#\\\/schema\\\/person\\\/9f859689cdf01485597712386e37f5aa\"},\"headline\":\"T\u00fcrk Hava Kuvvetlerinden K\u0131br\u0131s Adas\u0131\u2019n\u0131n g\u00fcneyinde e\u011fitim u\u00e7u\u015fu\",\"datePublished\":\"2025-03-17T09:11:15+00:00\",\"mainEntityOfPage\":{\"@id\":\"https:\\\/\\\/kuzeyinsesi.org\\\/index.php\\\/2025\\\/03\\\/17\\\/turk-hava-kuvvetlerinden-kibris-adasinin-guneyinde-egitim-ucusu-3\\\/\"},\"wordCount\":101,\"commentCount\":0,\"image\":{\"@id\":\"https:\\\/\\\/kuzeyinsesi.org\\\/index.php\\\/2025\\\/03\\\/17\\\/turk-hava-kuvvetlerinden-kibris-adasinin-guneyinde-egitim-ucusu-3\\\/#primaryimage\"},\"thumbnailUrl\":\"https:\\\/\\\/kuzeyinsesi.org\\\/wp-content\\\/uploads\\\/2025\\\/03\\\/999999999998888.jpg\",\"articleSection\":[\"T\u00fcrkiye\"],\"inLanguage\":\"tr\",\"potentialAction\":[{\"@type\":\"CommentAction\",\"name\":\"Comment\",\"target\":[\"https:\\\/\\\/kuzeyinsesi.org\\\/index.php\\\/2025\\\/03\\\/17\\\/turk-hava-kuvvetlerinden-kibris-adasinin-guneyinde-egitim-ucusu-3\\\/#respond\"]}]},{\"@type\":\"WebPage\",\"@id\":\"https:\\\/\\\/kuzeyinsesi.org\\\/index.php\\\/2025\\\/03\\\/17\\\/turk-hava-kuvvetlerinden-kibris-adasinin-guneyinde-egitim-ucusu-3\\\/\",\"url\":\"https:\\\/\\\/kuzeyinsesi.org\\\/index.php\\\/2025\\\/03\\\/17\\\/turk-hava-kuvvetlerinden-kibris-adasinin-guneyinde-egitim-ucusu-3\\\/\",\"name\":\"T\u00fcrk Hava Kuvvetlerinden K\u0131br\u0131s Adas\u0131\u2019n\u0131n g\u00fcneyinde e\u011fitim u\u00e7u\u015fu - Kuzeyin Sesi\",\"isPartOf\":{\"@id\":\"https:\\\/\\\/kuzeyinsesi.org\\\/#website\"},\"primaryImageOfPage\":{\"@id\":\"https:\\\/\\\/kuzeyinsesi.org\\\/index.php\\\/2025\\\/03\\\/17\\\/turk-hava-kuvvetlerinden-kibris-adasinin-guneyinde-egitim-ucusu-3\\\/#primaryimage\"},\"image\":{\"@id\":\"https:\\\/\\\/kuzeyinsesi.org\\\/index.php\\\/2025\\\/03\\\/17\\\/turk-hava-kuvvetlerinden-kibris-adasinin-guneyinde-egitim-ucusu-3\\\/#primaryimage\"},\"thumbnailUrl\":\"https:\\\/\\\/kuzeyinsesi.org\\\/wp-content\\\/uploads\\\/2025\\\/03\\\/999999999998888.jpg\",\"datePublished\":\"2025-03-17T09:11:15+00:00\",\"author\":{\"@id\":\"https:\\\/\\\/kuzeyinsesi.org\\\/#\\\/schema\\\/person\\\/9f859689cdf01485597712386e37f5aa\"},\"breadcrumb\":{\"@id\":\"https:\\\/\\\/kuzeyinsesi.org\\\/index.php\\\/2025\\\/03\\\/17\\\/turk-hava-kuvvetlerinden-kibris-adasinin-guneyinde-egitim-ucusu-3\\\/#breadcrumb\"},\"inLanguage\":\"tr\",\"potentialAction\":[{\"@type\":\"ReadAction\",\"target\":[\"https:\\\/\\\/kuzeyinsesi.org\\\/index.php\\\/2025\\\/03\\\/17\\\/turk-hava-kuvvetlerinden-kibris-adasinin-guneyinde-egitim-ucusu-3\\\/\"]}]},{\"@type\":\"ImageObject\",\"inLanguage\":\"tr\",\"@id\":\"https:\\\/\\\/kuzeyinsesi.org\\\/index.php\\\/2025\\\/03\\\/17\\\/turk-hava-kuvvetlerinden-kibris-adasinin-guneyinde-egitim-ucusu-3\\\/#primaryimage\",\"url\":\"https:\\\/\\\/kuzeyinsesi.org\\\/wp-content\\\/uploads\\\/2025\\\/03\\\/999999999998888.jpg\",\"contentUrl\":\"https:\\\/\\\/kuzeyinsesi.org\\\/wp-content\\\/uploads\\\/2025\\\/03\\\/999999999998888.jpg\",\"width\":864,\"height\":486},{\"@type\":\"BreadcrumbList\",\"@id\":\"https:\\\/\\\/kuzeyinsesi.org\\\/index.php\\\/2025\\\/03\\\/17\\\/turk-hava-kuvvetlerinden-kibris-adasinin-guneyinde-egitim-ucusu-3\\\/#breadcrumb\",\"itemListElement\":[{\"@type\":\"ListItem\",\"position\":1,\"name\":\"Anasayfa\",\"item\":\"https:\\\/\\\/kuzeyinsesi.org\\\/\"},{\"@type\":\"ListItem\",\"position\":2,\"name\":\"T\u00fcrk Hava Kuvvetlerinden K\u0131br\u0131s Adas\u0131\u2019n\u0131n g\u00fcneyinde e\u011fitim u\u00e7u\u015fu\"}]},{\"@type\":\"WebSite\",\"@id\":\"https:\\\/\\\/kuzeyinsesi.org\\\/#website\",\"url\":\"https:\\\/\\\/kuzeyinsesi.org\\\/\",\"name\":\"Kuzeyin Sesi\",\"description\":\"Do\u011fru Haberin Adresi\",\"potentialAction\":[{\"@type\":\"SearchAction\",\"target\":{\"@type\":\"EntryPoint\",\"urlTemplate\":\"https:\\\/\\\/kuzeyinsesi.org\\\/?s={search_term_string}\"},\"query-input\":{\"@type\":\"PropertyValueSpecification\",\"valueRequired\":true,\"valueName\":\"search_term_string\"}}],\"inLanguage\":\"tr\"},{\"@type\":\"Person\",\"@id\":\"https:\\\/\\\/kuzeyinsesi.org\\\/#\\\/schema\\\/person\\\/9f859689cdf01485597712386e37f5aa\",\"name\":\"Kuzeyin Sesi\",\"image\":{\"@type\":\"ImageObject\",\"inLanguage\":\"tr\",\"@id\":\"https:\\\/\\\/secure.gravatar.com\\\/avatar\\\/bab33852abfd8b282518d6ed81826833d77c3c882d9ab608add591ccace47a44?s=96&d=mm&r=g\",\"url\":\"https:\\\/\\\/secure.gravatar.com\\\/avatar\\\/bab33852abfd8b282518d6ed81826833d77c3c882d9ab608add591ccace47a44?s=96&d=mm&r=g\",\"contentUrl\":\"https:\\\/\\\/secure.gravatar.com\\\/avatar\\\/bab33852abfd8b282518d6ed81826833d77c3c882d9ab608add591ccace47a44?s=96&d=mm&r=g\",\"caption\":\"Kuzeyin Sesi\"},\"sameAs\":[\"https:\\\/\\\/kuzeyinsesi.org\"],\"url\":\"https:\\\/\\\/kuzeyinsesi.org\\\/index.php\\\/author\\\/guven\\\/\"}]}<\/script>\n<!-- \/ Yoast SEO plugin. -->","yoast_head_json":{"title":"T\u00fcrk Hava Kuvvetlerinden K\u0131br\u0131s Adas\u0131\u2019n\u0131n g\u00fcneyinde e\u011fitim u\u00e7u\u015fu - Kuzeyin Sesi","robots":{"index":"index","follow":"follow","max-snippet":"max-snippet:-1","max-image-preview":"max-image-preview:large","max-video-preview":"max-video-preview:-1"},"canonical":"https:\/\/kuzeyinsesi.org\/index.php\/2025\/03\/17\/turk-hava-kuvvetlerinden-kibris-adasinin-guneyinde-egitim-ucusu-3\/","og_locale":"tr_TR","og_type":"article","og_title":"T\u00fcrk Hava Kuvvetlerinden K\u0131br\u0131s Adas\u0131\u2019n\u0131n g\u00fcneyinde e\u011fitim u\u00e7u\u015fu - Kuzeyin Sesi","og_description":"T\u00fcrkiye Milli Savunma Bakanl\u0131\u011f\u0131, Hava Kuvvetleri Komutanl\u0131\u011f\u0131na ba\u011fl\u0131 muharip ve destek u\u00e7aklar\u0131yla K\u0131br\u0131s\u2019\u0131n g\u00fcneyinde e\u011fitim u\u00e7u\u015fu ger\u00e7ekle\u015ftirildi\u011fini bildirdi. Bakanl\u0131ktan yap\u0131lan a\u00e7\u0131klamada, Hava Kuvvetleri Komutanl\u0131\u011f\u0131na ba\u011fl\u0131 \u00e7e\u015fitli \u00fcslerden havalanan muharip ve destek u\u00e7aklar\u0131n\u0131n kat\u0131l\u0131m\u0131yla K\u0131br\u0131s Adas\u0131\u2019n\u0131n g\u00fcneyinde, Akdeniz\u2019in uluslararas\u0131 hava sahas\u0131nda e\u011fitim u\u00e7u\u015fu ger\u00e7ekle\u015ftirildi\u011fi kaydedildi.","og_url":"https:\/\/kuzeyinsesi.org\/index.php\/2025\/03\/17\/turk-hava-kuvvetlerinden-kibris-adasinin-guneyinde-egitim-ucusu-3\/","og_site_name":"Kuzeyin Sesi","article_publisher":"https:\/\/www.facebook.com\/kuzeyinsesii","article_published_time":"2025-03-17T09:11:15+00:00","og_image":[{"url":"https:\/\/brtk.net\/wp-content\/uploads\/2025\/03\/17\/999999999998888.jpg?ver=8812d7af659012fa96f16b6367d2bef6","type":"","width":"","height":""}],"author":"Kuzeyin Sesi","twitter_card":"summary_large_image","twitter_creator":"@kuzeyinsesii","twitter_site":"@kuzeyinsesii","twitter_misc":{"Yazan:":"Kuzeyin Sesi"},"schema":{"@context":"https:\/\/schema.org","@graph":[{"@type":"Article","@id":"https:\/\/kuzeyinsesi.org\/index.php\/2025\/03\/17\/turk-hava-kuvvetlerinden-kibris-adasinin-guneyinde-egitim-ucusu-3\/#article","isPartOf":{"@id":"https:\/\/kuzeyinsesi.org\/index.php\/2025\/03\/17\/turk-hava-kuvvetlerinden-kibris-adasinin-guneyinde-egitim-ucusu-3\/"},"author":{"name":"Kuzeyin Sesi","@id":"https:\/\/kuzeyinsesi.org\/#\/schema\/person\/9f859689cdf01485597712386e37f5aa"},"headline":"T\u00fcrk Hava Kuvvetlerinden K\u0131br\u0131s Adas\u0131\u2019n\u0131n g\u00fcneyinde e\u011fitim u\u00e7u\u015fu","datePublished":"2025-03-17T09:11:15+00:00","mainEntityOfPage":{"@id":"https:\/\/kuzeyinsesi.org\/index.php\/2025\/03\/17\/turk-hava-kuvvetlerinden-kibris-adasinin-guneyinde-egitim-ucusu-3\/"},"wordCount":101,"commentCount":0,"image":{"@id":"https:\/\/kuzeyinsesi.org\/index.php\/2025\/03\/17\/turk-hava-kuvvetlerinden-kibris-adasinin-guneyinde-egitim-ucusu-3\/#primaryimage"},"thumbnailUrl":"https:\/\/kuzeyinsesi.org\/wp-content\/uploads\/2025\/03\/999999999998888.jpg","articleSection":["T\u00fcrkiye"],"inLanguage":"tr","potentialAction":[{"@type":"CommentAction","name":"Comment","target":["https:\/\/kuzeyinsesi.org\/index.php\/2025\/03\/17\/turk-hava-kuvvetlerinden-kibris-adasinin-guneyinde-egitim-ucusu-3\/#respond"]}]},{"@type":"WebPage","@id":"https:\/\/kuzeyinsesi.org\/index.php\/2025\/03\/17\/turk-hava-kuvvetlerinden-kibris-adasinin-guneyinde-egitim-ucusu-3\/","url":"https:\/\/kuzeyinsesi.org\/index.php\/2025\/03\/17\/turk-hava-kuvvetlerinden-kibris-adasinin-guneyinde-egitim-ucusu-3\/","name":"T\u00fcrk Hava Kuvvetlerinden K\u0131br\u0131s Adas\u0131\u2019n\u0131n g\u00fcneyinde e\u011fitim u\u00e7u\u015fu - Kuzeyin Sesi","isPartOf":{"@id":"https:\/\/kuzeyinsesi.org\/#website"},"primaryImageOfPage":{"@id":"https:\/\/kuzeyinsesi.org\/index.php\/2025\/03\/17\/turk-hava-kuvvetlerinden-kibris-adasinin-guneyinde-egitim-ucusu-3\/#primaryimage"},"image":{"@id":"https:\/\/kuzeyinsesi.org\/index.php\/2025\/03\/17\/turk-hava-kuvvetlerinden-kibris-adasinin-guneyinde-egitim-ucusu-3\/#primaryimage"},"thumbnailUrl":"https:\/\/kuzeyinsesi.org\/wp-content\/uploads\/2025\/03\/999999999998888.jpg","datePublished":"2025-03-17T09:11:15+00:00","author":{"@id":"https:\/\/kuzeyinsesi.org\/#\/schema\/person\/9f859689cdf01485597712386e37f5aa"},"breadcrumb":{"@id":"https:\/\/kuzeyinsesi.org\/index.php\/2025\/03\/17\/turk-hava-kuvvetlerinden-kibris-adasinin-guneyinde-egitim-ucusu-3\/#breadcrumb"},"inLanguage":"tr","potentialAction":[{"@type":"ReadAction","target":["https:\/\/kuzeyinsesi.org\/index.php\/2025\/03\/17\/turk-hava-kuvvetlerinden-kibris-adasinin-guneyinde-egitim-ucusu-3\/"]}]},{"@type":"ImageObject","inLanguage":"tr","@id":"https:\/\/kuzeyinsesi.org\/index.php\/2025\/03\/17\/turk-hava-kuvvetlerinden-kibris-adasinin-guneyinde-egitim-ucusu-3\/#primaryimage","url":"https:\/\/kuzeyinsesi.org\/wp-content\/uploads\/2025\/03\/999999999998888.jpg","contentUrl":"https:\/\/kuzeyinsesi.org\/wp-content\/uploads\/2025\/03\/999999999998888.jpg","width":864,"height":486},{"@type":"BreadcrumbList","@id":"https:\/\/kuzeyinsesi.org\/index.php\/2025\/03\/17\/turk-hava-kuvvetlerinden-kibris-adasinin-guneyinde-egitim-ucusu-3\/#breadcrumb","itemListElement":[{"@type":"ListItem","position":1,"name":"Anasayfa","item":"https:\/\/kuzeyinsesi.org\/"},{"@type":"ListItem","position":2,"name":"T\u00fcrk Hava Kuvvetlerinden K\u0131br\u0131s Adas\u0131\u2019n\u0131n g\u00fcneyinde e\u011fitim u\u00e7u\u015fu"}]},{"@type":"WebSite","@id":"https:\/\/kuzeyinsesi.org\/#website","url":"https:\/\/kuzeyinsesi.org\/","name":"Kuzeyin Sesi","description":"Do\u011fru Haberin Adresi","potentialAction":[{"@type":"SearchAction","target":{"@type":"EntryPoint","urlTemplate":"https:\/\/kuzeyinsesi.org\/?s={search_term_string}"},"query-input":{"@type":"PropertyValueSpecification","valueRequired":true,"valueName":"search_term_string"}}],"inLanguage":"tr"},{"@type":"Person","@id":"https:\/\/kuzeyinsesi.org\/#\/schema\/person\/9f859689cdf01485597712386e37f5aa","name":"Kuzeyin Sesi","image":{"@type":"ImageObject","inLanguage":"tr","@id":"https:\/\/secure.gravatar.com\/avatar\/bab33852abfd8b282518d6ed81826833d77c3c882d9ab608add591ccace47a44?s=96&d=mm&r=g","url":"https:\/\/secure.gravatar.com\/avatar\/bab33852abfd8b282518d6ed81826833d77c3c882d9ab608add591ccace47a44?s=96&d=mm&r=g","contentUrl":"https:\/\/secure.gravatar.com\/avatar\/bab33852abfd8b282518d6ed81826833d77c3c882d9ab608add591ccace47a44?s=96&d=mm&r=g","caption":"Kuzeyin Sesi"},"sameAs":["https:\/\/kuzeyinsesi.org"],"url":"https:\/\/kuzeyinsesi.org\/index.php\/author\/guven\/"}]}},"_links":{"self":[{"href":"https:\/\/kuzeyinsesi.org\/index.php\/wp-json\/wp\/v2\/posts\/21070","targetHints":{"allow":["GET"]}}],"collection":[{"href":"https:\/\/kuzeyinsesi.org\/index.php\/wp-json\/wp\/v2\/posts"}],"about":[{"href":"https:\/\/kuzeyinsesi.org\/index.php\/wp-json\/wp\/v2\/types\/post"}],"author":[{"embeddable":true,"href":"https:\/\/kuzeyinsesi.org\/index.php\/wp-json\/wp\/v2\/users\/1"}],"replies":[{"embeddable":true,"href":"https:\/\/kuzeyinsesi.org\/index.php\/wp-json\/wp\/v2\/comments?post=21070"}],"version-history":[{"count":0,"href":"https:\/\/kuzeyinsesi.org\/index.php\/wp-json\/wp\/v2\/posts\/21070\/revisions"}],"wp:featuredmedia":[{"embeddable":true,"href":"https:\/\/kuzeyinsesi.org\/index.php\/wp-json\/wp\/v2\/media\/21071"}],"wp:attachment":[{"href":"https:\/\/kuzeyinsesi.org\/index.php\/wp-json\/wp\/v2\/media?parent=21070"}],"wp:term":[{"taxonomy":"category","embeddable":true,"href":"https:\/\/kuzeyinsesi.org\/index.php\/wp-json\/wp\/v2\/categories?post=21070"},{"taxonomy":"post_tag","embeddable":true,"href":"https:\/\/kuzeyinsesi.org\/index.php\/wp-json\/wp\/v2\/tags?post=21070"}],"curies":[{"name":"wp","href":"https:\/\/api.w.org\/{rel}","templated":true}]}}