{"id":2106,"date":"2024-05-11T17:56:54","date_gmt":"2024-05-11T14:56:54","guid":{"rendered":"https:\/\/kuzeyinsesi.com\/index.php\/2024\/05\/11\/norvec-filistinin-bm-uyeligi-icin-lehte-oy-kullanacagini-acikladi\/"},"modified":"2024-05-11T17:56:54","modified_gmt":"2024-05-11T14:56:54","slug":"norvec-filistinin-bm-uyeligi-icin-lehte-oy-kullanacagini-acikladi","status":"publish","type":"post","link":"https:\/\/kuzeyinsesi.org\/index.php\/2024\/05\/11\/norvec-filistinin-bm-uyeligi-icin-lehte-oy-kullanacagini-acikladi\/","title":{"rendered":"Norve\u00e7 Filistin&#039;in BM \u00fcyeli\u011fi i\u00e7in lehte oy kullanaca\u011f\u0131n\u0131 a\u00e7\u0131klad\u0131"},"content":{"rendered":"<p><\/p>\n<div>\n<p>&#13;<br \/>\n\t<a href=\"https:\/\/www.trthaber.com\/etiket\/norvec\/\" target=\"_blank\" rel=\"noopener\">Norve\u00e7<\/a> D\u0131\u015fi\u015fleri Bakan\u0131 Espen Barth Eide, <a href=\"https:\/\/www.trthaber.com\/etiket\/birlesmis-milletler\/\" target=\"_blank\" rel=\"noopener\">Birle\u015fmi\u015f Milletler<\/a> (BM) Genel Kurulunun karar\u0131na ili\u015fkin a\u00e7\u0131klama yapt\u0131.<\/p>\n<p>&#13;<br \/>\n\tEide, Norve\u00e7&#8217;in, Filistin&#8217;in BM&#8217;ye tam \u00fcyelik stat\u00fcs\u00fc i\u00e7in yapt\u0131\u011f\u0131 ba\u015fvuruyu destekledi\u011fini ve Genel Kurulda yap\u0131lacak oylamada \u00fclkesinin lehte oy kullanaca\u011f\u0131n\u0131 ifade etti.<\/p>\n<p>&#13;<br \/>\n\t&#8220;Karar\u0131n 143 \u00fclkenin lehte oy kullanmas\u0131yla kabul edilmesinden b\u00fcy\u00fck memnuniyet duyuyoruz.&#8221; \u015feklinde konu\u015fan Eide, &#8220;iki devletli \u00e7\u00f6z\u00fcm\u00fcn sa\u011flanmas\u0131 i\u00e7in Filistin devletinin kurulmas\u0131n\u0131n gerekli oldu\u011funu&#8221; kaydetti.<\/p>\n<h2>&#13;<br \/>\n\tBM Genel Kurulu, Filistin hakk\u0131ndaki karar tasar\u0131s\u0131n\u0131 kabul etti<\/h2>\n<p>&#13;<br \/>\n\tBM Genel Kurulunda d\u00fcn yap\u0131lan oylamada, Filistin&#8217;in BM \u00fcyeli\u011finin BM G\u00fcvenlik Konseyinde tekrar g\u00f6r\u00fc\u015f\u00fclmesi ve g\u00f6zlemci stat\u00fcs\u00fcndeki Filistin&#8217;e baz\u0131 ilave haklar tan\u0131nmas\u0131n\u0131n istendi\u011fi karar tasar\u0131s\u0131 kabul edilmi\u015fti.<\/p>\n<p>&#13;<br \/>\n\tKararda, &#8220;Filistin&#8217;in BM \u015eart\u0131&#8217;n\u0131n 4. maddesi uyar\u0131nca BM&#8217;ye \u00fcyelik kriterlerini yerine getirdi\u011fine ve bu nedenle BM&#8217;ye \u00fcye olarak kabul edilmesi gerekti\u011fine&#8221; i\u015faret edilmi\u015fti.<\/p>\n<p>&#13;<br \/>\n\tFilistin, 2011&#8217;de de BM&#8217;ye tam \u00fcyelik ba\u015fvurusu yapm\u0131\u015f ancak BMGK&#8217;de gereken deste\u011fi alamam\u0131\u015ft\u0131. Filistin, 2012 y\u0131l\u0131nda BM&#8217;de &#8220;daimi g\u00f6zlemci stat\u00fcs\u00fcne&#8221; kavu\u015fmu\u015ftu.<\/p>\n<\/p><\/div>\n","protected":false},"excerpt":{"rendered":"<p>&#13; Norve\u00e7 D\u0131\u015fi\u015fleri Bakan\u0131 Espen Barth Eide, Birle\u015fmi\u015f Milletler (BM) Genel Kurulunun karar\u0131na ili\u015fkin a\u00e7\u0131klama yapt\u0131. &#13; Eide, Norve\u00e7&#8217;in, Filistin&#8217;in BM&#8217;ye tam \u00fcyelik stat\u00fcs\u00fc i\u00e7in yapt\u0131\u011f\u0131 ba\u015fvuruyu destekledi\u011fini ve Genel Kurulda yap\u0131lacak oylamada \u00fclkesinin lehte oy kullanaca\u011f\u0131n\u0131 ifade etti. &#13; &#8220;Karar\u0131n 143 \u00fclkenin lehte oy kullanmas\u0131yla kabul edilmesinden b\u00fcy\u00fck memnuniyet duyuyoruz.&#8221; \u015feklinde konu\u015fan Eide, &#8220;iki [&hellip;]<\/p>\n","protected":false},"author":1,"featured_media":2107,"comment_status":"open","ping_status":"open","sticky":false,"template":"","format":"standard","meta":{"jnews-multi-image_gallery":[],"jnews_single_post":[],"jnews_primary_category":[],"jnews_social_meta":[],"jnews_override_counter":[],"footnotes":""},"categories":[2],"tags":[],"class_list":["post-2106","post","type-post","status-publish","format-standard","has-post-thumbnail","hentry","category-dunya"],"yoast_head":"<!-- This site is optimized with the Yoast SEO plugin v27.5 - https:\/\/yoast.com\/product\/yoast-seo-wordpress\/ -->\n<title>Norve\u00e7 Filistin&#039;in BM \u00fcyeli\u011fi i\u00e7in lehte oy kullanaca\u011f\u0131n\u0131 a\u00e7\u0131klad\u0131 - Kuzeyin Sesi<\/title>\n<meta name=\"robots\" content=\"index, follow, max-snippet:-1, max-image-preview:large, max-video-preview:-1\" \/>\n<link rel=\"canonical\" href=\"https:\/\/kuzeyinsesi.org\/index.php\/2024\/05\/11\/norvec-filistinin-bm-uyeligi-icin-lehte-oy-kullanacagini-acikladi\/\" \/>\n<meta property=\"og:locale\" content=\"tr_TR\" \/>\n<meta property=\"og:type\" content=\"article\" \/>\n<meta property=\"og:title\" content=\"Norve\u00e7 Filistin&#039;in BM \u00fcyeli\u011fi i\u00e7in lehte oy kullanaca\u011f\u0131n\u0131 a\u00e7\u0131klad\u0131 - Kuzeyin Sesi\" \/>\n<meta property=\"og:description\" content=\"&#013; Norve\u00e7 D\u0131\u015fi\u015fleri Bakan\u0131 Espen Barth Eide, Birle\u015fmi\u015f Milletler (BM) Genel Kurulunun karar\u0131na ili\u015fkin a\u00e7\u0131klama yapt\u0131. &#013; Eide, Norve\u00e7&#8217;in, Filistin&#8217;in BM&#8217;ye tam \u00fcyelik stat\u00fcs\u00fc i\u00e7in yapt\u0131\u011f\u0131 ba\u015fvuruyu destekledi\u011fini ve Genel Kurulda yap\u0131lacak oylamada \u00fclkesinin lehte oy kullanaca\u011f\u0131n\u0131 ifade etti. &#013; &#8220;Karar\u0131n 143 \u00fclkenin lehte oy kullanmas\u0131yla kabul edilmesinden b\u00fcy\u00fck memnuniyet duyuyoruz.&#8221; \u015feklinde konu\u015fan Eide, &#8220;iki [&hellip;]\" \/>\n<meta property=\"og:url\" content=\"https:\/\/kuzeyinsesi.org\/index.php\/2024\/05\/11\/norvec-filistinin-bm-uyeligi-icin-lehte-oy-kullanacagini-acikladi\/\" \/>\n<meta property=\"og:site_name\" content=\"Kuzeyin Sesi\" \/>\n<meta property=\"article:publisher\" content=\"https:\/\/www.facebook.com\/kuzeyinsesii\" \/>\n<meta property=\"article:published_time\" content=\"2024-05-11T14:56:54+00:00\" \/>\n<meta property=\"og:image\" content=\"https:\/\/kuzeyinsesi.org\/wp-content\/uploads\/2024\/05\/norvec-bayragi-aa-1618640.jpg\" \/>\n\t<meta property=\"og:image:width\" content=\"1280\" \/>\n\t<meta property=\"og:image:height\" content=\"720\" \/>\n\t<meta property=\"og:image:type\" content=\"image\/jpeg\" \/>\n<meta name=\"author\" content=\"Kuzeyin Sesi\" \/>\n<meta name=\"twitter:card\" content=\"summary_large_image\" \/>\n<meta name=\"twitter:creator\" content=\"@kuzeyinsesii\" \/>\n<meta name=\"twitter:site\" content=\"@kuzeyinsesii\" \/>\n<meta name=\"twitter:label1\" content=\"Yazan:\" \/>\n\t<meta name=\"twitter:data1\" content=\"Kuzeyin Sesi\" \/>\n\t<meta name=\"twitter:label2\" content=\"Tahmini okuma s\u00fcresi\" \/>\n\t<meta name=\"twitter:data2\" content=\"1 dakika\" \/>\n<script type=\"application\/ld+json\" class=\"yoast-schema-graph\">{\"@context\":\"https:\\\/\\\/schema.org\",\"@graph\":[{\"@type\":\"Article\",\"@id\":\"https:\\\/\\\/kuzeyinsesi.org\\\/index.php\\\/2024\\\/05\\\/11\\\/norvec-filistinin-bm-uyeligi-icin-lehte-oy-kullanacagini-acikladi\\\/#article\",\"isPartOf\":{\"@id\":\"https:\\\/\\\/kuzeyinsesi.org\\\/index.php\\\/2024\\\/05\\\/11\\\/norvec-filistinin-bm-uyeligi-icin-lehte-oy-kullanacagini-acikladi\\\/\"},\"author\":{\"name\":\"Kuzeyin Sesi\",\"@id\":\"https:\\\/\\\/kuzeyinsesi.org\\\/#\\\/schema\\\/person\\\/9f859689cdf01485597712386e37f5aa\"},\"headline\":\"Norve\u00e7 Filistin&#039;in BM \u00fcyeli\u011fi i\u00e7in lehte oy kullanaca\u011f\u0131n\u0131 a\u00e7\u0131klad\u0131\",\"datePublished\":\"2024-05-11T14:56:54+00:00\",\"mainEntityOfPage\":{\"@id\":\"https:\\\/\\\/kuzeyinsesi.org\\\/index.php\\\/2024\\\/05\\\/11\\\/norvec-filistinin-bm-uyeligi-icin-lehte-oy-kullanacagini-acikladi\\\/\"},\"wordCount\":223,\"commentCount\":0,\"image\":{\"@id\":\"https:\\\/\\\/kuzeyinsesi.org\\\/index.php\\\/2024\\\/05\\\/11\\\/norvec-filistinin-bm-uyeligi-icin-lehte-oy-kullanacagini-acikladi\\\/#primaryimage\"},\"thumbnailUrl\":\"https:\\\/\\\/kuzeyinsesi.org\\\/wp-content\\\/uploads\\\/2024\\\/05\\\/norvec-bayragi-aa-1618640.jpg\",\"articleSection\":[\"D\u00fcnya\"],\"inLanguage\":\"tr\",\"potentialAction\":[{\"@type\":\"CommentAction\",\"name\":\"Comment\",\"target\":[\"https:\\\/\\\/kuzeyinsesi.org\\\/index.php\\\/2024\\\/05\\\/11\\\/norvec-filistinin-bm-uyeligi-icin-lehte-oy-kullanacagini-acikladi\\\/#respond\"]}]},{\"@type\":\"WebPage\",\"@id\":\"https:\\\/\\\/kuzeyinsesi.org\\\/index.php\\\/2024\\\/05\\\/11\\\/norvec-filistinin-bm-uyeligi-icin-lehte-oy-kullanacagini-acikladi\\\/\",\"url\":\"https:\\\/\\\/kuzeyinsesi.org\\\/index.php\\\/2024\\\/05\\\/11\\\/norvec-filistinin-bm-uyeligi-icin-lehte-oy-kullanacagini-acikladi\\\/\",\"name\":\"Norve\u00e7 Filistin&#039;in BM \u00fcyeli\u011fi i\u00e7in lehte oy kullanaca\u011f\u0131n\u0131 a\u00e7\u0131klad\u0131 - Kuzeyin Sesi\",\"isPartOf\":{\"@id\":\"https:\\\/\\\/kuzeyinsesi.org\\\/#website\"},\"primaryImageOfPage\":{\"@id\":\"https:\\\/\\\/kuzeyinsesi.org\\\/index.php\\\/2024\\\/05\\\/11\\\/norvec-filistinin-bm-uyeligi-icin-lehte-oy-kullanacagini-acikladi\\\/#primaryimage\"},\"image\":{\"@id\":\"https:\\\/\\\/kuzeyinsesi.org\\\/index.php\\\/2024\\\/05\\\/11\\\/norvec-filistinin-bm-uyeligi-icin-lehte-oy-kullanacagini-acikladi\\\/#primaryimage\"},\"thumbnailUrl\":\"https:\\\/\\\/kuzeyinsesi.org\\\/wp-content\\\/uploads\\\/2024\\\/05\\\/norvec-bayragi-aa-1618640.jpg\",\"datePublished\":\"2024-05-11T14:56:54+00:00\",\"author\":{\"@id\":\"https:\\\/\\\/kuzeyinsesi.org\\\/#\\\/schema\\\/person\\\/9f859689cdf01485597712386e37f5aa\"},\"breadcrumb\":{\"@id\":\"https:\\\/\\\/kuzeyinsesi.org\\\/index.php\\\/2024\\\/05\\\/11\\\/norvec-filistinin-bm-uyeligi-icin-lehte-oy-kullanacagini-acikladi\\\/#breadcrumb\"},\"inLanguage\":\"tr\",\"potentialAction\":[{\"@type\":\"ReadAction\",\"target\":[\"https:\\\/\\\/kuzeyinsesi.org\\\/index.php\\\/2024\\\/05\\\/11\\\/norvec-filistinin-bm-uyeligi-icin-lehte-oy-kullanacagini-acikladi\\\/\"]}]},{\"@type\":\"ImageObject\",\"inLanguage\":\"tr\",\"@id\":\"https:\\\/\\\/kuzeyinsesi.org\\\/index.php\\\/2024\\\/05\\\/11\\\/norvec-filistinin-bm-uyeligi-icin-lehte-oy-kullanacagini-acikladi\\\/#primaryimage\",\"url\":\"https:\\\/\\\/kuzeyinsesi.org\\\/wp-content\\\/uploads\\\/2024\\\/05\\\/norvec-bayragi-aa-1618640.jpg\",\"contentUrl\":\"https:\\\/\\\/kuzeyinsesi.org\\\/wp-content\\\/uploads\\\/2024\\\/05\\\/norvec-bayragi-aa-1618640.jpg\",\"width\":1280,\"height\":720},{\"@type\":\"BreadcrumbList\",\"@id\":\"https:\\\/\\\/kuzeyinsesi.org\\\/index.php\\\/2024\\\/05\\\/11\\\/norvec-filistinin-bm-uyeligi-icin-lehte-oy-kullanacagini-acikladi\\\/#breadcrumb\",\"itemListElement\":[{\"@type\":\"ListItem\",\"position\":1,\"name\":\"Anasayfa\",\"item\":\"https:\\\/\\\/kuzeyinsesi.org\\\/\"},{\"@type\":\"ListItem\",\"position\":2,\"name\":\"Norve\u00e7 Filistin&#039;in BM \u00fcyeli\u011fi i\u00e7in lehte oy kullanaca\u011f\u0131n\u0131 a\u00e7\u0131klad\u0131\"}]},{\"@type\":\"WebSite\",\"@id\":\"https:\\\/\\\/kuzeyinsesi.org\\\/#website\",\"url\":\"https:\\\/\\\/kuzeyinsesi.org\\\/\",\"name\":\"Kuzeyin Sesi\",\"description\":\"Do\u011fru Haberin Adresi\",\"potentialAction\":[{\"@type\":\"SearchAction\",\"target\":{\"@type\":\"EntryPoint\",\"urlTemplate\":\"https:\\\/\\\/kuzeyinsesi.org\\\/?s={search_term_string}\"},\"query-input\":{\"@type\":\"PropertyValueSpecification\",\"valueRequired\":true,\"valueName\":\"search_term_string\"}}],\"inLanguage\":\"tr\"},{\"@type\":\"Person\",\"@id\":\"https:\\\/\\\/kuzeyinsesi.org\\\/#\\\/schema\\\/person\\\/9f859689cdf01485597712386e37f5aa\",\"name\":\"Kuzeyin Sesi\",\"image\":{\"@type\":\"ImageObject\",\"inLanguage\":\"tr\",\"@id\":\"https:\\\/\\\/secure.gravatar.com\\\/avatar\\\/bab33852abfd8b282518d6ed81826833d77c3c882d9ab608add591ccace47a44?s=96&d=mm&r=g\",\"url\":\"https:\\\/\\\/secure.gravatar.com\\\/avatar\\\/bab33852abfd8b282518d6ed81826833d77c3c882d9ab608add591ccace47a44?s=96&d=mm&r=g\",\"contentUrl\":\"https:\\\/\\\/secure.gravatar.com\\\/avatar\\\/bab33852abfd8b282518d6ed81826833d77c3c882d9ab608add591ccace47a44?s=96&d=mm&r=g\",\"caption\":\"Kuzeyin Sesi\"},\"sameAs\":[\"https:\\\/\\\/kuzeyinsesi.org\"],\"url\":\"https:\\\/\\\/kuzeyinsesi.org\\\/index.php\\\/author\\\/guven\\\/\"}]}<\/script>\n<!-- \/ Yoast SEO plugin. -->","yoast_head_json":{"title":"Norve\u00e7 Filistin&#039;in BM \u00fcyeli\u011fi i\u00e7in lehte oy kullanaca\u011f\u0131n\u0131 a\u00e7\u0131klad\u0131 - Kuzeyin Sesi","robots":{"index":"index","follow":"follow","max-snippet":"max-snippet:-1","max-image-preview":"max-image-preview:large","max-video-preview":"max-video-preview:-1"},"canonical":"https:\/\/kuzeyinsesi.org\/index.php\/2024\/05\/11\/norvec-filistinin-bm-uyeligi-icin-lehte-oy-kullanacagini-acikladi\/","og_locale":"tr_TR","og_type":"article","og_title":"Norve\u00e7 Filistin&#039;in BM \u00fcyeli\u011fi i\u00e7in lehte oy kullanaca\u011f\u0131n\u0131 a\u00e7\u0131klad\u0131 - Kuzeyin Sesi","og_description":"&#13; Norve\u00e7 D\u0131\u015fi\u015fleri Bakan\u0131 Espen Barth Eide, Birle\u015fmi\u015f Milletler (BM) Genel Kurulunun karar\u0131na ili\u015fkin a\u00e7\u0131klama yapt\u0131. &#13; Eide, Norve\u00e7&#8217;in, Filistin&#8217;in BM&#8217;ye tam \u00fcyelik stat\u00fcs\u00fc i\u00e7in yapt\u0131\u011f\u0131 ba\u015fvuruyu destekledi\u011fini ve Genel Kurulda yap\u0131lacak oylamada \u00fclkesinin lehte oy kullanaca\u011f\u0131n\u0131 ifade etti. &#13; &#8220;Karar\u0131n 143 \u00fclkenin lehte oy kullanmas\u0131yla kabul edilmesinden b\u00fcy\u00fck memnuniyet duyuyoruz.&#8221; \u015feklinde konu\u015fan Eide, &#8220;iki [&hellip;]","og_url":"https:\/\/kuzeyinsesi.org\/index.php\/2024\/05\/11\/norvec-filistinin-bm-uyeligi-icin-lehte-oy-kullanacagini-acikladi\/","og_site_name":"Kuzeyin Sesi","article_publisher":"https:\/\/www.facebook.com\/kuzeyinsesii","article_published_time":"2024-05-11T14:56:54+00:00","og_image":[{"width":1280,"height":720,"url":"https:\/\/kuzeyinsesi.org\/wp-content\/uploads\/2024\/05\/norvec-bayragi-aa-1618640.jpg","type":"image\/jpeg"}],"author":"Kuzeyin Sesi","twitter_card":"summary_large_image","twitter_creator":"@kuzeyinsesii","twitter_site":"@kuzeyinsesii","twitter_misc":{"Yazan:":"Kuzeyin Sesi","Tahmini okuma s\u00fcresi":"1 dakika"},"schema":{"@context":"https:\/\/schema.org","@graph":[{"@type":"Article","@id":"https:\/\/kuzeyinsesi.org\/index.php\/2024\/05\/11\/norvec-filistinin-bm-uyeligi-icin-lehte-oy-kullanacagini-acikladi\/#article","isPartOf":{"@id":"https:\/\/kuzeyinsesi.org\/index.php\/2024\/05\/11\/norvec-filistinin-bm-uyeligi-icin-lehte-oy-kullanacagini-acikladi\/"},"author":{"name":"Kuzeyin Sesi","@id":"https:\/\/kuzeyinsesi.org\/#\/schema\/person\/9f859689cdf01485597712386e37f5aa"},"headline":"Norve\u00e7 Filistin&#039;in BM \u00fcyeli\u011fi i\u00e7in lehte oy kullanaca\u011f\u0131n\u0131 a\u00e7\u0131klad\u0131","datePublished":"2024-05-11T14:56:54+00:00","mainEntityOfPage":{"@id":"https:\/\/kuzeyinsesi.org\/index.php\/2024\/05\/11\/norvec-filistinin-bm-uyeligi-icin-lehte-oy-kullanacagini-acikladi\/"},"wordCount":223,"commentCount":0,"image":{"@id":"https:\/\/kuzeyinsesi.org\/index.php\/2024\/05\/11\/norvec-filistinin-bm-uyeligi-icin-lehte-oy-kullanacagini-acikladi\/#primaryimage"},"thumbnailUrl":"https:\/\/kuzeyinsesi.org\/wp-content\/uploads\/2024\/05\/norvec-bayragi-aa-1618640.jpg","articleSection":["D\u00fcnya"],"inLanguage":"tr","potentialAction":[{"@type":"CommentAction","name":"Comment","target":["https:\/\/kuzeyinsesi.org\/index.php\/2024\/05\/11\/norvec-filistinin-bm-uyeligi-icin-lehte-oy-kullanacagini-acikladi\/#respond"]}]},{"@type":"WebPage","@id":"https:\/\/kuzeyinsesi.org\/index.php\/2024\/05\/11\/norvec-filistinin-bm-uyeligi-icin-lehte-oy-kullanacagini-acikladi\/","url":"https:\/\/kuzeyinsesi.org\/index.php\/2024\/05\/11\/norvec-filistinin-bm-uyeligi-icin-lehte-oy-kullanacagini-acikladi\/","name":"Norve\u00e7 Filistin&#039;in BM \u00fcyeli\u011fi i\u00e7in lehte oy kullanaca\u011f\u0131n\u0131 a\u00e7\u0131klad\u0131 - Kuzeyin Sesi","isPartOf":{"@id":"https:\/\/kuzeyinsesi.org\/#website"},"primaryImageOfPage":{"@id":"https:\/\/kuzeyinsesi.org\/index.php\/2024\/05\/11\/norvec-filistinin-bm-uyeligi-icin-lehte-oy-kullanacagini-acikladi\/#primaryimage"},"image":{"@id":"https:\/\/kuzeyinsesi.org\/index.php\/2024\/05\/11\/norvec-filistinin-bm-uyeligi-icin-lehte-oy-kullanacagini-acikladi\/#primaryimage"},"thumbnailUrl":"https:\/\/kuzeyinsesi.org\/wp-content\/uploads\/2024\/05\/norvec-bayragi-aa-1618640.jpg","datePublished":"2024-05-11T14:56:54+00:00","author":{"@id":"https:\/\/kuzeyinsesi.org\/#\/schema\/person\/9f859689cdf01485597712386e37f5aa"},"breadcrumb":{"@id":"https:\/\/kuzeyinsesi.org\/index.php\/2024\/05\/11\/norvec-filistinin-bm-uyeligi-icin-lehte-oy-kullanacagini-acikladi\/#breadcrumb"},"inLanguage":"tr","potentialAction":[{"@type":"ReadAction","target":["https:\/\/kuzeyinsesi.org\/index.php\/2024\/05\/11\/norvec-filistinin-bm-uyeligi-icin-lehte-oy-kullanacagini-acikladi\/"]}]},{"@type":"ImageObject","inLanguage":"tr","@id":"https:\/\/kuzeyinsesi.org\/index.php\/2024\/05\/11\/norvec-filistinin-bm-uyeligi-icin-lehte-oy-kullanacagini-acikladi\/#primaryimage","url":"https:\/\/kuzeyinsesi.org\/wp-content\/uploads\/2024\/05\/norvec-bayragi-aa-1618640.jpg","contentUrl":"https:\/\/kuzeyinsesi.org\/wp-content\/uploads\/2024\/05\/norvec-bayragi-aa-1618640.jpg","width":1280,"height":720},{"@type":"BreadcrumbList","@id":"https:\/\/kuzeyinsesi.org\/index.php\/2024\/05\/11\/norvec-filistinin-bm-uyeligi-icin-lehte-oy-kullanacagini-acikladi\/#breadcrumb","itemListElement":[{"@type":"ListItem","position":1,"name":"Anasayfa","item":"https:\/\/kuzeyinsesi.org\/"},{"@type":"ListItem","position":2,"name":"Norve\u00e7 Filistin&#039;in BM \u00fcyeli\u011fi i\u00e7in lehte oy kullanaca\u011f\u0131n\u0131 a\u00e7\u0131klad\u0131"}]},{"@type":"WebSite","@id":"https:\/\/kuzeyinsesi.org\/#website","url":"https:\/\/kuzeyinsesi.org\/","name":"Kuzeyin Sesi","description":"Do\u011fru Haberin Adresi","potentialAction":[{"@type":"SearchAction","target":{"@type":"EntryPoint","urlTemplate":"https:\/\/kuzeyinsesi.org\/?s={search_term_string}"},"query-input":{"@type":"PropertyValueSpecification","valueRequired":true,"valueName":"search_term_string"}}],"inLanguage":"tr"},{"@type":"Person","@id":"https:\/\/kuzeyinsesi.org\/#\/schema\/person\/9f859689cdf01485597712386e37f5aa","name":"Kuzeyin Sesi","image":{"@type":"ImageObject","inLanguage":"tr","@id":"https:\/\/secure.gravatar.com\/avatar\/bab33852abfd8b282518d6ed81826833d77c3c882d9ab608add591ccace47a44?s=96&d=mm&r=g","url":"https:\/\/secure.gravatar.com\/avatar\/bab33852abfd8b282518d6ed81826833d77c3c882d9ab608add591ccace47a44?s=96&d=mm&r=g","contentUrl":"https:\/\/secure.gravatar.com\/avatar\/bab33852abfd8b282518d6ed81826833d77c3c882d9ab608add591ccace47a44?s=96&d=mm&r=g","caption":"Kuzeyin Sesi"},"sameAs":["https:\/\/kuzeyinsesi.org"],"url":"https:\/\/kuzeyinsesi.org\/index.php\/author\/guven\/"}]}},"_links":{"self":[{"href":"https:\/\/kuzeyinsesi.org\/index.php\/wp-json\/wp\/v2\/posts\/2106","targetHints":{"allow":["GET"]}}],"collection":[{"href":"https:\/\/kuzeyinsesi.org\/index.php\/wp-json\/wp\/v2\/posts"}],"about":[{"href":"https:\/\/kuzeyinsesi.org\/index.php\/wp-json\/wp\/v2\/types\/post"}],"author":[{"embeddable":true,"href":"https:\/\/kuzeyinsesi.org\/index.php\/wp-json\/wp\/v2\/users\/1"}],"replies":[{"embeddable":true,"href":"https:\/\/kuzeyinsesi.org\/index.php\/wp-json\/wp\/v2\/comments?post=2106"}],"version-history":[{"count":0,"href":"https:\/\/kuzeyinsesi.org\/index.php\/wp-json\/wp\/v2\/posts\/2106\/revisions"}],"wp:featuredmedia":[{"embeddable":true,"href":"https:\/\/kuzeyinsesi.org\/index.php\/wp-json\/wp\/v2\/media\/2107"}],"wp:attachment":[{"href":"https:\/\/kuzeyinsesi.org\/index.php\/wp-json\/wp\/v2\/media?parent=2106"}],"wp:term":[{"taxonomy":"category","embeddable":true,"href":"https:\/\/kuzeyinsesi.org\/index.php\/wp-json\/wp\/v2\/categories?post=2106"},{"taxonomy":"post_tag","embeddable":true,"href":"https:\/\/kuzeyinsesi.org\/index.php\/wp-json\/wp\/v2\/tags?post=2106"}],"curies":[{"name":"wp","href":"https:\/\/api.w.org\/{rel}","templated":true}]}}