{"id":21046,"date":"2025-03-16T19:03:13","date_gmt":"2025-03-16T17:03:13","guid":{"rendered":"https:\/\/kuzeyinsesi.org\/index.php\/2025\/03\/16\/turkiyenin-yalova-ilinde-ormanlik-alanda-yangin\/"},"modified":"2025-03-16T19:03:13","modified_gmt":"2025-03-16T17:03:13","slug":"turkiyenin-yalova-ilinde-ormanlik-alanda-yangin","status":"publish","type":"post","link":"https:\/\/kuzeyinsesi.org\/index.php\/2025\/03\/16\/turkiyenin-yalova-ilinde-ormanlik-alanda-yangin\/","title":{"rendered":"T\u00fcrkiye\u2019nin Yalova ilinde ormanl\u0131k alanda yang\u0131n\u2026"},"content":{"rendered":"<div>\n<div class=\"mariselle-image-container center\">\n                                            <\/div>\n<p>T\u00fcrkiye\u2019nin Yalova ilinin \u00c7\u0131narc\u0131k il\u00e7esinde ormanl\u0131k alanda yang\u0131n \u00e7\u0131kt\u0131\u011f\u0131 ve yang\u0131na m\u00fcdahale edildi\u011fi bildirildi.<\/p>\n<p>AA\u2019n\u0131n haberine g\u00f6re, \u015eenk\u00f6y k\u00f6y\u00fcnde ormanl\u0131k alanda hen\u00fcz bilinmeyen bir nedenle yang\u0131n \u00e7\u0131kt\u0131.<\/p>\n<p>\u0130hbar \u00fczerine b\u00f6lgeye Yalova Orman \u0130\u015fletme M\u00fcd\u00fcrl\u00fc\u011f\u00fc ve itfaiye ekipleri sevk edildi.<\/p>\n<p>R\u00fczg\u00e2r\u0131n etkili oldu\u011fu b\u00f6lgede yang\u0131n\u0131n b\u00fcy\u00fcmemesi i\u00e7in ekiplerin m\u00fcdahalesinin devam etti\u011fi bildirildi.<\/p>\n<\/p><\/div>\n<p><script async\n                    defer\n                    crossorigin=\"anonymous\"\n                    src=\"https:\/\/connect.facebook.net\/tr_TR\/sdk.js#xfbml=1&#038;version=v3.3\"\n            ><\/script><\/p>\n","protected":false},"excerpt":{"rendered":"<p>T\u00fcrkiye\u2019nin Yalova ilinin \u00c7\u0131narc\u0131k il\u00e7esinde ormanl\u0131k alanda yang\u0131n \u00e7\u0131kt\u0131\u011f\u0131 ve yang\u0131na m\u00fcdahale edildi\u011fi bildirildi. AA\u2019n\u0131n haberine g\u00f6re, \u015eenk\u00f6y k\u00f6y\u00fcnde ormanl\u0131k alanda hen\u00fcz bilinmeyen bir nedenle yang\u0131n \u00e7\u0131kt\u0131. \u0130hbar \u00fczerine b\u00f6lgeye Yalova Orman \u0130\u015fletme M\u00fcd\u00fcrl\u00fc\u011f\u00fc ve itfaiye ekipleri sevk edildi. R\u00fczg\u00e2r\u0131n etkili oldu\u011fu b\u00f6lgede yang\u0131n\u0131n b\u00fcy\u00fcmemesi i\u00e7in ekiplerin m\u00fcdahalesinin devam etti\u011fi bildirildi.<\/p>\n","protected":false},"author":1,"featured_media":21047,"comment_status":"open","ping_status":"open","sticky":false,"template":"","format":"standard","meta":{"jnews-multi-image_gallery":[],"jnews_single_post":[],"jnews_primary_category":[],"jnews_social_meta":[],"jnews_override_counter":[],"footnotes":""},"categories":[5],"tags":[],"class_list":["post-21046","post","type-post","status-publish","format-standard","has-post-thumbnail","hentry","category-turkiye"],"yoast_head":"<!-- This site is optimized with the Yoast SEO plugin v27.5 - https:\/\/yoast.com\/product\/yoast-seo-wordpress\/ -->\n<title>T\u00fcrkiye\u2019nin Yalova ilinde ormanl\u0131k alanda yang\u0131n\u2026 - Kuzeyin Sesi<\/title>\n<meta name=\"robots\" content=\"index, follow, max-snippet:-1, max-image-preview:large, max-video-preview:-1\" \/>\n<link rel=\"canonical\" href=\"https:\/\/kuzeyinsesi.org\/index.php\/2025\/03\/16\/turkiyenin-yalova-ilinde-ormanlik-alanda-yangin\/\" \/>\n<meta property=\"og:locale\" content=\"tr_TR\" \/>\n<meta property=\"og:type\" content=\"article\" \/>\n<meta property=\"og:title\" content=\"T\u00fcrkiye\u2019nin Yalova ilinde ormanl\u0131k alanda yang\u0131n\u2026 - Kuzeyin Sesi\" \/>\n<meta property=\"og:description\" content=\"T\u00fcrkiye\u2019nin Yalova ilinin \u00c7\u0131narc\u0131k il\u00e7esinde ormanl\u0131k alanda yang\u0131n \u00e7\u0131kt\u0131\u011f\u0131 ve yang\u0131na m\u00fcdahale edildi\u011fi bildirildi. AA\u2019n\u0131n haberine g\u00f6re, \u015eenk\u00f6y k\u00f6y\u00fcnde ormanl\u0131k alanda hen\u00fcz bilinmeyen bir nedenle yang\u0131n \u00e7\u0131kt\u0131. \u0130hbar \u00fczerine b\u00f6lgeye Yalova Orman \u0130\u015fletme M\u00fcd\u00fcrl\u00fc\u011f\u00fc ve itfaiye ekipleri sevk edildi. R\u00fczg\u00e2r\u0131n etkili oldu\u011fu b\u00f6lgede yang\u0131n\u0131n b\u00fcy\u00fcmemesi i\u00e7in ekiplerin m\u00fcdahalesinin devam etti\u011fi bildirildi.\" \/>\n<meta property=\"og:url\" content=\"https:\/\/kuzeyinsesi.org\/index.php\/2025\/03\/16\/turkiyenin-yalova-ilinde-ormanlik-alanda-yangin\/\" \/>\n<meta property=\"og:site_name\" content=\"Kuzeyin Sesi\" \/>\n<meta property=\"article:publisher\" content=\"https:\/\/www.facebook.com\/kuzeyinsesii\" \/>\n<meta property=\"article:published_time\" content=\"2025-03-16T17:03:13+00:00\" \/>\n<meta property=\"og:image\" content=\"https:\/\/brtk.net\/wp-content\/uploads\/2025\/03\/16\/1742126900472AA-20250316-37356615-37356613-YALOVADA_ORMANLIK_ALANDA_CIKAN_YANGINA_MUDAHALE_EDILIYOR.jpg?ver=cec60028388a8205f7d6ab1788b23272\" \/>\n<meta name=\"author\" content=\"Kuzeyin Sesi\" \/>\n<meta name=\"twitter:card\" content=\"summary_large_image\" \/>\n<meta name=\"twitter:creator\" content=\"@kuzeyinsesii\" \/>\n<meta name=\"twitter:site\" content=\"@kuzeyinsesii\" \/>\n<meta name=\"twitter:label1\" content=\"Yazan:\" \/>\n\t<meta name=\"twitter:data1\" content=\"Kuzeyin Sesi\" \/>\n<script type=\"application\/ld+json\" class=\"yoast-schema-graph\">{\"@context\":\"https:\\\/\\\/schema.org\",\"@graph\":[{\"@type\":\"Article\",\"@id\":\"https:\\\/\\\/kuzeyinsesi.org\\\/index.php\\\/2025\\\/03\\\/16\\\/turkiyenin-yalova-ilinde-ormanlik-alanda-yangin\\\/#article\",\"isPartOf\":{\"@id\":\"https:\\\/\\\/kuzeyinsesi.org\\\/index.php\\\/2025\\\/03\\\/16\\\/turkiyenin-yalova-ilinde-ormanlik-alanda-yangin\\\/\"},\"author\":{\"name\":\"Kuzeyin Sesi\",\"@id\":\"https:\\\/\\\/kuzeyinsesi.org\\\/#\\\/schema\\\/person\\\/9f859689cdf01485597712386e37f5aa\"},\"headline\":\"T\u00fcrkiye\u2019nin Yalova ilinde ormanl\u0131k alanda yang\u0131n\u2026\",\"datePublished\":\"2025-03-16T17:03:13+00:00\",\"mainEntityOfPage\":{\"@id\":\"https:\\\/\\\/kuzeyinsesi.org\\\/index.php\\\/2025\\\/03\\\/16\\\/turkiyenin-yalova-ilinde-ormanlik-alanda-yangin\\\/\"},\"wordCount\":94,\"commentCount\":0,\"image\":{\"@id\":\"https:\\\/\\\/kuzeyinsesi.org\\\/index.php\\\/2025\\\/03\\\/16\\\/turkiyenin-yalova-ilinde-ormanlik-alanda-yangin\\\/#primaryimage\"},\"thumbnailUrl\":\"https:\\\/\\\/kuzeyinsesi.org\\\/wp-content\\\/uploads\\\/2025\\\/03\\\/1742126900472AA-20250316-37356615-37356613-YALOVADA_ORMANLIK_ALANDA_CIKAN_YANGINA_MUDAHALE_EDILIYOR.jpeg\",\"articleSection\":[\"T\u00fcrkiye\"],\"inLanguage\":\"tr\",\"potentialAction\":[{\"@type\":\"CommentAction\",\"name\":\"Comment\",\"target\":[\"https:\\\/\\\/kuzeyinsesi.org\\\/index.php\\\/2025\\\/03\\\/16\\\/turkiyenin-yalova-ilinde-ormanlik-alanda-yangin\\\/#respond\"]}]},{\"@type\":\"WebPage\",\"@id\":\"https:\\\/\\\/kuzeyinsesi.org\\\/index.php\\\/2025\\\/03\\\/16\\\/turkiyenin-yalova-ilinde-ormanlik-alanda-yangin\\\/\",\"url\":\"https:\\\/\\\/kuzeyinsesi.org\\\/index.php\\\/2025\\\/03\\\/16\\\/turkiyenin-yalova-ilinde-ormanlik-alanda-yangin\\\/\",\"name\":\"T\u00fcrkiye\u2019nin Yalova ilinde ormanl\u0131k alanda yang\u0131n\u2026 - Kuzeyin Sesi\",\"isPartOf\":{\"@id\":\"https:\\\/\\\/kuzeyinsesi.org\\\/#website\"},\"primaryImageOfPage\":{\"@id\":\"https:\\\/\\\/kuzeyinsesi.org\\\/index.php\\\/2025\\\/03\\\/16\\\/turkiyenin-yalova-ilinde-ormanlik-alanda-yangin\\\/#primaryimage\"},\"image\":{\"@id\":\"https:\\\/\\\/kuzeyinsesi.org\\\/index.php\\\/2025\\\/03\\\/16\\\/turkiyenin-yalova-ilinde-ormanlik-alanda-yangin\\\/#primaryimage\"},\"thumbnailUrl\":\"https:\\\/\\\/kuzeyinsesi.org\\\/wp-content\\\/uploads\\\/2025\\\/03\\\/1742126900472AA-20250316-37356615-37356613-YALOVADA_ORMANLIK_ALANDA_CIKAN_YANGINA_MUDAHALE_EDILIYOR.jpeg\",\"datePublished\":\"2025-03-16T17:03:13+00:00\",\"author\":{\"@id\":\"https:\\\/\\\/kuzeyinsesi.org\\\/#\\\/schema\\\/person\\\/9f859689cdf01485597712386e37f5aa\"},\"breadcrumb\":{\"@id\":\"https:\\\/\\\/kuzeyinsesi.org\\\/index.php\\\/2025\\\/03\\\/16\\\/turkiyenin-yalova-ilinde-ormanlik-alanda-yangin\\\/#breadcrumb\"},\"inLanguage\":\"tr\",\"potentialAction\":[{\"@type\":\"ReadAction\",\"target\":[\"https:\\\/\\\/kuzeyinsesi.org\\\/index.php\\\/2025\\\/03\\\/16\\\/turkiyenin-yalova-ilinde-ormanlik-alanda-yangin\\\/\"]}]},{\"@type\":\"ImageObject\",\"inLanguage\":\"tr\",\"@id\":\"https:\\\/\\\/kuzeyinsesi.org\\\/index.php\\\/2025\\\/03\\\/16\\\/turkiyenin-yalova-ilinde-ormanlik-alanda-yangin\\\/#primaryimage\",\"url\":\"https:\\\/\\\/kuzeyinsesi.org\\\/wp-content\\\/uploads\\\/2025\\\/03\\\/1742126900472AA-20250316-37356615-37356613-YALOVADA_ORMANLIK_ALANDA_CIKAN_YANGINA_MUDAHALE_EDILIYOR.jpeg\",\"contentUrl\":\"https:\\\/\\\/kuzeyinsesi.org\\\/wp-content\\\/uploads\\\/2025\\\/03\\\/1742126900472AA-20250316-37356615-37356613-YALOVADA_ORMANLIK_ALANDA_CIKAN_YANGINA_MUDAHALE_EDILIYOR.jpeg\",\"width\":731,\"height\":945},{\"@type\":\"BreadcrumbList\",\"@id\":\"https:\\\/\\\/kuzeyinsesi.org\\\/index.php\\\/2025\\\/03\\\/16\\\/turkiyenin-yalova-ilinde-ormanlik-alanda-yangin\\\/#breadcrumb\",\"itemListElement\":[{\"@type\":\"ListItem\",\"position\":1,\"name\":\"Anasayfa\",\"item\":\"https:\\\/\\\/kuzeyinsesi.org\\\/\"},{\"@type\":\"ListItem\",\"position\":2,\"name\":\"T\u00fcrkiye\u2019nin Yalova ilinde ormanl\u0131k alanda yang\u0131n\u2026\"}]},{\"@type\":\"WebSite\",\"@id\":\"https:\\\/\\\/kuzeyinsesi.org\\\/#website\",\"url\":\"https:\\\/\\\/kuzeyinsesi.org\\\/\",\"name\":\"Kuzeyin Sesi\",\"description\":\"Do\u011fru Haberin Adresi\",\"potentialAction\":[{\"@type\":\"SearchAction\",\"target\":{\"@type\":\"EntryPoint\",\"urlTemplate\":\"https:\\\/\\\/kuzeyinsesi.org\\\/?s={search_term_string}\"},\"query-input\":{\"@type\":\"PropertyValueSpecification\",\"valueRequired\":true,\"valueName\":\"search_term_string\"}}],\"inLanguage\":\"tr\"},{\"@type\":\"Person\",\"@id\":\"https:\\\/\\\/kuzeyinsesi.org\\\/#\\\/schema\\\/person\\\/9f859689cdf01485597712386e37f5aa\",\"name\":\"Kuzeyin Sesi\",\"image\":{\"@type\":\"ImageObject\",\"inLanguage\":\"tr\",\"@id\":\"https:\\\/\\\/secure.gravatar.com\\\/avatar\\\/bab33852abfd8b282518d6ed81826833d77c3c882d9ab608add591ccace47a44?s=96&d=mm&r=g\",\"url\":\"https:\\\/\\\/secure.gravatar.com\\\/avatar\\\/bab33852abfd8b282518d6ed81826833d77c3c882d9ab608add591ccace47a44?s=96&d=mm&r=g\",\"contentUrl\":\"https:\\\/\\\/secure.gravatar.com\\\/avatar\\\/bab33852abfd8b282518d6ed81826833d77c3c882d9ab608add591ccace47a44?s=96&d=mm&r=g\",\"caption\":\"Kuzeyin Sesi\"},\"sameAs\":[\"https:\\\/\\\/kuzeyinsesi.org\"],\"url\":\"https:\\\/\\\/kuzeyinsesi.org\\\/index.php\\\/author\\\/guven\\\/\"}]}<\/script>\n<!-- \/ Yoast SEO plugin. -->","yoast_head_json":{"title":"T\u00fcrkiye\u2019nin Yalova ilinde ormanl\u0131k alanda yang\u0131n\u2026 - Kuzeyin Sesi","robots":{"index":"index","follow":"follow","max-snippet":"max-snippet:-1","max-image-preview":"max-image-preview:large","max-video-preview":"max-video-preview:-1"},"canonical":"https:\/\/kuzeyinsesi.org\/index.php\/2025\/03\/16\/turkiyenin-yalova-ilinde-ormanlik-alanda-yangin\/","og_locale":"tr_TR","og_type":"article","og_title":"T\u00fcrkiye\u2019nin Yalova ilinde ormanl\u0131k alanda yang\u0131n\u2026 - Kuzeyin Sesi","og_description":"T\u00fcrkiye\u2019nin Yalova ilinin \u00c7\u0131narc\u0131k il\u00e7esinde ormanl\u0131k alanda yang\u0131n \u00e7\u0131kt\u0131\u011f\u0131 ve yang\u0131na m\u00fcdahale edildi\u011fi bildirildi. AA\u2019n\u0131n haberine g\u00f6re, \u015eenk\u00f6y k\u00f6y\u00fcnde ormanl\u0131k alanda hen\u00fcz bilinmeyen bir nedenle yang\u0131n \u00e7\u0131kt\u0131. \u0130hbar \u00fczerine b\u00f6lgeye Yalova Orman \u0130\u015fletme M\u00fcd\u00fcrl\u00fc\u011f\u00fc ve itfaiye ekipleri sevk edildi. R\u00fczg\u00e2r\u0131n etkili oldu\u011fu b\u00f6lgede yang\u0131n\u0131n b\u00fcy\u00fcmemesi i\u00e7in ekiplerin m\u00fcdahalesinin devam etti\u011fi bildirildi.","og_url":"https:\/\/kuzeyinsesi.org\/index.php\/2025\/03\/16\/turkiyenin-yalova-ilinde-ormanlik-alanda-yangin\/","og_site_name":"Kuzeyin Sesi","article_publisher":"https:\/\/www.facebook.com\/kuzeyinsesii","article_published_time":"2025-03-16T17:03:13+00:00","og_image":[{"url":"https:\/\/brtk.net\/wp-content\/uploads\/2025\/03\/16\/1742126900472AA-20250316-37356615-37356613-YALOVADA_ORMANLIK_ALANDA_CIKAN_YANGINA_MUDAHALE_EDILIYOR.jpg?ver=cec60028388a8205f7d6ab1788b23272","type":"","width":"","height":""}],"author":"Kuzeyin Sesi","twitter_card":"summary_large_image","twitter_creator":"@kuzeyinsesii","twitter_site":"@kuzeyinsesii","twitter_misc":{"Yazan:":"Kuzeyin Sesi"},"schema":{"@context":"https:\/\/schema.org","@graph":[{"@type":"Article","@id":"https:\/\/kuzeyinsesi.org\/index.php\/2025\/03\/16\/turkiyenin-yalova-ilinde-ormanlik-alanda-yangin\/#article","isPartOf":{"@id":"https:\/\/kuzeyinsesi.org\/index.php\/2025\/03\/16\/turkiyenin-yalova-ilinde-ormanlik-alanda-yangin\/"},"author":{"name":"Kuzeyin Sesi","@id":"https:\/\/kuzeyinsesi.org\/#\/schema\/person\/9f859689cdf01485597712386e37f5aa"},"headline":"T\u00fcrkiye\u2019nin Yalova ilinde ormanl\u0131k alanda yang\u0131n\u2026","datePublished":"2025-03-16T17:03:13+00:00","mainEntityOfPage":{"@id":"https:\/\/kuzeyinsesi.org\/index.php\/2025\/03\/16\/turkiyenin-yalova-ilinde-ormanlik-alanda-yangin\/"},"wordCount":94,"commentCount":0,"image":{"@id":"https:\/\/kuzeyinsesi.org\/index.php\/2025\/03\/16\/turkiyenin-yalova-ilinde-ormanlik-alanda-yangin\/#primaryimage"},"thumbnailUrl":"https:\/\/kuzeyinsesi.org\/wp-content\/uploads\/2025\/03\/1742126900472AA-20250316-37356615-37356613-YALOVADA_ORMANLIK_ALANDA_CIKAN_YANGINA_MUDAHALE_EDILIYOR.jpeg","articleSection":["T\u00fcrkiye"],"inLanguage":"tr","potentialAction":[{"@type":"CommentAction","name":"Comment","target":["https:\/\/kuzeyinsesi.org\/index.php\/2025\/03\/16\/turkiyenin-yalova-ilinde-ormanlik-alanda-yangin\/#respond"]}]},{"@type":"WebPage","@id":"https:\/\/kuzeyinsesi.org\/index.php\/2025\/03\/16\/turkiyenin-yalova-ilinde-ormanlik-alanda-yangin\/","url":"https:\/\/kuzeyinsesi.org\/index.php\/2025\/03\/16\/turkiyenin-yalova-ilinde-ormanlik-alanda-yangin\/","name":"T\u00fcrkiye\u2019nin Yalova ilinde ormanl\u0131k alanda yang\u0131n\u2026 - Kuzeyin Sesi","isPartOf":{"@id":"https:\/\/kuzeyinsesi.org\/#website"},"primaryImageOfPage":{"@id":"https:\/\/kuzeyinsesi.org\/index.php\/2025\/03\/16\/turkiyenin-yalova-ilinde-ormanlik-alanda-yangin\/#primaryimage"},"image":{"@id":"https:\/\/kuzeyinsesi.org\/index.php\/2025\/03\/16\/turkiyenin-yalova-ilinde-ormanlik-alanda-yangin\/#primaryimage"},"thumbnailUrl":"https:\/\/kuzeyinsesi.org\/wp-content\/uploads\/2025\/03\/1742126900472AA-20250316-37356615-37356613-YALOVADA_ORMANLIK_ALANDA_CIKAN_YANGINA_MUDAHALE_EDILIYOR.jpeg","datePublished":"2025-03-16T17:03:13+00:00","author":{"@id":"https:\/\/kuzeyinsesi.org\/#\/schema\/person\/9f859689cdf01485597712386e37f5aa"},"breadcrumb":{"@id":"https:\/\/kuzeyinsesi.org\/index.php\/2025\/03\/16\/turkiyenin-yalova-ilinde-ormanlik-alanda-yangin\/#breadcrumb"},"inLanguage":"tr","potentialAction":[{"@type":"ReadAction","target":["https:\/\/kuzeyinsesi.org\/index.php\/2025\/03\/16\/turkiyenin-yalova-ilinde-ormanlik-alanda-yangin\/"]}]},{"@type":"ImageObject","inLanguage":"tr","@id":"https:\/\/kuzeyinsesi.org\/index.php\/2025\/03\/16\/turkiyenin-yalova-ilinde-ormanlik-alanda-yangin\/#primaryimage","url":"https:\/\/kuzeyinsesi.org\/wp-content\/uploads\/2025\/03\/1742126900472AA-20250316-37356615-37356613-YALOVADA_ORMANLIK_ALANDA_CIKAN_YANGINA_MUDAHALE_EDILIYOR.jpeg","contentUrl":"https:\/\/kuzeyinsesi.org\/wp-content\/uploads\/2025\/03\/1742126900472AA-20250316-37356615-37356613-YALOVADA_ORMANLIK_ALANDA_CIKAN_YANGINA_MUDAHALE_EDILIYOR.jpeg","width":731,"height":945},{"@type":"BreadcrumbList","@id":"https:\/\/kuzeyinsesi.org\/index.php\/2025\/03\/16\/turkiyenin-yalova-ilinde-ormanlik-alanda-yangin\/#breadcrumb","itemListElement":[{"@type":"ListItem","position":1,"name":"Anasayfa","item":"https:\/\/kuzeyinsesi.org\/"},{"@type":"ListItem","position":2,"name":"T\u00fcrkiye\u2019nin Yalova ilinde ormanl\u0131k alanda yang\u0131n\u2026"}]},{"@type":"WebSite","@id":"https:\/\/kuzeyinsesi.org\/#website","url":"https:\/\/kuzeyinsesi.org\/","name":"Kuzeyin Sesi","description":"Do\u011fru Haberin Adresi","potentialAction":[{"@type":"SearchAction","target":{"@type":"EntryPoint","urlTemplate":"https:\/\/kuzeyinsesi.org\/?s={search_term_string}"},"query-input":{"@type":"PropertyValueSpecification","valueRequired":true,"valueName":"search_term_string"}}],"inLanguage":"tr"},{"@type":"Person","@id":"https:\/\/kuzeyinsesi.org\/#\/schema\/person\/9f859689cdf01485597712386e37f5aa","name":"Kuzeyin Sesi","image":{"@type":"ImageObject","inLanguage":"tr","@id":"https:\/\/secure.gravatar.com\/avatar\/bab33852abfd8b282518d6ed81826833d77c3c882d9ab608add591ccace47a44?s=96&d=mm&r=g","url":"https:\/\/secure.gravatar.com\/avatar\/bab33852abfd8b282518d6ed81826833d77c3c882d9ab608add591ccace47a44?s=96&d=mm&r=g","contentUrl":"https:\/\/secure.gravatar.com\/avatar\/bab33852abfd8b282518d6ed81826833d77c3c882d9ab608add591ccace47a44?s=96&d=mm&r=g","caption":"Kuzeyin Sesi"},"sameAs":["https:\/\/kuzeyinsesi.org"],"url":"https:\/\/kuzeyinsesi.org\/index.php\/author\/guven\/"}]}},"_links":{"self":[{"href":"https:\/\/kuzeyinsesi.org\/index.php\/wp-json\/wp\/v2\/posts\/21046","targetHints":{"allow":["GET"]}}],"collection":[{"href":"https:\/\/kuzeyinsesi.org\/index.php\/wp-json\/wp\/v2\/posts"}],"about":[{"href":"https:\/\/kuzeyinsesi.org\/index.php\/wp-json\/wp\/v2\/types\/post"}],"author":[{"embeddable":true,"href":"https:\/\/kuzeyinsesi.org\/index.php\/wp-json\/wp\/v2\/users\/1"}],"replies":[{"embeddable":true,"href":"https:\/\/kuzeyinsesi.org\/index.php\/wp-json\/wp\/v2\/comments?post=21046"}],"version-history":[{"count":0,"href":"https:\/\/kuzeyinsesi.org\/index.php\/wp-json\/wp\/v2\/posts\/21046\/revisions"}],"wp:featuredmedia":[{"embeddable":true,"href":"https:\/\/kuzeyinsesi.org\/index.php\/wp-json\/wp\/v2\/media\/21047"}],"wp:attachment":[{"href":"https:\/\/kuzeyinsesi.org\/index.php\/wp-json\/wp\/v2\/media?parent=21046"}],"wp:term":[{"taxonomy":"category","embeddable":true,"href":"https:\/\/kuzeyinsesi.org\/index.php\/wp-json\/wp\/v2\/categories?post=21046"},{"taxonomy":"post_tag","embeddable":true,"href":"https:\/\/kuzeyinsesi.org\/index.php\/wp-json\/wp\/v2\/tags?post=21046"}],"curies":[{"name":"wp","href":"https:\/\/api.w.org\/{rel}","templated":true}]}}