{"id":2104,"date":"2024-05-11T17:36:55","date_gmt":"2024-05-11T14:36:55","guid":{"rendered":"https:\/\/kuzeyinsesi.com\/index.php\/2024\/05\/11\/turkiye-ve-bm-ukrayna-gazze-ve-kibris-sorunlarini-gorustu\/"},"modified":"2024-05-11T17:36:55","modified_gmt":"2024-05-11T14:36:55","slug":"turkiye-ve-bm-ukrayna-gazze-ve-kibris-sorunlarini-gorustu","status":"publish","type":"post","link":"https:\/\/kuzeyinsesi.org\/index.php\/2024\/05\/11\/turkiye-ve-bm-ukrayna-gazze-ve-kibris-sorunlarini-gorustu\/","title":{"rendered":"T\u00fcrkiye ve BM, Ukrayna, Gazze ve K\u0131br\u0131s sorunlar\u0131n\u0131 g\u00f6r\u00fc\u015ft\u00fc"},"content":{"rendered":"<div>\n<div class=\"mariselle-image-container center\">\n                                            <\/div>\n<p>T\u00fcrkiye D\u0131\u015fi\u015fleri Bakan Yard\u0131mc\u0131s\u0131 B\u00fcy\u00fckel\u00e7i Burak Ak\u00e7apar, Birle\u015fmi\u015f Milletler Genel Sekreteri\u2019nin Siyasi \u0130\u015flerden Sorumlu Yard\u0131mc\u0131s\u0131 Rosemary DiCarlo ve Bar\u0131\u015f\u0131 \u0130n\u015fa \u0130\u015fleri ile Bar\u0131\u015f Operasyonlar\u0131ndan Sorumlu Genel Sekreter Yard\u0131mc\u0131s\u0131 Muavini Miroslav Jenca ile ayr\u0131 ayr\u0131 g\u00f6r\u00fc\u015fmeler yapt\u0131.<\/p>\n<p>T\u00fcrkiye D\u0131\u015fi\u015fleri Bakanl\u0131\u011f\u0131\u2019ndan g\u00f6r\u00fc\u015fmelerle ilgili detaylar payla\u015f\u0131ld\u0131 .<\/p>\n<p>A\u00e7\u0131klamada, \u201cG\u00f6r\u00fc\u015fmelerde, Ukrayna, K\u0131br\u0131s ve Gazze\u2019deki mevcut durumun yan\u0131 s\u0131ra G\u00fcney Kafkasya, Orta Asya ve Balkanlar\u2019daki geli\u015fmeler de ele al\u0131nd\u0131. Ayr\u0131ca, b\u00f6lgesel ba\u011flant\u0131sall\u0131k konular\u0131 \u00fczerinde de duruldu\u201d denildi.<\/p>\n<div class=\"mariselle-image-container center\">\n                <img decoding=\"async\" width=\"373\" height=\"673\" class=\"lazy-image\" alt=\"\" sizes=\"(max-width: 373px) 100vw, 373px\" src=\"https:\/\/brtk.net\/wp-content\/uploads\/2024\/05\/11\/1327871085-1.png?ver=9e09ed0a21eb698b05d776a389ff008a\" srcset=\"https:\/\/brtk.net\/wp-content\/uploads\/2024\/05\/11\/1327871085-1.png?ver=9e09ed0a21eb698b05d776a389ff008a 373w, https:\/\/brtk.net\/wp-content\/uploads\/2024\/05\/11\/1327871085-1-166x300.png?ver=9e09ed0a21eb698b05d776a389ff008a 166w\"\/>                            <\/div><\/div>\n<p><script async\n                    defer\n                    crossorigin=\"anonymous\"\n                    src=\"https:\/\/connect.facebook.net\/tr_TR\/sdk.js#xfbml=1&#038;version=v3.3\"\n            ><\/script><\/p>\n","protected":false},"excerpt":{"rendered":"<p>T\u00fcrkiye D\u0131\u015fi\u015fleri Bakan Yard\u0131mc\u0131s\u0131 B\u00fcy\u00fckel\u00e7i Burak Ak\u00e7apar, Birle\u015fmi\u015f Milletler Genel Sekreteri\u2019nin Siyasi \u0130\u015flerden Sorumlu Yard\u0131mc\u0131s\u0131 Rosemary DiCarlo ve Bar\u0131\u015f\u0131 \u0130n\u015fa \u0130\u015fleri ile Bar\u0131\u015f Operasyonlar\u0131ndan Sorumlu Genel Sekreter Yard\u0131mc\u0131s\u0131 Muavini Miroslav Jenca ile ayr\u0131 ayr\u0131 g\u00f6r\u00fc\u015fmeler yapt\u0131. T\u00fcrkiye D\u0131\u015fi\u015fleri Bakanl\u0131\u011f\u0131\u2019ndan g\u00f6r\u00fc\u015fmelerle ilgili detaylar payla\u015f\u0131ld\u0131 . A\u00e7\u0131klamada, \u201cG\u00f6r\u00fc\u015fmelerde, Ukrayna, K\u0131br\u0131s ve Gazze\u2019deki mevcut durumun yan\u0131 s\u0131ra G\u00fcney [&hellip;]<\/p>\n","protected":false},"author":1,"featured_media":2105,"comment_status":"open","ping_status":"open","sticky":false,"template":"","format":"standard","meta":{"jnews-multi-image_gallery":[],"jnews_single_post":[],"jnews_primary_category":[],"jnews_social_meta":[],"jnews_override_counter":[],"footnotes":""},"categories":[5],"tags":[],"class_list":["post-2104","post","type-post","status-publish","format-standard","has-post-thumbnail","hentry","category-turkiye"],"yoast_head":"<!-- This site is optimized with the Yoast SEO plugin v27.5 - https:\/\/yoast.com\/product\/yoast-seo-wordpress\/ -->\n<title>T\u00fcrkiye ve BM, Ukrayna, Gazze ve K\u0131br\u0131s sorunlar\u0131n\u0131 g\u00f6r\u00fc\u015ft\u00fc - Kuzeyin Sesi<\/title>\n<meta name=\"robots\" content=\"index, follow, max-snippet:-1, max-image-preview:large, max-video-preview:-1\" \/>\n<link rel=\"canonical\" href=\"https:\/\/kuzeyinsesi.org\/index.php\/2024\/05\/11\/turkiye-ve-bm-ukrayna-gazze-ve-kibris-sorunlarini-gorustu\/\" \/>\n<meta property=\"og:locale\" content=\"tr_TR\" \/>\n<meta property=\"og:type\" content=\"article\" \/>\n<meta property=\"og:title\" content=\"T\u00fcrkiye ve BM, Ukrayna, Gazze ve K\u0131br\u0131s sorunlar\u0131n\u0131 g\u00f6r\u00fc\u015ft\u00fc - Kuzeyin Sesi\" \/>\n<meta property=\"og:description\" content=\"T\u00fcrkiye D\u0131\u015fi\u015fleri Bakan Yard\u0131mc\u0131s\u0131 B\u00fcy\u00fckel\u00e7i Burak Ak\u00e7apar, Birle\u015fmi\u015f Milletler Genel Sekreteri\u2019nin Siyasi \u0130\u015flerden Sorumlu Yard\u0131mc\u0131s\u0131 Rosemary DiCarlo ve Bar\u0131\u015f\u0131 \u0130n\u015fa \u0130\u015fleri ile Bar\u0131\u015f Operasyonlar\u0131ndan Sorumlu Genel Sekreter Yard\u0131mc\u0131s\u0131 Muavini Miroslav Jenca ile ayr\u0131 ayr\u0131 g\u00f6r\u00fc\u015fmeler yapt\u0131. T\u00fcrkiye D\u0131\u015fi\u015fleri Bakanl\u0131\u011f\u0131\u2019ndan g\u00f6r\u00fc\u015fmelerle ilgili detaylar payla\u015f\u0131ld\u0131 . A\u00e7\u0131klamada, \u201cG\u00f6r\u00fc\u015fmelerde, Ukrayna, K\u0131br\u0131s ve Gazze\u2019deki mevcut durumun yan\u0131 s\u0131ra G\u00fcney [&hellip;]\" \/>\n<meta property=\"og:url\" content=\"https:\/\/kuzeyinsesi.org\/index.php\/2024\/05\/11\/turkiye-ve-bm-ukrayna-gazze-ve-kibris-sorunlarini-gorustu\/\" \/>\n<meta property=\"og:site_name\" content=\"Kuzeyin Sesi\" \/>\n<meta property=\"article:publisher\" content=\"https:\/\/www.facebook.com\/kuzeyinsesii\" \/>\n<meta property=\"article:published_time\" content=\"2024-05-11T14:36:55+00:00\" \/>\n<meta property=\"og:image\" content=\"https:\/\/kuzeyinsesi.org\/wp-content\/uploads\/2024\/05\/1327871085.png\" \/>\n\t<meta property=\"og:image:width\" content=\"365\" \/>\n\t<meta property=\"og:image:height\" content=\"266\" \/>\n\t<meta property=\"og:image:type\" content=\"image\/png\" \/>\n<meta name=\"author\" content=\"Kuzeyin Sesi\" \/>\n<meta name=\"twitter:card\" content=\"summary_large_image\" \/>\n<meta name=\"twitter:creator\" content=\"@kuzeyinsesii\" \/>\n<meta name=\"twitter:site\" content=\"@kuzeyinsesii\" \/>\n<meta name=\"twitter:label1\" content=\"Yazan:\" \/>\n\t<meta name=\"twitter:data1\" content=\"Kuzeyin Sesi\" \/>\n\t<meta name=\"twitter:label2\" content=\"Tahmini okuma s\u00fcresi\" \/>\n\t<meta name=\"twitter:data2\" content=\"1 dakika\" \/>\n<script type=\"application\/ld+json\" class=\"yoast-schema-graph\">{\"@context\":\"https:\\\/\\\/schema.org\",\"@graph\":[{\"@type\":\"Article\",\"@id\":\"https:\\\/\\\/kuzeyinsesi.org\\\/index.php\\\/2024\\\/05\\\/11\\\/turkiye-ve-bm-ukrayna-gazze-ve-kibris-sorunlarini-gorustu\\\/#article\",\"isPartOf\":{\"@id\":\"https:\\\/\\\/kuzeyinsesi.org\\\/index.php\\\/2024\\\/05\\\/11\\\/turkiye-ve-bm-ukrayna-gazze-ve-kibris-sorunlarini-gorustu\\\/\"},\"author\":{\"name\":\"Kuzeyin Sesi\",\"@id\":\"https:\\\/\\\/kuzeyinsesi.org\\\/#\\\/schema\\\/person\\\/9f859689cdf01485597712386e37f5aa\"},\"headline\":\"T\u00fcrkiye ve BM, Ukrayna, Gazze ve K\u0131br\u0131s sorunlar\u0131n\u0131 g\u00f6r\u00fc\u015ft\u00fc\",\"datePublished\":\"2024-05-11T14:36:55+00:00\",\"mainEntityOfPage\":{\"@id\":\"https:\\\/\\\/kuzeyinsesi.org\\\/index.php\\\/2024\\\/05\\\/11\\\/turkiye-ve-bm-ukrayna-gazze-ve-kibris-sorunlarini-gorustu\\\/\"},\"wordCount\":128,\"commentCount\":0,\"image\":{\"@id\":\"https:\\\/\\\/kuzeyinsesi.org\\\/index.php\\\/2024\\\/05\\\/11\\\/turkiye-ve-bm-ukrayna-gazze-ve-kibris-sorunlarini-gorustu\\\/#primaryimage\"},\"thumbnailUrl\":\"https:\\\/\\\/kuzeyinsesi.org\\\/wp-content\\\/uploads\\\/2024\\\/05\\\/1327871085.png\",\"articleSection\":[\"T\u00fcrkiye\"],\"inLanguage\":\"tr\",\"potentialAction\":[{\"@type\":\"CommentAction\",\"name\":\"Comment\",\"target\":[\"https:\\\/\\\/kuzeyinsesi.org\\\/index.php\\\/2024\\\/05\\\/11\\\/turkiye-ve-bm-ukrayna-gazze-ve-kibris-sorunlarini-gorustu\\\/#respond\"]}]},{\"@type\":\"WebPage\",\"@id\":\"https:\\\/\\\/kuzeyinsesi.org\\\/index.php\\\/2024\\\/05\\\/11\\\/turkiye-ve-bm-ukrayna-gazze-ve-kibris-sorunlarini-gorustu\\\/\",\"url\":\"https:\\\/\\\/kuzeyinsesi.org\\\/index.php\\\/2024\\\/05\\\/11\\\/turkiye-ve-bm-ukrayna-gazze-ve-kibris-sorunlarini-gorustu\\\/\",\"name\":\"T\u00fcrkiye ve BM, Ukrayna, Gazze ve K\u0131br\u0131s sorunlar\u0131n\u0131 g\u00f6r\u00fc\u015ft\u00fc - Kuzeyin Sesi\",\"isPartOf\":{\"@id\":\"https:\\\/\\\/kuzeyinsesi.org\\\/#website\"},\"primaryImageOfPage\":{\"@id\":\"https:\\\/\\\/kuzeyinsesi.org\\\/index.php\\\/2024\\\/05\\\/11\\\/turkiye-ve-bm-ukrayna-gazze-ve-kibris-sorunlarini-gorustu\\\/#primaryimage\"},\"image\":{\"@id\":\"https:\\\/\\\/kuzeyinsesi.org\\\/index.php\\\/2024\\\/05\\\/11\\\/turkiye-ve-bm-ukrayna-gazze-ve-kibris-sorunlarini-gorustu\\\/#primaryimage\"},\"thumbnailUrl\":\"https:\\\/\\\/kuzeyinsesi.org\\\/wp-content\\\/uploads\\\/2024\\\/05\\\/1327871085.png\",\"datePublished\":\"2024-05-11T14:36:55+00:00\",\"author\":{\"@id\":\"https:\\\/\\\/kuzeyinsesi.org\\\/#\\\/schema\\\/person\\\/9f859689cdf01485597712386e37f5aa\"},\"breadcrumb\":{\"@id\":\"https:\\\/\\\/kuzeyinsesi.org\\\/index.php\\\/2024\\\/05\\\/11\\\/turkiye-ve-bm-ukrayna-gazze-ve-kibris-sorunlarini-gorustu\\\/#breadcrumb\"},\"inLanguage\":\"tr\",\"potentialAction\":[{\"@type\":\"ReadAction\",\"target\":[\"https:\\\/\\\/kuzeyinsesi.org\\\/index.php\\\/2024\\\/05\\\/11\\\/turkiye-ve-bm-ukrayna-gazze-ve-kibris-sorunlarini-gorustu\\\/\"]}]},{\"@type\":\"ImageObject\",\"inLanguage\":\"tr\",\"@id\":\"https:\\\/\\\/kuzeyinsesi.org\\\/index.php\\\/2024\\\/05\\\/11\\\/turkiye-ve-bm-ukrayna-gazze-ve-kibris-sorunlarini-gorustu\\\/#primaryimage\",\"url\":\"https:\\\/\\\/kuzeyinsesi.org\\\/wp-content\\\/uploads\\\/2024\\\/05\\\/1327871085.png\",\"contentUrl\":\"https:\\\/\\\/kuzeyinsesi.org\\\/wp-content\\\/uploads\\\/2024\\\/05\\\/1327871085.png\",\"width\":365,\"height\":266},{\"@type\":\"BreadcrumbList\",\"@id\":\"https:\\\/\\\/kuzeyinsesi.org\\\/index.php\\\/2024\\\/05\\\/11\\\/turkiye-ve-bm-ukrayna-gazze-ve-kibris-sorunlarini-gorustu\\\/#breadcrumb\",\"itemListElement\":[{\"@type\":\"ListItem\",\"position\":1,\"name\":\"Anasayfa\",\"item\":\"https:\\\/\\\/kuzeyinsesi.org\\\/\"},{\"@type\":\"ListItem\",\"position\":2,\"name\":\"T\u00fcrkiye ve BM, Ukrayna, Gazze ve K\u0131br\u0131s sorunlar\u0131n\u0131 g\u00f6r\u00fc\u015ft\u00fc\"}]},{\"@type\":\"WebSite\",\"@id\":\"https:\\\/\\\/kuzeyinsesi.org\\\/#website\",\"url\":\"https:\\\/\\\/kuzeyinsesi.org\\\/\",\"name\":\"Kuzeyin Sesi\",\"description\":\"Do\u011fru Haberin Adresi\",\"potentialAction\":[{\"@type\":\"SearchAction\",\"target\":{\"@type\":\"EntryPoint\",\"urlTemplate\":\"https:\\\/\\\/kuzeyinsesi.org\\\/?s={search_term_string}\"},\"query-input\":{\"@type\":\"PropertyValueSpecification\",\"valueRequired\":true,\"valueName\":\"search_term_string\"}}],\"inLanguage\":\"tr\"},{\"@type\":\"Person\",\"@id\":\"https:\\\/\\\/kuzeyinsesi.org\\\/#\\\/schema\\\/person\\\/9f859689cdf01485597712386e37f5aa\",\"name\":\"Kuzeyin Sesi\",\"image\":{\"@type\":\"ImageObject\",\"inLanguage\":\"tr\",\"@id\":\"https:\\\/\\\/secure.gravatar.com\\\/avatar\\\/bab33852abfd8b282518d6ed81826833d77c3c882d9ab608add591ccace47a44?s=96&d=mm&r=g\",\"url\":\"https:\\\/\\\/secure.gravatar.com\\\/avatar\\\/bab33852abfd8b282518d6ed81826833d77c3c882d9ab608add591ccace47a44?s=96&d=mm&r=g\",\"contentUrl\":\"https:\\\/\\\/secure.gravatar.com\\\/avatar\\\/bab33852abfd8b282518d6ed81826833d77c3c882d9ab608add591ccace47a44?s=96&d=mm&r=g\",\"caption\":\"Kuzeyin Sesi\"},\"sameAs\":[\"https:\\\/\\\/kuzeyinsesi.org\"],\"url\":\"https:\\\/\\\/kuzeyinsesi.org\\\/index.php\\\/author\\\/guven\\\/\"}]}<\/script>\n<!-- \/ Yoast SEO plugin. -->","yoast_head_json":{"title":"T\u00fcrkiye ve BM, Ukrayna, Gazze ve K\u0131br\u0131s sorunlar\u0131n\u0131 g\u00f6r\u00fc\u015ft\u00fc - Kuzeyin Sesi","robots":{"index":"index","follow":"follow","max-snippet":"max-snippet:-1","max-image-preview":"max-image-preview:large","max-video-preview":"max-video-preview:-1"},"canonical":"https:\/\/kuzeyinsesi.org\/index.php\/2024\/05\/11\/turkiye-ve-bm-ukrayna-gazze-ve-kibris-sorunlarini-gorustu\/","og_locale":"tr_TR","og_type":"article","og_title":"T\u00fcrkiye ve BM, Ukrayna, Gazze ve K\u0131br\u0131s sorunlar\u0131n\u0131 g\u00f6r\u00fc\u015ft\u00fc - Kuzeyin Sesi","og_description":"T\u00fcrkiye D\u0131\u015fi\u015fleri Bakan Yard\u0131mc\u0131s\u0131 B\u00fcy\u00fckel\u00e7i Burak Ak\u00e7apar, Birle\u015fmi\u015f Milletler Genel Sekreteri\u2019nin Siyasi \u0130\u015flerden Sorumlu Yard\u0131mc\u0131s\u0131 Rosemary DiCarlo ve Bar\u0131\u015f\u0131 \u0130n\u015fa \u0130\u015fleri ile Bar\u0131\u015f Operasyonlar\u0131ndan Sorumlu Genel Sekreter Yard\u0131mc\u0131s\u0131 Muavini Miroslav Jenca ile ayr\u0131 ayr\u0131 g\u00f6r\u00fc\u015fmeler yapt\u0131. T\u00fcrkiye D\u0131\u015fi\u015fleri Bakanl\u0131\u011f\u0131\u2019ndan g\u00f6r\u00fc\u015fmelerle ilgili detaylar payla\u015f\u0131ld\u0131 . A\u00e7\u0131klamada, \u201cG\u00f6r\u00fc\u015fmelerde, Ukrayna, K\u0131br\u0131s ve Gazze\u2019deki mevcut durumun yan\u0131 s\u0131ra G\u00fcney [&hellip;]","og_url":"https:\/\/kuzeyinsesi.org\/index.php\/2024\/05\/11\/turkiye-ve-bm-ukrayna-gazze-ve-kibris-sorunlarini-gorustu\/","og_site_name":"Kuzeyin Sesi","article_publisher":"https:\/\/www.facebook.com\/kuzeyinsesii","article_published_time":"2024-05-11T14:36:55+00:00","og_image":[{"width":365,"height":266,"url":"https:\/\/kuzeyinsesi.org\/wp-content\/uploads\/2024\/05\/1327871085.png","type":"image\/png"}],"author":"Kuzeyin Sesi","twitter_card":"summary_large_image","twitter_creator":"@kuzeyinsesii","twitter_site":"@kuzeyinsesii","twitter_misc":{"Yazan:":"Kuzeyin Sesi","Tahmini okuma s\u00fcresi":"1 dakika"},"schema":{"@context":"https:\/\/schema.org","@graph":[{"@type":"Article","@id":"https:\/\/kuzeyinsesi.org\/index.php\/2024\/05\/11\/turkiye-ve-bm-ukrayna-gazze-ve-kibris-sorunlarini-gorustu\/#article","isPartOf":{"@id":"https:\/\/kuzeyinsesi.org\/index.php\/2024\/05\/11\/turkiye-ve-bm-ukrayna-gazze-ve-kibris-sorunlarini-gorustu\/"},"author":{"name":"Kuzeyin Sesi","@id":"https:\/\/kuzeyinsesi.org\/#\/schema\/person\/9f859689cdf01485597712386e37f5aa"},"headline":"T\u00fcrkiye ve BM, Ukrayna, Gazze ve K\u0131br\u0131s sorunlar\u0131n\u0131 g\u00f6r\u00fc\u015ft\u00fc","datePublished":"2024-05-11T14:36:55+00:00","mainEntityOfPage":{"@id":"https:\/\/kuzeyinsesi.org\/index.php\/2024\/05\/11\/turkiye-ve-bm-ukrayna-gazze-ve-kibris-sorunlarini-gorustu\/"},"wordCount":128,"commentCount":0,"image":{"@id":"https:\/\/kuzeyinsesi.org\/index.php\/2024\/05\/11\/turkiye-ve-bm-ukrayna-gazze-ve-kibris-sorunlarini-gorustu\/#primaryimage"},"thumbnailUrl":"https:\/\/kuzeyinsesi.org\/wp-content\/uploads\/2024\/05\/1327871085.png","articleSection":["T\u00fcrkiye"],"inLanguage":"tr","potentialAction":[{"@type":"CommentAction","name":"Comment","target":["https:\/\/kuzeyinsesi.org\/index.php\/2024\/05\/11\/turkiye-ve-bm-ukrayna-gazze-ve-kibris-sorunlarini-gorustu\/#respond"]}]},{"@type":"WebPage","@id":"https:\/\/kuzeyinsesi.org\/index.php\/2024\/05\/11\/turkiye-ve-bm-ukrayna-gazze-ve-kibris-sorunlarini-gorustu\/","url":"https:\/\/kuzeyinsesi.org\/index.php\/2024\/05\/11\/turkiye-ve-bm-ukrayna-gazze-ve-kibris-sorunlarini-gorustu\/","name":"T\u00fcrkiye ve BM, Ukrayna, Gazze ve K\u0131br\u0131s sorunlar\u0131n\u0131 g\u00f6r\u00fc\u015ft\u00fc - Kuzeyin Sesi","isPartOf":{"@id":"https:\/\/kuzeyinsesi.org\/#website"},"primaryImageOfPage":{"@id":"https:\/\/kuzeyinsesi.org\/index.php\/2024\/05\/11\/turkiye-ve-bm-ukrayna-gazze-ve-kibris-sorunlarini-gorustu\/#primaryimage"},"image":{"@id":"https:\/\/kuzeyinsesi.org\/index.php\/2024\/05\/11\/turkiye-ve-bm-ukrayna-gazze-ve-kibris-sorunlarini-gorustu\/#primaryimage"},"thumbnailUrl":"https:\/\/kuzeyinsesi.org\/wp-content\/uploads\/2024\/05\/1327871085.png","datePublished":"2024-05-11T14:36:55+00:00","author":{"@id":"https:\/\/kuzeyinsesi.org\/#\/schema\/person\/9f859689cdf01485597712386e37f5aa"},"breadcrumb":{"@id":"https:\/\/kuzeyinsesi.org\/index.php\/2024\/05\/11\/turkiye-ve-bm-ukrayna-gazze-ve-kibris-sorunlarini-gorustu\/#breadcrumb"},"inLanguage":"tr","potentialAction":[{"@type":"ReadAction","target":["https:\/\/kuzeyinsesi.org\/index.php\/2024\/05\/11\/turkiye-ve-bm-ukrayna-gazze-ve-kibris-sorunlarini-gorustu\/"]}]},{"@type":"ImageObject","inLanguage":"tr","@id":"https:\/\/kuzeyinsesi.org\/index.php\/2024\/05\/11\/turkiye-ve-bm-ukrayna-gazze-ve-kibris-sorunlarini-gorustu\/#primaryimage","url":"https:\/\/kuzeyinsesi.org\/wp-content\/uploads\/2024\/05\/1327871085.png","contentUrl":"https:\/\/kuzeyinsesi.org\/wp-content\/uploads\/2024\/05\/1327871085.png","width":365,"height":266},{"@type":"BreadcrumbList","@id":"https:\/\/kuzeyinsesi.org\/index.php\/2024\/05\/11\/turkiye-ve-bm-ukrayna-gazze-ve-kibris-sorunlarini-gorustu\/#breadcrumb","itemListElement":[{"@type":"ListItem","position":1,"name":"Anasayfa","item":"https:\/\/kuzeyinsesi.org\/"},{"@type":"ListItem","position":2,"name":"T\u00fcrkiye ve BM, Ukrayna, Gazze ve K\u0131br\u0131s sorunlar\u0131n\u0131 g\u00f6r\u00fc\u015ft\u00fc"}]},{"@type":"WebSite","@id":"https:\/\/kuzeyinsesi.org\/#website","url":"https:\/\/kuzeyinsesi.org\/","name":"Kuzeyin Sesi","description":"Do\u011fru Haberin Adresi","potentialAction":[{"@type":"SearchAction","target":{"@type":"EntryPoint","urlTemplate":"https:\/\/kuzeyinsesi.org\/?s={search_term_string}"},"query-input":{"@type":"PropertyValueSpecification","valueRequired":true,"valueName":"search_term_string"}}],"inLanguage":"tr"},{"@type":"Person","@id":"https:\/\/kuzeyinsesi.org\/#\/schema\/person\/9f859689cdf01485597712386e37f5aa","name":"Kuzeyin Sesi","image":{"@type":"ImageObject","inLanguage":"tr","@id":"https:\/\/secure.gravatar.com\/avatar\/bab33852abfd8b282518d6ed81826833d77c3c882d9ab608add591ccace47a44?s=96&d=mm&r=g","url":"https:\/\/secure.gravatar.com\/avatar\/bab33852abfd8b282518d6ed81826833d77c3c882d9ab608add591ccace47a44?s=96&d=mm&r=g","contentUrl":"https:\/\/secure.gravatar.com\/avatar\/bab33852abfd8b282518d6ed81826833d77c3c882d9ab608add591ccace47a44?s=96&d=mm&r=g","caption":"Kuzeyin Sesi"},"sameAs":["https:\/\/kuzeyinsesi.org"],"url":"https:\/\/kuzeyinsesi.org\/index.php\/author\/guven\/"}]}},"_links":{"self":[{"href":"https:\/\/kuzeyinsesi.org\/index.php\/wp-json\/wp\/v2\/posts\/2104","targetHints":{"allow":["GET"]}}],"collection":[{"href":"https:\/\/kuzeyinsesi.org\/index.php\/wp-json\/wp\/v2\/posts"}],"about":[{"href":"https:\/\/kuzeyinsesi.org\/index.php\/wp-json\/wp\/v2\/types\/post"}],"author":[{"embeddable":true,"href":"https:\/\/kuzeyinsesi.org\/index.php\/wp-json\/wp\/v2\/users\/1"}],"replies":[{"embeddable":true,"href":"https:\/\/kuzeyinsesi.org\/index.php\/wp-json\/wp\/v2\/comments?post=2104"}],"version-history":[{"count":0,"href":"https:\/\/kuzeyinsesi.org\/index.php\/wp-json\/wp\/v2\/posts\/2104\/revisions"}],"wp:featuredmedia":[{"embeddable":true,"href":"https:\/\/kuzeyinsesi.org\/index.php\/wp-json\/wp\/v2\/media\/2105"}],"wp:attachment":[{"href":"https:\/\/kuzeyinsesi.org\/index.php\/wp-json\/wp\/v2\/media?parent=2104"}],"wp:term":[{"taxonomy":"category","embeddable":true,"href":"https:\/\/kuzeyinsesi.org\/index.php\/wp-json\/wp\/v2\/categories?post=2104"},{"taxonomy":"post_tag","embeddable":true,"href":"https:\/\/kuzeyinsesi.org\/index.php\/wp-json\/wp\/v2\/tags?post=2104"}],"curies":[{"name":"wp","href":"https:\/\/api.w.org\/{rel}","templated":true}]}}