{"id":21030,"date":"2025-03-16T15:28:07","date_gmt":"2025-03-16T13:28:07","guid":{"rendered":"https:\/\/kuzeyinsesi.org\/index.php\/2025\/03\/16\/gelecegin-sanatcisi-nil-soykaranin-ilk-kisisel-sergisi-baris-cigligi-acildi\/"},"modified":"2025-03-16T15:28:07","modified_gmt":"2025-03-16T13:28:07","slug":"gelecegin-sanatcisi-nil-soykaranin-ilk-kisisel-sergisi-baris-cigligi-acildi","status":"publish","type":"post","link":"https:\/\/kuzeyinsesi.org\/index.php\/2025\/03\/16\/gelecegin-sanatcisi-nil-soykaranin-ilk-kisisel-sergisi-baris-cigligi-acildi\/","title":{"rendered":"Gelece\u011fin sanat\u00e7\u0131s\u0131 Nil Soykara\u2019n\u0131n ilk ki\u015fisel sergisi \u201cBar\u0131\u015f \u00c7\u0131\u011fl\u0131\u011f\u0131\u201d a\u00e7\u0131ld\u0131"},"content":{"rendered":"<div>\n<div class=\"mariselle-image-container center\">\n                                            <\/div>\n<p>Gelece\u011fin sanat\u00e7\u0131s\u0131 Nil Soykara\u2019n\u0131n  ilk ki\u015fisel sergisi a\u00e7\u0131ld\u0131.<\/p>\n<p>Otuz eserden olu\u015fan \u201cBar\u0131\u015f \u00c7\u0131\u011fl\u0131\u011f\u0131\u201d sergisi R\u00fcstem Kitabevi sergi salonunda yer al\u0131yor.<\/p>\n<p>Sergi 22 Mart Pazar g\u00fcn\u00fcne kadar ziyaret edilebilir.<\/p>\n<p>Kara kalem ve aquarel kalem tekniklerinin yan\u0131 s\u0131ra ya\u011fl\u0131boya ve pastel boya gibi \u00e7e\u015fitli tekniklerle olu\u015fturulmu\u015f serginin Soykara\u2019n\u0131n sanat dilinde yapt\u0131\u011f\u0131 bir bar\u0131\u015f \u00e7a\u011fr\u0131s\u0131 ve \u201csava\u015fa hay\u0131r\u2019 s\u00f6ylemi oldu\u011fu kaydedildi.<\/p>\n<\/p><\/div>\n<p><script async\n                    defer\n                    crossorigin=\"anonymous\"\n                    src=\"https:\/\/connect.facebook.net\/tr_TR\/sdk.js#xfbml=1&#038;version=v3.3\"\n            ><\/script><\/p>\n","protected":false},"excerpt":{"rendered":"<p>Gelece\u011fin sanat\u00e7\u0131s\u0131 Nil Soykara\u2019n\u0131n ilk ki\u015fisel sergisi a\u00e7\u0131ld\u0131. Otuz eserden olu\u015fan \u201cBar\u0131\u015f \u00c7\u0131\u011fl\u0131\u011f\u0131\u201d sergisi R\u00fcstem Kitabevi sergi salonunda yer al\u0131yor. Sergi 22 Mart Pazar g\u00fcn\u00fcne kadar ziyaret edilebilir. Kara kalem ve aquarel kalem tekniklerinin yan\u0131 s\u0131ra ya\u011fl\u0131boya ve pastel boya gibi \u00e7e\u015fitli tekniklerle olu\u015fturulmu\u015f serginin Soykara\u2019n\u0131n sanat dilinde yapt\u0131\u011f\u0131 bir bar\u0131\u015f \u00e7a\u011fr\u0131s\u0131 ve \u201csava\u015fa hay\u0131r\u2019 [&hellip;]<\/p>\n","protected":false},"author":1,"featured_media":21031,"comment_status":"open","ping_status":"open","sticky":false,"template":"","format":"standard","meta":{"jnews-multi-image_gallery":[],"jnews_single_post":[],"jnews_primary_category":[],"jnews_social_meta":[],"jnews_override_counter":[],"footnotes":""},"categories":[6],"tags":[],"class_list":["post-21030","post","type-post","status-publish","format-standard","has-post-thumbnail","hentry","category-yasam"],"yoast_head":"<!-- This site is optimized with the Yoast SEO plugin v27.4 - https:\/\/yoast.com\/product\/yoast-seo-wordpress\/ -->\n<title>Gelece\u011fin sanat\u00e7\u0131s\u0131 Nil Soykara\u2019n\u0131n ilk ki\u015fisel sergisi \u201cBar\u0131\u015f \u00c7\u0131\u011fl\u0131\u011f\u0131\u201d a\u00e7\u0131ld\u0131 - Kuzeyin Sesi<\/title>\n<meta name=\"robots\" content=\"index, follow, max-snippet:-1, max-image-preview:large, max-video-preview:-1\" \/>\n<link rel=\"canonical\" href=\"https:\/\/kuzeyinsesi.org\/index.php\/2025\/03\/16\/gelecegin-sanatcisi-nil-soykaranin-ilk-kisisel-sergisi-baris-cigligi-acildi\/\" \/>\n<meta property=\"og:locale\" content=\"tr_TR\" \/>\n<meta property=\"og:type\" content=\"article\" \/>\n<meta property=\"og:title\" content=\"Gelece\u011fin sanat\u00e7\u0131s\u0131 Nil Soykara\u2019n\u0131n ilk ki\u015fisel sergisi \u201cBar\u0131\u015f \u00c7\u0131\u011fl\u0131\u011f\u0131\u201d a\u00e7\u0131ld\u0131 - Kuzeyin Sesi\" \/>\n<meta property=\"og:description\" content=\"Gelece\u011fin sanat\u00e7\u0131s\u0131 Nil Soykara\u2019n\u0131n ilk ki\u015fisel sergisi a\u00e7\u0131ld\u0131. Otuz eserden olu\u015fan \u201cBar\u0131\u015f \u00c7\u0131\u011fl\u0131\u011f\u0131\u201d sergisi R\u00fcstem Kitabevi sergi salonunda yer al\u0131yor. Sergi 22 Mart Pazar g\u00fcn\u00fcne kadar ziyaret edilebilir. Kara kalem ve aquarel kalem tekniklerinin yan\u0131 s\u0131ra ya\u011fl\u0131boya ve pastel boya gibi \u00e7e\u015fitli tekniklerle olu\u015fturulmu\u015f serginin Soykara\u2019n\u0131n sanat dilinde yapt\u0131\u011f\u0131 bir bar\u0131\u015f \u00e7a\u011fr\u0131s\u0131 ve \u201csava\u015fa hay\u0131r\u2019 [&hellip;]\" \/>\n<meta property=\"og:url\" content=\"https:\/\/kuzeyinsesi.org\/index.php\/2025\/03\/16\/gelecegin-sanatcisi-nil-soykaranin-ilk-kisisel-sergisi-baris-cigligi-acildi\/\" \/>\n<meta property=\"og:site_name\" content=\"Kuzeyin Sesi\" \/>\n<meta property=\"article:publisher\" content=\"https:\/\/www.facebook.com\/kuzeyinsesii\" \/>\n<meta property=\"article:published_time\" content=\"2025-03-16T13:28:07+00:00\" \/>\n<meta property=\"og:image\" content=\"https:\/\/brtk.net\/wp-content\/uploads\/2025\/03\/16\/1742128957002fc051a20-8a79-45ff-be94-4c69e179cb70.jpeg?ver=fb5fc4161a8e219340ff6222b8c388cb\" \/>\n<meta name=\"author\" content=\"Kuzeyin Sesi\" \/>\n<meta name=\"twitter:card\" content=\"summary_large_image\" \/>\n<meta name=\"twitter:creator\" content=\"@kuzeyinsesii\" \/>\n<meta name=\"twitter:site\" content=\"@kuzeyinsesii\" \/>\n<meta name=\"twitter:label1\" content=\"Yazan:\" \/>\n\t<meta name=\"twitter:data1\" content=\"Kuzeyin Sesi\" \/>\n<script type=\"application\/ld+json\" class=\"yoast-schema-graph\">{\"@context\":\"https:\\\/\\\/schema.org\",\"@graph\":[{\"@type\":\"Article\",\"@id\":\"https:\\\/\\\/kuzeyinsesi.org\\\/index.php\\\/2025\\\/03\\\/16\\\/gelecegin-sanatcisi-nil-soykaranin-ilk-kisisel-sergisi-baris-cigligi-acildi\\\/#article\",\"isPartOf\":{\"@id\":\"https:\\\/\\\/kuzeyinsesi.org\\\/index.php\\\/2025\\\/03\\\/16\\\/gelecegin-sanatcisi-nil-soykaranin-ilk-kisisel-sergisi-baris-cigligi-acildi\\\/\"},\"author\":{\"name\":\"Kuzeyin Sesi\",\"@id\":\"https:\\\/\\\/kuzeyinsesi.org\\\/#\\\/schema\\\/person\\\/9f859689cdf01485597712386e37f5aa\"},\"headline\":\"Gelece\u011fin sanat\u00e7\u0131s\u0131 Nil Soykara\u2019n\u0131n ilk ki\u015fisel sergisi \u201cBar\u0131\u015f \u00c7\u0131\u011fl\u0131\u011f\u0131\u201d a\u00e7\u0131ld\u0131\",\"datePublished\":\"2025-03-16T13:28:07+00:00\",\"mainEntityOfPage\":{\"@id\":\"https:\\\/\\\/kuzeyinsesi.org\\\/index.php\\\/2025\\\/03\\\/16\\\/gelecegin-sanatcisi-nil-soykaranin-ilk-kisisel-sergisi-baris-cigligi-acildi\\\/\"},\"wordCount\":97,\"commentCount\":0,\"image\":{\"@id\":\"https:\\\/\\\/kuzeyinsesi.org\\\/index.php\\\/2025\\\/03\\\/16\\\/gelecegin-sanatcisi-nil-soykaranin-ilk-kisisel-sergisi-baris-cigligi-acildi\\\/#primaryimage\"},\"thumbnailUrl\":\"https:\\\/\\\/kuzeyinsesi.org\\\/wp-content\\\/uploads\\\/2025\\\/03\\\/1742128957002fc051a20-8a79-45ff-be94-4c69e179cb70.jpeg\",\"articleSection\":[\"Ya\u015fam\"],\"inLanguage\":\"tr\",\"potentialAction\":[{\"@type\":\"CommentAction\",\"name\":\"Comment\",\"target\":[\"https:\\\/\\\/kuzeyinsesi.org\\\/index.php\\\/2025\\\/03\\\/16\\\/gelecegin-sanatcisi-nil-soykaranin-ilk-kisisel-sergisi-baris-cigligi-acildi\\\/#respond\"]}]},{\"@type\":\"WebPage\",\"@id\":\"https:\\\/\\\/kuzeyinsesi.org\\\/index.php\\\/2025\\\/03\\\/16\\\/gelecegin-sanatcisi-nil-soykaranin-ilk-kisisel-sergisi-baris-cigligi-acildi\\\/\",\"url\":\"https:\\\/\\\/kuzeyinsesi.org\\\/index.php\\\/2025\\\/03\\\/16\\\/gelecegin-sanatcisi-nil-soykaranin-ilk-kisisel-sergisi-baris-cigligi-acildi\\\/\",\"name\":\"Gelece\u011fin sanat\u00e7\u0131s\u0131 Nil Soykara\u2019n\u0131n ilk ki\u015fisel sergisi \u201cBar\u0131\u015f \u00c7\u0131\u011fl\u0131\u011f\u0131\u201d a\u00e7\u0131ld\u0131 - Kuzeyin Sesi\",\"isPartOf\":{\"@id\":\"https:\\\/\\\/kuzeyinsesi.org\\\/#website\"},\"primaryImageOfPage\":{\"@id\":\"https:\\\/\\\/kuzeyinsesi.org\\\/index.php\\\/2025\\\/03\\\/16\\\/gelecegin-sanatcisi-nil-soykaranin-ilk-kisisel-sergisi-baris-cigligi-acildi\\\/#primaryimage\"},\"image\":{\"@id\":\"https:\\\/\\\/kuzeyinsesi.org\\\/index.php\\\/2025\\\/03\\\/16\\\/gelecegin-sanatcisi-nil-soykaranin-ilk-kisisel-sergisi-baris-cigligi-acildi\\\/#primaryimage\"},\"thumbnailUrl\":\"https:\\\/\\\/kuzeyinsesi.org\\\/wp-content\\\/uploads\\\/2025\\\/03\\\/1742128957002fc051a20-8a79-45ff-be94-4c69e179cb70.jpeg\",\"datePublished\":\"2025-03-16T13:28:07+00:00\",\"author\":{\"@id\":\"https:\\\/\\\/kuzeyinsesi.org\\\/#\\\/schema\\\/person\\\/9f859689cdf01485597712386e37f5aa\"},\"breadcrumb\":{\"@id\":\"https:\\\/\\\/kuzeyinsesi.org\\\/index.php\\\/2025\\\/03\\\/16\\\/gelecegin-sanatcisi-nil-soykaranin-ilk-kisisel-sergisi-baris-cigligi-acildi\\\/#breadcrumb\"},\"inLanguage\":\"tr\",\"potentialAction\":[{\"@type\":\"ReadAction\",\"target\":[\"https:\\\/\\\/kuzeyinsesi.org\\\/index.php\\\/2025\\\/03\\\/16\\\/gelecegin-sanatcisi-nil-soykaranin-ilk-kisisel-sergisi-baris-cigligi-acildi\\\/\"]}]},{\"@type\":\"ImageObject\",\"inLanguage\":\"tr\",\"@id\":\"https:\\\/\\\/kuzeyinsesi.org\\\/index.php\\\/2025\\\/03\\\/16\\\/gelecegin-sanatcisi-nil-soykaranin-ilk-kisisel-sergisi-baris-cigligi-acildi\\\/#primaryimage\",\"url\":\"https:\\\/\\\/kuzeyinsesi.org\\\/wp-content\\\/uploads\\\/2025\\\/03\\\/1742128957002fc051a20-8a79-45ff-be94-4c69e179cb70.jpeg\",\"contentUrl\":\"https:\\\/\\\/kuzeyinsesi.org\\\/wp-content\\\/uploads\\\/2025\\\/03\\\/1742128957002fc051a20-8a79-45ff-be94-4c69e179cb70.jpeg\",\"width\":1600,\"height\":1067},{\"@type\":\"BreadcrumbList\",\"@id\":\"https:\\\/\\\/kuzeyinsesi.org\\\/index.php\\\/2025\\\/03\\\/16\\\/gelecegin-sanatcisi-nil-soykaranin-ilk-kisisel-sergisi-baris-cigligi-acildi\\\/#breadcrumb\",\"itemListElement\":[{\"@type\":\"ListItem\",\"position\":1,\"name\":\"Anasayfa\",\"item\":\"https:\\\/\\\/kuzeyinsesi.org\\\/\"},{\"@type\":\"ListItem\",\"position\":2,\"name\":\"Gelece\u011fin sanat\u00e7\u0131s\u0131 Nil Soykara\u2019n\u0131n ilk ki\u015fisel sergisi \u201cBar\u0131\u015f \u00c7\u0131\u011fl\u0131\u011f\u0131\u201d a\u00e7\u0131ld\u0131\"}]},{\"@type\":\"WebSite\",\"@id\":\"https:\\\/\\\/kuzeyinsesi.org\\\/#website\",\"url\":\"https:\\\/\\\/kuzeyinsesi.org\\\/\",\"name\":\"Kuzeyin Sesi\",\"description\":\"Do\u011fru Haberin Adresi\",\"potentialAction\":[{\"@type\":\"SearchAction\",\"target\":{\"@type\":\"EntryPoint\",\"urlTemplate\":\"https:\\\/\\\/kuzeyinsesi.org\\\/?s={search_term_string}\"},\"query-input\":{\"@type\":\"PropertyValueSpecification\",\"valueRequired\":true,\"valueName\":\"search_term_string\"}}],\"inLanguage\":\"tr\"},{\"@type\":\"Person\",\"@id\":\"https:\\\/\\\/kuzeyinsesi.org\\\/#\\\/schema\\\/person\\\/9f859689cdf01485597712386e37f5aa\",\"name\":\"Kuzeyin Sesi\",\"image\":{\"@type\":\"ImageObject\",\"inLanguage\":\"tr\",\"@id\":\"https:\\\/\\\/secure.gravatar.com\\\/avatar\\\/bab33852abfd8b282518d6ed81826833d77c3c882d9ab608add591ccace47a44?s=96&d=mm&r=g\",\"url\":\"https:\\\/\\\/secure.gravatar.com\\\/avatar\\\/bab33852abfd8b282518d6ed81826833d77c3c882d9ab608add591ccace47a44?s=96&d=mm&r=g\",\"contentUrl\":\"https:\\\/\\\/secure.gravatar.com\\\/avatar\\\/bab33852abfd8b282518d6ed81826833d77c3c882d9ab608add591ccace47a44?s=96&d=mm&r=g\",\"caption\":\"Kuzeyin Sesi\"},\"sameAs\":[\"https:\\\/\\\/kuzeyinsesi.org\"],\"url\":\"https:\\\/\\\/kuzeyinsesi.org\\\/index.php\\\/author\\\/guven\\\/\"}]}<\/script>\n<!-- \/ Yoast SEO plugin. -->","yoast_head_json":{"title":"Gelece\u011fin sanat\u00e7\u0131s\u0131 Nil Soykara\u2019n\u0131n ilk ki\u015fisel sergisi \u201cBar\u0131\u015f \u00c7\u0131\u011fl\u0131\u011f\u0131\u201d a\u00e7\u0131ld\u0131 - Kuzeyin Sesi","robots":{"index":"index","follow":"follow","max-snippet":"max-snippet:-1","max-image-preview":"max-image-preview:large","max-video-preview":"max-video-preview:-1"},"canonical":"https:\/\/kuzeyinsesi.org\/index.php\/2025\/03\/16\/gelecegin-sanatcisi-nil-soykaranin-ilk-kisisel-sergisi-baris-cigligi-acildi\/","og_locale":"tr_TR","og_type":"article","og_title":"Gelece\u011fin sanat\u00e7\u0131s\u0131 Nil Soykara\u2019n\u0131n ilk ki\u015fisel sergisi \u201cBar\u0131\u015f \u00c7\u0131\u011fl\u0131\u011f\u0131\u201d a\u00e7\u0131ld\u0131 - Kuzeyin Sesi","og_description":"Gelece\u011fin sanat\u00e7\u0131s\u0131 Nil Soykara\u2019n\u0131n ilk ki\u015fisel sergisi a\u00e7\u0131ld\u0131. Otuz eserden olu\u015fan \u201cBar\u0131\u015f \u00c7\u0131\u011fl\u0131\u011f\u0131\u201d sergisi R\u00fcstem Kitabevi sergi salonunda yer al\u0131yor. Sergi 22 Mart Pazar g\u00fcn\u00fcne kadar ziyaret edilebilir. Kara kalem ve aquarel kalem tekniklerinin yan\u0131 s\u0131ra ya\u011fl\u0131boya ve pastel boya gibi \u00e7e\u015fitli tekniklerle olu\u015fturulmu\u015f serginin Soykara\u2019n\u0131n sanat dilinde yapt\u0131\u011f\u0131 bir bar\u0131\u015f \u00e7a\u011fr\u0131s\u0131 ve \u201csava\u015fa hay\u0131r\u2019 [&hellip;]","og_url":"https:\/\/kuzeyinsesi.org\/index.php\/2025\/03\/16\/gelecegin-sanatcisi-nil-soykaranin-ilk-kisisel-sergisi-baris-cigligi-acildi\/","og_site_name":"Kuzeyin Sesi","article_publisher":"https:\/\/www.facebook.com\/kuzeyinsesii","article_published_time":"2025-03-16T13:28:07+00:00","og_image":[{"url":"https:\/\/brtk.net\/wp-content\/uploads\/2025\/03\/16\/1742128957002fc051a20-8a79-45ff-be94-4c69e179cb70.jpeg?ver=fb5fc4161a8e219340ff6222b8c388cb","type":"","width":"","height":""}],"author":"Kuzeyin Sesi","twitter_card":"summary_large_image","twitter_creator":"@kuzeyinsesii","twitter_site":"@kuzeyinsesii","twitter_misc":{"Yazan:":"Kuzeyin Sesi"},"schema":{"@context":"https:\/\/schema.org","@graph":[{"@type":"Article","@id":"https:\/\/kuzeyinsesi.org\/index.php\/2025\/03\/16\/gelecegin-sanatcisi-nil-soykaranin-ilk-kisisel-sergisi-baris-cigligi-acildi\/#article","isPartOf":{"@id":"https:\/\/kuzeyinsesi.org\/index.php\/2025\/03\/16\/gelecegin-sanatcisi-nil-soykaranin-ilk-kisisel-sergisi-baris-cigligi-acildi\/"},"author":{"name":"Kuzeyin Sesi","@id":"https:\/\/kuzeyinsesi.org\/#\/schema\/person\/9f859689cdf01485597712386e37f5aa"},"headline":"Gelece\u011fin sanat\u00e7\u0131s\u0131 Nil Soykara\u2019n\u0131n ilk ki\u015fisel sergisi \u201cBar\u0131\u015f \u00c7\u0131\u011fl\u0131\u011f\u0131\u201d a\u00e7\u0131ld\u0131","datePublished":"2025-03-16T13:28:07+00:00","mainEntityOfPage":{"@id":"https:\/\/kuzeyinsesi.org\/index.php\/2025\/03\/16\/gelecegin-sanatcisi-nil-soykaranin-ilk-kisisel-sergisi-baris-cigligi-acildi\/"},"wordCount":97,"commentCount":0,"image":{"@id":"https:\/\/kuzeyinsesi.org\/index.php\/2025\/03\/16\/gelecegin-sanatcisi-nil-soykaranin-ilk-kisisel-sergisi-baris-cigligi-acildi\/#primaryimage"},"thumbnailUrl":"https:\/\/kuzeyinsesi.org\/wp-content\/uploads\/2025\/03\/1742128957002fc051a20-8a79-45ff-be94-4c69e179cb70.jpeg","articleSection":["Ya\u015fam"],"inLanguage":"tr","potentialAction":[{"@type":"CommentAction","name":"Comment","target":["https:\/\/kuzeyinsesi.org\/index.php\/2025\/03\/16\/gelecegin-sanatcisi-nil-soykaranin-ilk-kisisel-sergisi-baris-cigligi-acildi\/#respond"]}]},{"@type":"WebPage","@id":"https:\/\/kuzeyinsesi.org\/index.php\/2025\/03\/16\/gelecegin-sanatcisi-nil-soykaranin-ilk-kisisel-sergisi-baris-cigligi-acildi\/","url":"https:\/\/kuzeyinsesi.org\/index.php\/2025\/03\/16\/gelecegin-sanatcisi-nil-soykaranin-ilk-kisisel-sergisi-baris-cigligi-acildi\/","name":"Gelece\u011fin sanat\u00e7\u0131s\u0131 Nil Soykara\u2019n\u0131n ilk ki\u015fisel sergisi \u201cBar\u0131\u015f \u00c7\u0131\u011fl\u0131\u011f\u0131\u201d a\u00e7\u0131ld\u0131 - Kuzeyin Sesi","isPartOf":{"@id":"https:\/\/kuzeyinsesi.org\/#website"},"primaryImageOfPage":{"@id":"https:\/\/kuzeyinsesi.org\/index.php\/2025\/03\/16\/gelecegin-sanatcisi-nil-soykaranin-ilk-kisisel-sergisi-baris-cigligi-acildi\/#primaryimage"},"image":{"@id":"https:\/\/kuzeyinsesi.org\/index.php\/2025\/03\/16\/gelecegin-sanatcisi-nil-soykaranin-ilk-kisisel-sergisi-baris-cigligi-acildi\/#primaryimage"},"thumbnailUrl":"https:\/\/kuzeyinsesi.org\/wp-content\/uploads\/2025\/03\/1742128957002fc051a20-8a79-45ff-be94-4c69e179cb70.jpeg","datePublished":"2025-03-16T13:28:07+00:00","author":{"@id":"https:\/\/kuzeyinsesi.org\/#\/schema\/person\/9f859689cdf01485597712386e37f5aa"},"breadcrumb":{"@id":"https:\/\/kuzeyinsesi.org\/index.php\/2025\/03\/16\/gelecegin-sanatcisi-nil-soykaranin-ilk-kisisel-sergisi-baris-cigligi-acildi\/#breadcrumb"},"inLanguage":"tr","potentialAction":[{"@type":"ReadAction","target":["https:\/\/kuzeyinsesi.org\/index.php\/2025\/03\/16\/gelecegin-sanatcisi-nil-soykaranin-ilk-kisisel-sergisi-baris-cigligi-acildi\/"]}]},{"@type":"ImageObject","inLanguage":"tr","@id":"https:\/\/kuzeyinsesi.org\/index.php\/2025\/03\/16\/gelecegin-sanatcisi-nil-soykaranin-ilk-kisisel-sergisi-baris-cigligi-acildi\/#primaryimage","url":"https:\/\/kuzeyinsesi.org\/wp-content\/uploads\/2025\/03\/1742128957002fc051a20-8a79-45ff-be94-4c69e179cb70.jpeg","contentUrl":"https:\/\/kuzeyinsesi.org\/wp-content\/uploads\/2025\/03\/1742128957002fc051a20-8a79-45ff-be94-4c69e179cb70.jpeg","width":1600,"height":1067},{"@type":"BreadcrumbList","@id":"https:\/\/kuzeyinsesi.org\/index.php\/2025\/03\/16\/gelecegin-sanatcisi-nil-soykaranin-ilk-kisisel-sergisi-baris-cigligi-acildi\/#breadcrumb","itemListElement":[{"@type":"ListItem","position":1,"name":"Anasayfa","item":"https:\/\/kuzeyinsesi.org\/"},{"@type":"ListItem","position":2,"name":"Gelece\u011fin sanat\u00e7\u0131s\u0131 Nil Soykara\u2019n\u0131n ilk ki\u015fisel sergisi \u201cBar\u0131\u015f \u00c7\u0131\u011fl\u0131\u011f\u0131\u201d a\u00e7\u0131ld\u0131"}]},{"@type":"WebSite","@id":"https:\/\/kuzeyinsesi.org\/#website","url":"https:\/\/kuzeyinsesi.org\/","name":"Kuzeyin Sesi","description":"Do\u011fru Haberin Adresi","potentialAction":[{"@type":"SearchAction","target":{"@type":"EntryPoint","urlTemplate":"https:\/\/kuzeyinsesi.org\/?s={search_term_string}"},"query-input":{"@type":"PropertyValueSpecification","valueRequired":true,"valueName":"search_term_string"}}],"inLanguage":"tr"},{"@type":"Person","@id":"https:\/\/kuzeyinsesi.org\/#\/schema\/person\/9f859689cdf01485597712386e37f5aa","name":"Kuzeyin Sesi","image":{"@type":"ImageObject","inLanguage":"tr","@id":"https:\/\/secure.gravatar.com\/avatar\/bab33852abfd8b282518d6ed81826833d77c3c882d9ab608add591ccace47a44?s=96&d=mm&r=g","url":"https:\/\/secure.gravatar.com\/avatar\/bab33852abfd8b282518d6ed81826833d77c3c882d9ab608add591ccace47a44?s=96&d=mm&r=g","contentUrl":"https:\/\/secure.gravatar.com\/avatar\/bab33852abfd8b282518d6ed81826833d77c3c882d9ab608add591ccace47a44?s=96&d=mm&r=g","caption":"Kuzeyin Sesi"},"sameAs":["https:\/\/kuzeyinsesi.org"],"url":"https:\/\/kuzeyinsesi.org\/index.php\/author\/guven\/"}]}},"_links":{"self":[{"href":"https:\/\/kuzeyinsesi.org\/index.php\/wp-json\/wp\/v2\/posts\/21030","targetHints":{"allow":["GET"]}}],"collection":[{"href":"https:\/\/kuzeyinsesi.org\/index.php\/wp-json\/wp\/v2\/posts"}],"about":[{"href":"https:\/\/kuzeyinsesi.org\/index.php\/wp-json\/wp\/v2\/types\/post"}],"author":[{"embeddable":true,"href":"https:\/\/kuzeyinsesi.org\/index.php\/wp-json\/wp\/v2\/users\/1"}],"replies":[{"embeddable":true,"href":"https:\/\/kuzeyinsesi.org\/index.php\/wp-json\/wp\/v2\/comments?post=21030"}],"version-history":[{"count":0,"href":"https:\/\/kuzeyinsesi.org\/index.php\/wp-json\/wp\/v2\/posts\/21030\/revisions"}],"wp:featuredmedia":[{"embeddable":true,"href":"https:\/\/kuzeyinsesi.org\/index.php\/wp-json\/wp\/v2\/media\/21031"}],"wp:attachment":[{"href":"https:\/\/kuzeyinsesi.org\/index.php\/wp-json\/wp\/v2\/media?parent=21030"}],"wp:term":[{"taxonomy":"category","embeddable":true,"href":"https:\/\/kuzeyinsesi.org\/index.php\/wp-json\/wp\/v2\/categories?post=21030"},{"taxonomy":"post_tag","embeddable":true,"href":"https:\/\/kuzeyinsesi.org\/index.php\/wp-json\/wp\/v2\/tags?post=21030"}],"curies":[{"name":"wp","href":"https:\/\/api.w.org\/{rel}","templated":true}]}}