{"id":21016,"date":"2025-03-16T14:03:00","date_gmt":"2025-03-16T12:03:00","guid":{"rendered":"https:\/\/kuzeyinsesi.org\/index.php\/2025\/03\/16\/tc-disisleri-bakani-fidan-yarin-cenevrede-kibris-konulu-gayriresmi-toplantiya-katilacak\/"},"modified":"2025-03-16T14:03:00","modified_gmt":"2025-03-16T12:03:00","slug":"tc-disisleri-bakani-fidan-yarin-cenevrede-kibris-konulu-gayriresmi-toplantiya-katilacak","status":"publish","type":"post","link":"https:\/\/kuzeyinsesi.org\/index.php\/2025\/03\/16\/tc-disisleri-bakani-fidan-yarin-cenevrede-kibris-konulu-gayriresmi-toplantiya-katilacak\/","title":{"rendered":"TC D\u0131\u015fi\u015fleri Bakan\u0131 Fidan, yar\u0131n Cenevre\u2019de K\u0131br\u0131s konulu gayriresmi toplant\u0131ya kat\u0131lacak"},"content":{"rendered":"<div>\n<div class=\"mariselle-image-container center\">\n                                            <\/div>\n<p>TC D\u0131\u015fi\u015fleri Bakan\u0131 Hakan Fidan, yar\u0131n ve 18 Mart\u2019ta Cenevre\u2019de d\u00fczenlenecek K\u0131br\u0131s konulu geni\u015fletilmi\u015f formatl\u0131 gayriresmi toplant\u0131ya kat\u0131lacak.<\/p>\n<p>AA TC D\u0131\u015fi\u015fleri Bakanl\u0131\u011f\u0131 kaynaklar\u0131ndan edindi\u011fi bilgiye g\u00f6re K\u0131br\u0131s meselesinde gelecek d\u00f6neme ili\u015fkin g\u00f6r\u00fc\u015f al\u0131\u015fveri\u015finde bulunulmas\u0131 \u00f6ng\u00f6r\u00fclen toplant\u0131n\u0131n hi\u00e7bir surette \u201cge\u00e7mi\u015f m\u00fczakere s\u00fcre\u00e7lerinin devam\u0131\u201d veya \u201cyeni bir m\u00fczakere s\u00fcrecinin ba\u015flang\u0131c\u0131\u201d niteli\u011fi ta\u015f\u0131mad\u0131\u011f\u0131n\u0131 aktard\u0131.<\/p>\n<p>BM Genel Sekreteri Antonio Guterres\u2019in himayesinde d\u00fczenlenecek toplant\u0131da taraflar, Cumhurba\u015fkan\u0131 Ersin Tatar, G\u00fcney K\u0131br\u0131s Rum Y\u00f6netimi (GKRY) lideri Nikos Hristodulidis, TC D\u0131\u015fi\u015fleri Bakan\u0131 Fidan, Yunanistan D\u0131\u015fi\u015fleri Bakan\u0131 Yorgo Gerapetritis ve \u0130ngiltere D\u0131\u015fi\u015fleri Bakanl\u0131\u011f\u0131nda Avrupa ve Kuzey Amerika\u2019dan Sorumlu Devlet Bakan\u0131 Stephen Doughty taraf\u0131ndan temsil edilecek.<\/p>\n<p>\u2013 Bakan Fidan\u2019\u0131n KKTC ziyareti<\/p>\n<p>TC D\u0131\u015fi\u015fleri Bakan\u0131 Fidan, son olarak 8-9 Ocak\u2019ta KKTC\u2019yi ziyaret etmi\u015f, KKTC Cumhurba\u015fkan\u0131 Tatar ve Ba\u015fbakan \u00dcnal \u00dcstel taraf\u0131ndan kabul edilmi\u015fti.<\/p>\n<p>Bakan Fidan, Cumhurba\u015fkan\u0131 Tatar\u2019la d\u00fczenledi\u011fi ortak bas\u0131n toplant\u0131s\u0131nda, T\u00fcrkiye\u2019nin KKTC\u2019yle dayan\u0131\u015fmas\u0131n\u0131 ve i\u015fbirli\u011fini her alanda geli\u015ftirmeye devam edece\u011fini, Ada\u2019da iki devletli \u00e7\u00f6z\u00fcm\u00fcn tek ger\u00e7ek\u00e7i \u00e7\u00f6z\u00fcm yolu oldu\u011funu ve T\u00fcrkiye\u2019nin bu \u00e7\u00f6z\u00fcme yap\u0131c\u0131 katk\u0131 sunmaya haz\u0131r bulundu\u011funu vurgulam\u0131\u015ft\u0131.<\/p>\n<p>15 Ekim 2024\u2019te New York\u2019ta BM Genel Sekreteri\u2019nin ev sahipli\u011finde KKTC Cumhurba\u015fkan\u0131 Tatar ve GKRY lideri Hristodulidis\u2019in kat\u0131l\u0131m\u0131yla gayriresmi ak\u015fam yeme\u011fi d\u00fczenlenmi\u015fti.<\/p>\n<p>Bu gayriresmi ak\u015fam yeme\u011finin ard\u0131ndan BM Genel Sekreteri S\u00f6zc\u00fcl\u00fc\u011f\u00fcnce yay\u0131mlanan a\u00e7\u0131klamada, BM Genel Sekreteri\u2019nin K\u0131br\u0131s konusundaki eski \u015eahsi Temsilci\u2019nin \u00e7al\u0131\u015fmalar\u0131na da at\u0131fla, taraflar aras\u0131nda resmi m\u00fczakerelerin ba\u015flat\u0131lmas\u0131 i\u00e7in halihaz\u0131rda ortak zeminin bulunmad\u0131\u011f\u0131 resmi olarak kayda ge\u00e7irilmi\u015fti.<\/p>\n<p>Ak\u015fam yeme\u011finde ayr\u0131ca, izleyen d\u00f6nemde BM Genel Sekreteri\u2019nin ev sahipli\u011finde Ada\u2019daki iki lider, \u201cana vatanlar\u0131n d\u0131\u015fi\u015fleri bakanlar\u0131\u201d ve \u00fc\u00e7\u00fcnc\u00fc garant\u00f6r devlet \u0130ngiltere\u2019nin bakan d\u00fczeyinin alt\u0131ndaki kat\u0131l\u0131m\u0131yla geni\u015fletilmi\u015f formatl\u0131 gayriresmi toplant\u0131 d\u00fczenlenmesi kararla\u015ft\u0131r\u0131lm\u0131\u015ft\u0131.<\/p>\n<p>\u2013 K\u0131br\u0131s meselesi<\/p>\n<p>Cenevre\u2019de 27-29 Nisan 2021\u2019de d\u00fczenlenen gayriresmi 5+BM formatl\u0131 toplant\u0131da KKTC Cumhurba\u015fkan\u0131 Tatar ba\u015fkanl\u0131\u011f\u0131ndaki K\u0131br\u0131s T\u00fcrk taraf\u0131, iki toplumlu ve iki kesimli federasyon modelinden deste\u011fini \u00e7ekti\u011fini a\u00e7\u0131klam\u0131\u015f ve K\u0131br\u0131s meselesinin \u00e7\u00f6z\u00fcm\u00fcne dair yeni vizyonunu (iki devletli \u00e7\u00f6z\u00fcm) ortaya koymu\u015ftu.<\/p>\n<p>T\u00fcrkiye taraf\u0131ndan da tam destek verilen bu vizyon \u00e7er\u00e7evesinde, yar\u0131m as\u0131rd\u0131r denenen federasyon temelli m\u00fczakere s\u00fcre\u00e7lerinin bug\u00fcne kadar Ada\u2019ya \u00e7\u00f6z\u00fcm getiremedi\u011fi, Ada\u2019da halihaz\u0131rda iki ayr\u0131 halk ve iki ayr\u0131 devletin bulundu\u011fu, K\u0131br\u0131s meselesine Ada\u2019n\u0131n ger\u00e7eklerine uygun, adil, kal\u0131c\u0131 ve s\u00fcrd\u00fcr\u00fclebilir \u00e7\u00f6z\u00fcm\u00fcn yolunu a\u00e7acak resmi m\u00fczakerelerin ba\u015flat\u0131labilmesi i\u00e7in \u00f6ncelikle K\u0131br\u0131s T\u00fcrklerinin \u00f6zden gelen haklar\u0131n\u0131n (egemen e\u015fitlik ve e\u015fit uluslararas\u0131 stat\u00fc) uluslararas\u0131 toplum taraf\u0131ndan tescil edilmesi gerekti\u011fi vurgulan\u0131yor.<\/p>\n<p>Cumhurba\u015fkan\u0131 Recep Tayyip Erdo\u011fan da 77\u2019nci, 78\u2019inci ve 79\u2019uncu BM Genel Kuruluna hitaplar\u0131nda uluslararas\u0131 topluma KKTC\u2019nin bir an \u00f6nce tan\u0131nmas\u0131 y\u00f6n\u00fcnde \u00e7a\u011fr\u0131larda bulunmu\u015ftu.<\/p>\n<\/p><\/div>\n<p><script async\n                    defer\n                    crossorigin=\"anonymous\"\n                    src=\"https:\/\/connect.facebook.net\/tr_TR\/sdk.js#xfbml=1&#038;version=v3.3\"\n            ><\/script><\/p>\n","protected":false},"excerpt":{"rendered":"<p>TC D\u0131\u015fi\u015fleri Bakan\u0131 Hakan Fidan, yar\u0131n ve 18 Mart\u2019ta Cenevre\u2019de d\u00fczenlenecek K\u0131br\u0131s konulu geni\u015fletilmi\u015f formatl\u0131 gayriresmi toplant\u0131ya kat\u0131lacak. AA TC D\u0131\u015fi\u015fleri Bakanl\u0131\u011f\u0131 kaynaklar\u0131ndan edindi\u011fi bilgiye g\u00f6re K\u0131br\u0131s meselesinde gelecek d\u00f6neme ili\u015fkin g\u00f6r\u00fc\u015f al\u0131\u015fveri\u015finde bulunulmas\u0131 \u00f6ng\u00f6r\u00fclen toplant\u0131n\u0131n hi\u00e7bir surette \u201cge\u00e7mi\u015f m\u00fczakere s\u00fcre\u00e7lerinin devam\u0131\u201d veya \u201cyeni bir m\u00fczakere s\u00fcrecinin ba\u015flang\u0131c\u0131\u201d niteli\u011fi ta\u015f\u0131mad\u0131\u011f\u0131n\u0131 aktard\u0131. BM Genel Sekreteri Antonio [&hellip;]<\/p>\n","protected":false},"author":1,"featured_media":21017,"comment_status":"open","ping_status":"open","sticky":false,"template":"","format":"standard","meta":{"jnews-multi-image_gallery":[],"jnews_single_post":[],"jnews_primary_category":[],"jnews_social_meta":[],"jnews_override_counter":[],"footnotes":""},"categories":[5],"tags":[],"class_list":["post-21016","post","type-post","status-publish","format-standard","has-post-thumbnail","hentry","category-turkiye"],"yoast_head":"<!-- This site is optimized with the Yoast SEO plugin v27.5 - https:\/\/yoast.com\/product\/yoast-seo-wordpress\/ -->\n<title>TC D\u0131\u015fi\u015fleri Bakan\u0131 Fidan, yar\u0131n Cenevre\u2019de K\u0131br\u0131s konulu gayriresmi toplant\u0131ya kat\u0131lacak - Kuzeyin Sesi<\/title>\n<meta name=\"robots\" content=\"index, follow, max-snippet:-1, max-image-preview:large, max-video-preview:-1\" \/>\n<link rel=\"canonical\" href=\"https:\/\/kuzeyinsesi.org\/index.php\/2025\/03\/16\/tc-disisleri-bakani-fidan-yarin-cenevrede-kibris-konulu-gayriresmi-toplantiya-katilacak\/\" \/>\n<meta property=\"og:locale\" content=\"tr_TR\" \/>\n<meta property=\"og:type\" content=\"article\" \/>\n<meta property=\"og:title\" content=\"TC D\u0131\u015fi\u015fleri Bakan\u0131 Fidan, yar\u0131n Cenevre\u2019de K\u0131br\u0131s konulu gayriresmi toplant\u0131ya kat\u0131lacak - Kuzeyin Sesi\" \/>\n<meta property=\"og:description\" content=\"TC D\u0131\u015fi\u015fleri Bakan\u0131 Hakan Fidan, yar\u0131n ve 18 Mart\u2019ta Cenevre\u2019de d\u00fczenlenecek K\u0131br\u0131s konulu geni\u015fletilmi\u015f formatl\u0131 gayriresmi toplant\u0131ya kat\u0131lacak. AA TC D\u0131\u015fi\u015fleri Bakanl\u0131\u011f\u0131 kaynaklar\u0131ndan edindi\u011fi bilgiye g\u00f6re K\u0131br\u0131s meselesinde gelecek d\u00f6neme ili\u015fkin g\u00f6r\u00fc\u015f al\u0131\u015fveri\u015finde bulunulmas\u0131 \u00f6ng\u00f6r\u00fclen toplant\u0131n\u0131n hi\u00e7bir surette \u201cge\u00e7mi\u015f m\u00fczakere s\u00fcre\u00e7lerinin devam\u0131\u201d veya \u201cyeni bir m\u00fczakere s\u00fcrecinin ba\u015flang\u0131c\u0131\u201d niteli\u011fi ta\u015f\u0131mad\u0131\u011f\u0131n\u0131 aktard\u0131. BM Genel Sekreteri Antonio [&hellip;]\" \/>\n<meta property=\"og:url\" content=\"https:\/\/kuzeyinsesi.org\/index.php\/2025\/03\/16\/tc-disisleri-bakani-fidan-yarin-cenevrede-kibris-konulu-gayriresmi-toplantiya-katilacak\/\" \/>\n<meta property=\"og:site_name\" content=\"Kuzeyin Sesi\" \/>\n<meta property=\"article:publisher\" content=\"https:\/\/www.facebook.com\/kuzeyinsesii\" \/>\n<meta property=\"article:published_time\" content=\"2025-03-16T12:03:00+00:00\" \/>\n<meta property=\"og:image\" content=\"https:\/\/brtk.net\/wp-content\/uploads\/2025\/03\/16\/1742124600487thumbs_b_c_2d34c6c3a4ccb74a85bad81095b3c9e2.jpg?ver=3629b70bed280faceef063cc06eb6764\" \/>\n<meta name=\"author\" content=\"Kuzeyin Sesi\" \/>\n<meta name=\"twitter:card\" content=\"summary_large_image\" \/>\n<meta name=\"twitter:creator\" content=\"@kuzeyinsesii\" \/>\n<meta name=\"twitter:site\" content=\"@kuzeyinsesii\" \/>\n<meta name=\"twitter:label1\" content=\"Yazan:\" \/>\n\t<meta name=\"twitter:data1\" content=\"Kuzeyin Sesi\" \/>\n\t<meta name=\"twitter:label2\" content=\"Tahmini okuma s\u00fcresi\" \/>\n\t<meta name=\"twitter:data2\" content=\"3 dakika\" \/>\n<script type=\"application\/ld+json\" class=\"yoast-schema-graph\">{\"@context\":\"https:\\\/\\\/schema.org\",\"@graph\":[{\"@type\":\"Article\",\"@id\":\"https:\\\/\\\/kuzeyinsesi.org\\\/index.php\\\/2025\\\/03\\\/16\\\/tc-disisleri-bakani-fidan-yarin-cenevrede-kibris-konulu-gayriresmi-toplantiya-katilacak\\\/#article\",\"isPartOf\":{\"@id\":\"https:\\\/\\\/kuzeyinsesi.org\\\/index.php\\\/2025\\\/03\\\/16\\\/tc-disisleri-bakani-fidan-yarin-cenevrede-kibris-konulu-gayriresmi-toplantiya-katilacak\\\/\"},\"author\":{\"name\":\"Kuzeyin Sesi\",\"@id\":\"https:\\\/\\\/kuzeyinsesi.org\\\/#\\\/schema\\\/person\\\/9f859689cdf01485597712386e37f5aa\"},\"headline\":\"TC D\u0131\u015fi\u015fleri Bakan\u0131 Fidan, yar\u0131n Cenevre\u2019de K\u0131br\u0131s konulu gayriresmi toplant\u0131ya kat\u0131lacak\",\"datePublished\":\"2025-03-16T12:03:00+00:00\",\"mainEntityOfPage\":{\"@id\":\"https:\\\/\\\/kuzeyinsesi.org\\\/index.php\\\/2025\\\/03\\\/16\\\/tc-disisleri-bakani-fidan-yarin-cenevrede-kibris-konulu-gayriresmi-toplantiya-katilacak\\\/\"},\"wordCount\":619,\"commentCount\":0,\"image\":{\"@id\":\"https:\\\/\\\/kuzeyinsesi.org\\\/index.php\\\/2025\\\/03\\\/16\\\/tc-disisleri-bakani-fidan-yarin-cenevrede-kibris-konulu-gayriresmi-toplantiya-katilacak\\\/#primaryimage\"},\"thumbnailUrl\":\"https:\\\/\\\/kuzeyinsesi.org\\\/wp-content\\\/uploads\\\/2025\\\/03\\\/1742124600487thumbs_b_c_2d34c6c3a4ccb74a85bad81095b3c9e2.jpg\",\"articleSection\":[\"T\u00fcrkiye\"],\"inLanguage\":\"tr\",\"potentialAction\":[{\"@type\":\"CommentAction\",\"name\":\"Comment\",\"target\":[\"https:\\\/\\\/kuzeyinsesi.org\\\/index.php\\\/2025\\\/03\\\/16\\\/tc-disisleri-bakani-fidan-yarin-cenevrede-kibris-konulu-gayriresmi-toplantiya-katilacak\\\/#respond\"]}]},{\"@type\":\"WebPage\",\"@id\":\"https:\\\/\\\/kuzeyinsesi.org\\\/index.php\\\/2025\\\/03\\\/16\\\/tc-disisleri-bakani-fidan-yarin-cenevrede-kibris-konulu-gayriresmi-toplantiya-katilacak\\\/\",\"url\":\"https:\\\/\\\/kuzeyinsesi.org\\\/index.php\\\/2025\\\/03\\\/16\\\/tc-disisleri-bakani-fidan-yarin-cenevrede-kibris-konulu-gayriresmi-toplantiya-katilacak\\\/\",\"name\":\"TC D\u0131\u015fi\u015fleri Bakan\u0131 Fidan, yar\u0131n Cenevre\u2019de K\u0131br\u0131s konulu gayriresmi toplant\u0131ya kat\u0131lacak - Kuzeyin Sesi\",\"isPartOf\":{\"@id\":\"https:\\\/\\\/kuzeyinsesi.org\\\/#website\"},\"primaryImageOfPage\":{\"@id\":\"https:\\\/\\\/kuzeyinsesi.org\\\/index.php\\\/2025\\\/03\\\/16\\\/tc-disisleri-bakani-fidan-yarin-cenevrede-kibris-konulu-gayriresmi-toplantiya-katilacak\\\/#primaryimage\"},\"image\":{\"@id\":\"https:\\\/\\\/kuzeyinsesi.org\\\/index.php\\\/2025\\\/03\\\/16\\\/tc-disisleri-bakani-fidan-yarin-cenevrede-kibris-konulu-gayriresmi-toplantiya-katilacak\\\/#primaryimage\"},\"thumbnailUrl\":\"https:\\\/\\\/kuzeyinsesi.org\\\/wp-content\\\/uploads\\\/2025\\\/03\\\/1742124600487thumbs_b_c_2d34c6c3a4ccb74a85bad81095b3c9e2.jpg\",\"datePublished\":\"2025-03-16T12:03:00+00:00\",\"author\":{\"@id\":\"https:\\\/\\\/kuzeyinsesi.org\\\/#\\\/schema\\\/person\\\/9f859689cdf01485597712386e37f5aa\"},\"breadcrumb\":{\"@id\":\"https:\\\/\\\/kuzeyinsesi.org\\\/index.php\\\/2025\\\/03\\\/16\\\/tc-disisleri-bakani-fidan-yarin-cenevrede-kibris-konulu-gayriresmi-toplantiya-katilacak\\\/#breadcrumb\"},\"inLanguage\":\"tr\",\"potentialAction\":[{\"@type\":\"ReadAction\",\"target\":[\"https:\\\/\\\/kuzeyinsesi.org\\\/index.php\\\/2025\\\/03\\\/16\\\/tc-disisleri-bakani-fidan-yarin-cenevrede-kibris-konulu-gayriresmi-toplantiya-katilacak\\\/\"]}]},{\"@type\":\"ImageObject\",\"inLanguage\":\"tr\",\"@id\":\"https:\\\/\\\/kuzeyinsesi.org\\\/index.php\\\/2025\\\/03\\\/16\\\/tc-disisleri-bakani-fidan-yarin-cenevrede-kibris-konulu-gayriresmi-toplantiya-katilacak\\\/#primaryimage\",\"url\":\"https:\\\/\\\/kuzeyinsesi.org\\\/wp-content\\\/uploads\\\/2025\\\/03\\\/1742124600487thumbs_b_c_2d34c6c3a4ccb74a85bad81095b3c9e2.jpg\",\"contentUrl\":\"https:\\\/\\\/kuzeyinsesi.org\\\/wp-content\\\/uploads\\\/2025\\\/03\\\/1742124600487thumbs_b_c_2d34c6c3a4ccb74a85bad81095b3c9e2.jpg\",\"width\":864,\"height\":486},{\"@type\":\"BreadcrumbList\",\"@id\":\"https:\\\/\\\/kuzeyinsesi.org\\\/index.php\\\/2025\\\/03\\\/16\\\/tc-disisleri-bakani-fidan-yarin-cenevrede-kibris-konulu-gayriresmi-toplantiya-katilacak\\\/#breadcrumb\",\"itemListElement\":[{\"@type\":\"ListItem\",\"position\":1,\"name\":\"Anasayfa\",\"item\":\"https:\\\/\\\/kuzeyinsesi.org\\\/\"},{\"@type\":\"ListItem\",\"position\":2,\"name\":\"TC D\u0131\u015fi\u015fleri Bakan\u0131 Fidan, yar\u0131n Cenevre\u2019de K\u0131br\u0131s konulu gayriresmi toplant\u0131ya kat\u0131lacak\"}]},{\"@type\":\"WebSite\",\"@id\":\"https:\\\/\\\/kuzeyinsesi.org\\\/#website\",\"url\":\"https:\\\/\\\/kuzeyinsesi.org\\\/\",\"name\":\"Kuzeyin Sesi\",\"description\":\"Do\u011fru Haberin Adresi\",\"potentialAction\":[{\"@type\":\"SearchAction\",\"target\":{\"@type\":\"EntryPoint\",\"urlTemplate\":\"https:\\\/\\\/kuzeyinsesi.org\\\/?s={search_term_string}\"},\"query-input\":{\"@type\":\"PropertyValueSpecification\",\"valueRequired\":true,\"valueName\":\"search_term_string\"}}],\"inLanguage\":\"tr\"},{\"@type\":\"Person\",\"@id\":\"https:\\\/\\\/kuzeyinsesi.org\\\/#\\\/schema\\\/person\\\/9f859689cdf01485597712386e37f5aa\",\"name\":\"Kuzeyin Sesi\",\"image\":{\"@type\":\"ImageObject\",\"inLanguage\":\"tr\",\"@id\":\"https:\\\/\\\/secure.gravatar.com\\\/avatar\\\/bab33852abfd8b282518d6ed81826833d77c3c882d9ab608add591ccace47a44?s=96&d=mm&r=g\",\"url\":\"https:\\\/\\\/secure.gravatar.com\\\/avatar\\\/bab33852abfd8b282518d6ed81826833d77c3c882d9ab608add591ccace47a44?s=96&d=mm&r=g\",\"contentUrl\":\"https:\\\/\\\/secure.gravatar.com\\\/avatar\\\/bab33852abfd8b282518d6ed81826833d77c3c882d9ab608add591ccace47a44?s=96&d=mm&r=g\",\"caption\":\"Kuzeyin Sesi\"},\"sameAs\":[\"https:\\\/\\\/kuzeyinsesi.org\"],\"url\":\"https:\\\/\\\/kuzeyinsesi.org\\\/index.php\\\/author\\\/guven\\\/\"}]}<\/script>\n<!-- \/ Yoast SEO plugin. -->","yoast_head_json":{"title":"TC D\u0131\u015fi\u015fleri Bakan\u0131 Fidan, yar\u0131n Cenevre\u2019de K\u0131br\u0131s konulu gayriresmi toplant\u0131ya kat\u0131lacak - Kuzeyin Sesi","robots":{"index":"index","follow":"follow","max-snippet":"max-snippet:-1","max-image-preview":"max-image-preview:large","max-video-preview":"max-video-preview:-1"},"canonical":"https:\/\/kuzeyinsesi.org\/index.php\/2025\/03\/16\/tc-disisleri-bakani-fidan-yarin-cenevrede-kibris-konulu-gayriresmi-toplantiya-katilacak\/","og_locale":"tr_TR","og_type":"article","og_title":"TC D\u0131\u015fi\u015fleri Bakan\u0131 Fidan, yar\u0131n Cenevre\u2019de K\u0131br\u0131s konulu gayriresmi toplant\u0131ya kat\u0131lacak - Kuzeyin Sesi","og_description":"TC D\u0131\u015fi\u015fleri Bakan\u0131 Hakan Fidan, yar\u0131n ve 18 Mart\u2019ta Cenevre\u2019de d\u00fczenlenecek K\u0131br\u0131s konulu geni\u015fletilmi\u015f formatl\u0131 gayriresmi toplant\u0131ya kat\u0131lacak. AA TC D\u0131\u015fi\u015fleri Bakanl\u0131\u011f\u0131 kaynaklar\u0131ndan edindi\u011fi bilgiye g\u00f6re K\u0131br\u0131s meselesinde gelecek d\u00f6neme ili\u015fkin g\u00f6r\u00fc\u015f al\u0131\u015fveri\u015finde bulunulmas\u0131 \u00f6ng\u00f6r\u00fclen toplant\u0131n\u0131n hi\u00e7bir surette \u201cge\u00e7mi\u015f m\u00fczakere s\u00fcre\u00e7lerinin devam\u0131\u201d veya \u201cyeni bir m\u00fczakere s\u00fcrecinin ba\u015flang\u0131c\u0131\u201d niteli\u011fi ta\u015f\u0131mad\u0131\u011f\u0131n\u0131 aktard\u0131. BM Genel Sekreteri Antonio [&hellip;]","og_url":"https:\/\/kuzeyinsesi.org\/index.php\/2025\/03\/16\/tc-disisleri-bakani-fidan-yarin-cenevrede-kibris-konulu-gayriresmi-toplantiya-katilacak\/","og_site_name":"Kuzeyin Sesi","article_publisher":"https:\/\/www.facebook.com\/kuzeyinsesii","article_published_time":"2025-03-16T12:03:00+00:00","og_image":[{"url":"https:\/\/brtk.net\/wp-content\/uploads\/2025\/03\/16\/1742124600487thumbs_b_c_2d34c6c3a4ccb74a85bad81095b3c9e2.jpg?ver=3629b70bed280faceef063cc06eb6764","type":"","width":"","height":""}],"author":"Kuzeyin Sesi","twitter_card":"summary_large_image","twitter_creator":"@kuzeyinsesii","twitter_site":"@kuzeyinsesii","twitter_misc":{"Yazan:":"Kuzeyin Sesi","Tahmini okuma s\u00fcresi":"3 dakika"},"schema":{"@context":"https:\/\/schema.org","@graph":[{"@type":"Article","@id":"https:\/\/kuzeyinsesi.org\/index.php\/2025\/03\/16\/tc-disisleri-bakani-fidan-yarin-cenevrede-kibris-konulu-gayriresmi-toplantiya-katilacak\/#article","isPartOf":{"@id":"https:\/\/kuzeyinsesi.org\/index.php\/2025\/03\/16\/tc-disisleri-bakani-fidan-yarin-cenevrede-kibris-konulu-gayriresmi-toplantiya-katilacak\/"},"author":{"name":"Kuzeyin Sesi","@id":"https:\/\/kuzeyinsesi.org\/#\/schema\/person\/9f859689cdf01485597712386e37f5aa"},"headline":"TC D\u0131\u015fi\u015fleri Bakan\u0131 Fidan, yar\u0131n Cenevre\u2019de K\u0131br\u0131s konulu gayriresmi toplant\u0131ya kat\u0131lacak","datePublished":"2025-03-16T12:03:00+00:00","mainEntityOfPage":{"@id":"https:\/\/kuzeyinsesi.org\/index.php\/2025\/03\/16\/tc-disisleri-bakani-fidan-yarin-cenevrede-kibris-konulu-gayriresmi-toplantiya-katilacak\/"},"wordCount":619,"commentCount":0,"image":{"@id":"https:\/\/kuzeyinsesi.org\/index.php\/2025\/03\/16\/tc-disisleri-bakani-fidan-yarin-cenevrede-kibris-konulu-gayriresmi-toplantiya-katilacak\/#primaryimage"},"thumbnailUrl":"https:\/\/kuzeyinsesi.org\/wp-content\/uploads\/2025\/03\/1742124600487thumbs_b_c_2d34c6c3a4ccb74a85bad81095b3c9e2.jpg","articleSection":["T\u00fcrkiye"],"inLanguage":"tr","potentialAction":[{"@type":"CommentAction","name":"Comment","target":["https:\/\/kuzeyinsesi.org\/index.php\/2025\/03\/16\/tc-disisleri-bakani-fidan-yarin-cenevrede-kibris-konulu-gayriresmi-toplantiya-katilacak\/#respond"]}]},{"@type":"WebPage","@id":"https:\/\/kuzeyinsesi.org\/index.php\/2025\/03\/16\/tc-disisleri-bakani-fidan-yarin-cenevrede-kibris-konulu-gayriresmi-toplantiya-katilacak\/","url":"https:\/\/kuzeyinsesi.org\/index.php\/2025\/03\/16\/tc-disisleri-bakani-fidan-yarin-cenevrede-kibris-konulu-gayriresmi-toplantiya-katilacak\/","name":"TC D\u0131\u015fi\u015fleri Bakan\u0131 Fidan, yar\u0131n Cenevre\u2019de K\u0131br\u0131s konulu gayriresmi toplant\u0131ya kat\u0131lacak - Kuzeyin Sesi","isPartOf":{"@id":"https:\/\/kuzeyinsesi.org\/#website"},"primaryImageOfPage":{"@id":"https:\/\/kuzeyinsesi.org\/index.php\/2025\/03\/16\/tc-disisleri-bakani-fidan-yarin-cenevrede-kibris-konulu-gayriresmi-toplantiya-katilacak\/#primaryimage"},"image":{"@id":"https:\/\/kuzeyinsesi.org\/index.php\/2025\/03\/16\/tc-disisleri-bakani-fidan-yarin-cenevrede-kibris-konulu-gayriresmi-toplantiya-katilacak\/#primaryimage"},"thumbnailUrl":"https:\/\/kuzeyinsesi.org\/wp-content\/uploads\/2025\/03\/1742124600487thumbs_b_c_2d34c6c3a4ccb74a85bad81095b3c9e2.jpg","datePublished":"2025-03-16T12:03:00+00:00","author":{"@id":"https:\/\/kuzeyinsesi.org\/#\/schema\/person\/9f859689cdf01485597712386e37f5aa"},"breadcrumb":{"@id":"https:\/\/kuzeyinsesi.org\/index.php\/2025\/03\/16\/tc-disisleri-bakani-fidan-yarin-cenevrede-kibris-konulu-gayriresmi-toplantiya-katilacak\/#breadcrumb"},"inLanguage":"tr","potentialAction":[{"@type":"ReadAction","target":["https:\/\/kuzeyinsesi.org\/index.php\/2025\/03\/16\/tc-disisleri-bakani-fidan-yarin-cenevrede-kibris-konulu-gayriresmi-toplantiya-katilacak\/"]}]},{"@type":"ImageObject","inLanguage":"tr","@id":"https:\/\/kuzeyinsesi.org\/index.php\/2025\/03\/16\/tc-disisleri-bakani-fidan-yarin-cenevrede-kibris-konulu-gayriresmi-toplantiya-katilacak\/#primaryimage","url":"https:\/\/kuzeyinsesi.org\/wp-content\/uploads\/2025\/03\/1742124600487thumbs_b_c_2d34c6c3a4ccb74a85bad81095b3c9e2.jpg","contentUrl":"https:\/\/kuzeyinsesi.org\/wp-content\/uploads\/2025\/03\/1742124600487thumbs_b_c_2d34c6c3a4ccb74a85bad81095b3c9e2.jpg","width":864,"height":486},{"@type":"BreadcrumbList","@id":"https:\/\/kuzeyinsesi.org\/index.php\/2025\/03\/16\/tc-disisleri-bakani-fidan-yarin-cenevrede-kibris-konulu-gayriresmi-toplantiya-katilacak\/#breadcrumb","itemListElement":[{"@type":"ListItem","position":1,"name":"Anasayfa","item":"https:\/\/kuzeyinsesi.org\/"},{"@type":"ListItem","position":2,"name":"TC D\u0131\u015fi\u015fleri Bakan\u0131 Fidan, yar\u0131n Cenevre\u2019de K\u0131br\u0131s konulu gayriresmi toplant\u0131ya kat\u0131lacak"}]},{"@type":"WebSite","@id":"https:\/\/kuzeyinsesi.org\/#website","url":"https:\/\/kuzeyinsesi.org\/","name":"Kuzeyin Sesi","description":"Do\u011fru Haberin Adresi","potentialAction":[{"@type":"SearchAction","target":{"@type":"EntryPoint","urlTemplate":"https:\/\/kuzeyinsesi.org\/?s={search_term_string}"},"query-input":{"@type":"PropertyValueSpecification","valueRequired":true,"valueName":"search_term_string"}}],"inLanguage":"tr"},{"@type":"Person","@id":"https:\/\/kuzeyinsesi.org\/#\/schema\/person\/9f859689cdf01485597712386e37f5aa","name":"Kuzeyin Sesi","image":{"@type":"ImageObject","inLanguage":"tr","@id":"https:\/\/secure.gravatar.com\/avatar\/bab33852abfd8b282518d6ed81826833d77c3c882d9ab608add591ccace47a44?s=96&d=mm&r=g","url":"https:\/\/secure.gravatar.com\/avatar\/bab33852abfd8b282518d6ed81826833d77c3c882d9ab608add591ccace47a44?s=96&d=mm&r=g","contentUrl":"https:\/\/secure.gravatar.com\/avatar\/bab33852abfd8b282518d6ed81826833d77c3c882d9ab608add591ccace47a44?s=96&d=mm&r=g","caption":"Kuzeyin Sesi"},"sameAs":["https:\/\/kuzeyinsesi.org"],"url":"https:\/\/kuzeyinsesi.org\/index.php\/author\/guven\/"}]}},"_links":{"self":[{"href":"https:\/\/kuzeyinsesi.org\/index.php\/wp-json\/wp\/v2\/posts\/21016","targetHints":{"allow":["GET"]}}],"collection":[{"href":"https:\/\/kuzeyinsesi.org\/index.php\/wp-json\/wp\/v2\/posts"}],"about":[{"href":"https:\/\/kuzeyinsesi.org\/index.php\/wp-json\/wp\/v2\/types\/post"}],"author":[{"embeddable":true,"href":"https:\/\/kuzeyinsesi.org\/index.php\/wp-json\/wp\/v2\/users\/1"}],"replies":[{"embeddable":true,"href":"https:\/\/kuzeyinsesi.org\/index.php\/wp-json\/wp\/v2\/comments?post=21016"}],"version-history":[{"count":0,"href":"https:\/\/kuzeyinsesi.org\/index.php\/wp-json\/wp\/v2\/posts\/21016\/revisions"}],"wp:featuredmedia":[{"embeddable":true,"href":"https:\/\/kuzeyinsesi.org\/index.php\/wp-json\/wp\/v2\/media\/21017"}],"wp:attachment":[{"href":"https:\/\/kuzeyinsesi.org\/index.php\/wp-json\/wp\/v2\/media?parent=21016"}],"wp:term":[{"taxonomy":"category","embeddable":true,"href":"https:\/\/kuzeyinsesi.org\/index.php\/wp-json\/wp\/v2\/categories?post=21016"},{"taxonomy":"post_tag","embeddable":true,"href":"https:\/\/kuzeyinsesi.org\/index.php\/wp-json\/wp\/v2\/tags?post=21016"}],"curies":[{"name":"wp","href":"https:\/\/api.w.org\/{rel}","templated":true}]}}