{"id":20986,"date":"2025-03-15T12:42:06","date_gmt":"2025-03-15T10:42:06","guid":{"rendered":"https:\/\/kuzeyinsesi.org\/index.php\/2025\/03\/15\/sair-fatma-akilhocanin-altinci-siir-kitabi-tas-cikti\/"},"modified":"2025-03-15T12:42:06","modified_gmt":"2025-03-15T10:42:06","slug":"sair-fatma-akilhocanin-altinci-siir-kitabi-tas-cikti","status":"publish","type":"post","link":"https:\/\/kuzeyinsesi.org\/index.php\/2025\/03\/15\/sair-fatma-akilhocanin-altinci-siir-kitabi-tas-cikti\/","title":{"rendered":"\u015eair Fatma Akilhoca\u2019n\u0131n alt\u0131nc\u0131 \u015fiir kitab\u0131 \u201cTA\u015e\u201d \u00e7\u0131kt\u0131"},"content":{"rendered":"<div>\n<div class=\"mariselle-image-container none\">\n                                            <\/div>\n<p>\u015eair Fatma Akilhoca\u2019n\u0131n, yedi y\u0131ll\u0131k bir aran\u0131n ard\u0131ndan alt\u0131nc\u0131 \u015fiir kitab\u0131 \u201cTa\u015f\u201d, I\u015f\u0131k Kitabevi Yay\u0131nlar\u0131\u2019ndan \u00e7\u0131kt\u0131.<\/p>\n<p>Kitab\u0131n Edit\u00f6rl\u00fc\u011f\u00fcn\u00fc \u015eair Fato\u015f Avc\u0131soyu Ruso, Kapak ve Grafik Tasar\u0131m\u0131n\u0131 ise \u00d6yk\u00fcc\u00fc, Foto\u011fraf Sanat\u00e7\u0131s\u0131 Ceyhan \u00d6zy\u0131ld\u0131z yapt\u0131.<\/p>\n<p>Kitap; \u201cGaga K\u0131r\u0131\u011f\u0131, \u0130\u00e7ime D\u00fc\u015fen Ta\u015f, Seyir Halindeki Ta\u015f ve Gaga \u015eifas\u0131\u201d ismi verilen d\u00f6rt b\u00f6l\u00fcmden ve yetmi\u015f sayfadan olu\u015fuyor.<\/p>\n<p>Fatma Akilhoca; \u2018\u2019D\u00fcnyada her k\u00f6\u015fe ba\u015f\u0131n\u0131n k\u00f6t\u00fcler taraf\u0131ndan tutuldu\u011fu, iyinin, insan\u0131n, ye\u015filin, hayvan\u0131n, g\u00fczelin, sanat\u0131n, tarihin, k\u00fclt\u00fcr\u00fcn, demokrasinin ve t\u00fcm haklar\u0131n yok edildi\u011fi ya da yok say\u0131ld\u0131\u011f\u0131, her \u015feyin metala\u015ft\u0131r\u0131ld\u0131\u011f\u0131 sisli bir y\u0131k\u0131m \u00e7a\u011f\u0131n\u0131n tam g\u00f6be\u011findeyiz.\u2019\u2019 diyor.\u00a0\u00a0 \u015eair, Sanat\u00e7\u0131lar\u0131n, kurtulu\u015fun sanatsal \u00fcretimle ger\u00e7ekle\u015fece\u011fine inand\u0131\u011f\u0131n\u0131, bu y\u00fczden de \u00fcretmekten asla vaz ge\u00e7meyeceklerini belirtiyor.<\/p>\n<\/p><\/div>\n<p><script async\n                    defer\n                    crossorigin=\"anonymous\"\n                    src=\"https:\/\/connect.facebook.net\/tr_TR\/sdk.js#xfbml=1&#038;version=v3.3\"\n            ><\/script><\/p>\n","protected":false},"excerpt":{"rendered":"<p>\u015eair Fatma Akilhoca\u2019n\u0131n, yedi y\u0131ll\u0131k bir aran\u0131n ard\u0131ndan alt\u0131nc\u0131 \u015fiir kitab\u0131 \u201cTa\u015f\u201d, I\u015f\u0131k Kitabevi Yay\u0131nlar\u0131\u2019ndan \u00e7\u0131kt\u0131. Kitab\u0131n Edit\u00f6rl\u00fc\u011f\u00fcn\u00fc \u015eair Fato\u015f Avc\u0131soyu Ruso, Kapak ve Grafik Tasar\u0131m\u0131n\u0131 ise \u00d6yk\u00fcc\u00fc, Foto\u011fraf Sanat\u00e7\u0131s\u0131 Ceyhan \u00d6zy\u0131ld\u0131z yapt\u0131. Kitap; \u201cGaga K\u0131r\u0131\u011f\u0131, \u0130\u00e7ime D\u00fc\u015fen Ta\u015f, Seyir Halindeki Ta\u015f ve Gaga \u015eifas\u0131\u201d ismi verilen d\u00f6rt b\u00f6l\u00fcmden ve yetmi\u015f sayfadan olu\u015fuyor. Fatma Akilhoca; [&hellip;]<\/p>\n","protected":false},"author":1,"featured_media":20987,"comment_status":"open","ping_status":"open","sticky":false,"template":"","format":"standard","meta":{"jnews-multi-image_gallery":[],"jnews_single_post":[],"jnews_primary_category":[],"jnews_social_meta":[],"jnews_override_counter":[],"footnotes":""},"categories":[6],"tags":[],"class_list":["post-20986","post","type-post","status-publish","format-standard","has-post-thumbnail","hentry","category-yasam"],"yoast_head":"<!-- This site is optimized with the Yoast SEO plugin v27.4 - https:\/\/yoast.com\/product\/yoast-seo-wordpress\/ -->\n<title>\u015eair Fatma Akilhoca\u2019n\u0131n alt\u0131nc\u0131 \u015fiir kitab\u0131 \u201cTA\u015e\u201d \u00e7\u0131kt\u0131 - Kuzeyin Sesi<\/title>\n<meta name=\"robots\" content=\"index, follow, max-snippet:-1, max-image-preview:large, max-video-preview:-1\" \/>\n<link rel=\"canonical\" href=\"https:\/\/kuzeyinsesi.org\/index.php\/2025\/03\/15\/sair-fatma-akilhocanin-altinci-siir-kitabi-tas-cikti\/\" \/>\n<meta property=\"og:locale\" content=\"tr_TR\" \/>\n<meta property=\"og:type\" content=\"article\" \/>\n<meta property=\"og:title\" content=\"\u015eair Fatma Akilhoca\u2019n\u0131n alt\u0131nc\u0131 \u015fiir kitab\u0131 \u201cTA\u015e\u201d \u00e7\u0131kt\u0131 - Kuzeyin Sesi\" \/>\n<meta property=\"og:description\" content=\"\u015eair Fatma Akilhoca\u2019n\u0131n, yedi y\u0131ll\u0131k bir aran\u0131n ard\u0131ndan alt\u0131nc\u0131 \u015fiir kitab\u0131 \u201cTa\u015f\u201d, I\u015f\u0131k Kitabevi Yay\u0131nlar\u0131\u2019ndan \u00e7\u0131kt\u0131. Kitab\u0131n Edit\u00f6rl\u00fc\u011f\u00fcn\u00fc \u015eair Fato\u015f Avc\u0131soyu Ruso, Kapak ve Grafik Tasar\u0131m\u0131n\u0131 ise \u00d6yk\u00fcc\u00fc, Foto\u011fraf Sanat\u00e7\u0131s\u0131 Ceyhan \u00d6zy\u0131ld\u0131z yapt\u0131. Kitap; \u201cGaga K\u0131r\u0131\u011f\u0131, \u0130\u00e7ime D\u00fc\u015fen Ta\u015f, Seyir Halindeki Ta\u015f ve Gaga \u015eifas\u0131\u201d ismi verilen d\u00f6rt b\u00f6l\u00fcmden ve yetmi\u015f sayfadan olu\u015fuyor. Fatma Akilhoca; [&hellip;]\" \/>\n<meta property=\"og:url\" content=\"https:\/\/kuzeyinsesi.org\/index.php\/2025\/03\/15\/sair-fatma-akilhocanin-altinci-siir-kitabi-tas-cikti\/\" \/>\n<meta property=\"og:site_name\" content=\"Kuzeyin Sesi\" \/>\n<meta property=\"article:publisher\" content=\"https:\/\/www.facebook.com\/kuzeyinsesii\" \/>\n<meta property=\"article:published_time\" content=\"2025-03-15T10:42:06+00:00\" \/>\n<meta property=\"og:image\" content=\"https:\/\/brtk.net\/wp-content\/uploads\/2025\/03\/15\/1742030454300tas-fatma-akilhoca.jpeg?ver=663013a7fc911ec28c4ab49be0b93883\" \/>\n<meta name=\"author\" content=\"Kuzeyin Sesi\" \/>\n<meta name=\"twitter:card\" content=\"summary_large_image\" \/>\n<meta name=\"twitter:creator\" content=\"@kuzeyinsesii\" \/>\n<meta name=\"twitter:site\" content=\"@kuzeyinsesii\" \/>\n<meta name=\"twitter:label1\" content=\"Yazan:\" \/>\n\t<meta name=\"twitter:data1\" content=\"Kuzeyin Sesi\" \/>\n\t<meta name=\"twitter:label2\" content=\"Tahmini okuma s\u00fcresi\" \/>\n\t<meta name=\"twitter:data2\" content=\"1 dakika\" \/>\n<script type=\"application\/ld+json\" class=\"yoast-schema-graph\">{\"@context\":\"https:\\\/\\\/schema.org\",\"@graph\":[{\"@type\":\"Article\",\"@id\":\"https:\\\/\\\/kuzeyinsesi.org\\\/index.php\\\/2025\\\/03\\\/15\\\/sair-fatma-akilhocanin-altinci-siir-kitabi-tas-cikti\\\/#article\",\"isPartOf\":{\"@id\":\"https:\\\/\\\/kuzeyinsesi.org\\\/index.php\\\/2025\\\/03\\\/15\\\/sair-fatma-akilhocanin-altinci-siir-kitabi-tas-cikti\\\/\"},\"author\":{\"name\":\"Kuzeyin Sesi\",\"@id\":\"https:\\\/\\\/kuzeyinsesi.org\\\/#\\\/schema\\\/person\\\/9f859689cdf01485597712386e37f5aa\"},\"headline\":\"\u015eair Fatma Akilhoca\u2019n\u0131n alt\u0131nc\u0131 \u015fiir kitab\u0131 \u201cTA\u015e\u201d \u00e7\u0131kt\u0131\",\"datePublished\":\"2025-03-15T10:42:06+00:00\",\"mainEntityOfPage\":{\"@id\":\"https:\\\/\\\/kuzeyinsesi.org\\\/index.php\\\/2025\\\/03\\\/15\\\/sair-fatma-akilhocanin-altinci-siir-kitabi-tas-cikti\\\/\"},\"wordCount\":181,\"commentCount\":0,\"image\":{\"@id\":\"https:\\\/\\\/kuzeyinsesi.org\\\/index.php\\\/2025\\\/03\\\/15\\\/sair-fatma-akilhocanin-altinci-siir-kitabi-tas-cikti\\\/#primaryimage\"},\"thumbnailUrl\":\"https:\\\/\\\/kuzeyinsesi.org\\\/wp-content\\\/uploads\\\/2025\\\/03\\\/1742030454300tas-fatma-akilhoca.jpeg\",\"articleSection\":[\"Ya\u015fam\"],\"inLanguage\":\"tr\",\"potentialAction\":[{\"@type\":\"CommentAction\",\"name\":\"Comment\",\"target\":[\"https:\\\/\\\/kuzeyinsesi.org\\\/index.php\\\/2025\\\/03\\\/15\\\/sair-fatma-akilhocanin-altinci-siir-kitabi-tas-cikti\\\/#respond\"]}]},{\"@type\":\"WebPage\",\"@id\":\"https:\\\/\\\/kuzeyinsesi.org\\\/index.php\\\/2025\\\/03\\\/15\\\/sair-fatma-akilhocanin-altinci-siir-kitabi-tas-cikti\\\/\",\"url\":\"https:\\\/\\\/kuzeyinsesi.org\\\/index.php\\\/2025\\\/03\\\/15\\\/sair-fatma-akilhocanin-altinci-siir-kitabi-tas-cikti\\\/\",\"name\":\"\u015eair Fatma Akilhoca\u2019n\u0131n alt\u0131nc\u0131 \u015fiir kitab\u0131 \u201cTA\u015e\u201d \u00e7\u0131kt\u0131 - Kuzeyin Sesi\",\"isPartOf\":{\"@id\":\"https:\\\/\\\/kuzeyinsesi.org\\\/#website\"},\"primaryImageOfPage\":{\"@id\":\"https:\\\/\\\/kuzeyinsesi.org\\\/index.php\\\/2025\\\/03\\\/15\\\/sair-fatma-akilhocanin-altinci-siir-kitabi-tas-cikti\\\/#primaryimage\"},\"image\":{\"@id\":\"https:\\\/\\\/kuzeyinsesi.org\\\/index.php\\\/2025\\\/03\\\/15\\\/sair-fatma-akilhocanin-altinci-siir-kitabi-tas-cikti\\\/#primaryimage\"},\"thumbnailUrl\":\"https:\\\/\\\/kuzeyinsesi.org\\\/wp-content\\\/uploads\\\/2025\\\/03\\\/1742030454300tas-fatma-akilhoca.jpeg\",\"datePublished\":\"2025-03-15T10:42:06+00:00\",\"author\":{\"@id\":\"https:\\\/\\\/kuzeyinsesi.org\\\/#\\\/schema\\\/person\\\/9f859689cdf01485597712386e37f5aa\"},\"breadcrumb\":{\"@id\":\"https:\\\/\\\/kuzeyinsesi.org\\\/index.php\\\/2025\\\/03\\\/15\\\/sair-fatma-akilhocanin-altinci-siir-kitabi-tas-cikti\\\/#breadcrumb\"},\"inLanguage\":\"tr\",\"potentialAction\":[{\"@type\":\"ReadAction\",\"target\":[\"https:\\\/\\\/kuzeyinsesi.org\\\/index.php\\\/2025\\\/03\\\/15\\\/sair-fatma-akilhocanin-altinci-siir-kitabi-tas-cikti\\\/\"]}]},{\"@type\":\"ImageObject\",\"inLanguage\":\"tr\",\"@id\":\"https:\\\/\\\/kuzeyinsesi.org\\\/index.php\\\/2025\\\/03\\\/15\\\/sair-fatma-akilhocanin-altinci-siir-kitabi-tas-cikti\\\/#primaryimage\",\"url\":\"https:\\\/\\\/kuzeyinsesi.org\\\/wp-content\\\/uploads\\\/2025\\\/03\\\/1742030454300tas-fatma-akilhoca.jpeg\",\"contentUrl\":\"https:\\\/\\\/kuzeyinsesi.org\\\/wp-content\\\/uploads\\\/2025\\\/03\\\/1742030454300tas-fatma-akilhoca.jpeg\",\"width\":926,\"height\":481},{\"@type\":\"BreadcrumbList\",\"@id\":\"https:\\\/\\\/kuzeyinsesi.org\\\/index.php\\\/2025\\\/03\\\/15\\\/sair-fatma-akilhocanin-altinci-siir-kitabi-tas-cikti\\\/#breadcrumb\",\"itemListElement\":[{\"@type\":\"ListItem\",\"position\":1,\"name\":\"Anasayfa\",\"item\":\"https:\\\/\\\/kuzeyinsesi.org\\\/\"},{\"@type\":\"ListItem\",\"position\":2,\"name\":\"\u015eair Fatma Akilhoca\u2019n\u0131n alt\u0131nc\u0131 \u015fiir kitab\u0131 \u201cTA\u015e\u201d \u00e7\u0131kt\u0131\"}]},{\"@type\":\"WebSite\",\"@id\":\"https:\\\/\\\/kuzeyinsesi.org\\\/#website\",\"url\":\"https:\\\/\\\/kuzeyinsesi.org\\\/\",\"name\":\"Kuzeyin Sesi\",\"description\":\"Do\u011fru Haberin Adresi\",\"potentialAction\":[{\"@type\":\"SearchAction\",\"target\":{\"@type\":\"EntryPoint\",\"urlTemplate\":\"https:\\\/\\\/kuzeyinsesi.org\\\/?s={search_term_string}\"},\"query-input\":{\"@type\":\"PropertyValueSpecification\",\"valueRequired\":true,\"valueName\":\"search_term_string\"}}],\"inLanguage\":\"tr\"},{\"@type\":\"Person\",\"@id\":\"https:\\\/\\\/kuzeyinsesi.org\\\/#\\\/schema\\\/person\\\/9f859689cdf01485597712386e37f5aa\",\"name\":\"Kuzeyin Sesi\",\"image\":{\"@type\":\"ImageObject\",\"inLanguage\":\"tr\",\"@id\":\"https:\\\/\\\/secure.gravatar.com\\\/avatar\\\/bab33852abfd8b282518d6ed81826833d77c3c882d9ab608add591ccace47a44?s=96&d=mm&r=g\",\"url\":\"https:\\\/\\\/secure.gravatar.com\\\/avatar\\\/bab33852abfd8b282518d6ed81826833d77c3c882d9ab608add591ccace47a44?s=96&d=mm&r=g\",\"contentUrl\":\"https:\\\/\\\/secure.gravatar.com\\\/avatar\\\/bab33852abfd8b282518d6ed81826833d77c3c882d9ab608add591ccace47a44?s=96&d=mm&r=g\",\"caption\":\"Kuzeyin Sesi\"},\"sameAs\":[\"https:\\\/\\\/kuzeyinsesi.org\"],\"url\":\"https:\\\/\\\/kuzeyinsesi.org\\\/index.php\\\/author\\\/guven\\\/\"}]}<\/script>\n<!-- \/ Yoast SEO plugin. -->","yoast_head_json":{"title":"\u015eair Fatma Akilhoca\u2019n\u0131n alt\u0131nc\u0131 \u015fiir kitab\u0131 \u201cTA\u015e\u201d \u00e7\u0131kt\u0131 - Kuzeyin Sesi","robots":{"index":"index","follow":"follow","max-snippet":"max-snippet:-1","max-image-preview":"max-image-preview:large","max-video-preview":"max-video-preview:-1"},"canonical":"https:\/\/kuzeyinsesi.org\/index.php\/2025\/03\/15\/sair-fatma-akilhocanin-altinci-siir-kitabi-tas-cikti\/","og_locale":"tr_TR","og_type":"article","og_title":"\u015eair Fatma Akilhoca\u2019n\u0131n alt\u0131nc\u0131 \u015fiir kitab\u0131 \u201cTA\u015e\u201d \u00e7\u0131kt\u0131 - Kuzeyin Sesi","og_description":"\u015eair Fatma Akilhoca\u2019n\u0131n, yedi y\u0131ll\u0131k bir aran\u0131n ard\u0131ndan alt\u0131nc\u0131 \u015fiir kitab\u0131 \u201cTa\u015f\u201d, I\u015f\u0131k Kitabevi Yay\u0131nlar\u0131\u2019ndan \u00e7\u0131kt\u0131. Kitab\u0131n Edit\u00f6rl\u00fc\u011f\u00fcn\u00fc \u015eair Fato\u015f Avc\u0131soyu Ruso, Kapak ve Grafik Tasar\u0131m\u0131n\u0131 ise \u00d6yk\u00fcc\u00fc, Foto\u011fraf Sanat\u00e7\u0131s\u0131 Ceyhan \u00d6zy\u0131ld\u0131z yapt\u0131. Kitap; \u201cGaga K\u0131r\u0131\u011f\u0131, \u0130\u00e7ime D\u00fc\u015fen Ta\u015f, Seyir Halindeki Ta\u015f ve Gaga \u015eifas\u0131\u201d ismi verilen d\u00f6rt b\u00f6l\u00fcmden ve yetmi\u015f sayfadan olu\u015fuyor. Fatma Akilhoca; [&hellip;]","og_url":"https:\/\/kuzeyinsesi.org\/index.php\/2025\/03\/15\/sair-fatma-akilhocanin-altinci-siir-kitabi-tas-cikti\/","og_site_name":"Kuzeyin Sesi","article_publisher":"https:\/\/www.facebook.com\/kuzeyinsesii","article_published_time":"2025-03-15T10:42:06+00:00","og_image":[{"url":"https:\/\/brtk.net\/wp-content\/uploads\/2025\/03\/15\/1742030454300tas-fatma-akilhoca.jpeg?ver=663013a7fc911ec28c4ab49be0b93883","type":"","width":"","height":""}],"author":"Kuzeyin Sesi","twitter_card":"summary_large_image","twitter_creator":"@kuzeyinsesii","twitter_site":"@kuzeyinsesii","twitter_misc":{"Yazan:":"Kuzeyin Sesi","Tahmini okuma s\u00fcresi":"1 dakika"},"schema":{"@context":"https:\/\/schema.org","@graph":[{"@type":"Article","@id":"https:\/\/kuzeyinsesi.org\/index.php\/2025\/03\/15\/sair-fatma-akilhocanin-altinci-siir-kitabi-tas-cikti\/#article","isPartOf":{"@id":"https:\/\/kuzeyinsesi.org\/index.php\/2025\/03\/15\/sair-fatma-akilhocanin-altinci-siir-kitabi-tas-cikti\/"},"author":{"name":"Kuzeyin Sesi","@id":"https:\/\/kuzeyinsesi.org\/#\/schema\/person\/9f859689cdf01485597712386e37f5aa"},"headline":"\u015eair Fatma Akilhoca\u2019n\u0131n alt\u0131nc\u0131 \u015fiir kitab\u0131 \u201cTA\u015e\u201d \u00e7\u0131kt\u0131","datePublished":"2025-03-15T10:42:06+00:00","mainEntityOfPage":{"@id":"https:\/\/kuzeyinsesi.org\/index.php\/2025\/03\/15\/sair-fatma-akilhocanin-altinci-siir-kitabi-tas-cikti\/"},"wordCount":181,"commentCount":0,"image":{"@id":"https:\/\/kuzeyinsesi.org\/index.php\/2025\/03\/15\/sair-fatma-akilhocanin-altinci-siir-kitabi-tas-cikti\/#primaryimage"},"thumbnailUrl":"https:\/\/kuzeyinsesi.org\/wp-content\/uploads\/2025\/03\/1742030454300tas-fatma-akilhoca.jpeg","articleSection":["Ya\u015fam"],"inLanguage":"tr","potentialAction":[{"@type":"CommentAction","name":"Comment","target":["https:\/\/kuzeyinsesi.org\/index.php\/2025\/03\/15\/sair-fatma-akilhocanin-altinci-siir-kitabi-tas-cikti\/#respond"]}]},{"@type":"WebPage","@id":"https:\/\/kuzeyinsesi.org\/index.php\/2025\/03\/15\/sair-fatma-akilhocanin-altinci-siir-kitabi-tas-cikti\/","url":"https:\/\/kuzeyinsesi.org\/index.php\/2025\/03\/15\/sair-fatma-akilhocanin-altinci-siir-kitabi-tas-cikti\/","name":"\u015eair Fatma Akilhoca\u2019n\u0131n alt\u0131nc\u0131 \u015fiir kitab\u0131 \u201cTA\u015e\u201d \u00e7\u0131kt\u0131 - Kuzeyin Sesi","isPartOf":{"@id":"https:\/\/kuzeyinsesi.org\/#website"},"primaryImageOfPage":{"@id":"https:\/\/kuzeyinsesi.org\/index.php\/2025\/03\/15\/sair-fatma-akilhocanin-altinci-siir-kitabi-tas-cikti\/#primaryimage"},"image":{"@id":"https:\/\/kuzeyinsesi.org\/index.php\/2025\/03\/15\/sair-fatma-akilhocanin-altinci-siir-kitabi-tas-cikti\/#primaryimage"},"thumbnailUrl":"https:\/\/kuzeyinsesi.org\/wp-content\/uploads\/2025\/03\/1742030454300tas-fatma-akilhoca.jpeg","datePublished":"2025-03-15T10:42:06+00:00","author":{"@id":"https:\/\/kuzeyinsesi.org\/#\/schema\/person\/9f859689cdf01485597712386e37f5aa"},"breadcrumb":{"@id":"https:\/\/kuzeyinsesi.org\/index.php\/2025\/03\/15\/sair-fatma-akilhocanin-altinci-siir-kitabi-tas-cikti\/#breadcrumb"},"inLanguage":"tr","potentialAction":[{"@type":"ReadAction","target":["https:\/\/kuzeyinsesi.org\/index.php\/2025\/03\/15\/sair-fatma-akilhocanin-altinci-siir-kitabi-tas-cikti\/"]}]},{"@type":"ImageObject","inLanguage":"tr","@id":"https:\/\/kuzeyinsesi.org\/index.php\/2025\/03\/15\/sair-fatma-akilhocanin-altinci-siir-kitabi-tas-cikti\/#primaryimage","url":"https:\/\/kuzeyinsesi.org\/wp-content\/uploads\/2025\/03\/1742030454300tas-fatma-akilhoca.jpeg","contentUrl":"https:\/\/kuzeyinsesi.org\/wp-content\/uploads\/2025\/03\/1742030454300tas-fatma-akilhoca.jpeg","width":926,"height":481},{"@type":"BreadcrumbList","@id":"https:\/\/kuzeyinsesi.org\/index.php\/2025\/03\/15\/sair-fatma-akilhocanin-altinci-siir-kitabi-tas-cikti\/#breadcrumb","itemListElement":[{"@type":"ListItem","position":1,"name":"Anasayfa","item":"https:\/\/kuzeyinsesi.org\/"},{"@type":"ListItem","position":2,"name":"\u015eair Fatma Akilhoca\u2019n\u0131n alt\u0131nc\u0131 \u015fiir kitab\u0131 \u201cTA\u015e\u201d \u00e7\u0131kt\u0131"}]},{"@type":"WebSite","@id":"https:\/\/kuzeyinsesi.org\/#website","url":"https:\/\/kuzeyinsesi.org\/","name":"Kuzeyin Sesi","description":"Do\u011fru Haberin Adresi","potentialAction":[{"@type":"SearchAction","target":{"@type":"EntryPoint","urlTemplate":"https:\/\/kuzeyinsesi.org\/?s={search_term_string}"},"query-input":{"@type":"PropertyValueSpecification","valueRequired":true,"valueName":"search_term_string"}}],"inLanguage":"tr"},{"@type":"Person","@id":"https:\/\/kuzeyinsesi.org\/#\/schema\/person\/9f859689cdf01485597712386e37f5aa","name":"Kuzeyin Sesi","image":{"@type":"ImageObject","inLanguage":"tr","@id":"https:\/\/secure.gravatar.com\/avatar\/bab33852abfd8b282518d6ed81826833d77c3c882d9ab608add591ccace47a44?s=96&d=mm&r=g","url":"https:\/\/secure.gravatar.com\/avatar\/bab33852abfd8b282518d6ed81826833d77c3c882d9ab608add591ccace47a44?s=96&d=mm&r=g","contentUrl":"https:\/\/secure.gravatar.com\/avatar\/bab33852abfd8b282518d6ed81826833d77c3c882d9ab608add591ccace47a44?s=96&d=mm&r=g","caption":"Kuzeyin Sesi"},"sameAs":["https:\/\/kuzeyinsesi.org"],"url":"https:\/\/kuzeyinsesi.org\/index.php\/author\/guven\/"}]}},"_links":{"self":[{"href":"https:\/\/kuzeyinsesi.org\/index.php\/wp-json\/wp\/v2\/posts\/20986","targetHints":{"allow":["GET"]}}],"collection":[{"href":"https:\/\/kuzeyinsesi.org\/index.php\/wp-json\/wp\/v2\/posts"}],"about":[{"href":"https:\/\/kuzeyinsesi.org\/index.php\/wp-json\/wp\/v2\/types\/post"}],"author":[{"embeddable":true,"href":"https:\/\/kuzeyinsesi.org\/index.php\/wp-json\/wp\/v2\/users\/1"}],"replies":[{"embeddable":true,"href":"https:\/\/kuzeyinsesi.org\/index.php\/wp-json\/wp\/v2\/comments?post=20986"}],"version-history":[{"count":0,"href":"https:\/\/kuzeyinsesi.org\/index.php\/wp-json\/wp\/v2\/posts\/20986\/revisions"}],"wp:featuredmedia":[{"embeddable":true,"href":"https:\/\/kuzeyinsesi.org\/index.php\/wp-json\/wp\/v2\/media\/20987"}],"wp:attachment":[{"href":"https:\/\/kuzeyinsesi.org\/index.php\/wp-json\/wp\/v2\/media?parent=20986"}],"wp:term":[{"taxonomy":"category","embeddable":true,"href":"https:\/\/kuzeyinsesi.org\/index.php\/wp-json\/wp\/v2\/categories?post=20986"},{"taxonomy":"post_tag","embeddable":true,"href":"https:\/\/kuzeyinsesi.org\/index.php\/wp-json\/wp\/v2\/tags?post=20986"}],"curies":[{"name":"wp","href":"https:\/\/api.w.org\/{rel}","templated":true}]}}