{"id":20951,"date":"2025-03-14T15:13:29","date_gmt":"2025-03-14T13:13:29","guid":{"rendered":"https:\/\/kuzeyinsesi.org\/index.php\/2025\/03\/14\/kultur-dairesi-gazimagusa-ticaret-lisesine-kutuphane-kurulmasi-amaciyla-kitap-bagisladi\/"},"modified":"2025-03-14T15:13:29","modified_gmt":"2025-03-14T13:13:29","slug":"kultur-dairesi-gazimagusa-ticaret-lisesine-kutuphane-kurulmasi-amaciyla-kitap-bagisladi","status":"publish","type":"post","link":"https:\/\/kuzeyinsesi.org\/index.php\/2025\/03\/14\/kultur-dairesi-gazimagusa-ticaret-lisesine-kutuphane-kurulmasi-amaciyla-kitap-bagisladi\/","title":{"rendered":"K\u00fclt\u00fcr Dairesi, Gazima\u011fusa Ticaret Lisesi\u2019ne k\u00fct\u00fcphane kurulmas\u0131 amac\u0131yla kitap ba\u011f\u0131\u015flad\u0131"},"content":{"rendered":"<div>\n<div class=\"mariselle-image-container center\">\n                                            <\/div>\n<p> K\u00fclt\u00fcr Dairesi, Gazima\u011fusa Ticaret Lisesi\u2019ne k\u00fct\u00fcphane kurulmas\u0131 amac\u0131yla kitap ba\u011f\u0131\u015f\u0131nda bulundu.<\/p>\n<p>Ba\u015fbakan Yard\u0131mc\u0131l\u0131\u011f\u0131 Turizm, K\u00fclt\u00fcr, Gen\u00e7lik ve \u00c7evre Bakanl\u0131\u011f\u0131\u2019na ba\u011fl\u0131 K\u00fclt\u00fcr Dairesi M\u00fcd\u00fcr\u00fc \u015eirin Zaima\u011fao\u011flu, k\u00fct\u00fcphane kurulmas\u0131 amac\u0131yla kitap ba\u011f\u0131\u015f\u0131nda bulunmak ve okulun d\u00fczenledi\u011fi \u015eiir Okuma Yar\u0131\u015fmas\u0131\u2019na kat\u0131lmak \u00fczere Gazima\u011fusa Ticaret Lisesi\u2019ni ziyaret etti.<\/p>\n<p>-Zaima\u011fao\u011flu<\/p>\n<p>K\u00fclt\u00fcr Dairesi\u2019nden verilen bilgiye g\u00f6re Zaima\u011fao\u011flu, Gazima\u011fusa Ticaret Lisesi\u2019ni, Girne Halk K\u00fct\u00fcphanesi sorumlusu K\u00fclt\u00fcr Merkezi Y\u00f6netmeni Rukiye Kaymak ve G\u00fczelyurt Halk K\u00fct\u00fcphanesi Sorumlusu Elif Bilokcuo\u011flu ile birlikte ziyaret ederek okulda k\u00fct\u00fcphane kurulmas\u0131 i\u00e7in ihtiya\u00e7 duyulan t\u00fcm teknik bilgi ve deste\u011fi vermeye haz\u0131r olduklar\u0131n\u0131 belirtti.<\/p>\n<p>K\u00fclt\u00fcr Dairesi olarak Ercan Uluslararas\u0131 Havaliman\u0131\u2019na da K\u0131br\u0131s T\u00fcrk yazarlar\u0131n\u0131n kitaplar\u0131n\u0131n yer alaca\u011f\u0131 bir k\u00fct\u00fcphane kurulmas\u0131 i\u00e7in \u00e7al\u0131\u015fmalar\u0131n\u0131 tamamlad\u0131klar\u0131n\u0131 bildiren Zaima\u011fao\u011flu, Gazima\u011fusa Ticaret Lisesi M\u00fcd\u00fcr\u00fc Zehra \u00c7\u0131rak G\u00fc\u00e7l\u00fchan\u2019a kendilerine ula\u015ft\u0131\u011f\u0131 i\u00e7in te\u015fekk\u00fcr etti.<\/p>\n<p>Zaima\u011fao\u011flu, K\u00fclt\u00fcr Dairesi\u2019nin b\u00fct\u00e7esinin s\u0131n\u0131rl\u0131 oldu\u011funu ancak \u00fclke yazarlar\u0131n\u0131n kitaplar\u0131n\u0131n okurlarla bulu\u015fmas\u0131 hedefiyle ellerindeki t\u00fcm imkanlar\u0131 seferber etmeye haz\u0131r olduklar\u0131n\u0131 belirtti.<\/p>\n<p>Gazima\u011fusa Ticaret Lisesi\u2019nin d\u00fczenledi\u011fi \u015eiir Okuma Yar\u0131\u015fmas\u0131\u2019nda j\u00fcri \u00fcyeli\u011fi de yapan K\u00fclt\u00fcr Dairesi M\u00fcd\u00fcr\u00fc Zaima\u011fao\u011flu, \u00f6\u011frencilerin kendi se\u00e7tikleri ve kendi yazd\u0131klar\u0131 \u015fiirlerini okuduklar\u0131 yar\u0131\u015fmada, gen\u00e7lerin \u015fiirlerinden \u00e7ok etkilendi\u011fini ve se\u00e7im yapmakta zorland\u0131\u011f\u0131n\u0131 s\u00f6yleyerek, gen\u00e7leri ve \u00f6\u011fretmenlerini tebrik etti.<\/p>\n<p>-G\u00fc\u00e7l\u00fchan<\/p>\n<p>Gazima\u011fusa Ticaret Lisesi M\u00fcd\u00fcr\u00fc Zehra \u00c7\u0131rak G\u00fc\u00e7l\u00fchan da, okuyan ve kendini iyi ifade edebilen \u00f6\u011frenciler yeti\u015ftirmek istediklerini, yanlar\u0131nda olarak okulda k\u00fct\u00fcphane kurulmas\u0131na katk\u0131 koyan K\u00fclt\u00fcr Dairesi M\u00fcd\u00fcr\u00fc E\u011fitimci \u015eair Yazar \u015eirin Zaima\u011fao\u011flu\u2019na ve ekibine te\u015fekk\u00fcr etti.<\/p>\n<\/p><\/div>\n<p><script async\n                    defer\n                    crossorigin=\"anonymous\"\n                    src=\"https:\/\/connect.facebook.net\/tr_TR\/sdk.js#xfbml=1&#038;version=v3.3\"\n            ><\/script><\/p>\n","protected":false},"excerpt":{"rendered":"<p>K\u00fclt\u00fcr Dairesi, Gazima\u011fusa Ticaret Lisesi\u2019ne k\u00fct\u00fcphane kurulmas\u0131 amac\u0131yla kitap ba\u011f\u0131\u015f\u0131nda bulundu. Ba\u015fbakan Yard\u0131mc\u0131l\u0131\u011f\u0131 Turizm, K\u00fclt\u00fcr, Gen\u00e7lik ve \u00c7evre Bakanl\u0131\u011f\u0131\u2019na ba\u011fl\u0131 K\u00fclt\u00fcr Dairesi M\u00fcd\u00fcr\u00fc \u015eirin Zaima\u011fao\u011flu, k\u00fct\u00fcphane kurulmas\u0131 amac\u0131yla kitap ba\u011f\u0131\u015f\u0131nda bulunmak ve okulun d\u00fczenledi\u011fi \u015eiir Okuma Yar\u0131\u015fmas\u0131\u2019na kat\u0131lmak \u00fczere Gazima\u011fusa Ticaret Lisesi\u2019ni ziyaret etti. -Zaima\u011fao\u011flu K\u00fclt\u00fcr Dairesi\u2019nden verilen bilgiye g\u00f6re Zaima\u011fao\u011flu, Gazima\u011fusa Ticaret Lisesi\u2019ni, Girne [&hellip;]<\/p>\n","protected":false},"author":1,"featured_media":20952,"comment_status":"open","ping_status":"open","sticky":false,"template":"","format":"standard","meta":{"jnews-multi-image_gallery":[],"jnews_single_post":[],"jnews_primary_category":[],"jnews_social_meta":[],"jnews_override_counter":[],"footnotes":""},"categories":[6],"tags":[],"class_list":["post-20951","post","type-post","status-publish","format-standard","has-post-thumbnail","hentry","category-yasam"],"yoast_head":"<!-- This site is optimized with the Yoast SEO plugin v27.4 - https:\/\/yoast.com\/product\/yoast-seo-wordpress\/ -->\n<title>K\u00fclt\u00fcr Dairesi, Gazima\u011fusa Ticaret Lisesi\u2019ne k\u00fct\u00fcphane kurulmas\u0131 amac\u0131yla kitap ba\u011f\u0131\u015flad\u0131 - Kuzeyin Sesi<\/title>\n<meta name=\"robots\" content=\"index, follow, max-snippet:-1, max-image-preview:large, max-video-preview:-1\" \/>\n<link rel=\"canonical\" href=\"https:\/\/kuzeyinsesi.org\/index.php\/2025\/03\/14\/kultur-dairesi-gazimagusa-ticaret-lisesine-kutuphane-kurulmasi-amaciyla-kitap-bagisladi\/\" \/>\n<meta property=\"og:locale\" content=\"tr_TR\" \/>\n<meta property=\"og:type\" content=\"article\" \/>\n<meta property=\"og:title\" content=\"K\u00fclt\u00fcr Dairesi, Gazima\u011fusa Ticaret Lisesi\u2019ne k\u00fct\u00fcphane kurulmas\u0131 amac\u0131yla kitap ba\u011f\u0131\u015flad\u0131 - Kuzeyin Sesi\" \/>\n<meta property=\"og:description\" content=\"K\u00fclt\u00fcr Dairesi, Gazima\u011fusa Ticaret Lisesi\u2019ne k\u00fct\u00fcphane kurulmas\u0131 amac\u0131yla kitap ba\u011f\u0131\u015f\u0131nda bulundu. Ba\u015fbakan Yard\u0131mc\u0131l\u0131\u011f\u0131 Turizm, K\u00fclt\u00fcr, Gen\u00e7lik ve \u00c7evre Bakanl\u0131\u011f\u0131\u2019na ba\u011fl\u0131 K\u00fclt\u00fcr Dairesi M\u00fcd\u00fcr\u00fc \u015eirin Zaima\u011fao\u011flu, k\u00fct\u00fcphane kurulmas\u0131 amac\u0131yla kitap ba\u011f\u0131\u015f\u0131nda bulunmak ve okulun d\u00fczenledi\u011fi \u015eiir Okuma Yar\u0131\u015fmas\u0131\u2019na kat\u0131lmak \u00fczere Gazima\u011fusa Ticaret Lisesi\u2019ni ziyaret etti. -Zaima\u011fao\u011flu K\u00fclt\u00fcr Dairesi\u2019nden verilen bilgiye g\u00f6re Zaima\u011fao\u011flu, Gazima\u011fusa Ticaret Lisesi\u2019ni, Girne [&hellip;]\" \/>\n<meta property=\"og:url\" content=\"https:\/\/kuzeyinsesi.org\/index.php\/2025\/03\/14\/kultur-dairesi-gazimagusa-ticaret-lisesine-kutuphane-kurulmasi-amaciyla-kitap-bagisladi\/\" \/>\n<meta property=\"og:site_name\" content=\"Kuzeyin Sesi\" \/>\n<meta property=\"article:publisher\" content=\"https:\/\/www.facebook.com\/kuzeyinsesii\" \/>\n<meta property=\"article:published_time\" content=\"2025-03-14T13:13:29+00:00\" \/>\n<meta property=\"og:image\" content=\"https:\/\/brtk.net\/wp-content\/uploads\/2025\/03\/14\/jljp.jpg?ver=c18041832f830bb0b43a3be2f9077281\" \/>\n<meta name=\"author\" content=\"Kuzeyin Sesi\" \/>\n<meta name=\"twitter:card\" content=\"summary_large_image\" \/>\n<meta name=\"twitter:creator\" content=\"@kuzeyinsesii\" \/>\n<meta name=\"twitter:site\" content=\"@kuzeyinsesii\" \/>\n<meta name=\"twitter:label1\" content=\"Yazan:\" \/>\n\t<meta name=\"twitter:data1\" content=\"Kuzeyin Sesi\" \/>\n\t<meta name=\"twitter:label2\" content=\"Tahmini okuma s\u00fcresi\" \/>\n\t<meta name=\"twitter:data2\" content=\"2 dakika\" \/>\n<script type=\"application\/ld+json\" class=\"yoast-schema-graph\">{\"@context\":\"https:\\\/\\\/schema.org\",\"@graph\":[{\"@type\":\"Article\",\"@id\":\"https:\\\/\\\/kuzeyinsesi.org\\\/index.php\\\/2025\\\/03\\\/14\\\/kultur-dairesi-gazimagusa-ticaret-lisesine-kutuphane-kurulmasi-amaciyla-kitap-bagisladi\\\/#article\",\"isPartOf\":{\"@id\":\"https:\\\/\\\/kuzeyinsesi.org\\\/index.php\\\/2025\\\/03\\\/14\\\/kultur-dairesi-gazimagusa-ticaret-lisesine-kutuphane-kurulmasi-amaciyla-kitap-bagisladi\\\/\"},\"author\":{\"name\":\"Kuzeyin Sesi\",\"@id\":\"https:\\\/\\\/kuzeyinsesi.org\\\/#\\\/schema\\\/person\\\/9f859689cdf01485597712386e37f5aa\"},\"headline\":\"K\u00fclt\u00fcr Dairesi, Gazima\u011fusa Ticaret Lisesi\u2019ne k\u00fct\u00fcphane kurulmas\u0131 amac\u0131yla kitap ba\u011f\u0131\u015flad\u0131\",\"datePublished\":\"2025-03-14T13:13:29+00:00\",\"mainEntityOfPage\":{\"@id\":\"https:\\\/\\\/kuzeyinsesi.org\\\/index.php\\\/2025\\\/03\\\/14\\\/kultur-dairesi-gazimagusa-ticaret-lisesine-kutuphane-kurulmasi-amaciyla-kitap-bagisladi\\\/\"},\"wordCount\":387,\"commentCount\":0,\"image\":{\"@id\":\"https:\\\/\\\/kuzeyinsesi.org\\\/index.php\\\/2025\\\/03\\\/14\\\/kultur-dairesi-gazimagusa-ticaret-lisesine-kutuphane-kurulmasi-amaciyla-kitap-bagisladi\\\/#primaryimage\"},\"thumbnailUrl\":\"https:\\\/\\\/kuzeyinsesi.org\\\/wp-content\\\/uploads\\\/2025\\\/03\\\/jljp.jpg\",\"articleSection\":[\"Ya\u015fam\"],\"inLanguage\":\"tr\",\"potentialAction\":[{\"@type\":\"CommentAction\",\"name\":\"Comment\",\"target\":[\"https:\\\/\\\/kuzeyinsesi.org\\\/index.php\\\/2025\\\/03\\\/14\\\/kultur-dairesi-gazimagusa-ticaret-lisesine-kutuphane-kurulmasi-amaciyla-kitap-bagisladi\\\/#respond\"]}]},{\"@type\":\"WebPage\",\"@id\":\"https:\\\/\\\/kuzeyinsesi.org\\\/index.php\\\/2025\\\/03\\\/14\\\/kultur-dairesi-gazimagusa-ticaret-lisesine-kutuphane-kurulmasi-amaciyla-kitap-bagisladi\\\/\",\"url\":\"https:\\\/\\\/kuzeyinsesi.org\\\/index.php\\\/2025\\\/03\\\/14\\\/kultur-dairesi-gazimagusa-ticaret-lisesine-kutuphane-kurulmasi-amaciyla-kitap-bagisladi\\\/\",\"name\":\"K\u00fclt\u00fcr Dairesi, Gazima\u011fusa Ticaret Lisesi\u2019ne k\u00fct\u00fcphane kurulmas\u0131 amac\u0131yla kitap ba\u011f\u0131\u015flad\u0131 - Kuzeyin Sesi\",\"isPartOf\":{\"@id\":\"https:\\\/\\\/kuzeyinsesi.org\\\/#website\"},\"primaryImageOfPage\":{\"@id\":\"https:\\\/\\\/kuzeyinsesi.org\\\/index.php\\\/2025\\\/03\\\/14\\\/kultur-dairesi-gazimagusa-ticaret-lisesine-kutuphane-kurulmasi-amaciyla-kitap-bagisladi\\\/#primaryimage\"},\"image\":{\"@id\":\"https:\\\/\\\/kuzeyinsesi.org\\\/index.php\\\/2025\\\/03\\\/14\\\/kultur-dairesi-gazimagusa-ticaret-lisesine-kutuphane-kurulmasi-amaciyla-kitap-bagisladi\\\/#primaryimage\"},\"thumbnailUrl\":\"https:\\\/\\\/kuzeyinsesi.org\\\/wp-content\\\/uploads\\\/2025\\\/03\\\/jljp.jpg\",\"datePublished\":\"2025-03-14T13:13:29+00:00\",\"author\":{\"@id\":\"https:\\\/\\\/kuzeyinsesi.org\\\/#\\\/schema\\\/person\\\/9f859689cdf01485597712386e37f5aa\"},\"breadcrumb\":{\"@id\":\"https:\\\/\\\/kuzeyinsesi.org\\\/index.php\\\/2025\\\/03\\\/14\\\/kultur-dairesi-gazimagusa-ticaret-lisesine-kutuphane-kurulmasi-amaciyla-kitap-bagisladi\\\/#breadcrumb\"},\"inLanguage\":\"tr\",\"potentialAction\":[{\"@type\":\"ReadAction\",\"target\":[\"https:\\\/\\\/kuzeyinsesi.org\\\/index.php\\\/2025\\\/03\\\/14\\\/kultur-dairesi-gazimagusa-ticaret-lisesine-kutuphane-kurulmasi-amaciyla-kitap-bagisladi\\\/\"]}]},{\"@type\":\"ImageObject\",\"inLanguage\":\"tr\",\"@id\":\"https:\\\/\\\/kuzeyinsesi.org\\\/index.php\\\/2025\\\/03\\\/14\\\/kultur-dairesi-gazimagusa-ticaret-lisesine-kutuphane-kurulmasi-amaciyla-kitap-bagisladi\\\/#primaryimage\",\"url\":\"https:\\\/\\\/kuzeyinsesi.org\\\/wp-content\\\/uploads\\\/2025\\\/03\\\/jljp.jpg\",\"contentUrl\":\"https:\\\/\\\/kuzeyinsesi.org\\\/wp-content\\\/uploads\\\/2025\\\/03\\\/jljp.jpg\",\"width\":1516,\"height\":1216},{\"@type\":\"BreadcrumbList\",\"@id\":\"https:\\\/\\\/kuzeyinsesi.org\\\/index.php\\\/2025\\\/03\\\/14\\\/kultur-dairesi-gazimagusa-ticaret-lisesine-kutuphane-kurulmasi-amaciyla-kitap-bagisladi\\\/#breadcrumb\",\"itemListElement\":[{\"@type\":\"ListItem\",\"position\":1,\"name\":\"Anasayfa\",\"item\":\"https:\\\/\\\/kuzeyinsesi.org\\\/\"},{\"@type\":\"ListItem\",\"position\":2,\"name\":\"K\u00fclt\u00fcr Dairesi, Gazima\u011fusa Ticaret Lisesi\u2019ne k\u00fct\u00fcphane kurulmas\u0131 amac\u0131yla kitap ba\u011f\u0131\u015flad\u0131\"}]},{\"@type\":\"WebSite\",\"@id\":\"https:\\\/\\\/kuzeyinsesi.org\\\/#website\",\"url\":\"https:\\\/\\\/kuzeyinsesi.org\\\/\",\"name\":\"Kuzeyin Sesi\",\"description\":\"Do\u011fru Haberin Adresi\",\"potentialAction\":[{\"@type\":\"SearchAction\",\"target\":{\"@type\":\"EntryPoint\",\"urlTemplate\":\"https:\\\/\\\/kuzeyinsesi.org\\\/?s={search_term_string}\"},\"query-input\":{\"@type\":\"PropertyValueSpecification\",\"valueRequired\":true,\"valueName\":\"search_term_string\"}}],\"inLanguage\":\"tr\"},{\"@type\":\"Person\",\"@id\":\"https:\\\/\\\/kuzeyinsesi.org\\\/#\\\/schema\\\/person\\\/9f859689cdf01485597712386e37f5aa\",\"name\":\"Kuzeyin Sesi\",\"image\":{\"@type\":\"ImageObject\",\"inLanguage\":\"tr\",\"@id\":\"https:\\\/\\\/secure.gravatar.com\\\/avatar\\\/bab33852abfd8b282518d6ed81826833d77c3c882d9ab608add591ccace47a44?s=96&d=mm&r=g\",\"url\":\"https:\\\/\\\/secure.gravatar.com\\\/avatar\\\/bab33852abfd8b282518d6ed81826833d77c3c882d9ab608add591ccace47a44?s=96&d=mm&r=g\",\"contentUrl\":\"https:\\\/\\\/secure.gravatar.com\\\/avatar\\\/bab33852abfd8b282518d6ed81826833d77c3c882d9ab608add591ccace47a44?s=96&d=mm&r=g\",\"caption\":\"Kuzeyin Sesi\"},\"sameAs\":[\"https:\\\/\\\/kuzeyinsesi.org\"],\"url\":\"https:\\\/\\\/kuzeyinsesi.org\\\/index.php\\\/author\\\/guven\\\/\"}]}<\/script>\n<!-- \/ Yoast SEO plugin. -->","yoast_head_json":{"title":"K\u00fclt\u00fcr Dairesi, Gazima\u011fusa Ticaret Lisesi\u2019ne k\u00fct\u00fcphane kurulmas\u0131 amac\u0131yla kitap ba\u011f\u0131\u015flad\u0131 - Kuzeyin Sesi","robots":{"index":"index","follow":"follow","max-snippet":"max-snippet:-1","max-image-preview":"max-image-preview:large","max-video-preview":"max-video-preview:-1"},"canonical":"https:\/\/kuzeyinsesi.org\/index.php\/2025\/03\/14\/kultur-dairesi-gazimagusa-ticaret-lisesine-kutuphane-kurulmasi-amaciyla-kitap-bagisladi\/","og_locale":"tr_TR","og_type":"article","og_title":"K\u00fclt\u00fcr Dairesi, Gazima\u011fusa Ticaret Lisesi\u2019ne k\u00fct\u00fcphane kurulmas\u0131 amac\u0131yla kitap ba\u011f\u0131\u015flad\u0131 - Kuzeyin Sesi","og_description":"K\u00fclt\u00fcr Dairesi, Gazima\u011fusa Ticaret Lisesi\u2019ne k\u00fct\u00fcphane kurulmas\u0131 amac\u0131yla kitap ba\u011f\u0131\u015f\u0131nda bulundu. Ba\u015fbakan Yard\u0131mc\u0131l\u0131\u011f\u0131 Turizm, K\u00fclt\u00fcr, Gen\u00e7lik ve \u00c7evre Bakanl\u0131\u011f\u0131\u2019na ba\u011fl\u0131 K\u00fclt\u00fcr Dairesi M\u00fcd\u00fcr\u00fc \u015eirin Zaima\u011fao\u011flu, k\u00fct\u00fcphane kurulmas\u0131 amac\u0131yla kitap ba\u011f\u0131\u015f\u0131nda bulunmak ve okulun d\u00fczenledi\u011fi \u015eiir Okuma Yar\u0131\u015fmas\u0131\u2019na kat\u0131lmak \u00fczere Gazima\u011fusa Ticaret Lisesi\u2019ni ziyaret etti. -Zaima\u011fao\u011flu K\u00fclt\u00fcr Dairesi\u2019nden verilen bilgiye g\u00f6re Zaima\u011fao\u011flu, Gazima\u011fusa Ticaret Lisesi\u2019ni, Girne [&hellip;]","og_url":"https:\/\/kuzeyinsesi.org\/index.php\/2025\/03\/14\/kultur-dairesi-gazimagusa-ticaret-lisesine-kutuphane-kurulmasi-amaciyla-kitap-bagisladi\/","og_site_name":"Kuzeyin Sesi","article_publisher":"https:\/\/www.facebook.com\/kuzeyinsesii","article_published_time":"2025-03-14T13:13:29+00:00","og_image":[{"url":"https:\/\/brtk.net\/wp-content\/uploads\/2025\/03\/14\/jljp.jpg?ver=c18041832f830bb0b43a3be2f9077281","type":"","width":"","height":""}],"author":"Kuzeyin Sesi","twitter_card":"summary_large_image","twitter_creator":"@kuzeyinsesii","twitter_site":"@kuzeyinsesii","twitter_misc":{"Yazan:":"Kuzeyin Sesi","Tahmini okuma s\u00fcresi":"2 dakika"},"schema":{"@context":"https:\/\/schema.org","@graph":[{"@type":"Article","@id":"https:\/\/kuzeyinsesi.org\/index.php\/2025\/03\/14\/kultur-dairesi-gazimagusa-ticaret-lisesine-kutuphane-kurulmasi-amaciyla-kitap-bagisladi\/#article","isPartOf":{"@id":"https:\/\/kuzeyinsesi.org\/index.php\/2025\/03\/14\/kultur-dairesi-gazimagusa-ticaret-lisesine-kutuphane-kurulmasi-amaciyla-kitap-bagisladi\/"},"author":{"name":"Kuzeyin Sesi","@id":"https:\/\/kuzeyinsesi.org\/#\/schema\/person\/9f859689cdf01485597712386e37f5aa"},"headline":"K\u00fclt\u00fcr Dairesi, Gazima\u011fusa Ticaret Lisesi\u2019ne k\u00fct\u00fcphane kurulmas\u0131 amac\u0131yla kitap ba\u011f\u0131\u015flad\u0131","datePublished":"2025-03-14T13:13:29+00:00","mainEntityOfPage":{"@id":"https:\/\/kuzeyinsesi.org\/index.php\/2025\/03\/14\/kultur-dairesi-gazimagusa-ticaret-lisesine-kutuphane-kurulmasi-amaciyla-kitap-bagisladi\/"},"wordCount":387,"commentCount":0,"image":{"@id":"https:\/\/kuzeyinsesi.org\/index.php\/2025\/03\/14\/kultur-dairesi-gazimagusa-ticaret-lisesine-kutuphane-kurulmasi-amaciyla-kitap-bagisladi\/#primaryimage"},"thumbnailUrl":"https:\/\/kuzeyinsesi.org\/wp-content\/uploads\/2025\/03\/jljp.jpg","articleSection":["Ya\u015fam"],"inLanguage":"tr","potentialAction":[{"@type":"CommentAction","name":"Comment","target":["https:\/\/kuzeyinsesi.org\/index.php\/2025\/03\/14\/kultur-dairesi-gazimagusa-ticaret-lisesine-kutuphane-kurulmasi-amaciyla-kitap-bagisladi\/#respond"]}]},{"@type":"WebPage","@id":"https:\/\/kuzeyinsesi.org\/index.php\/2025\/03\/14\/kultur-dairesi-gazimagusa-ticaret-lisesine-kutuphane-kurulmasi-amaciyla-kitap-bagisladi\/","url":"https:\/\/kuzeyinsesi.org\/index.php\/2025\/03\/14\/kultur-dairesi-gazimagusa-ticaret-lisesine-kutuphane-kurulmasi-amaciyla-kitap-bagisladi\/","name":"K\u00fclt\u00fcr Dairesi, Gazima\u011fusa Ticaret Lisesi\u2019ne k\u00fct\u00fcphane kurulmas\u0131 amac\u0131yla kitap ba\u011f\u0131\u015flad\u0131 - Kuzeyin Sesi","isPartOf":{"@id":"https:\/\/kuzeyinsesi.org\/#website"},"primaryImageOfPage":{"@id":"https:\/\/kuzeyinsesi.org\/index.php\/2025\/03\/14\/kultur-dairesi-gazimagusa-ticaret-lisesine-kutuphane-kurulmasi-amaciyla-kitap-bagisladi\/#primaryimage"},"image":{"@id":"https:\/\/kuzeyinsesi.org\/index.php\/2025\/03\/14\/kultur-dairesi-gazimagusa-ticaret-lisesine-kutuphane-kurulmasi-amaciyla-kitap-bagisladi\/#primaryimage"},"thumbnailUrl":"https:\/\/kuzeyinsesi.org\/wp-content\/uploads\/2025\/03\/jljp.jpg","datePublished":"2025-03-14T13:13:29+00:00","author":{"@id":"https:\/\/kuzeyinsesi.org\/#\/schema\/person\/9f859689cdf01485597712386e37f5aa"},"breadcrumb":{"@id":"https:\/\/kuzeyinsesi.org\/index.php\/2025\/03\/14\/kultur-dairesi-gazimagusa-ticaret-lisesine-kutuphane-kurulmasi-amaciyla-kitap-bagisladi\/#breadcrumb"},"inLanguage":"tr","potentialAction":[{"@type":"ReadAction","target":["https:\/\/kuzeyinsesi.org\/index.php\/2025\/03\/14\/kultur-dairesi-gazimagusa-ticaret-lisesine-kutuphane-kurulmasi-amaciyla-kitap-bagisladi\/"]}]},{"@type":"ImageObject","inLanguage":"tr","@id":"https:\/\/kuzeyinsesi.org\/index.php\/2025\/03\/14\/kultur-dairesi-gazimagusa-ticaret-lisesine-kutuphane-kurulmasi-amaciyla-kitap-bagisladi\/#primaryimage","url":"https:\/\/kuzeyinsesi.org\/wp-content\/uploads\/2025\/03\/jljp.jpg","contentUrl":"https:\/\/kuzeyinsesi.org\/wp-content\/uploads\/2025\/03\/jljp.jpg","width":1516,"height":1216},{"@type":"BreadcrumbList","@id":"https:\/\/kuzeyinsesi.org\/index.php\/2025\/03\/14\/kultur-dairesi-gazimagusa-ticaret-lisesine-kutuphane-kurulmasi-amaciyla-kitap-bagisladi\/#breadcrumb","itemListElement":[{"@type":"ListItem","position":1,"name":"Anasayfa","item":"https:\/\/kuzeyinsesi.org\/"},{"@type":"ListItem","position":2,"name":"K\u00fclt\u00fcr Dairesi, Gazima\u011fusa Ticaret Lisesi\u2019ne k\u00fct\u00fcphane kurulmas\u0131 amac\u0131yla kitap ba\u011f\u0131\u015flad\u0131"}]},{"@type":"WebSite","@id":"https:\/\/kuzeyinsesi.org\/#website","url":"https:\/\/kuzeyinsesi.org\/","name":"Kuzeyin Sesi","description":"Do\u011fru Haberin Adresi","potentialAction":[{"@type":"SearchAction","target":{"@type":"EntryPoint","urlTemplate":"https:\/\/kuzeyinsesi.org\/?s={search_term_string}"},"query-input":{"@type":"PropertyValueSpecification","valueRequired":true,"valueName":"search_term_string"}}],"inLanguage":"tr"},{"@type":"Person","@id":"https:\/\/kuzeyinsesi.org\/#\/schema\/person\/9f859689cdf01485597712386e37f5aa","name":"Kuzeyin Sesi","image":{"@type":"ImageObject","inLanguage":"tr","@id":"https:\/\/secure.gravatar.com\/avatar\/bab33852abfd8b282518d6ed81826833d77c3c882d9ab608add591ccace47a44?s=96&d=mm&r=g","url":"https:\/\/secure.gravatar.com\/avatar\/bab33852abfd8b282518d6ed81826833d77c3c882d9ab608add591ccace47a44?s=96&d=mm&r=g","contentUrl":"https:\/\/secure.gravatar.com\/avatar\/bab33852abfd8b282518d6ed81826833d77c3c882d9ab608add591ccace47a44?s=96&d=mm&r=g","caption":"Kuzeyin Sesi"},"sameAs":["https:\/\/kuzeyinsesi.org"],"url":"https:\/\/kuzeyinsesi.org\/index.php\/author\/guven\/"}]}},"_links":{"self":[{"href":"https:\/\/kuzeyinsesi.org\/index.php\/wp-json\/wp\/v2\/posts\/20951","targetHints":{"allow":["GET"]}}],"collection":[{"href":"https:\/\/kuzeyinsesi.org\/index.php\/wp-json\/wp\/v2\/posts"}],"about":[{"href":"https:\/\/kuzeyinsesi.org\/index.php\/wp-json\/wp\/v2\/types\/post"}],"author":[{"embeddable":true,"href":"https:\/\/kuzeyinsesi.org\/index.php\/wp-json\/wp\/v2\/users\/1"}],"replies":[{"embeddable":true,"href":"https:\/\/kuzeyinsesi.org\/index.php\/wp-json\/wp\/v2\/comments?post=20951"}],"version-history":[{"count":0,"href":"https:\/\/kuzeyinsesi.org\/index.php\/wp-json\/wp\/v2\/posts\/20951\/revisions"}],"wp:featuredmedia":[{"embeddable":true,"href":"https:\/\/kuzeyinsesi.org\/index.php\/wp-json\/wp\/v2\/media\/20952"}],"wp:attachment":[{"href":"https:\/\/kuzeyinsesi.org\/index.php\/wp-json\/wp\/v2\/media?parent=20951"}],"wp:term":[{"taxonomy":"category","embeddable":true,"href":"https:\/\/kuzeyinsesi.org\/index.php\/wp-json\/wp\/v2\/categories?post=20951"},{"taxonomy":"post_tag","embeddable":true,"href":"https:\/\/kuzeyinsesi.org\/index.php\/wp-json\/wp\/v2\/tags?post=20951"}],"curies":[{"name":"wp","href":"https:\/\/api.w.org\/{rel}","templated":true}]}}